{"id":11672,"date":"2021-04-11T01:47:27","date_gmt":"2021-04-11T00:47:27","guid":{"rendered":"https:\/\/radioljubuski.ba\/?p=11672"},"modified":"2021-04-11T01:47:28","modified_gmt":"2021-04-11T00:47:28","slug":"pogreb-princa-filipa-sljedece-subote-u-dvorcu-windsoru","status":"publish","type":"post","link":"https:\/\/radioljubuski.ba\/index.php\/2021\/04\/11\/pogreb-princa-filipa-sljedece-subote-u-dvorcu-windsoru\/","title":{"rendered":"Pogreb princa Filipa sljede\u0107e subote u dvorcu Windsoru"},"content":{"rendered":"\n<p><strong>Pogreb princa Filipa, supruga britanske kraljice Elizabete II.,&nbsp;odr\u017eat \u0107e se u subotu, 17. travnja, u 15 sati po lokalnom vremenu u kapeli Sv. Jurja u dvorcu Windsoru, gdje je u petak i preminuo, objavila je Buckinghamska pala\u010da.<\/strong><\/p>\n\n\n\n<p>Privatnu ceremoniju prenosit \u0107e televizija, a nazo\u010dit \u0107e i princ Harry, koji \u017eivi u Kaliforniji, ali ne i njegova trudna supruga Meghan Markle, objavljeno je.<br><br>Minutom \u0161utnje na po\u010detku obreda u cijeloj zemlji odat \u0107e se po\u010dast preminulom princu.<br><br>Vojvoda od Edinburgha, u skladu s njegovim \u017eeljama, ne\u0107e imati dr\u017eavni\u010dki pogreb, niti \u0107e njegovo tijelo biti izlo\u017eeno prije pogreba u dvorskoj kapeli.<\/p>\n\n\n\n<p><strong>Plotuni u \u010dast princa Filipa ispaljeni diljem Velike Britanije<\/strong><br><br>Diljem Velike Britanije ispaljeni su po\u010dasni plotuni u povodu smrti princa Filipa, za kojeg sa svih strana sti\u017eu priznanja da je bio oslonac i snaga kraljici Elizabeti II. tijekom njezine rekordno duge vladavine.<br><br>Ispred kraljevskih rezidencija ljudi pola\u017eu bukete cvije\u0107a kako bi odali po\u0161tovanje 99-godi\u0161njem princu i vojvodi od Edinburgha koji je preminuo u petak ujutro.<br><br>Na slu\u017ebenom Twitter profilu kraljevska je obitelj objavila poruku kraljice svom suprugu na njihovu 50. godi\u0161njicu vjen\u010danja 1997.<br><br>&#8211; On je, jednostavno re\u010deno, moja snaga svih ovih godina i ja, kao i njegova cijela obitelj, ova zemlja i brojne druge zemlje, dugujemo mu vi\u0161e nego \u0161to bi on to ikada tra\u017eio, dugujemo mu vi\u0161e nego \u0161to \u0107emo ikada znati, napisala je kraljica koja je ve\u0107 69 godina na prijestolju.<br><br>Oru\u017eane snage ispalile su u podne po\u010dasne topni\u010dke salve u ve\u0107em broju gradova, uklju\u010duju\u0107i London, Edinburgh, Cardiff, Belfast i Gibraltar, objavilo je Ministarstvo obrane, javlja BBC.<br><br>Brodovi kraljevske mornarice na moru, uklju\u010duju\u0107i HMS Diamond i HMS Montrose, tako\u0111er su ispalili plotune u \u010dast vojvode koji je za vrijeme Drugog svjetskog rata slu\u017eio kao pomorski \u010dasnik i obna\u0161ao du\u017enost lorda visokog admirala.<br><br>Zvono na Westminsterskoj opatiji zazvonilo je 99 puta, a zastave na Buckinghamskoj pala\u010di i vladinim zgradama spu\u0161tene su na pola koplja.<br><br>Kako je priop\u0107io College of Arms, koji kraljevskoj obitelji poma\u017ee u organizaciji va\u017enih doga\u0111aja, tijelo princa Philipa po\u010divat \u0107e u dvorcu Windsor prije nego \u0161to po\u010dne sve\u010dani kraljevski pogreb u dvorskoj kapeli sv. Jurja.<br><br>Princ FiIip i kraljica Elizabeta vjen\u010dali su se prije 73 godine, a on bi u lipnju napunio 100 godina.<br><br>Gr\u010dki princ Filip o\u017eenio je Elizabetu 1947. i prvi je koji joj je rekao za smrt njezina oca pet godina poslije dok su bili u Keniji, nakon \u010dega je ona postala kraljica sa samo 25 godina.<\/p>\n\n\n\n<p>Izvor:hrt.hr<\/p>\n","protected":false},"excerpt":{"rendered":"<p>Pogreb princa Filipa, supruga britanske kraljice Elizabete II.,&nbsp;odr\u017eat \u0107e se u subotu, 17. travnja, u 15 sati po lokalnom vremenu u kapeli Sv. Jurja u dvorcu Windsoru, gdje je u petak i preminuo, objavila je Buckinghamska pala\u010da. Privatnu ceremoniju prenosit \u0107e televizija, a nazo\u010dit \u0107e i princ Harry, koji \u017eivi u Kaliforniji, ali ne i [&hellip;]<\/p>\n","protected":false},"author":2,"featured_media":11673,"comment_status":"closed","ping_status":"closed","sticky":false,"template":"","format":"standard","meta":{"h5ap_radio_sources":[],"footnotes":""},"categories":[1],"tags":[],"class_list":["post-11672","post","type-post","status-publish","format-standard","has-post-thumbnail","hentry","category-bihiregija"],"yoast_head":"<!-- This site is optimized with the Yoast SEO plugin v27.5 - https:\/\/yoast.com\/product\/yoast-seo-wordpress\/ -->\n<title>Pogreb princa Filipa sljede\u0107e subote u dvorcu Windsoru - RADIO LJUBU\u0160KI<\/title>\n<meta name=\"robots\" content=\"index, follow, max-snippet:-1, max-image-preview:large, max-video-preview:-1\" \/>\n<link rel=\"canonical\" href=\"https:\/\/radioljubuski.ba\/index.php\/2021\/04\/11\/pogreb-princa-filipa-sljedece-subote-u-dvorcu-windsoru\/\" \/>\n<meta property=\"og:locale\" content=\"hr_HR\" \/>\n<meta property=\"og:type\" content=\"article\" \/>\n<meta property=\"og:title\" content=\"Pogreb princa Filipa sljede\u0107e subote u dvorcu Windsoru - RADIO LJUBU\u0160KI\" \/>\n<meta property=\"og:description\" content=\"Pogreb princa Filipa, supruga britanske kraljice Elizabete II.,&nbsp;odr\u017eat \u0107e se u subotu, 17. travnja, u 15 sati po lokalnom vremenu u kapeli Sv. Jurja u dvorcu Windsoru, gdje je u petak i preminuo, objavila je Buckinghamska pala\u010da. Privatnu ceremoniju prenosit \u0107e televizija, a nazo\u010dit \u0107e i princ Harry, koji \u017eivi u Kaliforniji, ali ne i [&hellip;]\" \/>\n<meta property=\"og:url\" content=\"https:\/\/radioljubuski.ba\/index.php\/2021\/04\/11\/pogreb-princa-filipa-sljedece-subote-u-dvorcu-windsoru\/\" \/>\n<meta property=\"og:site_name\" content=\"RADIO LJUBU\u0160KI\" \/>\n<meta property=\"article:publisher\" content=\"https:\/\/www.facebook.com\/Radiio-Ljubuski-1490835324566332\" \/>\n<meta property=\"article:published_time\" content=\"2021-04-11T00:47:27+00:00\" \/>\n<meta property=\"article:modified_time\" content=\"2021-04-11T00:47:28+00:00\" \/>\n<meta property=\"og:image\" content=\"https:\/\/radioljubuski.ba\/wp-content\/uploads\/2021\/04\/3-21.png\" \/>\n\t<meta property=\"og:image:width\" content=\"642\" \/>\n\t<meta property=\"og:image:height\" content=\"363\" \/>\n\t<meta property=\"og:image:type\" content=\"image\/png\" \/>\n<meta name=\"author\" content=\"Radio Ljubu\u0161ki\" \/>\n<meta name=\"twitter:card\" content=\"summary_large_image\" \/>\n<meta name=\"twitter:creator\" content=\"@radioljubuski\" \/>\n<meta name=\"twitter:site\" content=\"@radioljubuski\" \/>\n<meta name=\"twitter:label1\" content=\"Napisao\/la\" \/>\n\t<meta name=\"twitter:data1\" content=\"Radio Ljubu\u0161ki\" \/>\n\t<meta name=\"twitter:label2\" content=\"Procijenjeno vrijeme \u010ditanja\" \/>\n\t<meta name=\"twitter:data2\" content=\"2 minute\" \/>\n<script type=\"application\/ld+json\" class=\"yoast-schema-graph\">{\"@context\":\"https:\\\/\\\/schema.org\",\"@graph\":[{\"@type\":\"Article\",\"@id\":\"https:\\\/\\\/radioljubuski.ba\\\/index.php\\\/2021\\\/04\\\/11\\\/pogreb-princa-filipa-sljedece-subote-u-dvorcu-windsoru\\\/#article\",\"isPartOf\":{\"@id\":\"https:\\\/\\\/radioljubuski.ba\\\/index.php\\\/2021\\\/04\\\/11\\\/pogreb-princa-filipa-sljedece-subote-u-dvorcu-windsoru\\\/\"},\"author\":{\"name\":\"Radio Ljubu\u0161ki\",\"@id\":\"https:\\\/\\\/radioljubuski.ba\\\/#\\\/schema\\\/person\\\/19fc700381a780f69665d7956c469e3b\"},\"headline\":\"Pogreb princa Filipa sljede\u0107e subote u dvorcu Windsoru\",\"datePublished\":\"2021-04-11T00:47:27+00:00\",\"dateModified\":\"2021-04-11T00:47:28+00:00\",\"mainEntityOfPage\":{\"@id\":\"https:\\\/\\\/radioljubuski.ba\\\/index.php\\\/2021\\\/04\\\/11\\\/pogreb-princa-filipa-sljedece-subote-u-dvorcu-windsoru\\\/\"},\"wordCount\":454,\"publisher\":{\"@id\":\"https:\\\/\\\/radioljubuski.ba\\\/#organization\"},\"image\":{\"@id\":\"https:\\\/\\\/radioljubuski.ba\\\/index.php\\\/2021\\\/04\\\/11\\\/pogreb-princa-filipa-sljedece-subote-u-dvorcu-windsoru\\\/#primaryimage\"},\"thumbnailUrl\":\"https:\\\/\\\/radioljubuski.ba\\\/wp-content\\\/uploads\\\/2021\\\/04\\\/3-21.png\",\"articleSection\":[\"BIH i regija\"],\"inLanguage\":\"hr\"},{\"@type\":\"WebPage\",\"@id\":\"https:\\\/\\\/radioljubuski.ba\\\/index.php\\\/2021\\\/04\\\/11\\\/pogreb-princa-filipa-sljedece-subote-u-dvorcu-windsoru\\\/\",\"url\":\"https:\\\/\\\/radioljubuski.ba\\\/index.php\\\/2021\\\/04\\\/11\\\/pogreb-princa-filipa-sljedece-subote-u-dvorcu-windsoru\\\/\",\"name\":\"Pogreb princa Filipa sljede\u0107e subote u dvorcu Windsoru - RADIO LJUBU\u0160KI\",\"isPartOf\":{\"@id\":\"https:\\\/\\\/radioljubuski.ba\\\/#website\"},\"primaryImageOfPage\":{\"@id\":\"https:\\\/\\\/radioljubuski.ba\\\/index.php\\\/2021\\\/04\\\/11\\\/pogreb-princa-filipa-sljedece-subote-u-dvorcu-windsoru\\\/#primaryimage\"},\"image\":{\"@id\":\"https:\\\/\\\/radioljubuski.ba\\\/index.php\\\/2021\\\/04\\\/11\\\/pogreb-princa-filipa-sljedece-subote-u-dvorcu-windsoru\\\/#primaryimage\"},\"thumbnailUrl\":\"https:\\\/\\\/radioljubuski.ba\\\/wp-content\\\/uploads\\\/2021\\\/04\\\/3-21.png\",\"datePublished\":\"2021-04-11T00:47:27+00:00\",\"dateModified\":\"2021-04-11T00:47:28+00:00\",\"breadcrumb\":{\"@id\":\"https:\\\/\\\/radioljubuski.ba\\\/index.php\\\/2021\\\/04\\\/11\\\/pogreb-princa-filipa-sljedece-subote-u-dvorcu-windsoru\\\/#breadcrumb\"},\"inLanguage\":\"hr\",\"potentialAction\":[{\"@type\":\"ReadAction\",\"target\":[\"https:\\\/\\\/radioljubuski.ba\\\/index.php\\\/2021\\\/04\\\/11\\\/pogreb-princa-filipa-sljedece-subote-u-dvorcu-windsoru\\\/\"]}]},{\"@type\":\"ImageObject\",\"inLanguage\":\"hr\",\"@id\":\"https:\\\/\\\/radioljubuski.ba\\\/index.php\\\/2021\\\/04\\\/11\\\/pogreb-princa-filipa-sljedece-subote-u-dvorcu-windsoru\\\/#primaryimage\",\"url\":\"https:\\\/\\\/radioljubuski.ba\\\/wp-content\\\/uploads\\\/2021\\\/04\\\/3-21.png\",\"contentUrl\":\"https:\\\/\\\/radioljubuski.ba\\\/wp-content\\\/uploads\\\/2021\\\/04\\\/3-21.png\",\"width\":642,\"height\":363},{\"@type\":\"BreadcrumbList\",\"@id\":\"https:\\\/\\\/radioljubuski.ba\\\/index.php\\\/2021\\\/04\\\/11\\\/pogreb-princa-filipa-sljedece-subote-u-dvorcu-windsoru\\\/#breadcrumb\",\"itemListElement\":[{\"@type\":\"ListItem\",\"position\":1,\"name\":\"Po\u010detna stranica\",\"item\":\"https:\\\/\\\/radioljubuski.ba\\\/\"},{\"@type\":\"ListItem\",\"position\":2,\"name\":\"Pogreb princa Filipa sljede\u0107e subote u dvorcu Windsoru\"}]},{\"@type\":\"WebSite\",\"@id\":\"https:\\\/\\\/radioljubuski.ba\\\/#website\",\"url\":\"https:\\\/\\\/radioljubuski.ba\\\/\",\"name\":\"Radio Ljubu\u0161ki\",\"description\":\"Sun\u010dana frekvencija Hercegovine\",\"publisher\":{\"@id\":\"https:\\\/\\\/radioljubuski.ba\\\/#organization\"},\"potentialAction\":[{\"@type\":\"SearchAction\",\"target\":{\"@type\":\"EntryPoint\",\"urlTemplate\":\"https:\\\/\\\/radioljubuski.ba\\\/?s={search_term_string}\"},\"query-input\":{\"@type\":\"PropertyValueSpecification\",\"valueRequired\":true,\"valueName\":\"search_term_string\"}}],\"inLanguage\":\"hr\"},{\"@type\":\"Organization\",\"@id\":\"https:\\\/\\\/radioljubuski.ba\\\/#organization\",\"name\":\"Radio Ljubu\u0161ki\",\"url\":\"https:\\\/\\\/radioljubuski.ba\\\/\",\"logo\":{\"@type\":\"ImageObject\",\"inLanguage\":\"hr\",\"@id\":\"https:\\\/\\\/radioljubuski.ba\\\/#\\\/schema\\\/logo\\\/image\\\/\",\"url\":\"https:\\\/\\\/radioljubuski.ba\\\/wp-content\\\/uploads\\\/2021\\\/02\\\/cropped-Radio_Ljubuski_logo1.jpg\",\"contentUrl\":\"https:\\\/\\\/radioljubuski.ba\\\/wp-content\\\/uploads\\\/2021\\\/02\\\/cropped-Radio_Ljubuski_logo1.jpg\",\"width\":512,\"height\":512,\"caption\":\"Radio Ljubu\u0161ki\"},\"image\":{\"@id\":\"https:\\\/\\\/radioljubuski.ba\\\/#\\\/schema\\\/logo\\\/image\\\/\"},\"sameAs\":[\"https:\\\/\\\/www.facebook.com\\\/Radiio-Ljubuski-1490835324566332\",\"https:\\\/\\\/x.com\\\/radioljubuski\",\"https:\\\/\\\/hr.linkedin.com\\\/company\\\/radio-ljubuski\",\"https:\\\/\\\/www.youtube.com\\\/channel\\\/UCHYaeO_n0Db3tjNGudGpXyw\"]},{\"@type\":\"Person\",\"@id\":\"https:\\\/\\\/radioljubuski.ba\\\/#\\\/schema\\\/person\\\/19fc700381a780f69665d7956c469e3b\",\"name\":\"Radio Ljubu\u0161ki\"}]}<\/script>\n<!-- \/ Yoast SEO plugin. -->","yoast_head_json":{"title":"Pogreb princa Filipa sljede\u0107e subote u dvorcu Windsoru - RADIO LJUBU\u0160KI","robots":{"index":"index","follow":"follow","max-snippet":"max-snippet:-1","max-image-preview":"max-image-preview:large","max-video-preview":"max-video-preview:-1"},"canonical":"https:\/\/radioljubuski.ba\/index.php\/2021\/04\/11\/pogreb-princa-filipa-sljedece-subote-u-dvorcu-windsoru\/","og_locale":"hr_HR","og_type":"article","og_title":"Pogreb princa Filipa sljede\u0107e subote u dvorcu Windsoru - RADIO LJUBU\u0160KI","og_description":"Pogreb princa Filipa, supruga britanske kraljice Elizabete II.,&nbsp;odr\u017eat \u0107e se u subotu, 17. travnja, u 15 sati po lokalnom vremenu u kapeli Sv. Jurja u dvorcu Windsoru, gdje je u petak i preminuo, objavila je Buckinghamska pala\u010da. Privatnu ceremoniju prenosit \u0107e televizija, a nazo\u010dit \u0107e i princ Harry, koji \u017eivi u Kaliforniji, ali ne i [&hellip;]","og_url":"https:\/\/radioljubuski.ba\/index.php\/2021\/04\/11\/pogreb-princa-filipa-sljedece-subote-u-dvorcu-windsoru\/","og_site_name":"RADIO LJUBU\u0160KI","article_publisher":"https:\/\/www.facebook.com\/Radiio-Ljubuski-1490835324566332","article_published_time":"2021-04-11T00:47:27+00:00","article_modified_time":"2021-04-11T00:47:28+00:00","og_image":[{"width":642,"height":363,"url":"https:\/\/radioljubuski.ba\/wp-content\/uploads\/2021\/04\/3-21.png","type":"image\/png"}],"author":"Radio Ljubu\u0161ki","twitter_card":"summary_large_image","twitter_creator":"@radioljubuski","twitter_site":"@radioljubuski","twitter_misc":{"Napisao\/la":"Radio Ljubu\u0161ki","Procijenjeno vrijeme \u010ditanja":"2 minute"},"schema":{"@context":"https:\/\/schema.org","@graph":[{"@type":"Article","@id":"https:\/\/radioljubuski.ba\/index.php\/2021\/04\/11\/pogreb-princa-filipa-sljedece-subote-u-dvorcu-windsoru\/#article","isPartOf":{"@id":"https:\/\/radioljubuski.ba\/index.php\/2021\/04\/11\/pogreb-princa-filipa-sljedece-subote-u-dvorcu-windsoru\/"},"author":{"name":"Radio Ljubu\u0161ki","@id":"https:\/\/radioljubuski.ba\/#\/schema\/person\/19fc700381a780f69665d7956c469e3b"},"headline":"Pogreb princa Filipa sljede\u0107e subote u dvorcu Windsoru","datePublished":"2021-04-11T00:47:27+00:00","dateModified":"2021-04-11T00:47:28+00:00","mainEntityOfPage":{"@id":"https:\/\/radioljubuski.ba\/index.php\/2021\/04\/11\/pogreb-princa-filipa-sljedece-subote-u-dvorcu-windsoru\/"},"wordCount":454,"publisher":{"@id":"https:\/\/radioljubuski.ba\/#organization"},"image":{"@id":"https:\/\/radioljubuski.ba\/index.php\/2021\/04\/11\/pogreb-princa-filipa-sljedece-subote-u-dvorcu-windsoru\/#primaryimage"},"thumbnailUrl":"https:\/\/radioljubuski.ba\/wp-content\/uploads\/2021\/04\/3-21.png","articleSection":["BIH i regija"],"inLanguage":"hr"},{"@type":"WebPage","@id":"https:\/\/radioljubuski.ba\/index.php\/2021\/04\/11\/pogreb-princa-filipa-sljedece-subote-u-dvorcu-windsoru\/","url":"https:\/\/radioljubuski.ba\/index.php\/2021\/04\/11\/pogreb-princa-filipa-sljedece-subote-u-dvorcu-windsoru\/","name":"Pogreb princa Filipa sljede\u0107e subote u dvorcu Windsoru - RADIO LJUBU\u0160KI","isPartOf":{"@id":"https:\/\/radioljubuski.ba\/#website"},"primaryImageOfPage":{"@id":"https:\/\/radioljubuski.ba\/index.php\/2021\/04\/11\/pogreb-princa-filipa-sljedece-subote-u-dvorcu-windsoru\/#primaryimage"},"image":{"@id":"https:\/\/radioljubuski.ba\/index.php\/2021\/04\/11\/pogreb-princa-filipa-sljedece-subote-u-dvorcu-windsoru\/#primaryimage"},"thumbnailUrl":"https:\/\/radioljubuski.ba\/wp-content\/uploads\/2021\/04\/3-21.png","datePublished":"2021-04-11T00:47:27+00:00","dateModified":"2021-04-11T00:47:28+00:00","breadcrumb":{"@id":"https:\/\/radioljubuski.ba\/index.php\/2021\/04\/11\/pogreb-princa-filipa-sljedece-subote-u-dvorcu-windsoru\/#breadcrumb"},"inLanguage":"hr","potentialAction":[{"@type":"ReadAction","target":["https:\/\/radioljubuski.ba\/index.php\/2021\/04\/11\/pogreb-princa-filipa-sljedece-subote-u-dvorcu-windsoru\/"]}]},{"@type":"ImageObject","inLanguage":"hr","@id":"https:\/\/radioljubuski.ba\/index.php\/2021\/04\/11\/pogreb-princa-filipa-sljedece-subote-u-dvorcu-windsoru\/#primaryimage","url":"https:\/\/radioljubuski.ba\/wp-content\/uploads\/2021\/04\/3-21.png","contentUrl":"https:\/\/radioljubuski.ba\/wp-content\/uploads\/2021\/04\/3-21.png","width":642,"height":363},{"@type":"BreadcrumbList","@id":"https:\/\/radioljubuski.ba\/index.php\/2021\/04\/11\/pogreb-princa-filipa-sljedece-subote-u-dvorcu-windsoru\/#breadcrumb","itemListElement":[{"@type":"ListItem","position":1,"name":"Po\u010detna stranica","item":"https:\/\/radioljubuski.ba\/"},{"@type":"ListItem","position":2,"name":"Pogreb princa Filipa sljede\u0107e subote u dvorcu Windsoru"}]},{"@type":"WebSite","@id":"https:\/\/radioljubuski.ba\/#website","url":"https:\/\/radioljubuski.ba\/","name":"Radio Ljubu\u0161ki","description":"Sun\u010dana frekvencija Hercegovine","publisher":{"@id":"https:\/\/radioljubuski.ba\/#organization"},"potentialAction":[{"@type":"SearchAction","target":{"@type":"EntryPoint","urlTemplate":"https:\/\/radioljubuski.ba\/?s={search_term_string}"},"query-input":{"@type":"PropertyValueSpecification","valueRequired":true,"valueName":"search_term_string"}}],"inLanguage":"hr"},{"@type":"Organization","@id":"https:\/\/radioljubuski.ba\/#organization","name":"Radio Ljubu\u0161ki","url":"https:\/\/radioljubuski.ba\/","logo":{"@type":"ImageObject","inLanguage":"hr","@id":"https:\/\/radioljubuski.ba\/#\/schema\/logo\/image\/","url":"https:\/\/radioljubuski.ba\/wp-content\/uploads\/2021\/02\/cropped-Radio_Ljubuski_logo1.jpg","contentUrl":"https:\/\/radioljubuski.ba\/wp-content\/uploads\/2021\/02\/cropped-Radio_Ljubuski_logo1.jpg","width":512,"height":512,"caption":"Radio Ljubu\u0161ki"},"image":{"@id":"https:\/\/radioljubuski.ba\/#\/schema\/logo\/image\/"},"sameAs":["https:\/\/www.facebook.com\/Radiio-Ljubuski-1490835324566332","https:\/\/x.com\/radioljubuski","https:\/\/hr.linkedin.com\/company\/radio-ljubuski","https:\/\/www.youtube.com\/channel\/UCHYaeO_n0Db3tjNGudGpXyw"]},{"@type":"Person","@id":"https:\/\/radioljubuski.ba\/#\/schema\/person\/19fc700381a780f69665d7956c469e3b","name":"Radio Ljubu\u0161ki"}]}},"_links":{"self":[{"href":"https:\/\/radioljubuski.ba\/index.php\/wp-json\/wp\/v2\/posts\/11672","targetHints":{"allow":["GET"]}}],"collection":[{"href":"https:\/\/radioljubuski.ba\/index.php\/wp-json\/wp\/v2\/posts"}],"about":[{"href":"https:\/\/radioljubuski.ba\/index.php\/wp-json\/wp\/v2\/types\/post"}],"author":[{"embeddable":true,"href":"https:\/\/radioljubuski.ba\/index.php\/wp-json\/wp\/v2\/users\/2"}],"replies":[{"embeddable":true,"href":"https:\/\/radioljubuski.ba\/index.php\/wp-json\/wp\/v2\/comments?post=11672"}],"version-history":[{"count":1,"href":"https:\/\/radioljubuski.ba\/index.php\/wp-json\/wp\/v2\/posts\/11672\/revisions"}],"predecessor-version":[{"id":11674,"href":"https:\/\/radioljubuski.ba\/index.php\/wp-json\/wp\/v2\/posts\/11672\/revisions\/11674"}],"wp:featuredmedia":[{"embeddable":true,"href":"https:\/\/radioljubuski.ba\/index.php\/wp-json\/wp\/v2\/media\/11673"}],"wp:attachment":[{"href":"https:\/\/radioljubuski.ba\/index.php\/wp-json\/wp\/v2\/media?parent=11672"}],"wp:term":[{"taxonomy":"category","embeddable":true,"href":"https:\/\/radioljubuski.ba\/index.php\/wp-json\/wp\/v2\/categories?post=11672"},{"taxonomy":"post_tag","embeddable":true,"href":"https:\/\/radioljubuski.ba\/index.php\/wp-json\/wp\/v2\/tags?post=11672"}],"curies":[{"name":"wp","href":"https:\/\/api.w.org\/{rel}","templated":true}]}}