{"id":117609,"date":"2022-03-02T23:35:56","date_gmt":"2022-03-02T22:35:56","guid":{"rendered":"https:\/\/radioljubuski.ba\/?p=117609"},"modified":"2022-03-02T23:35:58","modified_gmt":"2022-03-02T22:35:58","slug":"zizic-odlican-pobjeda-maccabija","status":"publish","type":"post","link":"https:\/\/radioljubuski.ba\/index.php\/2022\/03\/02\/zizic-odlican-pobjeda-maccabija\/","title":{"rendered":"\u017di\u017ei\u0107 odli\u010dan, pobjeda Maccabija"},"content":{"rendered":"\n<p><strong>Ko\u0161arka\u0161i Maccabija pobijedili su na svom parketu u Tel Avivu \u0161panjolsku Bitci Baskoniju s 94-93 u zaostalom dvoboju 19. kola Eurolige, a odli\u010dnu je utakmicu odigrao hrvatski centar&nbsp;Ante \u017di\u017ei\u0107&nbsp;koji je bez proma\u0161aja (9\/9 iz igre, 3\/3 slobodna bacanja) ubacio 21 ko\u0161 uz pet skokova.&nbsp;<\/strong><\/p>\n\n\n\n<p>Za pobjednike je 21 poen ubacio i\u00a0<strong>James Nunnally<\/strong>, a 17\u00a0<strong>Scottie Wilbekin<\/strong>. Kod Baska, koje vodi\u00a0<strong>Neven Spahija<\/strong>, najbolji je bio\u00a0<strong>Wade Baldwin IV.<\/strong>\u00a0s 27 ko\u0161eva.<\/p>\n\n\n\n<blockquote class=\"twitter-tweet\"><p lang=\"en\" dir=\"ltr\">STOP the WAR! <a href=\"https:\/\/t.co\/xqHTpoSc35\">pic.twitter.com\/xqHTpoSc35<\/a><\/p>&mdash; Maccabi Tel Aviv BC (@MaccabitlvBC) <a href=\"https:\/\/twitter.com\/MaccabitlvBC\/status\/1498738932216905733?ref_src=twsrc%5Etfw\">March 1, 2022<\/a><\/blockquote> <script async src=\"https:\/\/platform.twitter.com\/widgets.js\" charset=\"utf-8\"><\/script>\n\n\n\n<p>U zaostaloj utakmici 18. kola \u017dalgiris je slavio kod Panathinaikosa u Ateni s 96-83.&nbsp;<\/p>\n\n\n\n<p>Euroliga &#8211; 18. i 19. kolo<\/p>\n\n\n\n<p>Panathinaikos &#8211; \u017dalgiris 83-96<\/p>\n\n\n\n<p>Maccabi TA &#8211; Baskonia 94-93<\/p>\n\n\n\n<p>Ljestvica<\/p>\n\n\n\n<p>&nbsp;1. Barcelona 25 20 5 2015-1829<\/p>\n\n\n\n<p>&nbsp;2. Real Madrid 26 20 6 2004-1853<\/p>\n\n\n\n<p>&nbsp;3. Armani Milano 25 17 8 1835-1757<\/p>\n\n\n\n<p>&nbsp;4. Olympiacos 24 15 9 1862-1732<\/p>\n\n\n\n<p>&nbsp;5. Zenit 23 14 9 1692-1683<\/p>\n\n\n\n<p>&nbsp;6. CSKA Moskva 24 14 10 1929-1883<\/p>\n\n\n\n<p>&nbsp;7. AS Monaco 27 14 13 2203-2172<\/p>\n\n\n\n<p>&nbsp;8. UNIKS Kazanj 25 13 12 1889-1847<\/p>\n\n\n\n<p>&nbsp;9. Anadolu Efes 25 13 12 2042-1958<\/p>\n\n\n\n<p>10. Fenerbah\u010de 24 12 12 1827-1764<\/p>\n\n\n\n<p>11. Bayern 24 12 12 1775-1765<\/p>\n\n\n\n<p>12. Maccabi Tel Aviv 25 12 13 1969-1988<\/p>\n\n\n\n<p>13. Crvena zvezda 25 10 15 1804-1836<\/p>\n\n\n\n<p>14. ALBA Berlin 25 9 16 1880-1991<\/p>\n\n\n\n<p>15. ASVEL 26 9 17 1903-2071<\/p>\n\n\n\n<p>16. Panathinaikos 25 7 18 1844-1997<\/p>\n\n\n\n<p>17. Bitci Baskonia 25 7 18 1827-2006<\/p>\n\n\n\n<p>18. \u017dalgiris Kaunas 25 6 19 1775-1943<\/p>\n\n\n\n<p>Izvor:hrt.hr<\/p>\n","protected":false},"excerpt":{"rendered":"<p>Ko\u0161arka\u0161i Maccabija pobijedili su na svom parketu u Tel Avivu \u0161panjolsku Bitci Baskoniju s 94-93 u zaostalom dvoboju 19. kola Eurolige, a odli\u010dnu je utakmicu odigrao hrvatski centar&nbsp;Ante \u017di\u017ei\u0107&nbsp;koji je bez proma\u0161aja (9\/9 iz igre, 3\/3 slobodna bacanja) ubacio 21 ko\u0161 uz pet skokova.&nbsp; Za pobjednike je 21 poen ubacio i\u00a0James Nunnally, a 17\u00a0Scottie Wilbekin. [&hellip;]<\/p>\n","protected":false},"author":2,"featured_media":117610,"comment_status":"closed","ping_status":"closed","sticky":false,"template":"","format":"standard","meta":{"h5ap_radio_sources":[],"footnotes":""},"categories":[7],"tags":[],"class_list":["post-117609","post","type-post","status-publish","format-standard","has-post-thumbnail","hentry","category-sport"],"yoast_head":"<!-- This site is optimized with the Yoast SEO plugin v27.5 - https:\/\/yoast.com\/product\/yoast-seo-wordpress\/ -->\n<title>\u017di\u017ei\u0107 odli\u010dan, pobjeda Maccabija - RADIO LJUBU\u0160KI<\/title>\n<meta name=\"robots\" content=\"index, follow, max-snippet:-1, max-image-preview:large, max-video-preview:-1\" \/>\n<link rel=\"canonical\" href=\"https:\/\/radioljubuski.ba\/index.php\/2022\/03\/02\/zizic-odlican-pobjeda-maccabija\/\" \/>\n<meta property=\"og:locale\" content=\"hr_HR\" \/>\n<meta property=\"og:type\" content=\"article\" \/>\n<meta property=\"og:title\" content=\"\u017di\u017ei\u0107 odli\u010dan, pobjeda Maccabija - RADIO LJUBU\u0160KI\" \/>\n<meta property=\"og:description\" content=\"Ko\u0161arka\u0161i Maccabija pobijedili su na svom parketu u Tel Avivu \u0161panjolsku Bitci Baskoniju s 94-93 u zaostalom dvoboju 19. kola Eurolige, a odli\u010dnu je utakmicu odigrao hrvatski centar&nbsp;Ante \u017di\u017ei\u0107&nbsp;koji je bez proma\u0161aja (9\/9 iz igre, 3\/3 slobodna bacanja) ubacio 21 ko\u0161 uz pet skokova.&nbsp; Za pobjednike je 21 poen ubacio i\u00a0James Nunnally, a 17\u00a0Scottie Wilbekin. [&hellip;]\" \/>\n<meta property=\"og:url\" content=\"https:\/\/radioljubuski.ba\/index.php\/2022\/03\/02\/zizic-odlican-pobjeda-maccabija\/\" \/>\n<meta property=\"og:site_name\" content=\"RADIO LJUBU\u0160KI\" \/>\n<meta property=\"article:publisher\" content=\"https:\/\/www.facebook.com\/Radiio-Ljubuski-1490835324566332\" \/>\n<meta property=\"article:published_time\" content=\"2022-03-02T22:35:56+00:00\" \/>\n<meta property=\"article:modified_time\" content=\"2022-03-02T22:35:58+00:00\" \/>\n<meta property=\"og:image\" content=\"https:\/\/radioljubuski.ba\/wp-content\/uploads\/2022\/03\/preuzmi-1.jpg\" \/>\n\t<meta property=\"og:image:width\" content=\"275\" \/>\n\t<meta property=\"og:image:height\" content=\"183\" \/>\n\t<meta property=\"og:image:type\" content=\"image\/jpeg\" \/>\n<meta name=\"author\" content=\"Radio Ljubu\u0161ki\" \/>\n<meta name=\"twitter:card\" content=\"summary_large_image\" \/>\n<meta name=\"twitter:creator\" content=\"@radioljubuski\" \/>\n<meta name=\"twitter:site\" content=\"@radioljubuski\" \/>\n<meta name=\"twitter:label1\" content=\"Napisao\/la\" \/>\n\t<meta name=\"twitter:data1\" content=\"Radio Ljubu\u0161ki\" \/>\n\t<meta name=\"twitter:label2\" content=\"Procijenjeno vrijeme \u010ditanja\" \/>\n\t<meta name=\"twitter:data2\" content=\"2 minute\" \/>\n<script type=\"application\/ld+json\" class=\"yoast-schema-graph\">{\"@context\":\"https:\\\/\\\/schema.org\",\"@graph\":[{\"@type\":\"Article\",\"@id\":\"https:\\\/\\\/radioljubuski.ba\\\/index.php\\\/2022\\\/03\\\/02\\\/zizic-odlican-pobjeda-maccabija\\\/#article\",\"isPartOf\":{\"@id\":\"https:\\\/\\\/radioljubuski.ba\\\/index.php\\\/2022\\\/03\\\/02\\\/zizic-odlican-pobjeda-maccabija\\\/\"},\"author\":{\"name\":\"Radio Ljubu\u0161ki\",\"@id\":\"https:\\\/\\\/radioljubuski.ba\\\/#\\\/schema\\\/person\\\/19fc700381a780f69665d7956c469e3b\"},\"headline\":\"\u017di\u017ei\u0107 odli\u010dan, pobjeda Maccabija\",\"datePublished\":\"2022-03-02T22:35:56+00:00\",\"dateModified\":\"2022-03-02T22:35:58+00:00\",\"mainEntityOfPage\":{\"@id\":\"https:\\\/\\\/radioljubuski.ba\\\/index.php\\\/2022\\\/03\\\/02\\\/zizic-odlican-pobjeda-maccabija\\\/\"},\"wordCount\":185,\"publisher\":{\"@id\":\"https:\\\/\\\/radioljubuski.ba\\\/#organization\"},\"image\":{\"@id\":\"https:\\\/\\\/radioljubuski.ba\\\/index.php\\\/2022\\\/03\\\/02\\\/zizic-odlican-pobjeda-maccabija\\\/#primaryimage\"},\"thumbnailUrl\":\"https:\\\/\\\/radioljubuski.ba\\\/wp-content\\\/uploads\\\/2022\\\/03\\\/preuzmi-1.jpg\",\"articleSection\":[\"\u0160port\"],\"inLanguage\":\"hr\"},{\"@type\":\"WebPage\",\"@id\":\"https:\\\/\\\/radioljubuski.ba\\\/index.php\\\/2022\\\/03\\\/02\\\/zizic-odlican-pobjeda-maccabija\\\/\",\"url\":\"https:\\\/\\\/radioljubuski.ba\\\/index.php\\\/2022\\\/03\\\/02\\\/zizic-odlican-pobjeda-maccabija\\\/\",\"name\":\"\u017di\u017ei\u0107 odli\u010dan, pobjeda Maccabija - RADIO LJUBU\u0160KI\",\"isPartOf\":{\"@id\":\"https:\\\/\\\/radioljubuski.ba\\\/#website\"},\"primaryImageOfPage\":{\"@id\":\"https:\\\/\\\/radioljubuski.ba\\\/index.php\\\/2022\\\/03\\\/02\\\/zizic-odlican-pobjeda-maccabija\\\/#primaryimage\"},\"image\":{\"@id\":\"https:\\\/\\\/radioljubuski.ba\\\/index.php\\\/2022\\\/03\\\/02\\\/zizic-odlican-pobjeda-maccabija\\\/#primaryimage\"},\"thumbnailUrl\":\"https:\\\/\\\/radioljubuski.ba\\\/wp-content\\\/uploads\\\/2022\\\/03\\\/preuzmi-1.jpg\",\"datePublished\":\"2022-03-02T22:35:56+00:00\",\"dateModified\":\"2022-03-02T22:35:58+00:00\",\"breadcrumb\":{\"@id\":\"https:\\\/\\\/radioljubuski.ba\\\/index.php\\\/2022\\\/03\\\/02\\\/zizic-odlican-pobjeda-maccabija\\\/#breadcrumb\"},\"inLanguage\":\"hr\",\"potentialAction\":[{\"@type\":\"ReadAction\",\"target\":[\"https:\\\/\\\/radioljubuski.ba\\\/index.php\\\/2022\\\/03\\\/02\\\/zizic-odlican-pobjeda-maccabija\\\/\"]}]},{\"@type\":\"ImageObject\",\"inLanguage\":\"hr\",\"@id\":\"https:\\\/\\\/radioljubuski.ba\\\/index.php\\\/2022\\\/03\\\/02\\\/zizic-odlican-pobjeda-maccabija\\\/#primaryimage\",\"url\":\"https:\\\/\\\/radioljubuski.ba\\\/wp-content\\\/uploads\\\/2022\\\/03\\\/preuzmi-1.jpg\",\"contentUrl\":\"https:\\\/\\\/radioljubuski.ba\\\/wp-content\\\/uploads\\\/2022\\\/03\\\/preuzmi-1.jpg\",\"width\":275,\"height\":183},{\"@type\":\"BreadcrumbList\",\"@id\":\"https:\\\/\\\/radioljubuski.ba\\\/index.php\\\/2022\\\/03\\\/02\\\/zizic-odlican-pobjeda-maccabija\\\/#breadcrumb\",\"itemListElement\":[{\"@type\":\"ListItem\",\"position\":1,\"name\":\"Po\u010detna stranica\",\"item\":\"https:\\\/\\\/radioljubuski.ba\\\/\"},{\"@type\":\"ListItem\",\"position\":2,\"name\":\"\u017di\u017ei\u0107 odli\u010dan, pobjeda Maccabija\"}]},{\"@type\":\"WebSite\",\"@id\":\"https:\\\/\\\/radioljubuski.ba\\\/#website\",\"url\":\"https:\\\/\\\/radioljubuski.ba\\\/\",\"name\":\"Radio Ljubu\u0161ki\",\"description\":\"Sun\u010dana frekvencija Hercegovine\",\"publisher\":{\"@id\":\"https:\\\/\\\/radioljubuski.ba\\\/#organization\"},\"potentialAction\":[{\"@type\":\"SearchAction\",\"target\":{\"@type\":\"EntryPoint\",\"urlTemplate\":\"https:\\\/\\\/radioljubuski.ba\\\/?s={search_term_string}\"},\"query-input\":{\"@type\":\"PropertyValueSpecification\",\"valueRequired\":true,\"valueName\":\"search_term_string\"}}],\"inLanguage\":\"hr\"},{\"@type\":\"Organization\",\"@id\":\"https:\\\/\\\/radioljubuski.ba\\\/#organization\",\"name\":\"Radio Ljubu\u0161ki\",\"url\":\"https:\\\/\\\/radioljubuski.ba\\\/\",\"logo\":{\"@type\":\"ImageObject\",\"inLanguage\":\"hr\",\"@id\":\"https:\\\/\\\/radioljubuski.ba\\\/#\\\/schema\\\/logo\\\/image\\\/\",\"url\":\"https:\\\/\\\/radioljubuski.ba\\\/wp-content\\\/uploads\\\/2021\\\/02\\\/cropped-Radio_Ljubuski_logo1.jpg\",\"contentUrl\":\"https:\\\/\\\/radioljubuski.ba\\\/wp-content\\\/uploads\\\/2021\\\/02\\\/cropped-Radio_Ljubuski_logo1.jpg\",\"width\":512,\"height\":512,\"caption\":\"Radio Ljubu\u0161ki\"},\"image\":{\"@id\":\"https:\\\/\\\/radioljubuski.ba\\\/#\\\/schema\\\/logo\\\/image\\\/\"},\"sameAs\":[\"https:\\\/\\\/www.facebook.com\\\/Radiio-Ljubuski-1490835324566332\",\"https:\\\/\\\/x.com\\\/radioljubuski\",\"https:\\\/\\\/hr.linkedin.com\\\/company\\\/radio-ljubuski\",\"https:\\\/\\\/www.youtube.com\\\/channel\\\/UCHYaeO_n0Db3tjNGudGpXyw\"]},{\"@type\":\"Person\",\"@id\":\"https:\\\/\\\/radioljubuski.ba\\\/#\\\/schema\\\/person\\\/19fc700381a780f69665d7956c469e3b\",\"name\":\"Radio Ljubu\u0161ki\"}]}<\/script>\n<!-- \/ Yoast SEO plugin. -->","yoast_head_json":{"title":"\u017di\u017ei\u0107 odli\u010dan, pobjeda Maccabija - RADIO LJUBU\u0160KI","robots":{"index":"index","follow":"follow","max-snippet":"max-snippet:-1","max-image-preview":"max-image-preview:large","max-video-preview":"max-video-preview:-1"},"canonical":"https:\/\/radioljubuski.ba\/index.php\/2022\/03\/02\/zizic-odlican-pobjeda-maccabija\/","og_locale":"hr_HR","og_type":"article","og_title":"\u017di\u017ei\u0107 odli\u010dan, pobjeda Maccabija - RADIO LJUBU\u0160KI","og_description":"Ko\u0161arka\u0161i Maccabija pobijedili su na svom parketu u Tel Avivu \u0161panjolsku Bitci Baskoniju s 94-93 u zaostalom dvoboju 19. kola Eurolige, a odli\u010dnu je utakmicu odigrao hrvatski centar&nbsp;Ante \u017di\u017ei\u0107&nbsp;koji je bez proma\u0161aja (9\/9 iz igre, 3\/3 slobodna bacanja) ubacio 21 ko\u0161 uz pet skokova.&nbsp; Za pobjednike je 21 poen ubacio i\u00a0James Nunnally, a 17\u00a0Scottie Wilbekin. [&hellip;]","og_url":"https:\/\/radioljubuski.ba\/index.php\/2022\/03\/02\/zizic-odlican-pobjeda-maccabija\/","og_site_name":"RADIO LJUBU\u0160KI","article_publisher":"https:\/\/www.facebook.com\/Radiio-Ljubuski-1490835324566332","article_published_time":"2022-03-02T22:35:56+00:00","article_modified_time":"2022-03-02T22:35:58+00:00","og_image":[{"width":275,"height":183,"url":"https:\/\/radioljubuski.ba\/wp-content\/uploads\/2022\/03\/preuzmi-1.jpg","type":"image\/jpeg"}],"author":"Radio Ljubu\u0161ki","twitter_card":"summary_large_image","twitter_creator":"@radioljubuski","twitter_site":"@radioljubuski","twitter_misc":{"Napisao\/la":"Radio Ljubu\u0161ki","Procijenjeno vrijeme \u010ditanja":"2 minute"},"schema":{"@context":"https:\/\/schema.org","@graph":[{"@type":"Article","@id":"https:\/\/radioljubuski.ba\/index.php\/2022\/03\/02\/zizic-odlican-pobjeda-maccabija\/#article","isPartOf":{"@id":"https:\/\/radioljubuski.ba\/index.php\/2022\/03\/02\/zizic-odlican-pobjeda-maccabija\/"},"author":{"name":"Radio Ljubu\u0161ki","@id":"https:\/\/radioljubuski.ba\/#\/schema\/person\/19fc700381a780f69665d7956c469e3b"},"headline":"\u017di\u017ei\u0107 odli\u010dan, pobjeda Maccabija","datePublished":"2022-03-02T22:35:56+00:00","dateModified":"2022-03-02T22:35:58+00:00","mainEntityOfPage":{"@id":"https:\/\/radioljubuski.ba\/index.php\/2022\/03\/02\/zizic-odlican-pobjeda-maccabija\/"},"wordCount":185,"publisher":{"@id":"https:\/\/radioljubuski.ba\/#organization"},"image":{"@id":"https:\/\/radioljubuski.ba\/index.php\/2022\/03\/02\/zizic-odlican-pobjeda-maccabija\/#primaryimage"},"thumbnailUrl":"https:\/\/radioljubuski.ba\/wp-content\/uploads\/2022\/03\/preuzmi-1.jpg","articleSection":["\u0160port"],"inLanguage":"hr"},{"@type":"WebPage","@id":"https:\/\/radioljubuski.ba\/index.php\/2022\/03\/02\/zizic-odlican-pobjeda-maccabija\/","url":"https:\/\/radioljubuski.ba\/index.php\/2022\/03\/02\/zizic-odlican-pobjeda-maccabija\/","name":"\u017di\u017ei\u0107 odli\u010dan, pobjeda Maccabija - RADIO LJUBU\u0160KI","isPartOf":{"@id":"https:\/\/radioljubuski.ba\/#website"},"primaryImageOfPage":{"@id":"https:\/\/radioljubuski.ba\/index.php\/2022\/03\/02\/zizic-odlican-pobjeda-maccabija\/#primaryimage"},"image":{"@id":"https:\/\/radioljubuski.ba\/index.php\/2022\/03\/02\/zizic-odlican-pobjeda-maccabija\/#primaryimage"},"thumbnailUrl":"https:\/\/radioljubuski.ba\/wp-content\/uploads\/2022\/03\/preuzmi-1.jpg","datePublished":"2022-03-02T22:35:56+00:00","dateModified":"2022-03-02T22:35:58+00:00","breadcrumb":{"@id":"https:\/\/radioljubuski.ba\/index.php\/2022\/03\/02\/zizic-odlican-pobjeda-maccabija\/#breadcrumb"},"inLanguage":"hr","potentialAction":[{"@type":"ReadAction","target":["https:\/\/radioljubuski.ba\/index.php\/2022\/03\/02\/zizic-odlican-pobjeda-maccabija\/"]}]},{"@type":"ImageObject","inLanguage":"hr","@id":"https:\/\/radioljubuski.ba\/index.php\/2022\/03\/02\/zizic-odlican-pobjeda-maccabija\/#primaryimage","url":"https:\/\/radioljubuski.ba\/wp-content\/uploads\/2022\/03\/preuzmi-1.jpg","contentUrl":"https:\/\/radioljubuski.ba\/wp-content\/uploads\/2022\/03\/preuzmi-1.jpg","width":275,"height":183},{"@type":"BreadcrumbList","@id":"https:\/\/radioljubuski.ba\/index.php\/2022\/03\/02\/zizic-odlican-pobjeda-maccabija\/#breadcrumb","itemListElement":[{"@type":"ListItem","position":1,"name":"Po\u010detna stranica","item":"https:\/\/radioljubuski.ba\/"},{"@type":"ListItem","position":2,"name":"\u017di\u017ei\u0107 odli\u010dan, pobjeda Maccabija"}]},{"@type":"WebSite","@id":"https:\/\/radioljubuski.ba\/#website","url":"https:\/\/radioljubuski.ba\/","name":"Radio Ljubu\u0161ki","description":"Sun\u010dana frekvencija Hercegovine","publisher":{"@id":"https:\/\/radioljubuski.ba\/#organization"},"potentialAction":[{"@type":"SearchAction","target":{"@type":"EntryPoint","urlTemplate":"https:\/\/radioljubuski.ba\/?s={search_term_string}"},"query-input":{"@type":"PropertyValueSpecification","valueRequired":true,"valueName":"search_term_string"}}],"inLanguage":"hr"},{"@type":"Organization","@id":"https:\/\/radioljubuski.ba\/#organization","name":"Radio Ljubu\u0161ki","url":"https:\/\/radioljubuski.ba\/","logo":{"@type":"ImageObject","inLanguage":"hr","@id":"https:\/\/radioljubuski.ba\/#\/schema\/logo\/image\/","url":"https:\/\/radioljubuski.ba\/wp-content\/uploads\/2021\/02\/cropped-Radio_Ljubuski_logo1.jpg","contentUrl":"https:\/\/radioljubuski.ba\/wp-content\/uploads\/2021\/02\/cropped-Radio_Ljubuski_logo1.jpg","width":512,"height":512,"caption":"Radio Ljubu\u0161ki"},"image":{"@id":"https:\/\/radioljubuski.ba\/#\/schema\/logo\/image\/"},"sameAs":["https:\/\/www.facebook.com\/Radiio-Ljubuski-1490835324566332","https:\/\/x.com\/radioljubuski","https:\/\/hr.linkedin.com\/company\/radio-ljubuski","https:\/\/www.youtube.com\/channel\/UCHYaeO_n0Db3tjNGudGpXyw"]},{"@type":"Person","@id":"https:\/\/radioljubuski.ba\/#\/schema\/person\/19fc700381a780f69665d7956c469e3b","name":"Radio Ljubu\u0161ki"}]}},"_links":{"self":[{"href":"https:\/\/radioljubuski.ba\/index.php\/wp-json\/wp\/v2\/posts\/117609","targetHints":{"allow":["GET"]}}],"collection":[{"href":"https:\/\/radioljubuski.ba\/index.php\/wp-json\/wp\/v2\/posts"}],"about":[{"href":"https:\/\/radioljubuski.ba\/index.php\/wp-json\/wp\/v2\/types\/post"}],"author":[{"embeddable":true,"href":"https:\/\/radioljubuski.ba\/index.php\/wp-json\/wp\/v2\/users\/2"}],"replies":[{"embeddable":true,"href":"https:\/\/radioljubuski.ba\/index.php\/wp-json\/wp\/v2\/comments?post=117609"}],"version-history":[{"count":1,"href":"https:\/\/radioljubuski.ba\/index.php\/wp-json\/wp\/v2\/posts\/117609\/revisions"}],"predecessor-version":[{"id":117611,"href":"https:\/\/radioljubuski.ba\/index.php\/wp-json\/wp\/v2\/posts\/117609\/revisions\/117611"}],"wp:featuredmedia":[{"embeddable":true,"href":"https:\/\/radioljubuski.ba\/index.php\/wp-json\/wp\/v2\/media\/117610"}],"wp:attachment":[{"href":"https:\/\/radioljubuski.ba\/index.php\/wp-json\/wp\/v2\/media?parent=117609"}],"wp:term":[{"taxonomy":"category","embeddable":true,"href":"https:\/\/radioljubuski.ba\/index.php\/wp-json\/wp\/v2\/categories?post=117609"},{"taxonomy":"post_tag","embeddable":true,"href":"https:\/\/radioljubuski.ba\/index.php\/wp-json\/wp\/v2\/tags?post=117609"}],"curies":[{"name":"wp","href":"https:\/\/api.w.org\/{rel}","templated":true}]}}