{"id":117715,"date":"2022-03-03T12:14:15","date_gmt":"2022-03-03T11:14:15","guid":{"rendered":"https:\/\/radioljubuski.ba\/?p=117715"},"modified":"2022-03-03T12:14:16","modified_gmt":"2022-03-03T11:14:16","slug":"dodik-pisao-un-u-bih-je-neutralna-o-ratu-u-ukrajini","status":"publish","type":"post","link":"https:\/\/radioljubuski.ba\/index.php\/2022\/03\/03\/dodik-pisao-un-u-bih-je-neutralna-o-ratu-u-ukrajini\/","title":{"rendered":"Dodik pisao UN-u: BiH je neutralna o ratu u Ukrajini"},"content":{"rendered":"\n<p>Srpski \u010dlan Predsjedni\u0161tva Milorad Dodik ne odustaje od mi\u0161ljenja da bi BiH trebala zauzeti neutralan stav o ruskom napadu na Ukrajinu. <\/p>\n\n\n\n<p>Kako tvrdi portal Klix.ba Dodik je preko Misije Ruske Federacije poku\u0161ao intervenirati u Ujedinjenim narodima. <\/p>\n\n\n\n<p><strong>Nije \u0161tedio veleposlanika<\/strong><\/p>\n\n\n\n<p>Oni navode kako to potvr\u0111uje pismo ruskog veleposlanika u UN-u Vassilyja Nebenzija koji je navodno generalnom tajniku Ujedinjenih naroda Anthonyu Guterresu 28. velja\u010de proslijedio Dodikovo pismo. <\/p>\n\n\n\n<p>&#8220;Bosna i Hercegovina neutralna je po pitanju sukoba u Ukrajini&#8221;, napisano je u spornom pismu, tvrdi Klix.ba. <\/p>\n\n\n\n<p>Isti\u010du kako je Dodik iskoristio priliku da &#8220;kritizira veleposlanika BiH Svena Alkalaja&#8221;: &#8220;U vezi sa situacijom u Ukrajini, isti\u010dem da se veleposlanik BiH u UN-u Sven Alkalaj poziva na osobni, jednostrani i neautorizovani potez u izjavi da \u0107e BiH biti susponzor ameri\u010dko-albanske rezolucije kojom se osu\u0111uju akcije Rusije prema Ukrajini&#8221;, napisao je Dodik. <\/p>\n\n\n\n<p>Prema navodima, Dodik je u pismu naveo i kako zbog &#8220;\u010dvrstog stava Republike Srpske, relevantnih institucija BiH odgovornih za vanjsku politiku, nije zauzet jednoglasan stav o doga\u0111anjima na istoku Ukrajine u smislu osude Rusije&#8221;. Srpski \u010dlan je u pismu, kako navodi spomenuti portal, istaknuo kako BiH nakon ratova u kojima je stradala tijekom 20. stolje\u0107a &#8220;ne treba birati stranu&#8221;. &#8220;Bosna i Hercegovina treba da bude nepristrasna i neutralna i da ne podr\u017eava bilo koju stranu u ovom sukobu, ve\u0107 da da podr\u0161ku miru i mirovnom rje\u0161enju u ovoj situaciji&#8221;, pisao je Dodik. <\/p>\n\n\n\n<p><strong>Upozorio\u00a0 <\/strong><\/p>\n\n\n\n<p>On je, prema tvrdnjama portala Klix.ba, naveo kako svi &#8220;nacionalni pa \u010dak i me\u0111unarodni akteri, moraju biti svjesni ove \u010dinjenice i djelovati odgovorno zarad stabilnosti i mira, ne samo u isto\u010dnoj Ukrajini, nego i u Bosni i Heregovini&#8221;. <\/p>\n\n\n\n<p>&#8220;Ako dogovor izostane i ovakva pisma se zanemare, onda imamo situaciju nezakonitih predstavljanja, zasnovanih na la\u017enom pretvaranju isklju\u010divo u cilju \u0161irenja dezinformacija koje ne odra\u017eavaju stvarno stanje u BiH&#8221;, iznio je mi\u0161ljenje Dodik. Dodik je upozorio kako svaki potez me\u0111unarodne zajednice, koji ne po\u0161tuje spomenutu \u010dinjenicu o unutarnjoj strukturi vlasti u BiH, predstavlja rizik za stabilnost, sigurnost i mir Bosne i Hercegovine. <\/p>\n\n\n\n<p>&#8220;U tom smislu, ljubazno molim Va\u0161u ekselenciju da kao predsjednik UN-a osigurate da sva relevantna tijela u sustavu UN-a budu obavije\u0161tena o odsustvu ovla\u0161tenja koje je uobi\u010dajeno dozvoljeno bilo kojem du\u017enosniku da govori u ime svoje zemlje, ali ne i Svenu Alkalaju, koji stalno i iznova zloupotrebljava polo\u017eaj koji ima da bi ugrozio proces pomirenja i do sada postignute reforme u Bosni i Hercegovini&#8221;, napisao je Milorad Dodik. Podsjetimo, \u010dlanovi Predsjedni\u0161tva BiH imaju razli\u010dita mi\u0161ljenja o stavu BiH prema polo\u017eaju Ukrajine. Dok se Dodik zala\u017ee za &#8216;neutralan stav BiH&#8217; D\u017eaferovi\u0107 i Kom\u0161i\u0107 slo\u017eno su osudili ruske napade na Ukrajinu. Upravo iz tog razloga, kako je ranije re\u010deno, Milorad Dodik je napustio sjednicu Predsjedni\u0161tva BiH. <\/p>\n\n\n\n<p><strong>Izvor: Bljesak.info<\/strong><\/p>\n","protected":false},"excerpt":{"rendered":"<p>Srpski \u010dlan Predsjedni\u0161tva Milorad Dodik ne odustaje od mi\u0161ljenja da bi BiH trebala zauzeti neutralan stav o ruskom napadu na Ukrajinu. Kako tvrdi portal Klix.ba Dodik je preko Misije Ruske Federacije poku\u0161ao intervenirati u Ujedinjenim narodima. Nije \u0161tedio veleposlanika Oni navode kako to potvr\u0111uje pismo ruskog veleposlanika u UN-u Vassilyja Nebenzija koji je navodno generalnom [&hellip;]<\/p>\n","protected":false},"author":2,"featured_media":0,"comment_status":"closed","ping_status":"closed","sticky":false,"template":"","format":"standard","meta":{"h5ap_radio_sources":[],"footnotes":""},"categories":[1],"tags":[],"class_list":["post-117715","post","type-post","status-publish","format-standard","hentry","category-bihiregija"],"yoast_head":"<!-- This site is optimized with the Yoast SEO plugin v27.5 - https:\/\/yoast.com\/product\/yoast-seo-wordpress\/ -->\n<title>Dodik pisao UN-u: BiH je neutralna o ratu u Ukrajini - RADIO LJUBU\u0160KI<\/title>\n<meta name=\"robots\" content=\"index, follow, max-snippet:-1, max-image-preview:large, max-video-preview:-1\" \/>\n<link rel=\"canonical\" href=\"https:\/\/radioljubuski.ba\/index.php\/2022\/03\/03\/dodik-pisao-un-u-bih-je-neutralna-o-ratu-u-ukrajini\/\" \/>\n<meta property=\"og:locale\" content=\"hr_HR\" \/>\n<meta property=\"og:type\" content=\"article\" \/>\n<meta property=\"og:title\" content=\"Dodik pisao UN-u: BiH je neutralna o ratu u Ukrajini - RADIO LJUBU\u0160KI\" \/>\n<meta property=\"og:description\" content=\"Srpski \u010dlan Predsjedni\u0161tva Milorad Dodik ne odustaje od mi\u0161ljenja da bi BiH trebala zauzeti neutralan stav o ruskom napadu na Ukrajinu. Kako tvrdi portal Klix.ba Dodik je preko Misije Ruske Federacije poku\u0161ao intervenirati u Ujedinjenim narodima. Nije \u0161tedio veleposlanika Oni navode kako to potvr\u0111uje pismo ruskog veleposlanika u UN-u Vassilyja Nebenzija koji je navodno generalnom [&hellip;]\" \/>\n<meta property=\"og:url\" content=\"https:\/\/radioljubuski.ba\/index.php\/2022\/03\/03\/dodik-pisao-un-u-bih-je-neutralna-o-ratu-u-ukrajini\/\" \/>\n<meta property=\"og:site_name\" content=\"RADIO LJUBU\u0160KI\" \/>\n<meta property=\"article:publisher\" content=\"https:\/\/www.facebook.com\/Radiio-Ljubuski-1490835324566332\" \/>\n<meta property=\"article:published_time\" content=\"2022-03-03T11:14:15+00:00\" \/>\n<meta property=\"article:modified_time\" content=\"2022-03-03T11:14:16+00:00\" \/>\n<meta property=\"og:image\" content=\"https:\/\/radioljubuski.ba\/wp-content\/uploads\/2022\/02\/8-2022-02-16-08-33-19-KOMSIC-DODIK.jpg\" \/>\n\t<meta property=\"og:image:width\" content=\"1000\" \/>\n\t<meta property=\"og:image:height\" content=\"625\" \/>\n\t<meta property=\"og:image:type\" content=\"image\/jpeg\" \/>\n<meta name=\"author\" content=\"Radio Ljubu\u0161ki\" \/>\n<meta name=\"twitter:card\" content=\"summary_large_image\" \/>\n<meta name=\"twitter:creator\" content=\"@radioljubuski\" \/>\n<meta name=\"twitter:site\" content=\"@radioljubuski\" \/>\n<meta name=\"twitter:label1\" content=\"Napisao\/la\" \/>\n\t<meta name=\"twitter:data1\" content=\"Radio Ljubu\u0161ki\" \/>\n\t<meta name=\"twitter:label2\" content=\"Procijenjeno vrijeme \u010ditanja\" \/>\n\t<meta name=\"twitter:data2\" content=\"2 minute\" \/>\n<script type=\"application\/ld+json\" class=\"yoast-schema-graph\">{\"@context\":\"https:\\\/\\\/schema.org\",\"@graph\":[{\"@type\":\"Article\",\"@id\":\"https:\\\/\\\/radioljubuski.ba\\\/index.php\\\/2022\\\/03\\\/03\\\/dodik-pisao-un-u-bih-je-neutralna-o-ratu-u-ukrajini\\\/#article\",\"isPartOf\":{\"@id\":\"https:\\\/\\\/radioljubuski.ba\\\/index.php\\\/2022\\\/03\\\/03\\\/dodik-pisao-un-u-bih-je-neutralna-o-ratu-u-ukrajini\\\/\"},\"author\":{\"name\":\"Radio Ljubu\u0161ki\",\"@id\":\"https:\\\/\\\/radioljubuski.ba\\\/#\\\/schema\\\/person\\\/19fc700381a780f69665d7956c469e3b\"},\"headline\":\"Dodik pisao UN-u: BiH je neutralna o ratu u Ukrajini\",\"datePublished\":\"2022-03-03T11:14:15+00:00\",\"dateModified\":\"2022-03-03T11:14:16+00:00\",\"mainEntityOfPage\":{\"@id\":\"https:\\\/\\\/radioljubuski.ba\\\/index.php\\\/2022\\\/03\\\/03\\\/dodik-pisao-un-u-bih-je-neutralna-o-ratu-u-ukrajini\\\/\"},\"wordCount\":494,\"publisher\":{\"@id\":\"https:\\\/\\\/radioljubuski.ba\\\/#organization\"},\"articleSection\":[\"BIH i regija\"],\"inLanguage\":\"hr\"},{\"@type\":\"WebPage\",\"@id\":\"https:\\\/\\\/radioljubuski.ba\\\/index.php\\\/2022\\\/03\\\/03\\\/dodik-pisao-un-u-bih-je-neutralna-o-ratu-u-ukrajini\\\/\",\"url\":\"https:\\\/\\\/radioljubuski.ba\\\/index.php\\\/2022\\\/03\\\/03\\\/dodik-pisao-un-u-bih-je-neutralna-o-ratu-u-ukrajini\\\/\",\"name\":\"Dodik pisao UN-u: BiH je neutralna o ratu u Ukrajini - RADIO LJUBU\u0160KI\",\"isPartOf\":{\"@id\":\"https:\\\/\\\/radioljubuski.ba\\\/#website\"},\"datePublished\":\"2022-03-03T11:14:15+00:00\",\"dateModified\":\"2022-03-03T11:14:16+00:00\",\"breadcrumb\":{\"@id\":\"https:\\\/\\\/radioljubuski.ba\\\/index.php\\\/2022\\\/03\\\/03\\\/dodik-pisao-un-u-bih-je-neutralna-o-ratu-u-ukrajini\\\/#breadcrumb\"},\"inLanguage\":\"hr\",\"potentialAction\":[{\"@type\":\"ReadAction\",\"target\":[\"https:\\\/\\\/radioljubuski.ba\\\/index.php\\\/2022\\\/03\\\/03\\\/dodik-pisao-un-u-bih-je-neutralna-o-ratu-u-ukrajini\\\/\"]}]},{\"@type\":\"BreadcrumbList\",\"@id\":\"https:\\\/\\\/radioljubuski.ba\\\/index.php\\\/2022\\\/03\\\/03\\\/dodik-pisao-un-u-bih-je-neutralna-o-ratu-u-ukrajini\\\/#breadcrumb\",\"itemListElement\":[{\"@type\":\"ListItem\",\"position\":1,\"name\":\"Po\u010detna stranica\",\"item\":\"https:\\\/\\\/radioljubuski.ba\\\/\"},{\"@type\":\"ListItem\",\"position\":2,\"name\":\"Dodik pisao UN-u: BiH je neutralna o ratu u Ukrajini\"}]},{\"@type\":\"WebSite\",\"@id\":\"https:\\\/\\\/radioljubuski.ba\\\/#website\",\"url\":\"https:\\\/\\\/radioljubuski.ba\\\/\",\"name\":\"Radio Ljubu\u0161ki\",\"description\":\"Sun\u010dana frekvencija Hercegovine\",\"publisher\":{\"@id\":\"https:\\\/\\\/radioljubuski.ba\\\/#organization\"},\"potentialAction\":[{\"@type\":\"SearchAction\",\"target\":{\"@type\":\"EntryPoint\",\"urlTemplate\":\"https:\\\/\\\/radioljubuski.ba\\\/?s={search_term_string}\"},\"query-input\":{\"@type\":\"PropertyValueSpecification\",\"valueRequired\":true,\"valueName\":\"search_term_string\"}}],\"inLanguage\":\"hr\"},{\"@type\":\"Organization\",\"@id\":\"https:\\\/\\\/radioljubuski.ba\\\/#organization\",\"name\":\"Radio Ljubu\u0161ki\",\"url\":\"https:\\\/\\\/radioljubuski.ba\\\/\",\"logo\":{\"@type\":\"ImageObject\",\"inLanguage\":\"hr\",\"@id\":\"https:\\\/\\\/radioljubuski.ba\\\/#\\\/schema\\\/logo\\\/image\\\/\",\"url\":\"https:\\\/\\\/radioljubuski.ba\\\/wp-content\\\/uploads\\\/2021\\\/02\\\/cropped-Radio_Ljubuski_logo1.jpg\",\"contentUrl\":\"https:\\\/\\\/radioljubuski.ba\\\/wp-content\\\/uploads\\\/2021\\\/02\\\/cropped-Radio_Ljubuski_logo1.jpg\",\"width\":512,\"height\":512,\"caption\":\"Radio Ljubu\u0161ki\"},\"image\":{\"@id\":\"https:\\\/\\\/radioljubuski.ba\\\/#\\\/schema\\\/logo\\\/image\\\/\"},\"sameAs\":[\"https:\\\/\\\/www.facebook.com\\\/Radiio-Ljubuski-1490835324566332\",\"https:\\\/\\\/x.com\\\/radioljubuski\",\"https:\\\/\\\/hr.linkedin.com\\\/company\\\/radio-ljubuski\",\"https:\\\/\\\/www.youtube.com\\\/channel\\\/UCHYaeO_n0Db3tjNGudGpXyw\"]},{\"@type\":\"Person\",\"@id\":\"https:\\\/\\\/radioljubuski.ba\\\/#\\\/schema\\\/person\\\/19fc700381a780f69665d7956c469e3b\",\"name\":\"Radio Ljubu\u0161ki\"}]}<\/script>\n<!-- \/ Yoast SEO plugin. -->","yoast_head_json":{"title":"Dodik pisao UN-u: BiH je neutralna o ratu u Ukrajini - RADIO LJUBU\u0160KI","robots":{"index":"index","follow":"follow","max-snippet":"max-snippet:-1","max-image-preview":"max-image-preview:large","max-video-preview":"max-video-preview:-1"},"canonical":"https:\/\/radioljubuski.ba\/index.php\/2022\/03\/03\/dodik-pisao-un-u-bih-je-neutralna-o-ratu-u-ukrajini\/","og_locale":"hr_HR","og_type":"article","og_title":"Dodik pisao UN-u: BiH je neutralna o ratu u Ukrajini - RADIO LJUBU\u0160KI","og_description":"Srpski \u010dlan Predsjedni\u0161tva Milorad Dodik ne odustaje od mi\u0161ljenja da bi BiH trebala zauzeti neutralan stav o ruskom napadu na Ukrajinu. Kako tvrdi portal Klix.ba Dodik je preko Misije Ruske Federacije poku\u0161ao intervenirati u Ujedinjenim narodima. Nije \u0161tedio veleposlanika Oni navode kako to potvr\u0111uje pismo ruskog veleposlanika u UN-u Vassilyja Nebenzija koji je navodno generalnom [&hellip;]","og_url":"https:\/\/radioljubuski.ba\/index.php\/2022\/03\/03\/dodik-pisao-un-u-bih-je-neutralna-o-ratu-u-ukrajini\/","og_site_name":"RADIO LJUBU\u0160KI","article_publisher":"https:\/\/www.facebook.com\/Radiio-Ljubuski-1490835324566332","article_published_time":"2022-03-03T11:14:15+00:00","article_modified_time":"2022-03-03T11:14:16+00:00","og_image":[{"width":1000,"height":625,"url":"https:\/\/radioljubuski.ba\/wp-content\/uploads\/2022\/02\/8-2022-02-16-08-33-19-KOMSIC-DODIK.jpg","type":"image\/jpeg"}],"author":"Radio Ljubu\u0161ki","twitter_card":"summary_large_image","twitter_creator":"@radioljubuski","twitter_site":"@radioljubuski","twitter_misc":{"Napisao\/la":"Radio Ljubu\u0161ki","Procijenjeno vrijeme \u010ditanja":"2 minute"},"schema":{"@context":"https:\/\/schema.org","@graph":[{"@type":"Article","@id":"https:\/\/radioljubuski.ba\/index.php\/2022\/03\/03\/dodik-pisao-un-u-bih-je-neutralna-o-ratu-u-ukrajini\/#article","isPartOf":{"@id":"https:\/\/radioljubuski.ba\/index.php\/2022\/03\/03\/dodik-pisao-un-u-bih-je-neutralna-o-ratu-u-ukrajini\/"},"author":{"name":"Radio Ljubu\u0161ki","@id":"https:\/\/radioljubuski.ba\/#\/schema\/person\/19fc700381a780f69665d7956c469e3b"},"headline":"Dodik pisao UN-u: BiH je neutralna o ratu u Ukrajini","datePublished":"2022-03-03T11:14:15+00:00","dateModified":"2022-03-03T11:14:16+00:00","mainEntityOfPage":{"@id":"https:\/\/radioljubuski.ba\/index.php\/2022\/03\/03\/dodik-pisao-un-u-bih-je-neutralna-o-ratu-u-ukrajini\/"},"wordCount":494,"publisher":{"@id":"https:\/\/radioljubuski.ba\/#organization"},"articleSection":["BIH i regija"],"inLanguage":"hr"},{"@type":"WebPage","@id":"https:\/\/radioljubuski.ba\/index.php\/2022\/03\/03\/dodik-pisao-un-u-bih-je-neutralna-o-ratu-u-ukrajini\/","url":"https:\/\/radioljubuski.ba\/index.php\/2022\/03\/03\/dodik-pisao-un-u-bih-je-neutralna-o-ratu-u-ukrajini\/","name":"Dodik pisao UN-u: BiH je neutralna o ratu u Ukrajini - RADIO LJUBU\u0160KI","isPartOf":{"@id":"https:\/\/radioljubuski.ba\/#website"},"datePublished":"2022-03-03T11:14:15+00:00","dateModified":"2022-03-03T11:14:16+00:00","breadcrumb":{"@id":"https:\/\/radioljubuski.ba\/index.php\/2022\/03\/03\/dodik-pisao-un-u-bih-je-neutralna-o-ratu-u-ukrajini\/#breadcrumb"},"inLanguage":"hr","potentialAction":[{"@type":"ReadAction","target":["https:\/\/radioljubuski.ba\/index.php\/2022\/03\/03\/dodik-pisao-un-u-bih-je-neutralna-o-ratu-u-ukrajini\/"]}]},{"@type":"BreadcrumbList","@id":"https:\/\/radioljubuski.ba\/index.php\/2022\/03\/03\/dodik-pisao-un-u-bih-je-neutralna-o-ratu-u-ukrajini\/#breadcrumb","itemListElement":[{"@type":"ListItem","position":1,"name":"Po\u010detna stranica","item":"https:\/\/radioljubuski.ba\/"},{"@type":"ListItem","position":2,"name":"Dodik pisao UN-u: BiH je neutralna o ratu u Ukrajini"}]},{"@type":"WebSite","@id":"https:\/\/radioljubuski.ba\/#website","url":"https:\/\/radioljubuski.ba\/","name":"Radio Ljubu\u0161ki","description":"Sun\u010dana frekvencija Hercegovine","publisher":{"@id":"https:\/\/radioljubuski.ba\/#organization"},"potentialAction":[{"@type":"SearchAction","target":{"@type":"EntryPoint","urlTemplate":"https:\/\/radioljubuski.ba\/?s={search_term_string}"},"query-input":{"@type":"PropertyValueSpecification","valueRequired":true,"valueName":"search_term_string"}}],"inLanguage":"hr"},{"@type":"Organization","@id":"https:\/\/radioljubuski.ba\/#organization","name":"Radio Ljubu\u0161ki","url":"https:\/\/radioljubuski.ba\/","logo":{"@type":"ImageObject","inLanguage":"hr","@id":"https:\/\/radioljubuski.ba\/#\/schema\/logo\/image\/","url":"https:\/\/radioljubuski.ba\/wp-content\/uploads\/2021\/02\/cropped-Radio_Ljubuski_logo1.jpg","contentUrl":"https:\/\/radioljubuski.ba\/wp-content\/uploads\/2021\/02\/cropped-Radio_Ljubuski_logo1.jpg","width":512,"height":512,"caption":"Radio Ljubu\u0161ki"},"image":{"@id":"https:\/\/radioljubuski.ba\/#\/schema\/logo\/image\/"},"sameAs":["https:\/\/www.facebook.com\/Radiio-Ljubuski-1490835324566332","https:\/\/x.com\/radioljubuski","https:\/\/hr.linkedin.com\/company\/radio-ljubuski","https:\/\/www.youtube.com\/channel\/UCHYaeO_n0Db3tjNGudGpXyw"]},{"@type":"Person","@id":"https:\/\/radioljubuski.ba\/#\/schema\/person\/19fc700381a780f69665d7956c469e3b","name":"Radio Ljubu\u0161ki"}]}},"_links":{"self":[{"href":"https:\/\/radioljubuski.ba\/index.php\/wp-json\/wp\/v2\/posts\/117715","targetHints":{"allow":["GET"]}}],"collection":[{"href":"https:\/\/radioljubuski.ba\/index.php\/wp-json\/wp\/v2\/posts"}],"about":[{"href":"https:\/\/radioljubuski.ba\/index.php\/wp-json\/wp\/v2\/types\/post"}],"author":[{"embeddable":true,"href":"https:\/\/radioljubuski.ba\/index.php\/wp-json\/wp\/v2\/users\/2"}],"replies":[{"embeddable":true,"href":"https:\/\/radioljubuski.ba\/index.php\/wp-json\/wp\/v2\/comments?post=117715"}],"version-history":[{"count":1,"href":"https:\/\/radioljubuski.ba\/index.php\/wp-json\/wp\/v2\/posts\/117715\/revisions"}],"predecessor-version":[{"id":117716,"href":"https:\/\/radioljubuski.ba\/index.php\/wp-json\/wp\/v2\/posts\/117715\/revisions\/117716"}],"wp:attachment":[{"href":"https:\/\/radioljubuski.ba\/index.php\/wp-json\/wp\/v2\/media?parent=117715"}],"wp:term":[{"taxonomy":"category","embeddable":true,"href":"https:\/\/radioljubuski.ba\/index.php\/wp-json\/wp\/v2\/categories?post=117715"},{"taxonomy":"post_tag","embeddable":true,"href":"https:\/\/radioljubuski.ba\/index.php\/wp-json\/wp\/v2\/tags?post=117715"}],"curies":[{"name":"wp","href":"https:\/\/api.w.org\/{rel}","templated":true}]}}