{"id":117734,"date":"2022-03-03T13:12:42","date_gmt":"2022-03-03T12:12:42","guid":{"rendered":"https:\/\/radioljubuski.ba\/?p=117734"},"modified":"2022-03-03T13:12:43","modified_gmt":"2022-03-03T12:12:43","slug":"velika-akcija-policije-u-sarajevu-privode-se-dileri-i-sverceri-oruzja-angazirana-i-specijalna-jedinica","status":"publish","type":"post","link":"https:\/\/radioljubuski.ba\/index.php\/2022\/03\/03\/velika-akcija-policije-u-sarajevu-privode-se-dileri-i-sverceri-oruzja-angazirana-i-specijalna-jedinica\/","title":{"rendered":"Velika akcija policije u Sarajevu: Privode se dileri i \u0161verceri oru\u017eja, anga\u017eirana i specijalna jedinica"},"content":{"rendered":"\n<p>Policijski slu\u017ebenici Uprave policije MUP-a \u017dupanije Sarajevo pod nadzorom \u017dupanijskog tu\u017eiteljstva \u017dupanije Sarajevo provode plansku akciju usmjerenu protiv vi\u0161e lica s ciljem pronalaska droge i oru\u017eja.<\/p>\n\n\n\n<p>S tim u vezi, od ranih jutarnjih sati vr\u0161e se pretresi na ukupno \u0161est lokacija na podru\u010dju \u017dupanije Sarajevo u cilju pronalaska i oduzimanja predmeta vezanih za izvr\u0161enje krivi\u010dnih djela, te rasvjetljavanje i dokumentiranje istih.<\/p>\n\n\n\n<p>Imaju\u0107i u vidu da su aktivnosti policijskih slu\u017ebenika jo\u0161 uvijek u toku, vi\u0161e informacija \u0107e biti poznato nakon \u0161to iste budu zavr\u0161ene.<\/p>\n\n\n\n<p>&#8220;<a href=\"https:\/\/avaz.ba\/vijesti\/crna-hronika\/722466\/velika-akcija-policije-u-sarajevu-hapse-se-dileri-i-sverceri-oruzja-angazirana-i-specijalna-jedinica\" target=\"_blank\" rel=\"noreferrer noopener\">Avaz<\/a>&#8221; saznaje da je anga\u017eirana i Specijalna jedinica MUP-a \u017dupanija Sarajevo. Prema informacijama portala, pripadnici policije tokom provo\u0111ena akcije upali su u jedan stan. Prije toga, morali su razvaliti vrata.<\/p>\n\n\n\n<p>Izvor:avaz.ba<\/p>\n","protected":false},"excerpt":{"rendered":"<p>Policijski slu\u017ebenici Uprave policije MUP-a \u017dupanije Sarajevo pod nadzorom \u017dupanijskog tu\u017eiteljstva \u017dupanije Sarajevo provode plansku akciju usmjerenu protiv vi\u0161e lica s ciljem pronalaska droge i oru\u017eja. S tim u vezi, od ranih jutarnjih sati vr\u0161e se pretresi na ukupno \u0161est lokacija na podru\u010dju \u017dupanije Sarajevo u cilju pronalaska i oduzimanja predmeta vezanih za izvr\u0161enje krivi\u010dnih [&hellip;]<\/p>\n","protected":false},"author":2,"featured_media":117735,"comment_status":"closed","ping_status":"closed","sticky":false,"template":"","format":"standard","meta":{"h5ap_radio_sources":[],"footnotes":""},"categories":[1],"tags":[],"class_list":["post-117734","post","type-post","status-publish","format-standard","has-post-thumbnail","hentry","category-bihiregija"],"yoast_head":"<!-- This site is optimized with the Yoast SEO plugin v27.5 - https:\/\/yoast.com\/product\/yoast-seo-wordpress\/ -->\n<title>Velika akcija policije u Sarajevu: Privode se dileri i \u0161verceri oru\u017eja, anga\u017eirana i specijalna jedinica - RADIO LJUBU\u0160KI<\/title>\n<meta name=\"robots\" content=\"index, follow, max-snippet:-1, max-image-preview:large, max-video-preview:-1\" \/>\n<link rel=\"canonical\" href=\"https:\/\/radioljubuski.ba\/index.php\/2022\/03\/03\/velika-akcija-policije-u-sarajevu-privode-se-dileri-i-sverceri-oruzja-angazirana-i-specijalna-jedinica\/\" \/>\n<meta property=\"og:locale\" content=\"hr_HR\" \/>\n<meta property=\"og:type\" content=\"article\" \/>\n<meta property=\"og:title\" content=\"Velika akcija policije u Sarajevu: Privode se dileri i \u0161verceri oru\u017eja, anga\u017eirana i specijalna jedinica - RADIO LJUBU\u0160KI\" \/>\n<meta property=\"og:description\" content=\"Policijski slu\u017ebenici Uprave policije MUP-a \u017dupanije Sarajevo pod nadzorom \u017dupanijskog tu\u017eiteljstva \u017dupanije Sarajevo provode plansku akciju usmjerenu protiv vi\u0161e lica s ciljem pronalaska droge i oru\u017eja. S tim u vezi, od ranih jutarnjih sati vr\u0161e se pretresi na ukupno \u0161est lokacija na podru\u010dju \u017dupanije Sarajevo u cilju pronalaska i oduzimanja predmeta vezanih za izvr\u0161enje krivi\u010dnih [&hellip;]\" \/>\n<meta property=\"og:url\" content=\"https:\/\/radioljubuski.ba\/index.php\/2022\/03\/03\/velika-akcija-policije-u-sarajevu-privode-se-dileri-i-sverceri-oruzja-angazirana-i-specijalna-jedinica\/\" \/>\n<meta property=\"og:site_name\" content=\"RADIO LJUBU\u0160KI\" \/>\n<meta property=\"article:publisher\" content=\"https:\/\/www.facebook.com\/Radiio-Ljubuski-1490835324566332\" \/>\n<meta property=\"article:published_time\" content=\"2022-03-03T12:12:42+00:00\" \/>\n<meta property=\"article:modified_time\" content=\"2022-03-03T12:12:43+00:00\" \/>\n<meta property=\"og:image\" content=\"https:\/\/radioljubuski.ba\/wp-content\/uploads\/2022\/03\/8-2022-01-21-14-33-43-mup-usk-1.jpg\" \/>\n\t<meta property=\"og:image:width\" content=\"1000\" \/>\n\t<meta property=\"og:image:height\" content=\"625\" \/>\n\t<meta property=\"og:image:type\" content=\"image\/jpeg\" \/>\n<meta name=\"author\" content=\"Radio Ljubu\u0161ki\" \/>\n<meta name=\"twitter:card\" content=\"summary_large_image\" \/>\n<meta name=\"twitter:creator\" content=\"@radioljubuski\" \/>\n<meta name=\"twitter:site\" content=\"@radioljubuski\" \/>\n<meta name=\"twitter:label1\" content=\"Napisao\/la\" \/>\n\t<meta name=\"twitter:data1\" content=\"Radio Ljubu\u0161ki\" \/>\n\t<meta name=\"twitter:label2\" content=\"Procijenjeno vrijeme \u010ditanja\" \/>\n\t<meta name=\"twitter:data2\" content=\"1 minuta\" \/>\n<script type=\"application\/ld+json\" class=\"yoast-schema-graph\">{\"@context\":\"https:\\\/\\\/schema.org\",\"@graph\":[{\"@type\":\"Article\",\"@id\":\"https:\\\/\\\/radioljubuski.ba\\\/index.php\\\/2022\\\/03\\\/03\\\/velika-akcija-policije-u-sarajevu-privode-se-dileri-i-sverceri-oruzja-angazirana-i-specijalna-jedinica\\\/#article\",\"isPartOf\":{\"@id\":\"https:\\\/\\\/radioljubuski.ba\\\/index.php\\\/2022\\\/03\\\/03\\\/velika-akcija-policije-u-sarajevu-privode-se-dileri-i-sverceri-oruzja-angazirana-i-specijalna-jedinica\\\/\"},\"author\":{\"name\":\"Radio Ljubu\u0161ki\",\"@id\":\"https:\\\/\\\/radioljubuski.ba\\\/#\\\/schema\\\/person\\\/19fc700381a780f69665d7956c469e3b\"},\"headline\":\"Velika akcija policije u Sarajevu: Privode se dileri i \u0161verceri oru\u017eja, anga\u017eirana i specijalna jedinica\",\"datePublished\":\"2022-03-03T12:12:42+00:00\",\"dateModified\":\"2022-03-03T12:12:43+00:00\",\"mainEntityOfPage\":{\"@id\":\"https:\\\/\\\/radioljubuski.ba\\\/index.php\\\/2022\\\/03\\\/03\\\/velika-akcija-policije-u-sarajevu-privode-se-dileri-i-sverceri-oruzja-angazirana-i-specijalna-jedinica\\\/\"},\"wordCount\":147,\"publisher\":{\"@id\":\"https:\\\/\\\/radioljubuski.ba\\\/#organization\"},\"image\":{\"@id\":\"https:\\\/\\\/radioljubuski.ba\\\/index.php\\\/2022\\\/03\\\/03\\\/velika-akcija-policije-u-sarajevu-privode-se-dileri-i-sverceri-oruzja-angazirana-i-specijalna-jedinica\\\/#primaryimage\"},\"thumbnailUrl\":\"https:\\\/\\\/radioljubuski.ba\\\/wp-content\\\/uploads\\\/2022\\\/03\\\/8-2022-01-21-14-33-43-mup-usk-1.jpg\",\"articleSection\":[\"BIH i regija\"],\"inLanguage\":\"hr\"},{\"@type\":\"WebPage\",\"@id\":\"https:\\\/\\\/radioljubuski.ba\\\/index.php\\\/2022\\\/03\\\/03\\\/velika-akcija-policije-u-sarajevu-privode-se-dileri-i-sverceri-oruzja-angazirana-i-specijalna-jedinica\\\/\",\"url\":\"https:\\\/\\\/radioljubuski.ba\\\/index.php\\\/2022\\\/03\\\/03\\\/velika-akcija-policije-u-sarajevu-privode-se-dileri-i-sverceri-oruzja-angazirana-i-specijalna-jedinica\\\/\",\"name\":\"Velika akcija policije u Sarajevu: Privode se dileri i \u0161verceri oru\u017eja, anga\u017eirana i specijalna jedinica - RADIO LJUBU\u0160KI\",\"isPartOf\":{\"@id\":\"https:\\\/\\\/radioljubuski.ba\\\/#website\"},\"primaryImageOfPage\":{\"@id\":\"https:\\\/\\\/radioljubuski.ba\\\/index.php\\\/2022\\\/03\\\/03\\\/velika-akcija-policije-u-sarajevu-privode-se-dileri-i-sverceri-oruzja-angazirana-i-specijalna-jedinica\\\/#primaryimage\"},\"image\":{\"@id\":\"https:\\\/\\\/radioljubuski.ba\\\/index.php\\\/2022\\\/03\\\/03\\\/velika-akcija-policije-u-sarajevu-privode-se-dileri-i-sverceri-oruzja-angazirana-i-specijalna-jedinica\\\/#primaryimage\"},\"thumbnailUrl\":\"https:\\\/\\\/radioljubuski.ba\\\/wp-content\\\/uploads\\\/2022\\\/03\\\/8-2022-01-21-14-33-43-mup-usk-1.jpg\",\"datePublished\":\"2022-03-03T12:12:42+00:00\",\"dateModified\":\"2022-03-03T12:12:43+00:00\",\"breadcrumb\":{\"@id\":\"https:\\\/\\\/radioljubuski.ba\\\/index.php\\\/2022\\\/03\\\/03\\\/velika-akcija-policije-u-sarajevu-privode-se-dileri-i-sverceri-oruzja-angazirana-i-specijalna-jedinica\\\/#breadcrumb\"},\"inLanguage\":\"hr\",\"potentialAction\":[{\"@type\":\"ReadAction\",\"target\":[\"https:\\\/\\\/radioljubuski.ba\\\/index.php\\\/2022\\\/03\\\/03\\\/velika-akcija-policije-u-sarajevu-privode-se-dileri-i-sverceri-oruzja-angazirana-i-specijalna-jedinica\\\/\"]}]},{\"@type\":\"ImageObject\",\"inLanguage\":\"hr\",\"@id\":\"https:\\\/\\\/radioljubuski.ba\\\/index.php\\\/2022\\\/03\\\/03\\\/velika-akcija-policije-u-sarajevu-privode-se-dileri-i-sverceri-oruzja-angazirana-i-specijalna-jedinica\\\/#primaryimage\",\"url\":\"https:\\\/\\\/radioljubuski.ba\\\/wp-content\\\/uploads\\\/2022\\\/03\\\/8-2022-01-21-14-33-43-mup-usk-1.jpg\",\"contentUrl\":\"https:\\\/\\\/radioljubuski.ba\\\/wp-content\\\/uploads\\\/2022\\\/03\\\/8-2022-01-21-14-33-43-mup-usk-1.jpg\",\"width\":1000,\"height\":625},{\"@type\":\"BreadcrumbList\",\"@id\":\"https:\\\/\\\/radioljubuski.ba\\\/index.php\\\/2022\\\/03\\\/03\\\/velika-akcija-policije-u-sarajevu-privode-se-dileri-i-sverceri-oruzja-angazirana-i-specijalna-jedinica\\\/#breadcrumb\",\"itemListElement\":[{\"@type\":\"ListItem\",\"position\":1,\"name\":\"Po\u010detna stranica\",\"item\":\"https:\\\/\\\/radioljubuski.ba\\\/\"},{\"@type\":\"ListItem\",\"position\":2,\"name\":\"Velika akcija policije u Sarajevu: Privode se dileri i \u0161verceri oru\u017eja, anga\u017eirana i specijalna jedinica\"}]},{\"@type\":\"WebSite\",\"@id\":\"https:\\\/\\\/radioljubuski.ba\\\/#website\",\"url\":\"https:\\\/\\\/radioljubuski.ba\\\/\",\"name\":\"Radio Ljubu\u0161ki\",\"description\":\"Sun\u010dana frekvencija Hercegovine\",\"publisher\":{\"@id\":\"https:\\\/\\\/radioljubuski.ba\\\/#organization\"},\"potentialAction\":[{\"@type\":\"SearchAction\",\"target\":{\"@type\":\"EntryPoint\",\"urlTemplate\":\"https:\\\/\\\/radioljubuski.ba\\\/?s={search_term_string}\"},\"query-input\":{\"@type\":\"PropertyValueSpecification\",\"valueRequired\":true,\"valueName\":\"search_term_string\"}}],\"inLanguage\":\"hr\"},{\"@type\":\"Organization\",\"@id\":\"https:\\\/\\\/radioljubuski.ba\\\/#organization\",\"name\":\"Radio Ljubu\u0161ki\",\"url\":\"https:\\\/\\\/radioljubuski.ba\\\/\",\"logo\":{\"@type\":\"ImageObject\",\"inLanguage\":\"hr\",\"@id\":\"https:\\\/\\\/radioljubuski.ba\\\/#\\\/schema\\\/logo\\\/image\\\/\",\"url\":\"https:\\\/\\\/radioljubuski.ba\\\/wp-content\\\/uploads\\\/2021\\\/02\\\/cropped-Radio_Ljubuski_logo1.jpg\",\"contentUrl\":\"https:\\\/\\\/radioljubuski.ba\\\/wp-content\\\/uploads\\\/2021\\\/02\\\/cropped-Radio_Ljubuski_logo1.jpg\",\"width\":512,\"height\":512,\"caption\":\"Radio Ljubu\u0161ki\"},\"image\":{\"@id\":\"https:\\\/\\\/radioljubuski.ba\\\/#\\\/schema\\\/logo\\\/image\\\/\"},\"sameAs\":[\"https:\\\/\\\/www.facebook.com\\\/Radiio-Ljubuski-1490835324566332\",\"https:\\\/\\\/x.com\\\/radioljubuski\",\"https:\\\/\\\/hr.linkedin.com\\\/company\\\/radio-ljubuski\",\"https:\\\/\\\/www.youtube.com\\\/channel\\\/UCHYaeO_n0Db3tjNGudGpXyw\"]},{\"@type\":\"Person\",\"@id\":\"https:\\\/\\\/radioljubuski.ba\\\/#\\\/schema\\\/person\\\/19fc700381a780f69665d7956c469e3b\",\"name\":\"Radio Ljubu\u0161ki\"}]}<\/script>\n<!-- \/ Yoast SEO plugin. -->","yoast_head_json":{"title":"Velika akcija policije u Sarajevu: Privode se dileri i \u0161verceri oru\u017eja, anga\u017eirana i specijalna jedinica - RADIO LJUBU\u0160KI","robots":{"index":"index","follow":"follow","max-snippet":"max-snippet:-1","max-image-preview":"max-image-preview:large","max-video-preview":"max-video-preview:-1"},"canonical":"https:\/\/radioljubuski.ba\/index.php\/2022\/03\/03\/velika-akcija-policije-u-sarajevu-privode-se-dileri-i-sverceri-oruzja-angazirana-i-specijalna-jedinica\/","og_locale":"hr_HR","og_type":"article","og_title":"Velika akcija policije u Sarajevu: Privode se dileri i \u0161verceri oru\u017eja, anga\u017eirana i specijalna jedinica - RADIO LJUBU\u0160KI","og_description":"Policijski slu\u017ebenici Uprave policije MUP-a \u017dupanije Sarajevo pod nadzorom \u017dupanijskog tu\u017eiteljstva \u017dupanije Sarajevo provode plansku akciju usmjerenu protiv vi\u0161e lica s ciljem pronalaska droge i oru\u017eja. S tim u vezi, od ranih jutarnjih sati vr\u0161e se pretresi na ukupno \u0161est lokacija na podru\u010dju \u017dupanije Sarajevo u cilju pronalaska i oduzimanja predmeta vezanih za izvr\u0161enje krivi\u010dnih [&hellip;]","og_url":"https:\/\/radioljubuski.ba\/index.php\/2022\/03\/03\/velika-akcija-policije-u-sarajevu-privode-se-dileri-i-sverceri-oruzja-angazirana-i-specijalna-jedinica\/","og_site_name":"RADIO LJUBU\u0160KI","article_publisher":"https:\/\/www.facebook.com\/Radiio-Ljubuski-1490835324566332","article_published_time":"2022-03-03T12:12:42+00:00","article_modified_time":"2022-03-03T12:12:43+00:00","og_image":[{"width":1000,"height":625,"url":"https:\/\/radioljubuski.ba\/wp-content\/uploads\/2022\/03\/8-2022-01-21-14-33-43-mup-usk-1.jpg","type":"image\/jpeg"}],"author":"Radio Ljubu\u0161ki","twitter_card":"summary_large_image","twitter_creator":"@radioljubuski","twitter_site":"@radioljubuski","twitter_misc":{"Napisao\/la":"Radio Ljubu\u0161ki","Procijenjeno vrijeme \u010ditanja":"1 minuta"},"schema":{"@context":"https:\/\/schema.org","@graph":[{"@type":"Article","@id":"https:\/\/radioljubuski.ba\/index.php\/2022\/03\/03\/velika-akcija-policije-u-sarajevu-privode-se-dileri-i-sverceri-oruzja-angazirana-i-specijalna-jedinica\/#article","isPartOf":{"@id":"https:\/\/radioljubuski.ba\/index.php\/2022\/03\/03\/velika-akcija-policije-u-sarajevu-privode-se-dileri-i-sverceri-oruzja-angazirana-i-specijalna-jedinica\/"},"author":{"name":"Radio Ljubu\u0161ki","@id":"https:\/\/radioljubuski.ba\/#\/schema\/person\/19fc700381a780f69665d7956c469e3b"},"headline":"Velika akcija policije u Sarajevu: Privode se dileri i \u0161verceri oru\u017eja, anga\u017eirana i specijalna jedinica","datePublished":"2022-03-03T12:12:42+00:00","dateModified":"2022-03-03T12:12:43+00:00","mainEntityOfPage":{"@id":"https:\/\/radioljubuski.ba\/index.php\/2022\/03\/03\/velika-akcija-policije-u-sarajevu-privode-se-dileri-i-sverceri-oruzja-angazirana-i-specijalna-jedinica\/"},"wordCount":147,"publisher":{"@id":"https:\/\/radioljubuski.ba\/#organization"},"image":{"@id":"https:\/\/radioljubuski.ba\/index.php\/2022\/03\/03\/velika-akcija-policije-u-sarajevu-privode-se-dileri-i-sverceri-oruzja-angazirana-i-specijalna-jedinica\/#primaryimage"},"thumbnailUrl":"https:\/\/radioljubuski.ba\/wp-content\/uploads\/2022\/03\/8-2022-01-21-14-33-43-mup-usk-1.jpg","articleSection":["BIH i regija"],"inLanguage":"hr"},{"@type":"WebPage","@id":"https:\/\/radioljubuski.ba\/index.php\/2022\/03\/03\/velika-akcija-policije-u-sarajevu-privode-se-dileri-i-sverceri-oruzja-angazirana-i-specijalna-jedinica\/","url":"https:\/\/radioljubuski.ba\/index.php\/2022\/03\/03\/velika-akcija-policije-u-sarajevu-privode-se-dileri-i-sverceri-oruzja-angazirana-i-specijalna-jedinica\/","name":"Velika akcija policije u Sarajevu: Privode se dileri i \u0161verceri oru\u017eja, anga\u017eirana i specijalna jedinica - RADIO LJUBU\u0160KI","isPartOf":{"@id":"https:\/\/radioljubuski.ba\/#website"},"primaryImageOfPage":{"@id":"https:\/\/radioljubuski.ba\/index.php\/2022\/03\/03\/velika-akcija-policije-u-sarajevu-privode-se-dileri-i-sverceri-oruzja-angazirana-i-specijalna-jedinica\/#primaryimage"},"image":{"@id":"https:\/\/radioljubuski.ba\/index.php\/2022\/03\/03\/velika-akcija-policije-u-sarajevu-privode-se-dileri-i-sverceri-oruzja-angazirana-i-specijalna-jedinica\/#primaryimage"},"thumbnailUrl":"https:\/\/radioljubuski.ba\/wp-content\/uploads\/2022\/03\/8-2022-01-21-14-33-43-mup-usk-1.jpg","datePublished":"2022-03-03T12:12:42+00:00","dateModified":"2022-03-03T12:12:43+00:00","breadcrumb":{"@id":"https:\/\/radioljubuski.ba\/index.php\/2022\/03\/03\/velika-akcija-policije-u-sarajevu-privode-se-dileri-i-sverceri-oruzja-angazirana-i-specijalna-jedinica\/#breadcrumb"},"inLanguage":"hr","potentialAction":[{"@type":"ReadAction","target":["https:\/\/radioljubuski.ba\/index.php\/2022\/03\/03\/velika-akcija-policije-u-sarajevu-privode-se-dileri-i-sverceri-oruzja-angazirana-i-specijalna-jedinica\/"]}]},{"@type":"ImageObject","inLanguage":"hr","@id":"https:\/\/radioljubuski.ba\/index.php\/2022\/03\/03\/velika-akcija-policije-u-sarajevu-privode-se-dileri-i-sverceri-oruzja-angazirana-i-specijalna-jedinica\/#primaryimage","url":"https:\/\/radioljubuski.ba\/wp-content\/uploads\/2022\/03\/8-2022-01-21-14-33-43-mup-usk-1.jpg","contentUrl":"https:\/\/radioljubuski.ba\/wp-content\/uploads\/2022\/03\/8-2022-01-21-14-33-43-mup-usk-1.jpg","width":1000,"height":625},{"@type":"BreadcrumbList","@id":"https:\/\/radioljubuski.ba\/index.php\/2022\/03\/03\/velika-akcija-policije-u-sarajevu-privode-se-dileri-i-sverceri-oruzja-angazirana-i-specijalna-jedinica\/#breadcrumb","itemListElement":[{"@type":"ListItem","position":1,"name":"Po\u010detna stranica","item":"https:\/\/radioljubuski.ba\/"},{"@type":"ListItem","position":2,"name":"Velika akcija policije u Sarajevu: Privode se dileri i \u0161verceri oru\u017eja, anga\u017eirana i specijalna jedinica"}]},{"@type":"WebSite","@id":"https:\/\/radioljubuski.ba\/#website","url":"https:\/\/radioljubuski.ba\/","name":"Radio Ljubu\u0161ki","description":"Sun\u010dana frekvencija Hercegovine","publisher":{"@id":"https:\/\/radioljubuski.ba\/#organization"},"potentialAction":[{"@type":"SearchAction","target":{"@type":"EntryPoint","urlTemplate":"https:\/\/radioljubuski.ba\/?s={search_term_string}"},"query-input":{"@type":"PropertyValueSpecification","valueRequired":true,"valueName":"search_term_string"}}],"inLanguage":"hr"},{"@type":"Organization","@id":"https:\/\/radioljubuski.ba\/#organization","name":"Radio Ljubu\u0161ki","url":"https:\/\/radioljubuski.ba\/","logo":{"@type":"ImageObject","inLanguage":"hr","@id":"https:\/\/radioljubuski.ba\/#\/schema\/logo\/image\/","url":"https:\/\/radioljubuski.ba\/wp-content\/uploads\/2021\/02\/cropped-Radio_Ljubuski_logo1.jpg","contentUrl":"https:\/\/radioljubuski.ba\/wp-content\/uploads\/2021\/02\/cropped-Radio_Ljubuski_logo1.jpg","width":512,"height":512,"caption":"Radio Ljubu\u0161ki"},"image":{"@id":"https:\/\/radioljubuski.ba\/#\/schema\/logo\/image\/"},"sameAs":["https:\/\/www.facebook.com\/Radiio-Ljubuski-1490835324566332","https:\/\/x.com\/radioljubuski","https:\/\/hr.linkedin.com\/company\/radio-ljubuski","https:\/\/www.youtube.com\/channel\/UCHYaeO_n0Db3tjNGudGpXyw"]},{"@type":"Person","@id":"https:\/\/radioljubuski.ba\/#\/schema\/person\/19fc700381a780f69665d7956c469e3b","name":"Radio Ljubu\u0161ki"}]}},"_links":{"self":[{"href":"https:\/\/radioljubuski.ba\/index.php\/wp-json\/wp\/v2\/posts\/117734","targetHints":{"allow":["GET"]}}],"collection":[{"href":"https:\/\/radioljubuski.ba\/index.php\/wp-json\/wp\/v2\/posts"}],"about":[{"href":"https:\/\/radioljubuski.ba\/index.php\/wp-json\/wp\/v2\/types\/post"}],"author":[{"embeddable":true,"href":"https:\/\/radioljubuski.ba\/index.php\/wp-json\/wp\/v2\/users\/2"}],"replies":[{"embeddable":true,"href":"https:\/\/radioljubuski.ba\/index.php\/wp-json\/wp\/v2\/comments?post=117734"}],"version-history":[{"count":1,"href":"https:\/\/radioljubuski.ba\/index.php\/wp-json\/wp\/v2\/posts\/117734\/revisions"}],"predecessor-version":[{"id":117736,"href":"https:\/\/radioljubuski.ba\/index.php\/wp-json\/wp\/v2\/posts\/117734\/revisions\/117736"}],"wp:featuredmedia":[{"embeddable":true,"href":"https:\/\/radioljubuski.ba\/index.php\/wp-json\/wp\/v2\/media\/117735"}],"wp:attachment":[{"href":"https:\/\/radioljubuski.ba\/index.php\/wp-json\/wp\/v2\/media?parent=117734"}],"wp:term":[{"taxonomy":"category","embeddable":true,"href":"https:\/\/radioljubuski.ba\/index.php\/wp-json\/wp\/v2\/categories?post=117734"},{"taxonomy":"post_tag","embeddable":true,"href":"https:\/\/radioljubuski.ba\/index.php\/wp-json\/wp\/v2\/tags?post=117734"}],"curies":[{"name":"wp","href":"https:\/\/api.w.org\/{rel}","templated":true}]}}