{"id":117774,"date":"2022-03-03T13:32:36","date_gmt":"2022-03-03T12:32:36","guid":{"rendered":"https:\/\/radioljubuski.ba\/?p=117774"},"modified":"2022-03-03T13:32:37","modified_gmt":"2022-03-03T12:32:37","slug":"potresna-prica-ukrajinca-cija-je-supruga-poginula-u-napadu-putina-zelim-mrtvog","status":"publish","type":"post","link":"https:\/\/radioljubuski.ba\/index.php\/2022\/03\/03\/potresna-prica-ukrajinca-cija-je-supruga-poginula-u-napadu-putina-zelim-mrtvog\/","title":{"rendered":"Potresna pri\u010da Ukrajinca \u010dija je supruga poginula u napadu: Putina \u017eelim mrtvog"},"content":{"rendered":"\n<p>Oleg jeca pokraj svoje ku\u0107e u \u017ditomiru, sravnjene sa zemljom u ruskom bombardiranju u kojem je poginula njegova supruga Katja. Nada se dvjema stvarima: da je ona &#8220;na nebu&#8221; i da \u0107e Vladimir Putin uskoro u &#8220;vje\u010dni pakao&#8221;.<\/p>\n\n\n\n<p><br>\u017divot Olega Rubaka promijenio se nedugo iza deset sati nave\u010der u utorak. Igrao se sa svojom jednoipolgodi\u0161njom k\u0107eri u dnevnom boravku svoje male ku\u0107e od drva i cigle, blizu centra \u017ditomira, grada 150 kilometara udaljenog od Kijeva.<\/p>\n\n\n\n<p>Rusi su tada napali vojarnu u gradu. Iznenada i ubojito. Prvi projektil pogodio je jednu stranu Olegove ku\u0107e. Dio u kojem se nalazila njegova \u017eena. \u201cZvala se Katja, bilo joj je 29 godina. U jednom sam je trenutku vidio da odlazi u sobu, idu\u0107eg vi\u0161e nije bilo ni\u010dega\u201d, pripovijeda 32-godi\u0161nji in\u017eenjer.<\/p>\n\n\n\n<p>U razgovoru s novinarima ispri\u010dava se zbog suza i mamurluka, zbog neprospavanih no\u0107i. \u201cNadam se da je ona na nebu i da joj je sve savr\u0161eno\u201d, promucao je.<\/p>\n\n\n\n<p>Onda mu je glas oja\u010dao. \u201c\u017delim da cijeli svijet sazna moju pri\u010du o jednostavnoj sre\u0107i koju je uni\u0161tila ruska invazija\u201d.<\/p>\n\n\n\n<p>Pokazuje gomilu ru\u0161evina. \u201cOvdje je bila dje\u010dja soba. Ali vidite, ovo vi\u0161e nije ku\u0107a, nije vi\u0161e soba, ovo je\u2026 Mo\u017eda je to pakao\u201d.<\/p>\n\n\n\n<p>Krater na mjestu ku\u0107e dubok je gotovo pet metara i pun je blata. Okolo su ostaci zidova i okviri namje\u0161taja.<\/p>\n\n\n\n<p>On je pre\u017eivio i nakon udara golim rukama pretra\u017eivao ru\u0161evine. Uz svjetlo mobitela prvo je prona\u0161ao k\u0107er. \u201cNije se micala, ali kad sam je primio za ruku, zaplakala je. Najbolji zvuk u mom \u017eivotu\u201d.<\/p>\n\n\n\n<p>Katji nije bilo pomo\u0107i. &nbsp;\u201cMoram ostati sna\u017ean, svi moraju znati \u0161to se dogodilo\u201d, ka\u017ee.<\/p>\n\n\n\n<p>Nada se da \u0107e Putin platiti najvi\u0161u cijenu za napad. \u201c\u017delim ga mrtvog. \u017delim da se vje\u010dno pe\u010de u paklu\u201d.<\/p>\n\n\n\n<p>U raketiranju \u017ditmomira u utorak nave\u010der poginulo je najmanje troje civila, a dvadesetak ih je ranjeno, po mjesnim vlastima.<\/p>\n\n\n\n<p>Deseci stanovnika ra\u0161\u010di\u0161\u0107avaju ru\u0161evine potpuno uni\u0161tene tr\u017enice u gradskom centru, smje\u0161tene preko puta vojne akademije.<\/p>\n\n\n\n<p>Me\u0111u njima je Katarina \u0160ternova (28) i ne krije da ju je strah. Snagu joj daje solidarnost mje\u0161tana. \u201cSvi smo zajedno, poma\u017eemo si. Ovo je na\u0161a zemlja i \u017eelimo je spasiti. I zato ne\u0107emo odustati\u201d.<\/p>\n\n\n\n<p>Izvor:pogled.ba<\/p>\n","protected":false},"excerpt":{"rendered":"<p>Oleg jeca pokraj svoje ku\u0107e u \u017ditomiru, sravnjene sa zemljom u ruskom bombardiranju u kojem je poginula njegova supruga Katja. Nada se dvjema stvarima: da je ona &#8220;na nebu&#8221; i da \u0107e Vladimir Putin uskoro u &#8220;vje\u010dni pakao&#8221;. \u017divot Olega Rubaka promijenio se nedugo iza deset sati nave\u010der u utorak. Igrao se sa svojom jednoipolgodi\u0161njom [&hellip;]<\/p>\n","protected":false},"author":2,"featured_media":117775,"comment_status":"closed","ping_status":"closed","sticky":false,"template":"","format":"standard","meta":{"h5ap_radio_sources":[],"footnotes":""},"categories":[1],"tags":[],"class_list":["post-117774","post","type-post","status-publish","format-standard","has-post-thumbnail","hentry","category-bihiregija"],"yoast_head":"<!-- This site is optimized with the Yoast SEO plugin v27.5 - https:\/\/yoast.com\/product\/yoast-seo-wordpress\/ -->\n<title>Potresna pri\u010da Ukrajinca \u010dija je supruga poginula u napadu: Putina \u017eelim mrtvog - RADIO LJUBU\u0160KI<\/title>\n<meta name=\"robots\" content=\"index, follow, max-snippet:-1, max-image-preview:large, max-video-preview:-1\" \/>\n<link rel=\"canonical\" href=\"https:\/\/radioljubuski.ba\/index.php\/2022\/03\/03\/potresna-prica-ukrajinca-cija-je-supruga-poginula-u-napadu-putina-zelim-mrtvog\/\" \/>\n<meta property=\"og:locale\" content=\"hr_HR\" \/>\n<meta property=\"og:type\" content=\"article\" \/>\n<meta property=\"og:title\" content=\"Potresna pri\u010da Ukrajinca \u010dija je supruga poginula u napadu: Putina \u017eelim mrtvog - RADIO LJUBU\u0160KI\" \/>\n<meta property=\"og:description\" content=\"Oleg jeca pokraj svoje ku\u0107e u \u017ditomiru, sravnjene sa zemljom u ruskom bombardiranju u kojem je poginula njegova supruga Katja. Nada se dvjema stvarima: da je ona &#8220;na nebu&#8221; i da \u0107e Vladimir Putin uskoro u &#8220;vje\u010dni pakao&#8221;. \u017divot Olega Rubaka promijenio se nedugo iza deset sati nave\u010der u utorak. Igrao se sa svojom jednoipolgodi\u0161njom [&hellip;]\" \/>\n<meta property=\"og:url\" content=\"https:\/\/radioljubuski.ba\/index.php\/2022\/03\/03\/potresna-prica-ukrajinca-cija-je-supruga-poginula-u-napadu-putina-zelim-mrtvog\/\" \/>\n<meta property=\"og:site_name\" content=\"RADIO LJUBU\u0160KI\" \/>\n<meta property=\"article:publisher\" content=\"https:\/\/www.facebook.com\/Radiio-Ljubuski-1490835324566332\" \/>\n<meta property=\"article:published_time\" content=\"2022-03-03T12:32:36+00:00\" \/>\n<meta property=\"article:modified_time\" content=\"2022-03-03T12:32:37+00:00\" \/>\n<meta property=\"og:image\" content=\"https:\/\/radioljubuski.ba\/wp-content\/uploads\/2022\/03\/8-2022-03-03-11-03-52-ZITOMIR.jpg\" \/>\n\t<meta property=\"og:image:width\" content=\"1000\" \/>\n\t<meta property=\"og:image:height\" content=\"625\" \/>\n\t<meta property=\"og:image:type\" content=\"image\/jpeg\" \/>\n<meta name=\"author\" content=\"Radio Ljubu\u0161ki\" \/>\n<meta name=\"twitter:card\" content=\"summary_large_image\" \/>\n<meta name=\"twitter:creator\" content=\"@radioljubuski\" \/>\n<meta name=\"twitter:site\" content=\"@radioljubuski\" \/>\n<meta name=\"twitter:label1\" content=\"Napisao\/la\" \/>\n\t<meta name=\"twitter:data1\" content=\"Radio Ljubu\u0161ki\" \/>\n\t<meta name=\"twitter:label2\" content=\"Procijenjeno vrijeme \u010ditanja\" \/>\n\t<meta name=\"twitter:data2\" content=\"2 minute\" \/>\n<script type=\"application\/ld+json\" class=\"yoast-schema-graph\">{\"@context\":\"https:\\\/\\\/schema.org\",\"@graph\":[{\"@type\":\"Article\",\"@id\":\"https:\\\/\\\/radioljubuski.ba\\\/index.php\\\/2022\\\/03\\\/03\\\/potresna-prica-ukrajinca-cija-je-supruga-poginula-u-napadu-putina-zelim-mrtvog\\\/#article\",\"isPartOf\":{\"@id\":\"https:\\\/\\\/radioljubuski.ba\\\/index.php\\\/2022\\\/03\\\/03\\\/potresna-prica-ukrajinca-cija-je-supruga-poginula-u-napadu-putina-zelim-mrtvog\\\/\"},\"author\":{\"name\":\"Radio Ljubu\u0161ki\",\"@id\":\"https:\\\/\\\/radioljubuski.ba\\\/#\\\/schema\\\/person\\\/19fc700381a780f69665d7956c469e3b\"},\"headline\":\"Potresna pri\u010da Ukrajinca \u010dija je supruga poginula u napadu: Putina \u017eelim mrtvog\",\"datePublished\":\"2022-03-03T12:32:36+00:00\",\"dateModified\":\"2022-03-03T12:32:37+00:00\",\"mainEntityOfPage\":{\"@id\":\"https:\\\/\\\/radioljubuski.ba\\\/index.php\\\/2022\\\/03\\\/03\\\/potresna-prica-ukrajinca-cija-je-supruga-poginula-u-napadu-putina-zelim-mrtvog\\\/\"},\"wordCount\":418,\"publisher\":{\"@id\":\"https:\\\/\\\/radioljubuski.ba\\\/#organization\"},\"image\":{\"@id\":\"https:\\\/\\\/radioljubuski.ba\\\/index.php\\\/2022\\\/03\\\/03\\\/potresna-prica-ukrajinca-cija-je-supruga-poginula-u-napadu-putina-zelim-mrtvog\\\/#primaryimage\"},\"thumbnailUrl\":\"https:\\\/\\\/radioljubuski.ba\\\/wp-content\\\/uploads\\\/2022\\\/03\\\/8-2022-03-03-11-03-52-ZITOMIR.jpg\",\"articleSection\":[\"BIH i regija\"],\"inLanguage\":\"hr\"},{\"@type\":\"WebPage\",\"@id\":\"https:\\\/\\\/radioljubuski.ba\\\/index.php\\\/2022\\\/03\\\/03\\\/potresna-prica-ukrajinca-cija-je-supruga-poginula-u-napadu-putina-zelim-mrtvog\\\/\",\"url\":\"https:\\\/\\\/radioljubuski.ba\\\/index.php\\\/2022\\\/03\\\/03\\\/potresna-prica-ukrajinca-cija-je-supruga-poginula-u-napadu-putina-zelim-mrtvog\\\/\",\"name\":\"Potresna pri\u010da Ukrajinca \u010dija je supruga poginula u napadu: Putina \u017eelim mrtvog - RADIO LJUBU\u0160KI\",\"isPartOf\":{\"@id\":\"https:\\\/\\\/radioljubuski.ba\\\/#website\"},\"primaryImageOfPage\":{\"@id\":\"https:\\\/\\\/radioljubuski.ba\\\/index.php\\\/2022\\\/03\\\/03\\\/potresna-prica-ukrajinca-cija-je-supruga-poginula-u-napadu-putina-zelim-mrtvog\\\/#primaryimage\"},\"image\":{\"@id\":\"https:\\\/\\\/radioljubuski.ba\\\/index.php\\\/2022\\\/03\\\/03\\\/potresna-prica-ukrajinca-cija-je-supruga-poginula-u-napadu-putina-zelim-mrtvog\\\/#primaryimage\"},\"thumbnailUrl\":\"https:\\\/\\\/radioljubuski.ba\\\/wp-content\\\/uploads\\\/2022\\\/03\\\/8-2022-03-03-11-03-52-ZITOMIR.jpg\",\"datePublished\":\"2022-03-03T12:32:36+00:00\",\"dateModified\":\"2022-03-03T12:32:37+00:00\",\"breadcrumb\":{\"@id\":\"https:\\\/\\\/radioljubuski.ba\\\/index.php\\\/2022\\\/03\\\/03\\\/potresna-prica-ukrajinca-cija-je-supruga-poginula-u-napadu-putina-zelim-mrtvog\\\/#breadcrumb\"},\"inLanguage\":\"hr\",\"potentialAction\":[{\"@type\":\"ReadAction\",\"target\":[\"https:\\\/\\\/radioljubuski.ba\\\/index.php\\\/2022\\\/03\\\/03\\\/potresna-prica-ukrajinca-cija-je-supruga-poginula-u-napadu-putina-zelim-mrtvog\\\/\"]}]},{\"@type\":\"ImageObject\",\"inLanguage\":\"hr\",\"@id\":\"https:\\\/\\\/radioljubuski.ba\\\/index.php\\\/2022\\\/03\\\/03\\\/potresna-prica-ukrajinca-cija-je-supruga-poginula-u-napadu-putina-zelim-mrtvog\\\/#primaryimage\",\"url\":\"https:\\\/\\\/radioljubuski.ba\\\/wp-content\\\/uploads\\\/2022\\\/03\\\/8-2022-03-03-11-03-52-ZITOMIR.jpg\",\"contentUrl\":\"https:\\\/\\\/radioljubuski.ba\\\/wp-content\\\/uploads\\\/2022\\\/03\\\/8-2022-03-03-11-03-52-ZITOMIR.jpg\",\"width\":1000,\"height\":625},{\"@type\":\"BreadcrumbList\",\"@id\":\"https:\\\/\\\/radioljubuski.ba\\\/index.php\\\/2022\\\/03\\\/03\\\/potresna-prica-ukrajinca-cija-je-supruga-poginula-u-napadu-putina-zelim-mrtvog\\\/#breadcrumb\",\"itemListElement\":[{\"@type\":\"ListItem\",\"position\":1,\"name\":\"Po\u010detna stranica\",\"item\":\"https:\\\/\\\/radioljubuski.ba\\\/\"},{\"@type\":\"ListItem\",\"position\":2,\"name\":\"Potresna pri\u010da Ukrajinca \u010dija je supruga poginula u napadu: Putina \u017eelim mrtvog\"}]},{\"@type\":\"WebSite\",\"@id\":\"https:\\\/\\\/radioljubuski.ba\\\/#website\",\"url\":\"https:\\\/\\\/radioljubuski.ba\\\/\",\"name\":\"Radio Ljubu\u0161ki\",\"description\":\"Sun\u010dana frekvencija Hercegovine\",\"publisher\":{\"@id\":\"https:\\\/\\\/radioljubuski.ba\\\/#organization\"},\"potentialAction\":[{\"@type\":\"SearchAction\",\"target\":{\"@type\":\"EntryPoint\",\"urlTemplate\":\"https:\\\/\\\/radioljubuski.ba\\\/?s={search_term_string}\"},\"query-input\":{\"@type\":\"PropertyValueSpecification\",\"valueRequired\":true,\"valueName\":\"search_term_string\"}}],\"inLanguage\":\"hr\"},{\"@type\":\"Organization\",\"@id\":\"https:\\\/\\\/radioljubuski.ba\\\/#organization\",\"name\":\"Radio Ljubu\u0161ki\",\"url\":\"https:\\\/\\\/radioljubuski.ba\\\/\",\"logo\":{\"@type\":\"ImageObject\",\"inLanguage\":\"hr\",\"@id\":\"https:\\\/\\\/radioljubuski.ba\\\/#\\\/schema\\\/logo\\\/image\\\/\",\"url\":\"https:\\\/\\\/radioljubuski.ba\\\/wp-content\\\/uploads\\\/2021\\\/02\\\/cropped-Radio_Ljubuski_logo1.jpg\",\"contentUrl\":\"https:\\\/\\\/radioljubuski.ba\\\/wp-content\\\/uploads\\\/2021\\\/02\\\/cropped-Radio_Ljubuski_logo1.jpg\",\"width\":512,\"height\":512,\"caption\":\"Radio Ljubu\u0161ki\"},\"image\":{\"@id\":\"https:\\\/\\\/radioljubuski.ba\\\/#\\\/schema\\\/logo\\\/image\\\/\"},\"sameAs\":[\"https:\\\/\\\/www.facebook.com\\\/Radiio-Ljubuski-1490835324566332\",\"https:\\\/\\\/x.com\\\/radioljubuski\",\"https:\\\/\\\/hr.linkedin.com\\\/company\\\/radio-ljubuski\",\"https:\\\/\\\/www.youtube.com\\\/channel\\\/UCHYaeO_n0Db3tjNGudGpXyw\"]},{\"@type\":\"Person\",\"@id\":\"https:\\\/\\\/radioljubuski.ba\\\/#\\\/schema\\\/person\\\/19fc700381a780f69665d7956c469e3b\",\"name\":\"Radio Ljubu\u0161ki\"}]}<\/script>\n<!-- \/ Yoast SEO plugin. -->","yoast_head_json":{"title":"Potresna pri\u010da Ukrajinca \u010dija je supruga poginula u napadu: Putina \u017eelim mrtvog - RADIO LJUBU\u0160KI","robots":{"index":"index","follow":"follow","max-snippet":"max-snippet:-1","max-image-preview":"max-image-preview:large","max-video-preview":"max-video-preview:-1"},"canonical":"https:\/\/radioljubuski.ba\/index.php\/2022\/03\/03\/potresna-prica-ukrajinca-cija-je-supruga-poginula-u-napadu-putina-zelim-mrtvog\/","og_locale":"hr_HR","og_type":"article","og_title":"Potresna pri\u010da Ukrajinca \u010dija je supruga poginula u napadu: Putina \u017eelim mrtvog - RADIO LJUBU\u0160KI","og_description":"Oleg jeca pokraj svoje ku\u0107e u \u017ditomiru, sravnjene sa zemljom u ruskom bombardiranju u kojem je poginula njegova supruga Katja. Nada se dvjema stvarima: da je ona &#8220;na nebu&#8221; i da \u0107e Vladimir Putin uskoro u &#8220;vje\u010dni pakao&#8221;. \u017divot Olega Rubaka promijenio se nedugo iza deset sati nave\u010der u utorak. Igrao se sa svojom jednoipolgodi\u0161njom [&hellip;]","og_url":"https:\/\/radioljubuski.ba\/index.php\/2022\/03\/03\/potresna-prica-ukrajinca-cija-je-supruga-poginula-u-napadu-putina-zelim-mrtvog\/","og_site_name":"RADIO LJUBU\u0160KI","article_publisher":"https:\/\/www.facebook.com\/Radiio-Ljubuski-1490835324566332","article_published_time":"2022-03-03T12:32:36+00:00","article_modified_time":"2022-03-03T12:32:37+00:00","og_image":[{"width":1000,"height":625,"url":"https:\/\/radioljubuski.ba\/wp-content\/uploads\/2022\/03\/8-2022-03-03-11-03-52-ZITOMIR.jpg","type":"image\/jpeg"}],"author":"Radio Ljubu\u0161ki","twitter_card":"summary_large_image","twitter_creator":"@radioljubuski","twitter_site":"@radioljubuski","twitter_misc":{"Napisao\/la":"Radio Ljubu\u0161ki","Procijenjeno vrijeme \u010ditanja":"2 minute"},"schema":{"@context":"https:\/\/schema.org","@graph":[{"@type":"Article","@id":"https:\/\/radioljubuski.ba\/index.php\/2022\/03\/03\/potresna-prica-ukrajinca-cija-je-supruga-poginula-u-napadu-putina-zelim-mrtvog\/#article","isPartOf":{"@id":"https:\/\/radioljubuski.ba\/index.php\/2022\/03\/03\/potresna-prica-ukrajinca-cija-je-supruga-poginula-u-napadu-putina-zelim-mrtvog\/"},"author":{"name":"Radio Ljubu\u0161ki","@id":"https:\/\/radioljubuski.ba\/#\/schema\/person\/19fc700381a780f69665d7956c469e3b"},"headline":"Potresna pri\u010da Ukrajinca \u010dija je supruga poginula u napadu: Putina \u017eelim mrtvog","datePublished":"2022-03-03T12:32:36+00:00","dateModified":"2022-03-03T12:32:37+00:00","mainEntityOfPage":{"@id":"https:\/\/radioljubuski.ba\/index.php\/2022\/03\/03\/potresna-prica-ukrajinca-cija-je-supruga-poginula-u-napadu-putina-zelim-mrtvog\/"},"wordCount":418,"publisher":{"@id":"https:\/\/radioljubuski.ba\/#organization"},"image":{"@id":"https:\/\/radioljubuski.ba\/index.php\/2022\/03\/03\/potresna-prica-ukrajinca-cija-je-supruga-poginula-u-napadu-putina-zelim-mrtvog\/#primaryimage"},"thumbnailUrl":"https:\/\/radioljubuski.ba\/wp-content\/uploads\/2022\/03\/8-2022-03-03-11-03-52-ZITOMIR.jpg","articleSection":["BIH i regija"],"inLanguage":"hr"},{"@type":"WebPage","@id":"https:\/\/radioljubuski.ba\/index.php\/2022\/03\/03\/potresna-prica-ukrajinca-cija-je-supruga-poginula-u-napadu-putina-zelim-mrtvog\/","url":"https:\/\/radioljubuski.ba\/index.php\/2022\/03\/03\/potresna-prica-ukrajinca-cija-je-supruga-poginula-u-napadu-putina-zelim-mrtvog\/","name":"Potresna pri\u010da Ukrajinca \u010dija je supruga poginula u napadu: Putina \u017eelim mrtvog - RADIO LJUBU\u0160KI","isPartOf":{"@id":"https:\/\/radioljubuski.ba\/#website"},"primaryImageOfPage":{"@id":"https:\/\/radioljubuski.ba\/index.php\/2022\/03\/03\/potresna-prica-ukrajinca-cija-je-supruga-poginula-u-napadu-putina-zelim-mrtvog\/#primaryimage"},"image":{"@id":"https:\/\/radioljubuski.ba\/index.php\/2022\/03\/03\/potresna-prica-ukrajinca-cija-je-supruga-poginula-u-napadu-putina-zelim-mrtvog\/#primaryimage"},"thumbnailUrl":"https:\/\/radioljubuski.ba\/wp-content\/uploads\/2022\/03\/8-2022-03-03-11-03-52-ZITOMIR.jpg","datePublished":"2022-03-03T12:32:36+00:00","dateModified":"2022-03-03T12:32:37+00:00","breadcrumb":{"@id":"https:\/\/radioljubuski.ba\/index.php\/2022\/03\/03\/potresna-prica-ukrajinca-cija-je-supruga-poginula-u-napadu-putina-zelim-mrtvog\/#breadcrumb"},"inLanguage":"hr","potentialAction":[{"@type":"ReadAction","target":["https:\/\/radioljubuski.ba\/index.php\/2022\/03\/03\/potresna-prica-ukrajinca-cija-je-supruga-poginula-u-napadu-putina-zelim-mrtvog\/"]}]},{"@type":"ImageObject","inLanguage":"hr","@id":"https:\/\/radioljubuski.ba\/index.php\/2022\/03\/03\/potresna-prica-ukrajinca-cija-je-supruga-poginula-u-napadu-putina-zelim-mrtvog\/#primaryimage","url":"https:\/\/radioljubuski.ba\/wp-content\/uploads\/2022\/03\/8-2022-03-03-11-03-52-ZITOMIR.jpg","contentUrl":"https:\/\/radioljubuski.ba\/wp-content\/uploads\/2022\/03\/8-2022-03-03-11-03-52-ZITOMIR.jpg","width":1000,"height":625},{"@type":"BreadcrumbList","@id":"https:\/\/radioljubuski.ba\/index.php\/2022\/03\/03\/potresna-prica-ukrajinca-cija-je-supruga-poginula-u-napadu-putina-zelim-mrtvog\/#breadcrumb","itemListElement":[{"@type":"ListItem","position":1,"name":"Po\u010detna stranica","item":"https:\/\/radioljubuski.ba\/"},{"@type":"ListItem","position":2,"name":"Potresna pri\u010da Ukrajinca \u010dija je supruga poginula u napadu: Putina \u017eelim mrtvog"}]},{"@type":"WebSite","@id":"https:\/\/radioljubuski.ba\/#website","url":"https:\/\/radioljubuski.ba\/","name":"Radio Ljubu\u0161ki","description":"Sun\u010dana frekvencija Hercegovine","publisher":{"@id":"https:\/\/radioljubuski.ba\/#organization"},"potentialAction":[{"@type":"SearchAction","target":{"@type":"EntryPoint","urlTemplate":"https:\/\/radioljubuski.ba\/?s={search_term_string}"},"query-input":{"@type":"PropertyValueSpecification","valueRequired":true,"valueName":"search_term_string"}}],"inLanguage":"hr"},{"@type":"Organization","@id":"https:\/\/radioljubuski.ba\/#organization","name":"Radio Ljubu\u0161ki","url":"https:\/\/radioljubuski.ba\/","logo":{"@type":"ImageObject","inLanguage":"hr","@id":"https:\/\/radioljubuski.ba\/#\/schema\/logo\/image\/","url":"https:\/\/radioljubuski.ba\/wp-content\/uploads\/2021\/02\/cropped-Radio_Ljubuski_logo1.jpg","contentUrl":"https:\/\/radioljubuski.ba\/wp-content\/uploads\/2021\/02\/cropped-Radio_Ljubuski_logo1.jpg","width":512,"height":512,"caption":"Radio Ljubu\u0161ki"},"image":{"@id":"https:\/\/radioljubuski.ba\/#\/schema\/logo\/image\/"},"sameAs":["https:\/\/www.facebook.com\/Radiio-Ljubuski-1490835324566332","https:\/\/x.com\/radioljubuski","https:\/\/hr.linkedin.com\/company\/radio-ljubuski","https:\/\/www.youtube.com\/channel\/UCHYaeO_n0Db3tjNGudGpXyw"]},{"@type":"Person","@id":"https:\/\/radioljubuski.ba\/#\/schema\/person\/19fc700381a780f69665d7956c469e3b","name":"Radio Ljubu\u0161ki"}]}},"_links":{"self":[{"href":"https:\/\/radioljubuski.ba\/index.php\/wp-json\/wp\/v2\/posts\/117774","targetHints":{"allow":["GET"]}}],"collection":[{"href":"https:\/\/radioljubuski.ba\/index.php\/wp-json\/wp\/v2\/posts"}],"about":[{"href":"https:\/\/radioljubuski.ba\/index.php\/wp-json\/wp\/v2\/types\/post"}],"author":[{"embeddable":true,"href":"https:\/\/radioljubuski.ba\/index.php\/wp-json\/wp\/v2\/users\/2"}],"replies":[{"embeddable":true,"href":"https:\/\/radioljubuski.ba\/index.php\/wp-json\/wp\/v2\/comments?post=117774"}],"version-history":[{"count":1,"href":"https:\/\/radioljubuski.ba\/index.php\/wp-json\/wp\/v2\/posts\/117774\/revisions"}],"predecessor-version":[{"id":117776,"href":"https:\/\/radioljubuski.ba\/index.php\/wp-json\/wp\/v2\/posts\/117774\/revisions\/117776"}],"wp:featuredmedia":[{"embeddable":true,"href":"https:\/\/radioljubuski.ba\/index.php\/wp-json\/wp\/v2\/media\/117775"}],"wp:attachment":[{"href":"https:\/\/radioljubuski.ba\/index.php\/wp-json\/wp\/v2\/media?parent=117774"}],"wp:term":[{"taxonomy":"category","embeddable":true,"href":"https:\/\/radioljubuski.ba\/index.php\/wp-json\/wp\/v2\/categories?post=117774"},{"taxonomy":"post_tag","embeddable":true,"href":"https:\/\/radioljubuski.ba\/index.php\/wp-json\/wp\/v2\/tags?post=117774"}],"curies":[{"name":"wp","href":"https:\/\/api.w.org\/{rel}","templated":true}]}}