{"id":117797,"date":"2022-03-03T13:45:34","date_gmt":"2022-03-03T12:45:34","guid":{"rendered":"https:\/\/radioljubuski.ba\/?p=117797"},"modified":"2022-03-03T13:45:35","modified_gmt":"2022-03-03T12:45:35","slug":"proruske-grupe-u-bih-slave-napad-na-ukrajinu-ali-ne-tako-glasno","status":"publish","type":"post","link":"https:\/\/radioljubuski.ba\/index.php\/2022\/03\/03\/proruske-grupe-u-bih-slave-napad-na-ukrajinu-ali-ne-tako-glasno\/","title":{"rendered":"Proruske grupe u BiH slave napad na Ukrajinu, ali ne tako glasno"},"content":{"rendered":"\n<p>Nekoliko proruskih organizacija u Bosni i Hercegovini podr\u017ealo je Rusiju u napadu na Ukrajinu na svojim dru\u0161tvenim mre\u017eama, ali nisu se sve koje je ranije mapirala Balkanska istra\u017eiva\u010dka mre\u017ea Bosne i Hercegovine (BIRN BiH) oglasile skoro sedmicu od po\u010detka invazije.<\/p>\n\n\n\n<p>Nakon mjesec bez objava, No\u0107ni vukovi Republike Srpske krajem velja\u010de po\u010deli su s nizom objava u kojima podr\u017eavaju ruski napad na Ukrajinu. Goran Tadi\u0107, potpredsjednik ogranka za BiH, organizacije \u010diji su \u010dlanovi iz Rusije i Ukrajine sudjelovali u odvajanju Krima i borbama u Donbasu, podijelio je u grupi fotografiju s plakatom podr\u0161ke Rusiji izvje\u0161enim u Banjaluci 22. velja\u010de, pi\u0161e Detektor.&nbsp;<\/p>\n\n\n\n<p>Tadi\u0107 je na ovu grupu postavio i videosnimak na kojem Alexander Zaldostanov, osniva\u010d i vo\u0111a No\u0107nih vukova iz Rusije, izme\u0111u ostalog, zahvaljuje predsjedniku Rusije Vladimiru Putinu na priznanju Donbasa i navodi kako su Vukovi pomogli u naporima da se \u201cneprijatelj otjera sa praga\u201d ali da ne mogu vi\u0161e \u010dekati ni sat jer su u ukrajinskoj okupiranoj teritoriji Donbasu \u201cbra\u0107a i prijatelji\u201d.<\/p>\n\n\n\n<p>\u201cMi nismo politi\u010dka stranka, niti pretendujemo na vlast, ali kao gra\u0111ani Rusije podr\u017eavamo va\u0161u odluku da priznate Donbas. \u2018Donbas-Rusija, Kijev-Rusija, Kosovo-Srbija!\u2019\u201d, izjavio je Zaldostanov na videu.<\/p>\n\n\n\n<p>Tadi\u0107 je podijelio i fotografije Zaldostanova i ruskog predsjednika Vladimira Putina te vijest o ruskom ulasku u Kijev. On nije odgovarao na pozive za komentar.<\/p>\n\n\n\n<p>BIRN BiH ranije je pisao da se No\u0107ni vukovi smatraju jednim od va\u017enih na\u010dina na koji Rusija \u0161iri svoj utjecaj, a predsjedniku ovog kluba Zaldastanov zvanom Kirurg ulaz je zabranjen u najmanje dvije dr\u017eave Europske unije, Sjedinjene Ameri\u010dke Dr\u017eave (SAD) i Kanadu te Bosnu i Hercegovinu.<\/p>\n\n\n\n<p>SAD su optu\u017eile \u010dlanove grupe za u\u010de\u0161\u0107e u prethodnim sukobima u Ukrajini i zbog toga ih stavile pod sankcije. Uz predsjednika kluba, \u010dija se fotografija nalazi na zidovima klupskih ku\u0107a u \u0160amcu i Br\u010dkom, pod sankcije su tada stavljeni i No\u0107ni vukovi kao grupa.<\/p>\n\n\n\n<p>Kenan Hod\u017ei\u0107 s Fakulteta za kriminalistiku, kriminologiju i sigurnosne studije Univerziteta u Sarajevu rekao je za BIRN BiH kako podr\u0161ka Rusiji od razgranate i masovne mre\u017ee razli\u010ditih skupina u Bosni i Hercegovini koje prenose antizapadno raspolo\u017eenje nije izostala.<\/p>\n\n\n\n<p>Dodaje da su u BiH u posljednjih pet godina instrumenti i snage ruskog suprotstavljanja proklamiranim euroatlantskim orijentacijama postale brojnije i slo\u017eenije.<\/p>\n\n\n\n<p>\u201cTo sve prati i strate\u0161ko raspore\u0111ivanje rusko-srpskih centara i takve ideolo\u0161ke i mobilizacijske rizike ne treba podcjenjivati, naro\u010dito jer se promoviraju neofa\u0161isti\u010dke, nacionalne i vjerske supremacije\u201d, ka\u017ee Hod\u017ei\u0107.<\/p>\n\n\n\n<p>Drugim proruskim organizacijama u BiH trebalo je du\u017ee vremena ili se jo\u0161 uvijek nisu oglasile nakon \u0161to je ruska vojska 24. velja\u010de napala Ukrajinu.<\/p>\n\n\n\n<p>Neregistriranoj humanitarnoj organizaciji Sveti Georgije iz Lon\u010dara trebalo je \u010detiri dana da prvi put \u201cosjeti potrebu\u201d da se oglasi o ratu u Ukrajini. \u010clanovi ove organizacije na svojoj odje\u0107i nose naziv Rusije.<\/p>\n\n\n\n<p>Nakon uvoda o \u017ealjenju gubitaka \u017eivota svih civilnih \u017ertava ovog \u201csvetog rata\u201d, \u0161to je obja\u0161njeno \u010dinjenicom da se radi o ve\u0107inski pravoslavnim narodima koji su zbog \u201czapadnog sistema\u201d podigli ruke jedni na druge, \u010dlanovi organizacije optu\u017eili su SAD za niz sukoba \u0161irom svijeta te agresiju na Srbiju. Oni smatraju da bi rat mogao dovesti do potpunog ekonomskog kraha siroma\u0161nih zemalja kao \u0161to su zemlje na Balkanu.<\/p>\n\n\n\n<p>\u201cSuosje\u0107amo se sa svim pravoslavnim narodom u Ukrajini a i ostalima, ali se isto tako nadamo da \u0107e im ovo biti savjet za sve budu\u0107e generacije, a i za sve ostale zemlje i politi\u010dare da im prijateljstvo s EU i SAD mo\u017ee samo do\u0107i glave\u201d, objavili su na svojoj Facebook stranici u objavi u kojoj se Albanci nazivaju pogrdnim nazivom.<\/p>\n\n\n\n<p>Na kraju posta u kojem su poslali \u201cpunu podr\u0161ku na\u0161oj majci Rusiji\u201d slavi se Putin.<\/p>\n\n\n\n<p>\u201c\u017divjele Republika Srpska i Srbija, \u017eivjela na\u0161a majka Rusija\u201d, navodi se u objavi.<\/p>\n\n\n\n<p>Vo\u0111a organizacije Sr\u0111an Leti\u0107 nedavno je tijekom proslave neustavnog Dana Republike Srpske rekao kako su \u010dlanovi organizacije spremni \u201cdati krv\u201d za Republiku Srpsku kakvu je vidi Milorad Dodik. Leti\u0107 je ranije vi\u0161e puta osu\u0111ivan a u sije\u010dnju je osu\u0111en na \u0161est mjeseci zatvorske kazne za nano\u0161enje te\u0161kih tjelesnih povreda.<\/p>\n\n\n\n<p>Profesor na Fakultetu politi\u010dkih nauka u Sarajevu Damir Kapid\u017ei\u0107 kazao je za BIRN BiH da su pored vjerskih i ideolo\u0161kih veza i bliskosti sa sli\u010dnim organizacijama u drugim dr\u017eavama, proruske skupine iz BiH potpomognute financijskom podr\u0161kom ruskog veleposlanstva BiH i drugih.<\/p>\n\n\n\n<p>\u201cNajprije je to spoj osobnih interesa vo\u0111a tih skupina, njihovih osobnih autoritarnih vrijednosti i pronalaska radikalne ideolo\u0161ke matrice u militantnoj podr\u0161ci ruskim interesima\u201d, rekao je on i dodao da kulturolo\u0161ki aspekt promoviranja svega ruskog tek dolazi kao sekundarni efekt.<\/p>\n\n\n\n<p>Hod\u017ei\u0107 tako\u0111er smatra da se direktniji i jasniji oblici ruske podr\u0161ke mogu prona\u0107i u ogromnom potencijalu da postoje\u0107e organizacije i skupine dodatno financijski i materijalno podr\u017ee u podriva\u010dkim aktivnostima, militarizaciji i radikalizaciji mladih.<\/p>\n\n\n\n<p>Veterani Republike Srpske, organizacije \u010diji \u010dlanovi i predsjednik Du\u0161ko Vukoti\u0107 ponosno isti\u010du privr\u017eenost Rusiji, nisu se ogla\u0161avali na Facebooku nakon 23. velja\u010de.<\/p>\n\n\n\n<p>Drugo udru\u017eenje veterana, \u201cGarda Panteri\u201d iz Bijeljine, od po\u010detka ruske invazije na Ukrajinu objavljuje sadr\u017eaje kojima se priziva ruska pobjeda.<\/p>\n\n\n\n<p>Dok su se divili napredovanju ruske vojske u prvim danima napada na stranici udru\u017eenja su objavljene i ove poruke: \u201cHajde sad nek neko ode u Ukrajinu i na liniji fronta vikne tegbir\u201d i \u201cRusi jo\u0161 malo prezaju od ovih iz Bu\u017eima\u201d.<\/p>\n\n\n\n<p>Navija\u010dke grupe koje su do sada pokazivale naklonost Rusiji u BiH uglavnom se nisu ogla\u0161avale o ratu u Ukrajini. Navija\u010di Radnika iz Bijeljine, koji sebe nazivaju \u201cIncident\u201d, 28. velja\u010de su na gradskom stadionu istaknuli zastavu Rusije i transparent na kome je pisalo: \u201c\u043b\u0443\u0447\u0448\u0435 \u0432\u0441\u0435\u0445 \u043f\u0443\u0442\u0435\u0448\u0435\u0441\u0442\u0432\u0443\u0435\u0442 \u0442\u043e\u0442 \u043a\u0442\u043e \u0437\u043d\u0430\u0435\u0442 \u043a\u043e\u0433\u0434\u0430 \u0432\u0435\u0440\u043d\u0443\u0442\u0441\u044f (najbolji putnik je onaj koji zna kada \u0107e se vratiti).\u201d<\/p>\n\n\n\n<p>Balkanska koza\u010dka vojska, organizacija koja okuplja i ruske dobrovoljce iz rata u BiH i \u010diji su predstavnici ranije pozivali na odlazak u rat u regiji Donbas, nisu se na Facebooku ogla\u0161avali nakon po\u010detka napada na Ukrajinu.<\/p>\n\n\n\n<p>Predsjednik Aktiva mladih Ujedinjene Srpske Mile Aljeti\u0107, koji je sudjelovao u radu ruske organizacije \u201cNasljednici pobjede\u201d, nije objavljivao postove na Facebooku. Predsjednik Ujedinjene Srpske Nenad Stevandi\u0107 na svom Twitter profilu objavio je kako je NATO tri mjeseca bombardirao \u201cmalu\u201d Srbiju i kako \u201cnijedan strani vojnik nije u\u0161ao na na\u0161u teritoriju\u201d.<\/p>\n\n\n\n<p>\u201cNije ba\u0161 isto, ali u Ukrajini za nepuna dva dana su u glavnom gradu. Srbija je danas mnogo ja\u010da i pametnija. Ponos i ljubav\u201d, napisao je Stevandi\u0107.<\/p>\n\n\n\n<p>On za BIRN BiH ka\u017ee da je njegova objava bila isklju\u010divo u vezi sa Srbijom.<\/p>\n\n\n\n<p>\u201cNije nikakva tajna da su u emotivnom smislu Srbi bli\u017ei Rusima i da \u0161to god da vam ka\u017eu i na zapadu i svuda se to tuma\u010di kao podr\u0161ka Rusiji\u201d, navodi on i dodaje kako smatra da je rat veliko zlo.<\/p>\n\n\n\n<p>\u201cJa \u017ealim za bilo kojom \u017ertvom bilo s ruske bilo s ukrajinske strane\u201d, govori Stevandi\u0107.<\/p>\n\n\n\n<p>Hod\u017ei\u0107 smatra da vi\u0161e proruskih organizacija u BiH ima bliske veze sa vladaju\u0107im strankama u Republici Srpskoj, i posebno sa Miloradom Dodikom, koji, po njemu, u posljednje vrijeme sve vi\u0161e izra\u017eavaju \u201csecesionisti\u010dke te\u017enje i lojalnost Rusiji\u201d.<\/p>\n\n\n\n<p>\u201cZbog toga se trenutna ti\u0161ina mo\u017ee promijeniti ka scenarijima koji su ranije dogovoreni\u201d, kazao je Hod\u017ei\u0107.<\/p>\n\n\n\n<p>Izvor:N1<\/p>\n","protected":false},"excerpt":{"rendered":"<p>Nekoliko proruskih organizacija u Bosni i Hercegovini podr\u017ealo je Rusiju u napadu na Ukrajinu na svojim dru\u0161tvenim mre\u017eama, ali nisu se sve koje je ranije mapirala Balkanska istra\u017eiva\u010dka mre\u017ea Bosne i Hercegovine (BIRN BiH) oglasile skoro sedmicu od po\u010detka invazije. Nakon mjesec bez objava, No\u0107ni vukovi Republike Srpske krajem velja\u010de po\u010deli su s nizom objava [&hellip;]<\/p>\n","protected":false},"author":2,"featured_media":117798,"comment_status":"closed","ping_status":"closed","sticky":false,"template":"","format":"standard","meta":{"h5ap_radio_sources":[],"footnotes":""},"categories":[1],"tags":[],"class_list":["post-117797","post","type-post","status-publish","format-standard","has-post-thumbnail","hentry","category-bihiregija"],"yoast_head":"<!-- This site is optimized with the Yoast SEO plugin v27.5 - https:\/\/yoast.com\/product\/yoast-seo-wordpress\/ -->\n<title>Proruske grupe u BiH slave napad na Ukrajinu, ali ne tako glasno - RADIO LJUBU\u0160KI<\/title>\n<meta name=\"robots\" content=\"index, follow, max-snippet:-1, max-image-preview:large, max-video-preview:-1\" \/>\n<link rel=\"canonical\" href=\"https:\/\/radioljubuski.ba\/index.php\/2022\/03\/03\/proruske-grupe-u-bih-slave-napad-na-ukrajinu-ali-ne-tako-glasno\/\" \/>\n<meta property=\"og:locale\" content=\"hr_HR\" \/>\n<meta property=\"og:type\" content=\"article\" \/>\n<meta property=\"og:title\" content=\"Proruske grupe u BiH slave napad na Ukrajinu, ali ne tako glasno - RADIO LJUBU\u0160KI\" \/>\n<meta property=\"og:description\" content=\"Nekoliko proruskih organizacija u Bosni i Hercegovini podr\u017ealo je Rusiju u napadu na Ukrajinu na svojim dru\u0161tvenim mre\u017eama, ali nisu se sve koje je ranije mapirala Balkanska istra\u017eiva\u010dka mre\u017ea Bosne i Hercegovine (BIRN BiH) oglasile skoro sedmicu od po\u010detka invazije. Nakon mjesec bez objava, No\u0107ni vukovi Republike Srpske krajem velja\u010de po\u010deli su s nizom objava [&hellip;]\" \/>\n<meta property=\"og:url\" content=\"https:\/\/radioljubuski.ba\/index.php\/2022\/03\/03\/proruske-grupe-u-bih-slave-napad-na-ukrajinu-ali-ne-tako-glasno\/\" \/>\n<meta property=\"og:site_name\" content=\"RADIO LJUBU\u0160KI\" \/>\n<meta property=\"article:publisher\" content=\"https:\/\/www.facebook.com\/Radiio-Ljubuski-1490835324566332\" \/>\n<meta property=\"article:published_time\" content=\"2022-03-03T12:45:34+00:00\" \/>\n<meta property=\"article:modified_time\" content=\"2022-03-03T12:45:35+00:00\" \/>\n<meta property=\"og:image\" content=\"https:\/\/radioljubuski.ba\/wp-content\/uploads\/2022\/03\/3-2022-03-03-13-09-20-pro.jpg\" \/>\n\t<meta property=\"og:image:width\" content=\"1000\" \/>\n\t<meta property=\"og:image:height\" content=\"625\" \/>\n\t<meta property=\"og:image:type\" content=\"image\/jpeg\" \/>\n<meta name=\"author\" content=\"Radio Ljubu\u0161ki\" \/>\n<meta name=\"twitter:card\" content=\"summary_large_image\" \/>\n<meta name=\"twitter:creator\" content=\"@radioljubuski\" \/>\n<meta name=\"twitter:site\" content=\"@radioljubuski\" \/>\n<meta name=\"twitter:label1\" content=\"Napisao\/la\" \/>\n\t<meta name=\"twitter:data1\" content=\"Radio Ljubu\u0161ki\" \/>\n\t<meta name=\"twitter:label2\" content=\"Procijenjeno vrijeme \u010ditanja\" \/>\n\t<meta name=\"twitter:data2\" content=\"5 minuta\" \/>\n<script type=\"application\/ld+json\" class=\"yoast-schema-graph\">{\"@context\":\"https:\\\/\\\/schema.org\",\"@graph\":[{\"@type\":\"Article\",\"@id\":\"https:\\\/\\\/radioljubuski.ba\\\/index.php\\\/2022\\\/03\\\/03\\\/proruske-grupe-u-bih-slave-napad-na-ukrajinu-ali-ne-tako-glasno\\\/#article\",\"isPartOf\":{\"@id\":\"https:\\\/\\\/radioljubuski.ba\\\/index.php\\\/2022\\\/03\\\/03\\\/proruske-grupe-u-bih-slave-napad-na-ukrajinu-ali-ne-tako-glasno\\\/\"},\"author\":{\"name\":\"Radio Ljubu\u0161ki\",\"@id\":\"https:\\\/\\\/radioljubuski.ba\\\/#\\\/schema\\\/person\\\/19fc700381a780f69665d7956c469e3b\"},\"headline\":\"Proruske grupe u BiH slave napad na Ukrajinu, ali ne tako glasno\",\"datePublished\":\"2022-03-03T12:45:34+00:00\",\"dateModified\":\"2022-03-03T12:45:35+00:00\",\"mainEntityOfPage\":{\"@id\":\"https:\\\/\\\/radioljubuski.ba\\\/index.php\\\/2022\\\/03\\\/03\\\/proruske-grupe-u-bih-slave-napad-na-ukrajinu-ali-ne-tako-glasno\\\/\"},\"wordCount\":1294,\"publisher\":{\"@id\":\"https:\\\/\\\/radioljubuski.ba\\\/#organization\"},\"image\":{\"@id\":\"https:\\\/\\\/radioljubuski.ba\\\/index.php\\\/2022\\\/03\\\/03\\\/proruske-grupe-u-bih-slave-napad-na-ukrajinu-ali-ne-tako-glasno\\\/#primaryimage\"},\"thumbnailUrl\":\"https:\\\/\\\/radioljubuski.ba\\\/wp-content\\\/uploads\\\/2022\\\/03\\\/3-2022-03-03-13-09-20-pro.jpg\",\"articleSection\":[\"BIH i regija\"],\"inLanguage\":\"hr\"},{\"@type\":\"WebPage\",\"@id\":\"https:\\\/\\\/radioljubuski.ba\\\/index.php\\\/2022\\\/03\\\/03\\\/proruske-grupe-u-bih-slave-napad-na-ukrajinu-ali-ne-tako-glasno\\\/\",\"url\":\"https:\\\/\\\/radioljubuski.ba\\\/index.php\\\/2022\\\/03\\\/03\\\/proruske-grupe-u-bih-slave-napad-na-ukrajinu-ali-ne-tako-glasno\\\/\",\"name\":\"Proruske grupe u BiH slave napad na Ukrajinu, ali ne tako glasno - RADIO LJUBU\u0160KI\",\"isPartOf\":{\"@id\":\"https:\\\/\\\/radioljubuski.ba\\\/#website\"},\"primaryImageOfPage\":{\"@id\":\"https:\\\/\\\/radioljubuski.ba\\\/index.php\\\/2022\\\/03\\\/03\\\/proruske-grupe-u-bih-slave-napad-na-ukrajinu-ali-ne-tako-glasno\\\/#primaryimage\"},\"image\":{\"@id\":\"https:\\\/\\\/radioljubuski.ba\\\/index.php\\\/2022\\\/03\\\/03\\\/proruske-grupe-u-bih-slave-napad-na-ukrajinu-ali-ne-tako-glasno\\\/#primaryimage\"},\"thumbnailUrl\":\"https:\\\/\\\/radioljubuski.ba\\\/wp-content\\\/uploads\\\/2022\\\/03\\\/3-2022-03-03-13-09-20-pro.jpg\",\"datePublished\":\"2022-03-03T12:45:34+00:00\",\"dateModified\":\"2022-03-03T12:45:35+00:00\",\"breadcrumb\":{\"@id\":\"https:\\\/\\\/radioljubuski.ba\\\/index.php\\\/2022\\\/03\\\/03\\\/proruske-grupe-u-bih-slave-napad-na-ukrajinu-ali-ne-tako-glasno\\\/#breadcrumb\"},\"inLanguage\":\"hr\",\"potentialAction\":[{\"@type\":\"ReadAction\",\"target\":[\"https:\\\/\\\/radioljubuski.ba\\\/index.php\\\/2022\\\/03\\\/03\\\/proruske-grupe-u-bih-slave-napad-na-ukrajinu-ali-ne-tako-glasno\\\/\"]}]},{\"@type\":\"ImageObject\",\"inLanguage\":\"hr\",\"@id\":\"https:\\\/\\\/radioljubuski.ba\\\/index.php\\\/2022\\\/03\\\/03\\\/proruske-grupe-u-bih-slave-napad-na-ukrajinu-ali-ne-tako-glasno\\\/#primaryimage\",\"url\":\"https:\\\/\\\/radioljubuski.ba\\\/wp-content\\\/uploads\\\/2022\\\/03\\\/3-2022-03-03-13-09-20-pro.jpg\",\"contentUrl\":\"https:\\\/\\\/radioljubuski.ba\\\/wp-content\\\/uploads\\\/2022\\\/03\\\/3-2022-03-03-13-09-20-pro.jpg\",\"width\":1000,\"height\":625},{\"@type\":\"BreadcrumbList\",\"@id\":\"https:\\\/\\\/radioljubuski.ba\\\/index.php\\\/2022\\\/03\\\/03\\\/proruske-grupe-u-bih-slave-napad-na-ukrajinu-ali-ne-tako-glasno\\\/#breadcrumb\",\"itemListElement\":[{\"@type\":\"ListItem\",\"position\":1,\"name\":\"Po\u010detna stranica\",\"item\":\"https:\\\/\\\/radioljubuski.ba\\\/\"},{\"@type\":\"ListItem\",\"position\":2,\"name\":\"Proruske grupe u BiH slave napad na Ukrajinu, ali ne tako glasno\"}]},{\"@type\":\"WebSite\",\"@id\":\"https:\\\/\\\/radioljubuski.ba\\\/#website\",\"url\":\"https:\\\/\\\/radioljubuski.ba\\\/\",\"name\":\"Radio Ljubu\u0161ki\",\"description\":\"Sun\u010dana frekvencija Hercegovine\",\"publisher\":{\"@id\":\"https:\\\/\\\/radioljubuski.ba\\\/#organization\"},\"potentialAction\":[{\"@type\":\"SearchAction\",\"target\":{\"@type\":\"EntryPoint\",\"urlTemplate\":\"https:\\\/\\\/radioljubuski.ba\\\/?s={search_term_string}\"},\"query-input\":{\"@type\":\"PropertyValueSpecification\",\"valueRequired\":true,\"valueName\":\"search_term_string\"}}],\"inLanguage\":\"hr\"},{\"@type\":\"Organization\",\"@id\":\"https:\\\/\\\/radioljubuski.ba\\\/#organization\",\"name\":\"Radio Ljubu\u0161ki\",\"url\":\"https:\\\/\\\/radioljubuski.ba\\\/\",\"logo\":{\"@type\":\"ImageObject\",\"inLanguage\":\"hr\",\"@id\":\"https:\\\/\\\/radioljubuski.ba\\\/#\\\/schema\\\/logo\\\/image\\\/\",\"url\":\"https:\\\/\\\/radioljubuski.ba\\\/wp-content\\\/uploads\\\/2021\\\/02\\\/cropped-Radio_Ljubuski_logo1.jpg\",\"contentUrl\":\"https:\\\/\\\/radioljubuski.ba\\\/wp-content\\\/uploads\\\/2021\\\/02\\\/cropped-Radio_Ljubuski_logo1.jpg\",\"width\":512,\"height\":512,\"caption\":\"Radio Ljubu\u0161ki\"},\"image\":{\"@id\":\"https:\\\/\\\/radioljubuski.ba\\\/#\\\/schema\\\/logo\\\/image\\\/\"},\"sameAs\":[\"https:\\\/\\\/www.facebook.com\\\/Radiio-Ljubuski-1490835324566332\",\"https:\\\/\\\/x.com\\\/radioljubuski\",\"https:\\\/\\\/hr.linkedin.com\\\/company\\\/radio-ljubuski\",\"https:\\\/\\\/www.youtube.com\\\/channel\\\/UCHYaeO_n0Db3tjNGudGpXyw\"]},{\"@type\":\"Person\",\"@id\":\"https:\\\/\\\/radioljubuski.ba\\\/#\\\/schema\\\/person\\\/19fc700381a780f69665d7956c469e3b\",\"name\":\"Radio Ljubu\u0161ki\"}]}<\/script>\n<!-- \/ Yoast SEO plugin. -->","yoast_head_json":{"title":"Proruske grupe u BiH slave napad na Ukrajinu, ali ne tako glasno - RADIO LJUBU\u0160KI","robots":{"index":"index","follow":"follow","max-snippet":"max-snippet:-1","max-image-preview":"max-image-preview:large","max-video-preview":"max-video-preview:-1"},"canonical":"https:\/\/radioljubuski.ba\/index.php\/2022\/03\/03\/proruske-grupe-u-bih-slave-napad-na-ukrajinu-ali-ne-tako-glasno\/","og_locale":"hr_HR","og_type":"article","og_title":"Proruske grupe u BiH slave napad na Ukrajinu, ali ne tako glasno - RADIO LJUBU\u0160KI","og_description":"Nekoliko proruskih organizacija u Bosni i Hercegovini podr\u017ealo je Rusiju u napadu na Ukrajinu na svojim dru\u0161tvenim mre\u017eama, ali nisu se sve koje je ranije mapirala Balkanska istra\u017eiva\u010dka mre\u017ea Bosne i Hercegovine (BIRN BiH) oglasile skoro sedmicu od po\u010detka invazije. Nakon mjesec bez objava, No\u0107ni vukovi Republike Srpske krajem velja\u010de po\u010deli su s nizom objava [&hellip;]","og_url":"https:\/\/radioljubuski.ba\/index.php\/2022\/03\/03\/proruske-grupe-u-bih-slave-napad-na-ukrajinu-ali-ne-tako-glasno\/","og_site_name":"RADIO LJUBU\u0160KI","article_publisher":"https:\/\/www.facebook.com\/Radiio-Ljubuski-1490835324566332","article_published_time":"2022-03-03T12:45:34+00:00","article_modified_time":"2022-03-03T12:45:35+00:00","og_image":[{"width":1000,"height":625,"url":"https:\/\/radioljubuski.ba\/wp-content\/uploads\/2022\/03\/3-2022-03-03-13-09-20-pro.jpg","type":"image\/jpeg"}],"author":"Radio Ljubu\u0161ki","twitter_card":"summary_large_image","twitter_creator":"@radioljubuski","twitter_site":"@radioljubuski","twitter_misc":{"Napisao\/la":"Radio Ljubu\u0161ki","Procijenjeno vrijeme \u010ditanja":"5 minuta"},"schema":{"@context":"https:\/\/schema.org","@graph":[{"@type":"Article","@id":"https:\/\/radioljubuski.ba\/index.php\/2022\/03\/03\/proruske-grupe-u-bih-slave-napad-na-ukrajinu-ali-ne-tako-glasno\/#article","isPartOf":{"@id":"https:\/\/radioljubuski.ba\/index.php\/2022\/03\/03\/proruske-grupe-u-bih-slave-napad-na-ukrajinu-ali-ne-tako-glasno\/"},"author":{"name":"Radio Ljubu\u0161ki","@id":"https:\/\/radioljubuski.ba\/#\/schema\/person\/19fc700381a780f69665d7956c469e3b"},"headline":"Proruske grupe u BiH slave napad na Ukrajinu, ali ne tako glasno","datePublished":"2022-03-03T12:45:34+00:00","dateModified":"2022-03-03T12:45:35+00:00","mainEntityOfPage":{"@id":"https:\/\/radioljubuski.ba\/index.php\/2022\/03\/03\/proruske-grupe-u-bih-slave-napad-na-ukrajinu-ali-ne-tako-glasno\/"},"wordCount":1294,"publisher":{"@id":"https:\/\/radioljubuski.ba\/#organization"},"image":{"@id":"https:\/\/radioljubuski.ba\/index.php\/2022\/03\/03\/proruske-grupe-u-bih-slave-napad-na-ukrajinu-ali-ne-tako-glasno\/#primaryimage"},"thumbnailUrl":"https:\/\/radioljubuski.ba\/wp-content\/uploads\/2022\/03\/3-2022-03-03-13-09-20-pro.jpg","articleSection":["BIH i regija"],"inLanguage":"hr"},{"@type":"WebPage","@id":"https:\/\/radioljubuski.ba\/index.php\/2022\/03\/03\/proruske-grupe-u-bih-slave-napad-na-ukrajinu-ali-ne-tako-glasno\/","url":"https:\/\/radioljubuski.ba\/index.php\/2022\/03\/03\/proruske-grupe-u-bih-slave-napad-na-ukrajinu-ali-ne-tako-glasno\/","name":"Proruske grupe u BiH slave napad na Ukrajinu, ali ne tako glasno - RADIO LJUBU\u0160KI","isPartOf":{"@id":"https:\/\/radioljubuski.ba\/#website"},"primaryImageOfPage":{"@id":"https:\/\/radioljubuski.ba\/index.php\/2022\/03\/03\/proruske-grupe-u-bih-slave-napad-na-ukrajinu-ali-ne-tako-glasno\/#primaryimage"},"image":{"@id":"https:\/\/radioljubuski.ba\/index.php\/2022\/03\/03\/proruske-grupe-u-bih-slave-napad-na-ukrajinu-ali-ne-tako-glasno\/#primaryimage"},"thumbnailUrl":"https:\/\/radioljubuski.ba\/wp-content\/uploads\/2022\/03\/3-2022-03-03-13-09-20-pro.jpg","datePublished":"2022-03-03T12:45:34+00:00","dateModified":"2022-03-03T12:45:35+00:00","breadcrumb":{"@id":"https:\/\/radioljubuski.ba\/index.php\/2022\/03\/03\/proruske-grupe-u-bih-slave-napad-na-ukrajinu-ali-ne-tako-glasno\/#breadcrumb"},"inLanguage":"hr","potentialAction":[{"@type":"ReadAction","target":["https:\/\/radioljubuski.ba\/index.php\/2022\/03\/03\/proruske-grupe-u-bih-slave-napad-na-ukrajinu-ali-ne-tako-glasno\/"]}]},{"@type":"ImageObject","inLanguage":"hr","@id":"https:\/\/radioljubuski.ba\/index.php\/2022\/03\/03\/proruske-grupe-u-bih-slave-napad-na-ukrajinu-ali-ne-tako-glasno\/#primaryimage","url":"https:\/\/radioljubuski.ba\/wp-content\/uploads\/2022\/03\/3-2022-03-03-13-09-20-pro.jpg","contentUrl":"https:\/\/radioljubuski.ba\/wp-content\/uploads\/2022\/03\/3-2022-03-03-13-09-20-pro.jpg","width":1000,"height":625},{"@type":"BreadcrumbList","@id":"https:\/\/radioljubuski.ba\/index.php\/2022\/03\/03\/proruske-grupe-u-bih-slave-napad-na-ukrajinu-ali-ne-tako-glasno\/#breadcrumb","itemListElement":[{"@type":"ListItem","position":1,"name":"Po\u010detna stranica","item":"https:\/\/radioljubuski.ba\/"},{"@type":"ListItem","position":2,"name":"Proruske grupe u BiH slave napad na Ukrajinu, ali ne tako glasno"}]},{"@type":"WebSite","@id":"https:\/\/radioljubuski.ba\/#website","url":"https:\/\/radioljubuski.ba\/","name":"Radio Ljubu\u0161ki","description":"Sun\u010dana frekvencija Hercegovine","publisher":{"@id":"https:\/\/radioljubuski.ba\/#organization"},"potentialAction":[{"@type":"SearchAction","target":{"@type":"EntryPoint","urlTemplate":"https:\/\/radioljubuski.ba\/?s={search_term_string}"},"query-input":{"@type":"PropertyValueSpecification","valueRequired":true,"valueName":"search_term_string"}}],"inLanguage":"hr"},{"@type":"Organization","@id":"https:\/\/radioljubuski.ba\/#organization","name":"Radio Ljubu\u0161ki","url":"https:\/\/radioljubuski.ba\/","logo":{"@type":"ImageObject","inLanguage":"hr","@id":"https:\/\/radioljubuski.ba\/#\/schema\/logo\/image\/","url":"https:\/\/radioljubuski.ba\/wp-content\/uploads\/2021\/02\/cropped-Radio_Ljubuski_logo1.jpg","contentUrl":"https:\/\/radioljubuski.ba\/wp-content\/uploads\/2021\/02\/cropped-Radio_Ljubuski_logo1.jpg","width":512,"height":512,"caption":"Radio Ljubu\u0161ki"},"image":{"@id":"https:\/\/radioljubuski.ba\/#\/schema\/logo\/image\/"},"sameAs":["https:\/\/www.facebook.com\/Radiio-Ljubuski-1490835324566332","https:\/\/x.com\/radioljubuski","https:\/\/hr.linkedin.com\/company\/radio-ljubuski","https:\/\/www.youtube.com\/channel\/UCHYaeO_n0Db3tjNGudGpXyw"]},{"@type":"Person","@id":"https:\/\/radioljubuski.ba\/#\/schema\/person\/19fc700381a780f69665d7956c469e3b","name":"Radio Ljubu\u0161ki"}]}},"_links":{"self":[{"href":"https:\/\/radioljubuski.ba\/index.php\/wp-json\/wp\/v2\/posts\/117797","targetHints":{"allow":["GET"]}}],"collection":[{"href":"https:\/\/radioljubuski.ba\/index.php\/wp-json\/wp\/v2\/posts"}],"about":[{"href":"https:\/\/radioljubuski.ba\/index.php\/wp-json\/wp\/v2\/types\/post"}],"author":[{"embeddable":true,"href":"https:\/\/radioljubuski.ba\/index.php\/wp-json\/wp\/v2\/users\/2"}],"replies":[{"embeddable":true,"href":"https:\/\/radioljubuski.ba\/index.php\/wp-json\/wp\/v2\/comments?post=117797"}],"version-history":[{"count":1,"href":"https:\/\/radioljubuski.ba\/index.php\/wp-json\/wp\/v2\/posts\/117797\/revisions"}],"predecessor-version":[{"id":117799,"href":"https:\/\/radioljubuski.ba\/index.php\/wp-json\/wp\/v2\/posts\/117797\/revisions\/117799"}],"wp:featuredmedia":[{"embeddable":true,"href":"https:\/\/radioljubuski.ba\/index.php\/wp-json\/wp\/v2\/media\/117798"}],"wp:attachment":[{"href":"https:\/\/radioljubuski.ba\/index.php\/wp-json\/wp\/v2\/media?parent=117797"}],"wp:term":[{"taxonomy":"category","embeddable":true,"href":"https:\/\/radioljubuski.ba\/index.php\/wp-json\/wp\/v2\/categories?post=117797"},{"taxonomy":"post_tag","embeddable":true,"href":"https:\/\/radioljubuski.ba\/index.php\/wp-json\/wp\/v2\/tags?post=117797"}],"curies":[{"name":"wp","href":"https:\/\/api.w.org\/{rel}","templated":true}]}}