{"id":117828,"date":"2022-03-03T23:14:52","date_gmt":"2022-03-03T22:14:52","guid":{"rendered":"https:\/\/radioljubuski.ba\/?p=117828"},"modified":"2022-03-03T23:14:53","modified_gmt":"2022-03-03T22:14:53","slug":"nogometasi-zrinjskog-dodatno-motivirani-docekuju-ekipu-radnika-iz-bijeljine","status":"publish","type":"post","link":"https:\/\/radioljubuski.ba\/index.php\/2022\/03\/03\/nogometasi-zrinjskog-dodatno-motivirani-docekuju-ekipu-radnika-iz-bijeljine\/","title":{"rendered":"Nogometa\u0161i Zrinjskog dodatno motivirani do\u010dekuju ekipu Radnika iz Bijeljine"},"content":{"rendered":"\n<p>Nogometa\u0161i Zrinjskog u petak \u0107e na svom terenu do\u010dekati Radnik iz Bijeljine u prvom susretu 21. kola Premijer lige BiH, a Plemi\u0107i \u0107e imati dodatni motiv u toj utakmici s obzirom da su jedini prvenstveni poraz u ovoj sezoni do\u017eivjeli upravo od mom\u010dadi iz Bijeljine.<\/p>\n\n\n\n<p>Zrinjski je u pro\u0161lom kolu, na otvaranju proljetnog dijela prvenstva, u Prijedoru pobijedio doma\u0107i Rudar te pove\u0107ao svoju prednost na vrhu ljestvice. Najbli\u017ei pratitelj Tuzla City sada zaostaje 14 bodova.<\/p>\n\n\n\n<p>&#8211; Utakmica u Prijedoru nije bila nimalo laka, jer velika je razlika izme\u0111u prav natjecateljske utakmice i utakmica na pripremama. Mislim da smo kontrolirali utakmicu, osim prvih deset minuta, pokazali smo da \u017eelimo zabiti gol i na kraju smo nagra\u0111eni. Golman \u0160\u0107eki\u0107 je ispao tragi\u010dar, ali on je ujedno bio i &#8220;krivac&#8221; \u0161to je dr\u017eao pozitivan rezultat na strani Rudara &#8211; kazao je trener Zrinjskog Sergej Jakirovi\u0107.<\/p>\n\n\n\n<p>Nakon Rudara slijedi Radnik, mom\u010dad koja je nanijela poraz Zrinjskom u prvom dijelu sezone (1:0).<\/p>\n\n\n\n<p>&#8211; Mi smo u tom dvoboju bila dominantnija mom\u010dad. Radnik je uzeo bodove ponajvi\u0161e zahvaljuju\u0107i na\u0161im neiskori\u0161tenim prilikama i sjajnim obranama njihovog vratara. Igra\u010di su uvijek motivirani za svaku utakmicu i nema biranja, ali sutra \u0107e sigurno imati motiv vi\u0161e &#8211; kazao je strateg Zrinjskog.<\/p>\n\n\n\n<p>Mom\u010dad Radnika u listopadu je preuzeo novi trener Velibor \u0110uri\u0107 koji je, po Jakirovi\u0107evim rije\u010dima, promijenio njihov na\u010din igre.<\/p>\n\n\n\n<p>&#8211; Radnika te\u017ei igranju od noge do noge. Pod trenerom \u0110uri\u0107em ne igraju vi\u0161e s pet obrambenih igra\u010da, a naprijed imaju \u010detiri potentna nogometa\u0161a i sigurno je da nas mogu dovesti u opasnost. Na nama je da se pripremimo i uzmemo tri boda &#8211; rekao je Jakirovi\u0107.<\/p>\n\n\n\n<p>Pobjeda protiv Rudara bila je deseta u nizu za Zrinjski \u010dime je sru\u0161en klupski rekord. Mostarcima je sada na meti rekord \u017deljezni\u010dara iz sezone 2011.\/2012. kada je mom\u010dad s Grbavice povezala 12 uzastopnih prvenstvenih pobjeda.<\/p>\n\n\n\n<p>&#8211; Na\u0161i rekordi su fantasti\u010dan doseg. Mi idemo na pobjedu u svakoj utakmici, a rekordi dolaze sami od sebe, ne razmi\u0161ljamo previ\u0161e o tome &#8211; prokomentirao je Jakirovi\u0107.<\/p>\n\n\n\n<p>\u0160to se ti\u010de osvajanja naslova prvaka, dodao je kako o tome nema smisla previ\u0161e pri\u010dati sve dok se naslov ne osigura i matemati\u010dki.<\/p>\n\n\n\n<p>Tako\u0111er, Jakirovi\u0107 smatra kako \u0107e prvenstvo biti zanimljivo do posljednjeg kola, a osvrnuo se na borbu za mjesta koja vode u europska natjecanja, rekav\u0161i da svaka ekipa mo\u017ee pobijediti drugu te da nas o\u010dekuje zanimljiv rasplet prvenstva.<\/p>\n\n\n\n<p>Medijima se na konferenciji za novinare obratio i mladi veznjak Zrinjskog Ivan Ba\u0161i\u0107, koji je kazao da je atmosfera u ekipi odli\u010dna i da svi jedva \u010dekaju sutra\u0161nju utakmicu pred doma\u0107om publikom.<\/p>\n\n\n\n<p>Ba\u0161i\u0107 je prije godinu dana &#8220;kucao na vrata&#8221; prve mom\u010dadi, a danas je standardni \u010dlan Zrinjskog pa se povodom toga osvrnuo na svoj napredak i koliko mu je to promijenilo karijeru.<\/p>\n\n\n\n<p>&#8211; Krenuo sam na pripreme s prvim timom, dobivao sam zna\u010dajnije minute, a sve je krenulo mojim prvim nastupom u po\u010detnih jedanaest protiv Slobode, gdje gdje sam i asistirao. Velika je razlika izme\u0111u seniora i juniora, br\u017ee se igra, vi\u0161e se tr\u010di i radi, \u010dvr\u0161\u0107i su dueli, ali mi savjetom puno poma\u017eu stariji suigra\u010di &#8211; rekao je Ba\u0161i\u0107.<\/p>\n\n\n\n<p>Zrinjski i Radnik sastaju se u petak od 18 sati na stadionu pod Bijelim brijegom.<\/p>\n\n\n\n<p>Izvor:pogled.ba<\/p>\n","protected":false},"excerpt":{"rendered":"<p>Nogometa\u0161i Zrinjskog u petak \u0107e na svom terenu do\u010dekati Radnik iz Bijeljine u prvom susretu 21. kola Premijer lige BiH, a Plemi\u0107i \u0107e imati dodatni motiv u toj utakmici s obzirom da su jedini prvenstveni poraz u ovoj sezoni do\u017eivjeli upravo od mom\u010dadi iz Bijeljine. Zrinjski je u pro\u0161lom kolu, na otvaranju proljetnog dijela prvenstva, [&hellip;]<\/p>\n","protected":false},"author":2,"featured_media":21664,"comment_status":"closed","ping_status":"closed","sticky":false,"template":"","format":"standard","meta":{"h5ap_radio_sources":[],"footnotes":""},"categories":[7],"tags":[],"class_list":["post-117828","post","type-post","status-publish","format-standard","has-post-thumbnail","hentry","category-sport"],"yoast_head":"<!-- This site is optimized with the Yoast SEO plugin v27.5 - https:\/\/yoast.com\/product\/yoast-seo-wordpress\/ -->\n<title>Nogometa\u0161i Zrinjskog dodatno motivirani do\u010dekuju ekipu Radnika iz Bijeljine - RADIO LJUBU\u0160KI<\/title>\n<meta name=\"robots\" content=\"index, follow, max-snippet:-1, max-image-preview:large, max-video-preview:-1\" \/>\n<link rel=\"canonical\" href=\"https:\/\/radioljubuski.ba\/index.php\/2022\/03\/03\/nogometasi-zrinjskog-dodatno-motivirani-docekuju-ekipu-radnika-iz-bijeljine\/\" \/>\n<meta property=\"og:locale\" content=\"hr_HR\" \/>\n<meta property=\"og:type\" content=\"article\" \/>\n<meta property=\"og:title\" content=\"Nogometa\u0161i Zrinjskog dodatno motivirani do\u010dekuju ekipu Radnika iz Bijeljine - RADIO LJUBU\u0160KI\" \/>\n<meta property=\"og:description\" content=\"Nogometa\u0161i Zrinjskog u petak \u0107e na svom terenu do\u010dekati Radnik iz Bijeljine u prvom susretu 21. kola Premijer lige BiH, a Plemi\u0107i \u0107e imati dodatni motiv u toj utakmici s obzirom da su jedini prvenstveni poraz u ovoj sezoni do\u017eivjeli upravo od mom\u010dadi iz Bijeljine. Zrinjski je u pro\u0161lom kolu, na otvaranju proljetnog dijela prvenstva, [&hellip;]\" \/>\n<meta property=\"og:url\" content=\"https:\/\/radioljubuski.ba\/index.php\/2022\/03\/03\/nogometasi-zrinjskog-dodatno-motivirani-docekuju-ekipu-radnika-iz-bijeljine\/\" \/>\n<meta property=\"og:site_name\" content=\"RADIO LJUBU\u0160KI\" \/>\n<meta property=\"article:publisher\" content=\"https:\/\/www.facebook.com\/Radiio-Ljubuski-1490835324566332\" \/>\n<meta property=\"article:published_time\" content=\"2022-03-03T22:14:52+00:00\" \/>\n<meta property=\"article:modified_time\" content=\"2022-03-03T22:14:53+00:00\" \/>\n<meta property=\"og:image\" content=\"https:\/\/radioljubuski.ba\/wp-content\/uploads\/2021\/05\/4-2021-03-08-12-09-46-sergej-jakirovic-1.jpg\" \/>\n\t<meta property=\"og:image:width\" content=\"1000\" \/>\n\t<meta property=\"og:image:height\" content=\"625\" \/>\n\t<meta property=\"og:image:type\" content=\"image\/jpeg\" \/>\n<meta name=\"author\" content=\"Radio Ljubu\u0161ki\" \/>\n<meta name=\"twitter:card\" content=\"summary_large_image\" \/>\n<meta name=\"twitter:creator\" content=\"@radioljubuski\" \/>\n<meta name=\"twitter:site\" content=\"@radioljubuski\" \/>\n<meta name=\"twitter:label1\" content=\"Napisao\/la\" \/>\n\t<meta name=\"twitter:data1\" content=\"Radio Ljubu\u0161ki\" \/>\n\t<meta name=\"twitter:label2\" content=\"Procijenjeno vrijeme \u010ditanja\" \/>\n\t<meta name=\"twitter:data2\" content=\"3 minute\" \/>\n<script type=\"application\/ld+json\" class=\"yoast-schema-graph\">{\"@context\":\"https:\\\/\\\/schema.org\",\"@graph\":[{\"@type\":\"Article\",\"@id\":\"https:\\\/\\\/radioljubuski.ba\\\/index.php\\\/2022\\\/03\\\/03\\\/nogometasi-zrinjskog-dodatno-motivirani-docekuju-ekipu-radnika-iz-bijeljine\\\/#article\",\"isPartOf\":{\"@id\":\"https:\\\/\\\/radioljubuski.ba\\\/index.php\\\/2022\\\/03\\\/03\\\/nogometasi-zrinjskog-dodatno-motivirani-docekuju-ekipu-radnika-iz-bijeljine\\\/\"},\"author\":{\"name\":\"Radio Ljubu\u0161ki\",\"@id\":\"https:\\\/\\\/radioljubuski.ba\\\/#\\\/schema\\\/person\\\/19fc700381a780f69665d7956c469e3b\"},\"headline\":\"Nogometa\u0161i Zrinjskog dodatno motivirani do\u010dekuju ekipu Radnika iz Bijeljine\",\"datePublished\":\"2022-03-03T22:14:52+00:00\",\"dateModified\":\"2022-03-03T22:14:53+00:00\",\"mainEntityOfPage\":{\"@id\":\"https:\\\/\\\/radioljubuski.ba\\\/index.php\\\/2022\\\/03\\\/03\\\/nogometasi-zrinjskog-dodatno-motivirani-docekuju-ekipu-radnika-iz-bijeljine\\\/\"},\"wordCount\":596,\"publisher\":{\"@id\":\"https:\\\/\\\/radioljubuski.ba\\\/#organization\"},\"image\":{\"@id\":\"https:\\\/\\\/radioljubuski.ba\\\/index.php\\\/2022\\\/03\\\/03\\\/nogometasi-zrinjskog-dodatno-motivirani-docekuju-ekipu-radnika-iz-bijeljine\\\/#primaryimage\"},\"thumbnailUrl\":\"https:\\\/\\\/radioljubuski.ba\\\/wp-content\\\/uploads\\\/2021\\\/05\\\/4-2021-03-08-12-09-46-sergej-jakirovic-1.jpg\",\"articleSection\":[\"\u0160port\"],\"inLanguage\":\"hr\"},{\"@type\":\"WebPage\",\"@id\":\"https:\\\/\\\/radioljubuski.ba\\\/index.php\\\/2022\\\/03\\\/03\\\/nogometasi-zrinjskog-dodatno-motivirani-docekuju-ekipu-radnika-iz-bijeljine\\\/\",\"url\":\"https:\\\/\\\/radioljubuski.ba\\\/index.php\\\/2022\\\/03\\\/03\\\/nogometasi-zrinjskog-dodatno-motivirani-docekuju-ekipu-radnika-iz-bijeljine\\\/\",\"name\":\"Nogometa\u0161i Zrinjskog dodatno motivirani do\u010dekuju ekipu Radnika iz Bijeljine - RADIO LJUBU\u0160KI\",\"isPartOf\":{\"@id\":\"https:\\\/\\\/radioljubuski.ba\\\/#website\"},\"primaryImageOfPage\":{\"@id\":\"https:\\\/\\\/radioljubuski.ba\\\/index.php\\\/2022\\\/03\\\/03\\\/nogometasi-zrinjskog-dodatno-motivirani-docekuju-ekipu-radnika-iz-bijeljine\\\/#primaryimage\"},\"image\":{\"@id\":\"https:\\\/\\\/radioljubuski.ba\\\/index.php\\\/2022\\\/03\\\/03\\\/nogometasi-zrinjskog-dodatno-motivirani-docekuju-ekipu-radnika-iz-bijeljine\\\/#primaryimage\"},\"thumbnailUrl\":\"https:\\\/\\\/radioljubuski.ba\\\/wp-content\\\/uploads\\\/2021\\\/05\\\/4-2021-03-08-12-09-46-sergej-jakirovic-1.jpg\",\"datePublished\":\"2022-03-03T22:14:52+00:00\",\"dateModified\":\"2022-03-03T22:14:53+00:00\",\"breadcrumb\":{\"@id\":\"https:\\\/\\\/radioljubuski.ba\\\/index.php\\\/2022\\\/03\\\/03\\\/nogometasi-zrinjskog-dodatno-motivirani-docekuju-ekipu-radnika-iz-bijeljine\\\/#breadcrumb\"},\"inLanguage\":\"hr\",\"potentialAction\":[{\"@type\":\"ReadAction\",\"target\":[\"https:\\\/\\\/radioljubuski.ba\\\/index.php\\\/2022\\\/03\\\/03\\\/nogometasi-zrinjskog-dodatno-motivirani-docekuju-ekipu-radnika-iz-bijeljine\\\/\"]}]},{\"@type\":\"ImageObject\",\"inLanguage\":\"hr\",\"@id\":\"https:\\\/\\\/radioljubuski.ba\\\/index.php\\\/2022\\\/03\\\/03\\\/nogometasi-zrinjskog-dodatno-motivirani-docekuju-ekipu-radnika-iz-bijeljine\\\/#primaryimage\",\"url\":\"https:\\\/\\\/radioljubuski.ba\\\/wp-content\\\/uploads\\\/2021\\\/05\\\/4-2021-03-08-12-09-46-sergej-jakirovic-1.jpg\",\"contentUrl\":\"https:\\\/\\\/radioljubuski.ba\\\/wp-content\\\/uploads\\\/2021\\\/05\\\/4-2021-03-08-12-09-46-sergej-jakirovic-1.jpg\",\"width\":1000,\"height\":625},{\"@type\":\"BreadcrumbList\",\"@id\":\"https:\\\/\\\/radioljubuski.ba\\\/index.php\\\/2022\\\/03\\\/03\\\/nogometasi-zrinjskog-dodatno-motivirani-docekuju-ekipu-radnika-iz-bijeljine\\\/#breadcrumb\",\"itemListElement\":[{\"@type\":\"ListItem\",\"position\":1,\"name\":\"Po\u010detna stranica\",\"item\":\"https:\\\/\\\/radioljubuski.ba\\\/\"},{\"@type\":\"ListItem\",\"position\":2,\"name\":\"Nogometa\u0161i Zrinjskog dodatno motivirani do\u010dekuju ekipu Radnika iz Bijeljine\"}]},{\"@type\":\"WebSite\",\"@id\":\"https:\\\/\\\/radioljubuski.ba\\\/#website\",\"url\":\"https:\\\/\\\/radioljubuski.ba\\\/\",\"name\":\"Radio Ljubu\u0161ki\",\"description\":\"Sun\u010dana frekvencija Hercegovine\",\"publisher\":{\"@id\":\"https:\\\/\\\/radioljubuski.ba\\\/#organization\"},\"potentialAction\":[{\"@type\":\"SearchAction\",\"target\":{\"@type\":\"EntryPoint\",\"urlTemplate\":\"https:\\\/\\\/radioljubuski.ba\\\/?s={search_term_string}\"},\"query-input\":{\"@type\":\"PropertyValueSpecification\",\"valueRequired\":true,\"valueName\":\"search_term_string\"}}],\"inLanguage\":\"hr\"},{\"@type\":\"Organization\",\"@id\":\"https:\\\/\\\/radioljubuski.ba\\\/#organization\",\"name\":\"Radio Ljubu\u0161ki\",\"url\":\"https:\\\/\\\/radioljubuski.ba\\\/\",\"logo\":{\"@type\":\"ImageObject\",\"inLanguage\":\"hr\",\"@id\":\"https:\\\/\\\/radioljubuski.ba\\\/#\\\/schema\\\/logo\\\/image\\\/\",\"url\":\"https:\\\/\\\/radioljubuski.ba\\\/wp-content\\\/uploads\\\/2021\\\/02\\\/cropped-Radio_Ljubuski_logo1.jpg\",\"contentUrl\":\"https:\\\/\\\/radioljubuski.ba\\\/wp-content\\\/uploads\\\/2021\\\/02\\\/cropped-Radio_Ljubuski_logo1.jpg\",\"width\":512,\"height\":512,\"caption\":\"Radio Ljubu\u0161ki\"},\"image\":{\"@id\":\"https:\\\/\\\/radioljubuski.ba\\\/#\\\/schema\\\/logo\\\/image\\\/\"},\"sameAs\":[\"https:\\\/\\\/www.facebook.com\\\/Radiio-Ljubuski-1490835324566332\",\"https:\\\/\\\/x.com\\\/radioljubuski\",\"https:\\\/\\\/hr.linkedin.com\\\/company\\\/radio-ljubuski\",\"https:\\\/\\\/www.youtube.com\\\/channel\\\/UCHYaeO_n0Db3tjNGudGpXyw\"]},{\"@type\":\"Person\",\"@id\":\"https:\\\/\\\/radioljubuski.ba\\\/#\\\/schema\\\/person\\\/19fc700381a780f69665d7956c469e3b\",\"name\":\"Radio Ljubu\u0161ki\"}]}<\/script>\n<!-- \/ Yoast SEO plugin. -->","yoast_head_json":{"title":"Nogometa\u0161i Zrinjskog dodatno motivirani do\u010dekuju ekipu Radnika iz Bijeljine - RADIO LJUBU\u0160KI","robots":{"index":"index","follow":"follow","max-snippet":"max-snippet:-1","max-image-preview":"max-image-preview:large","max-video-preview":"max-video-preview:-1"},"canonical":"https:\/\/radioljubuski.ba\/index.php\/2022\/03\/03\/nogometasi-zrinjskog-dodatno-motivirani-docekuju-ekipu-radnika-iz-bijeljine\/","og_locale":"hr_HR","og_type":"article","og_title":"Nogometa\u0161i Zrinjskog dodatno motivirani do\u010dekuju ekipu Radnika iz Bijeljine - RADIO LJUBU\u0160KI","og_description":"Nogometa\u0161i Zrinjskog u petak \u0107e na svom terenu do\u010dekati Radnik iz Bijeljine u prvom susretu 21. kola Premijer lige BiH, a Plemi\u0107i \u0107e imati dodatni motiv u toj utakmici s obzirom da su jedini prvenstveni poraz u ovoj sezoni do\u017eivjeli upravo od mom\u010dadi iz Bijeljine. Zrinjski je u pro\u0161lom kolu, na otvaranju proljetnog dijela prvenstva, [&hellip;]","og_url":"https:\/\/radioljubuski.ba\/index.php\/2022\/03\/03\/nogometasi-zrinjskog-dodatno-motivirani-docekuju-ekipu-radnika-iz-bijeljine\/","og_site_name":"RADIO LJUBU\u0160KI","article_publisher":"https:\/\/www.facebook.com\/Radiio-Ljubuski-1490835324566332","article_published_time":"2022-03-03T22:14:52+00:00","article_modified_time":"2022-03-03T22:14:53+00:00","og_image":[{"width":1000,"height":625,"url":"https:\/\/radioljubuski.ba\/wp-content\/uploads\/2021\/05\/4-2021-03-08-12-09-46-sergej-jakirovic-1.jpg","type":"image\/jpeg"}],"author":"Radio Ljubu\u0161ki","twitter_card":"summary_large_image","twitter_creator":"@radioljubuski","twitter_site":"@radioljubuski","twitter_misc":{"Napisao\/la":"Radio Ljubu\u0161ki","Procijenjeno vrijeme \u010ditanja":"3 minute"},"schema":{"@context":"https:\/\/schema.org","@graph":[{"@type":"Article","@id":"https:\/\/radioljubuski.ba\/index.php\/2022\/03\/03\/nogometasi-zrinjskog-dodatno-motivirani-docekuju-ekipu-radnika-iz-bijeljine\/#article","isPartOf":{"@id":"https:\/\/radioljubuski.ba\/index.php\/2022\/03\/03\/nogometasi-zrinjskog-dodatno-motivirani-docekuju-ekipu-radnika-iz-bijeljine\/"},"author":{"name":"Radio Ljubu\u0161ki","@id":"https:\/\/radioljubuski.ba\/#\/schema\/person\/19fc700381a780f69665d7956c469e3b"},"headline":"Nogometa\u0161i Zrinjskog dodatno motivirani do\u010dekuju ekipu Radnika iz Bijeljine","datePublished":"2022-03-03T22:14:52+00:00","dateModified":"2022-03-03T22:14:53+00:00","mainEntityOfPage":{"@id":"https:\/\/radioljubuski.ba\/index.php\/2022\/03\/03\/nogometasi-zrinjskog-dodatno-motivirani-docekuju-ekipu-radnika-iz-bijeljine\/"},"wordCount":596,"publisher":{"@id":"https:\/\/radioljubuski.ba\/#organization"},"image":{"@id":"https:\/\/radioljubuski.ba\/index.php\/2022\/03\/03\/nogometasi-zrinjskog-dodatno-motivirani-docekuju-ekipu-radnika-iz-bijeljine\/#primaryimage"},"thumbnailUrl":"https:\/\/radioljubuski.ba\/wp-content\/uploads\/2021\/05\/4-2021-03-08-12-09-46-sergej-jakirovic-1.jpg","articleSection":["\u0160port"],"inLanguage":"hr"},{"@type":"WebPage","@id":"https:\/\/radioljubuski.ba\/index.php\/2022\/03\/03\/nogometasi-zrinjskog-dodatno-motivirani-docekuju-ekipu-radnika-iz-bijeljine\/","url":"https:\/\/radioljubuski.ba\/index.php\/2022\/03\/03\/nogometasi-zrinjskog-dodatno-motivirani-docekuju-ekipu-radnika-iz-bijeljine\/","name":"Nogometa\u0161i Zrinjskog dodatno motivirani do\u010dekuju ekipu Radnika iz Bijeljine - RADIO LJUBU\u0160KI","isPartOf":{"@id":"https:\/\/radioljubuski.ba\/#website"},"primaryImageOfPage":{"@id":"https:\/\/radioljubuski.ba\/index.php\/2022\/03\/03\/nogometasi-zrinjskog-dodatno-motivirani-docekuju-ekipu-radnika-iz-bijeljine\/#primaryimage"},"image":{"@id":"https:\/\/radioljubuski.ba\/index.php\/2022\/03\/03\/nogometasi-zrinjskog-dodatno-motivirani-docekuju-ekipu-radnika-iz-bijeljine\/#primaryimage"},"thumbnailUrl":"https:\/\/radioljubuski.ba\/wp-content\/uploads\/2021\/05\/4-2021-03-08-12-09-46-sergej-jakirovic-1.jpg","datePublished":"2022-03-03T22:14:52+00:00","dateModified":"2022-03-03T22:14:53+00:00","breadcrumb":{"@id":"https:\/\/radioljubuski.ba\/index.php\/2022\/03\/03\/nogometasi-zrinjskog-dodatno-motivirani-docekuju-ekipu-radnika-iz-bijeljine\/#breadcrumb"},"inLanguage":"hr","potentialAction":[{"@type":"ReadAction","target":["https:\/\/radioljubuski.ba\/index.php\/2022\/03\/03\/nogometasi-zrinjskog-dodatno-motivirani-docekuju-ekipu-radnika-iz-bijeljine\/"]}]},{"@type":"ImageObject","inLanguage":"hr","@id":"https:\/\/radioljubuski.ba\/index.php\/2022\/03\/03\/nogometasi-zrinjskog-dodatno-motivirani-docekuju-ekipu-radnika-iz-bijeljine\/#primaryimage","url":"https:\/\/radioljubuski.ba\/wp-content\/uploads\/2021\/05\/4-2021-03-08-12-09-46-sergej-jakirovic-1.jpg","contentUrl":"https:\/\/radioljubuski.ba\/wp-content\/uploads\/2021\/05\/4-2021-03-08-12-09-46-sergej-jakirovic-1.jpg","width":1000,"height":625},{"@type":"BreadcrumbList","@id":"https:\/\/radioljubuski.ba\/index.php\/2022\/03\/03\/nogometasi-zrinjskog-dodatno-motivirani-docekuju-ekipu-radnika-iz-bijeljine\/#breadcrumb","itemListElement":[{"@type":"ListItem","position":1,"name":"Po\u010detna stranica","item":"https:\/\/radioljubuski.ba\/"},{"@type":"ListItem","position":2,"name":"Nogometa\u0161i Zrinjskog dodatno motivirani do\u010dekuju ekipu Radnika iz Bijeljine"}]},{"@type":"WebSite","@id":"https:\/\/radioljubuski.ba\/#website","url":"https:\/\/radioljubuski.ba\/","name":"Radio Ljubu\u0161ki","description":"Sun\u010dana frekvencija Hercegovine","publisher":{"@id":"https:\/\/radioljubuski.ba\/#organization"},"potentialAction":[{"@type":"SearchAction","target":{"@type":"EntryPoint","urlTemplate":"https:\/\/radioljubuski.ba\/?s={search_term_string}"},"query-input":{"@type":"PropertyValueSpecification","valueRequired":true,"valueName":"search_term_string"}}],"inLanguage":"hr"},{"@type":"Organization","@id":"https:\/\/radioljubuski.ba\/#organization","name":"Radio Ljubu\u0161ki","url":"https:\/\/radioljubuski.ba\/","logo":{"@type":"ImageObject","inLanguage":"hr","@id":"https:\/\/radioljubuski.ba\/#\/schema\/logo\/image\/","url":"https:\/\/radioljubuski.ba\/wp-content\/uploads\/2021\/02\/cropped-Radio_Ljubuski_logo1.jpg","contentUrl":"https:\/\/radioljubuski.ba\/wp-content\/uploads\/2021\/02\/cropped-Radio_Ljubuski_logo1.jpg","width":512,"height":512,"caption":"Radio Ljubu\u0161ki"},"image":{"@id":"https:\/\/radioljubuski.ba\/#\/schema\/logo\/image\/"},"sameAs":["https:\/\/www.facebook.com\/Radiio-Ljubuski-1490835324566332","https:\/\/x.com\/radioljubuski","https:\/\/hr.linkedin.com\/company\/radio-ljubuski","https:\/\/www.youtube.com\/channel\/UCHYaeO_n0Db3tjNGudGpXyw"]},{"@type":"Person","@id":"https:\/\/radioljubuski.ba\/#\/schema\/person\/19fc700381a780f69665d7956c469e3b","name":"Radio Ljubu\u0161ki"}]}},"_links":{"self":[{"href":"https:\/\/radioljubuski.ba\/index.php\/wp-json\/wp\/v2\/posts\/117828","targetHints":{"allow":["GET"]}}],"collection":[{"href":"https:\/\/radioljubuski.ba\/index.php\/wp-json\/wp\/v2\/posts"}],"about":[{"href":"https:\/\/radioljubuski.ba\/index.php\/wp-json\/wp\/v2\/types\/post"}],"author":[{"embeddable":true,"href":"https:\/\/radioljubuski.ba\/index.php\/wp-json\/wp\/v2\/users\/2"}],"replies":[{"embeddable":true,"href":"https:\/\/radioljubuski.ba\/index.php\/wp-json\/wp\/v2\/comments?post=117828"}],"version-history":[{"count":1,"href":"https:\/\/radioljubuski.ba\/index.php\/wp-json\/wp\/v2\/posts\/117828\/revisions"}],"predecessor-version":[{"id":117829,"href":"https:\/\/radioljubuski.ba\/index.php\/wp-json\/wp\/v2\/posts\/117828\/revisions\/117829"}],"wp:featuredmedia":[{"embeddable":true,"href":"https:\/\/radioljubuski.ba\/index.php\/wp-json\/wp\/v2\/media\/21664"}],"wp:attachment":[{"href":"https:\/\/radioljubuski.ba\/index.php\/wp-json\/wp\/v2\/media?parent=117828"}],"wp:term":[{"taxonomy":"category","embeddable":true,"href":"https:\/\/radioljubuski.ba\/index.php\/wp-json\/wp\/v2\/categories?post=117828"},{"taxonomy":"post_tag","embeddable":true,"href":"https:\/\/radioljubuski.ba\/index.php\/wp-json\/wp\/v2\/tags?post=117828"}],"curies":[{"name":"wp","href":"https:\/\/api.w.org\/{rel}","templated":true}]}}