{"id":117855,"date":"2022-03-03T23:29:45","date_gmt":"2022-03-03T22:29:45","guid":{"rendered":"https:\/\/radioljubuski.ba\/?p=117855"},"modified":"2022-03-03T23:29:45","modified_gmt":"2022-03-03T22:29:45","slug":"zsb-inspekcije-u-trgovinama-namjerno-sklanjaju-brasno-u-skladista","status":"publish","type":"post","link":"https:\/\/radioljubuski.ba\/index.php\/2022\/03\/03\/zsb-inspekcije-u-trgovinama-namjerno-sklanjaju-brasno-u-skladista\/","title":{"rendered":"\u017dSB: Inspekcije u trgovinama, namjerno sklanjaju bra\u0161no u skladi\u0161ta"},"content":{"rendered":"\n<p>Krize oko nesta\u0161ice osnovni prehrambenih proizvoda u \u017dupaniji Sredi\u0161nja Bosna (\u017dSB) nema, kazao je danas \u017eupanijski premijer Tahir Lendo, dodav\u0161i kako se krizna situacija vje\u0161ta\u010dki kreira.<\/p>\n\n\n\n<p>Inspekcije su, ka\u017ee Lendo, na terenu i dan im je nalog da kontroliraju skladi\u0161ta.<\/p>\n\n\n\n<p>&#8211; Moja je poruka da smo dali naloge inspekcijama da pregledaju sve gospodarske subjekte, odnosno trgovine. Treba pregledati sva skladi\u0161ta, nije istina da nema proizvoda u trgovinama. Vje\u0161ta\u010dki se, \u010dini mi se, sklanjaju bra\u0161no i vitalni prehrambeni proizvodi. Zna se lista od 17 prehrambenih artikala oko \u010dijih se mar\u017ei izjasnila i Vlada FBiH. Inspekcije \u0107e obavljati jo\u0161 ja\u010de kontrole, ne\u0107emo dozvoliti da se u magazama dr\u017ei bra\u0161no, a da ga nema na policama &#8211; rekao je Lendo.<\/p>\n\n\n\n<p>On je dodao kako treba poslu\u0161ati informacije dobavlja\u010da, koji ka\u017eu da bra\u0161na ima dovoljno.<\/p>\n\n\n\n<p>Najbolje je u ovom trenutku, poru\u010dio je Lendo gra\u0111anima, ulo\u017eiti u proljetnu sjetvu.<\/p>\n\n\n\n<p>&#8211; Moja sugestija je da Ministarstvo poljoprivrede, vodoprivrede i \u0161umarstva, zajedno s op\u0107inama, usuglasi programe i da po\u0161aljemo poruku gra\u0111anima koji imaju zemlji\u0161te, da ove godine ulo\u017eimo u proljetnu sjetvu i imamo vlastiti proizvod. To je glavna poruka, a mi \u0107emo s aspekta tih programa tra\u017eiti da se op\u0107ine i Ministarstvo anga\u017eiraju u nabavci sjemena, subvencioniranju goriva, sve s ciljem \u0161to bolje pripreme za proljetnu sjetvu &#8211; kazao je Lendo.<\/p>\n\n\n\n<p>Izvor:pogled.ba<\/p>\n","protected":false},"excerpt":{"rendered":"<p>Krize oko nesta\u0161ice osnovni prehrambenih proizvoda u \u017dupaniji Sredi\u0161nja Bosna (\u017dSB) nema, kazao je danas \u017eupanijski premijer Tahir Lendo, dodav\u0161i kako se krizna situacija vje\u0161ta\u010dki kreira. Inspekcije su, ka\u017ee Lendo, na terenu i dan im je nalog da kontroliraju skladi\u0161ta. &#8211; Moja je poruka da smo dali naloge inspekcijama da pregledaju sve gospodarske subjekte, odnosno [&hellip;]<\/p>\n","protected":false},"author":2,"featured_media":82309,"comment_status":"closed","ping_status":"closed","sticky":false,"template":"","format":"standard","meta":{"h5ap_radio_sources":[],"footnotes":""},"categories":[1],"tags":[],"class_list":["post-117855","post","type-post","status-publish","format-standard","has-post-thumbnail","hentry","category-bihiregija"],"yoast_head":"<!-- This site is optimized with the Yoast SEO plugin v27.5 - https:\/\/yoast.com\/product\/yoast-seo-wordpress\/ -->\n<title>\u017dSB: Inspekcije u trgovinama, namjerno sklanjaju bra\u0161no u skladi\u0161ta - RADIO LJUBU\u0160KI<\/title>\n<meta name=\"robots\" content=\"index, follow, max-snippet:-1, max-image-preview:large, max-video-preview:-1\" \/>\n<link rel=\"canonical\" href=\"https:\/\/radioljubuski.ba\/index.php\/2022\/03\/03\/zsb-inspekcije-u-trgovinama-namjerno-sklanjaju-brasno-u-skladista\/\" \/>\n<meta property=\"og:locale\" content=\"hr_HR\" \/>\n<meta property=\"og:type\" content=\"article\" \/>\n<meta property=\"og:title\" content=\"\u017dSB: Inspekcije u trgovinama, namjerno sklanjaju bra\u0161no u skladi\u0161ta - RADIO LJUBU\u0160KI\" \/>\n<meta property=\"og:description\" content=\"Krize oko nesta\u0161ice osnovni prehrambenih proizvoda u \u017dupaniji Sredi\u0161nja Bosna (\u017dSB) nema, kazao je danas \u017eupanijski premijer Tahir Lendo, dodav\u0161i kako se krizna situacija vje\u0161ta\u010dki kreira. Inspekcije su, ka\u017ee Lendo, na terenu i dan im je nalog da kontroliraju skladi\u0161ta. &#8211; Moja je poruka da smo dali naloge inspekcijama da pregledaju sve gospodarske subjekte, odnosno [&hellip;]\" \/>\n<meta property=\"og:url\" content=\"https:\/\/radioljubuski.ba\/index.php\/2022\/03\/03\/zsb-inspekcije-u-trgovinama-namjerno-sklanjaju-brasno-u-skladista\/\" \/>\n<meta property=\"og:site_name\" content=\"RADIO LJUBU\u0160KI\" \/>\n<meta property=\"article:publisher\" content=\"https:\/\/www.facebook.com\/Radiio-Ljubuski-1490835324566332\" \/>\n<meta property=\"article:published_time\" content=\"2022-03-03T22:29:45+00:00\" \/>\n<meta property=\"og:image\" content=\"https:\/\/radioljubuski.ba\/wp-content\/uploads\/2021\/10\/HkrYniPe_prodavnica.jpg\" \/>\n\t<meta property=\"og:image:width\" content=\"1000\" \/>\n\t<meta property=\"og:image:height\" content=\"625\" \/>\n\t<meta property=\"og:image:type\" content=\"image\/jpeg\" \/>\n<meta name=\"author\" content=\"Radio Ljubu\u0161ki\" \/>\n<meta name=\"twitter:card\" content=\"summary_large_image\" \/>\n<meta name=\"twitter:creator\" content=\"@radioljubuski\" \/>\n<meta name=\"twitter:site\" content=\"@radioljubuski\" \/>\n<meta name=\"twitter:label1\" content=\"Napisao\/la\" \/>\n\t<meta name=\"twitter:data1\" content=\"Radio Ljubu\u0161ki\" \/>\n\t<meta name=\"twitter:label2\" content=\"Procijenjeno vrijeme \u010ditanja\" \/>\n\t<meta name=\"twitter:data2\" content=\"1 minuta\" \/>\n<script type=\"application\/ld+json\" class=\"yoast-schema-graph\">{\"@context\":\"https:\\\/\\\/schema.org\",\"@graph\":[{\"@type\":\"Article\",\"@id\":\"https:\\\/\\\/radioljubuski.ba\\\/index.php\\\/2022\\\/03\\\/03\\\/zsb-inspekcije-u-trgovinama-namjerno-sklanjaju-brasno-u-skladista\\\/#article\",\"isPartOf\":{\"@id\":\"https:\\\/\\\/radioljubuski.ba\\\/index.php\\\/2022\\\/03\\\/03\\\/zsb-inspekcije-u-trgovinama-namjerno-sklanjaju-brasno-u-skladista\\\/\"},\"author\":{\"name\":\"Radio Ljubu\u0161ki\",\"@id\":\"https:\\\/\\\/radioljubuski.ba\\\/#\\\/schema\\\/person\\\/19fc700381a780f69665d7956c469e3b\"},\"headline\":\"\u017dSB: Inspekcije u trgovinama, namjerno sklanjaju bra\u0161no u skladi\u0161ta\",\"datePublished\":\"2022-03-03T22:29:45+00:00\",\"mainEntityOfPage\":{\"@id\":\"https:\\\/\\\/radioljubuski.ba\\\/index.php\\\/2022\\\/03\\\/03\\\/zsb-inspekcije-u-trgovinama-namjerno-sklanjaju-brasno-u-skladista\\\/\"},\"wordCount\":258,\"publisher\":{\"@id\":\"https:\\\/\\\/radioljubuski.ba\\\/#organization\"},\"image\":{\"@id\":\"https:\\\/\\\/radioljubuski.ba\\\/index.php\\\/2022\\\/03\\\/03\\\/zsb-inspekcije-u-trgovinama-namjerno-sklanjaju-brasno-u-skladista\\\/#primaryimage\"},\"thumbnailUrl\":\"https:\\\/\\\/radioljubuski.ba\\\/wp-content\\\/uploads\\\/2021\\\/10\\\/HkrYniPe_prodavnica.jpg\",\"articleSection\":[\"BIH i regija\"],\"inLanguage\":\"hr\"},{\"@type\":\"WebPage\",\"@id\":\"https:\\\/\\\/radioljubuski.ba\\\/index.php\\\/2022\\\/03\\\/03\\\/zsb-inspekcije-u-trgovinama-namjerno-sklanjaju-brasno-u-skladista\\\/\",\"url\":\"https:\\\/\\\/radioljubuski.ba\\\/index.php\\\/2022\\\/03\\\/03\\\/zsb-inspekcije-u-trgovinama-namjerno-sklanjaju-brasno-u-skladista\\\/\",\"name\":\"\u017dSB: Inspekcije u trgovinama, namjerno sklanjaju bra\u0161no u skladi\u0161ta - RADIO LJUBU\u0160KI\",\"isPartOf\":{\"@id\":\"https:\\\/\\\/radioljubuski.ba\\\/#website\"},\"primaryImageOfPage\":{\"@id\":\"https:\\\/\\\/radioljubuski.ba\\\/index.php\\\/2022\\\/03\\\/03\\\/zsb-inspekcije-u-trgovinama-namjerno-sklanjaju-brasno-u-skladista\\\/#primaryimage\"},\"image\":{\"@id\":\"https:\\\/\\\/radioljubuski.ba\\\/index.php\\\/2022\\\/03\\\/03\\\/zsb-inspekcije-u-trgovinama-namjerno-sklanjaju-brasno-u-skladista\\\/#primaryimage\"},\"thumbnailUrl\":\"https:\\\/\\\/radioljubuski.ba\\\/wp-content\\\/uploads\\\/2021\\\/10\\\/HkrYniPe_prodavnica.jpg\",\"datePublished\":\"2022-03-03T22:29:45+00:00\",\"breadcrumb\":{\"@id\":\"https:\\\/\\\/radioljubuski.ba\\\/index.php\\\/2022\\\/03\\\/03\\\/zsb-inspekcije-u-trgovinama-namjerno-sklanjaju-brasno-u-skladista\\\/#breadcrumb\"},\"inLanguage\":\"hr\",\"potentialAction\":[{\"@type\":\"ReadAction\",\"target\":[\"https:\\\/\\\/radioljubuski.ba\\\/index.php\\\/2022\\\/03\\\/03\\\/zsb-inspekcije-u-trgovinama-namjerno-sklanjaju-brasno-u-skladista\\\/\"]}]},{\"@type\":\"ImageObject\",\"inLanguage\":\"hr\",\"@id\":\"https:\\\/\\\/radioljubuski.ba\\\/index.php\\\/2022\\\/03\\\/03\\\/zsb-inspekcije-u-trgovinama-namjerno-sklanjaju-brasno-u-skladista\\\/#primaryimage\",\"url\":\"https:\\\/\\\/radioljubuski.ba\\\/wp-content\\\/uploads\\\/2021\\\/10\\\/HkrYniPe_prodavnica.jpg\",\"contentUrl\":\"https:\\\/\\\/radioljubuski.ba\\\/wp-content\\\/uploads\\\/2021\\\/10\\\/HkrYniPe_prodavnica.jpg\",\"width\":1000,\"height\":625},{\"@type\":\"BreadcrumbList\",\"@id\":\"https:\\\/\\\/radioljubuski.ba\\\/index.php\\\/2022\\\/03\\\/03\\\/zsb-inspekcije-u-trgovinama-namjerno-sklanjaju-brasno-u-skladista\\\/#breadcrumb\",\"itemListElement\":[{\"@type\":\"ListItem\",\"position\":1,\"name\":\"Po\u010detna stranica\",\"item\":\"https:\\\/\\\/radioljubuski.ba\\\/\"},{\"@type\":\"ListItem\",\"position\":2,\"name\":\"\u017dSB: Inspekcije u trgovinama, namjerno sklanjaju bra\u0161no u skladi\u0161ta\"}]},{\"@type\":\"WebSite\",\"@id\":\"https:\\\/\\\/radioljubuski.ba\\\/#website\",\"url\":\"https:\\\/\\\/radioljubuski.ba\\\/\",\"name\":\"Radio Ljubu\u0161ki\",\"description\":\"Sun\u010dana frekvencija Hercegovine\",\"publisher\":{\"@id\":\"https:\\\/\\\/radioljubuski.ba\\\/#organization\"},\"potentialAction\":[{\"@type\":\"SearchAction\",\"target\":{\"@type\":\"EntryPoint\",\"urlTemplate\":\"https:\\\/\\\/radioljubuski.ba\\\/?s={search_term_string}\"},\"query-input\":{\"@type\":\"PropertyValueSpecification\",\"valueRequired\":true,\"valueName\":\"search_term_string\"}}],\"inLanguage\":\"hr\"},{\"@type\":\"Organization\",\"@id\":\"https:\\\/\\\/radioljubuski.ba\\\/#organization\",\"name\":\"Radio Ljubu\u0161ki\",\"url\":\"https:\\\/\\\/radioljubuski.ba\\\/\",\"logo\":{\"@type\":\"ImageObject\",\"inLanguage\":\"hr\",\"@id\":\"https:\\\/\\\/radioljubuski.ba\\\/#\\\/schema\\\/logo\\\/image\\\/\",\"url\":\"https:\\\/\\\/radioljubuski.ba\\\/wp-content\\\/uploads\\\/2021\\\/02\\\/cropped-Radio_Ljubuski_logo1.jpg\",\"contentUrl\":\"https:\\\/\\\/radioljubuski.ba\\\/wp-content\\\/uploads\\\/2021\\\/02\\\/cropped-Radio_Ljubuski_logo1.jpg\",\"width\":512,\"height\":512,\"caption\":\"Radio Ljubu\u0161ki\"},\"image\":{\"@id\":\"https:\\\/\\\/radioljubuski.ba\\\/#\\\/schema\\\/logo\\\/image\\\/\"},\"sameAs\":[\"https:\\\/\\\/www.facebook.com\\\/Radiio-Ljubuski-1490835324566332\",\"https:\\\/\\\/x.com\\\/radioljubuski\",\"https:\\\/\\\/hr.linkedin.com\\\/company\\\/radio-ljubuski\",\"https:\\\/\\\/www.youtube.com\\\/channel\\\/UCHYaeO_n0Db3tjNGudGpXyw\"]},{\"@type\":\"Person\",\"@id\":\"https:\\\/\\\/radioljubuski.ba\\\/#\\\/schema\\\/person\\\/19fc700381a780f69665d7956c469e3b\",\"name\":\"Radio Ljubu\u0161ki\"}]}<\/script>\n<!-- \/ Yoast SEO plugin. -->","yoast_head_json":{"title":"\u017dSB: Inspekcije u trgovinama, namjerno sklanjaju bra\u0161no u skladi\u0161ta - RADIO LJUBU\u0160KI","robots":{"index":"index","follow":"follow","max-snippet":"max-snippet:-1","max-image-preview":"max-image-preview:large","max-video-preview":"max-video-preview:-1"},"canonical":"https:\/\/radioljubuski.ba\/index.php\/2022\/03\/03\/zsb-inspekcije-u-trgovinama-namjerno-sklanjaju-brasno-u-skladista\/","og_locale":"hr_HR","og_type":"article","og_title":"\u017dSB: Inspekcije u trgovinama, namjerno sklanjaju bra\u0161no u skladi\u0161ta - RADIO LJUBU\u0160KI","og_description":"Krize oko nesta\u0161ice osnovni prehrambenih proizvoda u \u017dupaniji Sredi\u0161nja Bosna (\u017dSB) nema, kazao je danas \u017eupanijski premijer Tahir Lendo, dodav\u0161i kako se krizna situacija vje\u0161ta\u010dki kreira. Inspekcije su, ka\u017ee Lendo, na terenu i dan im je nalog da kontroliraju skladi\u0161ta. &#8211; Moja je poruka da smo dali naloge inspekcijama da pregledaju sve gospodarske subjekte, odnosno [&hellip;]","og_url":"https:\/\/radioljubuski.ba\/index.php\/2022\/03\/03\/zsb-inspekcije-u-trgovinama-namjerno-sklanjaju-brasno-u-skladista\/","og_site_name":"RADIO LJUBU\u0160KI","article_publisher":"https:\/\/www.facebook.com\/Radiio-Ljubuski-1490835324566332","article_published_time":"2022-03-03T22:29:45+00:00","og_image":[{"width":1000,"height":625,"url":"https:\/\/radioljubuski.ba\/wp-content\/uploads\/2021\/10\/HkrYniPe_prodavnica.jpg","type":"image\/jpeg"}],"author":"Radio Ljubu\u0161ki","twitter_card":"summary_large_image","twitter_creator":"@radioljubuski","twitter_site":"@radioljubuski","twitter_misc":{"Napisao\/la":"Radio Ljubu\u0161ki","Procijenjeno vrijeme \u010ditanja":"1 minuta"},"schema":{"@context":"https:\/\/schema.org","@graph":[{"@type":"Article","@id":"https:\/\/radioljubuski.ba\/index.php\/2022\/03\/03\/zsb-inspekcije-u-trgovinama-namjerno-sklanjaju-brasno-u-skladista\/#article","isPartOf":{"@id":"https:\/\/radioljubuski.ba\/index.php\/2022\/03\/03\/zsb-inspekcije-u-trgovinama-namjerno-sklanjaju-brasno-u-skladista\/"},"author":{"name":"Radio Ljubu\u0161ki","@id":"https:\/\/radioljubuski.ba\/#\/schema\/person\/19fc700381a780f69665d7956c469e3b"},"headline":"\u017dSB: Inspekcije u trgovinama, namjerno sklanjaju bra\u0161no u skladi\u0161ta","datePublished":"2022-03-03T22:29:45+00:00","mainEntityOfPage":{"@id":"https:\/\/radioljubuski.ba\/index.php\/2022\/03\/03\/zsb-inspekcije-u-trgovinama-namjerno-sklanjaju-brasno-u-skladista\/"},"wordCount":258,"publisher":{"@id":"https:\/\/radioljubuski.ba\/#organization"},"image":{"@id":"https:\/\/radioljubuski.ba\/index.php\/2022\/03\/03\/zsb-inspekcije-u-trgovinama-namjerno-sklanjaju-brasno-u-skladista\/#primaryimage"},"thumbnailUrl":"https:\/\/radioljubuski.ba\/wp-content\/uploads\/2021\/10\/HkrYniPe_prodavnica.jpg","articleSection":["BIH i regija"],"inLanguage":"hr"},{"@type":"WebPage","@id":"https:\/\/radioljubuski.ba\/index.php\/2022\/03\/03\/zsb-inspekcije-u-trgovinama-namjerno-sklanjaju-brasno-u-skladista\/","url":"https:\/\/radioljubuski.ba\/index.php\/2022\/03\/03\/zsb-inspekcije-u-trgovinama-namjerno-sklanjaju-brasno-u-skladista\/","name":"\u017dSB: Inspekcije u trgovinama, namjerno sklanjaju bra\u0161no u skladi\u0161ta - RADIO LJUBU\u0160KI","isPartOf":{"@id":"https:\/\/radioljubuski.ba\/#website"},"primaryImageOfPage":{"@id":"https:\/\/radioljubuski.ba\/index.php\/2022\/03\/03\/zsb-inspekcije-u-trgovinama-namjerno-sklanjaju-brasno-u-skladista\/#primaryimage"},"image":{"@id":"https:\/\/radioljubuski.ba\/index.php\/2022\/03\/03\/zsb-inspekcije-u-trgovinama-namjerno-sklanjaju-brasno-u-skladista\/#primaryimage"},"thumbnailUrl":"https:\/\/radioljubuski.ba\/wp-content\/uploads\/2021\/10\/HkrYniPe_prodavnica.jpg","datePublished":"2022-03-03T22:29:45+00:00","breadcrumb":{"@id":"https:\/\/radioljubuski.ba\/index.php\/2022\/03\/03\/zsb-inspekcije-u-trgovinama-namjerno-sklanjaju-brasno-u-skladista\/#breadcrumb"},"inLanguage":"hr","potentialAction":[{"@type":"ReadAction","target":["https:\/\/radioljubuski.ba\/index.php\/2022\/03\/03\/zsb-inspekcije-u-trgovinama-namjerno-sklanjaju-brasno-u-skladista\/"]}]},{"@type":"ImageObject","inLanguage":"hr","@id":"https:\/\/radioljubuski.ba\/index.php\/2022\/03\/03\/zsb-inspekcije-u-trgovinama-namjerno-sklanjaju-brasno-u-skladista\/#primaryimage","url":"https:\/\/radioljubuski.ba\/wp-content\/uploads\/2021\/10\/HkrYniPe_prodavnica.jpg","contentUrl":"https:\/\/radioljubuski.ba\/wp-content\/uploads\/2021\/10\/HkrYniPe_prodavnica.jpg","width":1000,"height":625},{"@type":"BreadcrumbList","@id":"https:\/\/radioljubuski.ba\/index.php\/2022\/03\/03\/zsb-inspekcije-u-trgovinama-namjerno-sklanjaju-brasno-u-skladista\/#breadcrumb","itemListElement":[{"@type":"ListItem","position":1,"name":"Po\u010detna stranica","item":"https:\/\/radioljubuski.ba\/"},{"@type":"ListItem","position":2,"name":"\u017dSB: Inspekcije u trgovinama, namjerno sklanjaju bra\u0161no u skladi\u0161ta"}]},{"@type":"WebSite","@id":"https:\/\/radioljubuski.ba\/#website","url":"https:\/\/radioljubuski.ba\/","name":"Radio Ljubu\u0161ki","description":"Sun\u010dana frekvencija Hercegovine","publisher":{"@id":"https:\/\/radioljubuski.ba\/#organization"},"potentialAction":[{"@type":"SearchAction","target":{"@type":"EntryPoint","urlTemplate":"https:\/\/radioljubuski.ba\/?s={search_term_string}"},"query-input":{"@type":"PropertyValueSpecification","valueRequired":true,"valueName":"search_term_string"}}],"inLanguage":"hr"},{"@type":"Organization","@id":"https:\/\/radioljubuski.ba\/#organization","name":"Radio Ljubu\u0161ki","url":"https:\/\/radioljubuski.ba\/","logo":{"@type":"ImageObject","inLanguage":"hr","@id":"https:\/\/radioljubuski.ba\/#\/schema\/logo\/image\/","url":"https:\/\/radioljubuski.ba\/wp-content\/uploads\/2021\/02\/cropped-Radio_Ljubuski_logo1.jpg","contentUrl":"https:\/\/radioljubuski.ba\/wp-content\/uploads\/2021\/02\/cropped-Radio_Ljubuski_logo1.jpg","width":512,"height":512,"caption":"Radio Ljubu\u0161ki"},"image":{"@id":"https:\/\/radioljubuski.ba\/#\/schema\/logo\/image\/"},"sameAs":["https:\/\/www.facebook.com\/Radiio-Ljubuski-1490835324566332","https:\/\/x.com\/radioljubuski","https:\/\/hr.linkedin.com\/company\/radio-ljubuski","https:\/\/www.youtube.com\/channel\/UCHYaeO_n0Db3tjNGudGpXyw"]},{"@type":"Person","@id":"https:\/\/radioljubuski.ba\/#\/schema\/person\/19fc700381a780f69665d7956c469e3b","name":"Radio Ljubu\u0161ki"}]}},"_links":{"self":[{"href":"https:\/\/radioljubuski.ba\/index.php\/wp-json\/wp\/v2\/posts\/117855","targetHints":{"allow":["GET"]}}],"collection":[{"href":"https:\/\/radioljubuski.ba\/index.php\/wp-json\/wp\/v2\/posts"}],"about":[{"href":"https:\/\/radioljubuski.ba\/index.php\/wp-json\/wp\/v2\/types\/post"}],"author":[{"embeddable":true,"href":"https:\/\/radioljubuski.ba\/index.php\/wp-json\/wp\/v2\/users\/2"}],"replies":[{"embeddable":true,"href":"https:\/\/radioljubuski.ba\/index.php\/wp-json\/wp\/v2\/comments?post=117855"}],"version-history":[{"count":1,"href":"https:\/\/radioljubuski.ba\/index.php\/wp-json\/wp\/v2\/posts\/117855\/revisions"}],"predecessor-version":[{"id":117856,"href":"https:\/\/radioljubuski.ba\/index.php\/wp-json\/wp\/v2\/posts\/117855\/revisions\/117856"}],"wp:featuredmedia":[{"embeddable":true,"href":"https:\/\/radioljubuski.ba\/index.php\/wp-json\/wp\/v2\/media\/82309"}],"wp:attachment":[{"href":"https:\/\/radioljubuski.ba\/index.php\/wp-json\/wp\/v2\/media?parent=117855"}],"wp:term":[{"taxonomy":"category","embeddable":true,"href":"https:\/\/radioljubuski.ba\/index.php\/wp-json\/wp\/v2\/categories?post=117855"},{"taxonomy":"post_tag","embeddable":true,"href":"https:\/\/radioljubuski.ba\/index.php\/wp-json\/wp\/v2\/tags?post=117855"}],"curies":[{"name":"wp","href":"https:\/\/api.w.org\/{rel}","templated":true}]}}