{"id":117857,"date":"2022-03-03T23:30:59","date_gmt":"2022-03-03T22:30:59","guid":{"rendered":"https:\/\/radioljubuski.ba\/?p=117857"},"modified":"2022-03-03T23:31:00","modified_gmt":"2022-03-03T22:31:00","slug":"tjedan-dana-invazije-gradovi-opkoljeni-milijuni-izbjeglih","status":"publish","type":"post","link":"https:\/\/radioljubuski.ba\/index.php\/2022\/03\/03\/tjedan-dana-invazije-gradovi-opkoljeni-milijuni-izbjeglih\/","title":{"rendered":"Tjedan dana invazije: Gradovi opkoljeni, milijuni izbjeglih"},"content":{"rendered":"\n<p>Ruska invazija na Ukrajinu u\u0161la je u drugi tjedan s glavninom ruskih snaga blokiranom sjeverno od Kijeva i nekoliko gradova koji trpe \u017eestoka ruska bombardiranja.&nbsp;<\/p>\n\n\n\n<p>Humanitarna situacija se tako\u0111er pogor\u0161ala. Vi\u0161e od milijun ljudi pobjeglo je izvan granica Ukrajine, a mnogo ih je raseljenih unutar zemlje.&nbsp;<\/p>\n\n\n\n<p>Stotine ruskih vojnika i ukrajinskih civila ubijeni su otkako je ruski predsjednik Vladimir Putin 24. velja\u010de naredio da njegove snage krenu u napad. Rusija se zbog toga na\u0161la u me\u0111unarodnoj izolaciji kavu ne pamti.&nbsp;<\/p>\n\n\n\n<p>Vojni plan brzog osvajanja Kijeva i svrgavanja vlade Volodmira Zelenskija nije uspio. Jedini ve\u0107i grad koji su Rusi zasad osvojili je Herson, luka na Dnjepru na jugu Ukrajine.&nbsp;<\/p>\n\n\n\n<p>Rusija je zbog toga promijenila taktiku i poja\u010dala raketne napade na gradove. Dijelovi Harkiva, grada s milijun i pol ljudi, pretvoreni su u ru\u0161evine.&nbsp;<\/p>\n\n\n\n<p>Mariupolj, glavna luka na istoku Ukrajine, pod opsadom je. U gradu nema struje i vode i vlasti ka\u017eu da ne mogu evakuirati ranjene. Situaciju uspore\u0111uju s opsadom Lenjingrada u Drugom svjetskom ratu.<\/p>\n\n\n\n<p>Drugi krug pregovora ruskog i ukrajinskog izaslanstva trebao bi po\u010deti popodne na bjeloruskoj granici.<\/p>\n\n\n\n<p>Predsjednik Zelenskij jo\u0161 je u Kijevu. Obrambene linije odolijevaju ruskim napadima, kazao je u svom video obra\u0107anju u \u010detvrtak, dodaju\u0107i da rusko granatiranje nije posustalo od pono\u0107i.<\/p>\n\n\n\n<p>&#8220;Ni\u0161ta ne mo\u017eemo izgubiti osim na\u0161e slobode&#8221;, kazao je Zelenskij, dodav\u0161i da Ukrajina svakodnevno prima po\u0161iljke oru\u017eja od me\u0111unarodnih saveznika.<\/p>\n\n\n\n<p>Ruski ministar vanjskih poslova Sergej Lavrov izjavio je, pak, kako vjeruje da se neki strani \u010delnici pripremaju za rat protiv Rusije i da \u0107e Moskva nastaviti s vojnom operacijom u Ukrajini &#8220;do kraja&#8221;. Lavrov je tako\u0111er rekao da Rusija ne razmi\u0161lja&nbsp;o nuklearnom ratu i da zapad &#8220;histeri\u010dno&#8221; reagira na ruske akcije.&nbsp;<\/p>\n\n\n\n<p>Me\u0111utim, samo su Bjelrousija, Sirija, Eritreja i Sjeverna Koreja u Op\u0107oj skup\u0161tini UN-a glasale protiv rezolucije kojom se osu\u0111uje ruska agresija.&nbsp;<\/p>\n\n\n\n<p>Ruska kolona u protekla tri dana sporo je napredovala&nbsp;prema ukrajinskoj prijestolnici, kazali su danas britanski obavje\u0161tajci.&nbsp;<\/p>\n\n\n\n<p>&#8220;Glavni dio velike ruske kolone koja napreduje prema Kijevu i dalje je udaljen vi\u0161e od 30 km od sredi\u0161ta grada, usporen&nbsp;je zbog&nbsp;jakog ukrajinskog&nbsp;otpora, mehani\u010dkih&nbsp;kvarova i zakr\u010denosti&#8221;, objavilo je britansko ministarstvo obrane.<\/p>\n\n\n\n<p>Vojni analiti\u010dari ka\u017eu da je rusko napredovanje dosad bilo takti\u010dki fijasko. Prolje\u0107e pretvara ukrajinsko tlo u blato i sa svakim danom zastoja glavnine ruskih snaga sjeverno od Kijeva situacija \u0107e biti jo\u0161 gora.&nbsp;&nbsp;<\/p>\n\n\n\n<p>U samoj Rusiji, gdje je ve\u0107ina oporbenih figura po zatvorima ili u egzilu, nametnuta je stroga kontrola medija i vlasti su zabranile izvje\u0161tavanje koje &#8220;specijalnu operaciju&#8221; u Ukrajini naziva &#8220;ratom&#8221; ili &#8220;agresijom&#8221;.<\/p>\n\n\n\n<p>Popularna, liberalna&nbsp;ruska radio postaja Eho Moskva je raspu\u0161tena, odlu\u010dila&nbsp;je tako njezina uprava koja se na\u0161la pod pritiskom zbog na\u010dina izvje\u0161tavanja o ratu u Ukrajini, priop\u0107io je u \u010detvrtak glavni i odgovorni urednik. Prije dva dana, ta radio postaja, jedan&nbsp;od vode\u0107ih&nbsp;informativnih kanala u Rusiji, bila je skinuta s&nbsp;etera.<\/p>\n\n\n\n<p>Interventna policija uhi\u0107uje prosvjednike protiv invazije u ruskim gradovima, a neimenovani du\u017enosnik EU-a kazao je postoje znaci da bi Rusija mogla uvesti izvanredno stanje.&nbsp;<\/p>\n\n\n\n<p>Filippo Grandi, visoki povjerenik UN-a za izbjeglice, rekao je da je milijun Ukrajinaca izbjeglo u druge zemlje u tjedan dana. &#8220;To je najbr\u017ei egzodus koji sam vidio u 40 godina rada. Svakog sata, svake minute, prestravljeni ljudi bje\u017ee pred nasiljem&#8221;.&nbsp;<\/p>\n\n\n\n<p>Izvor:pogled.ba<\/p>\n","protected":false},"excerpt":{"rendered":"<p>Ruska invazija na Ukrajinu u\u0161la je u drugi tjedan s glavninom ruskih snaga blokiranom sjeverno od Kijeva i nekoliko gradova koji trpe \u017eestoka ruska bombardiranja.&nbsp; Humanitarna situacija se tako\u0111er pogor\u0161ala. Vi\u0161e od milijun ljudi pobjeglo je izvan granica Ukrajine, a mnogo ih je raseljenih unutar zemlje.&nbsp; Stotine ruskih vojnika i ukrajinskih civila ubijeni su otkako [&hellip;]<\/p>\n","protected":false},"author":2,"featured_media":117858,"comment_status":"closed","ping_status":"closed","sticky":false,"template":"","format":"standard","meta":{"h5ap_radio_sources":[],"footnotes":""},"categories":[1],"tags":[],"class_list":["post-117857","post","type-post","status-publish","format-standard","has-post-thumbnail","hentry","category-bihiregija"],"yoast_head":"<!-- This site is optimized with the Yoast SEO plugin v27.5 - https:\/\/yoast.com\/product\/yoast-seo-wordpress\/ -->\n<title>Tjedan dana invazije: Gradovi opkoljeni, milijuni izbjeglih - RADIO LJUBU\u0160KI<\/title>\n<meta name=\"robots\" content=\"index, follow, max-snippet:-1, max-image-preview:large, max-video-preview:-1\" \/>\n<link rel=\"canonical\" href=\"https:\/\/radioljubuski.ba\/index.php\/2022\/03\/03\/tjedan-dana-invazije-gradovi-opkoljeni-milijuni-izbjeglih\/\" \/>\n<meta property=\"og:locale\" content=\"hr_HR\" \/>\n<meta property=\"og:type\" content=\"article\" \/>\n<meta property=\"og:title\" content=\"Tjedan dana invazije: Gradovi opkoljeni, milijuni izbjeglih - RADIO LJUBU\u0160KI\" \/>\n<meta property=\"og:description\" content=\"Ruska invazija na Ukrajinu u\u0161la je u drugi tjedan s glavninom ruskih snaga blokiranom sjeverno od Kijeva i nekoliko gradova koji trpe \u017eestoka ruska bombardiranja.&nbsp; Humanitarna situacija se tako\u0111er pogor\u0161ala. Vi\u0161e od milijun ljudi pobjeglo je izvan granica Ukrajine, a mnogo ih je raseljenih unutar zemlje.&nbsp; Stotine ruskih vojnika i ukrajinskih civila ubijeni su otkako [&hellip;]\" \/>\n<meta property=\"og:url\" content=\"https:\/\/radioljubuski.ba\/index.php\/2022\/03\/03\/tjedan-dana-invazije-gradovi-opkoljeni-milijuni-izbjeglih\/\" \/>\n<meta property=\"og:site_name\" content=\"RADIO LJUBU\u0160KI\" \/>\n<meta property=\"article:publisher\" content=\"https:\/\/www.facebook.com\/Radiio-Ljubuski-1490835324566332\" \/>\n<meta property=\"article:published_time\" content=\"2022-03-03T22:30:59+00:00\" \/>\n<meta property=\"article:modified_time\" content=\"2022-03-03T22:31:00+00:00\" \/>\n<meta property=\"og:image\" content=\"https:\/\/radioljubuski.ba\/wp-content\/uploads\/2022\/03\/3-2022-03-03-15-09-17-invazijaa.jpg\" \/>\n\t<meta property=\"og:image:width\" content=\"1000\" \/>\n\t<meta property=\"og:image:height\" content=\"625\" \/>\n\t<meta property=\"og:image:type\" content=\"image\/jpeg\" \/>\n<meta name=\"author\" content=\"Radio Ljubu\u0161ki\" \/>\n<meta name=\"twitter:card\" content=\"summary_large_image\" \/>\n<meta name=\"twitter:creator\" content=\"@radioljubuski\" \/>\n<meta name=\"twitter:site\" content=\"@radioljubuski\" \/>\n<meta name=\"twitter:label1\" content=\"Napisao\/la\" \/>\n\t<meta name=\"twitter:data1\" content=\"Radio Ljubu\u0161ki\" \/>\n\t<meta name=\"twitter:label2\" content=\"Procijenjeno vrijeme \u010ditanja\" \/>\n\t<meta name=\"twitter:data2\" content=\"3 minute\" \/>\n<script type=\"application\/ld+json\" class=\"yoast-schema-graph\">{\"@context\":\"https:\\\/\\\/schema.org\",\"@graph\":[{\"@type\":\"Article\",\"@id\":\"https:\\\/\\\/radioljubuski.ba\\\/index.php\\\/2022\\\/03\\\/03\\\/tjedan-dana-invazije-gradovi-opkoljeni-milijuni-izbjeglih\\\/#article\",\"isPartOf\":{\"@id\":\"https:\\\/\\\/radioljubuski.ba\\\/index.php\\\/2022\\\/03\\\/03\\\/tjedan-dana-invazije-gradovi-opkoljeni-milijuni-izbjeglih\\\/\"},\"author\":{\"name\":\"Radio Ljubu\u0161ki\",\"@id\":\"https:\\\/\\\/radioljubuski.ba\\\/#\\\/schema\\\/person\\\/19fc700381a780f69665d7956c469e3b\"},\"headline\":\"Tjedan dana invazije: Gradovi opkoljeni, milijuni izbjeglih\",\"datePublished\":\"2022-03-03T22:30:59+00:00\",\"dateModified\":\"2022-03-03T22:31:00+00:00\",\"mainEntityOfPage\":{\"@id\":\"https:\\\/\\\/radioljubuski.ba\\\/index.php\\\/2022\\\/03\\\/03\\\/tjedan-dana-invazije-gradovi-opkoljeni-milijuni-izbjeglih\\\/\"},\"wordCount\":613,\"publisher\":{\"@id\":\"https:\\\/\\\/radioljubuski.ba\\\/#organization\"},\"image\":{\"@id\":\"https:\\\/\\\/radioljubuski.ba\\\/index.php\\\/2022\\\/03\\\/03\\\/tjedan-dana-invazije-gradovi-opkoljeni-milijuni-izbjeglih\\\/#primaryimage\"},\"thumbnailUrl\":\"https:\\\/\\\/radioljubuski.ba\\\/wp-content\\\/uploads\\\/2022\\\/03\\\/3-2022-03-03-15-09-17-invazijaa.jpg\",\"articleSection\":[\"BIH i regija\"],\"inLanguage\":\"hr\"},{\"@type\":\"WebPage\",\"@id\":\"https:\\\/\\\/radioljubuski.ba\\\/index.php\\\/2022\\\/03\\\/03\\\/tjedan-dana-invazije-gradovi-opkoljeni-milijuni-izbjeglih\\\/\",\"url\":\"https:\\\/\\\/radioljubuski.ba\\\/index.php\\\/2022\\\/03\\\/03\\\/tjedan-dana-invazije-gradovi-opkoljeni-milijuni-izbjeglih\\\/\",\"name\":\"Tjedan dana invazije: Gradovi opkoljeni, milijuni izbjeglih - RADIO LJUBU\u0160KI\",\"isPartOf\":{\"@id\":\"https:\\\/\\\/radioljubuski.ba\\\/#website\"},\"primaryImageOfPage\":{\"@id\":\"https:\\\/\\\/radioljubuski.ba\\\/index.php\\\/2022\\\/03\\\/03\\\/tjedan-dana-invazije-gradovi-opkoljeni-milijuni-izbjeglih\\\/#primaryimage\"},\"image\":{\"@id\":\"https:\\\/\\\/radioljubuski.ba\\\/index.php\\\/2022\\\/03\\\/03\\\/tjedan-dana-invazije-gradovi-opkoljeni-milijuni-izbjeglih\\\/#primaryimage\"},\"thumbnailUrl\":\"https:\\\/\\\/radioljubuski.ba\\\/wp-content\\\/uploads\\\/2022\\\/03\\\/3-2022-03-03-15-09-17-invazijaa.jpg\",\"datePublished\":\"2022-03-03T22:30:59+00:00\",\"dateModified\":\"2022-03-03T22:31:00+00:00\",\"breadcrumb\":{\"@id\":\"https:\\\/\\\/radioljubuski.ba\\\/index.php\\\/2022\\\/03\\\/03\\\/tjedan-dana-invazije-gradovi-opkoljeni-milijuni-izbjeglih\\\/#breadcrumb\"},\"inLanguage\":\"hr\",\"potentialAction\":[{\"@type\":\"ReadAction\",\"target\":[\"https:\\\/\\\/radioljubuski.ba\\\/index.php\\\/2022\\\/03\\\/03\\\/tjedan-dana-invazije-gradovi-opkoljeni-milijuni-izbjeglih\\\/\"]}]},{\"@type\":\"ImageObject\",\"inLanguage\":\"hr\",\"@id\":\"https:\\\/\\\/radioljubuski.ba\\\/index.php\\\/2022\\\/03\\\/03\\\/tjedan-dana-invazije-gradovi-opkoljeni-milijuni-izbjeglih\\\/#primaryimage\",\"url\":\"https:\\\/\\\/radioljubuski.ba\\\/wp-content\\\/uploads\\\/2022\\\/03\\\/3-2022-03-03-15-09-17-invazijaa.jpg\",\"contentUrl\":\"https:\\\/\\\/radioljubuski.ba\\\/wp-content\\\/uploads\\\/2022\\\/03\\\/3-2022-03-03-15-09-17-invazijaa.jpg\",\"width\":1000,\"height\":625},{\"@type\":\"BreadcrumbList\",\"@id\":\"https:\\\/\\\/radioljubuski.ba\\\/index.php\\\/2022\\\/03\\\/03\\\/tjedan-dana-invazije-gradovi-opkoljeni-milijuni-izbjeglih\\\/#breadcrumb\",\"itemListElement\":[{\"@type\":\"ListItem\",\"position\":1,\"name\":\"Po\u010detna stranica\",\"item\":\"https:\\\/\\\/radioljubuski.ba\\\/\"},{\"@type\":\"ListItem\",\"position\":2,\"name\":\"Tjedan dana invazije: Gradovi opkoljeni, milijuni izbjeglih\"}]},{\"@type\":\"WebSite\",\"@id\":\"https:\\\/\\\/radioljubuski.ba\\\/#website\",\"url\":\"https:\\\/\\\/radioljubuski.ba\\\/\",\"name\":\"Radio Ljubu\u0161ki\",\"description\":\"Sun\u010dana frekvencija Hercegovine\",\"publisher\":{\"@id\":\"https:\\\/\\\/radioljubuski.ba\\\/#organization\"},\"potentialAction\":[{\"@type\":\"SearchAction\",\"target\":{\"@type\":\"EntryPoint\",\"urlTemplate\":\"https:\\\/\\\/radioljubuski.ba\\\/?s={search_term_string}\"},\"query-input\":{\"@type\":\"PropertyValueSpecification\",\"valueRequired\":true,\"valueName\":\"search_term_string\"}}],\"inLanguage\":\"hr\"},{\"@type\":\"Organization\",\"@id\":\"https:\\\/\\\/radioljubuski.ba\\\/#organization\",\"name\":\"Radio Ljubu\u0161ki\",\"url\":\"https:\\\/\\\/radioljubuski.ba\\\/\",\"logo\":{\"@type\":\"ImageObject\",\"inLanguage\":\"hr\",\"@id\":\"https:\\\/\\\/radioljubuski.ba\\\/#\\\/schema\\\/logo\\\/image\\\/\",\"url\":\"https:\\\/\\\/radioljubuski.ba\\\/wp-content\\\/uploads\\\/2021\\\/02\\\/cropped-Radio_Ljubuski_logo1.jpg\",\"contentUrl\":\"https:\\\/\\\/radioljubuski.ba\\\/wp-content\\\/uploads\\\/2021\\\/02\\\/cropped-Radio_Ljubuski_logo1.jpg\",\"width\":512,\"height\":512,\"caption\":\"Radio Ljubu\u0161ki\"},\"image\":{\"@id\":\"https:\\\/\\\/radioljubuski.ba\\\/#\\\/schema\\\/logo\\\/image\\\/\"},\"sameAs\":[\"https:\\\/\\\/www.facebook.com\\\/Radiio-Ljubuski-1490835324566332\",\"https:\\\/\\\/x.com\\\/radioljubuski\",\"https:\\\/\\\/hr.linkedin.com\\\/company\\\/radio-ljubuski\",\"https:\\\/\\\/www.youtube.com\\\/channel\\\/UCHYaeO_n0Db3tjNGudGpXyw\"]},{\"@type\":\"Person\",\"@id\":\"https:\\\/\\\/radioljubuski.ba\\\/#\\\/schema\\\/person\\\/19fc700381a780f69665d7956c469e3b\",\"name\":\"Radio Ljubu\u0161ki\"}]}<\/script>\n<!-- \/ Yoast SEO plugin. -->","yoast_head_json":{"title":"Tjedan dana invazije: Gradovi opkoljeni, milijuni izbjeglih - RADIO LJUBU\u0160KI","robots":{"index":"index","follow":"follow","max-snippet":"max-snippet:-1","max-image-preview":"max-image-preview:large","max-video-preview":"max-video-preview:-1"},"canonical":"https:\/\/radioljubuski.ba\/index.php\/2022\/03\/03\/tjedan-dana-invazije-gradovi-opkoljeni-milijuni-izbjeglih\/","og_locale":"hr_HR","og_type":"article","og_title":"Tjedan dana invazije: Gradovi opkoljeni, milijuni izbjeglih - RADIO LJUBU\u0160KI","og_description":"Ruska invazija na Ukrajinu u\u0161la je u drugi tjedan s glavninom ruskih snaga blokiranom sjeverno od Kijeva i nekoliko gradova koji trpe \u017eestoka ruska bombardiranja.&nbsp; Humanitarna situacija se tako\u0111er pogor\u0161ala. Vi\u0161e od milijun ljudi pobjeglo je izvan granica Ukrajine, a mnogo ih je raseljenih unutar zemlje.&nbsp; Stotine ruskih vojnika i ukrajinskih civila ubijeni su otkako [&hellip;]","og_url":"https:\/\/radioljubuski.ba\/index.php\/2022\/03\/03\/tjedan-dana-invazije-gradovi-opkoljeni-milijuni-izbjeglih\/","og_site_name":"RADIO LJUBU\u0160KI","article_publisher":"https:\/\/www.facebook.com\/Radiio-Ljubuski-1490835324566332","article_published_time":"2022-03-03T22:30:59+00:00","article_modified_time":"2022-03-03T22:31:00+00:00","og_image":[{"width":1000,"height":625,"url":"https:\/\/radioljubuski.ba\/wp-content\/uploads\/2022\/03\/3-2022-03-03-15-09-17-invazijaa.jpg","type":"image\/jpeg"}],"author":"Radio Ljubu\u0161ki","twitter_card":"summary_large_image","twitter_creator":"@radioljubuski","twitter_site":"@radioljubuski","twitter_misc":{"Napisao\/la":"Radio Ljubu\u0161ki","Procijenjeno vrijeme \u010ditanja":"3 minute"},"schema":{"@context":"https:\/\/schema.org","@graph":[{"@type":"Article","@id":"https:\/\/radioljubuski.ba\/index.php\/2022\/03\/03\/tjedan-dana-invazije-gradovi-opkoljeni-milijuni-izbjeglih\/#article","isPartOf":{"@id":"https:\/\/radioljubuski.ba\/index.php\/2022\/03\/03\/tjedan-dana-invazije-gradovi-opkoljeni-milijuni-izbjeglih\/"},"author":{"name":"Radio Ljubu\u0161ki","@id":"https:\/\/radioljubuski.ba\/#\/schema\/person\/19fc700381a780f69665d7956c469e3b"},"headline":"Tjedan dana invazije: Gradovi opkoljeni, milijuni izbjeglih","datePublished":"2022-03-03T22:30:59+00:00","dateModified":"2022-03-03T22:31:00+00:00","mainEntityOfPage":{"@id":"https:\/\/radioljubuski.ba\/index.php\/2022\/03\/03\/tjedan-dana-invazije-gradovi-opkoljeni-milijuni-izbjeglih\/"},"wordCount":613,"publisher":{"@id":"https:\/\/radioljubuski.ba\/#organization"},"image":{"@id":"https:\/\/radioljubuski.ba\/index.php\/2022\/03\/03\/tjedan-dana-invazije-gradovi-opkoljeni-milijuni-izbjeglih\/#primaryimage"},"thumbnailUrl":"https:\/\/radioljubuski.ba\/wp-content\/uploads\/2022\/03\/3-2022-03-03-15-09-17-invazijaa.jpg","articleSection":["BIH i regija"],"inLanguage":"hr"},{"@type":"WebPage","@id":"https:\/\/radioljubuski.ba\/index.php\/2022\/03\/03\/tjedan-dana-invazije-gradovi-opkoljeni-milijuni-izbjeglih\/","url":"https:\/\/radioljubuski.ba\/index.php\/2022\/03\/03\/tjedan-dana-invazije-gradovi-opkoljeni-milijuni-izbjeglih\/","name":"Tjedan dana invazije: Gradovi opkoljeni, milijuni izbjeglih - RADIO LJUBU\u0160KI","isPartOf":{"@id":"https:\/\/radioljubuski.ba\/#website"},"primaryImageOfPage":{"@id":"https:\/\/radioljubuski.ba\/index.php\/2022\/03\/03\/tjedan-dana-invazije-gradovi-opkoljeni-milijuni-izbjeglih\/#primaryimage"},"image":{"@id":"https:\/\/radioljubuski.ba\/index.php\/2022\/03\/03\/tjedan-dana-invazije-gradovi-opkoljeni-milijuni-izbjeglih\/#primaryimage"},"thumbnailUrl":"https:\/\/radioljubuski.ba\/wp-content\/uploads\/2022\/03\/3-2022-03-03-15-09-17-invazijaa.jpg","datePublished":"2022-03-03T22:30:59+00:00","dateModified":"2022-03-03T22:31:00+00:00","breadcrumb":{"@id":"https:\/\/radioljubuski.ba\/index.php\/2022\/03\/03\/tjedan-dana-invazije-gradovi-opkoljeni-milijuni-izbjeglih\/#breadcrumb"},"inLanguage":"hr","potentialAction":[{"@type":"ReadAction","target":["https:\/\/radioljubuski.ba\/index.php\/2022\/03\/03\/tjedan-dana-invazije-gradovi-opkoljeni-milijuni-izbjeglih\/"]}]},{"@type":"ImageObject","inLanguage":"hr","@id":"https:\/\/radioljubuski.ba\/index.php\/2022\/03\/03\/tjedan-dana-invazije-gradovi-opkoljeni-milijuni-izbjeglih\/#primaryimage","url":"https:\/\/radioljubuski.ba\/wp-content\/uploads\/2022\/03\/3-2022-03-03-15-09-17-invazijaa.jpg","contentUrl":"https:\/\/radioljubuski.ba\/wp-content\/uploads\/2022\/03\/3-2022-03-03-15-09-17-invazijaa.jpg","width":1000,"height":625},{"@type":"BreadcrumbList","@id":"https:\/\/radioljubuski.ba\/index.php\/2022\/03\/03\/tjedan-dana-invazije-gradovi-opkoljeni-milijuni-izbjeglih\/#breadcrumb","itemListElement":[{"@type":"ListItem","position":1,"name":"Po\u010detna stranica","item":"https:\/\/radioljubuski.ba\/"},{"@type":"ListItem","position":2,"name":"Tjedan dana invazije: Gradovi opkoljeni, milijuni izbjeglih"}]},{"@type":"WebSite","@id":"https:\/\/radioljubuski.ba\/#website","url":"https:\/\/radioljubuski.ba\/","name":"Radio Ljubu\u0161ki","description":"Sun\u010dana frekvencija Hercegovine","publisher":{"@id":"https:\/\/radioljubuski.ba\/#organization"},"potentialAction":[{"@type":"SearchAction","target":{"@type":"EntryPoint","urlTemplate":"https:\/\/radioljubuski.ba\/?s={search_term_string}"},"query-input":{"@type":"PropertyValueSpecification","valueRequired":true,"valueName":"search_term_string"}}],"inLanguage":"hr"},{"@type":"Organization","@id":"https:\/\/radioljubuski.ba\/#organization","name":"Radio Ljubu\u0161ki","url":"https:\/\/radioljubuski.ba\/","logo":{"@type":"ImageObject","inLanguage":"hr","@id":"https:\/\/radioljubuski.ba\/#\/schema\/logo\/image\/","url":"https:\/\/radioljubuski.ba\/wp-content\/uploads\/2021\/02\/cropped-Radio_Ljubuski_logo1.jpg","contentUrl":"https:\/\/radioljubuski.ba\/wp-content\/uploads\/2021\/02\/cropped-Radio_Ljubuski_logo1.jpg","width":512,"height":512,"caption":"Radio Ljubu\u0161ki"},"image":{"@id":"https:\/\/radioljubuski.ba\/#\/schema\/logo\/image\/"},"sameAs":["https:\/\/www.facebook.com\/Radiio-Ljubuski-1490835324566332","https:\/\/x.com\/radioljubuski","https:\/\/hr.linkedin.com\/company\/radio-ljubuski","https:\/\/www.youtube.com\/channel\/UCHYaeO_n0Db3tjNGudGpXyw"]},{"@type":"Person","@id":"https:\/\/radioljubuski.ba\/#\/schema\/person\/19fc700381a780f69665d7956c469e3b","name":"Radio Ljubu\u0161ki"}]}},"_links":{"self":[{"href":"https:\/\/radioljubuski.ba\/index.php\/wp-json\/wp\/v2\/posts\/117857","targetHints":{"allow":["GET"]}}],"collection":[{"href":"https:\/\/radioljubuski.ba\/index.php\/wp-json\/wp\/v2\/posts"}],"about":[{"href":"https:\/\/radioljubuski.ba\/index.php\/wp-json\/wp\/v2\/types\/post"}],"author":[{"embeddable":true,"href":"https:\/\/radioljubuski.ba\/index.php\/wp-json\/wp\/v2\/users\/2"}],"replies":[{"embeddable":true,"href":"https:\/\/radioljubuski.ba\/index.php\/wp-json\/wp\/v2\/comments?post=117857"}],"version-history":[{"count":1,"href":"https:\/\/radioljubuski.ba\/index.php\/wp-json\/wp\/v2\/posts\/117857\/revisions"}],"predecessor-version":[{"id":117859,"href":"https:\/\/radioljubuski.ba\/index.php\/wp-json\/wp\/v2\/posts\/117857\/revisions\/117859"}],"wp:featuredmedia":[{"embeddable":true,"href":"https:\/\/radioljubuski.ba\/index.php\/wp-json\/wp\/v2\/media\/117858"}],"wp:attachment":[{"href":"https:\/\/radioljubuski.ba\/index.php\/wp-json\/wp\/v2\/media?parent=117857"}],"wp:term":[{"taxonomy":"category","embeddable":true,"href":"https:\/\/radioljubuski.ba\/index.php\/wp-json\/wp\/v2\/categories?post=117857"},{"taxonomy":"post_tag","embeddable":true,"href":"https:\/\/radioljubuski.ba\/index.php\/wp-json\/wp\/v2\/tags?post=117857"}],"curies":[{"name":"wp","href":"https:\/\/api.w.org\/{rel}","templated":true}]}}