{"id":117870,"date":"2022-03-03T23:38:30","date_gmt":"2022-03-03T22:38:30","guid":{"rendered":"https:\/\/radioljubuski.ba\/?p=117870"},"modified":"2022-03-03T23:38:32","modified_gmt":"2022-03-03T22:38:32","slug":"rusi-i-bjelorusi-iskljuceni-iz-len-ovih-natjecanja","status":"publish","type":"post","link":"https:\/\/radioljubuski.ba\/index.php\/2022\/03\/03\/rusi-i-bjelorusi-iskljuceni-iz-len-ovih-natjecanja\/","title":{"rendered":"Rusi i Bjelorusi isklju\u010deni iz LEN-ovih natjecanja"},"content":{"rendered":"\n<p><strong>Brojnim savezima koji su odlu\u010dili isklju\u010diti ruske i bjeloruske sporta\u0161e sa svojih natjecanja zbog ruske invazije na Ukrajinu priklju\u010dila se u \u010detvrtak i Europska pliva\u010dka federacija (LEN).<\/strong><\/p>\n\n\n\n<p>&#8211; Europski savez za vodene sportove (LEN) sastao se ju\u010der i odlu\u010dio ne pozivati \u200b\u200bruske i bjeloruske sporta\u0161e i du\u017enosnike na LEN doga\u0111aje kao odgovor na invaziju ruskih snaga na Ukrajinu, do daljnjega, navodi se u priop\u0107enju LEN-a koji dodaje da do daljnjega ne\u0107e biti organizirana nikakva LEN natjecanja na teritoriji Rusije ili Bjelorusije.<\/p>\n\n\n\n<p>LEN je tako\u0111er izrazio potporu ukrajinskim sporta\u0161ima i ukrajinskom narodu.<\/p>\n\n\n\n<p>&#8211; LEN o\u0161tro osu\u0111uje postupke ruske vlade koju podr\u017eava Bjelorusija u njezinoj invaziji na Ukrajinu. Ovaj \u010din rata razbio je \u017eivote ukrajinskih gra\u0111ana i potpuno je protivan sportskom duhu, dodaje LEN.<\/p>\n\n\n\n<p>Osim toga, LEN je objavio i da podr\u017eava konkretnu humanitarnu inicijativu umjetni\u010dkih pliva\u010dkih i ronila\u010dkih saveza Hrvatske za smje\u0161taj ukrajinskih sporta\u0161a i \u010dlanova obitelji kao izbjeglica. Ovaj projekt, koji podr\u017eava FINA, omogu\u0107it \u0107e sporta\u0161ima da nastave trenirati i predstavljati Ukrajinu na me\u0111unarodnim natjecanjima. Ovu inicijativu podr\u017eava Ministarstvo sporta i turizma RH, a doma\u0107ini \u0107e biti Zagreb, Zadar, Rijeka i drugi, navodi se na stranicama LEN-a.<\/p>\n\n\n\n<p>Izvor:hrt.hr<\/p>\n","protected":false},"excerpt":{"rendered":"<p>Brojnim savezima koji su odlu\u010dili isklju\u010diti ruske i bjeloruske sporta\u0161e sa svojih natjecanja zbog ruske invazije na Ukrajinu priklju\u010dila se u \u010detvrtak i Europska pliva\u010dka federacija (LEN). &#8211; Europski savez za vodene sportove (LEN) sastao se ju\u010der i odlu\u010dio ne pozivati \u200b\u200bruske i bjeloruske sporta\u0161e i du\u017enosnike na LEN doga\u0111aje kao odgovor na invaziju ruskih [&hellip;]<\/p>\n","protected":false},"author":2,"featured_media":117871,"comment_status":"closed","ping_status":"closed","sticky":false,"template":"","format":"standard","meta":{"h5ap_radio_sources":[],"footnotes":""},"categories":[7],"tags":[],"class_list":["post-117870","post","type-post","status-publish","format-standard","has-post-thumbnail","hentry","category-sport"],"yoast_head":"<!-- This site is optimized with the Yoast SEO plugin v27.5 - https:\/\/yoast.com\/product\/yoast-seo-wordpress\/ -->\n<title>Rusi i Bjelorusi isklju\u010deni iz LEN-ovih natjecanja - RADIO LJUBU\u0160KI<\/title>\n<meta name=\"robots\" content=\"index, follow, max-snippet:-1, max-image-preview:large, max-video-preview:-1\" \/>\n<link rel=\"canonical\" href=\"https:\/\/radioljubuski.ba\/index.php\/2022\/03\/03\/rusi-i-bjelorusi-iskljuceni-iz-len-ovih-natjecanja\/\" \/>\n<meta property=\"og:locale\" content=\"hr_HR\" \/>\n<meta property=\"og:type\" content=\"article\" \/>\n<meta property=\"og:title\" content=\"Rusi i Bjelorusi isklju\u010deni iz LEN-ovih natjecanja - RADIO LJUBU\u0160KI\" \/>\n<meta property=\"og:description\" content=\"Brojnim savezima koji su odlu\u010dili isklju\u010diti ruske i bjeloruske sporta\u0161e sa svojih natjecanja zbog ruske invazije na Ukrajinu priklju\u010dila se u \u010detvrtak i Europska pliva\u010dka federacija (LEN). &#8211; Europski savez za vodene sportove (LEN) sastao se ju\u010der i odlu\u010dio ne pozivati \u200b\u200bruske i bjeloruske sporta\u0161e i du\u017enosnike na LEN doga\u0111aje kao odgovor na invaziju ruskih [&hellip;]\" \/>\n<meta property=\"og:url\" content=\"https:\/\/radioljubuski.ba\/index.php\/2022\/03\/03\/rusi-i-bjelorusi-iskljuceni-iz-len-ovih-natjecanja\/\" \/>\n<meta property=\"og:site_name\" content=\"RADIO LJUBU\u0160KI\" \/>\n<meta property=\"article:publisher\" content=\"https:\/\/www.facebook.com\/Radiio-Ljubuski-1490835324566332\" \/>\n<meta property=\"article:published_time\" content=\"2022-03-03T22:38:30+00:00\" \/>\n<meta property=\"article:modified_time\" content=\"2022-03-03T22:38:32+00:00\" \/>\n<meta property=\"og:image\" content=\"https:\/\/radioljubuski.ba\/wp-content\/uploads\/2022\/03\/8d8f0c1a39041e125d1f.jpeg\" \/>\n\t<meta property=\"og:image:width\" content=\"612\" \/>\n\t<meta property=\"og:image:height\" content=\"408\" \/>\n\t<meta property=\"og:image:type\" content=\"image\/jpeg\" \/>\n<meta name=\"author\" content=\"Radio Ljubu\u0161ki\" \/>\n<meta name=\"twitter:card\" content=\"summary_large_image\" \/>\n<meta name=\"twitter:creator\" content=\"@radioljubuski\" \/>\n<meta name=\"twitter:site\" content=\"@radioljubuski\" \/>\n<meta name=\"twitter:label1\" content=\"Napisao\/la\" \/>\n\t<meta name=\"twitter:data1\" content=\"Radio Ljubu\u0161ki\" \/>\n\t<meta name=\"twitter:label2\" content=\"Procijenjeno vrijeme \u010ditanja\" \/>\n\t<meta name=\"twitter:data2\" content=\"1 minuta\" \/>\n<script type=\"application\/ld+json\" class=\"yoast-schema-graph\">{\"@context\":\"https:\\\/\\\/schema.org\",\"@graph\":[{\"@type\":\"Article\",\"@id\":\"https:\\\/\\\/radioljubuski.ba\\\/index.php\\\/2022\\\/03\\\/03\\\/rusi-i-bjelorusi-iskljuceni-iz-len-ovih-natjecanja\\\/#article\",\"isPartOf\":{\"@id\":\"https:\\\/\\\/radioljubuski.ba\\\/index.php\\\/2022\\\/03\\\/03\\\/rusi-i-bjelorusi-iskljuceni-iz-len-ovih-natjecanja\\\/\"},\"author\":{\"name\":\"Radio Ljubu\u0161ki\",\"@id\":\"https:\\\/\\\/radioljubuski.ba\\\/#\\\/schema\\\/person\\\/19fc700381a780f69665d7956c469e3b\"},\"headline\":\"Rusi i Bjelorusi isklju\u010deni iz LEN-ovih natjecanja\",\"datePublished\":\"2022-03-03T22:38:30+00:00\",\"dateModified\":\"2022-03-03T22:38:32+00:00\",\"mainEntityOfPage\":{\"@id\":\"https:\\\/\\\/radioljubuski.ba\\\/index.php\\\/2022\\\/03\\\/03\\\/rusi-i-bjelorusi-iskljuceni-iz-len-ovih-natjecanja\\\/\"},\"wordCount\":228,\"publisher\":{\"@id\":\"https:\\\/\\\/radioljubuski.ba\\\/#organization\"},\"image\":{\"@id\":\"https:\\\/\\\/radioljubuski.ba\\\/index.php\\\/2022\\\/03\\\/03\\\/rusi-i-bjelorusi-iskljuceni-iz-len-ovih-natjecanja\\\/#primaryimage\"},\"thumbnailUrl\":\"https:\\\/\\\/radioljubuski.ba\\\/wp-content\\\/uploads\\\/2022\\\/03\\\/8d8f0c1a39041e125d1f.jpeg\",\"articleSection\":[\"\u0160port\"],\"inLanguage\":\"hr\"},{\"@type\":\"WebPage\",\"@id\":\"https:\\\/\\\/radioljubuski.ba\\\/index.php\\\/2022\\\/03\\\/03\\\/rusi-i-bjelorusi-iskljuceni-iz-len-ovih-natjecanja\\\/\",\"url\":\"https:\\\/\\\/radioljubuski.ba\\\/index.php\\\/2022\\\/03\\\/03\\\/rusi-i-bjelorusi-iskljuceni-iz-len-ovih-natjecanja\\\/\",\"name\":\"Rusi i Bjelorusi isklju\u010deni iz LEN-ovih natjecanja - RADIO LJUBU\u0160KI\",\"isPartOf\":{\"@id\":\"https:\\\/\\\/radioljubuski.ba\\\/#website\"},\"primaryImageOfPage\":{\"@id\":\"https:\\\/\\\/radioljubuski.ba\\\/index.php\\\/2022\\\/03\\\/03\\\/rusi-i-bjelorusi-iskljuceni-iz-len-ovih-natjecanja\\\/#primaryimage\"},\"image\":{\"@id\":\"https:\\\/\\\/radioljubuski.ba\\\/index.php\\\/2022\\\/03\\\/03\\\/rusi-i-bjelorusi-iskljuceni-iz-len-ovih-natjecanja\\\/#primaryimage\"},\"thumbnailUrl\":\"https:\\\/\\\/radioljubuski.ba\\\/wp-content\\\/uploads\\\/2022\\\/03\\\/8d8f0c1a39041e125d1f.jpeg\",\"datePublished\":\"2022-03-03T22:38:30+00:00\",\"dateModified\":\"2022-03-03T22:38:32+00:00\",\"breadcrumb\":{\"@id\":\"https:\\\/\\\/radioljubuski.ba\\\/index.php\\\/2022\\\/03\\\/03\\\/rusi-i-bjelorusi-iskljuceni-iz-len-ovih-natjecanja\\\/#breadcrumb\"},\"inLanguage\":\"hr\",\"potentialAction\":[{\"@type\":\"ReadAction\",\"target\":[\"https:\\\/\\\/radioljubuski.ba\\\/index.php\\\/2022\\\/03\\\/03\\\/rusi-i-bjelorusi-iskljuceni-iz-len-ovih-natjecanja\\\/\"]}]},{\"@type\":\"ImageObject\",\"inLanguage\":\"hr\",\"@id\":\"https:\\\/\\\/radioljubuski.ba\\\/index.php\\\/2022\\\/03\\\/03\\\/rusi-i-bjelorusi-iskljuceni-iz-len-ovih-natjecanja\\\/#primaryimage\",\"url\":\"https:\\\/\\\/radioljubuski.ba\\\/wp-content\\\/uploads\\\/2022\\\/03\\\/8d8f0c1a39041e125d1f.jpeg\",\"contentUrl\":\"https:\\\/\\\/radioljubuski.ba\\\/wp-content\\\/uploads\\\/2022\\\/03\\\/8d8f0c1a39041e125d1f.jpeg\",\"width\":612,\"height\":408},{\"@type\":\"BreadcrumbList\",\"@id\":\"https:\\\/\\\/radioljubuski.ba\\\/index.php\\\/2022\\\/03\\\/03\\\/rusi-i-bjelorusi-iskljuceni-iz-len-ovih-natjecanja\\\/#breadcrumb\",\"itemListElement\":[{\"@type\":\"ListItem\",\"position\":1,\"name\":\"Po\u010detna stranica\",\"item\":\"https:\\\/\\\/radioljubuski.ba\\\/\"},{\"@type\":\"ListItem\",\"position\":2,\"name\":\"Rusi i Bjelorusi isklju\u010deni iz LEN-ovih natjecanja\"}]},{\"@type\":\"WebSite\",\"@id\":\"https:\\\/\\\/radioljubuski.ba\\\/#website\",\"url\":\"https:\\\/\\\/radioljubuski.ba\\\/\",\"name\":\"Radio Ljubu\u0161ki\",\"description\":\"Sun\u010dana frekvencija Hercegovine\",\"publisher\":{\"@id\":\"https:\\\/\\\/radioljubuski.ba\\\/#organization\"},\"potentialAction\":[{\"@type\":\"SearchAction\",\"target\":{\"@type\":\"EntryPoint\",\"urlTemplate\":\"https:\\\/\\\/radioljubuski.ba\\\/?s={search_term_string}\"},\"query-input\":{\"@type\":\"PropertyValueSpecification\",\"valueRequired\":true,\"valueName\":\"search_term_string\"}}],\"inLanguage\":\"hr\"},{\"@type\":\"Organization\",\"@id\":\"https:\\\/\\\/radioljubuski.ba\\\/#organization\",\"name\":\"Radio Ljubu\u0161ki\",\"url\":\"https:\\\/\\\/radioljubuski.ba\\\/\",\"logo\":{\"@type\":\"ImageObject\",\"inLanguage\":\"hr\",\"@id\":\"https:\\\/\\\/radioljubuski.ba\\\/#\\\/schema\\\/logo\\\/image\\\/\",\"url\":\"https:\\\/\\\/radioljubuski.ba\\\/wp-content\\\/uploads\\\/2021\\\/02\\\/cropped-Radio_Ljubuski_logo1.jpg\",\"contentUrl\":\"https:\\\/\\\/radioljubuski.ba\\\/wp-content\\\/uploads\\\/2021\\\/02\\\/cropped-Radio_Ljubuski_logo1.jpg\",\"width\":512,\"height\":512,\"caption\":\"Radio Ljubu\u0161ki\"},\"image\":{\"@id\":\"https:\\\/\\\/radioljubuski.ba\\\/#\\\/schema\\\/logo\\\/image\\\/\"},\"sameAs\":[\"https:\\\/\\\/www.facebook.com\\\/Radiio-Ljubuski-1490835324566332\",\"https:\\\/\\\/x.com\\\/radioljubuski\",\"https:\\\/\\\/hr.linkedin.com\\\/company\\\/radio-ljubuski\",\"https:\\\/\\\/www.youtube.com\\\/channel\\\/UCHYaeO_n0Db3tjNGudGpXyw\"]},{\"@type\":\"Person\",\"@id\":\"https:\\\/\\\/radioljubuski.ba\\\/#\\\/schema\\\/person\\\/19fc700381a780f69665d7956c469e3b\",\"name\":\"Radio Ljubu\u0161ki\"}]}<\/script>\n<!-- \/ Yoast SEO plugin. -->","yoast_head_json":{"title":"Rusi i Bjelorusi isklju\u010deni iz LEN-ovih natjecanja - RADIO LJUBU\u0160KI","robots":{"index":"index","follow":"follow","max-snippet":"max-snippet:-1","max-image-preview":"max-image-preview:large","max-video-preview":"max-video-preview:-1"},"canonical":"https:\/\/radioljubuski.ba\/index.php\/2022\/03\/03\/rusi-i-bjelorusi-iskljuceni-iz-len-ovih-natjecanja\/","og_locale":"hr_HR","og_type":"article","og_title":"Rusi i Bjelorusi isklju\u010deni iz LEN-ovih natjecanja - RADIO LJUBU\u0160KI","og_description":"Brojnim savezima koji su odlu\u010dili isklju\u010diti ruske i bjeloruske sporta\u0161e sa svojih natjecanja zbog ruske invazije na Ukrajinu priklju\u010dila se u \u010detvrtak i Europska pliva\u010dka federacija (LEN). &#8211; Europski savez za vodene sportove (LEN) sastao se ju\u010der i odlu\u010dio ne pozivati \u200b\u200bruske i bjeloruske sporta\u0161e i du\u017enosnike na LEN doga\u0111aje kao odgovor na invaziju ruskih [&hellip;]","og_url":"https:\/\/radioljubuski.ba\/index.php\/2022\/03\/03\/rusi-i-bjelorusi-iskljuceni-iz-len-ovih-natjecanja\/","og_site_name":"RADIO LJUBU\u0160KI","article_publisher":"https:\/\/www.facebook.com\/Radiio-Ljubuski-1490835324566332","article_published_time":"2022-03-03T22:38:30+00:00","article_modified_time":"2022-03-03T22:38:32+00:00","og_image":[{"width":612,"height":408,"url":"https:\/\/radioljubuski.ba\/wp-content\/uploads\/2022\/03\/8d8f0c1a39041e125d1f.jpeg","type":"image\/jpeg"}],"author":"Radio Ljubu\u0161ki","twitter_card":"summary_large_image","twitter_creator":"@radioljubuski","twitter_site":"@radioljubuski","twitter_misc":{"Napisao\/la":"Radio Ljubu\u0161ki","Procijenjeno vrijeme \u010ditanja":"1 minuta"},"schema":{"@context":"https:\/\/schema.org","@graph":[{"@type":"Article","@id":"https:\/\/radioljubuski.ba\/index.php\/2022\/03\/03\/rusi-i-bjelorusi-iskljuceni-iz-len-ovih-natjecanja\/#article","isPartOf":{"@id":"https:\/\/radioljubuski.ba\/index.php\/2022\/03\/03\/rusi-i-bjelorusi-iskljuceni-iz-len-ovih-natjecanja\/"},"author":{"name":"Radio Ljubu\u0161ki","@id":"https:\/\/radioljubuski.ba\/#\/schema\/person\/19fc700381a780f69665d7956c469e3b"},"headline":"Rusi i Bjelorusi isklju\u010deni iz LEN-ovih natjecanja","datePublished":"2022-03-03T22:38:30+00:00","dateModified":"2022-03-03T22:38:32+00:00","mainEntityOfPage":{"@id":"https:\/\/radioljubuski.ba\/index.php\/2022\/03\/03\/rusi-i-bjelorusi-iskljuceni-iz-len-ovih-natjecanja\/"},"wordCount":228,"publisher":{"@id":"https:\/\/radioljubuski.ba\/#organization"},"image":{"@id":"https:\/\/radioljubuski.ba\/index.php\/2022\/03\/03\/rusi-i-bjelorusi-iskljuceni-iz-len-ovih-natjecanja\/#primaryimage"},"thumbnailUrl":"https:\/\/radioljubuski.ba\/wp-content\/uploads\/2022\/03\/8d8f0c1a39041e125d1f.jpeg","articleSection":["\u0160port"],"inLanguage":"hr"},{"@type":"WebPage","@id":"https:\/\/radioljubuski.ba\/index.php\/2022\/03\/03\/rusi-i-bjelorusi-iskljuceni-iz-len-ovih-natjecanja\/","url":"https:\/\/radioljubuski.ba\/index.php\/2022\/03\/03\/rusi-i-bjelorusi-iskljuceni-iz-len-ovih-natjecanja\/","name":"Rusi i Bjelorusi isklju\u010deni iz LEN-ovih natjecanja - RADIO LJUBU\u0160KI","isPartOf":{"@id":"https:\/\/radioljubuski.ba\/#website"},"primaryImageOfPage":{"@id":"https:\/\/radioljubuski.ba\/index.php\/2022\/03\/03\/rusi-i-bjelorusi-iskljuceni-iz-len-ovih-natjecanja\/#primaryimage"},"image":{"@id":"https:\/\/radioljubuski.ba\/index.php\/2022\/03\/03\/rusi-i-bjelorusi-iskljuceni-iz-len-ovih-natjecanja\/#primaryimage"},"thumbnailUrl":"https:\/\/radioljubuski.ba\/wp-content\/uploads\/2022\/03\/8d8f0c1a39041e125d1f.jpeg","datePublished":"2022-03-03T22:38:30+00:00","dateModified":"2022-03-03T22:38:32+00:00","breadcrumb":{"@id":"https:\/\/radioljubuski.ba\/index.php\/2022\/03\/03\/rusi-i-bjelorusi-iskljuceni-iz-len-ovih-natjecanja\/#breadcrumb"},"inLanguage":"hr","potentialAction":[{"@type":"ReadAction","target":["https:\/\/radioljubuski.ba\/index.php\/2022\/03\/03\/rusi-i-bjelorusi-iskljuceni-iz-len-ovih-natjecanja\/"]}]},{"@type":"ImageObject","inLanguage":"hr","@id":"https:\/\/radioljubuski.ba\/index.php\/2022\/03\/03\/rusi-i-bjelorusi-iskljuceni-iz-len-ovih-natjecanja\/#primaryimage","url":"https:\/\/radioljubuski.ba\/wp-content\/uploads\/2022\/03\/8d8f0c1a39041e125d1f.jpeg","contentUrl":"https:\/\/radioljubuski.ba\/wp-content\/uploads\/2022\/03\/8d8f0c1a39041e125d1f.jpeg","width":612,"height":408},{"@type":"BreadcrumbList","@id":"https:\/\/radioljubuski.ba\/index.php\/2022\/03\/03\/rusi-i-bjelorusi-iskljuceni-iz-len-ovih-natjecanja\/#breadcrumb","itemListElement":[{"@type":"ListItem","position":1,"name":"Po\u010detna stranica","item":"https:\/\/radioljubuski.ba\/"},{"@type":"ListItem","position":2,"name":"Rusi i Bjelorusi isklju\u010deni iz LEN-ovih natjecanja"}]},{"@type":"WebSite","@id":"https:\/\/radioljubuski.ba\/#website","url":"https:\/\/radioljubuski.ba\/","name":"Radio Ljubu\u0161ki","description":"Sun\u010dana frekvencija Hercegovine","publisher":{"@id":"https:\/\/radioljubuski.ba\/#organization"},"potentialAction":[{"@type":"SearchAction","target":{"@type":"EntryPoint","urlTemplate":"https:\/\/radioljubuski.ba\/?s={search_term_string}"},"query-input":{"@type":"PropertyValueSpecification","valueRequired":true,"valueName":"search_term_string"}}],"inLanguage":"hr"},{"@type":"Organization","@id":"https:\/\/radioljubuski.ba\/#organization","name":"Radio Ljubu\u0161ki","url":"https:\/\/radioljubuski.ba\/","logo":{"@type":"ImageObject","inLanguage":"hr","@id":"https:\/\/radioljubuski.ba\/#\/schema\/logo\/image\/","url":"https:\/\/radioljubuski.ba\/wp-content\/uploads\/2021\/02\/cropped-Radio_Ljubuski_logo1.jpg","contentUrl":"https:\/\/radioljubuski.ba\/wp-content\/uploads\/2021\/02\/cropped-Radio_Ljubuski_logo1.jpg","width":512,"height":512,"caption":"Radio Ljubu\u0161ki"},"image":{"@id":"https:\/\/radioljubuski.ba\/#\/schema\/logo\/image\/"},"sameAs":["https:\/\/www.facebook.com\/Radiio-Ljubuski-1490835324566332","https:\/\/x.com\/radioljubuski","https:\/\/hr.linkedin.com\/company\/radio-ljubuski","https:\/\/www.youtube.com\/channel\/UCHYaeO_n0Db3tjNGudGpXyw"]},{"@type":"Person","@id":"https:\/\/radioljubuski.ba\/#\/schema\/person\/19fc700381a780f69665d7956c469e3b","name":"Radio Ljubu\u0161ki"}]}},"_links":{"self":[{"href":"https:\/\/radioljubuski.ba\/index.php\/wp-json\/wp\/v2\/posts\/117870","targetHints":{"allow":["GET"]}}],"collection":[{"href":"https:\/\/radioljubuski.ba\/index.php\/wp-json\/wp\/v2\/posts"}],"about":[{"href":"https:\/\/radioljubuski.ba\/index.php\/wp-json\/wp\/v2\/types\/post"}],"author":[{"embeddable":true,"href":"https:\/\/radioljubuski.ba\/index.php\/wp-json\/wp\/v2\/users\/2"}],"replies":[{"embeddable":true,"href":"https:\/\/radioljubuski.ba\/index.php\/wp-json\/wp\/v2\/comments?post=117870"}],"version-history":[{"count":1,"href":"https:\/\/radioljubuski.ba\/index.php\/wp-json\/wp\/v2\/posts\/117870\/revisions"}],"predecessor-version":[{"id":117872,"href":"https:\/\/radioljubuski.ba\/index.php\/wp-json\/wp\/v2\/posts\/117870\/revisions\/117872"}],"wp:featuredmedia":[{"embeddable":true,"href":"https:\/\/radioljubuski.ba\/index.php\/wp-json\/wp\/v2\/media\/117871"}],"wp:attachment":[{"href":"https:\/\/radioljubuski.ba\/index.php\/wp-json\/wp\/v2\/media?parent=117870"}],"wp:term":[{"taxonomy":"category","embeddable":true,"href":"https:\/\/radioljubuski.ba\/index.php\/wp-json\/wp\/v2\/categories?post=117870"},{"taxonomy":"post_tag","embeddable":true,"href":"https:\/\/radioljubuski.ba\/index.php\/wp-json\/wp\/v2\/tags?post=117870"}],"curies":[{"name":"wp","href":"https:\/\/api.w.org\/{rel}","templated":true}]}}