{"id":117894,"date":"2022-03-03T23:57:06","date_gmt":"2022-03-03T22:57:06","guid":{"rendered":"https:\/\/radioljubuski.ba\/?p=117894"},"modified":"2022-03-03T23:57:08","modified_gmt":"2022-03-03T22:57:08","slug":"od-sutra-nabavna-cijena-goriva-3-km-koliko-ce-placati-gradani","status":"publish","type":"post","link":"https:\/\/radioljubuski.ba\/index.php\/2022\/03\/03\/od-sutra-nabavna-cijena-goriva-3-km-koliko-ce-placati-gradani\/","title":{"rendered":"Od sutra nabavna cijena goriva 3 KM, koliko \u0107e pla\u0107ati gra\u0111ani"},"content":{"rendered":"\n<p>Cijena nafte na globalnom tr\u017ei\u0161tu zbog geopoliti\u010dkih odnosa i visoke potra\u017enje vrtoglavo raste. Kako saznaje BHRT, dobavlja\u010di u Bosni i Hercegovini od sutra \u0107e nabavnu cijenu pla\u0107ati ve\u0107 tri marke, zbog \u010dega \u0107e gra\u0111ani za litar goriva morati odvojiti i vi\u0161e. Do kada \u0107e cijene rasti nije poznato. Za sada su reagirali samo prijevoznici, koji ne mogu sa sigurno\u0161\u0107u tvrditi da \u0107e svoj posao mo\u0107i i obavljati. I dok se \u010deka da nove nabavne cijene budu na snazi, za portal BHRT-a potvr\u0111eno je iz Vanjskotrgovinske komore BiH da \u0107e za gra\u0111ane sutra cijene biti uve\u0107ane za 10-15 feninga. Ima li bh. vlast sluha za smanjenje akciza na gorivo?<\/p>\n\n\n\n<p>Prema saznanjima BHRT-a od sutra, \u010detvrtog o\u017eujka, nova nabavna cijena goriva na tr\u017ei\u0161tu iznosit \u0107e ve\u0107 3 KM. Prema rije\u010dima izvora koji nam je ustupio na uvid novi cjenovnik nabavke naftnih derivata, situacija je sve te\u017ea. A situaciju najbolje opisuju gra\u0111ani koji su danas na jednoj od benzinskih pumpi rijetko bili raspolo\u017eeni za razgovor.<\/p>\n\n\n\n<p>Te\u0161ko da netko mo\u017ee predvidjeti do koje granice \u0107e rasti cijena goriva. Iz Vanjskotrgovinske komore BiH ka\u017eu da su ve\u0107 obavili razgovor sa prijevoznicima me\u0111unarodnog prijevoza putnika, \u010dija je zabrinutost neminovna.<\/p>\n\n\n\n<p>Vjekoslav Vukovi\u0107, Vanjskotrgovinska komora BiH<\/p>\n\n\n\n<p>&#8220;Ta cijena postaje iznimno neisplativa, njihovo pove\u0107anje cijena usluga postaje iznimno neisplativo, odnosno njihovo pove\u0107anje cijena usluga bi dovelo do neisplativosti onih koji koriste taj prijevoz i ugrozio njihovo poslovanje.&#8221;<\/p>\n\n\n\n<p>Olak\u0161anje za gra\u0111ane BiH bilo bi barem privremeno usvajanje SDP-ov Prijedloga zakona o smanjenju ili privremenom ukidanju akciza na gorivo u BiH, \u010dime bi tro\u0161kovi goriva za gra\u0111ane bili manji za oko 40 feninga po litru.<\/p>\n\n\n\n<p>Sa\u0161a Magazinovi\u0107, SDP<\/p>\n\n\n\n<p>&#8220;Ukidanje akcize makar na privremenoj osnovi je racionalan potez, razloga ima, ali ima li racionalnog razmi\u0161ljanja me\u0111u politi\u010darima, ohrabruje da brojni analitic\u010dri podr\u017eavaju ovo kao mjeru koja \u0107e osim cijene goriva utjecati lan\u010dano na pojeftinjena svih proizvoda na koja utje\u010de cijena goriva. Odlu\u010divat \u0107e se u Domu naroda, o\u010dekujem da se Predstavni\u010dki ovo usvojiti.&#8221;<\/p>\n\n\n\n<p>Upravo cijena goriva uzrokuje i pove\u0107anje cijene svih proizvoda ovisnih o gorivu. U ovom slu\u010daju, ekonimist smatra da kao zemlja moramo reagirati najbolje.<\/p>\n\n\n\n<p>Zoran Pavlovi\u0107, ekonomist<\/p>\n\n\n\n<p>&#8220;Ono \u0161to bi bilo va\u017eno i najva\u017enije za gra\u0111ane da u ovoj situaciji poplave globalne inflacije, da ne\u0161to uradimo kao zemlja, ako bi se prihvatilo zaustavljanje naplate akciza na period 6 mjeseci, onda bi gorivo bilo 35 feninga jeftinije a mo\u017eda i vi\u0161e.&#8221;<\/p>\n\n\n\n<p>Ho\u0107e li politi\u010dari u Bosni i Hercegovini biti odlu\u010dni u pomo\u0107i svojim gra\u0111anima i napraviti potez ukidanja akciza na gorivo barem privremeno, bit \u0107e objelodanjeno 9. o\u017eujka kada je zakazana sjednica Zastupni\u010dkog doma Parlamentarne skup\u0161tine BiH. To \u0107e biti i prilika da poka\u017eu koliko u te\u0161koj situaciji misle na one koji ih biraju.<\/p>\n\n\n\n<iframe loading=\"lazy\" title=\"Nova cijena goriva za bh. gra\u0111ane\" width=\"640\" height=\"360\" src=\"https:\/\/www.youtube.com\/embed\/tehzzerKtEw?feature=oembed\" frameborder=\"0\" allow=\"accelerometer; autoplay; clipboard-write; encrypted-media; gyroscope; picture-in-picture; web-share\" referrerpolicy=\"strict-origin-when-cross-origin\" allowfullscreen><\/iframe>\n\n\n\n<p>Izvor:BHRT<\/p>\n","protected":false},"excerpt":{"rendered":"<p>Cijena nafte na globalnom tr\u017ei\u0161tu zbog geopoliti\u010dkih odnosa i visoke potra\u017enje vrtoglavo raste. Kako saznaje BHRT, dobavlja\u010di u Bosni i Hercegovini od sutra \u0107e nabavnu cijenu pla\u0107ati ve\u0107 tri marke, zbog \u010dega \u0107e gra\u0111ani za litar goriva morati odvojiti i vi\u0161e. Do kada \u0107e cijene rasti nije poznato. Za sada su reagirali samo prijevoznici, koji [&hellip;]<\/p>\n","protected":false},"author":2,"featured_media":0,"comment_status":"closed","ping_status":"closed","sticky":false,"template":"","format":"standard","meta":{"h5ap_radio_sources":[],"footnotes":""},"categories":[1],"tags":[],"class_list":["post-117894","post","type-post","status-publish","format-standard","hentry","category-bihiregija"],"yoast_head":"<!-- This site is optimized with the Yoast SEO plugin v27.5 - https:\/\/yoast.com\/product\/yoast-seo-wordpress\/ -->\n<title>Od sutra nabavna cijena goriva 3 KM, koliko \u0107e pla\u0107ati gra\u0111ani - RADIO LJUBU\u0160KI<\/title>\n<meta name=\"robots\" content=\"index, follow, max-snippet:-1, max-image-preview:large, max-video-preview:-1\" \/>\n<link rel=\"canonical\" href=\"https:\/\/radioljubuski.ba\/index.php\/2022\/03\/03\/od-sutra-nabavna-cijena-goriva-3-km-koliko-ce-placati-gradani\/\" \/>\n<meta property=\"og:locale\" content=\"hr_HR\" \/>\n<meta property=\"og:type\" content=\"article\" \/>\n<meta property=\"og:title\" content=\"Od sutra nabavna cijena goriva 3 KM, koliko \u0107e pla\u0107ati gra\u0111ani - RADIO LJUBU\u0160KI\" \/>\n<meta property=\"og:description\" content=\"Cijena nafte na globalnom tr\u017ei\u0161tu zbog geopoliti\u010dkih odnosa i visoke potra\u017enje vrtoglavo raste. Kako saznaje BHRT, dobavlja\u010di u Bosni i Hercegovini od sutra \u0107e nabavnu cijenu pla\u0107ati ve\u0107 tri marke, zbog \u010dega \u0107e gra\u0111ani za litar goriva morati odvojiti i vi\u0161e. Do kada \u0107e cijene rasti nije poznato. Za sada su reagirali samo prijevoznici, koji [&hellip;]\" \/>\n<meta property=\"og:url\" content=\"https:\/\/radioljubuski.ba\/index.php\/2022\/03\/03\/od-sutra-nabavna-cijena-goriva-3-km-koliko-ce-placati-gradani\/\" \/>\n<meta property=\"og:site_name\" content=\"RADIO LJUBU\u0160KI\" \/>\n<meta property=\"article:publisher\" content=\"https:\/\/www.facebook.com\/Radiio-Ljubuski-1490835324566332\" \/>\n<meta property=\"article:published_time\" content=\"2022-03-03T22:57:06+00:00\" \/>\n<meta property=\"article:modified_time\" content=\"2022-03-03T22:57:08+00:00\" \/>\n<meta property=\"og:image\" content=\"https:\/\/radioljubuski.ba\/wp-content\/uploads\/2022\/03\/7-2022-03-03-20-59-33-ObmBXc8J_gorivo.jpg\" \/>\n\t<meta property=\"og:image:width\" content=\"1000\" \/>\n\t<meta property=\"og:image:height\" content=\"625\" \/>\n\t<meta property=\"og:image:type\" content=\"image\/jpeg\" \/>\n<meta name=\"author\" content=\"Radio Ljubu\u0161ki\" \/>\n<meta name=\"twitter:card\" content=\"summary_large_image\" \/>\n<meta name=\"twitter:creator\" content=\"@radioljubuski\" \/>\n<meta name=\"twitter:site\" content=\"@radioljubuski\" \/>\n<meta name=\"twitter:label1\" content=\"Napisao\/la\" \/>\n\t<meta name=\"twitter:data1\" content=\"Radio Ljubu\u0161ki\" \/>\n\t<meta name=\"twitter:label2\" content=\"Procijenjeno vrijeme \u010ditanja\" \/>\n\t<meta name=\"twitter:data2\" content=\"2 minute\" \/>\n<script type=\"application\/ld+json\" class=\"yoast-schema-graph\">{\"@context\":\"https:\\\/\\\/schema.org\",\"@graph\":[{\"@type\":\"Article\",\"@id\":\"https:\\\/\\\/radioljubuski.ba\\\/index.php\\\/2022\\\/03\\\/03\\\/od-sutra-nabavna-cijena-goriva-3-km-koliko-ce-placati-gradani\\\/#article\",\"isPartOf\":{\"@id\":\"https:\\\/\\\/radioljubuski.ba\\\/index.php\\\/2022\\\/03\\\/03\\\/od-sutra-nabavna-cijena-goriva-3-km-koliko-ce-placati-gradani\\\/\"},\"author\":{\"name\":\"Radio Ljubu\u0161ki\",\"@id\":\"https:\\\/\\\/radioljubuski.ba\\\/#\\\/schema\\\/person\\\/19fc700381a780f69665d7956c469e3b\"},\"headline\":\"Od sutra nabavna cijena goriva 3 KM, koliko \u0107e pla\u0107ati gra\u0111ani\",\"datePublished\":\"2022-03-03T22:57:06+00:00\",\"dateModified\":\"2022-03-03T22:57:08+00:00\",\"mainEntityOfPage\":{\"@id\":\"https:\\\/\\\/radioljubuski.ba\\\/index.php\\\/2022\\\/03\\\/03\\\/od-sutra-nabavna-cijena-goriva-3-km-koliko-ce-placati-gradani\\\/\"},\"wordCount\":518,\"publisher\":{\"@id\":\"https:\\\/\\\/radioljubuski.ba\\\/#organization\"},\"articleSection\":[\"BIH i regija\"],\"inLanguage\":\"hr\"},{\"@type\":\"WebPage\",\"@id\":\"https:\\\/\\\/radioljubuski.ba\\\/index.php\\\/2022\\\/03\\\/03\\\/od-sutra-nabavna-cijena-goriva-3-km-koliko-ce-placati-gradani\\\/\",\"url\":\"https:\\\/\\\/radioljubuski.ba\\\/index.php\\\/2022\\\/03\\\/03\\\/od-sutra-nabavna-cijena-goriva-3-km-koliko-ce-placati-gradani\\\/\",\"name\":\"Od sutra nabavna cijena goriva 3 KM, koliko \u0107e pla\u0107ati gra\u0111ani - RADIO LJUBU\u0160KI\",\"isPartOf\":{\"@id\":\"https:\\\/\\\/radioljubuski.ba\\\/#website\"},\"datePublished\":\"2022-03-03T22:57:06+00:00\",\"dateModified\":\"2022-03-03T22:57:08+00:00\",\"breadcrumb\":{\"@id\":\"https:\\\/\\\/radioljubuski.ba\\\/index.php\\\/2022\\\/03\\\/03\\\/od-sutra-nabavna-cijena-goriva-3-km-koliko-ce-placati-gradani\\\/#breadcrumb\"},\"inLanguage\":\"hr\",\"potentialAction\":[{\"@type\":\"ReadAction\",\"target\":[\"https:\\\/\\\/radioljubuski.ba\\\/index.php\\\/2022\\\/03\\\/03\\\/od-sutra-nabavna-cijena-goriva-3-km-koliko-ce-placati-gradani\\\/\"]}]},{\"@type\":\"BreadcrumbList\",\"@id\":\"https:\\\/\\\/radioljubuski.ba\\\/index.php\\\/2022\\\/03\\\/03\\\/od-sutra-nabavna-cijena-goriva-3-km-koliko-ce-placati-gradani\\\/#breadcrumb\",\"itemListElement\":[{\"@type\":\"ListItem\",\"position\":1,\"name\":\"Po\u010detna stranica\",\"item\":\"https:\\\/\\\/radioljubuski.ba\\\/\"},{\"@type\":\"ListItem\",\"position\":2,\"name\":\"Od sutra nabavna cijena goriva 3 KM, koliko \u0107e pla\u0107ati gra\u0111ani\"}]},{\"@type\":\"WebSite\",\"@id\":\"https:\\\/\\\/radioljubuski.ba\\\/#website\",\"url\":\"https:\\\/\\\/radioljubuski.ba\\\/\",\"name\":\"Radio Ljubu\u0161ki\",\"description\":\"Sun\u010dana frekvencija Hercegovine\",\"publisher\":{\"@id\":\"https:\\\/\\\/radioljubuski.ba\\\/#organization\"},\"potentialAction\":[{\"@type\":\"SearchAction\",\"target\":{\"@type\":\"EntryPoint\",\"urlTemplate\":\"https:\\\/\\\/radioljubuski.ba\\\/?s={search_term_string}\"},\"query-input\":{\"@type\":\"PropertyValueSpecification\",\"valueRequired\":true,\"valueName\":\"search_term_string\"}}],\"inLanguage\":\"hr\"},{\"@type\":\"Organization\",\"@id\":\"https:\\\/\\\/radioljubuski.ba\\\/#organization\",\"name\":\"Radio Ljubu\u0161ki\",\"url\":\"https:\\\/\\\/radioljubuski.ba\\\/\",\"logo\":{\"@type\":\"ImageObject\",\"inLanguage\":\"hr\",\"@id\":\"https:\\\/\\\/radioljubuski.ba\\\/#\\\/schema\\\/logo\\\/image\\\/\",\"url\":\"https:\\\/\\\/radioljubuski.ba\\\/wp-content\\\/uploads\\\/2021\\\/02\\\/cropped-Radio_Ljubuski_logo1.jpg\",\"contentUrl\":\"https:\\\/\\\/radioljubuski.ba\\\/wp-content\\\/uploads\\\/2021\\\/02\\\/cropped-Radio_Ljubuski_logo1.jpg\",\"width\":512,\"height\":512,\"caption\":\"Radio Ljubu\u0161ki\"},\"image\":{\"@id\":\"https:\\\/\\\/radioljubuski.ba\\\/#\\\/schema\\\/logo\\\/image\\\/\"},\"sameAs\":[\"https:\\\/\\\/www.facebook.com\\\/Radiio-Ljubuski-1490835324566332\",\"https:\\\/\\\/x.com\\\/radioljubuski\",\"https:\\\/\\\/hr.linkedin.com\\\/company\\\/radio-ljubuski\",\"https:\\\/\\\/www.youtube.com\\\/channel\\\/UCHYaeO_n0Db3tjNGudGpXyw\"]},{\"@type\":\"Person\",\"@id\":\"https:\\\/\\\/radioljubuski.ba\\\/#\\\/schema\\\/person\\\/19fc700381a780f69665d7956c469e3b\",\"name\":\"Radio Ljubu\u0161ki\"}]}<\/script>\n<!-- \/ Yoast SEO plugin. -->","yoast_head_json":{"title":"Od sutra nabavna cijena goriva 3 KM, koliko \u0107e pla\u0107ati gra\u0111ani - RADIO LJUBU\u0160KI","robots":{"index":"index","follow":"follow","max-snippet":"max-snippet:-1","max-image-preview":"max-image-preview:large","max-video-preview":"max-video-preview:-1"},"canonical":"https:\/\/radioljubuski.ba\/index.php\/2022\/03\/03\/od-sutra-nabavna-cijena-goriva-3-km-koliko-ce-placati-gradani\/","og_locale":"hr_HR","og_type":"article","og_title":"Od sutra nabavna cijena goriva 3 KM, koliko \u0107e pla\u0107ati gra\u0111ani - RADIO LJUBU\u0160KI","og_description":"Cijena nafte na globalnom tr\u017ei\u0161tu zbog geopoliti\u010dkih odnosa i visoke potra\u017enje vrtoglavo raste. Kako saznaje BHRT, dobavlja\u010di u Bosni i Hercegovini od sutra \u0107e nabavnu cijenu pla\u0107ati ve\u0107 tri marke, zbog \u010dega \u0107e gra\u0111ani za litar goriva morati odvojiti i vi\u0161e. Do kada \u0107e cijene rasti nije poznato. Za sada su reagirali samo prijevoznici, koji [&hellip;]","og_url":"https:\/\/radioljubuski.ba\/index.php\/2022\/03\/03\/od-sutra-nabavna-cijena-goriva-3-km-koliko-ce-placati-gradani\/","og_site_name":"RADIO LJUBU\u0160KI","article_publisher":"https:\/\/www.facebook.com\/Radiio-Ljubuski-1490835324566332","article_published_time":"2022-03-03T22:57:06+00:00","article_modified_time":"2022-03-03T22:57:08+00:00","og_image":[{"width":1000,"height":625,"url":"https:\/\/radioljubuski.ba\/wp-content\/uploads\/2022\/03\/7-2022-03-03-20-59-33-ObmBXc8J_gorivo.jpg","type":"image\/jpeg"}],"author":"Radio Ljubu\u0161ki","twitter_card":"summary_large_image","twitter_creator":"@radioljubuski","twitter_site":"@radioljubuski","twitter_misc":{"Napisao\/la":"Radio Ljubu\u0161ki","Procijenjeno vrijeme \u010ditanja":"2 minute"},"schema":{"@context":"https:\/\/schema.org","@graph":[{"@type":"Article","@id":"https:\/\/radioljubuski.ba\/index.php\/2022\/03\/03\/od-sutra-nabavna-cijena-goriva-3-km-koliko-ce-placati-gradani\/#article","isPartOf":{"@id":"https:\/\/radioljubuski.ba\/index.php\/2022\/03\/03\/od-sutra-nabavna-cijena-goriva-3-km-koliko-ce-placati-gradani\/"},"author":{"name":"Radio Ljubu\u0161ki","@id":"https:\/\/radioljubuski.ba\/#\/schema\/person\/19fc700381a780f69665d7956c469e3b"},"headline":"Od sutra nabavna cijena goriva 3 KM, koliko \u0107e pla\u0107ati gra\u0111ani","datePublished":"2022-03-03T22:57:06+00:00","dateModified":"2022-03-03T22:57:08+00:00","mainEntityOfPage":{"@id":"https:\/\/radioljubuski.ba\/index.php\/2022\/03\/03\/od-sutra-nabavna-cijena-goriva-3-km-koliko-ce-placati-gradani\/"},"wordCount":518,"publisher":{"@id":"https:\/\/radioljubuski.ba\/#organization"},"articleSection":["BIH i regija"],"inLanguage":"hr"},{"@type":"WebPage","@id":"https:\/\/radioljubuski.ba\/index.php\/2022\/03\/03\/od-sutra-nabavna-cijena-goriva-3-km-koliko-ce-placati-gradani\/","url":"https:\/\/radioljubuski.ba\/index.php\/2022\/03\/03\/od-sutra-nabavna-cijena-goriva-3-km-koliko-ce-placati-gradani\/","name":"Od sutra nabavna cijena goriva 3 KM, koliko \u0107e pla\u0107ati gra\u0111ani - RADIO LJUBU\u0160KI","isPartOf":{"@id":"https:\/\/radioljubuski.ba\/#website"},"datePublished":"2022-03-03T22:57:06+00:00","dateModified":"2022-03-03T22:57:08+00:00","breadcrumb":{"@id":"https:\/\/radioljubuski.ba\/index.php\/2022\/03\/03\/od-sutra-nabavna-cijena-goriva-3-km-koliko-ce-placati-gradani\/#breadcrumb"},"inLanguage":"hr","potentialAction":[{"@type":"ReadAction","target":["https:\/\/radioljubuski.ba\/index.php\/2022\/03\/03\/od-sutra-nabavna-cijena-goriva-3-km-koliko-ce-placati-gradani\/"]}]},{"@type":"BreadcrumbList","@id":"https:\/\/radioljubuski.ba\/index.php\/2022\/03\/03\/od-sutra-nabavna-cijena-goriva-3-km-koliko-ce-placati-gradani\/#breadcrumb","itemListElement":[{"@type":"ListItem","position":1,"name":"Po\u010detna stranica","item":"https:\/\/radioljubuski.ba\/"},{"@type":"ListItem","position":2,"name":"Od sutra nabavna cijena goriva 3 KM, koliko \u0107e pla\u0107ati gra\u0111ani"}]},{"@type":"WebSite","@id":"https:\/\/radioljubuski.ba\/#website","url":"https:\/\/radioljubuski.ba\/","name":"Radio Ljubu\u0161ki","description":"Sun\u010dana frekvencija Hercegovine","publisher":{"@id":"https:\/\/radioljubuski.ba\/#organization"},"potentialAction":[{"@type":"SearchAction","target":{"@type":"EntryPoint","urlTemplate":"https:\/\/radioljubuski.ba\/?s={search_term_string}"},"query-input":{"@type":"PropertyValueSpecification","valueRequired":true,"valueName":"search_term_string"}}],"inLanguage":"hr"},{"@type":"Organization","@id":"https:\/\/radioljubuski.ba\/#organization","name":"Radio Ljubu\u0161ki","url":"https:\/\/radioljubuski.ba\/","logo":{"@type":"ImageObject","inLanguage":"hr","@id":"https:\/\/radioljubuski.ba\/#\/schema\/logo\/image\/","url":"https:\/\/radioljubuski.ba\/wp-content\/uploads\/2021\/02\/cropped-Radio_Ljubuski_logo1.jpg","contentUrl":"https:\/\/radioljubuski.ba\/wp-content\/uploads\/2021\/02\/cropped-Radio_Ljubuski_logo1.jpg","width":512,"height":512,"caption":"Radio Ljubu\u0161ki"},"image":{"@id":"https:\/\/radioljubuski.ba\/#\/schema\/logo\/image\/"},"sameAs":["https:\/\/www.facebook.com\/Radiio-Ljubuski-1490835324566332","https:\/\/x.com\/radioljubuski","https:\/\/hr.linkedin.com\/company\/radio-ljubuski","https:\/\/www.youtube.com\/channel\/UCHYaeO_n0Db3tjNGudGpXyw"]},{"@type":"Person","@id":"https:\/\/radioljubuski.ba\/#\/schema\/person\/19fc700381a780f69665d7956c469e3b","name":"Radio Ljubu\u0161ki"}]}},"_links":{"self":[{"href":"https:\/\/radioljubuski.ba\/index.php\/wp-json\/wp\/v2\/posts\/117894","targetHints":{"allow":["GET"]}}],"collection":[{"href":"https:\/\/radioljubuski.ba\/index.php\/wp-json\/wp\/v2\/posts"}],"about":[{"href":"https:\/\/radioljubuski.ba\/index.php\/wp-json\/wp\/v2\/types\/post"}],"author":[{"embeddable":true,"href":"https:\/\/radioljubuski.ba\/index.php\/wp-json\/wp\/v2\/users\/2"}],"replies":[{"embeddable":true,"href":"https:\/\/radioljubuski.ba\/index.php\/wp-json\/wp\/v2\/comments?post=117894"}],"version-history":[{"count":1,"href":"https:\/\/radioljubuski.ba\/index.php\/wp-json\/wp\/v2\/posts\/117894\/revisions"}],"predecessor-version":[{"id":117896,"href":"https:\/\/radioljubuski.ba\/index.php\/wp-json\/wp\/v2\/posts\/117894\/revisions\/117896"}],"wp:attachment":[{"href":"https:\/\/radioljubuski.ba\/index.php\/wp-json\/wp\/v2\/media?parent=117894"}],"wp:term":[{"taxonomy":"category","embeddable":true,"href":"https:\/\/radioljubuski.ba\/index.php\/wp-json\/wp\/v2\/categories?post=117894"},{"taxonomy":"post_tag","embeddable":true,"href":"https:\/\/radioljubuski.ba\/index.php\/wp-json\/wp\/v2\/tags?post=117894"}],"curies":[{"name":"wp","href":"https:\/\/api.w.org\/{rel}","templated":true}]}}