{"id":117912,"date":"2022-03-04T00:49:39","date_gmt":"2022-03-03T23:49:39","guid":{"rendered":"https:\/\/radioljubuski.ba\/?p=117912"},"modified":"2022-03-04T00:49:40","modified_gmt":"2022-03-03T23:49:40","slug":"nato-kisobran-protiv-ukrajinskog-scenarija-za-bih","status":"publish","type":"post","link":"https:\/\/radioljubuski.ba\/index.php\/2022\/03\/04\/nato-kisobran-protiv-ukrajinskog-scenarija-za-bih\/","title":{"rendered":"NATO ki\u0161obran protiv ukrajinskog scenarija za BiH"},"content":{"rendered":"\n<p>Ve\u0107 prvi dan ruske agresije i invazije na Ukrajinu, postavilo se pitanje je li BiH sljede\u0107a na listi za taj scenarij. Dok bjesni rat i razaranja u Ukrajini, mnogi strepe za budu\u0107nost, a police trgovina se prazne, pi\u0161e DW.<\/p>\n\n\n\n<p>Ili zbog rata u Ukrajini, ili zbog pove\u0107anja cijena, zabrinutost je natjerala bh. \u017eitelje na poja\u010danu kupovinu \u017eivotnih namirnica. Iako jo\u0161 uvijek nema masovnog nagomilavanja zaliha, u mnogih trgovinama i supermarketima poja\u010dano se kupuje.<\/p>\n\n\n\n<p>\u201eJo\u0161 se nije zaboravio rat i nesta\u0161ica, a i poskupljuje sve. Dobro je da se kupi. Za svaki slu\u010daj\u201c, ka\u017ee jedna mostarska gospo\u0111a kupuju\u0107i 15 kg bra\u0161na u supermarketu. Kao da se me\u0111u kupce uvukla neka tjeskoba, nema \u017eamora i smijeha, a pitanje koje &#8216;visi u zraku&#8217; je: Ho\u0107e li biti rata?<\/p>\n\n\n\n<p>\u010cini se da donekle umiruju\u0107e zvu\u010de izjave predsjednika Hrvatske, Srbije i BiH kako nisu pove\u0107ali pripravnost svojih oru\u017eanih snaga, a zna\u010dajan pomak je u\u010dinjen i podr\u0161kom Srbije rezoluciji UN-a u osudi ruske agresije na Ukrajinu.<\/p>\n\n\n\n<p>Dok su sve brojniji apeli da lideri zemalja zapadnog Balkana preuzmu odgovornost, prestanu sa zapaljivom retorikom i sa\u010duvaju mir, ozbiljne prijetnje unose tjeskobu, dok svijet u \u017eivo promatra stradanja u Ukrajinii novi rat na europskom tlu.<\/p>\n\n\n\n<p>\u201eNemojte poslije da niste znali\u201c<\/p>\n\n\n\n<p>Du\u0161anka Majki\u0107, zastupnica SNSD-a u dr\u017eavnom parlamentu, stranke predsjednika Milorada Dodika i \u010dlana Predsjedni\u0161tva BiH iz reda srpskog naroda, komentiraju\u0107i na dru\u0161tvenim mre\u017eama rat u Ukrajini zaprijetila je da se i u BiH mo\u017ee dogoditi sli\u010dan scenarij.<\/p>\n\n\n\n<p>&#8220;Moskva je u o\u017eujku 2021. rekla da \u0107e reagirati ako BiH poduzme korake ka pridru\u017eivanju NATO-u. Nemojte poslije da niste znali&#8221;, napisala je ona na Twitteru. Na \u017ealost ovo prijete\u0107e upozorenje bh. parlamentarke koja, kao i njena stranka zastupa stav da BiH ne treba biti \u010dlanica NATO-a, ima itekako temelja.<\/p>\n\n\n\n<p>U o\u017eujku pro\u0161le godine Veleposlanstvo Rusije u BiH iznijelo je svoj stav o pristupanju BiH ka NATO. \u201cU slu\u010daju prakti\u010dnog zbli\u017eavanja BiH i NATO-a, Rusija \u0107e morati reagirati na ovaj neprijateljski korak\u201d, poru\u010deno je. Treba li ovu prijetnju uzeti ozbiljno ili ne?&nbsp;<\/p>\n\n\n\n<p><br>\u201eNATO i EU imaju obvezu prema BiH\u201c<\/p>\n\n\n\n<p>Zamjenik ministra obrane BiH Mijo Kre\u0161i\u0107 ne vidi pretjeranu mogu\u0107nost da se BiH na\u0111e u \u201eukrajinskom scenariju\u201c.<\/p>\n\n\n\n<p>\u201eMi se nalazimo u posve druk\u010dijoj poziciji. Imamo danas EUFOR za osiguranje stabilnog i sigurnog okru\u017eenja, ali i NATO zapovjedni\u0161tvo koji je tako\u0111er jamac sigurnosti, razvijenu komunikaciju sa svim zemljama \u010dlanicama EU-a i NATO-a koje imaju utjecaja na kretanja u BiH. Uklju\u010duju\u0107i tu, dakako, i Hrvatsku. NATO je danas u BiH, a to \u0161to mi nismo u ovome trenutku zemlja \u010dlanica, mislim da ne mijenja bitnije na\u0161u poziciju. NATO i EU imaju obvezu prema BiH. Rekao bih da je to stvar partnerstva\u201c, rekao je Kre\u0161i\u0107 za Ve\u010dernji list BiH.<\/p>\n\n\n\n<p>Sna\u017enije djelovanje obavje\u0161tajaca i uloga politi\u010dara<\/p>\n\n\n\n<p>Sli\u010dno misli i dr.sc. Sandi Dizdarevi\u0107, profesor kriminalisti\u010dke psihologije i ekspert u podru\u010dju sigurnosti, koji podsje\u0107a da su jamac Daytonskog sporazuma NATO i me\u0111unarodne snage te da je tu razlika BiH i Ukrajine. Ali ipak ka\u017ee da niti jedna zemlja zapadnog Balkana, koja ima pretenzije i odlu\u010dnost za \u010dlanstvo u NATO i EU, nije isklju\u010dena iz geostrate\u0161kog interesa Rusije.<\/p>\n\n\n\n<p>\u201eBiH je trom geostrate\u0161ki prostor i samim tim interes na \u010dijem podru\u010dju se preklapaju interesi, a time i animoziteti Zapada i Istoka. &nbsp;Ne vjerujem da \u0107e do\u0107i do oru\u017eanog sukoba, ali \u0107e se obavje\u0161tajni aparat toliko aktivirati s ciljem izazivanja razli\u010ditih oblika destabilizacija\u201c, ka\u017ee Dizdarevi\u0107 za Deutsche Welle.<\/p>\n\n\n\n<p>On posebno skre\u0107e pozornost na odgovornost regionalnih politi\u010dara za stabilnost regije, posebno predsjednika Srbije Aleksandra Vu\u010di\u0107a za kojeg ka\u017ee da je u posebno te\u0161kom razdoblju.<\/p>\n\n\n\n<p>\u201eOvo je vrijeme kada dolaze do naplate sva ranija \u201eigranja na dvije stolice\u201c. Uop\u0107e, svi politi\u010dki personifikatori vode\u0107ih politika i u BiH u te\u0161kom periodu &#8211; od njihovih odluka ovisi cjelokupna sigurnost i to je dobar znak da ipak mogu racionalizirati i izdignuti se iznad osobnih interesa\u201c, ka\u017ee Dizdarevi\u0107.&nbsp;<\/p>\n\n\n\n<p>No, on podsje\u0107a da je Rusija sada suo\u010dena s ozbiljnim sankcijama na svakom polju te da na rat na ukrajinskom podru\u010dju dnevno tro\u0161i skoro milijardu dolara te da time nedvojbeno slabi i njezin utjecaj.<\/p>\n\n\n\n<p>\u201eOno \u0161to je bitno, je da upravo ti politi\u010dari ne podlegnu pritiscima, ucjenama koje dolaze iz Rusije, jer va\u017eno je shvatiti da se politika re\u017eima Vladimira Putina polako uru\u0161ava\u201c, zaklju\u010duje on.<\/p>\n\n\n\n<p>\u201eSukobi su ve\u0107 prisutni ali ne oru\u017eani\u201c<\/p>\n\n\n\n<p>Ali, prof.dr. Darko Trifunovi\u0107, direktor Instituta za nacionalnu i me\u0111unarodnu sigurnost u Beogradu, ka\u017ee da postoji ozbiljna zabrinutost za izbijanje sukoba u BiH.&nbsp;<\/p>\n\n\n\n<p>\u201eTo je vrlo velika mogu\u0107nost. Sukobi su ve\u0107 prisutni ali ne oru\u017eani. Rusija sada \u017eeli \u0161to dalje skrenuti pozornost s Ukrajine i na podru\u010dja gdje ima utjecaj i u tome im poma\u017eu zapaljivi narativi politi\u010dkih elita. Nisam mogao zamisliti da ekstremisti u mojoj zemlji podr\u017eavaju da ne\u010diji tenkovi do\u0111u pred ne\u010diju ku\u0107u i pucaju na ljude u njoj. Ali, ono \u0161to pru\u017ea nadu je da je Srbija ipak osudila agresiju i podr\u017eala suverenitet Ukrajine \u201c, komentira Trifunovi\u0107 za DW.&nbsp;<\/p>\n\n\n\n<p>Osvr\u0107u\u0107i se na ratove od Afganistana, biv\u0161e Jugoslavije, a sada i Ukrajine, isti\u010de da je to interesna borba NATO-a i Rusije, ali i da \u0107e ukrajinski rat otvoriti i mnoge te\u0161ke teme iz proteklog rata na Balkanu i to o ruskoj ulozi u zlo\u010dinima na podru\u010dju BiH.&nbsp;<\/p>\n\n\n\n<p>\u201eSrbija je najve\u0107a \u017ertva vi\u0161egodi\u0161njeg, hibridnog djelovanja Rusije na Balkanu, uz BiH i ostale zemlje biv\u0161e Jugoslavije. Stoga je va\u017eno da politi\u010dari pru\u017ee ruke jedni drugima i odgovore na pitanje slu\u017ee li za zava\u0111anje naroda ili rade na privla\u010denju investicija i boljem \u017eivotu svojih gra\u0111ana? Moja generacija, odrasla je pod stravi\u010dnom propagandom i na\u0161a je obveza biti promotori normalnog \u017eivota\u201c, komentira uz zaklju\u010dak da \u201epoliti\u010darima sa zapaljivom retorikom treba \u0161to manje dopustiti mikrofon u ruke\u201c.<\/p>\n\n\n\n<p>Sigurnosni ki\u0161obran za BiH<\/p>\n\n\n\n<p>Prof. dr. Dijana Gupta, predsjednica Atlantskog vije\u0107a BiH, u tom smislu, sli\u010dnog je stajali\u0161ta. \u201ePoliti\u010darima sa zapaljivom retorikom, kao \u0161to je gospodin Dodik i gospo\u0111a Majki\u0107, koji predstavljaju ovu dr\u017eavu i od nje primaju vrlo visoke pla\u0107e, a istodobno rade protiv te iste dr\u017eave i imaju tako sramotne postupke, zaista treba zabraniti bavljenje politikom i ne \u017eelim da mene, kao gra\u0111anku BiH, zastupaju takve osobe\u201c, ka\u017ee Gupta za DW.&nbsp;<\/p>\n\n\n\n<p>No, unato\u010d svemu, ona ka\u017ee da bh. \u017eitelji mogu mirno spavati, a njeni argumenti su prisustvo NATO-a u BiH kao \u201esigurnosnog ki\u0161obrana\u201c.<\/p>\n\n\n\n<p>\u201eU BiH je NATO sto\u017eer u Sarajevu, a sada je poslana sna\u017ena poruka s jo\u0161 500 vojnika u misiji Althea. Berlinskim sporazumom dana je mogu\u0107nost obrane ukoliko bi do\u0161lo do oru\u017eanih sukoba. Tako\u0111er, BiH je primljena u Akcijski program za \u010dlanstvo, MAP, i ispunili smo zna\u010dajan dio zahtjeva \u0161to je Savez od nas tra\u017eio i to BiH pozicionira &nbsp;druk\u010diju poziciju od Ukrajine\u201c, zaklju\u010duje Gupta.<\/p>\n\n\n\n<p>Izvor:DW<\/p>\n","protected":false},"excerpt":{"rendered":"<p>Ve\u0107 prvi dan ruske agresije i invazije na Ukrajinu, postavilo se pitanje je li BiH sljede\u0107a na listi za taj scenarij. Dok bjesni rat i razaranja u Ukrajini, mnogi strepe za budu\u0107nost, a police trgovina se prazne, pi\u0161e DW. Ili zbog rata u Ukrajini, ili zbog pove\u0107anja cijena, zabrinutost je natjerala bh. \u017eitelje na poja\u010danu [&hellip;]<\/p>\n","protected":false},"author":2,"featured_media":117913,"comment_status":"closed","ping_status":"closed","sticky":false,"template":"","format":"standard","meta":{"h5ap_radio_sources":[],"footnotes":""},"categories":[1],"tags":[],"class_list":["post-117912","post","type-post","status-publish","format-standard","has-post-thumbnail","hentry","category-bihiregija"],"yoast_head":"<!-- This site is optimized with the Yoast SEO plugin v27.5 - https:\/\/yoast.com\/product\/yoast-seo-wordpress\/ -->\n<title>NATO ki\u0161obran protiv ukrajinskog scenarija za BiH - RADIO LJUBU\u0160KI<\/title>\n<meta name=\"robots\" content=\"index, follow, max-snippet:-1, max-image-preview:large, max-video-preview:-1\" \/>\n<link rel=\"canonical\" href=\"https:\/\/radioljubuski.ba\/index.php\/2022\/03\/04\/nato-kisobran-protiv-ukrajinskog-scenarija-za-bih\/\" \/>\n<meta property=\"og:locale\" content=\"hr_HR\" \/>\n<meta property=\"og:type\" content=\"article\" \/>\n<meta property=\"og:title\" content=\"NATO ki\u0161obran protiv ukrajinskog scenarija za BiH - RADIO LJUBU\u0160KI\" \/>\n<meta property=\"og:description\" content=\"Ve\u0107 prvi dan ruske agresije i invazije na Ukrajinu, postavilo se pitanje je li BiH sljede\u0107a na listi za taj scenarij. Dok bjesni rat i razaranja u Ukrajini, mnogi strepe za budu\u0107nost, a police trgovina se prazne, pi\u0161e DW. Ili zbog rata u Ukrajini, ili zbog pove\u0107anja cijena, zabrinutost je natjerala bh. \u017eitelje na poja\u010danu [&hellip;]\" \/>\n<meta property=\"og:url\" content=\"https:\/\/radioljubuski.ba\/index.php\/2022\/03\/04\/nato-kisobran-protiv-ukrajinskog-scenarija-za-bih\/\" \/>\n<meta property=\"og:site_name\" content=\"RADIO LJUBU\u0160KI\" \/>\n<meta property=\"article:publisher\" content=\"https:\/\/www.facebook.com\/Radiio-Ljubuski-1490835324566332\" \/>\n<meta property=\"article:published_time\" content=\"2022-03-03T23:49:39+00:00\" \/>\n<meta property=\"article:modified_time\" content=\"2022-03-03T23:49:40+00:00\" \/>\n<meta property=\"og:image\" content=\"https:\/\/radioljubuski.ba\/wp-content\/uploads\/2022\/03\/7-2022-03-01-20-41-36-nato-zastava-1.jpg\" \/>\n\t<meta property=\"og:image:width\" content=\"1000\" \/>\n\t<meta property=\"og:image:height\" content=\"625\" \/>\n\t<meta property=\"og:image:type\" content=\"image\/jpeg\" \/>\n<meta name=\"author\" content=\"Radio Ljubu\u0161ki\" \/>\n<meta name=\"twitter:card\" content=\"summary_large_image\" \/>\n<meta name=\"twitter:creator\" content=\"@radioljubuski\" \/>\n<meta name=\"twitter:site\" content=\"@radioljubuski\" \/>\n<meta name=\"twitter:label1\" content=\"Napisao\/la\" \/>\n\t<meta name=\"twitter:data1\" content=\"Radio Ljubu\u0161ki\" \/>\n\t<meta name=\"twitter:label2\" content=\"Procijenjeno vrijeme \u010ditanja\" \/>\n\t<meta name=\"twitter:data2\" content=\"5 minuta\" \/>\n<script type=\"application\/ld+json\" class=\"yoast-schema-graph\">{\"@context\":\"https:\\\/\\\/schema.org\",\"@graph\":[{\"@type\":\"Article\",\"@id\":\"https:\\\/\\\/radioljubuski.ba\\\/index.php\\\/2022\\\/03\\\/04\\\/nato-kisobran-protiv-ukrajinskog-scenarija-za-bih\\\/#article\",\"isPartOf\":{\"@id\":\"https:\\\/\\\/radioljubuski.ba\\\/index.php\\\/2022\\\/03\\\/04\\\/nato-kisobran-protiv-ukrajinskog-scenarija-za-bih\\\/\"},\"author\":{\"name\":\"Radio Ljubu\u0161ki\",\"@id\":\"https:\\\/\\\/radioljubuski.ba\\\/#\\\/schema\\\/person\\\/19fc700381a780f69665d7956c469e3b\"},\"headline\":\"NATO ki\u0161obran protiv ukrajinskog scenarija za BiH\",\"datePublished\":\"2022-03-03T23:49:39+00:00\",\"dateModified\":\"2022-03-03T23:49:40+00:00\",\"mainEntityOfPage\":{\"@id\":\"https:\\\/\\\/radioljubuski.ba\\\/index.php\\\/2022\\\/03\\\/04\\\/nato-kisobran-protiv-ukrajinskog-scenarija-za-bih\\\/\"},\"wordCount\":1251,\"publisher\":{\"@id\":\"https:\\\/\\\/radioljubuski.ba\\\/#organization\"},\"image\":{\"@id\":\"https:\\\/\\\/radioljubuski.ba\\\/index.php\\\/2022\\\/03\\\/04\\\/nato-kisobran-protiv-ukrajinskog-scenarija-za-bih\\\/#primaryimage\"},\"thumbnailUrl\":\"https:\\\/\\\/radioljubuski.ba\\\/wp-content\\\/uploads\\\/2022\\\/03\\\/7-2022-03-01-20-41-36-nato-zastava-1.jpg\",\"articleSection\":[\"BIH i regija\"],\"inLanguage\":\"hr\"},{\"@type\":\"WebPage\",\"@id\":\"https:\\\/\\\/radioljubuski.ba\\\/index.php\\\/2022\\\/03\\\/04\\\/nato-kisobran-protiv-ukrajinskog-scenarija-za-bih\\\/\",\"url\":\"https:\\\/\\\/radioljubuski.ba\\\/index.php\\\/2022\\\/03\\\/04\\\/nato-kisobran-protiv-ukrajinskog-scenarija-za-bih\\\/\",\"name\":\"NATO ki\u0161obran protiv ukrajinskog scenarija za BiH - RADIO LJUBU\u0160KI\",\"isPartOf\":{\"@id\":\"https:\\\/\\\/radioljubuski.ba\\\/#website\"},\"primaryImageOfPage\":{\"@id\":\"https:\\\/\\\/radioljubuski.ba\\\/index.php\\\/2022\\\/03\\\/04\\\/nato-kisobran-protiv-ukrajinskog-scenarija-za-bih\\\/#primaryimage\"},\"image\":{\"@id\":\"https:\\\/\\\/radioljubuski.ba\\\/index.php\\\/2022\\\/03\\\/04\\\/nato-kisobran-protiv-ukrajinskog-scenarija-za-bih\\\/#primaryimage\"},\"thumbnailUrl\":\"https:\\\/\\\/radioljubuski.ba\\\/wp-content\\\/uploads\\\/2022\\\/03\\\/7-2022-03-01-20-41-36-nato-zastava-1.jpg\",\"datePublished\":\"2022-03-03T23:49:39+00:00\",\"dateModified\":\"2022-03-03T23:49:40+00:00\",\"breadcrumb\":{\"@id\":\"https:\\\/\\\/radioljubuski.ba\\\/index.php\\\/2022\\\/03\\\/04\\\/nato-kisobran-protiv-ukrajinskog-scenarija-za-bih\\\/#breadcrumb\"},\"inLanguage\":\"hr\",\"potentialAction\":[{\"@type\":\"ReadAction\",\"target\":[\"https:\\\/\\\/radioljubuski.ba\\\/index.php\\\/2022\\\/03\\\/04\\\/nato-kisobran-protiv-ukrajinskog-scenarija-za-bih\\\/\"]}]},{\"@type\":\"ImageObject\",\"inLanguage\":\"hr\",\"@id\":\"https:\\\/\\\/radioljubuski.ba\\\/index.php\\\/2022\\\/03\\\/04\\\/nato-kisobran-protiv-ukrajinskog-scenarija-za-bih\\\/#primaryimage\",\"url\":\"https:\\\/\\\/radioljubuski.ba\\\/wp-content\\\/uploads\\\/2022\\\/03\\\/7-2022-03-01-20-41-36-nato-zastava-1.jpg\",\"contentUrl\":\"https:\\\/\\\/radioljubuski.ba\\\/wp-content\\\/uploads\\\/2022\\\/03\\\/7-2022-03-01-20-41-36-nato-zastava-1.jpg\",\"width\":1000,\"height\":625},{\"@type\":\"BreadcrumbList\",\"@id\":\"https:\\\/\\\/radioljubuski.ba\\\/index.php\\\/2022\\\/03\\\/04\\\/nato-kisobran-protiv-ukrajinskog-scenarija-za-bih\\\/#breadcrumb\",\"itemListElement\":[{\"@type\":\"ListItem\",\"position\":1,\"name\":\"Po\u010detna stranica\",\"item\":\"https:\\\/\\\/radioljubuski.ba\\\/\"},{\"@type\":\"ListItem\",\"position\":2,\"name\":\"NATO ki\u0161obran protiv ukrajinskog scenarija za BiH\"}]},{\"@type\":\"WebSite\",\"@id\":\"https:\\\/\\\/radioljubuski.ba\\\/#website\",\"url\":\"https:\\\/\\\/radioljubuski.ba\\\/\",\"name\":\"Radio Ljubu\u0161ki\",\"description\":\"Sun\u010dana frekvencija Hercegovine\",\"publisher\":{\"@id\":\"https:\\\/\\\/radioljubuski.ba\\\/#organization\"},\"potentialAction\":[{\"@type\":\"SearchAction\",\"target\":{\"@type\":\"EntryPoint\",\"urlTemplate\":\"https:\\\/\\\/radioljubuski.ba\\\/?s={search_term_string}\"},\"query-input\":{\"@type\":\"PropertyValueSpecification\",\"valueRequired\":true,\"valueName\":\"search_term_string\"}}],\"inLanguage\":\"hr\"},{\"@type\":\"Organization\",\"@id\":\"https:\\\/\\\/radioljubuski.ba\\\/#organization\",\"name\":\"Radio Ljubu\u0161ki\",\"url\":\"https:\\\/\\\/radioljubuski.ba\\\/\",\"logo\":{\"@type\":\"ImageObject\",\"inLanguage\":\"hr\",\"@id\":\"https:\\\/\\\/radioljubuski.ba\\\/#\\\/schema\\\/logo\\\/image\\\/\",\"url\":\"https:\\\/\\\/radioljubuski.ba\\\/wp-content\\\/uploads\\\/2021\\\/02\\\/cropped-Radio_Ljubuski_logo1.jpg\",\"contentUrl\":\"https:\\\/\\\/radioljubuski.ba\\\/wp-content\\\/uploads\\\/2021\\\/02\\\/cropped-Radio_Ljubuski_logo1.jpg\",\"width\":512,\"height\":512,\"caption\":\"Radio Ljubu\u0161ki\"},\"image\":{\"@id\":\"https:\\\/\\\/radioljubuski.ba\\\/#\\\/schema\\\/logo\\\/image\\\/\"},\"sameAs\":[\"https:\\\/\\\/www.facebook.com\\\/Radiio-Ljubuski-1490835324566332\",\"https:\\\/\\\/x.com\\\/radioljubuski\",\"https:\\\/\\\/hr.linkedin.com\\\/company\\\/radio-ljubuski\",\"https:\\\/\\\/www.youtube.com\\\/channel\\\/UCHYaeO_n0Db3tjNGudGpXyw\"]},{\"@type\":\"Person\",\"@id\":\"https:\\\/\\\/radioljubuski.ba\\\/#\\\/schema\\\/person\\\/19fc700381a780f69665d7956c469e3b\",\"name\":\"Radio Ljubu\u0161ki\"}]}<\/script>\n<!-- \/ Yoast SEO plugin. -->","yoast_head_json":{"title":"NATO ki\u0161obran protiv ukrajinskog scenarija za BiH - RADIO LJUBU\u0160KI","robots":{"index":"index","follow":"follow","max-snippet":"max-snippet:-1","max-image-preview":"max-image-preview:large","max-video-preview":"max-video-preview:-1"},"canonical":"https:\/\/radioljubuski.ba\/index.php\/2022\/03\/04\/nato-kisobran-protiv-ukrajinskog-scenarija-za-bih\/","og_locale":"hr_HR","og_type":"article","og_title":"NATO ki\u0161obran protiv ukrajinskog scenarija za BiH - RADIO LJUBU\u0160KI","og_description":"Ve\u0107 prvi dan ruske agresije i invazije na Ukrajinu, postavilo se pitanje je li BiH sljede\u0107a na listi za taj scenarij. Dok bjesni rat i razaranja u Ukrajini, mnogi strepe za budu\u0107nost, a police trgovina se prazne, pi\u0161e DW. Ili zbog rata u Ukrajini, ili zbog pove\u0107anja cijena, zabrinutost je natjerala bh. \u017eitelje na poja\u010danu [&hellip;]","og_url":"https:\/\/radioljubuski.ba\/index.php\/2022\/03\/04\/nato-kisobran-protiv-ukrajinskog-scenarija-za-bih\/","og_site_name":"RADIO LJUBU\u0160KI","article_publisher":"https:\/\/www.facebook.com\/Radiio-Ljubuski-1490835324566332","article_published_time":"2022-03-03T23:49:39+00:00","article_modified_time":"2022-03-03T23:49:40+00:00","og_image":[{"width":1000,"height":625,"url":"https:\/\/radioljubuski.ba\/wp-content\/uploads\/2022\/03\/7-2022-03-01-20-41-36-nato-zastava-1.jpg","type":"image\/jpeg"}],"author":"Radio Ljubu\u0161ki","twitter_card":"summary_large_image","twitter_creator":"@radioljubuski","twitter_site":"@radioljubuski","twitter_misc":{"Napisao\/la":"Radio Ljubu\u0161ki","Procijenjeno vrijeme \u010ditanja":"5 minuta"},"schema":{"@context":"https:\/\/schema.org","@graph":[{"@type":"Article","@id":"https:\/\/radioljubuski.ba\/index.php\/2022\/03\/04\/nato-kisobran-protiv-ukrajinskog-scenarija-za-bih\/#article","isPartOf":{"@id":"https:\/\/radioljubuski.ba\/index.php\/2022\/03\/04\/nato-kisobran-protiv-ukrajinskog-scenarija-za-bih\/"},"author":{"name":"Radio Ljubu\u0161ki","@id":"https:\/\/radioljubuski.ba\/#\/schema\/person\/19fc700381a780f69665d7956c469e3b"},"headline":"NATO ki\u0161obran protiv ukrajinskog scenarija za BiH","datePublished":"2022-03-03T23:49:39+00:00","dateModified":"2022-03-03T23:49:40+00:00","mainEntityOfPage":{"@id":"https:\/\/radioljubuski.ba\/index.php\/2022\/03\/04\/nato-kisobran-protiv-ukrajinskog-scenarija-za-bih\/"},"wordCount":1251,"publisher":{"@id":"https:\/\/radioljubuski.ba\/#organization"},"image":{"@id":"https:\/\/radioljubuski.ba\/index.php\/2022\/03\/04\/nato-kisobran-protiv-ukrajinskog-scenarija-za-bih\/#primaryimage"},"thumbnailUrl":"https:\/\/radioljubuski.ba\/wp-content\/uploads\/2022\/03\/7-2022-03-01-20-41-36-nato-zastava-1.jpg","articleSection":["BIH i regija"],"inLanguage":"hr"},{"@type":"WebPage","@id":"https:\/\/radioljubuski.ba\/index.php\/2022\/03\/04\/nato-kisobran-protiv-ukrajinskog-scenarija-za-bih\/","url":"https:\/\/radioljubuski.ba\/index.php\/2022\/03\/04\/nato-kisobran-protiv-ukrajinskog-scenarija-za-bih\/","name":"NATO ki\u0161obran protiv ukrajinskog scenarija za BiH - RADIO LJUBU\u0160KI","isPartOf":{"@id":"https:\/\/radioljubuski.ba\/#website"},"primaryImageOfPage":{"@id":"https:\/\/radioljubuski.ba\/index.php\/2022\/03\/04\/nato-kisobran-protiv-ukrajinskog-scenarija-za-bih\/#primaryimage"},"image":{"@id":"https:\/\/radioljubuski.ba\/index.php\/2022\/03\/04\/nato-kisobran-protiv-ukrajinskog-scenarija-za-bih\/#primaryimage"},"thumbnailUrl":"https:\/\/radioljubuski.ba\/wp-content\/uploads\/2022\/03\/7-2022-03-01-20-41-36-nato-zastava-1.jpg","datePublished":"2022-03-03T23:49:39+00:00","dateModified":"2022-03-03T23:49:40+00:00","breadcrumb":{"@id":"https:\/\/radioljubuski.ba\/index.php\/2022\/03\/04\/nato-kisobran-protiv-ukrajinskog-scenarija-za-bih\/#breadcrumb"},"inLanguage":"hr","potentialAction":[{"@type":"ReadAction","target":["https:\/\/radioljubuski.ba\/index.php\/2022\/03\/04\/nato-kisobran-protiv-ukrajinskog-scenarija-za-bih\/"]}]},{"@type":"ImageObject","inLanguage":"hr","@id":"https:\/\/radioljubuski.ba\/index.php\/2022\/03\/04\/nato-kisobran-protiv-ukrajinskog-scenarija-za-bih\/#primaryimage","url":"https:\/\/radioljubuski.ba\/wp-content\/uploads\/2022\/03\/7-2022-03-01-20-41-36-nato-zastava-1.jpg","contentUrl":"https:\/\/radioljubuski.ba\/wp-content\/uploads\/2022\/03\/7-2022-03-01-20-41-36-nato-zastava-1.jpg","width":1000,"height":625},{"@type":"BreadcrumbList","@id":"https:\/\/radioljubuski.ba\/index.php\/2022\/03\/04\/nato-kisobran-protiv-ukrajinskog-scenarija-za-bih\/#breadcrumb","itemListElement":[{"@type":"ListItem","position":1,"name":"Po\u010detna stranica","item":"https:\/\/radioljubuski.ba\/"},{"@type":"ListItem","position":2,"name":"NATO ki\u0161obran protiv ukrajinskog scenarija za BiH"}]},{"@type":"WebSite","@id":"https:\/\/radioljubuski.ba\/#website","url":"https:\/\/radioljubuski.ba\/","name":"Radio Ljubu\u0161ki","description":"Sun\u010dana frekvencija Hercegovine","publisher":{"@id":"https:\/\/radioljubuski.ba\/#organization"},"potentialAction":[{"@type":"SearchAction","target":{"@type":"EntryPoint","urlTemplate":"https:\/\/radioljubuski.ba\/?s={search_term_string}"},"query-input":{"@type":"PropertyValueSpecification","valueRequired":true,"valueName":"search_term_string"}}],"inLanguage":"hr"},{"@type":"Organization","@id":"https:\/\/radioljubuski.ba\/#organization","name":"Radio Ljubu\u0161ki","url":"https:\/\/radioljubuski.ba\/","logo":{"@type":"ImageObject","inLanguage":"hr","@id":"https:\/\/radioljubuski.ba\/#\/schema\/logo\/image\/","url":"https:\/\/radioljubuski.ba\/wp-content\/uploads\/2021\/02\/cropped-Radio_Ljubuski_logo1.jpg","contentUrl":"https:\/\/radioljubuski.ba\/wp-content\/uploads\/2021\/02\/cropped-Radio_Ljubuski_logo1.jpg","width":512,"height":512,"caption":"Radio Ljubu\u0161ki"},"image":{"@id":"https:\/\/radioljubuski.ba\/#\/schema\/logo\/image\/"},"sameAs":["https:\/\/www.facebook.com\/Radiio-Ljubuski-1490835324566332","https:\/\/x.com\/radioljubuski","https:\/\/hr.linkedin.com\/company\/radio-ljubuski","https:\/\/www.youtube.com\/channel\/UCHYaeO_n0Db3tjNGudGpXyw"]},{"@type":"Person","@id":"https:\/\/radioljubuski.ba\/#\/schema\/person\/19fc700381a780f69665d7956c469e3b","name":"Radio Ljubu\u0161ki"}]}},"_links":{"self":[{"href":"https:\/\/radioljubuski.ba\/index.php\/wp-json\/wp\/v2\/posts\/117912","targetHints":{"allow":["GET"]}}],"collection":[{"href":"https:\/\/radioljubuski.ba\/index.php\/wp-json\/wp\/v2\/posts"}],"about":[{"href":"https:\/\/radioljubuski.ba\/index.php\/wp-json\/wp\/v2\/types\/post"}],"author":[{"embeddable":true,"href":"https:\/\/radioljubuski.ba\/index.php\/wp-json\/wp\/v2\/users\/2"}],"replies":[{"embeddable":true,"href":"https:\/\/radioljubuski.ba\/index.php\/wp-json\/wp\/v2\/comments?post=117912"}],"version-history":[{"count":1,"href":"https:\/\/radioljubuski.ba\/index.php\/wp-json\/wp\/v2\/posts\/117912\/revisions"}],"predecessor-version":[{"id":117914,"href":"https:\/\/radioljubuski.ba\/index.php\/wp-json\/wp\/v2\/posts\/117912\/revisions\/117914"}],"wp:featuredmedia":[{"embeddable":true,"href":"https:\/\/radioljubuski.ba\/index.php\/wp-json\/wp\/v2\/media\/117913"}],"wp:attachment":[{"href":"https:\/\/radioljubuski.ba\/index.php\/wp-json\/wp\/v2\/media?parent=117912"}],"wp:term":[{"taxonomy":"category","embeddable":true,"href":"https:\/\/radioljubuski.ba\/index.php\/wp-json\/wp\/v2\/categories?post=117912"},{"taxonomy":"post_tag","embeddable":true,"href":"https:\/\/radioljubuski.ba\/index.php\/wp-json\/wp\/v2\/tags?post=117912"}],"curies":[{"name":"wp","href":"https:\/\/api.w.org\/{rel}","templated":true}]}}