{"id":117957,"date":"2022-03-04T01:20:29","date_gmt":"2022-03-04T00:20:29","guid":{"rendered":"https:\/\/radioljubuski.ba\/?p=117957"},"modified":"2022-03-04T01:20:31","modified_gmt":"2022-03-04T00:20:31","slug":"zo-hdz-bih-tz-ministrica-mijatovic-angazirala-se-u-df-u-iako-se-nije-isclanila-iz-hdz-a","status":"publish","type":"post","link":"https:\/\/radioljubuski.ba\/index.php\/2022\/03\/04\/zo-hdz-bih-tz-ministrica-mijatovic-angazirala-se-u-df-u-iako-se-nije-isclanila-iz-hdz-a\/","title":{"rendered":"\u017dO HDZ BIH T\u017d: \u201cMinistrica Mijatovi\u0107 anga\u017eirala se u DF-u iako se nije is\u010dlanila iz HDZ-a\u201d"},"content":{"rendered":"\n<p><strong>Nakon najave i imenovanja Ivane Mijatovi\u0107 kao ministrice za kulturu, sport i mlade u novi saziv Vlade Tuzlanske \u017eupanije oglasio se \u017dupanijski odbor HDZ BiH Tuzlanske \u017eupanije.<\/strong><\/p>\n\n\n\n<p>Kako bi ministrica Mijatovi\u0107 izbjegla napade, uvrede, la\u017ena poturanja i apsolutno&nbsp; neprihvatljivo pona\u0161anje kakvo je ispoljavao njezin strana\u010dki kolega i zastupnik u Skup\u0161tini T\u017d Mahir Me\u0161ali\u0107 (DF) prema biv\u0161em ministru zdravstva Bo\u017ei Juri\u0107u \u017dupanijski odbor HDZ BiH isti\u010de da je Ivana Mijatovi\u0107 bila \u010dlanica HDZ BiH dugi niz godina i da je njezinim imenovanjem osigurana i ustavnost novog saziva Vlade T\u017d.<\/p>\n\n\n\n<p>Sukladno statutarnim propisima HDZ BiH Ivana Mijatovi\u0107 nije nikada podnijela zahtjev za<br>prestanak \u010dlanstva, iako je potpuno jasno kako je njezinim anga\u017emanom u Demokratskoj fronti odabrala novi politi\u010dki subjekt, precizira se u priop\u0107enju za javnost \u017dO HDZ BiH.<\/p>\n\n\n\n<p>-Razloge prelaska u Demokratsku frontu ostavljamo da pojasni sama Ivana Mijatovi\u0107 budu\u0107i da je nama poznato zbog \u010dega i \u0161to je bio osnovni razlog, a koji je u najve\u0107oj mjeri stvar osobnog, a nikako nekakvog ideolo\u0161kog i programskog neslaganja s politikom HDZ BiH, Gradskog odbora u \u017divinicama ili \u017dupanijskog odbora Soli \u0161to se poku\u0161ava poturati<br>u razli\u010ditim krugovima i \u201epoliti\u010dkim kuhinjama\u201c ovih dana, navodi se u priop\u0107enju za javnost \u017dO HDZ BiH Soli.<\/p>\n\n\n\n<p>\u017dO HDZ BiH isti\u010de kako \u201cnitko nema pravo niti bi itko trebao pristati na politi\u010dki diskurs i<br>neprimjeren govor koji ima elemente uvreda i govora mr\u017enje kojeg je koristio zastupnik DF-a Mahir Me\u0161ali\u0107 u proteklom razdoblju kada je napadao i vrije\u0111ao Bo\u017eu Juri\u0107a, \u010dlanove i simpatizere HDZ BiH i hrvatski narod poku\u0161avaju\u0107i sve koji druga\u010dije promi\u0161ljaju prikazati kroz prizmu UZP (Udru\u017eenog zlo\u010dina\u010dkog poduhvata).<\/p>\n\n\n\n<p>-Zbog toga nas sve \u010dudi da se ministrica Mijatovi\u0107 nije ogradila od takvih izjava i nastupa strana\u010dkog kolege, jer svi koji je poznajemo duboko vjerujemo da ne podr\u017eava takav narativ i govor koji je kori\u0161ten. Svaki od novoimenovanih ministara zaslu\u017euje priliku da kroz svoj rad poka\u017ee svoju sposobnost. Naravno bilo bi apsolutno po\u017eeljno imati iskustva za oblasti kojima upravljaju. Neki od novoimenovanih ministara se prvi put susre\u0107u s oblastima u kojima trebaju biti nositelji kreiranja politika i procesa, navodi \u017dO HDZ BiH T\u017d i dodaje:<\/p>\n\n\n\n<p>-Ministrici Mijatovi\u0107 kao i svim drugim imenovanim ministrima \u017eelimo uspje\u0161an rad na dobrobit svih nas. Oblast kulture, sporta i mladih je va\u017ena, iako zasigurno ne spada u prioritete rada Vlade \u0161to je svojstveno i prethodnim sazivima. Posebno \u0107e biti potrebno ulo\u017eiti dodatni napor od strane ministrice Mijatovi\u0107, jer se do sada u svojoj profesionalnoj karijeri nije na posebna na\u010din bavili tim temama niti joj je ne\u0161to od toga bila u\u017ea specijalnost i fokus interesiranja pa je zbog toga za mnoge bila i svojevrsno iznena\u0111enje.<\/p>\n\n\n\n<p>\/HMS\/<\/p>\n","protected":false},"excerpt":{"rendered":"<p>Nakon najave i imenovanja Ivane Mijatovi\u0107 kao ministrice za kulturu, sport i mlade u novi saziv Vlade Tuzlanske \u017eupanije oglasio se \u017dupanijski odbor HDZ BiH Tuzlanske \u017eupanije. Kako bi ministrica Mijatovi\u0107 izbjegla napade, uvrede, la\u017ena poturanja i apsolutno&nbsp; neprihvatljivo pona\u0161anje kakvo je ispoljavao njezin strana\u010dki kolega i zastupnik u Skup\u0161tini T\u017d Mahir Me\u0161ali\u0107 (DF) prema [&hellip;]<\/p>\n","protected":false},"author":2,"featured_media":117958,"comment_status":"closed","ping_status":"closed","sticky":false,"template":"","format":"standard","meta":{"h5ap_radio_sources":[],"footnotes":""},"categories":[1],"tags":[],"class_list":["post-117957","post","type-post","status-publish","format-standard","has-post-thumbnail","hentry","category-bihiregija"],"yoast_head":"<!-- This site is optimized with the Yoast SEO plugin v27.5 - https:\/\/yoast.com\/product\/yoast-seo-wordpress\/ -->\n<title>\u017dO HDZ BIH T\u017d: \u201cMinistrica Mijatovi\u0107 anga\u017eirala se u DF-u iako se nije is\u010dlanila iz HDZ-a\u201d - RADIO LJUBU\u0160KI<\/title>\n<meta name=\"robots\" content=\"index, follow, max-snippet:-1, max-image-preview:large, max-video-preview:-1\" \/>\n<link rel=\"canonical\" href=\"https:\/\/radioljubuski.ba\/index.php\/2022\/03\/04\/zo-hdz-bih-tz-ministrica-mijatovic-angazirala-se-u-df-u-iako-se-nije-isclanila-iz-hdz-a\/\" \/>\n<meta property=\"og:locale\" content=\"hr_HR\" \/>\n<meta property=\"og:type\" content=\"article\" \/>\n<meta property=\"og:title\" content=\"\u017dO HDZ BIH T\u017d: \u201cMinistrica Mijatovi\u0107 anga\u017eirala se u DF-u iako se nije is\u010dlanila iz HDZ-a\u201d - RADIO LJUBU\u0160KI\" \/>\n<meta property=\"og:description\" content=\"Nakon najave i imenovanja Ivane Mijatovi\u0107 kao ministrice za kulturu, sport i mlade u novi saziv Vlade Tuzlanske \u017eupanije oglasio se \u017dupanijski odbor HDZ BiH Tuzlanske \u017eupanije. Kako bi ministrica Mijatovi\u0107 izbjegla napade, uvrede, la\u017ena poturanja i apsolutno&nbsp; neprihvatljivo pona\u0161anje kakvo je ispoljavao njezin strana\u010dki kolega i zastupnik u Skup\u0161tini T\u017d Mahir Me\u0161ali\u0107 (DF) prema [&hellip;]\" \/>\n<meta property=\"og:url\" content=\"https:\/\/radioljubuski.ba\/index.php\/2022\/03\/04\/zo-hdz-bih-tz-ministrica-mijatovic-angazirala-se-u-df-u-iako-se-nije-isclanila-iz-hdz-a\/\" \/>\n<meta property=\"og:site_name\" content=\"RADIO LJUBU\u0160KI\" \/>\n<meta property=\"article:publisher\" content=\"https:\/\/www.facebook.com\/Radiio-Ljubuski-1490835324566332\" \/>\n<meta property=\"article:published_time\" content=\"2022-03-04T00:20:29+00:00\" \/>\n<meta property=\"article:modified_time\" content=\"2022-03-04T00:20:31+00:00\" \/>\n<meta property=\"og:image\" content=\"https:\/\/radioljubuski.ba\/wp-content\/uploads\/2022\/03\/danijel-nikolic-1068x711-1.jpg\" \/>\n\t<meta property=\"og:image:width\" content=\"1068\" \/>\n\t<meta property=\"og:image:height\" content=\"711\" \/>\n\t<meta property=\"og:image:type\" content=\"image\/jpeg\" \/>\n<meta name=\"author\" content=\"Radio Ljubu\u0161ki\" \/>\n<meta name=\"twitter:card\" content=\"summary_large_image\" \/>\n<meta name=\"twitter:creator\" content=\"@radioljubuski\" \/>\n<meta name=\"twitter:site\" content=\"@radioljubuski\" \/>\n<meta name=\"twitter:label1\" content=\"Napisao\/la\" \/>\n\t<meta name=\"twitter:data1\" content=\"Radio Ljubu\u0161ki\" \/>\n\t<meta name=\"twitter:label2\" content=\"Procijenjeno vrijeme \u010ditanja\" \/>\n\t<meta name=\"twitter:data2\" content=\"2 minute\" \/>\n<script type=\"application\/ld+json\" class=\"yoast-schema-graph\">{\"@context\":\"https:\\\/\\\/schema.org\",\"@graph\":[{\"@type\":\"Article\",\"@id\":\"https:\\\/\\\/radioljubuski.ba\\\/index.php\\\/2022\\\/03\\\/04\\\/zo-hdz-bih-tz-ministrica-mijatovic-angazirala-se-u-df-u-iako-se-nije-isclanila-iz-hdz-a\\\/#article\",\"isPartOf\":{\"@id\":\"https:\\\/\\\/radioljubuski.ba\\\/index.php\\\/2022\\\/03\\\/04\\\/zo-hdz-bih-tz-ministrica-mijatovic-angazirala-se-u-df-u-iako-se-nije-isclanila-iz-hdz-a\\\/\"},\"author\":{\"name\":\"Radio Ljubu\u0161ki\",\"@id\":\"https:\\\/\\\/radioljubuski.ba\\\/#\\\/schema\\\/person\\\/19fc700381a780f69665d7956c469e3b\"},\"headline\":\"\u017dO HDZ BIH T\u017d: \u201cMinistrica Mijatovi\u0107 anga\u017eirala se u DF-u iako se nije is\u010dlanila iz HDZ-a\u201d\",\"datePublished\":\"2022-03-04T00:20:29+00:00\",\"dateModified\":\"2022-03-04T00:20:31+00:00\",\"mainEntityOfPage\":{\"@id\":\"https:\\\/\\\/radioljubuski.ba\\\/index.php\\\/2022\\\/03\\\/04\\\/zo-hdz-bih-tz-ministrica-mijatovic-angazirala-se-u-df-u-iako-se-nije-isclanila-iz-hdz-a\\\/\"},\"wordCount\":495,\"publisher\":{\"@id\":\"https:\\\/\\\/radioljubuski.ba\\\/#organization\"},\"image\":{\"@id\":\"https:\\\/\\\/radioljubuski.ba\\\/index.php\\\/2022\\\/03\\\/04\\\/zo-hdz-bih-tz-ministrica-mijatovic-angazirala-se-u-df-u-iako-se-nije-isclanila-iz-hdz-a\\\/#primaryimage\"},\"thumbnailUrl\":\"https:\\\/\\\/radioljubuski.ba\\\/wp-content\\\/uploads\\\/2022\\\/03\\\/danijel-nikolic-1068x711-1.jpg\",\"articleSection\":[\"BIH i regija\"],\"inLanguage\":\"hr\"},{\"@type\":\"WebPage\",\"@id\":\"https:\\\/\\\/radioljubuski.ba\\\/index.php\\\/2022\\\/03\\\/04\\\/zo-hdz-bih-tz-ministrica-mijatovic-angazirala-se-u-df-u-iako-se-nije-isclanila-iz-hdz-a\\\/\",\"url\":\"https:\\\/\\\/radioljubuski.ba\\\/index.php\\\/2022\\\/03\\\/04\\\/zo-hdz-bih-tz-ministrica-mijatovic-angazirala-se-u-df-u-iako-se-nije-isclanila-iz-hdz-a\\\/\",\"name\":\"\u017dO HDZ BIH T\u017d: \u201cMinistrica Mijatovi\u0107 anga\u017eirala se u DF-u iako se nije is\u010dlanila iz HDZ-a\u201d - RADIO LJUBU\u0160KI\",\"isPartOf\":{\"@id\":\"https:\\\/\\\/radioljubuski.ba\\\/#website\"},\"primaryImageOfPage\":{\"@id\":\"https:\\\/\\\/radioljubuski.ba\\\/index.php\\\/2022\\\/03\\\/04\\\/zo-hdz-bih-tz-ministrica-mijatovic-angazirala-se-u-df-u-iako-se-nije-isclanila-iz-hdz-a\\\/#primaryimage\"},\"image\":{\"@id\":\"https:\\\/\\\/radioljubuski.ba\\\/index.php\\\/2022\\\/03\\\/04\\\/zo-hdz-bih-tz-ministrica-mijatovic-angazirala-se-u-df-u-iako-se-nije-isclanila-iz-hdz-a\\\/#primaryimage\"},\"thumbnailUrl\":\"https:\\\/\\\/radioljubuski.ba\\\/wp-content\\\/uploads\\\/2022\\\/03\\\/danijel-nikolic-1068x711-1.jpg\",\"datePublished\":\"2022-03-04T00:20:29+00:00\",\"dateModified\":\"2022-03-04T00:20:31+00:00\",\"breadcrumb\":{\"@id\":\"https:\\\/\\\/radioljubuski.ba\\\/index.php\\\/2022\\\/03\\\/04\\\/zo-hdz-bih-tz-ministrica-mijatovic-angazirala-se-u-df-u-iako-se-nije-isclanila-iz-hdz-a\\\/#breadcrumb\"},\"inLanguage\":\"hr\",\"potentialAction\":[{\"@type\":\"ReadAction\",\"target\":[\"https:\\\/\\\/radioljubuski.ba\\\/index.php\\\/2022\\\/03\\\/04\\\/zo-hdz-bih-tz-ministrica-mijatovic-angazirala-se-u-df-u-iako-se-nije-isclanila-iz-hdz-a\\\/\"]}]},{\"@type\":\"ImageObject\",\"inLanguage\":\"hr\",\"@id\":\"https:\\\/\\\/radioljubuski.ba\\\/index.php\\\/2022\\\/03\\\/04\\\/zo-hdz-bih-tz-ministrica-mijatovic-angazirala-se-u-df-u-iako-se-nije-isclanila-iz-hdz-a\\\/#primaryimage\",\"url\":\"https:\\\/\\\/radioljubuski.ba\\\/wp-content\\\/uploads\\\/2022\\\/03\\\/danijel-nikolic-1068x711-1.jpg\",\"contentUrl\":\"https:\\\/\\\/radioljubuski.ba\\\/wp-content\\\/uploads\\\/2022\\\/03\\\/danijel-nikolic-1068x711-1.jpg\",\"width\":1068,\"height\":711},{\"@type\":\"BreadcrumbList\",\"@id\":\"https:\\\/\\\/radioljubuski.ba\\\/index.php\\\/2022\\\/03\\\/04\\\/zo-hdz-bih-tz-ministrica-mijatovic-angazirala-se-u-df-u-iako-se-nije-isclanila-iz-hdz-a\\\/#breadcrumb\",\"itemListElement\":[{\"@type\":\"ListItem\",\"position\":1,\"name\":\"Po\u010detna stranica\",\"item\":\"https:\\\/\\\/radioljubuski.ba\\\/\"},{\"@type\":\"ListItem\",\"position\":2,\"name\":\"\u017dO HDZ BIH T\u017d: \u201cMinistrica Mijatovi\u0107 anga\u017eirala se u DF-u iako se nije is\u010dlanila iz HDZ-a\u201d\"}]},{\"@type\":\"WebSite\",\"@id\":\"https:\\\/\\\/radioljubuski.ba\\\/#website\",\"url\":\"https:\\\/\\\/radioljubuski.ba\\\/\",\"name\":\"Radio Ljubu\u0161ki\",\"description\":\"Sun\u010dana frekvencija Hercegovine\",\"publisher\":{\"@id\":\"https:\\\/\\\/radioljubuski.ba\\\/#organization\"},\"potentialAction\":[{\"@type\":\"SearchAction\",\"target\":{\"@type\":\"EntryPoint\",\"urlTemplate\":\"https:\\\/\\\/radioljubuski.ba\\\/?s={search_term_string}\"},\"query-input\":{\"@type\":\"PropertyValueSpecification\",\"valueRequired\":true,\"valueName\":\"search_term_string\"}}],\"inLanguage\":\"hr\"},{\"@type\":\"Organization\",\"@id\":\"https:\\\/\\\/radioljubuski.ba\\\/#organization\",\"name\":\"Radio Ljubu\u0161ki\",\"url\":\"https:\\\/\\\/radioljubuski.ba\\\/\",\"logo\":{\"@type\":\"ImageObject\",\"inLanguage\":\"hr\",\"@id\":\"https:\\\/\\\/radioljubuski.ba\\\/#\\\/schema\\\/logo\\\/image\\\/\",\"url\":\"https:\\\/\\\/radioljubuski.ba\\\/wp-content\\\/uploads\\\/2021\\\/02\\\/cropped-Radio_Ljubuski_logo1.jpg\",\"contentUrl\":\"https:\\\/\\\/radioljubuski.ba\\\/wp-content\\\/uploads\\\/2021\\\/02\\\/cropped-Radio_Ljubuski_logo1.jpg\",\"width\":512,\"height\":512,\"caption\":\"Radio Ljubu\u0161ki\"},\"image\":{\"@id\":\"https:\\\/\\\/radioljubuski.ba\\\/#\\\/schema\\\/logo\\\/image\\\/\"},\"sameAs\":[\"https:\\\/\\\/www.facebook.com\\\/Radiio-Ljubuski-1490835324566332\",\"https:\\\/\\\/x.com\\\/radioljubuski\",\"https:\\\/\\\/hr.linkedin.com\\\/company\\\/radio-ljubuski\",\"https:\\\/\\\/www.youtube.com\\\/channel\\\/UCHYaeO_n0Db3tjNGudGpXyw\"]},{\"@type\":\"Person\",\"@id\":\"https:\\\/\\\/radioljubuski.ba\\\/#\\\/schema\\\/person\\\/19fc700381a780f69665d7956c469e3b\",\"name\":\"Radio Ljubu\u0161ki\"}]}<\/script>\n<!-- \/ Yoast SEO plugin. -->","yoast_head_json":{"title":"\u017dO HDZ BIH T\u017d: \u201cMinistrica Mijatovi\u0107 anga\u017eirala se u DF-u iako se nije is\u010dlanila iz HDZ-a\u201d - RADIO LJUBU\u0160KI","robots":{"index":"index","follow":"follow","max-snippet":"max-snippet:-1","max-image-preview":"max-image-preview:large","max-video-preview":"max-video-preview:-1"},"canonical":"https:\/\/radioljubuski.ba\/index.php\/2022\/03\/04\/zo-hdz-bih-tz-ministrica-mijatovic-angazirala-se-u-df-u-iako-se-nije-isclanila-iz-hdz-a\/","og_locale":"hr_HR","og_type":"article","og_title":"\u017dO HDZ BIH T\u017d: \u201cMinistrica Mijatovi\u0107 anga\u017eirala se u DF-u iako se nije is\u010dlanila iz HDZ-a\u201d - RADIO LJUBU\u0160KI","og_description":"Nakon najave i imenovanja Ivane Mijatovi\u0107 kao ministrice za kulturu, sport i mlade u novi saziv Vlade Tuzlanske \u017eupanije oglasio se \u017dupanijski odbor HDZ BiH Tuzlanske \u017eupanije. Kako bi ministrica Mijatovi\u0107 izbjegla napade, uvrede, la\u017ena poturanja i apsolutno&nbsp; neprihvatljivo pona\u0161anje kakvo je ispoljavao njezin strana\u010dki kolega i zastupnik u Skup\u0161tini T\u017d Mahir Me\u0161ali\u0107 (DF) prema [&hellip;]","og_url":"https:\/\/radioljubuski.ba\/index.php\/2022\/03\/04\/zo-hdz-bih-tz-ministrica-mijatovic-angazirala-se-u-df-u-iako-se-nije-isclanila-iz-hdz-a\/","og_site_name":"RADIO LJUBU\u0160KI","article_publisher":"https:\/\/www.facebook.com\/Radiio-Ljubuski-1490835324566332","article_published_time":"2022-03-04T00:20:29+00:00","article_modified_time":"2022-03-04T00:20:31+00:00","og_image":[{"width":1068,"height":711,"url":"https:\/\/radioljubuski.ba\/wp-content\/uploads\/2022\/03\/danijel-nikolic-1068x711-1.jpg","type":"image\/jpeg"}],"author":"Radio Ljubu\u0161ki","twitter_card":"summary_large_image","twitter_creator":"@radioljubuski","twitter_site":"@radioljubuski","twitter_misc":{"Napisao\/la":"Radio Ljubu\u0161ki","Procijenjeno vrijeme \u010ditanja":"2 minute"},"schema":{"@context":"https:\/\/schema.org","@graph":[{"@type":"Article","@id":"https:\/\/radioljubuski.ba\/index.php\/2022\/03\/04\/zo-hdz-bih-tz-ministrica-mijatovic-angazirala-se-u-df-u-iako-se-nije-isclanila-iz-hdz-a\/#article","isPartOf":{"@id":"https:\/\/radioljubuski.ba\/index.php\/2022\/03\/04\/zo-hdz-bih-tz-ministrica-mijatovic-angazirala-se-u-df-u-iako-se-nije-isclanila-iz-hdz-a\/"},"author":{"name":"Radio Ljubu\u0161ki","@id":"https:\/\/radioljubuski.ba\/#\/schema\/person\/19fc700381a780f69665d7956c469e3b"},"headline":"\u017dO HDZ BIH T\u017d: \u201cMinistrica Mijatovi\u0107 anga\u017eirala se u DF-u iako se nije is\u010dlanila iz HDZ-a\u201d","datePublished":"2022-03-04T00:20:29+00:00","dateModified":"2022-03-04T00:20:31+00:00","mainEntityOfPage":{"@id":"https:\/\/radioljubuski.ba\/index.php\/2022\/03\/04\/zo-hdz-bih-tz-ministrica-mijatovic-angazirala-se-u-df-u-iako-se-nije-isclanila-iz-hdz-a\/"},"wordCount":495,"publisher":{"@id":"https:\/\/radioljubuski.ba\/#organization"},"image":{"@id":"https:\/\/radioljubuski.ba\/index.php\/2022\/03\/04\/zo-hdz-bih-tz-ministrica-mijatovic-angazirala-se-u-df-u-iako-se-nije-isclanila-iz-hdz-a\/#primaryimage"},"thumbnailUrl":"https:\/\/radioljubuski.ba\/wp-content\/uploads\/2022\/03\/danijel-nikolic-1068x711-1.jpg","articleSection":["BIH i regija"],"inLanguage":"hr"},{"@type":"WebPage","@id":"https:\/\/radioljubuski.ba\/index.php\/2022\/03\/04\/zo-hdz-bih-tz-ministrica-mijatovic-angazirala-se-u-df-u-iako-se-nije-isclanila-iz-hdz-a\/","url":"https:\/\/radioljubuski.ba\/index.php\/2022\/03\/04\/zo-hdz-bih-tz-ministrica-mijatovic-angazirala-se-u-df-u-iako-se-nije-isclanila-iz-hdz-a\/","name":"\u017dO HDZ BIH T\u017d: \u201cMinistrica Mijatovi\u0107 anga\u017eirala se u DF-u iako se nije is\u010dlanila iz HDZ-a\u201d - RADIO LJUBU\u0160KI","isPartOf":{"@id":"https:\/\/radioljubuski.ba\/#website"},"primaryImageOfPage":{"@id":"https:\/\/radioljubuski.ba\/index.php\/2022\/03\/04\/zo-hdz-bih-tz-ministrica-mijatovic-angazirala-se-u-df-u-iako-se-nije-isclanila-iz-hdz-a\/#primaryimage"},"image":{"@id":"https:\/\/radioljubuski.ba\/index.php\/2022\/03\/04\/zo-hdz-bih-tz-ministrica-mijatovic-angazirala-se-u-df-u-iako-se-nije-isclanila-iz-hdz-a\/#primaryimage"},"thumbnailUrl":"https:\/\/radioljubuski.ba\/wp-content\/uploads\/2022\/03\/danijel-nikolic-1068x711-1.jpg","datePublished":"2022-03-04T00:20:29+00:00","dateModified":"2022-03-04T00:20:31+00:00","breadcrumb":{"@id":"https:\/\/radioljubuski.ba\/index.php\/2022\/03\/04\/zo-hdz-bih-tz-ministrica-mijatovic-angazirala-se-u-df-u-iako-se-nije-isclanila-iz-hdz-a\/#breadcrumb"},"inLanguage":"hr","potentialAction":[{"@type":"ReadAction","target":["https:\/\/radioljubuski.ba\/index.php\/2022\/03\/04\/zo-hdz-bih-tz-ministrica-mijatovic-angazirala-se-u-df-u-iako-se-nije-isclanila-iz-hdz-a\/"]}]},{"@type":"ImageObject","inLanguage":"hr","@id":"https:\/\/radioljubuski.ba\/index.php\/2022\/03\/04\/zo-hdz-bih-tz-ministrica-mijatovic-angazirala-se-u-df-u-iako-se-nije-isclanila-iz-hdz-a\/#primaryimage","url":"https:\/\/radioljubuski.ba\/wp-content\/uploads\/2022\/03\/danijel-nikolic-1068x711-1.jpg","contentUrl":"https:\/\/radioljubuski.ba\/wp-content\/uploads\/2022\/03\/danijel-nikolic-1068x711-1.jpg","width":1068,"height":711},{"@type":"BreadcrumbList","@id":"https:\/\/radioljubuski.ba\/index.php\/2022\/03\/04\/zo-hdz-bih-tz-ministrica-mijatovic-angazirala-se-u-df-u-iako-se-nije-isclanila-iz-hdz-a\/#breadcrumb","itemListElement":[{"@type":"ListItem","position":1,"name":"Po\u010detna stranica","item":"https:\/\/radioljubuski.ba\/"},{"@type":"ListItem","position":2,"name":"\u017dO HDZ BIH T\u017d: \u201cMinistrica Mijatovi\u0107 anga\u017eirala se u DF-u iako se nije is\u010dlanila iz HDZ-a\u201d"}]},{"@type":"WebSite","@id":"https:\/\/radioljubuski.ba\/#website","url":"https:\/\/radioljubuski.ba\/","name":"Radio Ljubu\u0161ki","description":"Sun\u010dana frekvencija Hercegovine","publisher":{"@id":"https:\/\/radioljubuski.ba\/#organization"},"potentialAction":[{"@type":"SearchAction","target":{"@type":"EntryPoint","urlTemplate":"https:\/\/radioljubuski.ba\/?s={search_term_string}"},"query-input":{"@type":"PropertyValueSpecification","valueRequired":true,"valueName":"search_term_string"}}],"inLanguage":"hr"},{"@type":"Organization","@id":"https:\/\/radioljubuski.ba\/#organization","name":"Radio Ljubu\u0161ki","url":"https:\/\/radioljubuski.ba\/","logo":{"@type":"ImageObject","inLanguage":"hr","@id":"https:\/\/radioljubuski.ba\/#\/schema\/logo\/image\/","url":"https:\/\/radioljubuski.ba\/wp-content\/uploads\/2021\/02\/cropped-Radio_Ljubuski_logo1.jpg","contentUrl":"https:\/\/radioljubuski.ba\/wp-content\/uploads\/2021\/02\/cropped-Radio_Ljubuski_logo1.jpg","width":512,"height":512,"caption":"Radio Ljubu\u0161ki"},"image":{"@id":"https:\/\/radioljubuski.ba\/#\/schema\/logo\/image\/"},"sameAs":["https:\/\/www.facebook.com\/Radiio-Ljubuski-1490835324566332","https:\/\/x.com\/radioljubuski","https:\/\/hr.linkedin.com\/company\/radio-ljubuski","https:\/\/www.youtube.com\/channel\/UCHYaeO_n0Db3tjNGudGpXyw"]},{"@type":"Person","@id":"https:\/\/radioljubuski.ba\/#\/schema\/person\/19fc700381a780f69665d7956c469e3b","name":"Radio Ljubu\u0161ki"}]}},"_links":{"self":[{"href":"https:\/\/radioljubuski.ba\/index.php\/wp-json\/wp\/v2\/posts\/117957","targetHints":{"allow":["GET"]}}],"collection":[{"href":"https:\/\/radioljubuski.ba\/index.php\/wp-json\/wp\/v2\/posts"}],"about":[{"href":"https:\/\/radioljubuski.ba\/index.php\/wp-json\/wp\/v2\/types\/post"}],"author":[{"embeddable":true,"href":"https:\/\/radioljubuski.ba\/index.php\/wp-json\/wp\/v2\/users\/2"}],"replies":[{"embeddable":true,"href":"https:\/\/radioljubuski.ba\/index.php\/wp-json\/wp\/v2\/comments?post=117957"}],"version-history":[{"count":1,"href":"https:\/\/radioljubuski.ba\/index.php\/wp-json\/wp\/v2\/posts\/117957\/revisions"}],"predecessor-version":[{"id":117959,"href":"https:\/\/radioljubuski.ba\/index.php\/wp-json\/wp\/v2\/posts\/117957\/revisions\/117959"}],"wp:featuredmedia":[{"embeddable":true,"href":"https:\/\/radioljubuski.ba\/index.php\/wp-json\/wp\/v2\/media\/117958"}],"wp:attachment":[{"href":"https:\/\/radioljubuski.ba\/index.php\/wp-json\/wp\/v2\/media?parent=117957"}],"wp:term":[{"taxonomy":"category","embeddable":true,"href":"https:\/\/radioljubuski.ba\/index.php\/wp-json\/wp\/v2\/categories?post=117957"},{"taxonomy":"post_tag","embeddable":true,"href":"https:\/\/radioljubuski.ba\/index.php\/wp-json\/wp\/v2\/tags?post=117957"}],"curies":[{"name":"wp","href":"https:\/\/api.w.org\/{rel}","templated":true}]}}