{"id":117984,"date":"2022-03-04T01:33:26","date_gmt":"2022-03-04T00:33:26","guid":{"rendered":"https:\/\/radioljubuski.ba\/?p=117984"},"modified":"2022-03-04T01:33:27","modified_gmt":"2022-03-04T00:33:27","slug":"rusi-tenkovima-usli-u-energodar-pokusavaju-zauzeti-najvecu-europsku-nuklearku","status":"publish","type":"post","link":"https:\/\/radioljubuski.ba\/index.php\/2022\/03\/04\/rusi-tenkovima-usli-u-energodar-pokusavaju-zauzeti-najvecu-europsku-nuklearku\/","title":{"rendered":"Rusi tenkovima u\u0161li u Energodar, poku\u0161avaju zauzeti najve\u0107u europsku nuklearku"},"content":{"rendered":"\n<p>Ruske snage otvorile su vatru u ukrajinskom gradu Energodaru koji se nalazi nedaleko od najve\u0107e nuklearne elektrane u Europi nakon \u0161to su u\u0161li tenkovima, objavio je na internetu savjetnik ukrajinskog ministarstva unutarnjih poslova Anton Hera\u0161\u010denko.<\/p>\n\n\n\n<p>Ranije je rekao da ruske snage ja\u010daju napore da preuzmu kontrolu nad nuklearkom Zapori\u017ejana jugoistoku Ukrajine. Radnici elektrane \u017eive u obli\u017enjem gradu Energodaru.<\/p>\n\n\n\n<p>Rusija je ve\u0107 zauzela \u010cernobil, koji se nalazi oko stotinu kilometara sjeverno od Kijeva.<\/p>\n\n\n\n<p>Izvor:pogled.ba<\/p>\n","protected":false},"excerpt":{"rendered":"<p>Ruske snage otvorile su vatru u ukrajinskom gradu Energodaru koji se nalazi nedaleko od najve\u0107e nuklearne elektrane u Europi nakon \u0161to su u\u0161li tenkovima, objavio je na internetu savjetnik ukrajinskog ministarstva unutarnjih poslova Anton Hera\u0161\u010denko. Ranije je rekao da ruske snage ja\u010daju napore da preuzmu kontrolu nad nuklearkom Zapori\u017ejana jugoistoku Ukrajine. Radnici elektrane \u017eive u [&hellip;]<\/p>\n","protected":false},"author":2,"featured_media":117985,"comment_status":"closed","ping_status":"closed","sticky":false,"template":"","format":"standard","meta":{"h5ap_radio_sources":[],"footnotes":""},"categories":[1],"tags":[],"class_list":["post-117984","post","type-post","status-publish","format-standard","has-post-thumbnail","hentry","category-bihiregija"],"yoast_head":"<!-- This site is optimized with the Yoast SEO plugin v27.5 - https:\/\/yoast.com\/product\/yoast-seo-wordpress\/ -->\n<title>Rusi tenkovima u\u0161li u Energodar, poku\u0161avaju zauzeti najve\u0107u europsku nuklearku - RADIO LJUBU\u0160KI<\/title>\n<meta name=\"robots\" content=\"index, follow, max-snippet:-1, max-image-preview:large, max-video-preview:-1\" \/>\n<link rel=\"canonical\" href=\"https:\/\/radioljubuski.ba\/index.php\/2022\/03\/04\/rusi-tenkovima-usli-u-energodar-pokusavaju-zauzeti-najvecu-europsku-nuklearku\/\" \/>\n<meta property=\"og:locale\" content=\"hr_HR\" \/>\n<meta property=\"og:type\" content=\"article\" \/>\n<meta property=\"og:title\" content=\"Rusi tenkovima u\u0161li u Energodar, poku\u0161avaju zauzeti najve\u0107u europsku nuklearku - RADIO LJUBU\u0160KI\" \/>\n<meta property=\"og:description\" content=\"Ruske snage otvorile su vatru u ukrajinskom gradu Energodaru koji se nalazi nedaleko od najve\u0107e nuklearne elektrane u Europi nakon \u0161to su u\u0161li tenkovima, objavio je na internetu savjetnik ukrajinskog ministarstva unutarnjih poslova Anton Hera\u0161\u010denko. Ranije je rekao da ruske snage ja\u010daju napore da preuzmu kontrolu nad nuklearkom Zapori\u017ejana jugoistoku Ukrajine. Radnici elektrane \u017eive u [&hellip;]\" \/>\n<meta property=\"og:url\" content=\"https:\/\/radioljubuski.ba\/index.php\/2022\/03\/04\/rusi-tenkovima-usli-u-energodar-pokusavaju-zauzeti-najvecu-europsku-nuklearku\/\" \/>\n<meta property=\"og:site_name\" content=\"RADIO LJUBU\u0160KI\" \/>\n<meta property=\"article:publisher\" content=\"https:\/\/www.facebook.com\/Radiio-Ljubuski-1490835324566332\" \/>\n<meta property=\"article:published_time\" content=\"2022-03-04T00:33:26+00:00\" \/>\n<meta property=\"article:modified_time\" content=\"2022-03-04T00:33:27+00:00\" \/>\n<meta property=\"og:image\" content=\"https:\/\/radioljubuski.ba\/wp-content\/uploads\/2022\/03\/7-2022-03-03-20-34-35-nuklerka-ukr.jpg\" \/>\n\t<meta property=\"og:image:width\" content=\"1000\" \/>\n\t<meta property=\"og:image:height\" content=\"625\" \/>\n\t<meta property=\"og:image:type\" content=\"image\/jpeg\" \/>\n<meta name=\"author\" content=\"Radio Ljubu\u0161ki\" \/>\n<meta name=\"twitter:card\" content=\"summary_large_image\" \/>\n<meta name=\"twitter:creator\" content=\"@radioljubuski\" \/>\n<meta name=\"twitter:site\" content=\"@radioljubuski\" \/>\n<meta name=\"twitter:label1\" content=\"Napisao\/la\" \/>\n\t<meta name=\"twitter:data1\" content=\"Radio Ljubu\u0161ki\" \/>\n\t<meta name=\"twitter:label2\" content=\"Procijenjeno vrijeme \u010ditanja\" \/>\n\t<meta name=\"twitter:data2\" content=\"1 minuta\" \/>\n<script type=\"application\/ld+json\" class=\"yoast-schema-graph\">{\"@context\":\"https:\\\/\\\/schema.org\",\"@graph\":[{\"@type\":\"Article\",\"@id\":\"https:\\\/\\\/radioljubuski.ba\\\/index.php\\\/2022\\\/03\\\/04\\\/rusi-tenkovima-usli-u-energodar-pokusavaju-zauzeti-najvecu-europsku-nuklearku\\\/#article\",\"isPartOf\":{\"@id\":\"https:\\\/\\\/radioljubuski.ba\\\/index.php\\\/2022\\\/03\\\/04\\\/rusi-tenkovima-usli-u-energodar-pokusavaju-zauzeti-najvecu-europsku-nuklearku\\\/\"},\"author\":{\"name\":\"Radio Ljubu\u0161ki\",\"@id\":\"https:\\\/\\\/radioljubuski.ba\\\/#\\\/schema\\\/person\\\/19fc700381a780f69665d7956c469e3b\"},\"headline\":\"Rusi tenkovima u\u0161li u Energodar, poku\u0161avaju zauzeti najve\u0107u europsku nuklearku\",\"datePublished\":\"2022-03-04T00:33:26+00:00\",\"dateModified\":\"2022-03-04T00:33:27+00:00\",\"mainEntityOfPage\":{\"@id\":\"https:\\\/\\\/radioljubuski.ba\\\/index.php\\\/2022\\\/03\\\/04\\\/rusi-tenkovima-usli-u-energodar-pokusavaju-zauzeti-najvecu-europsku-nuklearku\\\/\"},\"wordCount\":94,\"publisher\":{\"@id\":\"https:\\\/\\\/radioljubuski.ba\\\/#organization\"},\"image\":{\"@id\":\"https:\\\/\\\/radioljubuski.ba\\\/index.php\\\/2022\\\/03\\\/04\\\/rusi-tenkovima-usli-u-energodar-pokusavaju-zauzeti-najvecu-europsku-nuklearku\\\/#primaryimage\"},\"thumbnailUrl\":\"https:\\\/\\\/radioljubuski.ba\\\/wp-content\\\/uploads\\\/2022\\\/03\\\/7-2022-03-03-20-34-35-nuklerka-ukr.jpg\",\"articleSection\":[\"BIH i regija\"],\"inLanguage\":\"hr\"},{\"@type\":\"WebPage\",\"@id\":\"https:\\\/\\\/radioljubuski.ba\\\/index.php\\\/2022\\\/03\\\/04\\\/rusi-tenkovima-usli-u-energodar-pokusavaju-zauzeti-najvecu-europsku-nuklearku\\\/\",\"url\":\"https:\\\/\\\/radioljubuski.ba\\\/index.php\\\/2022\\\/03\\\/04\\\/rusi-tenkovima-usli-u-energodar-pokusavaju-zauzeti-najvecu-europsku-nuklearku\\\/\",\"name\":\"Rusi tenkovima u\u0161li u Energodar, poku\u0161avaju zauzeti najve\u0107u europsku nuklearku - RADIO LJUBU\u0160KI\",\"isPartOf\":{\"@id\":\"https:\\\/\\\/radioljubuski.ba\\\/#website\"},\"primaryImageOfPage\":{\"@id\":\"https:\\\/\\\/radioljubuski.ba\\\/index.php\\\/2022\\\/03\\\/04\\\/rusi-tenkovima-usli-u-energodar-pokusavaju-zauzeti-najvecu-europsku-nuklearku\\\/#primaryimage\"},\"image\":{\"@id\":\"https:\\\/\\\/radioljubuski.ba\\\/index.php\\\/2022\\\/03\\\/04\\\/rusi-tenkovima-usli-u-energodar-pokusavaju-zauzeti-najvecu-europsku-nuklearku\\\/#primaryimage\"},\"thumbnailUrl\":\"https:\\\/\\\/radioljubuski.ba\\\/wp-content\\\/uploads\\\/2022\\\/03\\\/7-2022-03-03-20-34-35-nuklerka-ukr.jpg\",\"datePublished\":\"2022-03-04T00:33:26+00:00\",\"dateModified\":\"2022-03-04T00:33:27+00:00\",\"breadcrumb\":{\"@id\":\"https:\\\/\\\/radioljubuski.ba\\\/index.php\\\/2022\\\/03\\\/04\\\/rusi-tenkovima-usli-u-energodar-pokusavaju-zauzeti-najvecu-europsku-nuklearku\\\/#breadcrumb\"},\"inLanguage\":\"hr\",\"potentialAction\":[{\"@type\":\"ReadAction\",\"target\":[\"https:\\\/\\\/radioljubuski.ba\\\/index.php\\\/2022\\\/03\\\/04\\\/rusi-tenkovima-usli-u-energodar-pokusavaju-zauzeti-najvecu-europsku-nuklearku\\\/\"]}]},{\"@type\":\"ImageObject\",\"inLanguage\":\"hr\",\"@id\":\"https:\\\/\\\/radioljubuski.ba\\\/index.php\\\/2022\\\/03\\\/04\\\/rusi-tenkovima-usli-u-energodar-pokusavaju-zauzeti-najvecu-europsku-nuklearku\\\/#primaryimage\",\"url\":\"https:\\\/\\\/radioljubuski.ba\\\/wp-content\\\/uploads\\\/2022\\\/03\\\/7-2022-03-03-20-34-35-nuklerka-ukr.jpg\",\"contentUrl\":\"https:\\\/\\\/radioljubuski.ba\\\/wp-content\\\/uploads\\\/2022\\\/03\\\/7-2022-03-03-20-34-35-nuklerka-ukr.jpg\",\"width\":1000,\"height\":625},{\"@type\":\"BreadcrumbList\",\"@id\":\"https:\\\/\\\/radioljubuski.ba\\\/index.php\\\/2022\\\/03\\\/04\\\/rusi-tenkovima-usli-u-energodar-pokusavaju-zauzeti-najvecu-europsku-nuklearku\\\/#breadcrumb\",\"itemListElement\":[{\"@type\":\"ListItem\",\"position\":1,\"name\":\"Po\u010detna stranica\",\"item\":\"https:\\\/\\\/radioljubuski.ba\\\/\"},{\"@type\":\"ListItem\",\"position\":2,\"name\":\"Rusi tenkovima u\u0161li u Energodar, poku\u0161avaju zauzeti najve\u0107u europsku nuklearku\"}]},{\"@type\":\"WebSite\",\"@id\":\"https:\\\/\\\/radioljubuski.ba\\\/#website\",\"url\":\"https:\\\/\\\/radioljubuski.ba\\\/\",\"name\":\"Radio Ljubu\u0161ki\",\"description\":\"Sun\u010dana frekvencija Hercegovine\",\"publisher\":{\"@id\":\"https:\\\/\\\/radioljubuski.ba\\\/#organization\"},\"potentialAction\":[{\"@type\":\"SearchAction\",\"target\":{\"@type\":\"EntryPoint\",\"urlTemplate\":\"https:\\\/\\\/radioljubuski.ba\\\/?s={search_term_string}\"},\"query-input\":{\"@type\":\"PropertyValueSpecification\",\"valueRequired\":true,\"valueName\":\"search_term_string\"}}],\"inLanguage\":\"hr\"},{\"@type\":\"Organization\",\"@id\":\"https:\\\/\\\/radioljubuski.ba\\\/#organization\",\"name\":\"Radio Ljubu\u0161ki\",\"url\":\"https:\\\/\\\/radioljubuski.ba\\\/\",\"logo\":{\"@type\":\"ImageObject\",\"inLanguage\":\"hr\",\"@id\":\"https:\\\/\\\/radioljubuski.ba\\\/#\\\/schema\\\/logo\\\/image\\\/\",\"url\":\"https:\\\/\\\/radioljubuski.ba\\\/wp-content\\\/uploads\\\/2021\\\/02\\\/cropped-Radio_Ljubuski_logo1.jpg\",\"contentUrl\":\"https:\\\/\\\/radioljubuski.ba\\\/wp-content\\\/uploads\\\/2021\\\/02\\\/cropped-Radio_Ljubuski_logo1.jpg\",\"width\":512,\"height\":512,\"caption\":\"Radio Ljubu\u0161ki\"},\"image\":{\"@id\":\"https:\\\/\\\/radioljubuski.ba\\\/#\\\/schema\\\/logo\\\/image\\\/\"},\"sameAs\":[\"https:\\\/\\\/www.facebook.com\\\/Radiio-Ljubuski-1490835324566332\",\"https:\\\/\\\/x.com\\\/radioljubuski\",\"https:\\\/\\\/hr.linkedin.com\\\/company\\\/radio-ljubuski\",\"https:\\\/\\\/www.youtube.com\\\/channel\\\/UCHYaeO_n0Db3tjNGudGpXyw\"]},{\"@type\":\"Person\",\"@id\":\"https:\\\/\\\/radioljubuski.ba\\\/#\\\/schema\\\/person\\\/19fc700381a780f69665d7956c469e3b\",\"name\":\"Radio Ljubu\u0161ki\"}]}<\/script>\n<!-- \/ Yoast SEO plugin. -->","yoast_head_json":{"title":"Rusi tenkovima u\u0161li u Energodar, poku\u0161avaju zauzeti najve\u0107u europsku nuklearku - RADIO LJUBU\u0160KI","robots":{"index":"index","follow":"follow","max-snippet":"max-snippet:-1","max-image-preview":"max-image-preview:large","max-video-preview":"max-video-preview:-1"},"canonical":"https:\/\/radioljubuski.ba\/index.php\/2022\/03\/04\/rusi-tenkovima-usli-u-energodar-pokusavaju-zauzeti-najvecu-europsku-nuklearku\/","og_locale":"hr_HR","og_type":"article","og_title":"Rusi tenkovima u\u0161li u Energodar, poku\u0161avaju zauzeti najve\u0107u europsku nuklearku - RADIO LJUBU\u0160KI","og_description":"Ruske snage otvorile su vatru u ukrajinskom gradu Energodaru koji se nalazi nedaleko od najve\u0107e nuklearne elektrane u Europi nakon \u0161to su u\u0161li tenkovima, objavio je na internetu savjetnik ukrajinskog ministarstva unutarnjih poslova Anton Hera\u0161\u010denko. Ranije je rekao da ruske snage ja\u010daju napore da preuzmu kontrolu nad nuklearkom Zapori\u017ejana jugoistoku Ukrajine. Radnici elektrane \u017eive u [&hellip;]","og_url":"https:\/\/radioljubuski.ba\/index.php\/2022\/03\/04\/rusi-tenkovima-usli-u-energodar-pokusavaju-zauzeti-najvecu-europsku-nuklearku\/","og_site_name":"RADIO LJUBU\u0160KI","article_publisher":"https:\/\/www.facebook.com\/Radiio-Ljubuski-1490835324566332","article_published_time":"2022-03-04T00:33:26+00:00","article_modified_time":"2022-03-04T00:33:27+00:00","og_image":[{"width":1000,"height":625,"url":"https:\/\/radioljubuski.ba\/wp-content\/uploads\/2022\/03\/7-2022-03-03-20-34-35-nuklerka-ukr.jpg","type":"image\/jpeg"}],"author":"Radio Ljubu\u0161ki","twitter_card":"summary_large_image","twitter_creator":"@radioljubuski","twitter_site":"@radioljubuski","twitter_misc":{"Napisao\/la":"Radio Ljubu\u0161ki","Procijenjeno vrijeme \u010ditanja":"1 minuta"},"schema":{"@context":"https:\/\/schema.org","@graph":[{"@type":"Article","@id":"https:\/\/radioljubuski.ba\/index.php\/2022\/03\/04\/rusi-tenkovima-usli-u-energodar-pokusavaju-zauzeti-najvecu-europsku-nuklearku\/#article","isPartOf":{"@id":"https:\/\/radioljubuski.ba\/index.php\/2022\/03\/04\/rusi-tenkovima-usli-u-energodar-pokusavaju-zauzeti-najvecu-europsku-nuklearku\/"},"author":{"name":"Radio Ljubu\u0161ki","@id":"https:\/\/radioljubuski.ba\/#\/schema\/person\/19fc700381a780f69665d7956c469e3b"},"headline":"Rusi tenkovima u\u0161li u Energodar, poku\u0161avaju zauzeti najve\u0107u europsku nuklearku","datePublished":"2022-03-04T00:33:26+00:00","dateModified":"2022-03-04T00:33:27+00:00","mainEntityOfPage":{"@id":"https:\/\/radioljubuski.ba\/index.php\/2022\/03\/04\/rusi-tenkovima-usli-u-energodar-pokusavaju-zauzeti-najvecu-europsku-nuklearku\/"},"wordCount":94,"publisher":{"@id":"https:\/\/radioljubuski.ba\/#organization"},"image":{"@id":"https:\/\/radioljubuski.ba\/index.php\/2022\/03\/04\/rusi-tenkovima-usli-u-energodar-pokusavaju-zauzeti-najvecu-europsku-nuklearku\/#primaryimage"},"thumbnailUrl":"https:\/\/radioljubuski.ba\/wp-content\/uploads\/2022\/03\/7-2022-03-03-20-34-35-nuklerka-ukr.jpg","articleSection":["BIH i regija"],"inLanguage":"hr"},{"@type":"WebPage","@id":"https:\/\/radioljubuski.ba\/index.php\/2022\/03\/04\/rusi-tenkovima-usli-u-energodar-pokusavaju-zauzeti-najvecu-europsku-nuklearku\/","url":"https:\/\/radioljubuski.ba\/index.php\/2022\/03\/04\/rusi-tenkovima-usli-u-energodar-pokusavaju-zauzeti-najvecu-europsku-nuklearku\/","name":"Rusi tenkovima u\u0161li u Energodar, poku\u0161avaju zauzeti najve\u0107u europsku nuklearku - RADIO LJUBU\u0160KI","isPartOf":{"@id":"https:\/\/radioljubuski.ba\/#website"},"primaryImageOfPage":{"@id":"https:\/\/radioljubuski.ba\/index.php\/2022\/03\/04\/rusi-tenkovima-usli-u-energodar-pokusavaju-zauzeti-najvecu-europsku-nuklearku\/#primaryimage"},"image":{"@id":"https:\/\/radioljubuski.ba\/index.php\/2022\/03\/04\/rusi-tenkovima-usli-u-energodar-pokusavaju-zauzeti-najvecu-europsku-nuklearku\/#primaryimage"},"thumbnailUrl":"https:\/\/radioljubuski.ba\/wp-content\/uploads\/2022\/03\/7-2022-03-03-20-34-35-nuklerka-ukr.jpg","datePublished":"2022-03-04T00:33:26+00:00","dateModified":"2022-03-04T00:33:27+00:00","breadcrumb":{"@id":"https:\/\/radioljubuski.ba\/index.php\/2022\/03\/04\/rusi-tenkovima-usli-u-energodar-pokusavaju-zauzeti-najvecu-europsku-nuklearku\/#breadcrumb"},"inLanguage":"hr","potentialAction":[{"@type":"ReadAction","target":["https:\/\/radioljubuski.ba\/index.php\/2022\/03\/04\/rusi-tenkovima-usli-u-energodar-pokusavaju-zauzeti-najvecu-europsku-nuklearku\/"]}]},{"@type":"ImageObject","inLanguage":"hr","@id":"https:\/\/radioljubuski.ba\/index.php\/2022\/03\/04\/rusi-tenkovima-usli-u-energodar-pokusavaju-zauzeti-najvecu-europsku-nuklearku\/#primaryimage","url":"https:\/\/radioljubuski.ba\/wp-content\/uploads\/2022\/03\/7-2022-03-03-20-34-35-nuklerka-ukr.jpg","contentUrl":"https:\/\/radioljubuski.ba\/wp-content\/uploads\/2022\/03\/7-2022-03-03-20-34-35-nuklerka-ukr.jpg","width":1000,"height":625},{"@type":"BreadcrumbList","@id":"https:\/\/radioljubuski.ba\/index.php\/2022\/03\/04\/rusi-tenkovima-usli-u-energodar-pokusavaju-zauzeti-najvecu-europsku-nuklearku\/#breadcrumb","itemListElement":[{"@type":"ListItem","position":1,"name":"Po\u010detna stranica","item":"https:\/\/radioljubuski.ba\/"},{"@type":"ListItem","position":2,"name":"Rusi tenkovima u\u0161li u Energodar, poku\u0161avaju zauzeti najve\u0107u europsku nuklearku"}]},{"@type":"WebSite","@id":"https:\/\/radioljubuski.ba\/#website","url":"https:\/\/radioljubuski.ba\/","name":"Radio Ljubu\u0161ki","description":"Sun\u010dana frekvencija Hercegovine","publisher":{"@id":"https:\/\/radioljubuski.ba\/#organization"},"potentialAction":[{"@type":"SearchAction","target":{"@type":"EntryPoint","urlTemplate":"https:\/\/radioljubuski.ba\/?s={search_term_string}"},"query-input":{"@type":"PropertyValueSpecification","valueRequired":true,"valueName":"search_term_string"}}],"inLanguage":"hr"},{"@type":"Organization","@id":"https:\/\/radioljubuski.ba\/#organization","name":"Radio Ljubu\u0161ki","url":"https:\/\/radioljubuski.ba\/","logo":{"@type":"ImageObject","inLanguage":"hr","@id":"https:\/\/radioljubuski.ba\/#\/schema\/logo\/image\/","url":"https:\/\/radioljubuski.ba\/wp-content\/uploads\/2021\/02\/cropped-Radio_Ljubuski_logo1.jpg","contentUrl":"https:\/\/radioljubuski.ba\/wp-content\/uploads\/2021\/02\/cropped-Radio_Ljubuski_logo1.jpg","width":512,"height":512,"caption":"Radio Ljubu\u0161ki"},"image":{"@id":"https:\/\/radioljubuski.ba\/#\/schema\/logo\/image\/"},"sameAs":["https:\/\/www.facebook.com\/Radiio-Ljubuski-1490835324566332","https:\/\/x.com\/radioljubuski","https:\/\/hr.linkedin.com\/company\/radio-ljubuski","https:\/\/www.youtube.com\/channel\/UCHYaeO_n0Db3tjNGudGpXyw"]},{"@type":"Person","@id":"https:\/\/radioljubuski.ba\/#\/schema\/person\/19fc700381a780f69665d7956c469e3b","name":"Radio Ljubu\u0161ki"}]}},"_links":{"self":[{"href":"https:\/\/radioljubuski.ba\/index.php\/wp-json\/wp\/v2\/posts\/117984","targetHints":{"allow":["GET"]}}],"collection":[{"href":"https:\/\/radioljubuski.ba\/index.php\/wp-json\/wp\/v2\/posts"}],"about":[{"href":"https:\/\/radioljubuski.ba\/index.php\/wp-json\/wp\/v2\/types\/post"}],"author":[{"embeddable":true,"href":"https:\/\/radioljubuski.ba\/index.php\/wp-json\/wp\/v2\/users\/2"}],"replies":[{"embeddable":true,"href":"https:\/\/radioljubuski.ba\/index.php\/wp-json\/wp\/v2\/comments?post=117984"}],"version-history":[{"count":1,"href":"https:\/\/radioljubuski.ba\/index.php\/wp-json\/wp\/v2\/posts\/117984\/revisions"}],"predecessor-version":[{"id":117986,"href":"https:\/\/radioljubuski.ba\/index.php\/wp-json\/wp\/v2\/posts\/117984\/revisions\/117986"}],"wp:featuredmedia":[{"embeddable":true,"href":"https:\/\/radioljubuski.ba\/index.php\/wp-json\/wp\/v2\/media\/117985"}],"wp:attachment":[{"href":"https:\/\/radioljubuski.ba\/index.php\/wp-json\/wp\/v2\/media?parent=117984"}],"wp:term":[{"taxonomy":"category","embeddable":true,"href":"https:\/\/radioljubuski.ba\/index.php\/wp-json\/wp\/v2\/categories?post=117984"},{"taxonomy":"post_tag","embeddable":true,"href":"https:\/\/radioljubuski.ba\/index.php\/wp-json\/wp\/v2\/tags?post=117984"}],"curies":[{"name":"wp","href":"https:\/\/api.w.org\/{rel}","templated":true}]}}