{"id":117990,"date":"2022-03-04T01:35:38","date_gmt":"2022-03-04T00:35:38","guid":{"rendered":"https:\/\/radioljubuski.ba\/?p=117990"},"modified":"2022-03-04T01:35:39","modified_gmt":"2022-03-04T00:35:39","slug":"rusi-raketirali-cernihiv-i-pogodili-dvije-skole-najmanje-33-mrtvih","status":"publish","type":"post","link":"https:\/\/radioljubuski.ba\/index.php\/2022\/03\/04\/rusi-raketirali-cernihiv-i-pogodili-dvije-skole-najmanje-33-mrtvih\/","title":{"rendered":"Rusi raketirali \u010cernihiv i pogodili dvije \u0161kole, najmanje 33 mrtvih"},"content":{"rendered":"\n<p>Najmanje 33 tijela izvu\u010deno je iz ru\u0161evina nakon zra\u010dnih napada ruskih snaga na ukrajinski grad \u010cernihiv u \u010detvrtak, objavile su ukrajinske spasila\u010dke slu\u017ebe na internetu.<\/p>\n\n\n\n<p>Po ranijoj bilanci, poginulo je 22 ljudi.<\/p>\n\n\n\n<p>Spasila\u010dki napori privremeno su suspendirani zbog te\u0161kog granatiranja tog podru\u010dja.<\/p>\n\n\n\n<p>Regionalni guverner objavio je na Telegramu da su pogo\u0111ene dvije \u0161kole i privatne ku\u0107e.<\/p>\n\n\n\n<p>Ukrajinci optu\u017euju da je meta napada bila stambena \u010detvrt.<\/p>\n\n\n\n<p>Ruska invazija na Ukrajinu u\u0161la je u drugi tjedan s glavninom ruskih snaga blokiranom sjeverno od Kijeva i nekoliko gradova koji trpe \u017eestoka ruska bombardiranja.<\/p>\n\n\n\n<p>Humanitarna situacija se tako\u0111er pogor\u0161ala. Vi\u0161e od milijun ljudi pobjeglo je izvan granica Ukrajine, a mnogo ih je raseljenih unutar zemlje.<\/p>\n\n\n\n<p>Stotine ruskih vojnika i ukrajinskih civila ubijeni su otkako je ruski predsjednik Vladimir Putin 24. velja\u010de naredio da njegove snage krenu u napad. Rusija se zbog toga na\u0161la u me\u0111unarodnoj izolaciji kavu ne pamti.<\/p>\n\n\n\n<p>Izvor:pogled.ba<\/p>\n","protected":false},"excerpt":{"rendered":"<p>Najmanje 33 tijela izvu\u010deno je iz ru\u0161evina nakon zra\u010dnih napada ruskih snaga na ukrajinski grad \u010cernihiv u \u010detvrtak, objavile su ukrajinske spasila\u010dke slu\u017ebe na internetu. Po ranijoj bilanci, poginulo je 22 ljudi. Spasila\u010dki napori privremeno su suspendirani zbog te\u0161kog granatiranja tog podru\u010dja. Regionalni guverner objavio je na Telegramu da su pogo\u0111ene dvije \u0161kole i privatne [&hellip;]<\/p>\n","protected":false},"author":2,"featured_media":117991,"comment_status":"closed","ping_status":"closed","sticky":false,"template":"","format":"standard","meta":{"h5ap_radio_sources":[],"footnotes":""},"categories":[1],"tags":[],"class_list":["post-117990","post","type-post","status-publish","format-standard","has-post-thumbnail","hentry","category-bihiregija"],"yoast_head":"<!-- This site is optimized with the Yoast SEO plugin v27.5 - https:\/\/yoast.com\/product\/yoast-seo-wordpress\/ -->\n<title>Rusi raketirali \u010cernihiv i pogodili dvije \u0161kole, najmanje 33 mrtvih - RADIO LJUBU\u0160KI<\/title>\n<meta name=\"robots\" content=\"index, follow, max-snippet:-1, max-image-preview:large, max-video-preview:-1\" \/>\n<link rel=\"canonical\" href=\"https:\/\/radioljubuski.ba\/index.php\/2022\/03\/04\/rusi-raketirali-cernihiv-i-pogodili-dvije-skole-najmanje-33-mrtvih\/\" \/>\n<meta property=\"og:locale\" content=\"hr_HR\" \/>\n<meta property=\"og:type\" content=\"article\" \/>\n<meta property=\"og:title\" content=\"Rusi raketirali \u010cernihiv i pogodili dvije \u0161kole, najmanje 33 mrtvih - RADIO LJUBU\u0160KI\" \/>\n<meta property=\"og:description\" content=\"Najmanje 33 tijela izvu\u010deno je iz ru\u0161evina nakon zra\u010dnih napada ruskih snaga na ukrajinski grad \u010cernihiv u \u010detvrtak, objavile su ukrajinske spasila\u010dke slu\u017ebe na internetu. Po ranijoj bilanci, poginulo je 22 ljudi. Spasila\u010dki napori privremeno su suspendirani zbog te\u0161kog granatiranja tog podru\u010dja. Regionalni guverner objavio je na Telegramu da su pogo\u0111ene dvije \u0161kole i privatne [&hellip;]\" \/>\n<meta property=\"og:url\" content=\"https:\/\/radioljubuski.ba\/index.php\/2022\/03\/04\/rusi-raketirali-cernihiv-i-pogodili-dvije-skole-najmanje-33-mrtvih\/\" \/>\n<meta property=\"og:site_name\" content=\"RADIO LJUBU\u0160KI\" \/>\n<meta property=\"article:publisher\" content=\"https:\/\/www.facebook.com\/Radiio-Ljubuski-1490835324566332\" \/>\n<meta property=\"article:published_time\" content=\"2022-03-04T00:35:38+00:00\" \/>\n<meta property=\"article:modified_time\" content=\"2022-03-04T00:35:39+00:00\" \/>\n<meta property=\"og:image\" content=\"https:\/\/radioljubuski.ba\/wp-content\/uploads\/2022\/03\/7-2022-03-03-21-32-04-gs-afp.jpg\" \/>\n\t<meta property=\"og:image:width\" content=\"1000\" \/>\n\t<meta property=\"og:image:height\" content=\"625\" \/>\n\t<meta property=\"og:image:type\" content=\"image\/jpeg\" \/>\n<meta name=\"author\" content=\"Radio Ljubu\u0161ki\" \/>\n<meta name=\"twitter:card\" content=\"summary_large_image\" \/>\n<meta name=\"twitter:creator\" content=\"@radioljubuski\" \/>\n<meta name=\"twitter:site\" content=\"@radioljubuski\" \/>\n<meta name=\"twitter:label1\" content=\"Napisao\/la\" \/>\n\t<meta name=\"twitter:data1\" content=\"Radio Ljubu\u0161ki\" \/>\n\t<meta name=\"twitter:label2\" content=\"Procijenjeno vrijeme \u010ditanja\" \/>\n\t<meta name=\"twitter:data2\" content=\"1 minuta\" \/>\n<script type=\"application\/ld+json\" class=\"yoast-schema-graph\">{\"@context\":\"https:\\\/\\\/schema.org\",\"@graph\":[{\"@type\":\"Article\",\"@id\":\"https:\\\/\\\/radioljubuski.ba\\\/index.php\\\/2022\\\/03\\\/04\\\/rusi-raketirali-cernihiv-i-pogodili-dvije-skole-najmanje-33-mrtvih\\\/#article\",\"isPartOf\":{\"@id\":\"https:\\\/\\\/radioljubuski.ba\\\/index.php\\\/2022\\\/03\\\/04\\\/rusi-raketirali-cernihiv-i-pogodili-dvije-skole-najmanje-33-mrtvih\\\/\"},\"author\":{\"name\":\"Radio Ljubu\u0161ki\",\"@id\":\"https:\\\/\\\/radioljubuski.ba\\\/#\\\/schema\\\/person\\\/19fc700381a780f69665d7956c469e3b\"},\"headline\":\"Rusi raketirali \u010cernihiv i pogodili dvije \u0161kole, najmanje 33 mrtvih\",\"datePublished\":\"2022-03-04T00:35:38+00:00\",\"dateModified\":\"2022-03-04T00:35:39+00:00\",\"mainEntityOfPage\":{\"@id\":\"https:\\\/\\\/radioljubuski.ba\\\/index.php\\\/2022\\\/03\\\/04\\\/rusi-raketirali-cernihiv-i-pogodili-dvije-skole-najmanje-33-mrtvih\\\/\"},\"wordCount\":172,\"publisher\":{\"@id\":\"https:\\\/\\\/radioljubuski.ba\\\/#organization\"},\"image\":{\"@id\":\"https:\\\/\\\/radioljubuski.ba\\\/index.php\\\/2022\\\/03\\\/04\\\/rusi-raketirali-cernihiv-i-pogodili-dvije-skole-najmanje-33-mrtvih\\\/#primaryimage\"},\"thumbnailUrl\":\"https:\\\/\\\/radioljubuski.ba\\\/wp-content\\\/uploads\\\/2022\\\/03\\\/7-2022-03-03-21-32-04-gs-afp.jpg\",\"articleSection\":[\"BIH i regija\"],\"inLanguage\":\"hr\"},{\"@type\":\"WebPage\",\"@id\":\"https:\\\/\\\/radioljubuski.ba\\\/index.php\\\/2022\\\/03\\\/04\\\/rusi-raketirali-cernihiv-i-pogodili-dvije-skole-najmanje-33-mrtvih\\\/\",\"url\":\"https:\\\/\\\/radioljubuski.ba\\\/index.php\\\/2022\\\/03\\\/04\\\/rusi-raketirali-cernihiv-i-pogodili-dvije-skole-najmanje-33-mrtvih\\\/\",\"name\":\"Rusi raketirali \u010cernihiv i pogodili dvije \u0161kole, najmanje 33 mrtvih - RADIO LJUBU\u0160KI\",\"isPartOf\":{\"@id\":\"https:\\\/\\\/radioljubuski.ba\\\/#website\"},\"primaryImageOfPage\":{\"@id\":\"https:\\\/\\\/radioljubuski.ba\\\/index.php\\\/2022\\\/03\\\/04\\\/rusi-raketirali-cernihiv-i-pogodili-dvije-skole-najmanje-33-mrtvih\\\/#primaryimage\"},\"image\":{\"@id\":\"https:\\\/\\\/radioljubuski.ba\\\/index.php\\\/2022\\\/03\\\/04\\\/rusi-raketirali-cernihiv-i-pogodili-dvije-skole-najmanje-33-mrtvih\\\/#primaryimage\"},\"thumbnailUrl\":\"https:\\\/\\\/radioljubuski.ba\\\/wp-content\\\/uploads\\\/2022\\\/03\\\/7-2022-03-03-21-32-04-gs-afp.jpg\",\"datePublished\":\"2022-03-04T00:35:38+00:00\",\"dateModified\":\"2022-03-04T00:35:39+00:00\",\"breadcrumb\":{\"@id\":\"https:\\\/\\\/radioljubuski.ba\\\/index.php\\\/2022\\\/03\\\/04\\\/rusi-raketirali-cernihiv-i-pogodili-dvije-skole-najmanje-33-mrtvih\\\/#breadcrumb\"},\"inLanguage\":\"hr\",\"potentialAction\":[{\"@type\":\"ReadAction\",\"target\":[\"https:\\\/\\\/radioljubuski.ba\\\/index.php\\\/2022\\\/03\\\/04\\\/rusi-raketirali-cernihiv-i-pogodili-dvije-skole-najmanje-33-mrtvih\\\/\"]}]},{\"@type\":\"ImageObject\",\"inLanguage\":\"hr\",\"@id\":\"https:\\\/\\\/radioljubuski.ba\\\/index.php\\\/2022\\\/03\\\/04\\\/rusi-raketirali-cernihiv-i-pogodili-dvije-skole-najmanje-33-mrtvih\\\/#primaryimage\",\"url\":\"https:\\\/\\\/radioljubuski.ba\\\/wp-content\\\/uploads\\\/2022\\\/03\\\/7-2022-03-03-21-32-04-gs-afp.jpg\",\"contentUrl\":\"https:\\\/\\\/radioljubuski.ba\\\/wp-content\\\/uploads\\\/2022\\\/03\\\/7-2022-03-03-21-32-04-gs-afp.jpg\",\"width\":1000,\"height\":625},{\"@type\":\"BreadcrumbList\",\"@id\":\"https:\\\/\\\/radioljubuski.ba\\\/index.php\\\/2022\\\/03\\\/04\\\/rusi-raketirali-cernihiv-i-pogodili-dvije-skole-najmanje-33-mrtvih\\\/#breadcrumb\",\"itemListElement\":[{\"@type\":\"ListItem\",\"position\":1,\"name\":\"Po\u010detna stranica\",\"item\":\"https:\\\/\\\/radioljubuski.ba\\\/\"},{\"@type\":\"ListItem\",\"position\":2,\"name\":\"Rusi raketirali \u010cernihiv i pogodili dvije \u0161kole, najmanje 33 mrtvih\"}]},{\"@type\":\"WebSite\",\"@id\":\"https:\\\/\\\/radioljubuski.ba\\\/#website\",\"url\":\"https:\\\/\\\/radioljubuski.ba\\\/\",\"name\":\"Radio Ljubu\u0161ki\",\"description\":\"Sun\u010dana frekvencija Hercegovine\",\"publisher\":{\"@id\":\"https:\\\/\\\/radioljubuski.ba\\\/#organization\"},\"potentialAction\":[{\"@type\":\"SearchAction\",\"target\":{\"@type\":\"EntryPoint\",\"urlTemplate\":\"https:\\\/\\\/radioljubuski.ba\\\/?s={search_term_string}\"},\"query-input\":{\"@type\":\"PropertyValueSpecification\",\"valueRequired\":true,\"valueName\":\"search_term_string\"}}],\"inLanguage\":\"hr\"},{\"@type\":\"Organization\",\"@id\":\"https:\\\/\\\/radioljubuski.ba\\\/#organization\",\"name\":\"Radio Ljubu\u0161ki\",\"url\":\"https:\\\/\\\/radioljubuski.ba\\\/\",\"logo\":{\"@type\":\"ImageObject\",\"inLanguage\":\"hr\",\"@id\":\"https:\\\/\\\/radioljubuski.ba\\\/#\\\/schema\\\/logo\\\/image\\\/\",\"url\":\"https:\\\/\\\/radioljubuski.ba\\\/wp-content\\\/uploads\\\/2021\\\/02\\\/cropped-Radio_Ljubuski_logo1.jpg\",\"contentUrl\":\"https:\\\/\\\/radioljubuski.ba\\\/wp-content\\\/uploads\\\/2021\\\/02\\\/cropped-Radio_Ljubuski_logo1.jpg\",\"width\":512,\"height\":512,\"caption\":\"Radio Ljubu\u0161ki\"},\"image\":{\"@id\":\"https:\\\/\\\/radioljubuski.ba\\\/#\\\/schema\\\/logo\\\/image\\\/\"},\"sameAs\":[\"https:\\\/\\\/www.facebook.com\\\/Radiio-Ljubuski-1490835324566332\",\"https:\\\/\\\/x.com\\\/radioljubuski\",\"https:\\\/\\\/hr.linkedin.com\\\/company\\\/radio-ljubuski\",\"https:\\\/\\\/www.youtube.com\\\/channel\\\/UCHYaeO_n0Db3tjNGudGpXyw\"]},{\"@type\":\"Person\",\"@id\":\"https:\\\/\\\/radioljubuski.ba\\\/#\\\/schema\\\/person\\\/19fc700381a780f69665d7956c469e3b\",\"name\":\"Radio Ljubu\u0161ki\"}]}<\/script>\n<!-- \/ Yoast SEO plugin. -->","yoast_head_json":{"title":"Rusi raketirali \u010cernihiv i pogodili dvije \u0161kole, najmanje 33 mrtvih - RADIO LJUBU\u0160KI","robots":{"index":"index","follow":"follow","max-snippet":"max-snippet:-1","max-image-preview":"max-image-preview:large","max-video-preview":"max-video-preview:-1"},"canonical":"https:\/\/radioljubuski.ba\/index.php\/2022\/03\/04\/rusi-raketirali-cernihiv-i-pogodili-dvije-skole-najmanje-33-mrtvih\/","og_locale":"hr_HR","og_type":"article","og_title":"Rusi raketirali \u010cernihiv i pogodili dvije \u0161kole, najmanje 33 mrtvih - RADIO LJUBU\u0160KI","og_description":"Najmanje 33 tijela izvu\u010deno je iz ru\u0161evina nakon zra\u010dnih napada ruskih snaga na ukrajinski grad \u010cernihiv u \u010detvrtak, objavile su ukrajinske spasila\u010dke slu\u017ebe na internetu. Po ranijoj bilanci, poginulo je 22 ljudi. Spasila\u010dki napori privremeno su suspendirani zbog te\u0161kog granatiranja tog podru\u010dja. Regionalni guverner objavio je na Telegramu da su pogo\u0111ene dvije \u0161kole i privatne [&hellip;]","og_url":"https:\/\/radioljubuski.ba\/index.php\/2022\/03\/04\/rusi-raketirali-cernihiv-i-pogodili-dvije-skole-najmanje-33-mrtvih\/","og_site_name":"RADIO LJUBU\u0160KI","article_publisher":"https:\/\/www.facebook.com\/Radiio-Ljubuski-1490835324566332","article_published_time":"2022-03-04T00:35:38+00:00","article_modified_time":"2022-03-04T00:35:39+00:00","og_image":[{"width":1000,"height":625,"url":"https:\/\/radioljubuski.ba\/wp-content\/uploads\/2022\/03\/7-2022-03-03-21-32-04-gs-afp.jpg","type":"image\/jpeg"}],"author":"Radio Ljubu\u0161ki","twitter_card":"summary_large_image","twitter_creator":"@radioljubuski","twitter_site":"@radioljubuski","twitter_misc":{"Napisao\/la":"Radio Ljubu\u0161ki","Procijenjeno vrijeme \u010ditanja":"1 minuta"},"schema":{"@context":"https:\/\/schema.org","@graph":[{"@type":"Article","@id":"https:\/\/radioljubuski.ba\/index.php\/2022\/03\/04\/rusi-raketirali-cernihiv-i-pogodili-dvije-skole-najmanje-33-mrtvih\/#article","isPartOf":{"@id":"https:\/\/radioljubuski.ba\/index.php\/2022\/03\/04\/rusi-raketirali-cernihiv-i-pogodili-dvije-skole-najmanje-33-mrtvih\/"},"author":{"name":"Radio Ljubu\u0161ki","@id":"https:\/\/radioljubuski.ba\/#\/schema\/person\/19fc700381a780f69665d7956c469e3b"},"headline":"Rusi raketirali \u010cernihiv i pogodili dvije \u0161kole, najmanje 33 mrtvih","datePublished":"2022-03-04T00:35:38+00:00","dateModified":"2022-03-04T00:35:39+00:00","mainEntityOfPage":{"@id":"https:\/\/radioljubuski.ba\/index.php\/2022\/03\/04\/rusi-raketirali-cernihiv-i-pogodili-dvije-skole-najmanje-33-mrtvih\/"},"wordCount":172,"publisher":{"@id":"https:\/\/radioljubuski.ba\/#organization"},"image":{"@id":"https:\/\/radioljubuski.ba\/index.php\/2022\/03\/04\/rusi-raketirali-cernihiv-i-pogodili-dvije-skole-najmanje-33-mrtvih\/#primaryimage"},"thumbnailUrl":"https:\/\/radioljubuski.ba\/wp-content\/uploads\/2022\/03\/7-2022-03-03-21-32-04-gs-afp.jpg","articleSection":["BIH i regija"],"inLanguage":"hr"},{"@type":"WebPage","@id":"https:\/\/radioljubuski.ba\/index.php\/2022\/03\/04\/rusi-raketirali-cernihiv-i-pogodili-dvije-skole-najmanje-33-mrtvih\/","url":"https:\/\/radioljubuski.ba\/index.php\/2022\/03\/04\/rusi-raketirali-cernihiv-i-pogodili-dvije-skole-najmanje-33-mrtvih\/","name":"Rusi raketirali \u010cernihiv i pogodili dvije \u0161kole, najmanje 33 mrtvih - RADIO LJUBU\u0160KI","isPartOf":{"@id":"https:\/\/radioljubuski.ba\/#website"},"primaryImageOfPage":{"@id":"https:\/\/radioljubuski.ba\/index.php\/2022\/03\/04\/rusi-raketirali-cernihiv-i-pogodili-dvije-skole-najmanje-33-mrtvih\/#primaryimage"},"image":{"@id":"https:\/\/radioljubuski.ba\/index.php\/2022\/03\/04\/rusi-raketirali-cernihiv-i-pogodili-dvije-skole-najmanje-33-mrtvih\/#primaryimage"},"thumbnailUrl":"https:\/\/radioljubuski.ba\/wp-content\/uploads\/2022\/03\/7-2022-03-03-21-32-04-gs-afp.jpg","datePublished":"2022-03-04T00:35:38+00:00","dateModified":"2022-03-04T00:35:39+00:00","breadcrumb":{"@id":"https:\/\/radioljubuski.ba\/index.php\/2022\/03\/04\/rusi-raketirali-cernihiv-i-pogodili-dvije-skole-najmanje-33-mrtvih\/#breadcrumb"},"inLanguage":"hr","potentialAction":[{"@type":"ReadAction","target":["https:\/\/radioljubuski.ba\/index.php\/2022\/03\/04\/rusi-raketirali-cernihiv-i-pogodili-dvije-skole-najmanje-33-mrtvih\/"]}]},{"@type":"ImageObject","inLanguage":"hr","@id":"https:\/\/radioljubuski.ba\/index.php\/2022\/03\/04\/rusi-raketirali-cernihiv-i-pogodili-dvije-skole-najmanje-33-mrtvih\/#primaryimage","url":"https:\/\/radioljubuski.ba\/wp-content\/uploads\/2022\/03\/7-2022-03-03-21-32-04-gs-afp.jpg","contentUrl":"https:\/\/radioljubuski.ba\/wp-content\/uploads\/2022\/03\/7-2022-03-03-21-32-04-gs-afp.jpg","width":1000,"height":625},{"@type":"BreadcrumbList","@id":"https:\/\/radioljubuski.ba\/index.php\/2022\/03\/04\/rusi-raketirali-cernihiv-i-pogodili-dvije-skole-najmanje-33-mrtvih\/#breadcrumb","itemListElement":[{"@type":"ListItem","position":1,"name":"Po\u010detna stranica","item":"https:\/\/radioljubuski.ba\/"},{"@type":"ListItem","position":2,"name":"Rusi raketirali \u010cernihiv i pogodili dvije \u0161kole, najmanje 33 mrtvih"}]},{"@type":"WebSite","@id":"https:\/\/radioljubuski.ba\/#website","url":"https:\/\/radioljubuski.ba\/","name":"Radio Ljubu\u0161ki","description":"Sun\u010dana frekvencija Hercegovine","publisher":{"@id":"https:\/\/radioljubuski.ba\/#organization"},"potentialAction":[{"@type":"SearchAction","target":{"@type":"EntryPoint","urlTemplate":"https:\/\/radioljubuski.ba\/?s={search_term_string}"},"query-input":{"@type":"PropertyValueSpecification","valueRequired":true,"valueName":"search_term_string"}}],"inLanguage":"hr"},{"@type":"Organization","@id":"https:\/\/radioljubuski.ba\/#organization","name":"Radio Ljubu\u0161ki","url":"https:\/\/radioljubuski.ba\/","logo":{"@type":"ImageObject","inLanguage":"hr","@id":"https:\/\/radioljubuski.ba\/#\/schema\/logo\/image\/","url":"https:\/\/radioljubuski.ba\/wp-content\/uploads\/2021\/02\/cropped-Radio_Ljubuski_logo1.jpg","contentUrl":"https:\/\/radioljubuski.ba\/wp-content\/uploads\/2021\/02\/cropped-Radio_Ljubuski_logo1.jpg","width":512,"height":512,"caption":"Radio Ljubu\u0161ki"},"image":{"@id":"https:\/\/radioljubuski.ba\/#\/schema\/logo\/image\/"},"sameAs":["https:\/\/www.facebook.com\/Radiio-Ljubuski-1490835324566332","https:\/\/x.com\/radioljubuski","https:\/\/hr.linkedin.com\/company\/radio-ljubuski","https:\/\/www.youtube.com\/channel\/UCHYaeO_n0Db3tjNGudGpXyw"]},{"@type":"Person","@id":"https:\/\/radioljubuski.ba\/#\/schema\/person\/19fc700381a780f69665d7956c469e3b","name":"Radio Ljubu\u0161ki"}]}},"_links":{"self":[{"href":"https:\/\/radioljubuski.ba\/index.php\/wp-json\/wp\/v2\/posts\/117990","targetHints":{"allow":["GET"]}}],"collection":[{"href":"https:\/\/radioljubuski.ba\/index.php\/wp-json\/wp\/v2\/posts"}],"about":[{"href":"https:\/\/radioljubuski.ba\/index.php\/wp-json\/wp\/v2\/types\/post"}],"author":[{"embeddable":true,"href":"https:\/\/radioljubuski.ba\/index.php\/wp-json\/wp\/v2\/users\/2"}],"replies":[{"embeddable":true,"href":"https:\/\/radioljubuski.ba\/index.php\/wp-json\/wp\/v2\/comments?post=117990"}],"version-history":[{"count":1,"href":"https:\/\/radioljubuski.ba\/index.php\/wp-json\/wp\/v2\/posts\/117990\/revisions"}],"predecessor-version":[{"id":117992,"href":"https:\/\/radioljubuski.ba\/index.php\/wp-json\/wp\/v2\/posts\/117990\/revisions\/117992"}],"wp:featuredmedia":[{"embeddable":true,"href":"https:\/\/radioljubuski.ba\/index.php\/wp-json\/wp\/v2\/media\/117991"}],"wp:attachment":[{"href":"https:\/\/radioljubuski.ba\/index.php\/wp-json\/wp\/v2\/media?parent=117990"}],"wp:term":[{"taxonomy":"category","embeddable":true,"href":"https:\/\/radioljubuski.ba\/index.php\/wp-json\/wp\/v2\/categories?post=117990"},{"taxonomy":"post_tag","embeddable":true,"href":"https:\/\/radioljubuski.ba\/index.php\/wp-json\/wp\/v2\/tags?post=117990"}],"curies":[{"name":"wp","href":"https:\/\/api.w.org\/{rel}","templated":true}]}}