{"id":117995,"date":"2022-03-04T01:38:14","date_gmt":"2022-03-04T00:38:14","guid":{"rendered":"https:\/\/radioljubuski.ba\/?p=117995"},"modified":"2022-03-04T01:38:16","modified_gmt":"2022-03-04T00:38:16","slug":"slucajna-posveta-akiju-poslusajte-ljubavnu-u-izvedbi-darija-sunjica-i-party-banda","status":"publish","type":"post","link":"https:\/\/radioljubuski.ba\/index.php\/2022\/03\/04\/slucajna-posveta-akiju-poslusajte-ljubavnu-u-izvedbi-darija-sunjica-i-party-banda\/","title":{"rendered":"\u201cSlu\u010dajna\u201d posveta Akiju: Poslu\u0161ajte \u201cLjubavnu\u201d u izvedbi Darija \u0160unji\u0107a i Party Banda"},"content":{"rendered":"\n<h5 class=\"wp-block-heading\"><strong>Mostarski glazbenik Dario \u0160unji\u0107 objavio je novi cover.<\/strong><\/h5>\n\n\n\n<p>\u0160unji\u0107 i Party Band obradili su<strong>&nbsp;popularnu pjesmu \u201cLjubavna\u201d<\/strong>&nbsp;od Parnog Valjka.<\/p>\n\n\n\n<p><em>Ispalo je<\/em><strong><em>&nbsp;kao posveta Akiju iako to nije bila namjera<\/em><\/strong><em>&nbsp;jer smo je snimili u studiju tjedan dana prije njegove smrti,<\/em>&nbsp;kazao je \u0160unji\u0107 za portal&nbsp;<strong>Jabuka.tv<\/strong>.<\/p>\n\n\n\n<p>Izvedbu poslu\u0161ajte u nastavku:<\/p>\n\n\n\n<iframe loading=\"lazy\" title=\"Dario \u0160unji\u0107 &amp; Party Band - Ljubavna (Parni Valjak studio cover)\" width=\"640\" height=\"360\" src=\"https:\/\/www.youtube.com\/embed\/Lg2ITcF_Pbo?feature=oembed\" frameborder=\"0\" allow=\"accelerometer; autoplay; clipboard-write; encrypted-media; gyroscope; picture-in-picture; web-share\" referrerpolicy=\"strict-origin-when-cross-origin\" allowfullscreen><\/iframe>\n\n\n\n<p>\/HMS\/<\/p>\n","protected":false},"excerpt":{"rendered":"<p>Mostarski glazbenik Dario \u0160unji\u0107 objavio je novi cover. \u0160unji\u0107 i Party Band obradili su&nbsp;popularnu pjesmu \u201cLjubavna\u201d&nbsp;od Parnog Valjka. Ispalo je&nbsp;kao posveta Akiju iako to nije bila namjera&nbsp;jer smo je snimili u studiju tjedan dana prije njegove smrti,&nbsp;kazao je \u0160unji\u0107 za portal&nbsp;Jabuka.tv. Izvedbu poslu\u0161ajte u nastavku: \/HMS\/<\/p>\n","protected":false},"author":2,"featured_media":117996,"comment_status":"closed","ping_status":"closed","sticky":false,"template":"","format":"standard","meta":{"h5ap_radio_sources":[],"footnotes":""},"categories":[1],"tags":[],"class_list":["post-117995","post","type-post","status-publish","format-standard","has-post-thumbnail","hentry","category-bihiregija"],"yoast_head":"<!-- This site is optimized with the Yoast SEO plugin v27.5 - https:\/\/yoast.com\/product\/yoast-seo-wordpress\/ -->\n<title>\u201cSlu\u010dajna\u201d posveta Akiju: Poslu\u0161ajte \u201cLjubavnu\u201d u izvedbi Darija \u0160unji\u0107a i Party Banda - RADIO LJUBU\u0160KI<\/title>\n<meta name=\"robots\" content=\"index, follow, max-snippet:-1, max-image-preview:large, max-video-preview:-1\" \/>\n<link rel=\"canonical\" href=\"https:\/\/radioljubuski.ba\/index.php\/2022\/03\/04\/slucajna-posveta-akiju-poslusajte-ljubavnu-u-izvedbi-darija-sunjica-i-party-banda\/\" \/>\n<meta property=\"og:locale\" content=\"hr_HR\" \/>\n<meta property=\"og:type\" content=\"article\" \/>\n<meta property=\"og:title\" content=\"\u201cSlu\u010dajna\u201d posveta Akiju: Poslu\u0161ajte \u201cLjubavnu\u201d u izvedbi Darija \u0160unji\u0107a i Party Banda - RADIO LJUBU\u0160KI\" \/>\n<meta property=\"og:description\" content=\"Mostarski glazbenik Dario \u0160unji\u0107 objavio je novi cover. \u0160unji\u0107 i Party Band obradili su&nbsp;popularnu pjesmu \u201cLjubavna\u201d&nbsp;od Parnog Valjka. Ispalo je&nbsp;kao posveta Akiju iako to nije bila namjera&nbsp;jer smo je snimili u studiju tjedan dana prije njegove smrti,&nbsp;kazao je \u0160unji\u0107 za portal&nbsp;Jabuka.tv. Izvedbu poslu\u0161ajte u nastavku: \/HMS\/\" \/>\n<meta property=\"og:url\" content=\"https:\/\/radioljubuski.ba\/index.php\/2022\/03\/04\/slucajna-posveta-akiju-poslusajte-ljubavnu-u-izvedbi-darija-sunjica-i-party-banda\/\" \/>\n<meta property=\"og:site_name\" content=\"RADIO LJUBU\u0160KI\" \/>\n<meta property=\"article:publisher\" content=\"https:\/\/www.facebook.com\/Radiio-Ljubuski-1490835324566332\" \/>\n<meta property=\"article:published_time\" content=\"2022-03-04T00:38:14+00:00\" \/>\n<meta property=\"article:modified_time\" content=\"2022-03-04T00:38:16+00:00\" \/>\n<meta property=\"og:image\" content=\"https:\/\/radioljubuski.ba\/wp-content\/uploads\/2022\/03\/sunjic.jpg\" \/>\n\t<meta property=\"og:image:width\" content=\"810\" \/>\n\t<meta property=\"og:image:height\" content=\"496\" \/>\n\t<meta property=\"og:image:type\" content=\"image\/jpeg\" \/>\n<meta name=\"author\" content=\"Radio Ljubu\u0161ki\" \/>\n<meta name=\"twitter:card\" content=\"summary_large_image\" \/>\n<meta name=\"twitter:creator\" content=\"@radioljubuski\" \/>\n<meta name=\"twitter:site\" content=\"@radioljubuski\" \/>\n<meta name=\"twitter:label1\" content=\"Napisao\/la\" \/>\n\t<meta name=\"twitter:data1\" content=\"Radio Ljubu\u0161ki\" \/>\n\t<meta name=\"twitter:label2\" content=\"Procijenjeno vrijeme \u010ditanja\" \/>\n\t<meta name=\"twitter:data2\" content=\"1 minuta\" \/>\n<script type=\"application\/ld+json\" class=\"yoast-schema-graph\">{\"@context\":\"https:\\\/\\\/schema.org\",\"@graph\":[{\"@type\":\"Article\",\"@id\":\"https:\\\/\\\/radioljubuski.ba\\\/index.php\\\/2022\\\/03\\\/04\\\/slucajna-posveta-akiju-poslusajte-ljubavnu-u-izvedbi-darija-sunjica-i-party-banda\\\/#article\",\"isPartOf\":{\"@id\":\"https:\\\/\\\/radioljubuski.ba\\\/index.php\\\/2022\\\/03\\\/04\\\/slucajna-posveta-akiju-poslusajte-ljubavnu-u-izvedbi-darija-sunjica-i-party-banda\\\/\"},\"author\":{\"name\":\"Radio Ljubu\u0161ki\",\"@id\":\"https:\\\/\\\/radioljubuski.ba\\\/#\\\/schema\\\/person\\\/19fc700381a780f69665d7956c469e3b\"},\"headline\":\"\u201cSlu\u010dajna\u201d posveta Akiju: Poslu\u0161ajte \u201cLjubavnu\u201d u izvedbi Darija \u0160unji\u0107a i Party Banda\",\"datePublished\":\"2022-03-04T00:38:14+00:00\",\"dateModified\":\"2022-03-04T00:38:16+00:00\",\"mainEntityOfPage\":{\"@id\":\"https:\\\/\\\/radioljubuski.ba\\\/index.php\\\/2022\\\/03\\\/04\\\/slucajna-posveta-akiju-poslusajte-ljubavnu-u-izvedbi-darija-sunjica-i-party-banda\\\/\"},\"wordCount\":84,\"publisher\":{\"@id\":\"https:\\\/\\\/radioljubuski.ba\\\/#organization\"},\"image\":{\"@id\":\"https:\\\/\\\/radioljubuski.ba\\\/index.php\\\/2022\\\/03\\\/04\\\/slucajna-posveta-akiju-poslusajte-ljubavnu-u-izvedbi-darija-sunjica-i-party-banda\\\/#primaryimage\"},\"thumbnailUrl\":\"https:\\\/\\\/radioljubuski.ba\\\/wp-content\\\/uploads\\\/2022\\\/03\\\/sunjic.jpg\",\"articleSection\":[\"BIH i regija\"],\"inLanguage\":\"hr\"},{\"@type\":\"WebPage\",\"@id\":\"https:\\\/\\\/radioljubuski.ba\\\/index.php\\\/2022\\\/03\\\/04\\\/slucajna-posveta-akiju-poslusajte-ljubavnu-u-izvedbi-darija-sunjica-i-party-banda\\\/\",\"url\":\"https:\\\/\\\/radioljubuski.ba\\\/index.php\\\/2022\\\/03\\\/04\\\/slucajna-posveta-akiju-poslusajte-ljubavnu-u-izvedbi-darija-sunjica-i-party-banda\\\/\",\"name\":\"\u201cSlu\u010dajna\u201d posveta Akiju: Poslu\u0161ajte \u201cLjubavnu\u201d u izvedbi Darija \u0160unji\u0107a i Party Banda - RADIO LJUBU\u0160KI\",\"isPartOf\":{\"@id\":\"https:\\\/\\\/radioljubuski.ba\\\/#website\"},\"primaryImageOfPage\":{\"@id\":\"https:\\\/\\\/radioljubuski.ba\\\/index.php\\\/2022\\\/03\\\/04\\\/slucajna-posveta-akiju-poslusajte-ljubavnu-u-izvedbi-darija-sunjica-i-party-banda\\\/#primaryimage\"},\"image\":{\"@id\":\"https:\\\/\\\/radioljubuski.ba\\\/index.php\\\/2022\\\/03\\\/04\\\/slucajna-posveta-akiju-poslusajte-ljubavnu-u-izvedbi-darija-sunjica-i-party-banda\\\/#primaryimage\"},\"thumbnailUrl\":\"https:\\\/\\\/radioljubuski.ba\\\/wp-content\\\/uploads\\\/2022\\\/03\\\/sunjic.jpg\",\"datePublished\":\"2022-03-04T00:38:14+00:00\",\"dateModified\":\"2022-03-04T00:38:16+00:00\",\"breadcrumb\":{\"@id\":\"https:\\\/\\\/radioljubuski.ba\\\/index.php\\\/2022\\\/03\\\/04\\\/slucajna-posveta-akiju-poslusajte-ljubavnu-u-izvedbi-darija-sunjica-i-party-banda\\\/#breadcrumb\"},\"inLanguage\":\"hr\",\"potentialAction\":[{\"@type\":\"ReadAction\",\"target\":[\"https:\\\/\\\/radioljubuski.ba\\\/index.php\\\/2022\\\/03\\\/04\\\/slucajna-posveta-akiju-poslusajte-ljubavnu-u-izvedbi-darija-sunjica-i-party-banda\\\/\"]}]},{\"@type\":\"ImageObject\",\"inLanguage\":\"hr\",\"@id\":\"https:\\\/\\\/radioljubuski.ba\\\/index.php\\\/2022\\\/03\\\/04\\\/slucajna-posveta-akiju-poslusajte-ljubavnu-u-izvedbi-darija-sunjica-i-party-banda\\\/#primaryimage\",\"url\":\"https:\\\/\\\/radioljubuski.ba\\\/wp-content\\\/uploads\\\/2022\\\/03\\\/sunjic.jpg\",\"contentUrl\":\"https:\\\/\\\/radioljubuski.ba\\\/wp-content\\\/uploads\\\/2022\\\/03\\\/sunjic.jpg\",\"width\":810,\"height\":496},{\"@type\":\"BreadcrumbList\",\"@id\":\"https:\\\/\\\/radioljubuski.ba\\\/index.php\\\/2022\\\/03\\\/04\\\/slucajna-posveta-akiju-poslusajte-ljubavnu-u-izvedbi-darija-sunjica-i-party-banda\\\/#breadcrumb\",\"itemListElement\":[{\"@type\":\"ListItem\",\"position\":1,\"name\":\"Po\u010detna stranica\",\"item\":\"https:\\\/\\\/radioljubuski.ba\\\/\"},{\"@type\":\"ListItem\",\"position\":2,\"name\":\"\u201cSlu\u010dajna\u201d posveta Akiju: Poslu\u0161ajte \u201cLjubavnu\u201d u izvedbi Darija \u0160unji\u0107a i Party Banda\"}]},{\"@type\":\"WebSite\",\"@id\":\"https:\\\/\\\/radioljubuski.ba\\\/#website\",\"url\":\"https:\\\/\\\/radioljubuski.ba\\\/\",\"name\":\"Radio Ljubu\u0161ki\",\"description\":\"Sun\u010dana frekvencija Hercegovine\",\"publisher\":{\"@id\":\"https:\\\/\\\/radioljubuski.ba\\\/#organization\"},\"potentialAction\":[{\"@type\":\"SearchAction\",\"target\":{\"@type\":\"EntryPoint\",\"urlTemplate\":\"https:\\\/\\\/radioljubuski.ba\\\/?s={search_term_string}\"},\"query-input\":{\"@type\":\"PropertyValueSpecification\",\"valueRequired\":true,\"valueName\":\"search_term_string\"}}],\"inLanguage\":\"hr\"},{\"@type\":\"Organization\",\"@id\":\"https:\\\/\\\/radioljubuski.ba\\\/#organization\",\"name\":\"Radio Ljubu\u0161ki\",\"url\":\"https:\\\/\\\/radioljubuski.ba\\\/\",\"logo\":{\"@type\":\"ImageObject\",\"inLanguage\":\"hr\",\"@id\":\"https:\\\/\\\/radioljubuski.ba\\\/#\\\/schema\\\/logo\\\/image\\\/\",\"url\":\"https:\\\/\\\/radioljubuski.ba\\\/wp-content\\\/uploads\\\/2021\\\/02\\\/cropped-Radio_Ljubuski_logo1.jpg\",\"contentUrl\":\"https:\\\/\\\/radioljubuski.ba\\\/wp-content\\\/uploads\\\/2021\\\/02\\\/cropped-Radio_Ljubuski_logo1.jpg\",\"width\":512,\"height\":512,\"caption\":\"Radio Ljubu\u0161ki\"},\"image\":{\"@id\":\"https:\\\/\\\/radioljubuski.ba\\\/#\\\/schema\\\/logo\\\/image\\\/\"},\"sameAs\":[\"https:\\\/\\\/www.facebook.com\\\/Radiio-Ljubuski-1490835324566332\",\"https:\\\/\\\/x.com\\\/radioljubuski\",\"https:\\\/\\\/hr.linkedin.com\\\/company\\\/radio-ljubuski\",\"https:\\\/\\\/www.youtube.com\\\/channel\\\/UCHYaeO_n0Db3tjNGudGpXyw\"]},{\"@type\":\"Person\",\"@id\":\"https:\\\/\\\/radioljubuski.ba\\\/#\\\/schema\\\/person\\\/19fc700381a780f69665d7956c469e3b\",\"name\":\"Radio Ljubu\u0161ki\"}]}<\/script>\n<!-- \/ Yoast SEO plugin. -->","yoast_head_json":{"title":"\u201cSlu\u010dajna\u201d posveta Akiju: Poslu\u0161ajte \u201cLjubavnu\u201d u izvedbi Darija \u0160unji\u0107a i Party Banda - RADIO LJUBU\u0160KI","robots":{"index":"index","follow":"follow","max-snippet":"max-snippet:-1","max-image-preview":"max-image-preview:large","max-video-preview":"max-video-preview:-1"},"canonical":"https:\/\/radioljubuski.ba\/index.php\/2022\/03\/04\/slucajna-posveta-akiju-poslusajte-ljubavnu-u-izvedbi-darija-sunjica-i-party-banda\/","og_locale":"hr_HR","og_type":"article","og_title":"\u201cSlu\u010dajna\u201d posveta Akiju: Poslu\u0161ajte \u201cLjubavnu\u201d u izvedbi Darija \u0160unji\u0107a i Party Banda - RADIO LJUBU\u0160KI","og_description":"Mostarski glazbenik Dario \u0160unji\u0107 objavio je novi cover. \u0160unji\u0107 i Party Band obradili su&nbsp;popularnu pjesmu \u201cLjubavna\u201d&nbsp;od Parnog Valjka. Ispalo je&nbsp;kao posveta Akiju iako to nije bila namjera&nbsp;jer smo je snimili u studiju tjedan dana prije njegove smrti,&nbsp;kazao je \u0160unji\u0107 za portal&nbsp;Jabuka.tv. Izvedbu poslu\u0161ajte u nastavku: \/HMS\/","og_url":"https:\/\/radioljubuski.ba\/index.php\/2022\/03\/04\/slucajna-posveta-akiju-poslusajte-ljubavnu-u-izvedbi-darija-sunjica-i-party-banda\/","og_site_name":"RADIO LJUBU\u0160KI","article_publisher":"https:\/\/www.facebook.com\/Radiio-Ljubuski-1490835324566332","article_published_time":"2022-03-04T00:38:14+00:00","article_modified_time":"2022-03-04T00:38:16+00:00","og_image":[{"width":810,"height":496,"url":"https:\/\/radioljubuski.ba\/wp-content\/uploads\/2022\/03\/sunjic.jpg","type":"image\/jpeg"}],"author":"Radio Ljubu\u0161ki","twitter_card":"summary_large_image","twitter_creator":"@radioljubuski","twitter_site":"@radioljubuski","twitter_misc":{"Napisao\/la":"Radio Ljubu\u0161ki","Procijenjeno vrijeme \u010ditanja":"1 minuta"},"schema":{"@context":"https:\/\/schema.org","@graph":[{"@type":"Article","@id":"https:\/\/radioljubuski.ba\/index.php\/2022\/03\/04\/slucajna-posveta-akiju-poslusajte-ljubavnu-u-izvedbi-darija-sunjica-i-party-banda\/#article","isPartOf":{"@id":"https:\/\/radioljubuski.ba\/index.php\/2022\/03\/04\/slucajna-posveta-akiju-poslusajte-ljubavnu-u-izvedbi-darija-sunjica-i-party-banda\/"},"author":{"name":"Radio Ljubu\u0161ki","@id":"https:\/\/radioljubuski.ba\/#\/schema\/person\/19fc700381a780f69665d7956c469e3b"},"headline":"\u201cSlu\u010dajna\u201d posveta Akiju: Poslu\u0161ajte \u201cLjubavnu\u201d u izvedbi Darija \u0160unji\u0107a i Party Banda","datePublished":"2022-03-04T00:38:14+00:00","dateModified":"2022-03-04T00:38:16+00:00","mainEntityOfPage":{"@id":"https:\/\/radioljubuski.ba\/index.php\/2022\/03\/04\/slucajna-posveta-akiju-poslusajte-ljubavnu-u-izvedbi-darija-sunjica-i-party-banda\/"},"wordCount":84,"publisher":{"@id":"https:\/\/radioljubuski.ba\/#organization"},"image":{"@id":"https:\/\/radioljubuski.ba\/index.php\/2022\/03\/04\/slucajna-posveta-akiju-poslusajte-ljubavnu-u-izvedbi-darija-sunjica-i-party-banda\/#primaryimage"},"thumbnailUrl":"https:\/\/radioljubuski.ba\/wp-content\/uploads\/2022\/03\/sunjic.jpg","articleSection":["BIH i regija"],"inLanguage":"hr"},{"@type":"WebPage","@id":"https:\/\/radioljubuski.ba\/index.php\/2022\/03\/04\/slucajna-posveta-akiju-poslusajte-ljubavnu-u-izvedbi-darija-sunjica-i-party-banda\/","url":"https:\/\/radioljubuski.ba\/index.php\/2022\/03\/04\/slucajna-posveta-akiju-poslusajte-ljubavnu-u-izvedbi-darija-sunjica-i-party-banda\/","name":"\u201cSlu\u010dajna\u201d posveta Akiju: Poslu\u0161ajte \u201cLjubavnu\u201d u izvedbi Darija \u0160unji\u0107a i Party Banda - RADIO LJUBU\u0160KI","isPartOf":{"@id":"https:\/\/radioljubuski.ba\/#website"},"primaryImageOfPage":{"@id":"https:\/\/radioljubuski.ba\/index.php\/2022\/03\/04\/slucajna-posveta-akiju-poslusajte-ljubavnu-u-izvedbi-darija-sunjica-i-party-banda\/#primaryimage"},"image":{"@id":"https:\/\/radioljubuski.ba\/index.php\/2022\/03\/04\/slucajna-posveta-akiju-poslusajte-ljubavnu-u-izvedbi-darija-sunjica-i-party-banda\/#primaryimage"},"thumbnailUrl":"https:\/\/radioljubuski.ba\/wp-content\/uploads\/2022\/03\/sunjic.jpg","datePublished":"2022-03-04T00:38:14+00:00","dateModified":"2022-03-04T00:38:16+00:00","breadcrumb":{"@id":"https:\/\/radioljubuski.ba\/index.php\/2022\/03\/04\/slucajna-posveta-akiju-poslusajte-ljubavnu-u-izvedbi-darija-sunjica-i-party-banda\/#breadcrumb"},"inLanguage":"hr","potentialAction":[{"@type":"ReadAction","target":["https:\/\/radioljubuski.ba\/index.php\/2022\/03\/04\/slucajna-posveta-akiju-poslusajte-ljubavnu-u-izvedbi-darija-sunjica-i-party-banda\/"]}]},{"@type":"ImageObject","inLanguage":"hr","@id":"https:\/\/radioljubuski.ba\/index.php\/2022\/03\/04\/slucajna-posveta-akiju-poslusajte-ljubavnu-u-izvedbi-darija-sunjica-i-party-banda\/#primaryimage","url":"https:\/\/radioljubuski.ba\/wp-content\/uploads\/2022\/03\/sunjic.jpg","contentUrl":"https:\/\/radioljubuski.ba\/wp-content\/uploads\/2022\/03\/sunjic.jpg","width":810,"height":496},{"@type":"BreadcrumbList","@id":"https:\/\/radioljubuski.ba\/index.php\/2022\/03\/04\/slucajna-posveta-akiju-poslusajte-ljubavnu-u-izvedbi-darija-sunjica-i-party-banda\/#breadcrumb","itemListElement":[{"@type":"ListItem","position":1,"name":"Po\u010detna stranica","item":"https:\/\/radioljubuski.ba\/"},{"@type":"ListItem","position":2,"name":"\u201cSlu\u010dajna\u201d posveta Akiju: Poslu\u0161ajte \u201cLjubavnu\u201d u izvedbi Darija \u0160unji\u0107a i Party Banda"}]},{"@type":"WebSite","@id":"https:\/\/radioljubuski.ba\/#website","url":"https:\/\/radioljubuski.ba\/","name":"Radio Ljubu\u0161ki","description":"Sun\u010dana frekvencija Hercegovine","publisher":{"@id":"https:\/\/radioljubuski.ba\/#organization"},"potentialAction":[{"@type":"SearchAction","target":{"@type":"EntryPoint","urlTemplate":"https:\/\/radioljubuski.ba\/?s={search_term_string}"},"query-input":{"@type":"PropertyValueSpecification","valueRequired":true,"valueName":"search_term_string"}}],"inLanguage":"hr"},{"@type":"Organization","@id":"https:\/\/radioljubuski.ba\/#organization","name":"Radio Ljubu\u0161ki","url":"https:\/\/radioljubuski.ba\/","logo":{"@type":"ImageObject","inLanguage":"hr","@id":"https:\/\/radioljubuski.ba\/#\/schema\/logo\/image\/","url":"https:\/\/radioljubuski.ba\/wp-content\/uploads\/2021\/02\/cropped-Radio_Ljubuski_logo1.jpg","contentUrl":"https:\/\/radioljubuski.ba\/wp-content\/uploads\/2021\/02\/cropped-Radio_Ljubuski_logo1.jpg","width":512,"height":512,"caption":"Radio Ljubu\u0161ki"},"image":{"@id":"https:\/\/radioljubuski.ba\/#\/schema\/logo\/image\/"},"sameAs":["https:\/\/www.facebook.com\/Radiio-Ljubuski-1490835324566332","https:\/\/x.com\/radioljubuski","https:\/\/hr.linkedin.com\/company\/radio-ljubuski","https:\/\/www.youtube.com\/channel\/UCHYaeO_n0Db3tjNGudGpXyw"]},{"@type":"Person","@id":"https:\/\/radioljubuski.ba\/#\/schema\/person\/19fc700381a780f69665d7956c469e3b","name":"Radio Ljubu\u0161ki"}]}},"_links":{"self":[{"href":"https:\/\/radioljubuski.ba\/index.php\/wp-json\/wp\/v2\/posts\/117995","targetHints":{"allow":["GET"]}}],"collection":[{"href":"https:\/\/radioljubuski.ba\/index.php\/wp-json\/wp\/v2\/posts"}],"about":[{"href":"https:\/\/radioljubuski.ba\/index.php\/wp-json\/wp\/v2\/types\/post"}],"author":[{"embeddable":true,"href":"https:\/\/radioljubuski.ba\/index.php\/wp-json\/wp\/v2\/users\/2"}],"replies":[{"embeddable":true,"href":"https:\/\/radioljubuski.ba\/index.php\/wp-json\/wp\/v2\/comments?post=117995"}],"version-history":[{"count":1,"href":"https:\/\/radioljubuski.ba\/index.php\/wp-json\/wp\/v2\/posts\/117995\/revisions"}],"predecessor-version":[{"id":117997,"href":"https:\/\/radioljubuski.ba\/index.php\/wp-json\/wp\/v2\/posts\/117995\/revisions\/117997"}],"wp:featuredmedia":[{"embeddable":true,"href":"https:\/\/radioljubuski.ba\/index.php\/wp-json\/wp\/v2\/media\/117996"}],"wp:attachment":[{"href":"https:\/\/radioljubuski.ba\/index.php\/wp-json\/wp\/v2\/media?parent=117995"}],"wp:term":[{"taxonomy":"category","embeddable":true,"href":"https:\/\/radioljubuski.ba\/index.php\/wp-json\/wp\/v2\/categories?post=117995"},{"taxonomy":"post_tag","embeddable":true,"href":"https:\/\/radioljubuski.ba\/index.php\/wp-json\/wp\/v2\/tags?post=117995"}],"curies":[{"name":"wp","href":"https:\/\/api.w.org\/{rel}","templated":true}]}}