{"id":118032,"date":"2022-03-04T11:02:49","date_gmt":"2022-03-04T10:02:49","guid":{"rendered":"https:\/\/radioljubuski.ba\/?p=118032"},"modified":"2022-03-09T18:19:04","modified_gmt":"2022-03-09T17:19:04","slug":"obavijest-poljoprivrednicima-u-zzh-vezana-za-poticaje","status":"publish","type":"post","link":"https:\/\/radioljubuski.ba\/index.php\/2022\/03\/04\/obavijest-poljoprivrednicima-u-zzh-vezana-za-poticaje\/","title":{"rendered":"Obavijest poljoprivrednicima u \u017dZH vezana za poticaje"},"content":{"rendered":"\n<p>Sukladno Odluci o dono\u0161enju programa utro\u0161ka sredstava \u201cTeku\u0107i prijenosi za poticaje u poljoprivrednoj proizvodnji i ruralnom razvitku\u201d utvr\u0111enih Prora\u010dunom \u017dupanije Zapadnohercegova\u010dke za 2022. godinu klijenti koji namjeravaju ostvariti pravo na \u017dupanijske nov\u010dane potpore za 2022. godinu obavezni su prijaviti proizvodnju \u017dupanijskom Zavodu za poljoprivredu u Ljubu\u0161kom ili \u0160irokom Brijegu ili Ministarstvu gospodarstva u Posu\u0161ju.<\/p>\n\n\n\n<p>Za proizvodnje:<br>\u2013 Uzgoj muznih krava do 25.03.2022. godine<br>\u2013 Dr\u017eanje p\u010delinjih dru\u0161tava do 18.03.2022. godine<br>\u2013 Uzgoj rasplodnih krma\u010da do 31.03.2022. godine<br>\u2013 Proizvodnju povr\u0107a do 31.03.2022. godine<br>\u2013 Proizvodnju u plastenicima\/staklenicima do 31.03.2022. godine<\/p>\n\n\n\n<p>Detaljnije na ovoj&nbsp;<a href=\"http:\/\/zavodzapoljoprivredu-zzh.com\/wp-content\/uploads\/2022\/03\/Program-za-poljoprivredu-ZZH-2022-1.doc\" rel=\"noreferrer noopener\" target=\"_blank\">POVEZNICI<\/a>.<\/p>\n\n\n\n<p><strong>Vrisak.info<\/strong><\/p>\n","protected":false},"excerpt":{"rendered":"<p>Sukladno Odluci o dono\u0161enju programa utro\u0161ka sredstava \u201cTeku\u0107i prijenosi za poticaje u poljoprivrednoj proizvodnji i ruralnom razvitku\u201d utvr\u0111enih Prora\u010dunom \u017dupanije Zapadnohercegova\u010dke za 2022. godinu klijenti koji namjeravaju ostvariti pravo na \u017dupanijske nov\u010dane potpore za 2022. godinu obavezni su prijaviti proizvodnju \u017dupanijskom Zavodu za poljoprivredu u Ljubu\u0161kom ili \u0160irokom Brijegu ili Ministarstvu gospodarstva u Posu\u0161ju. Za [&hellip;]<\/p>\n","protected":false},"author":2,"featured_media":30800,"comment_status":"closed","ping_status":"closed","sticky":false,"template":"","format":"standard","meta":{"h5ap_radio_sources":[],"footnotes":""},"categories":[1],"tags":[],"class_list":["post-118032","post","type-post","status-publish","format-standard","has-post-thumbnail","hentry","category-bihiregija"],"yoast_head":"<!-- This site is optimized with the Yoast SEO plugin v27.5 - https:\/\/yoast.com\/product\/yoast-seo-wordpress\/ -->\n<title>Obavijest poljoprivrednicima u \u017dZH vezana za poticaje - RADIO LJUBU\u0160KI<\/title>\n<meta name=\"robots\" content=\"index, follow, max-snippet:-1, max-image-preview:large, max-video-preview:-1\" \/>\n<link rel=\"canonical\" href=\"https:\/\/radioljubuski.ba\/index.php\/2022\/03\/04\/obavijest-poljoprivrednicima-u-zzh-vezana-za-poticaje\/\" \/>\n<meta property=\"og:locale\" content=\"hr_HR\" \/>\n<meta property=\"og:type\" content=\"article\" \/>\n<meta property=\"og:title\" content=\"Obavijest poljoprivrednicima u \u017dZH vezana za poticaje - RADIO LJUBU\u0160KI\" \/>\n<meta property=\"og:description\" content=\"Sukladno Odluci o dono\u0161enju programa utro\u0161ka sredstava \u201cTeku\u0107i prijenosi za poticaje u poljoprivrednoj proizvodnji i ruralnom razvitku\u201d utvr\u0111enih Prora\u010dunom \u017dupanije Zapadnohercegova\u010dke za 2022. godinu klijenti koji namjeravaju ostvariti pravo na \u017dupanijske nov\u010dane potpore za 2022. godinu obavezni su prijaviti proizvodnju \u017dupanijskom Zavodu za poljoprivredu u Ljubu\u0161kom ili \u0160irokom Brijegu ili Ministarstvu gospodarstva u Posu\u0161ju. Za [&hellip;]\" \/>\n<meta property=\"og:url\" content=\"https:\/\/radioljubuski.ba\/index.php\/2022\/03\/04\/obavijest-poljoprivrednicima-u-zzh-vezana-za-poticaje\/\" \/>\n<meta property=\"og:site_name\" content=\"RADIO LJUBU\u0160KI\" \/>\n<meta property=\"article:publisher\" content=\"https:\/\/www.facebook.com\/Radiio-Ljubuski-1490835324566332\" \/>\n<meta property=\"article:published_time\" content=\"2022-03-04T10:02:49+00:00\" \/>\n<meta property=\"article:modified_time\" content=\"2022-03-09T17:19:04+00:00\" \/>\n<meta property=\"og:image\" content=\"https:\/\/radioljubuski.ba\/wp-content\/uploads\/2021\/06\/EoSnTM8p_poljoprivreda.jpg\" \/>\n\t<meta property=\"og:image:width\" content=\"1000\" \/>\n\t<meta property=\"og:image:height\" content=\"625\" \/>\n\t<meta property=\"og:image:type\" content=\"image\/jpeg\" \/>\n<meta name=\"author\" content=\"Radio Ljubu\u0161ki\" \/>\n<meta name=\"twitter:card\" content=\"summary_large_image\" \/>\n<meta name=\"twitter:creator\" content=\"@radioljubuski\" \/>\n<meta name=\"twitter:site\" content=\"@radioljubuski\" \/>\n<meta name=\"twitter:label1\" content=\"Napisao\/la\" \/>\n\t<meta name=\"twitter:data1\" content=\"Radio Ljubu\u0161ki\" \/>\n\t<meta name=\"twitter:label2\" content=\"Procijenjeno vrijeme \u010ditanja\" \/>\n\t<meta name=\"twitter:data2\" content=\"1 minuta\" \/>\n<script type=\"application\/ld+json\" class=\"yoast-schema-graph\">{\"@context\":\"https:\\\/\\\/schema.org\",\"@graph\":[{\"@type\":\"Article\",\"@id\":\"https:\\\/\\\/radioljubuski.ba\\\/index.php\\\/2022\\\/03\\\/04\\\/obavijest-poljoprivrednicima-u-zzh-vezana-za-poticaje\\\/#article\",\"isPartOf\":{\"@id\":\"https:\\\/\\\/radioljubuski.ba\\\/index.php\\\/2022\\\/03\\\/04\\\/obavijest-poljoprivrednicima-u-zzh-vezana-za-poticaje\\\/\"},\"author\":{\"name\":\"Radio Ljubu\u0161ki\",\"@id\":\"https:\\\/\\\/radioljubuski.ba\\\/#\\\/schema\\\/person\\\/19fc700381a780f69665d7956c469e3b\"},\"headline\":\"Obavijest poljoprivrednicima u \u017dZH vezana za poticaje\",\"datePublished\":\"2022-03-04T10:02:49+00:00\",\"dateModified\":\"2022-03-09T17:19:04+00:00\",\"mainEntityOfPage\":{\"@id\":\"https:\\\/\\\/radioljubuski.ba\\\/index.php\\\/2022\\\/03\\\/04\\\/obavijest-poljoprivrednicima-u-zzh-vezana-za-poticaje\\\/\"},\"wordCount\":107,\"publisher\":{\"@id\":\"https:\\\/\\\/radioljubuski.ba\\\/#organization\"},\"image\":{\"@id\":\"https:\\\/\\\/radioljubuski.ba\\\/index.php\\\/2022\\\/03\\\/04\\\/obavijest-poljoprivrednicima-u-zzh-vezana-za-poticaje\\\/#primaryimage\"},\"thumbnailUrl\":\"https:\\\/\\\/radioljubuski.ba\\\/wp-content\\\/uploads\\\/2021\\\/06\\\/EoSnTM8p_poljoprivreda.jpg\",\"articleSection\":[\"BIH i regija\"],\"inLanguage\":\"hr\"},{\"@type\":\"WebPage\",\"@id\":\"https:\\\/\\\/radioljubuski.ba\\\/index.php\\\/2022\\\/03\\\/04\\\/obavijest-poljoprivrednicima-u-zzh-vezana-za-poticaje\\\/\",\"url\":\"https:\\\/\\\/radioljubuski.ba\\\/index.php\\\/2022\\\/03\\\/04\\\/obavijest-poljoprivrednicima-u-zzh-vezana-za-poticaje\\\/\",\"name\":\"Obavijest poljoprivrednicima u \u017dZH vezana za poticaje - RADIO LJUBU\u0160KI\",\"isPartOf\":{\"@id\":\"https:\\\/\\\/radioljubuski.ba\\\/#website\"},\"primaryImageOfPage\":{\"@id\":\"https:\\\/\\\/radioljubuski.ba\\\/index.php\\\/2022\\\/03\\\/04\\\/obavijest-poljoprivrednicima-u-zzh-vezana-za-poticaje\\\/#primaryimage\"},\"image\":{\"@id\":\"https:\\\/\\\/radioljubuski.ba\\\/index.php\\\/2022\\\/03\\\/04\\\/obavijest-poljoprivrednicima-u-zzh-vezana-za-poticaje\\\/#primaryimage\"},\"thumbnailUrl\":\"https:\\\/\\\/radioljubuski.ba\\\/wp-content\\\/uploads\\\/2021\\\/06\\\/EoSnTM8p_poljoprivreda.jpg\",\"datePublished\":\"2022-03-04T10:02:49+00:00\",\"dateModified\":\"2022-03-09T17:19:04+00:00\",\"breadcrumb\":{\"@id\":\"https:\\\/\\\/radioljubuski.ba\\\/index.php\\\/2022\\\/03\\\/04\\\/obavijest-poljoprivrednicima-u-zzh-vezana-za-poticaje\\\/#breadcrumb\"},\"inLanguage\":\"hr\",\"potentialAction\":[{\"@type\":\"ReadAction\",\"target\":[\"https:\\\/\\\/radioljubuski.ba\\\/index.php\\\/2022\\\/03\\\/04\\\/obavijest-poljoprivrednicima-u-zzh-vezana-za-poticaje\\\/\"]}]},{\"@type\":\"ImageObject\",\"inLanguage\":\"hr\",\"@id\":\"https:\\\/\\\/radioljubuski.ba\\\/index.php\\\/2022\\\/03\\\/04\\\/obavijest-poljoprivrednicima-u-zzh-vezana-za-poticaje\\\/#primaryimage\",\"url\":\"https:\\\/\\\/radioljubuski.ba\\\/wp-content\\\/uploads\\\/2021\\\/06\\\/EoSnTM8p_poljoprivreda.jpg\",\"contentUrl\":\"https:\\\/\\\/radioljubuski.ba\\\/wp-content\\\/uploads\\\/2021\\\/06\\\/EoSnTM8p_poljoprivreda.jpg\",\"width\":1000,\"height\":625},{\"@type\":\"BreadcrumbList\",\"@id\":\"https:\\\/\\\/radioljubuski.ba\\\/index.php\\\/2022\\\/03\\\/04\\\/obavijest-poljoprivrednicima-u-zzh-vezana-za-poticaje\\\/#breadcrumb\",\"itemListElement\":[{\"@type\":\"ListItem\",\"position\":1,\"name\":\"Po\u010detna stranica\",\"item\":\"https:\\\/\\\/radioljubuski.ba\\\/\"},{\"@type\":\"ListItem\",\"position\":2,\"name\":\"Obavijest poljoprivrednicima u \u017dZH vezana za poticaje\"}]},{\"@type\":\"WebSite\",\"@id\":\"https:\\\/\\\/radioljubuski.ba\\\/#website\",\"url\":\"https:\\\/\\\/radioljubuski.ba\\\/\",\"name\":\"Radio Ljubu\u0161ki\",\"description\":\"Sun\u010dana frekvencija Hercegovine\",\"publisher\":{\"@id\":\"https:\\\/\\\/radioljubuski.ba\\\/#organization\"},\"potentialAction\":[{\"@type\":\"SearchAction\",\"target\":{\"@type\":\"EntryPoint\",\"urlTemplate\":\"https:\\\/\\\/radioljubuski.ba\\\/?s={search_term_string}\"},\"query-input\":{\"@type\":\"PropertyValueSpecification\",\"valueRequired\":true,\"valueName\":\"search_term_string\"}}],\"inLanguage\":\"hr\"},{\"@type\":\"Organization\",\"@id\":\"https:\\\/\\\/radioljubuski.ba\\\/#organization\",\"name\":\"Radio Ljubu\u0161ki\",\"url\":\"https:\\\/\\\/radioljubuski.ba\\\/\",\"logo\":{\"@type\":\"ImageObject\",\"inLanguage\":\"hr\",\"@id\":\"https:\\\/\\\/radioljubuski.ba\\\/#\\\/schema\\\/logo\\\/image\\\/\",\"url\":\"https:\\\/\\\/radioljubuski.ba\\\/wp-content\\\/uploads\\\/2021\\\/02\\\/cropped-Radio_Ljubuski_logo1.jpg\",\"contentUrl\":\"https:\\\/\\\/radioljubuski.ba\\\/wp-content\\\/uploads\\\/2021\\\/02\\\/cropped-Radio_Ljubuski_logo1.jpg\",\"width\":512,\"height\":512,\"caption\":\"Radio Ljubu\u0161ki\"},\"image\":{\"@id\":\"https:\\\/\\\/radioljubuski.ba\\\/#\\\/schema\\\/logo\\\/image\\\/\"},\"sameAs\":[\"https:\\\/\\\/www.facebook.com\\\/Radiio-Ljubuski-1490835324566332\",\"https:\\\/\\\/x.com\\\/radioljubuski\",\"https:\\\/\\\/hr.linkedin.com\\\/company\\\/radio-ljubuski\",\"https:\\\/\\\/www.youtube.com\\\/channel\\\/UCHYaeO_n0Db3tjNGudGpXyw\"]},{\"@type\":\"Person\",\"@id\":\"https:\\\/\\\/radioljubuski.ba\\\/#\\\/schema\\\/person\\\/19fc700381a780f69665d7956c469e3b\",\"name\":\"Radio Ljubu\u0161ki\"}]}<\/script>\n<!-- \/ Yoast SEO plugin. -->","yoast_head_json":{"title":"Obavijest poljoprivrednicima u \u017dZH vezana za poticaje - RADIO LJUBU\u0160KI","robots":{"index":"index","follow":"follow","max-snippet":"max-snippet:-1","max-image-preview":"max-image-preview:large","max-video-preview":"max-video-preview:-1"},"canonical":"https:\/\/radioljubuski.ba\/index.php\/2022\/03\/04\/obavijest-poljoprivrednicima-u-zzh-vezana-za-poticaje\/","og_locale":"hr_HR","og_type":"article","og_title":"Obavijest poljoprivrednicima u \u017dZH vezana za poticaje - RADIO LJUBU\u0160KI","og_description":"Sukladno Odluci o dono\u0161enju programa utro\u0161ka sredstava \u201cTeku\u0107i prijenosi za poticaje u poljoprivrednoj proizvodnji i ruralnom razvitku\u201d utvr\u0111enih Prora\u010dunom \u017dupanije Zapadnohercegova\u010dke za 2022. godinu klijenti koji namjeravaju ostvariti pravo na \u017dupanijske nov\u010dane potpore za 2022. godinu obavezni su prijaviti proizvodnju \u017dupanijskom Zavodu za poljoprivredu u Ljubu\u0161kom ili \u0160irokom Brijegu ili Ministarstvu gospodarstva u Posu\u0161ju. Za [&hellip;]","og_url":"https:\/\/radioljubuski.ba\/index.php\/2022\/03\/04\/obavijest-poljoprivrednicima-u-zzh-vezana-za-poticaje\/","og_site_name":"RADIO LJUBU\u0160KI","article_publisher":"https:\/\/www.facebook.com\/Radiio-Ljubuski-1490835324566332","article_published_time":"2022-03-04T10:02:49+00:00","article_modified_time":"2022-03-09T17:19:04+00:00","og_image":[{"width":1000,"height":625,"url":"https:\/\/radioljubuski.ba\/wp-content\/uploads\/2021\/06\/EoSnTM8p_poljoprivreda.jpg","type":"image\/jpeg"}],"author":"Radio Ljubu\u0161ki","twitter_card":"summary_large_image","twitter_creator":"@radioljubuski","twitter_site":"@radioljubuski","twitter_misc":{"Napisao\/la":"Radio Ljubu\u0161ki","Procijenjeno vrijeme \u010ditanja":"1 minuta"},"schema":{"@context":"https:\/\/schema.org","@graph":[{"@type":"Article","@id":"https:\/\/radioljubuski.ba\/index.php\/2022\/03\/04\/obavijest-poljoprivrednicima-u-zzh-vezana-za-poticaje\/#article","isPartOf":{"@id":"https:\/\/radioljubuski.ba\/index.php\/2022\/03\/04\/obavijest-poljoprivrednicima-u-zzh-vezana-za-poticaje\/"},"author":{"name":"Radio Ljubu\u0161ki","@id":"https:\/\/radioljubuski.ba\/#\/schema\/person\/19fc700381a780f69665d7956c469e3b"},"headline":"Obavijest poljoprivrednicima u \u017dZH vezana za poticaje","datePublished":"2022-03-04T10:02:49+00:00","dateModified":"2022-03-09T17:19:04+00:00","mainEntityOfPage":{"@id":"https:\/\/radioljubuski.ba\/index.php\/2022\/03\/04\/obavijest-poljoprivrednicima-u-zzh-vezana-za-poticaje\/"},"wordCount":107,"publisher":{"@id":"https:\/\/radioljubuski.ba\/#organization"},"image":{"@id":"https:\/\/radioljubuski.ba\/index.php\/2022\/03\/04\/obavijest-poljoprivrednicima-u-zzh-vezana-za-poticaje\/#primaryimage"},"thumbnailUrl":"https:\/\/radioljubuski.ba\/wp-content\/uploads\/2021\/06\/EoSnTM8p_poljoprivreda.jpg","articleSection":["BIH i regija"],"inLanguage":"hr"},{"@type":"WebPage","@id":"https:\/\/radioljubuski.ba\/index.php\/2022\/03\/04\/obavijest-poljoprivrednicima-u-zzh-vezana-za-poticaje\/","url":"https:\/\/radioljubuski.ba\/index.php\/2022\/03\/04\/obavijest-poljoprivrednicima-u-zzh-vezana-za-poticaje\/","name":"Obavijest poljoprivrednicima u \u017dZH vezana za poticaje - RADIO LJUBU\u0160KI","isPartOf":{"@id":"https:\/\/radioljubuski.ba\/#website"},"primaryImageOfPage":{"@id":"https:\/\/radioljubuski.ba\/index.php\/2022\/03\/04\/obavijest-poljoprivrednicima-u-zzh-vezana-za-poticaje\/#primaryimage"},"image":{"@id":"https:\/\/radioljubuski.ba\/index.php\/2022\/03\/04\/obavijest-poljoprivrednicima-u-zzh-vezana-za-poticaje\/#primaryimage"},"thumbnailUrl":"https:\/\/radioljubuski.ba\/wp-content\/uploads\/2021\/06\/EoSnTM8p_poljoprivreda.jpg","datePublished":"2022-03-04T10:02:49+00:00","dateModified":"2022-03-09T17:19:04+00:00","breadcrumb":{"@id":"https:\/\/radioljubuski.ba\/index.php\/2022\/03\/04\/obavijest-poljoprivrednicima-u-zzh-vezana-za-poticaje\/#breadcrumb"},"inLanguage":"hr","potentialAction":[{"@type":"ReadAction","target":["https:\/\/radioljubuski.ba\/index.php\/2022\/03\/04\/obavijest-poljoprivrednicima-u-zzh-vezana-za-poticaje\/"]}]},{"@type":"ImageObject","inLanguage":"hr","@id":"https:\/\/radioljubuski.ba\/index.php\/2022\/03\/04\/obavijest-poljoprivrednicima-u-zzh-vezana-za-poticaje\/#primaryimage","url":"https:\/\/radioljubuski.ba\/wp-content\/uploads\/2021\/06\/EoSnTM8p_poljoprivreda.jpg","contentUrl":"https:\/\/radioljubuski.ba\/wp-content\/uploads\/2021\/06\/EoSnTM8p_poljoprivreda.jpg","width":1000,"height":625},{"@type":"BreadcrumbList","@id":"https:\/\/radioljubuski.ba\/index.php\/2022\/03\/04\/obavijest-poljoprivrednicima-u-zzh-vezana-za-poticaje\/#breadcrumb","itemListElement":[{"@type":"ListItem","position":1,"name":"Po\u010detna stranica","item":"https:\/\/radioljubuski.ba\/"},{"@type":"ListItem","position":2,"name":"Obavijest poljoprivrednicima u \u017dZH vezana za poticaje"}]},{"@type":"WebSite","@id":"https:\/\/radioljubuski.ba\/#website","url":"https:\/\/radioljubuski.ba\/","name":"Radio Ljubu\u0161ki","description":"Sun\u010dana frekvencija Hercegovine","publisher":{"@id":"https:\/\/radioljubuski.ba\/#organization"},"potentialAction":[{"@type":"SearchAction","target":{"@type":"EntryPoint","urlTemplate":"https:\/\/radioljubuski.ba\/?s={search_term_string}"},"query-input":{"@type":"PropertyValueSpecification","valueRequired":true,"valueName":"search_term_string"}}],"inLanguage":"hr"},{"@type":"Organization","@id":"https:\/\/radioljubuski.ba\/#organization","name":"Radio Ljubu\u0161ki","url":"https:\/\/radioljubuski.ba\/","logo":{"@type":"ImageObject","inLanguage":"hr","@id":"https:\/\/radioljubuski.ba\/#\/schema\/logo\/image\/","url":"https:\/\/radioljubuski.ba\/wp-content\/uploads\/2021\/02\/cropped-Radio_Ljubuski_logo1.jpg","contentUrl":"https:\/\/radioljubuski.ba\/wp-content\/uploads\/2021\/02\/cropped-Radio_Ljubuski_logo1.jpg","width":512,"height":512,"caption":"Radio Ljubu\u0161ki"},"image":{"@id":"https:\/\/radioljubuski.ba\/#\/schema\/logo\/image\/"},"sameAs":["https:\/\/www.facebook.com\/Radiio-Ljubuski-1490835324566332","https:\/\/x.com\/radioljubuski","https:\/\/hr.linkedin.com\/company\/radio-ljubuski","https:\/\/www.youtube.com\/channel\/UCHYaeO_n0Db3tjNGudGpXyw"]},{"@type":"Person","@id":"https:\/\/radioljubuski.ba\/#\/schema\/person\/19fc700381a780f69665d7956c469e3b","name":"Radio Ljubu\u0161ki"}]}},"_links":{"self":[{"href":"https:\/\/radioljubuski.ba\/index.php\/wp-json\/wp\/v2\/posts\/118032","targetHints":{"allow":["GET"]}}],"collection":[{"href":"https:\/\/radioljubuski.ba\/index.php\/wp-json\/wp\/v2\/posts"}],"about":[{"href":"https:\/\/radioljubuski.ba\/index.php\/wp-json\/wp\/v2\/types\/post"}],"author":[{"embeddable":true,"href":"https:\/\/radioljubuski.ba\/index.php\/wp-json\/wp\/v2\/users\/2"}],"replies":[{"embeddable":true,"href":"https:\/\/radioljubuski.ba\/index.php\/wp-json\/wp\/v2\/comments?post=118032"}],"version-history":[{"count":1,"href":"https:\/\/radioljubuski.ba\/index.php\/wp-json\/wp\/v2\/posts\/118032\/revisions"}],"predecessor-version":[{"id":118033,"href":"https:\/\/radioljubuski.ba\/index.php\/wp-json\/wp\/v2\/posts\/118032\/revisions\/118033"}],"wp:featuredmedia":[{"embeddable":true,"href":"https:\/\/radioljubuski.ba\/index.php\/wp-json\/wp\/v2\/media\/30800"}],"wp:attachment":[{"href":"https:\/\/radioljubuski.ba\/index.php\/wp-json\/wp\/v2\/media?parent=118032"}],"wp:term":[{"taxonomy":"category","embeddable":true,"href":"https:\/\/radioljubuski.ba\/index.php\/wp-json\/wp\/v2\/categories?post=118032"},{"taxonomy":"post_tag","embeddable":true,"href":"https:\/\/radioljubuski.ba\/index.php\/wp-json\/wp\/v2\/tags?post=118032"}],"curies":[{"name":"wp","href":"https:\/\/api.w.org\/{rel}","templated":true}]}}