{"id":118042,"date":"2022-03-04T11:10:15","date_gmt":"2022-03-04T10:10:15","guid":{"rendered":"https:\/\/radioljubuski.ba\/?p=118042"},"modified":"2022-03-04T11:10:16","modified_gmt":"2022-03-04T10:10:16","slug":"hrvati-podigli-vise-od-200-milijuna-eura-iz-sberbanke-za-dva-dana","status":"publish","type":"post","link":"https:\/\/radioljubuski.ba\/index.php\/2022\/03\/04\/hrvati-podigli-vise-od-200-milijuna-eura-iz-sberbanke-za-dva-dana\/","title":{"rendered":"Hrvati podigli vi\u0161e od 200 milijuna eura iz Sberbanke za dva dana"},"content":{"rendered":"\n<p>Guverner Hrvatske narodne banke Boris Vuj\u010di\u0107 izjavio je da su gra\u0111ani u toj zemlji podigli vi\u0161e od 200 miliona eura iz Sberbanke u roku od dva dana.<\/p>\n\n\n\n<p>Hrvati su po\u010deli podizati novac nakon upozorenja Europske centralne banke da \u0107e podru\u017enice ruske banke u Hrvatskoj, Sloveniji i Austriji vjerovatno propasti.<\/p>\n\n\n\n<p>Povod za alarmantno upozorenje ECB bio je ogroman odliv depozita klijenata Sberbanke nakon uvo\u0111enja zapadnih sankcija Rusiji zbog napada na Ukrajinu, koji je ugrozio likvidnost i doveo u pitanje izmirivanje njenih dugova podru\u017enica u pomenutim zemljama.<\/p>\n\n\n\n<p>Vuj\u010di\u0107 je, gostuju\u0107i na jednoj hrvatskoj televiziji, rekao da situacija potpuno smirila nakon \u0161to je Hrvatska po\u0161tanska banka pristala da kupi Sberbanku Hrvatska.<\/p>\n\n\n\n<p>On je odbacio komentare da se radi o nacionalizaciji Sberbanke, navode\u0107i da se radi o drugom postupku, pravnom, a ne tr\u017ei\u0161nom.<\/p>\n\n\n\n<p>Na pitanje kako \u0107e se ta akvizicija odraziti na proces uvo\u0111enja eura u Hrvatsku, Vuj\u010di\u0107 je odgovorio da su pripreme za euro izuzetno zahtjevne, pa \u0107e spajanje ovih banaka biti u potpunosti sprovedeno nakon zvani\u010dnog uvo\u0111enja zajedni\u010dke valute eurozone.<\/p>\n\n\n\n<p>Izvor:pogled.ba<\/p>\n","protected":false},"excerpt":{"rendered":"<p>Guverner Hrvatske narodne banke Boris Vuj\u010di\u0107 izjavio je da su gra\u0111ani u toj zemlji podigli vi\u0161e od 200 miliona eura iz Sberbanke u roku od dva dana. Hrvati su po\u010deli podizati novac nakon upozorenja Europske centralne banke da \u0107e podru\u017enice ruske banke u Hrvatskoj, Sloveniji i Austriji vjerovatno propasti. Povod za alarmantno upozorenje ECB bio [&hellip;]<\/p>\n","protected":false},"author":2,"featured_media":117898,"comment_status":"closed","ping_status":"closed","sticky":false,"template":"","format":"standard","meta":{"h5ap_radio_sources":[],"footnotes":""},"categories":[1],"tags":[],"class_list":["post-118042","post","type-post","status-publish","format-standard","has-post-thumbnail","hentry","category-bihiregija"],"yoast_head":"<!-- This site is optimized with the Yoast SEO plugin v27.5 - https:\/\/yoast.com\/product\/yoast-seo-wordpress\/ -->\n<title>Hrvati podigli vi\u0161e od 200 milijuna eura iz Sberbanke za dva dana - RADIO LJUBU\u0160KI<\/title>\n<meta name=\"robots\" content=\"index, follow, max-snippet:-1, max-image-preview:large, max-video-preview:-1\" \/>\n<link rel=\"canonical\" href=\"https:\/\/radioljubuski.ba\/index.php\/2022\/03\/04\/hrvati-podigli-vise-od-200-milijuna-eura-iz-sberbanke-za-dva-dana\/\" \/>\n<meta property=\"og:locale\" content=\"hr_HR\" \/>\n<meta property=\"og:type\" content=\"article\" \/>\n<meta property=\"og:title\" content=\"Hrvati podigli vi\u0161e od 200 milijuna eura iz Sberbanke za dva dana - RADIO LJUBU\u0160KI\" \/>\n<meta property=\"og:description\" content=\"Guverner Hrvatske narodne banke Boris Vuj\u010di\u0107 izjavio je da su gra\u0111ani u toj zemlji podigli vi\u0161e od 200 miliona eura iz Sberbanke u roku od dva dana. Hrvati su po\u010deli podizati novac nakon upozorenja Europske centralne banke da \u0107e podru\u017enice ruske banke u Hrvatskoj, Sloveniji i Austriji vjerovatno propasti. Povod za alarmantno upozorenje ECB bio [&hellip;]\" \/>\n<meta property=\"og:url\" content=\"https:\/\/radioljubuski.ba\/index.php\/2022\/03\/04\/hrvati-podigli-vise-od-200-milijuna-eura-iz-sberbanke-za-dva-dana\/\" \/>\n<meta property=\"og:site_name\" content=\"RADIO LJUBU\u0160KI\" \/>\n<meta property=\"article:publisher\" content=\"https:\/\/www.facebook.com\/Radiio-Ljubuski-1490835324566332\" \/>\n<meta property=\"article:published_time\" content=\"2022-03-04T10:10:15+00:00\" \/>\n<meta property=\"article:modified_time\" content=\"2022-03-04T10:10:16+00:00\" \/>\n<meta property=\"og:image\" content=\"https:\/\/radioljubuski.ba\/wp-content\/uploads\/2022\/03\/7-2022-03-03-18-15-19-sberbankaa.jpg\" \/>\n\t<meta property=\"og:image:width\" content=\"1000\" \/>\n\t<meta property=\"og:image:height\" content=\"625\" \/>\n\t<meta property=\"og:image:type\" content=\"image\/jpeg\" \/>\n<meta name=\"author\" content=\"Radio Ljubu\u0161ki\" \/>\n<meta name=\"twitter:card\" content=\"summary_large_image\" \/>\n<meta name=\"twitter:creator\" content=\"@radioljubuski\" \/>\n<meta name=\"twitter:site\" content=\"@radioljubuski\" \/>\n<meta name=\"twitter:label1\" content=\"Napisao\/la\" \/>\n\t<meta name=\"twitter:data1\" content=\"Radio Ljubu\u0161ki\" \/>\n\t<meta name=\"twitter:label2\" content=\"Procijenjeno vrijeme \u010ditanja\" \/>\n\t<meta name=\"twitter:data2\" content=\"1 minuta\" \/>\n<script type=\"application\/ld+json\" class=\"yoast-schema-graph\">{\"@context\":\"https:\\\/\\\/schema.org\",\"@graph\":[{\"@type\":\"Article\",\"@id\":\"https:\\\/\\\/radioljubuski.ba\\\/index.php\\\/2022\\\/03\\\/04\\\/hrvati-podigli-vise-od-200-milijuna-eura-iz-sberbanke-za-dva-dana\\\/#article\",\"isPartOf\":{\"@id\":\"https:\\\/\\\/radioljubuski.ba\\\/index.php\\\/2022\\\/03\\\/04\\\/hrvati-podigli-vise-od-200-milijuna-eura-iz-sberbanke-za-dva-dana\\\/\"},\"author\":{\"name\":\"Radio Ljubu\u0161ki\",\"@id\":\"https:\\\/\\\/radioljubuski.ba\\\/#\\\/schema\\\/person\\\/19fc700381a780f69665d7956c469e3b\"},\"headline\":\"Hrvati podigli vi\u0161e od 200 milijuna eura iz Sberbanke za dva dana\",\"datePublished\":\"2022-03-04T10:10:15+00:00\",\"dateModified\":\"2022-03-04T10:10:16+00:00\",\"mainEntityOfPage\":{\"@id\":\"https:\\\/\\\/radioljubuski.ba\\\/index.php\\\/2022\\\/03\\\/04\\\/hrvati-podigli-vise-od-200-milijuna-eura-iz-sberbanke-za-dva-dana\\\/\"},\"wordCount\":200,\"publisher\":{\"@id\":\"https:\\\/\\\/radioljubuski.ba\\\/#organization\"},\"image\":{\"@id\":\"https:\\\/\\\/radioljubuski.ba\\\/index.php\\\/2022\\\/03\\\/04\\\/hrvati-podigli-vise-od-200-milijuna-eura-iz-sberbanke-za-dva-dana\\\/#primaryimage\"},\"thumbnailUrl\":\"https:\\\/\\\/radioljubuski.ba\\\/wp-content\\\/uploads\\\/2022\\\/03\\\/7-2022-03-03-18-15-19-sberbankaa.jpg\",\"articleSection\":[\"BIH i regija\"],\"inLanguage\":\"hr\"},{\"@type\":\"WebPage\",\"@id\":\"https:\\\/\\\/radioljubuski.ba\\\/index.php\\\/2022\\\/03\\\/04\\\/hrvati-podigli-vise-od-200-milijuna-eura-iz-sberbanke-za-dva-dana\\\/\",\"url\":\"https:\\\/\\\/radioljubuski.ba\\\/index.php\\\/2022\\\/03\\\/04\\\/hrvati-podigli-vise-od-200-milijuna-eura-iz-sberbanke-za-dva-dana\\\/\",\"name\":\"Hrvati podigli vi\u0161e od 200 milijuna eura iz Sberbanke za dva dana - RADIO LJUBU\u0160KI\",\"isPartOf\":{\"@id\":\"https:\\\/\\\/radioljubuski.ba\\\/#website\"},\"primaryImageOfPage\":{\"@id\":\"https:\\\/\\\/radioljubuski.ba\\\/index.php\\\/2022\\\/03\\\/04\\\/hrvati-podigli-vise-od-200-milijuna-eura-iz-sberbanke-za-dva-dana\\\/#primaryimage\"},\"image\":{\"@id\":\"https:\\\/\\\/radioljubuski.ba\\\/index.php\\\/2022\\\/03\\\/04\\\/hrvati-podigli-vise-od-200-milijuna-eura-iz-sberbanke-za-dva-dana\\\/#primaryimage\"},\"thumbnailUrl\":\"https:\\\/\\\/radioljubuski.ba\\\/wp-content\\\/uploads\\\/2022\\\/03\\\/7-2022-03-03-18-15-19-sberbankaa.jpg\",\"datePublished\":\"2022-03-04T10:10:15+00:00\",\"dateModified\":\"2022-03-04T10:10:16+00:00\",\"breadcrumb\":{\"@id\":\"https:\\\/\\\/radioljubuski.ba\\\/index.php\\\/2022\\\/03\\\/04\\\/hrvati-podigli-vise-od-200-milijuna-eura-iz-sberbanke-za-dva-dana\\\/#breadcrumb\"},\"inLanguage\":\"hr\",\"potentialAction\":[{\"@type\":\"ReadAction\",\"target\":[\"https:\\\/\\\/radioljubuski.ba\\\/index.php\\\/2022\\\/03\\\/04\\\/hrvati-podigli-vise-od-200-milijuna-eura-iz-sberbanke-za-dva-dana\\\/\"]}]},{\"@type\":\"ImageObject\",\"inLanguage\":\"hr\",\"@id\":\"https:\\\/\\\/radioljubuski.ba\\\/index.php\\\/2022\\\/03\\\/04\\\/hrvati-podigli-vise-od-200-milijuna-eura-iz-sberbanke-za-dva-dana\\\/#primaryimage\",\"url\":\"https:\\\/\\\/radioljubuski.ba\\\/wp-content\\\/uploads\\\/2022\\\/03\\\/7-2022-03-03-18-15-19-sberbankaa.jpg\",\"contentUrl\":\"https:\\\/\\\/radioljubuski.ba\\\/wp-content\\\/uploads\\\/2022\\\/03\\\/7-2022-03-03-18-15-19-sberbankaa.jpg\",\"width\":1000,\"height\":625},{\"@type\":\"BreadcrumbList\",\"@id\":\"https:\\\/\\\/radioljubuski.ba\\\/index.php\\\/2022\\\/03\\\/04\\\/hrvati-podigli-vise-od-200-milijuna-eura-iz-sberbanke-za-dva-dana\\\/#breadcrumb\",\"itemListElement\":[{\"@type\":\"ListItem\",\"position\":1,\"name\":\"Po\u010detna stranica\",\"item\":\"https:\\\/\\\/radioljubuski.ba\\\/\"},{\"@type\":\"ListItem\",\"position\":2,\"name\":\"Hrvati podigli vi\u0161e od 200 milijuna eura iz Sberbanke za dva dana\"}]},{\"@type\":\"WebSite\",\"@id\":\"https:\\\/\\\/radioljubuski.ba\\\/#website\",\"url\":\"https:\\\/\\\/radioljubuski.ba\\\/\",\"name\":\"Radio Ljubu\u0161ki\",\"description\":\"Sun\u010dana frekvencija Hercegovine\",\"publisher\":{\"@id\":\"https:\\\/\\\/radioljubuski.ba\\\/#organization\"},\"potentialAction\":[{\"@type\":\"SearchAction\",\"target\":{\"@type\":\"EntryPoint\",\"urlTemplate\":\"https:\\\/\\\/radioljubuski.ba\\\/?s={search_term_string}\"},\"query-input\":{\"@type\":\"PropertyValueSpecification\",\"valueRequired\":true,\"valueName\":\"search_term_string\"}}],\"inLanguage\":\"hr\"},{\"@type\":\"Organization\",\"@id\":\"https:\\\/\\\/radioljubuski.ba\\\/#organization\",\"name\":\"Radio Ljubu\u0161ki\",\"url\":\"https:\\\/\\\/radioljubuski.ba\\\/\",\"logo\":{\"@type\":\"ImageObject\",\"inLanguage\":\"hr\",\"@id\":\"https:\\\/\\\/radioljubuski.ba\\\/#\\\/schema\\\/logo\\\/image\\\/\",\"url\":\"https:\\\/\\\/radioljubuski.ba\\\/wp-content\\\/uploads\\\/2021\\\/02\\\/cropped-Radio_Ljubuski_logo1.jpg\",\"contentUrl\":\"https:\\\/\\\/radioljubuski.ba\\\/wp-content\\\/uploads\\\/2021\\\/02\\\/cropped-Radio_Ljubuski_logo1.jpg\",\"width\":512,\"height\":512,\"caption\":\"Radio Ljubu\u0161ki\"},\"image\":{\"@id\":\"https:\\\/\\\/radioljubuski.ba\\\/#\\\/schema\\\/logo\\\/image\\\/\"},\"sameAs\":[\"https:\\\/\\\/www.facebook.com\\\/Radiio-Ljubuski-1490835324566332\",\"https:\\\/\\\/x.com\\\/radioljubuski\",\"https:\\\/\\\/hr.linkedin.com\\\/company\\\/radio-ljubuski\",\"https:\\\/\\\/www.youtube.com\\\/channel\\\/UCHYaeO_n0Db3tjNGudGpXyw\"]},{\"@type\":\"Person\",\"@id\":\"https:\\\/\\\/radioljubuski.ba\\\/#\\\/schema\\\/person\\\/19fc700381a780f69665d7956c469e3b\",\"name\":\"Radio Ljubu\u0161ki\"}]}<\/script>\n<!-- \/ Yoast SEO plugin. -->","yoast_head_json":{"title":"Hrvati podigli vi\u0161e od 200 milijuna eura iz Sberbanke za dva dana - RADIO LJUBU\u0160KI","robots":{"index":"index","follow":"follow","max-snippet":"max-snippet:-1","max-image-preview":"max-image-preview:large","max-video-preview":"max-video-preview:-1"},"canonical":"https:\/\/radioljubuski.ba\/index.php\/2022\/03\/04\/hrvati-podigli-vise-od-200-milijuna-eura-iz-sberbanke-za-dva-dana\/","og_locale":"hr_HR","og_type":"article","og_title":"Hrvati podigli vi\u0161e od 200 milijuna eura iz Sberbanke za dva dana - RADIO LJUBU\u0160KI","og_description":"Guverner Hrvatske narodne banke Boris Vuj\u010di\u0107 izjavio je da su gra\u0111ani u toj zemlji podigli vi\u0161e od 200 miliona eura iz Sberbanke u roku od dva dana. Hrvati su po\u010deli podizati novac nakon upozorenja Europske centralne banke da \u0107e podru\u017enice ruske banke u Hrvatskoj, Sloveniji i Austriji vjerovatno propasti. Povod za alarmantno upozorenje ECB bio [&hellip;]","og_url":"https:\/\/radioljubuski.ba\/index.php\/2022\/03\/04\/hrvati-podigli-vise-od-200-milijuna-eura-iz-sberbanke-za-dva-dana\/","og_site_name":"RADIO LJUBU\u0160KI","article_publisher":"https:\/\/www.facebook.com\/Radiio-Ljubuski-1490835324566332","article_published_time":"2022-03-04T10:10:15+00:00","article_modified_time":"2022-03-04T10:10:16+00:00","og_image":[{"width":1000,"height":625,"url":"https:\/\/radioljubuski.ba\/wp-content\/uploads\/2022\/03\/7-2022-03-03-18-15-19-sberbankaa.jpg","type":"image\/jpeg"}],"author":"Radio Ljubu\u0161ki","twitter_card":"summary_large_image","twitter_creator":"@radioljubuski","twitter_site":"@radioljubuski","twitter_misc":{"Napisao\/la":"Radio Ljubu\u0161ki","Procijenjeno vrijeme \u010ditanja":"1 minuta"},"schema":{"@context":"https:\/\/schema.org","@graph":[{"@type":"Article","@id":"https:\/\/radioljubuski.ba\/index.php\/2022\/03\/04\/hrvati-podigli-vise-od-200-milijuna-eura-iz-sberbanke-za-dva-dana\/#article","isPartOf":{"@id":"https:\/\/radioljubuski.ba\/index.php\/2022\/03\/04\/hrvati-podigli-vise-od-200-milijuna-eura-iz-sberbanke-za-dva-dana\/"},"author":{"name":"Radio Ljubu\u0161ki","@id":"https:\/\/radioljubuski.ba\/#\/schema\/person\/19fc700381a780f69665d7956c469e3b"},"headline":"Hrvati podigli vi\u0161e od 200 milijuna eura iz Sberbanke za dva dana","datePublished":"2022-03-04T10:10:15+00:00","dateModified":"2022-03-04T10:10:16+00:00","mainEntityOfPage":{"@id":"https:\/\/radioljubuski.ba\/index.php\/2022\/03\/04\/hrvati-podigli-vise-od-200-milijuna-eura-iz-sberbanke-za-dva-dana\/"},"wordCount":200,"publisher":{"@id":"https:\/\/radioljubuski.ba\/#organization"},"image":{"@id":"https:\/\/radioljubuski.ba\/index.php\/2022\/03\/04\/hrvati-podigli-vise-od-200-milijuna-eura-iz-sberbanke-za-dva-dana\/#primaryimage"},"thumbnailUrl":"https:\/\/radioljubuski.ba\/wp-content\/uploads\/2022\/03\/7-2022-03-03-18-15-19-sberbankaa.jpg","articleSection":["BIH i regija"],"inLanguage":"hr"},{"@type":"WebPage","@id":"https:\/\/radioljubuski.ba\/index.php\/2022\/03\/04\/hrvati-podigli-vise-od-200-milijuna-eura-iz-sberbanke-za-dva-dana\/","url":"https:\/\/radioljubuski.ba\/index.php\/2022\/03\/04\/hrvati-podigli-vise-od-200-milijuna-eura-iz-sberbanke-za-dva-dana\/","name":"Hrvati podigli vi\u0161e od 200 milijuna eura iz Sberbanke za dva dana - RADIO LJUBU\u0160KI","isPartOf":{"@id":"https:\/\/radioljubuski.ba\/#website"},"primaryImageOfPage":{"@id":"https:\/\/radioljubuski.ba\/index.php\/2022\/03\/04\/hrvati-podigli-vise-od-200-milijuna-eura-iz-sberbanke-za-dva-dana\/#primaryimage"},"image":{"@id":"https:\/\/radioljubuski.ba\/index.php\/2022\/03\/04\/hrvati-podigli-vise-od-200-milijuna-eura-iz-sberbanke-za-dva-dana\/#primaryimage"},"thumbnailUrl":"https:\/\/radioljubuski.ba\/wp-content\/uploads\/2022\/03\/7-2022-03-03-18-15-19-sberbankaa.jpg","datePublished":"2022-03-04T10:10:15+00:00","dateModified":"2022-03-04T10:10:16+00:00","breadcrumb":{"@id":"https:\/\/radioljubuski.ba\/index.php\/2022\/03\/04\/hrvati-podigli-vise-od-200-milijuna-eura-iz-sberbanke-za-dva-dana\/#breadcrumb"},"inLanguage":"hr","potentialAction":[{"@type":"ReadAction","target":["https:\/\/radioljubuski.ba\/index.php\/2022\/03\/04\/hrvati-podigli-vise-od-200-milijuna-eura-iz-sberbanke-za-dva-dana\/"]}]},{"@type":"ImageObject","inLanguage":"hr","@id":"https:\/\/radioljubuski.ba\/index.php\/2022\/03\/04\/hrvati-podigli-vise-od-200-milijuna-eura-iz-sberbanke-za-dva-dana\/#primaryimage","url":"https:\/\/radioljubuski.ba\/wp-content\/uploads\/2022\/03\/7-2022-03-03-18-15-19-sberbankaa.jpg","contentUrl":"https:\/\/radioljubuski.ba\/wp-content\/uploads\/2022\/03\/7-2022-03-03-18-15-19-sberbankaa.jpg","width":1000,"height":625},{"@type":"BreadcrumbList","@id":"https:\/\/radioljubuski.ba\/index.php\/2022\/03\/04\/hrvati-podigli-vise-od-200-milijuna-eura-iz-sberbanke-za-dva-dana\/#breadcrumb","itemListElement":[{"@type":"ListItem","position":1,"name":"Po\u010detna stranica","item":"https:\/\/radioljubuski.ba\/"},{"@type":"ListItem","position":2,"name":"Hrvati podigli vi\u0161e od 200 milijuna eura iz Sberbanke za dva dana"}]},{"@type":"WebSite","@id":"https:\/\/radioljubuski.ba\/#website","url":"https:\/\/radioljubuski.ba\/","name":"Radio Ljubu\u0161ki","description":"Sun\u010dana frekvencija Hercegovine","publisher":{"@id":"https:\/\/radioljubuski.ba\/#organization"},"potentialAction":[{"@type":"SearchAction","target":{"@type":"EntryPoint","urlTemplate":"https:\/\/radioljubuski.ba\/?s={search_term_string}"},"query-input":{"@type":"PropertyValueSpecification","valueRequired":true,"valueName":"search_term_string"}}],"inLanguage":"hr"},{"@type":"Organization","@id":"https:\/\/radioljubuski.ba\/#organization","name":"Radio Ljubu\u0161ki","url":"https:\/\/radioljubuski.ba\/","logo":{"@type":"ImageObject","inLanguage":"hr","@id":"https:\/\/radioljubuski.ba\/#\/schema\/logo\/image\/","url":"https:\/\/radioljubuski.ba\/wp-content\/uploads\/2021\/02\/cropped-Radio_Ljubuski_logo1.jpg","contentUrl":"https:\/\/radioljubuski.ba\/wp-content\/uploads\/2021\/02\/cropped-Radio_Ljubuski_logo1.jpg","width":512,"height":512,"caption":"Radio Ljubu\u0161ki"},"image":{"@id":"https:\/\/radioljubuski.ba\/#\/schema\/logo\/image\/"},"sameAs":["https:\/\/www.facebook.com\/Radiio-Ljubuski-1490835324566332","https:\/\/x.com\/radioljubuski","https:\/\/hr.linkedin.com\/company\/radio-ljubuski","https:\/\/www.youtube.com\/channel\/UCHYaeO_n0Db3tjNGudGpXyw"]},{"@type":"Person","@id":"https:\/\/radioljubuski.ba\/#\/schema\/person\/19fc700381a780f69665d7956c469e3b","name":"Radio Ljubu\u0161ki"}]}},"_links":{"self":[{"href":"https:\/\/radioljubuski.ba\/index.php\/wp-json\/wp\/v2\/posts\/118042","targetHints":{"allow":["GET"]}}],"collection":[{"href":"https:\/\/radioljubuski.ba\/index.php\/wp-json\/wp\/v2\/posts"}],"about":[{"href":"https:\/\/radioljubuski.ba\/index.php\/wp-json\/wp\/v2\/types\/post"}],"author":[{"embeddable":true,"href":"https:\/\/radioljubuski.ba\/index.php\/wp-json\/wp\/v2\/users\/2"}],"replies":[{"embeddable":true,"href":"https:\/\/radioljubuski.ba\/index.php\/wp-json\/wp\/v2\/comments?post=118042"}],"version-history":[{"count":1,"href":"https:\/\/radioljubuski.ba\/index.php\/wp-json\/wp\/v2\/posts\/118042\/revisions"}],"predecessor-version":[{"id":118043,"href":"https:\/\/radioljubuski.ba\/index.php\/wp-json\/wp\/v2\/posts\/118042\/revisions\/118043"}],"wp:featuredmedia":[{"embeddable":true,"href":"https:\/\/radioljubuski.ba\/index.php\/wp-json\/wp\/v2\/media\/117898"}],"wp:attachment":[{"href":"https:\/\/radioljubuski.ba\/index.php\/wp-json\/wp\/v2\/media?parent=118042"}],"wp:term":[{"taxonomy":"category","embeddable":true,"href":"https:\/\/radioljubuski.ba\/index.php\/wp-json\/wp\/v2\/categories?post=118042"},{"taxonomy":"post_tag","embeddable":true,"href":"https:\/\/radioljubuski.ba\/index.php\/wp-json\/wp\/v2\/tags?post=118042"}],"curies":[{"name":"wp","href":"https:\/\/api.w.org\/{rel}","templated":true}]}}