{"id":118045,"date":"2022-03-04T11:11:23","date_gmt":"2022-03-04T10:11:23","guid":{"rendered":"https:\/\/radioljubuski.ba\/?p=118045"},"modified":"2022-03-04T11:11:24","modified_gmt":"2022-03-04T10:11:24","slug":"americki-vojni-strucnjaci-ruska-invazija-zasad-je-katastrofalna","status":"publish","type":"post","link":"https:\/\/radioljubuski.ba\/index.php\/2022\/03\/04\/americki-vojni-strucnjaci-ruska-invazija-zasad-je-katastrofalna\/","title":{"rendered":"Ameri\u010dki vojni stru\u010dnjaci: Ruska invazija zasad je katastrofalna"},"content":{"rendered":"\n<p>Prvi dani invazije ruske vojske na Ukrajinu bili su iznena\u0111uju\u0107a strate\u0161ka i takti\u010dka pogre\u0161ka obilje\u017eena nesta\u0161icom hrane i goriva, napu\u0161tenim oklopnim vozilima, gubicima zrakoplova i pogibijom vojnika, smatraju ameri\u010dki stru\u010dnjaci.<\/p>\n\n\n\n<p>Ruski neuspjesi prvih dana invazije, uklju\u010duju\u0107i podcjenjivanje Ukrajinaca da uzvrate, mogli bi dovesti do toga da frustrirana Moskva odlu\u010di upotrijebiti svu svoju mo\u0107 i neselektivno uni\u0161tavati velike dijelove Ukrajine, navode.<\/p>\n\n\n\n<p>Ameri\u010dki stru\u010dnjaci koji prou\u010davaju rusku vojsku ka\u017eu da su zapanjeni lo\u0161im vo\u0111enjem invazije u kojoj su ruske kolone zastale, navodno su napu\u0161tene stotine ruskih oklopnih vozila, a Ukrajinci su sprije\u010dili ruske zra\u010dne snage da kontroliraju nebo. \u201cAko tako \u2018zeznete\u2019 za dva ili tri tjedna, mogao bih to razumjeti\u201d, rekao je Scott Boston, vi\u0161i analiti\u010dar obrane u think tanku Rand Corp. \u201cAli ako se spotaknete ve\u0107 na dovratku na ulazu u ku\u0107u, imate problem\u201d, rekao je.<\/p>\n\n\n\n<p><em><strong>\u2018Potpuna katastrofa\u2019<\/strong><\/em><\/p>\n\n\n\n<p>Pentagon i stru\u010dnjaci iz privatnog sektora o\u010dekivali su da \u0107e vojska ruskog predsjednika Vladimira Putin brzo uni\u0161titi sposobnost Ukrajine da uzvrati, potkopavanjem zapovjedne strukture i kontrole nad 200.000 ukrajinskih vojnika te uni\u0161tenjem proturaketne obrane i zra\u010dnih snaga.<\/p>\n\n\n\n<p>Ni\u0161ta od navedenog nije se dogodilo u prvih \u0161est dana. Iako nema pouzdanih procjena mrtvih, ranjenih i zarobljenih ruskih vojnika, \u010dini se da su brojke puno ve\u0107e nego \u0161to bi se o\u010dekivalo u dobro vo\u0111enoj invaziji. \u201cOvo je kolosalni obavje\u0161tajni neuspjeh koji je uvelike podcijenio ukrajinski otpor, a vojna egzekucija je bila stra\u0161na\u201d, rekao je Michael Vickers, biv\u0161i ameri\u010dki podtajnik ministarstva obrane za obavje\u0161tajne poslove.<\/p>\n\n\n\n<p>\u201cNjegov glavni napad nije bio dovoljno jak. Bio je fragmentiran. Njegovi izvi\u0111a\u010dki elementi su zarobljeni, kolone su uni\u0161tene\u201d, rekao je. \u201cTo je potpuna katastrofa.\u201d<\/p>\n\n\n\n<p><em><strong>Ruski vojni gubici&nbsp;<\/strong><\/em><\/p>\n\n\n\n<p>Procjena vojnih stru\u010dnjaka iz Scowcroft centra Atlantskog vije\u0107a ukazala je na klju\u010dni neuspjeh Rusa da brzo osvoje i zadr\u017ee zra\u010dnu luku nedaleko od Kijeva. Zra\u010dna luka je vjerojatno previ\u0161e o\u0161te\u0107ena u borbama da bi se mogla koristiti za invaziju na Kijev, kako je planirano, tvrde vojni stru\u010dnjaci. Dodali su da su \u201cgubici ruskih zrakoplova i helikoptera iznena\u0111uju\u0107e visoki i neodr\u017eivi\u201d po\u0161to nisu uni\u0161tili ukrajinsku protuzra\u010dnu obranu.<\/p>\n\n\n\n<p>Iznena\u0111uju\u0107a je bila i ograni\u010dena ili neu\u010dinkovita uporaba oru\u017eja za elektroni\u010dko ratovanje. Ve\u0107ina analiti\u010dara je o\u010dekivala da \u0107e to oru\u017eje imati zna\u010dajnu ulogu u napadu na sposobnost komuniciranja Ukrajinaca. \u201cDa su Rusi mogli prekinuti veze ukrajinskih vojnih vo\u0111a s onima kojima zapovijedaju\u2026ukrajinske zra\u010dne snage i protuzra\u010dna obrana bili bi prisiljeni boriti se na nekoordinirani na\u010din, \u0161to ih \u010dini manje smrtonosnima i podlo\u017enijima napadima\u201d, navodi se u izvje\u0161\u0107u Scowcroft Centra.<\/p>\n\n\n\n<p>\u200b\u200b\u200b\u200bBoston je istaknuo da su Ukrajinci nastavili koristiti svoje dronove Bayraktar turske proizvodnje za uni\u0161tavanje ruskih oklopnjaka. \u201cAko su jednom ili dvaput bili pogo\u0111eni turskim dronovima \u2013 ok, ali ako su pogo\u0111eni vi\u0161e od dva puta, ne\u0161to nije u redu na ruskoj strani\u201d, rekao je.<\/p>\n\n\n\n<p><em><strong>Nesta\u0161ice hrane&nbsp;<\/strong><\/em><\/p>\n\n\n\n<p>Glasnogovornik Pentagona John Kirby rekao je da se \u010dini da Rusi ne koordiniraju najbolje svoje pozama\u0161ne i raznolike sposobnosti niti dobro upravljaju logistikom za invaziju. \u201cVe\u0107 ima naznaka da, iako imaju sofisticirane oru\u017eane sposobnosti, one nisu potpuno integrirane\u201d, rekao je.<\/p>\n\n\n\n<p>Jednako za\u010du\u0111uju njihovi logisti\u010dki propusti. \u201cVidimo napu\u0161tena vozila. Vidimo probleme s odr\u017eavanjem ne samo kad se radi o gorivu, nego i o hrani\u201d, rekao je Kirby u srijedu.<\/p>\n\n\n\n<p>Boston je dodao da postoje znaci da je ve\u0107i dio snaga mlad, da su nedovoljno obu\u010deni za ovakvu vrstu sukoba i da potencijalno nisu svjesni da uop\u0107e idu u rat.<\/p>\n\n\n\n<p>Tako\u0111er se \u010dini, navodi Boston, da vojnici na terenu ne shva\u0107aju \u0161to se poku\u0161ava posti\u0107i invazijom na Ukrajinu. \u201cAko ne zna\u0161 \u0161to se doga\u0111a\u2026ne mo\u017ee\u0161 se prilagoditi\u201d, dodao je.<\/p>\n\n\n\n<p>Iako je zastalo napredovanje ruskih snaga, to bi im moglo omogu\u0107iti da rije\u0161e svoje logisti\u010dke probleme, istaknuo je Kirby.<\/p>\n\n\n\n<p>Stru\u010dnjaci o\u010dekuju da bi Putinova frustracija prvih dana invazije mogla dovesti do toga da oslobodi punu snagu svog topni\u0161tva, projektila i zra\u010dnih snaga na ukrajinsko stanovni\u0161tvo \u0161to bi imalo razoran u\u010dinak. \u201cRusija jo\u0161 uvijek ima nadmo\u0107ne borbene prednosti koje bi na kraju mogle smrviti ukrajinske snage u nastavku rata\u201d, navodi se u analizi Scowcroft Centra.<\/p>\n\n\n\n<p>Izvor:hrt.hr<\/p>\n","protected":false},"excerpt":{"rendered":"<p>Prvi dani invazije ruske vojske na Ukrajinu bili su iznena\u0111uju\u0107a strate\u0161ka i takti\u010dka pogre\u0161ka obilje\u017eena nesta\u0161icom hrane i goriva, napu\u0161tenim oklopnim vozilima, gubicima zrakoplova i pogibijom vojnika, smatraju ameri\u010dki stru\u010dnjaci. Ruski neuspjesi prvih dana invazije, uklju\u010duju\u0107i podcjenjivanje Ukrajinaca da uzvrate, mogli bi dovesti do toga da frustrirana Moskva odlu\u010di upotrijebiti svu svoju mo\u0107 i neselektivno [&hellip;]<\/p>\n","protected":false},"author":2,"featured_media":118046,"comment_status":"closed","ping_status":"closed","sticky":false,"template":"","format":"standard","meta":{"h5ap_radio_sources":[],"footnotes":""},"categories":[1],"tags":[],"class_list":["post-118045","post","type-post","status-publish","format-standard","has-post-thumbnail","hentry","category-bihiregija"],"yoast_head":"<!-- This site is optimized with the Yoast SEO plugin v27.5 - https:\/\/yoast.com\/product\/yoast-seo-wordpress\/ -->\n<title>Ameri\u010dki vojni stru\u010dnjaci: Ruska invazija zasad je katastrofalna - RADIO LJUBU\u0160KI<\/title>\n<meta name=\"robots\" content=\"index, follow, max-snippet:-1, max-image-preview:large, max-video-preview:-1\" \/>\n<link rel=\"canonical\" href=\"https:\/\/radioljubuski.ba\/index.php\/2022\/03\/04\/americki-vojni-strucnjaci-ruska-invazija-zasad-je-katastrofalna\/\" \/>\n<meta property=\"og:locale\" content=\"hr_HR\" \/>\n<meta property=\"og:type\" content=\"article\" \/>\n<meta property=\"og:title\" content=\"Ameri\u010dki vojni stru\u010dnjaci: Ruska invazija zasad je katastrofalna - RADIO LJUBU\u0160KI\" \/>\n<meta property=\"og:description\" content=\"Prvi dani invazije ruske vojske na Ukrajinu bili su iznena\u0111uju\u0107a strate\u0161ka i takti\u010dka pogre\u0161ka obilje\u017eena nesta\u0161icom hrane i goriva, napu\u0161tenim oklopnim vozilima, gubicima zrakoplova i pogibijom vojnika, smatraju ameri\u010dki stru\u010dnjaci. Ruski neuspjesi prvih dana invazije, uklju\u010duju\u0107i podcjenjivanje Ukrajinaca da uzvrate, mogli bi dovesti do toga da frustrirana Moskva odlu\u010di upotrijebiti svu svoju mo\u0107 i neselektivno [&hellip;]\" \/>\n<meta property=\"og:url\" content=\"https:\/\/radioljubuski.ba\/index.php\/2022\/03\/04\/americki-vojni-strucnjaci-ruska-invazija-zasad-je-katastrofalna\/\" \/>\n<meta property=\"og:site_name\" content=\"RADIO LJUBU\u0160KI\" \/>\n<meta property=\"article:publisher\" content=\"https:\/\/www.facebook.com\/Radiio-Ljubuski-1490835324566332\" \/>\n<meta property=\"article:published_time\" content=\"2022-03-04T10:11:23+00:00\" \/>\n<meta property=\"article:modified_time\" content=\"2022-03-04T10:11:24+00:00\" \/>\n<meta property=\"og:image\" content=\"https:\/\/radioljubuski.ba\/wp-content\/uploads\/2022\/03\/2-2022-03-04-08-13-27-rusi.jpg\" \/>\n\t<meta property=\"og:image:width\" content=\"1000\" \/>\n\t<meta property=\"og:image:height\" content=\"625\" \/>\n\t<meta property=\"og:image:type\" content=\"image\/jpeg\" \/>\n<meta name=\"author\" content=\"Radio Ljubu\u0161ki\" \/>\n<meta name=\"twitter:card\" content=\"summary_large_image\" \/>\n<meta name=\"twitter:creator\" content=\"@radioljubuski\" \/>\n<meta name=\"twitter:site\" content=\"@radioljubuski\" \/>\n<meta name=\"twitter:label1\" content=\"Napisao\/la\" \/>\n\t<meta name=\"twitter:data1\" content=\"Radio Ljubu\u0161ki\" \/>\n\t<meta name=\"twitter:label2\" content=\"Procijenjeno vrijeme \u010ditanja\" \/>\n\t<meta name=\"twitter:data2\" content=\"4 minute\" \/>\n<script type=\"application\/ld+json\" class=\"yoast-schema-graph\">{\"@context\":\"https:\\\/\\\/schema.org\",\"@graph\":[{\"@type\":\"Article\",\"@id\":\"https:\\\/\\\/radioljubuski.ba\\\/index.php\\\/2022\\\/03\\\/04\\\/americki-vojni-strucnjaci-ruska-invazija-zasad-je-katastrofalna\\\/#article\",\"isPartOf\":{\"@id\":\"https:\\\/\\\/radioljubuski.ba\\\/index.php\\\/2022\\\/03\\\/04\\\/americki-vojni-strucnjaci-ruska-invazija-zasad-je-katastrofalna\\\/\"},\"author\":{\"name\":\"Radio Ljubu\u0161ki\",\"@id\":\"https:\\\/\\\/radioljubuski.ba\\\/#\\\/schema\\\/person\\\/19fc700381a780f69665d7956c469e3b\"},\"headline\":\"Ameri\u010dki vojni stru\u010dnjaci: Ruska invazija zasad je katastrofalna\",\"datePublished\":\"2022-03-04T10:11:23+00:00\",\"dateModified\":\"2022-03-04T10:11:24+00:00\",\"mainEntityOfPage\":{\"@id\":\"https:\\\/\\\/radioljubuski.ba\\\/index.php\\\/2022\\\/03\\\/04\\\/americki-vojni-strucnjaci-ruska-invazija-zasad-je-katastrofalna\\\/\"},\"wordCount\":772,\"publisher\":{\"@id\":\"https:\\\/\\\/radioljubuski.ba\\\/#organization\"},\"image\":{\"@id\":\"https:\\\/\\\/radioljubuski.ba\\\/index.php\\\/2022\\\/03\\\/04\\\/americki-vojni-strucnjaci-ruska-invazija-zasad-je-katastrofalna\\\/#primaryimage\"},\"thumbnailUrl\":\"https:\\\/\\\/radioljubuski.ba\\\/wp-content\\\/uploads\\\/2022\\\/03\\\/2-2022-03-04-08-13-27-rusi.jpg\",\"articleSection\":[\"BIH i regija\"],\"inLanguage\":\"hr\"},{\"@type\":\"WebPage\",\"@id\":\"https:\\\/\\\/radioljubuski.ba\\\/index.php\\\/2022\\\/03\\\/04\\\/americki-vojni-strucnjaci-ruska-invazija-zasad-je-katastrofalna\\\/\",\"url\":\"https:\\\/\\\/radioljubuski.ba\\\/index.php\\\/2022\\\/03\\\/04\\\/americki-vojni-strucnjaci-ruska-invazija-zasad-je-katastrofalna\\\/\",\"name\":\"Ameri\u010dki vojni stru\u010dnjaci: Ruska invazija zasad je katastrofalna - RADIO LJUBU\u0160KI\",\"isPartOf\":{\"@id\":\"https:\\\/\\\/radioljubuski.ba\\\/#website\"},\"primaryImageOfPage\":{\"@id\":\"https:\\\/\\\/radioljubuski.ba\\\/index.php\\\/2022\\\/03\\\/04\\\/americki-vojni-strucnjaci-ruska-invazija-zasad-je-katastrofalna\\\/#primaryimage\"},\"image\":{\"@id\":\"https:\\\/\\\/radioljubuski.ba\\\/index.php\\\/2022\\\/03\\\/04\\\/americki-vojni-strucnjaci-ruska-invazija-zasad-je-katastrofalna\\\/#primaryimage\"},\"thumbnailUrl\":\"https:\\\/\\\/radioljubuski.ba\\\/wp-content\\\/uploads\\\/2022\\\/03\\\/2-2022-03-04-08-13-27-rusi.jpg\",\"datePublished\":\"2022-03-04T10:11:23+00:00\",\"dateModified\":\"2022-03-04T10:11:24+00:00\",\"breadcrumb\":{\"@id\":\"https:\\\/\\\/radioljubuski.ba\\\/index.php\\\/2022\\\/03\\\/04\\\/americki-vojni-strucnjaci-ruska-invazija-zasad-je-katastrofalna\\\/#breadcrumb\"},\"inLanguage\":\"hr\",\"potentialAction\":[{\"@type\":\"ReadAction\",\"target\":[\"https:\\\/\\\/radioljubuski.ba\\\/index.php\\\/2022\\\/03\\\/04\\\/americki-vojni-strucnjaci-ruska-invazija-zasad-je-katastrofalna\\\/\"]}]},{\"@type\":\"ImageObject\",\"inLanguage\":\"hr\",\"@id\":\"https:\\\/\\\/radioljubuski.ba\\\/index.php\\\/2022\\\/03\\\/04\\\/americki-vojni-strucnjaci-ruska-invazija-zasad-je-katastrofalna\\\/#primaryimage\",\"url\":\"https:\\\/\\\/radioljubuski.ba\\\/wp-content\\\/uploads\\\/2022\\\/03\\\/2-2022-03-04-08-13-27-rusi.jpg\",\"contentUrl\":\"https:\\\/\\\/radioljubuski.ba\\\/wp-content\\\/uploads\\\/2022\\\/03\\\/2-2022-03-04-08-13-27-rusi.jpg\",\"width\":1000,\"height\":625},{\"@type\":\"BreadcrumbList\",\"@id\":\"https:\\\/\\\/radioljubuski.ba\\\/index.php\\\/2022\\\/03\\\/04\\\/americki-vojni-strucnjaci-ruska-invazija-zasad-je-katastrofalna\\\/#breadcrumb\",\"itemListElement\":[{\"@type\":\"ListItem\",\"position\":1,\"name\":\"Po\u010detna stranica\",\"item\":\"https:\\\/\\\/radioljubuski.ba\\\/\"},{\"@type\":\"ListItem\",\"position\":2,\"name\":\"Ameri\u010dki vojni stru\u010dnjaci: Ruska invazija zasad je katastrofalna\"}]},{\"@type\":\"WebSite\",\"@id\":\"https:\\\/\\\/radioljubuski.ba\\\/#website\",\"url\":\"https:\\\/\\\/radioljubuski.ba\\\/\",\"name\":\"Radio Ljubu\u0161ki\",\"description\":\"Sun\u010dana frekvencija Hercegovine\",\"publisher\":{\"@id\":\"https:\\\/\\\/radioljubuski.ba\\\/#organization\"},\"potentialAction\":[{\"@type\":\"SearchAction\",\"target\":{\"@type\":\"EntryPoint\",\"urlTemplate\":\"https:\\\/\\\/radioljubuski.ba\\\/?s={search_term_string}\"},\"query-input\":{\"@type\":\"PropertyValueSpecification\",\"valueRequired\":true,\"valueName\":\"search_term_string\"}}],\"inLanguage\":\"hr\"},{\"@type\":\"Organization\",\"@id\":\"https:\\\/\\\/radioljubuski.ba\\\/#organization\",\"name\":\"Radio Ljubu\u0161ki\",\"url\":\"https:\\\/\\\/radioljubuski.ba\\\/\",\"logo\":{\"@type\":\"ImageObject\",\"inLanguage\":\"hr\",\"@id\":\"https:\\\/\\\/radioljubuski.ba\\\/#\\\/schema\\\/logo\\\/image\\\/\",\"url\":\"https:\\\/\\\/radioljubuski.ba\\\/wp-content\\\/uploads\\\/2021\\\/02\\\/cropped-Radio_Ljubuski_logo1.jpg\",\"contentUrl\":\"https:\\\/\\\/radioljubuski.ba\\\/wp-content\\\/uploads\\\/2021\\\/02\\\/cropped-Radio_Ljubuski_logo1.jpg\",\"width\":512,\"height\":512,\"caption\":\"Radio Ljubu\u0161ki\"},\"image\":{\"@id\":\"https:\\\/\\\/radioljubuski.ba\\\/#\\\/schema\\\/logo\\\/image\\\/\"},\"sameAs\":[\"https:\\\/\\\/www.facebook.com\\\/Radiio-Ljubuski-1490835324566332\",\"https:\\\/\\\/x.com\\\/radioljubuski\",\"https:\\\/\\\/hr.linkedin.com\\\/company\\\/radio-ljubuski\",\"https:\\\/\\\/www.youtube.com\\\/channel\\\/UCHYaeO_n0Db3tjNGudGpXyw\"]},{\"@type\":\"Person\",\"@id\":\"https:\\\/\\\/radioljubuski.ba\\\/#\\\/schema\\\/person\\\/19fc700381a780f69665d7956c469e3b\",\"name\":\"Radio Ljubu\u0161ki\"}]}<\/script>\n<!-- \/ Yoast SEO plugin. -->","yoast_head_json":{"title":"Ameri\u010dki vojni stru\u010dnjaci: Ruska invazija zasad je katastrofalna - RADIO LJUBU\u0160KI","robots":{"index":"index","follow":"follow","max-snippet":"max-snippet:-1","max-image-preview":"max-image-preview:large","max-video-preview":"max-video-preview:-1"},"canonical":"https:\/\/radioljubuski.ba\/index.php\/2022\/03\/04\/americki-vojni-strucnjaci-ruska-invazija-zasad-je-katastrofalna\/","og_locale":"hr_HR","og_type":"article","og_title":"Ameri\u010dki vojni stru\u010dnjaci: Ruska invazija zasad je katastrofalna - RADIO LJUBU\u0160KI","og_description":"Prvi dani invazije ruske vojske na Ukrajinu bili su iznena\u0111uju\u0107a strate\u0161ka i takti\u010dka pogre\u0161ka obilje\u017eena nesta\u0161icom hrane i goriva, napu\u0161tenim oklopnim vozilima, gubicima zrakoplova i pogibijom vojnika, smatraju ameri\u010dki stru\u010dnjaci. Ruski neuspjesi prvih dana invazije, uklju\u010duju\u0107i podcjenjivanje Ukrajinaca da uzvrate, mogli bi dovesti do toga da frustrirana Moskva odlu\u010di upotrijebiti svu svoju mo\u0107 i neselektivno [&hellip;]","og_url":"https:\/\/radioljubuski.ba\/index.php\/2022\/03\/04\/americki-vojni-strucnjaci-ruska-invazija-zasad-je-katastrofalna\/","og_site_name":"RADIO LJUBU\u0160KI","article_publisher":"https:\/\/www.facebook.com\/Radiio-Ljubuski-1490835324566332","article_published_time":"2022-03-04T10:11:23+00:00","article_modified_time":"2022-03-04T10:11:24+00:00","og_image":[{"width":1000,"height":625,"url":"https:\/\/radioljubuski.ba\/wp-content\/uploads\/2022\/03\/2-2022-03-04-08-13-27-rusi.jpg","type":"image\/jpeg"}],"author":"Radio Ljubu\u0161ki","twitter_card":"summary_large_image","twitter_creator":"@radioljubuski","twitter_site":"@radioljubuski","twitter_misc":{"Napisao\/la":"Radio Ljubu\u0161ki","Procijenjeno vrijeme \u010ditanja":"4 minute"},"schema":{"@context":"https:\/\/schema.org","@graph":[{"@type":"Article","@id":"https:\/\/radioljubuski.ba\/index.php\/2022\/03\/04\/americki-vojni-strucnjaci-ruska-invazija-zasad-je-katastrofalna\/#article","isPartOf":{"@id":"https:\/\/radioljubuski.ba\/index.php\/2022\/03\/04\/americki-vojni-strucnjaci-ruska-invazija-zasad-je-katastrofalna\/"},"author":{"name":"Radio Ljubu\u0161ki","@id":"https:\/\/radioljubuski.ba\/#\/schema\/person\/19fc700381a780f69665d7956c469e3b"},"headline":"Ameri\u010dki vojni stru\u010dnjaci: Ruska invazija zasad je katastrofalna","datePublished":"2022-03-04T10:11:23+00:00","dateModified":"2022-03-04T10:11:24+00:00","mainEntityOfPage":{"@id":"https:\/\/radioljubuski.ba\/index.php\/2022\/03\/04\/americki-vojni-strucnjaci-ruska-invazija-zasad-je-katastrofalna\/"},"wordCount":772,"publisher":{"@id":"https:\/\/radioljubuski.ba\/#organization"},"image":{"@id":"https:\/\/radioljubuski.ba\/index.php\/2022\/03\/04\/americki-vojni-strucnjaci-ruska-invazija-zasad-je-katastrofalna\/#primaryimage"},"thumbnailUrl":"https:\/\/radioljubuski.ba\/wp-content\/uploads\/2022\/03\/2-2022-03-04-08-13-27-rusi.jpg","articleSection":["BIH i regija"],"inLanguage":"hr"},{"@type":"WebPage","@id":"https:\/\/radioljubuski.ba\/index.php\/2022\/03\/04\/americki-vojni-strucnjaci-ruska-invazija-zasad-je-katastrofalna\/","url":"https:\/\/radioljubuski.ba\/index.php\/2022\/03\/04\/americki-vojni-strucnjaci-ruska-invazija-zasad-je-katastrofalna\/","name":"Ameri\u010dki vojni stru\u010dnjaci: Ruska invazija zasad je katastrofalna - RADIO LJUBU\u0160KI","isPartOf":{"@id":"https:\/\/radioljubuski.ba\/#website"},"primaryImageOfPage":{"@id":"https:\/\/radioljubuski.ba\/index.php\/2022\/03\/04\/americki-vojni-strucnjaci-ruska-invazija-zasad-je-katastrofalna\/#primaryimage"},"image":{"@id":"https:\/\/radioljubuski.ba\/index.php\/2022\/03\/04\/americki-vojni-strucnjaci-ruska-invazija-zasad-je-katastrofalna\/#primaryimage"},"thumbnailUrl":"https:\/\/radioljubuski.ba\/wp-content\/uploads\/2022\/03\/2-2022-03-04-08-13-27-rusi.jpg","datePublished":"2022-03-04T10:11:23+00:00","dateModified":"2022-03-04T10:11:24+00:00","breadcrumb":{"@id":"https:\/\/radioljubuski.ba\/index.php\/2022\/03\/04\/americki-vojni-strucnjaci-ruska-invazija-zasad-je-katastrofalna\/#breadcrumb"},"inLanguage":"hr","potentialAction":[{"@type":"ReadAction","target":["https:\/\/radioljubuski.ba\/index.php\/2022\/03\/04\/americki-vojni-strucnjaci-ruska-invazija-zasad-je-katastrofalna\/"]}]},{"@type":"ImageObject","inLanguage":"hr","@id":"https:\/\/radioljubuski.ba\/index.php\/2022\/03\/04\/americki-vojni-strucnjaci-ruska-invazija-zasad-je-katastrofalna\/#primaryimage","url":"https:\/\/radioljubuski.ba\/wp-content\/uploads\/2022\/03\/2-2022-03-04-08-13-27-rusi.jpg","contentUrl":"https:\/\/radioljubuski.ba\/wp-content\/uploads\/2022\/03\/2-2022-03-04-08-13-27-rusi.jpg","width":1000,"height":625},{"@type":"BreadcrumbList","@id":"https:\/\/radioljubuski.ba\/index.php\/2022\/03\/04\/americki-vojni-strucnjaci-ruska-invazija-zasad-je-katastrofalna\/#breadcrumb","itemListElement":[{"@type":"ListItem","position":1,"name":"Po\u010detna stranica","item":"https:\/\/radioljubuski.ba\/"},{"@type":"ListItem","position":2,"name":"Ameri\u010dki vojni stru\u010dnjaci: Ruska invazija zasad je katastrofalna"}]},{"@type":"WebSite","@id":"https:\/\/radioljubuski.ba\/#website","url":"https:\/\/radioljubuski.ba\/","name":"Radio Ljubu\u0161ki","description":"Sun\u010dana frekvencija Hercegovine","publisher":{"@id":"https:\/\/radioljubuski.ba\/#organization"},"potentialAction":[{"@type":"SearchAction","target":{"@type":"EntryPoint","urlTemplate":"https:\/\/radioljubuski.ba\/?s={search_term_string}"},"query-input":{"@type":"PropertyValueSpecification","valueRequired":true,"valueName":"search_term_string"}}],"inLanguage":"hr"},{"@type":"Organization","@id":"https:\/\/radioljubuski.ba\/#organization","name":"Radio Ljubu\u0161ki","url":"https:\/\/radioljubuski.ba\/","logo":{"@type":"ImageObject","inLanguage":"hr","@id":"https:\/\/radioljubuski.ba\/#\/schema\/logo\/image\/","url":"https:\/\/radioljubuski.ba\/wp-content\/uploads\/2021\/02\/cropped-Radio_Ljubuski_logo1.jpg","contentUrl":"https:\/\/radioljubuski.ba\/wp-content\/uploads\/2021\/02\/cropped-Radio_Ljubuski_logo1.jpg","width":512,"height":512,"caption":"Radio Ljubu\u0161ki"},"image":{"@id":"https:\/\/radioljubuski.ba\/#\/schema\/logo\/image\/"},"sameAs":["https:\/\/www.facebook.com\/Radiio-Ljubuski-1490835324566332","https:\/\/x.com\/radioljubuski","https:\/\/hr.linkedin.com\/company\/radio-ljubuski","https:\/\/www.youtube.com\/channel\/UCHYaeO_n0Db3tjNGudGpXyw"]},{"@type":"Person","@id":"https:\/\/radioljubuski.ba\/#\/schema\/person\/19fc700381a780f69665d7956c469e3b","name":"Radio Ljubu\u0161ki"}]}},"_links":{"self":[{"href":"https:\/\/radioljubuski.ba\/index.php\/wp-json\/wp\/v2\/posts\/118045","targetHints":{"allow":["GET"]}}],"collection":[{"href":"https:\/\/radioljubuski.ba\/index.php\/wp-json\/wp\/v2\/posts"}],"about":[{"href":"https:\/\/radioljubuski.ba\/index.php\/wp-json\/wp\/v2\/types\/post"}],"author":[{"embeddable":true,"href":"https:\/\/radioljubuski.ba\/index.php\/wp-json\/wp\/v2\/users\/2"}],"replies":[{"embeddable":true,"href":"https:\/\/radioljubuski.ba\/index.php\/wp-json\/wp\/v2\/comments?post=118045"}],"version-history":[{"count":1,"href":"https:\/\/radioljubuski.ba\/index.php\/wp-json\/wp\/v2\/posts\/118045\/revisions"}],"predecessor-version":[{"id":118048,"href":"https:\/\/radioljubuski.ba\/index.php\/wp-json\/wp\/v2\/posts\/118045\/revisions\/118048"}],"wp:featuredmedia":[{"embeddable":true,"href":"https:\/\/radioljubuski.ba\/index.php\/wp-json\/wp\/v2\/media\/118046"}],"wp:attachment":[{"href":"https:\/\/radioljubuski.ba\/index.php\/wp-json\/wp\/v2\/media?parent=118045"}],"wp:term":[{"taxonomy":"category","embeddable":true,"href":"https:\/\/radioljubuski.ba\/index.php\/wp-json\/wp\/v2\/categories?post=118045"},{"taxonomy":"post_tag","embeddable":true,"href":"https:\/\/radioljubuski.ba\/index.php\/wp-json\/wp\/v2\/tags?post=118045"}],"curies":[{"name":"wp","href":"https:\/\/api.w.org\/{rel}","templated":true}]}}