{"id":118055,"date":"2022-03-04T11:15:08","date_gmt":"2022-03-04T10:15:08","guid":{"rendered":"https:\/\/radioljubuski.ba\/?p=118055"},"modified":"2022-03-04T11:15:08","modified_gmt":"2022-03-04T10:15:08","slug":"sum-strateska-partnerstva-u-izraelu-za-liderstvo-u-digitalnoj-transformaciji-drustva","status":"publish","type":"post","link":"https:\/\/radioljubuski.ba\/index.php\/2022\/03\/04\/sum-strateska-partnerstva-u-izraelu-za-liderstvo-u-digitalnoj-transformaciji-drustva\/","title":{"rendered":"SUM: Strate\u0161ka partnerstva u Izraelu za liderstvo u digitalnoj transformaciji dru\u0161tva"},"content":{"rendered":"\n<p>Azrieli College of Engeering Jerusalem i Holon Institute od Technology iz Tel Aviva novi su strate\u0161ki partneri Sveu\u010dili\u0161ta u Mostaru. Potpisani sporazumi definiraju budu\u0107nost razvoja ne samo Sveu\u010dili\u0161ta nego i Bosne i Hercegovine. Izaslanstvo radnog posjeta Izraelu \u010dine rektor Sveu\u010dili\u0161ta u Mostaru prof. dr. Zoran Tomi\u0107, prorektorica za me\u0111unarodnu suradnju prof. dr. Sanja Bijak\u0161i\u0107, pomo\u0107nik rektora za informacijske tehnologije i inovacije doc. dr. Tomislav Volari\u0107, &nbsp;Marko Laco uime Ureda za me\u0111unarodnu suradnju i Tomislav Mari\u0107, voditelj Ureda za inovacije i transfer tehnologije.<\/p>\n\n\n\n<p>-SUM \u017eeli biti lider u podru\u010dju informacijskih tehnologija i digitalnoj transformaciji dru\u0161tva. Tako\u0111er \u017eelimo biti lideri u doktorskim studijima cyber sigurnosti te razvijati programe umjetne inteligencije. Da bi to postigli moramo imati partnere na najvi\u0161oj razini i koji nam mogu pru\u017eiti najbolje znanje i iskustvo &#8211; istaknuo je rektor Tomi\u0107 kao rezultate posjete i razgovora s institucijama u Izraelu.<\/p>\n\n\n\n<p>-Izraelska sveu\u010dili\u0161ta i instituti spremni su nam biti strate\u0161ki partneri. Uspostavljeno je strate\u0161ko povjerenje i to sada moramo iskoristiti. Za neke strate\u0161ke korake morat \u0107emo mi odraditi neke doma\u0107e zada\u0107e. Prezentacijom na\u0161ih kapaciteta i sami partneri su nam ukazali potrebu spajanja IT studija u jedinstven sustav koji bi zatim mogao odgovoriti zajedni\u010dkim izazovima. Na tome \u0107emo raditi. Jako vjerujem da SUM mo\u017ee biti me\u0111unarodno sredi\u0161te digitalne transformacije &#8211; naglasio je rektor Tomi\u0107.<\/p>\n\n\n\n<figure class=\"wp-block-image\"><img decoding=\"async\" src=\"https:\/\/storage.pogled.ba\/images\/85e2\/28ea\/223284\/original\/2-2022-03-04-09-15-13-SUM2.jpeg\" alt=\"2-2022-03-04-09-15-13-SUM2.jpeg\"\/><\/figure>\n\n\n\n<p>Izaslanstvo je posjetilo Azrieli College of Engineering i njihov startup akcelarator &#8220;AtoBe&#8221;. Suradnja uglavnom u in\u017eenjerskim, informati\u010dkim i zdravstvenim programima temelji se na Memorandumu o suradnji. Potpisivanju sporazuma nazo\u010dio je Du\u0161ko Kova\u010devi\u0107, veleposlanik BiH u Izraelu koji je izjavio kako je SUM autoritet u mnogim podru\u010djima te kako vjeruje da \u0107e SUM postati lider u BiH u startup inicijativama uz pomo\u0107 partnera iz Izraela. Tako\u0111er, potpisivanju je online nazo\u010dio veleposlanik Izrael za BiH sa sjedi\u0161tem u Tirani Noah Gal Gendler koji je istaknuo kako je odu\u0161evljen sveu\u010dili\u0161nom brzom inicijativom da do\u0111u u Izrael i vjeruje da \u0107e se napraviti zna\u010dajna suradnja izme\u0111u Izraela i SUM-a. Nazo\u010dnost dvaju veleposlanika pokazuje va\u017enost jednog ovakvog sporazuma kako za Sveu\u010dili\u0161te u Mostaru, tako i za Izrael kao dr\u017eavu. Holon Institute of Tehnology (HIT) javno je sveu\u010dili\u0161te u Izraelu i novi partner s kojim je Sveu\u010dili\u0161te u Mostaru potpisalo sporazum o suradnji prilikom posjeta.<\/p>\n\n\n\n<p>Institucija koja je me\u0111u deset najboljih u Izraelu fokusirana je na znanost i tehnologiju, dizajn i vizualnu umjetnost te nudi razli\u010dite i brojne interdisciplinarne programe.&nbsp;<\/p>\n\n\n\n<p>-Umjetna inteligencija bit \u0107e jedan od glavnih pokreta\u010da promjene u svijetu u sljede\u0107ih dvadeset godina. Jedna od misija Sveu\u010dili\u0161ta je postati prepoznatljivo odredi\u0161te za istra\u017eivanje i razvoj rje\u0161enja temeljenih na umjetnoj inteligenciji. Inovacije su ne\u0161to \u0161to mo\u017eemo samo u\u010diti od dr\u017eave Izrael (startup nacije) i veseli nas \u0161to \u0107emo zajedno pokrenuti startup program sljede\u0107e godine. Sveu\u010dili\u0161te treba biti lider u inovacijama i mijenjati dru\u0161tvo na bolje. Vjerujemo kako smo prona\u0161li partnere na ovom putu, a jedan od prvih velikih projekata je pokretanje zajedni\u010dkog master studija na engleskom jeziku u IT podru\u010dju s Azrieli College of Engineering Jerusalem&#8221;, naglasio je doc. dr. Tomislav Volari\u0107, pomo\u0107nik rektora za informacijske tehnologije i inovacije te istaknuo kako su posebno ponosni \u0161to su potpisali suradnju i s Holon Institute of Tehnology koji \u201cproizvodi\u201d 30% svih in\u017eenjera u Izraelu.&nbsp;<\/p>\n\n\n\n<p>-Danas SUM ima potpisanih vi\u0161e od sto bilateralnih sporazuma, a aktivno sudjelujemo u deset me\u0111unarodnih mre\u017ea te u narednom razdoblju o\u010dekujemo pristup u jo\u0161 dvije. Razgovarali smo s izraelskim partnerima o me\u0111unarodnom povezivanju, prije svega zajedni\u010dkim master studijima, zajedni\u010dkim konferencijama, ljetnim \u0161kolama&#8221;, naglasila je prorektorica za me\u0111unarodnu suradnju prof. dr. Sanja Bijak\u0161i\u0107 te istaknula kako je sa strate\u0161ke razine va\u017eno da su dobili partnere koji \u0107e im omogu\u0107iti ostvarivanje liderske pozicije u informacijskim tehnologijama. &#8220;Va\u017eno je naglasiti da<br>postoje brojne mogu\u0107nosti i na drugim podru\u010djima suradnje poput biomedicine. Kod ovakvih oblika vrlo je va\u017eno povjerenje i kapaciteti. Biti pouzdan partner je uvjet prije svega. Sve to SUM posjeduje i odlu\u010dni smo mijenjati i sebe i dru\u0161tvo &#8211; zaklju\u010dila je Bijak\u0161i\u0107.<\/p>\n\n\n\n<p>Izaslanstvo Sveu\u010dili\u0161ta sudjelovalo je i na konferenciji &nbsp;Cybertech Tel Aviv 2022. Konferencija slu\u017ei kao najva\u017enija B2B platforma za umre\u017eavanje u globalnoj cyber industriji \u0161to je bila velika prilika za Sveu\u010dili\u0161te kako bi uspostavili i dogovorili potencijalne suradnje.&nbsp;<\/p>\n\n\n\n<p>-Posjeta mostarskog Sveu\u010dili\u0161ta Izraelu odnosno boravak u tamo\u0161njoj akademskoj sferi jo\u0161 nas je jednom uvjerila koliko su za na\u0161u budu\u0107nost i djelovanje zna\u010dajni ovakvi susreti: ovo je, mogu slobodno re\u0107i, ponajprije ljudski, a tek potom akademski i poslovni susret. Na\u0161e Sveu\u010dili\u0161te partnere u Izraelu do\u017eivljava i kao prijatelje i partnere i suradnike te nam je u planu nastaviti razvijati se i \u0161iriti u ovome smjeru, na poslovnoj i akademskoj razini &#8211; kazao je Marko Laco, ispred Ureda za me\u0111unarodnu suradnju Sveu\u010dili\u0161ta u Mostaru.<\/p>\n\n\n\n<p>Izvor:pogled.ba<\/p>\n","protected":false},"excerpt":{"rendered":"<p>Azrieli College of Engeering Jerusalem i Holon Institute od Technology iz Tel Aviva novi su strate\u0161ki partneri Sveu\u010dili\u0161ta u Mostaru. Potpisani sporazumi definiraju budu\u0107nost razvoja ne samo Sveu\u010dili\u0161ta nego i Bosne i Hercegovine. Izaslanstvo radnog posjeta Izraelu \u010dine rektor Sveu\u010dili\u0161ta u Mostaru prof. dr. Zoran Tomi\u0107, prorektorica za me\u0111unarodnu suradnju prof. dr. Sanja Bijak\u0161i\u0107, pomo\u0107nik [&hellip;]<\/p>\n","protected":false},"author":2,"featured_media":118056,"comment_status":"closed","ping_status":"closed","sticky":false,"template":"","format":"standard","meta":{"h5ap_radio_sources":[],"footnotes":""},"categories":[1],"tags":[],"class_list":["post-118055","post","type-post","status-publish","format-standard","has-post-thumbnail","hentry","category-bihiregija"],"yoast_head":"<!-- This site is optimized with the Yoast SEO plugin v27.5 - https:\/\/yoast.com\/product\/yoast-seo-wordpress\/ -->\n<title>SUM: Strate\u0161ka partnerstva u Izraelu za liderstvo u digitalnoj transformaciji dru\u0161tva - RADIO LJUBU\u0160KI<\/title>\n<meta name=\"robots\" content=\"index, follow, max-snippet:-1, max-image-preview:large, max-video-preview:-1\" \/>\n<link rel=\"canonical\" href=\"https:\/\/radioljubuski.ba\/index.php\/2022\/03\/04\/sum-strateska-partnerstva-u-izraelu-za-liderstvo-u-digitalnoj-transformaciji-drustva\/\" \/>\n<meta property=\"og:locale\" content=\"hr_HR\" \/>\n<meta property=\"og:type\" content=\"article\" \/>\n<meta property=\"og:title\" content=\"SUM: Strate\u0161ka partnerstva u Izraelu za liderstvo u digitalnoj transformaciji dru\u0161tva - RADIO LJUBU\u0160KI\" \/>\n<meta property=\"og:description\" content=\"Azrieli College of Engeering Jerusalem i Holon Institute od Technology iz Tel Aviva novi su strate\u0161ki partneri Sveu\u010dili\u0161ta u Mostaru. Potpisani sporazumi definiraju budu\u0107nost razvoja ne samo Sveu\u010dili\u0161ta nego i Bosne i Hercegovine. Izaslanstvo radnog posjeta Izraelu \u010dine rektor Sveu\u010dili\u0161ta u Mostaru prof. dr. Zoran Tomi\u0107, prorektorica za me\u0111unarodnu suradnju prof. dr. Sanja Bijak\u0161i\u0107, pomo\u0107nik [&hellip;]\" \/>\n<meta property=\"og:url\" content=\"https:\/\/radioljubuski.ba\/index.php\/2022\/03\/04\/sum-strateska-partnerstva-u-izraelu-za-liderstvo-u-digitalnoj-transformaciji-drustva\/\" \/>\n<meta property=\"og:site_name\" content=\"RADIO LJUBU\u0160KI\" \/>\n<meta property=\"article:publisher\" content=\"https:\/\/www.facebook.com\/Radiio-Ljubuski-1490835324566332\" \/>\n<meta property=\"article:published_time\" content=\"2022-03-04T10:15:08+00:00\" \/>\n<meta property=\"og:image\" content=\"https:\/\/radioljubuski.ba\/wp-content\/uploads\/2022\/03\/2-2022-03-04-09-14-58-SUM.jpeg\" \/>\n\t<meta property=\"og:image:width\" content=\"1000\" \/>\n\t<meta property=\"og:image:height\" content=\"625\" \/>\n\t<meta property=\"og:image:type\" content=\"image\/jpeg\" \/>\n<meta name=\"author\" content=\"Radio Ljubu\u0161ki\" \/>\n<meta name=\"twitter:card\" content=\"summary_large_image\" \/>\n<meta name=\"twitter:creator\" content=\"@radioljubuski\" \/>\n<meta name=\"twitter:site\" content=\"@radioljubuski\" \/>\n<meta name=\"twitter:label1\" content=\"Napisao\/la\" \/>\n\t<meta name=\"twitter:data1\" content=\"Radio Ljubu\u0161ki\" \/>\n\t<meta name=\"twitter:label2\" content=\"Procijenjeno vrijeme \u010ditanja\" \/>\n\t<meta name=\"twitter:data2\" content=\"4 minute\" \/>\n<script type=\"application\/ld+json\" class=\"yoast-schema-graph\">{\"@context\":\"https:\\\/\\\/schema.org\",\"@graph\":[{\"@type\":\"Article\",\"@id\":\"https:\\\/\\\/radioljubuski.ba\\\/index.php\\\/2022\\\/03\\\/04\\\/sum-strateska-partnerstva-u-izraelu-za-liderstvo-u-digitalnoj-transformaciji-drustva\\\/#article\",\"isPartOf\":{\"@id\":\"https:\\\/\\\/radioljubuski.ba\\\/index.php\\\/2022\\\/03\\\/04\\\/sum-strateska-partnerstva-u-izraelu-za-liderstvo-u-digitalnoj-transformaciji-drustva\\\/\"},\"author\":{\"name\":\"Radio Ljubu\u0161ki\",\"@id\":\"https:\\\/\\\/radioljubuski.ba\\\/#\\\/schema\\\/person\\\/19fc700381a780f69665d7956c469e3b\"},\"headline\":\"SUM: Strate\u0161ka partnerstva u Izraelu za liderstvo u digitalnoj transformaciji dru\u0161tva\",\"datePublished\":\"2022-03-04T10:15:08+00:00\",\"mainEntityOfPage\":{\"@id\":\"https:\\\/\\\/radioljubuski.ba\\\/index.php\\\/2022\\\/03\\\/04\\\/sum-strateska-partnerstva-u-izraelu-za-liderstvo-u-digitalnoj-transformaciji-drustva\\\/\"},\"wordCount\":895,\"publisher\":{\"@id\":\"https:\\\/\\\/radioljubuski.ba\\\/#organization\"},\"image\":{\"@id\":\"https:\\\/\\\/radioljubuski.ba\\\/index.php\\\/2022\\\/03\\\/04\\\/sum-strateska-partnerstva-u-izraelu-za-liderstvo-u-digitalnoj-transformaciji-drustva\\\/#primaryimage\"},\"thumbnailUrl\":\"https:\\\/\\\/radioljubuski.ba\\\/wp-content\\\/uploads\\\/2022\\\/03\\\/2-2022-03-04-09-14-58-SUM.jpeg\",\"articleSection\":[\"BIH i regija\"],\"inLanguage\":\"hr\"},{\"@type\":\"WebPage\",\"@id\":\"https:\\\/\\\/radioljubuski.ba\\\/index.php\\\/2022\\\/03\\\/04\\\/sum-strateska-partnerstva-u-izraelu-za-liderstvo-u-digitalnoj-transformaciji-drustva\\\/\",\"url\":\"https:\\\/\\\/radioljubuski.ba\\\/index.php\\\/2022\\\/03\\\/04\\\/sum-strateska-partnerstva-u-izraelu-za-liderstvo-u-digitalnoj-transformaciji-drustva\\\/\",\"name\":\"SUM: Strate\u0161ka partnerstva u Izraelu za liderstvo u digitalnoj transformaciji dru\u0161tva - RADIO LJUBU\u0160KI\",\"isPartOf\":{\"@id\":\"https:\\\/\\\/radioljubuski.ba\\\/#website\"},\"primaryImageOfPage\":{\"@id\":\"https:\\\/\\\/radioljubuski.ba\\\/index.php\\\/2022\\\/03\\\/04\\\/sum-strateska-partnerstva-u-izraelu-za-liderstvo-u-digitalnoj-transformaciji-drustva\\\/#primaryimage\"},\"image\":{\"@id\":\"https:\\\/\\\/radioljubuski.ba\\\/index.php\\\/2022\\\/03\\\/04\\\/sum-strateska-partnerstva-u-izraelu-za-liderstvo-u-digitalnoj-transformaciji-drustva\\\/#primaryimage\"},\"thumbnailUrl\":\"https:\\\/\\\/radioljubuski.ba\\\/wp-content\\\/uploads\\\/2022\\\/03\\\/2-2022-03-04-09-14-58-SUM.jpeg\",\"datePublished\":\"2022-03-04T10:15:08+00:00\",\"breadcrumb\":{\"@id\":\"https:\\\/\\\/radioljubuski.ba\\\/index.php\\\/2022\\\/03\\\/04\\\/sum-strateska-partnerstva-u-izraelu-za-liderstvo-u-digitalnoj-transformaciji-drustva\\\/#breadcrumb\"},\"inLanguage\":\"hr\",\"potentialAction\":[{\"@type\":\"ReadAction\",\"target\":[\"https:\\\/\\\/radioljubuski.ba\\\/index.php\\\/2022\\\/03\\\/04\\\/sum-strateska-partnerstva-u-izraelu-za-liderstvo-u-digitalnoj-transformaciji-drustva\\\/\"]}]},{\"@type\":\"ImageObject\",\"inLanguage\":\"hr\",\"@id\":\"https:\\\/\\\/radioljubuski.ba\\\/index.php\\\/2022\\\/03\\\/04\\\/sum-strateska-partnerstva-u-izraelu-za-liderstvo-u-digitalnoj-transformaciji-drustva\\\/#primaryimage\",\"url\":\"https:\\\/\\\/radioljubuski.ba\\\/wp-content\\\/uploads\\\/2022\\\/03\\\/2-2022-03-04-09-14-58-SUM.jpeg\",\"contentUrl\":\"https:\\\/\\\/radioljubuski.ba\\\/wp-content\\\/uploads\\\/2022\\\/03\\\/2-2022-03-04-09-14-58-SUM.jpeg\",\"width\":1000,\"height\":625},{\"@type\":\"BreadcrumbList\",\"@id\":\"https:\\\/\\\/radioljubuski.ba\\\/index.php\\\/2022\\\/03\\\/04\\\/sum-strateska-partnerstva-u-izraelu-za-liderstvo-u-digitalnoj-transformaciji-drustva\\\/#breadcrumb\",\"itemListElement\":[{\"@type\":\"ListItem\",\"position\":1,\"name\":\"Po\u010detna stranica\",\"item\":\"https:\\\/\\\/radioljubuski.ba\\\/\"},{\"@type\":\"ListItem\",\"position\":2,\"name\":\"SUM: Strate\u0161ka partnerstva u Izraelu za liderstvo u digitalnoj transformaciji dru\u0161tva\"}]},{\"@type\":\"WebSite\",\"@id\":\"https:\\\/\\\/radioljubuski.ba\\\/#website\",\"url\":\"https:\\\/\\\/radioljubuski.ba\\\/\",\"name\":\"Radio Ljubu\u0161ki\",\"description\":\"Sun\u010dana frekvencija Hercegovine\",\"publisher\":{\"@id\":\"https:\\\/\\\/radioljubuski.ba\\\/#organization\"},\"potentialAction\":[{\"@type\":\"SearchAction\",\"target\":{\"@type\":\"EntryPoint\",\"urlTemplate\":\"https:\\\/\\\/radioljubuski.ba\\\/?s={search_term_string}\"},\"query-input\":{\"@type\":\"PropertyValueSpecification\",\"valueRequired\":true,\"valueName\":\"search_term_string\"}}],\"inLanguage\":\"hr\"},{\"@type\":\"Organization\",\"@id\":\"https:\\\/\\\/radioljubuski.ba\\\/#organization\",\"name\":\"Radio Ljubu\u0161ki\",\"url\":\"https:\\\/\\\/radioljubuski.ba\\\/\",\"logo\":{\"@type\":\"ImageObject\",\"inLanguage\":\"hr\",\"@id\":\"https:\\\/\\\/radioljubuski.ba\\\/#\\\/schema\\\/logo\\\/image\\\/\",\"url\":\"https:\\\/\\\/radioljubuski.ba\\\/wp-content\\\/uploads\\\/2021\\\/02\\\/cropped-Radio_Ljubuski_logo1.jpg\",\"contentUrl\":\"https:\\\/\\\/radioljubuski.ba\\\/wp-content\\\/uploads\\\/2021\\\/02\\\/cropped-Radio_Ljubuski_logo1.jpg\",\"width\":512,\"height\":512,\"caption\":\"Radio Ljubu\u0161ki\"},\"image\":{\"@id\":\"https:\\\/\\\/radioljubuski.ba\\\/#\\\/schema\\\/logo\\\/image\\\/\"},\"sameAs\":[\"https:\\\/\\\/www.facebook.com\\\/Radiio-Ljubuski-1490835324566332\",\"https:\\\/\\\/x.com\\\/radioljubuski\",\"https:\\\/\\\/hr.linkedin.com\\\/company\\\/radio-ljubuski\",\"https:\\\/\\\/www.youtube.com\\\/channel\\\/UCHYaeO_n0Db3tjNGudGpXyw\"]},{\"@type\":\"Person\",\"@id\":\"https:\\\/\\\/radioljubuski.ba\\\/#\\\/schema\\\/person\\\/19fc700381a780f69665d7956c469e3b\",\"name\":\"Radio Ljubu\u0161ki\"}]}<\/script>\n<!-- \/ Yoast SEO plugin. -->","yoast_head_json":{"title":"SUM: Strate\u0161ka partnerstva u Izraelu za liderstvo u digitalnoj transformaciji dru\u0161tva - RADIO LJUBU\u0160KI","robots":{"index":"index","follow":"follow","max-snippet":"max-snippet:-1","max-image-preview":"max-image-preview:large","max-video-preview":"max-video-preview:-1"},"canonical":"https:\/\/radioljubuski.ba\/index.php\/2022\/03\/04\/sum-strateska-partnerstva-u-izraelu-za-liderstvo-u-digitalnoj-transformaciji-drustva\/","og_locale":"hr_HR","og_type":"article","og_title":"SUM: Strate\u0161ka partnerstva u Izraelu za liderstvo u digitalnoj transformaciji dru\u0161tva - RADIO LJUBU\u0160KI","og_description":"Azrieli College of Engeering Jerusalem i Holon Institute od Technology iz Tel Aviva novi su strate\u0161ki partneri Sveu\u010dili\u0161ta u Mostaru. Potpisani sporazumi definiraju budu\u0107nost razvoja ne samo Sveu\u010dili\u0161ta nego i Bosne i Hercegovine. Izaslanstvo radnog posjeta Izraelu \u010dine rektor Sveu\u010dili\u0161ta u Mostaru prof. dr. Zoran Tomi\u0107, prorektorica za me\u0111unarodnu suradnju prof. dr. Sanja Bijak\u0161i\u0107, pomo\u0107nik [&hellip;]","og_url":"https:\/\/radioljubuski.ba\/index.php\/2022\/03\/04\/sum-strateska-partnerstva-u-izraelu-za-liderstvo-u-digitalnoj-transformaciji-drustva\/","og_site_name":"RADIO LJUBU\u0160KI","article_publisher":"https:\/\/www.facebook.com\/Radiio-Ljubuski-1490835324566332","article_published_time":"2022-03-04T10:15:08+00:00","og_image":[{"width":1000,"height":625,"url":"https:\/\/radioljubuski.ba\/wp-content\/uploads\/2022\/03\/2-2022-03-04-09-14-58-SUM.jpeg","type":"image\/jpeg"}],"author":"Radio Ljubu\u0161ki","twitter_card":"summary_large_image","twitter_creator":"@radioljubuski","twitter_site":"@radioljubuski","twitter_misc":{"Napisao\/la":"Radio Ljubu\u0161ki","Procijenjeno vrijeme \u010ditanja":"4 minute"},"schema":{"@context":"https:\/\/schema.org","@graph":[{"@type":"Article","@id":"https:\/\/radioljubuski.ba\/index.php\/2022\/03\/04\/sum-strateska-partnerstva-u-izraelu-za-liderstvo-u-digitalnoj-transformaciji-drustva\/#article","isPartOf":{"@id":"https:\/\/radioljubuski.ba\/index.php\/2022\/03\/04\/sum-strateska-partnerstva-u-izraelu-za-liderstvo-u-digitalnoj-transformaciji-drustva\/"},"author":{"name":"Radio Ljubu\u0161ki","@id":"https:\/\/radioljubuski.ba\/#\/schema\/person\/19fc700381a780f69665d7956c469e3b"},"headline":"SUM: Strate\u0161ka partnerstva u Izraelu za liderstvo u digitalnoj transformaciji dru\u0161tva","datePublished":"2022-03-04T10:15:08+00:00","mainEntityOfPage":{"@id":"https:\/\/radioljubuski.ba\/index.php\/2022\/03\/04\/sum-strateska-partnerstva-u-izraelu-za-liderstvo-u-digitalnoj-transformaciji-drustva\/"},"wordCount":895,"publisher":{"@id":"https:\/\/radioljubuski.ba\/#organization"},"image":{"@id":"https:\/\/radioljubuski.ba\/index.php\/2022\/03\/04\/sum-strateska-partnerstva-u-izraelu-za-liderstvo-u-digitalnoj-transformaciji-drustva\/#primaryimage"},"thumbnailUrl":"https:\/\/radioljubuski.ba\/wp-content\/uploads\/2022\/03\/2-2022-03-04-09-14-58-SUM.jpeg","articleSection":["BIH i regija"],"inLanguage":"hr"},{"@type":"WebPage","@id":"https:\/\/radioljubuski.ba\/index.php\/2022\/03\/04\/sum-strateska-partnerstva-u-izraelu-za-liderstvo-u-digitalnoj-transformaciji-drustva\/","url":"https:\/\/radioljubuski.ba\/index.php\/2022\/03\/04\/sum-strateska-partnerstva-u-izraelu-za-liderstvo-u-digitalnoj-transformaciji-drustva\/","name":"SUM: Strate\u0161ka partnerstva u Izraelu za liderstvo u digitalnoj transformaciji dru\u0161tva - RADIO LJUBU\u0160KI","isPartOf":{"@id":"https:\/\/radioljubuski.ba\/#website"},"primaryImageOfPage":{"@id":"https:\/\/radioljubuski.ba\/index.php\/2022\/03\/04\/sum-strateska-partnerstva-u-izraelu-za-liderstvo-u-digitalnoj-transformaciji-drustva\/#primaryimage"},"image":{"@id":"https:\/\/radioljubuski.ba\/index.php\/2022\/03\/04\/sum-strateska-partnerstva-u-izraelu-za-liderstvo-u-digitalnoj-transformaciji-drustva\/#primaryimage"},"thumbnailUrl":"https:\/\/radioljubuski.ba\/wp-content\/uploads\/2022\/03\/2-2022-03-04-09-14-58-SUM.jpeg","datePublished":"2022-03-04T10:15:08+00:00","breadcrumb":{"@id":"https:\/\/radioljubuski.ba\/index.php\/2022\/03\/04\/sum-strateska-partnerstva-u-izraelu-za-liderstvo-u-digitalnoj-transformaciji-drustva\/#breadcrumb"},"inLanguage":"hr","potentialAction":[{"@type":"ReadAction","target":["https:\/\/radioljubuski.ba\/index.php\/2022\/03\/04\/sum-strateska-partnerstva-u-izraelu-za-liderstvo-u-digitalnoj-transformaciji-drustva\/"]}]},{"@type":"ImageObject","inLanguage":"hr","@id":"https:\/\/radioljubuski.ba\/index.php\/2022\/03\/04\/sum-strateska-partnerstva-u-izraelu-za-liderstvo-u-digitalnoj-transformaciji-drustva\/#primaryimage","url":"https:\/\/radioljubuski.ba\/wp-content\/uploads\/2022\/03\/2-2022-03-04-09-14-58-SUM.jpeg","contentUrl":"https:\/\/radioljubuski.ba\/wp-content\/uploads\/2022\/03\/2-2022-03-04-09-14-58-SUM.jpeg","width":1000,"height":625},{"@type":"BreadcrumbList","@id":"https:\/\/radioljubuski.ba\/index.php\/2022\/03\/04\/sum-strateska-partnerstva-u-izraelu-za-liderstvo-u-digitalnoj-transformaciji-drustva\/#breadcrumb","itemListElement":[{"@type":"ListItem","position":1,"name":"Po\u010detna stranica","item":"https:\/\/radioljubuski.ba\/"},{"@type":"ListItem","position":2,"name":"SUM: Strate\u0161ka partnerstva u Izraelu za liderstvo u digitalnoj transformaciji dru\u0161tva"}]},{"@type":"WebSite","@id":"https:\/\/radioljubuski.ba\/#website","url":"https:\/\/radioljubuski.ba\/","name":"Radio Ljubu\u0161ki","description":"Sun\u010dana frekvencija Hercegovine","publisher":{"@id":"https:\/\/radioljubuski.ba\/#organization"},"potentialAction":[{"@type":"SearchAction","target":{"@type":"EntryPoint","urlTemplate":"https:\/\/radioljubuski.ba\/?s={search_term_string}"},"query-input":{"@type":"PropertyValueSpecification","valueRequired":true,"valueName":"search_term_string"}}],"inLanguage":"hr"},{"@type":"Organization","@id":"https:\/\/radioljubuski.ba\/#organization","name":"Radio Ljubu\u0161ki","url":"https:\/\/radioljubuski.ba\/","logo":{"@type":"ImageObject","inLanguage":"hr","@id":"https:\/\/radioljubuski.ba\/#\/schema\/logo\/image\/","url":"https:\/\/radioljubuski.ba\/wp-content\/uploads\/2021\/02\/cropped-Radio_Ljubuski_logo1.jpg","contentUrl":"https:\/\/radioljubuski.ba\/wp-content\/uploads\/2021\/02\/cropped-Radio_Ljubuski_logo1.jpg","width":512,"height":512,"caption":"Radio Ljubu\u0161ki"},"image":{"@id":"https:\/\/radioljubuski.ba\/#\/schema\/logo\/image\/"},"sameAs":["https:\/\/www.facebook.com\/Radiio-Ljubuski-1490835324566332","https:\/\/x.com\/radioljubuski","https:\/\/hr.linkedin.com\/company\/radio-ljubuski","https:\/\/www.youtube.com\/channel\/UCHYaeO_n0Db3tjNGudGpXyw"]},{"@type":"Person","@id":"https:\/\/radioljubuski.ba\/#\/schema\/person\/19fc700381a780f69665d7956c469e3b","name":"Radio Ljubu\u0161ki"}]}},"_links":{"self":[{"href":"https:\/\/radioljubuski.ba\/index.php\/wp-json\/wp\/v2\/posts\/118055","targetHints":{"allow":["GET"]}}],"collection":[{"href":"https:\/\/radioljubuski.ba\/index.php\/wp-json\/wp\/v2\/posts"}],"about":[{"href":"https:\/\/radioljubuski.ba\/index.php\/wp-json\/wp\/v2\/types\/post"}],"author":[{"embeddable":true,"href":"https:\/\/radioljubuski.ba\/index.php\/wp-json\/wp\/v2\/users\/2"}],"replies":[{"embeddable":true,"href":"https:\/\/radioljubuski.ba\/index.php\/wp-json\/wp\/v2\/comments?post=118055"}],"version-history":[{"count":1,"href":"https:\/\/radioljubuski.ba\/index.php\/wp-json\/wp\/v2\/posts\/118055\/revisions"}],"predecessor-version":[{"id":118058,"href":"https:\/\/radioljubuski.ba\/index.php\/wp-json\/wp\/v2\/posts\/118055\/revisions\/118058"}],"wp:featuredmedia":[{"embeddable":true,"href":"https:\/\/radioljubuski.ba\/index.php\/wp-json\/wp\/v2\/media\/118056"}],"wp:attachment":[{"href":"https:\/\/radioljubuski.ba\/index.php\/wp-json\/wp\/v2\/media?parent=118055"}],"wp:term":[{"taxonomy":"category","embeddable":true,"href":"https:\/\/radioljubuski.ba\/index.php\/wp-json\/wp\/v2\/categories?post=118055"},{"taxonomy":"post_tag","embeddable":true,"href":"https:\/\/radioljubuski.ba\/index.php\/wp-json\/wp\/v2\/tags?post=118055"}],"curies":[{"name":"wp","href":"https:\/\/api.w.org\/{rel}","templated":true}]}}