{"id":118057,"date":"2022-03-04T11:16:16","date_gmt":"2022-03-04T10:16:16","guid":{"rendered":"https:\/\/radioljubuski.ba\/?p=118057"},"modified":"2022-03-04T11:16:17","modified_gmt":"2022-03-04T10:16:17","slug":"novinarka-krv-djevojcice-je-na-vasim-rukama-lavrov-sjetite-se-kako-ste-se-ponasali-kad-je-kijevski-rezim-ubijao-djevojcice-i-zene-u-donbasu","status":"publish","type":"post","link":"https:\/\/radioljubuski.ba\/index.php\/2022\/03\/04\/novinarka-krv-djevojcice-je-na-vasim-rukama-lavrov-sjetite-se-kako-ste-se-ponasali-kad-je-kijevski-rezim-ubijao-djevojcice-i-zene-u-donbasu\/","title":{"rendered":"Novinarka: Krv djevoj\u010dice je na va\u0161im rukama; Lavrov: Sjetite se kako ste se pona\u0161ali kad je kijevski re\u017eim ubijao djevoj\u010dice i \u017eene u Donbasu"},"content":{"rendered":"\n<p>Ruski ministar vanjskih poslova Sergej Lavrov odr\u017eao je konferenciju za medije na kojoj su bili prisutni i strani novinari. Nakon&nbsp;<a href=\"https:\/\/www.dnevnik.ba\/vijesti\/lavrov-optuzio-ameriku-zbog-diktiranja-nijemcima-i-usporedio-je-s-hitlerom-2628052\" target=\"_blank\" rel=\"noreferrer noopener\">prvih citata izjave o Amerikancima i Hitleru<\/a>, stiglo je op\u0161irnije izvje\u0161\u0107e s ostalim zanimljivim izjavama.Novinarka britanske televizije Channel 4 pitala je Lavrova sprema li Rusija obranu za potencijalno su\u0111enje za ratne zlo\u010dine nakon \u0161to je Me\u0111unarodni kazneni sud potvrdio da istra\u017euje.<\/p>\n\n\n\n<p>\u201cImate publiku i naravno da \u017eelite podi\u0107i tenzije. To \u0161to radite nije posao medija, to je instrument za stavljanje ideja u glave va\u0161ih gledatelja\u201d, odgovorio je Lavrov.<\/p>\n\n\n\n<p>\u201cNe opravdavam bilo kakve akcije koje su dovele do smrti civila, ali nismo mi izmislili izraz \u2018kolateralna \u0161teta\u2019. To su izmislili na\u0161i zapadni partneri u svojim avanturama u Iraku, Libiji i tako dalje. Jeste li s istim emocijama pratili situaciju u Iraku i Libiji, gdje su umirale stotine i tisu\u0107e civila? Ne mogu se sjetiti toga\u201d, pitao je Lavrov novinarku.<\/p>\n\n\n\n<p>Novinarka mu je odgovorila: \u201cDa, tada jesam, ali sada ste vi pokrenuli rat i Polinina krv je na va\u0161im rukama.\u201d Referirala se na djevoj\u010dicu koja je prije nekoliko dana ubijena u ruskom napadu.<\/p>\n\n\n\n<p>\u201cOvo je kao televizijski show. Ako \u017eelite \u010duti moj stav, detaljno sam objasnio, uklju\u010duju\u0107i i humanitarni aspekt operacije\u201d, rekao je Lavrov.<\/p>\n\n\n\n<p>\u201cNaravno, razumijem da \u0107ete izvje\u0161tavati na na\u010din na koji \u017eelite izvje\u0161tavati, ali \u017eelim vas podsjetiti da i novinari imaju savjest. Sjetite se kako ste se pona\u0161ali kad je kijevski re\u017eim ubijao djevoj\u010dice i \u017eene u Donbasu u proteklih osam godina\u201d, rekao je ruski \u0161ef diplomacije, prenosi Dnevnik.ba.<\/p>\n\n\n\n<p><strong>Izvor: Centralna.ba<\/strong><\/p>\n","protected":false},"excerpt":{"rendered":"<p>Ruski ministar vanjskih poslova Sergej Lavrov odr\u017eao je konferenciju za medije na kojoj su bili prisutni i strani novinari. Nakon&nbsp;prvih citata izjave o Amerikancima i Hitleru, stiglo je op\u0161irnije izvje\u0161\u0107e s ostalim zanimljivim izjavama.Novinarka britanske televizije Channel 4 pitala je Lavrova sprema li Rusija obranu za potencijalno su\u0111enje za ratne zlo\u010dine nakon \u0161to je Me\u0111unarodni [&hellip;]<\/p>\n","protected":false},"author":2,"featured_media":118061,"comment_status":"closed","ping_status":"closed","sticky":false,"template":"","format":"standard","meta":{"h5ap_radio_sources":[],"footnotes":""},"categories":[1],"tags":[],"class_list":["post-118057","post","type-post","status-publish","format-standard","has-post-thumbnail","hentry","category-bihiregija"],"yoast_head":"<!-- This site is optimized with the Yoast SEO plugin v27.5 - https:\/\/yoast.com\/product\/yoast-seo-wordpress\/ -->\n<title>Novinarka: Krv djevoj\u010dice je na va\u0161im rukama; Lavrov: Sjetite se kako ste se pona\u0161ali kad je kijevski re\u017eim ubijao djevoj\u010dice i \u017eene u Donbasu - RADIO LJUBU\u0160KI<\/title>\n<meta name=\"robots\" content=\"index, follow, max-snippet:-1, max-image-preview:large, max-video-preview:-1\" \/>\n<link rel=\"canonical\" href=\"https:\/\/radioljubuski.ba\/index.php\/2022\/03\/04\/novinarka-krv-djevojcice-je-na-vasim-rukama-lavrov-sjetite-se-kako-ste-se-ponasali-kad-je-kijevski-rezim-ubijao-djevojcice-i-zene-u-donbasu\/\" \/>\n<meta property=\"og:locale\" content=\"hr_HR\" \/>\n<meta property=\"og:type\" content=\"article\" \/>\n<meta property=\"og:title\" content=\"Novinarka: Krv djevoj\u010dice je na va\u0161im rukama; Lavrov: Sjetite se kako ste se pona\u0161ali kad je kijevski re\u017eim ubijao djevoj\u010dice i \u017eene u Donbasu - RADIO LJUBU\u0160KI\" \/>\n<meta property=\"og:description\" content=\"Ruski ministar vanjskih poslova Sergej Lavrov odr\u017eao je konferenciju za medije na kojoj su bili prisutni i strani novinari. Nakon&nbsp;prvih citata izjave o Amerikancima i Hitleru, stiglo je op\u0161irnije izvje\u0161\u0107e s ostalim zanimljivim izjavama.Novinarka britanske televizije Channel 4 pitala je Lavrova sprema li Rusija obranu za potencijalno su\u0111enje za ratne zlo\u010dine nakon \u0161to je Me\u0111unarodni [&hellip;]\" \/>\n<meta property=\"og:url\" content=\"https:\/\/radioljubuski.ba\/index.php\/2022\/03\/04\/novinarka-krv-djevojcice-je-na-vasim-rukama-lavrov-sjetite-se-kako-ste-se-ponasali-kad-je-kijevski-rezim-ubijao-djevojcice-i-zene-u-donbasu\/\" \/>\n<meta property=\"og:site_name\" content=\"RADIO LJUBU\u0160KI\" \/>\n<meta property=\"article:publisher\" content=\"https:\/\/www.facebook.com\/Radiio-Ljubuski-1490835324566332\" \/>\n<meta property=\"article:published_time\" content=\"2022-03-04T10:16:16+00:00\" \/>\n<meta property=\"article:modified_time\" content=\"2022-03-04T10:16:17+00:00\" \/>\n<meta property=\"og:image\" content=\"https:\/\/radioljubuski.ba\/wp-content\/uploads\/2022\/03\/lavrov.jpg\" \/>\n\t<meta property=\"og:image:width\" content=\"830\" \/>\n\t<meta property=\"og:image:height\" content=\"620\" \/>\n\t<meta property=\"og:image:type\" content=\"image\/jpeg\" \/>\n<meta name=\"author\" content=\"Radio Ljubu\u0161ki\" \/>\n<meta name=\"twitter:card\" content=\"summary_large_image\" \/>\n<meta name=\"twitter:creator\" content=\"@radioljubuski\" \/>\n<meta name=\"twitter:site\" content=\"@radioljubuski\" \/>\n<meta name=\"twitter:label1\" content=\"Napisao\/la\" \/>\n\t<meta name=\"twitter:data1\" content=\"Radio Ljubu\u0161ki\" \/>\n\t<meta name=\"twitter:label2\" content=\"Procijenjeno vrijeme \u010ditanja\" \/>\n\t<meta name=\"twitter:data2\" content=\"2 minute\" \/>\n<script type=\"application\/ld+json\" class=\"yoast-schema-graph\">{\"@context\":\"https:\\\/\\\/schema.org\",\"@graph\":[{\"@type\":\"Article\",\"@id\":\"https:\\\/\\\/radioljubuski.ba\\\/index.php\\\/2022\\\/03\\\/04\\\/novinarka-krv-djevojcice-je-na-vasim-rukama-lavrov-sjetite-se-kako-ste-se-ponasali-kad-je-kijevski-rezim-ubijao-djevojcice-i-zene-u-donbasu\\\/#article\",\"isPartOf\":{\"@id\":\"https:\\\/\\\/radioljubuski.ba\\\/index.php\\\/2022\\\/03\\\/04\\\/novinarka-krv-djevojcice-je-na-vasim-rukama-lavrov-sjetite-se-kako-ste-se-ponasali-kad-je-kijevski-rezim-ubijao-djevojcice-i-zene-u-donbasu\\\/\"},\"author\":{\"name\":\"Radio Ljubu\u0161ki\",\"@id\":\"https:\\\/\\\/radioljubuski.ba\\\/#\\\/schema\\\/person\\\/19fc700381a780f69665d7956c469e3b\"},\"headline\":\"Novinarka: Krv djevoj\u010dice je na va\u0161im rukama; Lavrov: Sjetite se kako ste se pona\u0161ali kad je kijevski re\u017eim ubijao djevoj\u010dice i \u017eene u Donbasu\",\"datePublished\":\"2022-03-04T10:16:16+00:00\",\"dateModified\":\"2022-03-04T10:16:17+00:00\",\"mainEntityOfPage\":{\"@id\":\"https:\\\/\\\/radioljubuski.ba\\\/index.php\\\/2022\\\/03\\\/04\\\/novinarka-krv-djevojcice-je-na-vasim-rukama-lavrov-sjetite-se-kako-ste-se-ponasali-kad-je-kijevski-rezim-ubijao-djevojcice-i-zene-u-donbasu\\\/\"},\"wordCount\":304,\"publisher\":{\"@id\":\"https:\\\/\\\/radioljubuski.ba\\\/#organization\"},\"image\":{\"@id\":\"https:\\\/\\\/radioljubuski.ba\\\/index.php\\\/2022\\\/03\\\/04\\\/novinarka-krv-djevojcice-je-na-vasim-rukama-lavrov-sjetite-se-kako-ste-se-ponasali-kad-je-kijevski-rezim-ubijao-djevojcice-i-zene-u-donbasu\\\/#primaryimage\"},\"thumbnailUrl\":\"https:\\\/\\\/radioljubuski.ba\\\/wp-content\\\/uploads\\\/2022\\\/03\\\/lavrov.jpg\",\"articleSection\":[\"BIH i regija\"],\"inLanguage\":\"hr\"},{\"@type\":\"WebPage\",\"@id\":\"https:\\\/\\\/radioljubuski.ba\\\/index.php\\\/2022\\\/03\\\/04\\\/novinarka-krv-djevojcice-je-na-vasim-rukama-lavrov-sjetite-se-kako-ste-se-ponasali-kad-je-kijevski-rezim-ubijao-djevojcice-i-zene-u-donbasu\\\/\",\"url\":\"https:\\\/\\\/radioljubuski.ba\\\/index.php\\\/2022\\\/03\\\/04\\\/novinarka-krv-djevojcice-je-na-vasim-rukama-lavrov-sjetite-se-kako-ste-se-ponasali-kad-je-kijevski-rezim-ubijao-djevojcice-i-zene-u-donbasu\\\/\",\"name\":\"Novinarka: Krv djevoj\u010dice je na va\u0161im rukama; Lavrov: Sjetite se kako ste se pona\u0161ali kad je kijevski re\u017eim ubijao djevoj\u010dice i \u017eene u Donbasu - RADIO LJUBU\u0160KI\",\"isPartOf\":{\"@id\":\"https:\\\/\\\/radioljubuski.ba\\\/#website\"},\"primaryImageOfPage\":{\"@id\":\"https:\\\/\\\/radioljubuski.ba\\\/index.php\\\/2022\\\/03\\\/04\\\/novinarka-krv-djevojcice-je-na-vasim-rukama-lavrov-sjetite-se-kako-ste-se-ponasali-kad-je-kijevski-rezim-ubijao-djevojcice-i-zene-u-donbasu\\\/#primaryimage\"},\"image\":{\"@id\":\"https:\\\/\\\/radioljubuski.ba\\\/index.php\\\/2022\\\/03\\\/04\\\/novinarka-krv-djevojcice-je-na-vasim-rukama-lavrov-sjetite-se-kako-ste-se-ponasali-kad-je-kijevski-rezim-ubijao-djevojcice-i-zene-u-donbasu\\\/#primaryimage\"},\"thumbnailUrl\":\"https:\\\/\\\/radioljubuski.ba\\\/wp-content\\\/uploads\\\/2022\\\/03\\\/lavrov.jpg\",\"datePublished\":\"2022-03-04T10:16:16+00:00\",\"dateModified\":\"2022-03-04T10:16:17+00:00\",\"breadcrumb\":{\"@id\":\"https:\\\/\\\/radioljubuski.ba\\\/index.php\\\/2022\\\/03\\\/04\\\/novinarka-krv-djevojcice-je-na-vasim-rukama-lavrov-sjetite-se-kako-ste-se-ponasali-kad-je-kijevski-rezim-ubijao-djevojcice-i-zene-u-donbasu\\\/#breadcrumb\"},\"inLanguage\":\"hr\",\"potentialAction\":[{\"@type\":\"ReadAction\",\"target\":[\"https:\\\/\\\/radioljubuski.ba\\\/index.php\\\/2022\\\/03\\\/04\\\/novinarka-krv-djevojcice-je-na-vasim-rukama-lavrov-sjetite-se-kako-ste-se-ponasali-kad-je-kijevski-rezim-ubijao-djevojcice-i-zene-u-donbasu\\\/\"]}]},{\"@type\":\"ImageObject\",\"inLanguage\":\"hr\",\"@id\":\"https:\\\/\\\/radioljubuski.ba\\\/index.php\\\/2022\\\/03\\\/04\\\/novinarka-krv-djevojcice-je-na-vasim-rukama-lavrov-sjetite-se-kako-ste-se-ponasali-kad-je-kijevski-rezim-ubijao-djevojcice-i-zene-u-donbasu\\\/#primaryimage\",\"url\":\"https:\\\/\\\/radioljubuski.ba\\\/wp-content\\\/uploads\\\/2022\\\/03\\\/lavrov.jpg\",\"contentUrl\":\"https:\\\/\\\/radioljubuski.ba\\\/wp-content\\\/uploads\\\/2022\\\/03\\\/lavrov.jpg\",\"width\":830,\"height\":620},{\"@type\":\"BreadcrumbList\",\"@id\":\"https:\\\/\\\/radioljubuski.ba\\\/index.php\\\/2022\\\/03\\\/04\\\/novinarka-krv-djevojcice-je-na-vasim-rukama-lavrov-sjetite-se-kako-ste-se-ponasali-kad-je-kijevski-rezim-ubijao-djevojcice-i-zene-u-donbasu\\\/#breadcrumb\",\"itemListElement\":[{\"@type\":\"ListItem\",\"position\":1,\"name\":\"Po\u010detna stranica\",\"item\":\"https:\\\/\\\/radioljubuski.ba\\\/\"},{\"@type\":\"ListItem\",\"position\":2,\"name\":\"Novinarka: Krv djevoj\u010dice je na va\u0161im rukama; Lavrov: Sjetite se kako ste se pona\u0161ali kad je kijevski re\u017eim ubijao djevoj\u010dice i \u017eene u Donbasu\"}]},{\"@type\":\"WebSite\",\"@id\":\"https:\\\/\\\/radioljubuski.ba\\\/#website\",\"url\":\"https:\\\/\\\/radioljubuski.ba\\\/\",\"name\":\"Radio Ljubu\u0161ki\",\"description\":\"Sun\u010dana frekvencija Hercegovine\",\"publisher\":{\"@id\":\"https:\\\/\\\/radioljubuski.ba\\\/#organization\"},\"potentialAction\":[{\"@type\":\"SearchAction\",\"target\":{\"@type\":\"EntryPoint\",\"urlTemplate\":\"https:\\\/\\\/radioljubuski.ba\\\/?s={search_term_string}\"},\"query-input\":{\"@type\":\"PropertyValueSpecification\",\"valueRequired\":true,\"valueName\":\"search_term_string\"}}],\"inLanguage\":\"hr\"},{\"@type\":\"Organization\",\"@id\":\"https:\\\/\\\/radioljubuski.ba\\\/#organization\",\"name\":\"Radio Ljubu\u0161ki\",\"url\":\"https:\\\/\\\/radioljubuski.ba\\\/\",\"logo\":{\"@type\":\"ImageObject\",\"inLanguage\":\"hr\",\"@id\":\"https:\\\/\\\/radioljubuski.ba\\\/#\\\/schema\\\/logo\\\/image\\\/\",\"url\":\"https:\\\/\\\/radioljubuski.ba\\\/wp-content\\\/uploads\\\/2021\\\/02\\\/cropped-Radio_Ljubuski_logo1.jpg\",\"contentUrl\":\"https:\\\/\\\/radioljubuski.ba\\\/wp-content\\\/uploads\\\/2021\\\/02\\\/cropped-Radio_Ljubuski_logo1.jpg\",\"width\":512,\"height\":512,\"caption\":\"Radio Ljubu\u0161ki\"},\"image\":{\"@id\":\"https:\\\/\\\/radioljubuski.ba\\\/#\\\/schema\\\/logo\\\/image\\\/\"},\"sameAs\":[\"https:\\\/\\\/www.facebook.com\\\/Radiio-Ljubuski-1490835324566332\",\"https:\\\/\\\/x.com\\\/radioljubuski\",\"https:\\\/\\\/hr.linkedin.com\\\/company\\\/radio-ljubuski\",\"https:\\\/\\\/www.youtube.com\\\/channel\\\/UCHYaeO_n0Db3tjNGudGpXyw\"]},{\"@type\":\"Person\",\"@id\":\"https:\\\/\\\/radioljubuski.ba\\\/#\\\/schema\\\/person\\\/19fc700381a780f69665d7956c469e3b\",\"name\":\"Radio Ljubu\u0161ki\"}]}<\/script>\n<!-- \/ Yoast SEO plugin. -->","yoast_head_json":{"title":"Novinarka: Krv djevoj\u010dice je na va\u0161im rukama; Lavrov: Sjetite se kako ste se pona\u0161ali kad je kijevski re\u017eim ubijao djevoj\u010dice i \u017eene u Donbasu - RADIO LJUBU\u0160KI","robots":{"index":"index","follow":"follow","max-snippet":"max-snippet:-1","max-image-preview":"max-image-preview:large","max-video-preview":"max-video-preview:-1"},"canonical":"https:\/\/radioljubuski.ba\/index.php\/2022\/03\/04\/novinarka-krv-djevojcice-je-na-vasim-rukama-lavrov-sjetite-se-kako-ste-se-ponasali-kad-je-kijevski-rezim-ubijao-djevojcice-i-zene-u-donbasu\/","og_locale":"hr_HR","og_type":"article","og_title":"Novinarka: Krv djevoj\u010dice je na va\u0161im rukama; Lavrov: Sjetite se kako ste se pona\u0161ali kad je kijevski re\u017eim ubijao djevoj\u010dice i \u017eene u Donbasu - RADIO LJUBU\u0160KI","og_description":"Ruski ministar vanjskih poslova Sergej Lavrov odr\u017eao je konferenciju za medije na kojoj su bili prisutni i strani novinari. Nakon&nbsp;prvih citata izjave o Amerikancima i Hitleru, stiglo je op\u0161irnije izvje\u0161\u0107e s ostalim zanimljivim izjavama.Novinarka britanske televizije Channel 4 pitala je Lavrova sprema li Rusija obranu za potencijalno su\u0111enje za ratne zlo\u010dine nakon \u0161to je Me\u0111unarodni [&hellip;]","og_url":"https:\/\/radioljubuski.ba\/index.php\/2022\/03\/04\/novinarka-krv-djevojcice-je-na-vasim-rukama-lavrov-sjetite-se-kako-ste-se-ponasali-kad-je-kijevski-rezim-ubijao-djevojcice-i-zene-u-donbasu\/","og_site_name":"RADIO LJUBU\u0160KI","article_publisher":"https:\/\/www.facebook.com\/Radiio-Ljubuski-1490835324566332","article_published_time":"2022-03-04T10:16:16+00:00","article_modified_time":"2022-03-04T10:16:17+00:00","og_image":[{"width":830,"height":620,"url":"https:\/\/radioljubuski.ba\/wp-content\/uploads\/2022\/03\/lavrov.jpg","type":"image\/jpeg"}],"author":"Radio Ljubu\u0161ki","twitter_card":"summary_large_image","twitter_creator":"@radioljubuski","twitter_site":"@radioljubuski","twitter_misc":{"Napisao\/la":"Radio Ljubu\u0161ki","Procijenjeno vrijeme \u010ditanja":"2 minute"},"schema":{"@context":"https:\/\/schema.org","@graph":[{"@type":"Article","@id":"https:\/\/radioljubuski.ba\/index.php\/2022\/03\/04\/novinarka-krv-djevojcice-je-na-vasim-rukama-lavrov-sjetite-se-kako-ste-se-ponasali-kad-je-kijevski-rezim-ubijao-djevojcice-i-zene-u-donbasu\/#article","isPartOf":{"@id":"https:\/\/radioljubuski.ba\/index.php\/2022\/03\/04\/novinarka-krv-djevojcice-je-na-vasim-rukama-lavrov-sjetite-se-kako-ste-se-ponasali-kad-je-kijevski-rezim-ubijao-djevojcice-i-zene-u-donbasu\/"},"author":{"name":"Radio Ljubu\u0161ki","@id":"https:\/\/radioljubuski.ba\/#\/schema\/person\/19fc700381a780f69665d7956c469e3b"},"headline":"Novinarka: Krv djevoj\u010dice je na va\u0161im rukama; Lavrov: Sjetite se kako ste se pona\u0161ali kad je kijevski re\u017eim ubijao djevoj\u010dice i \u017eene u Donbasu","datePublished":"2022-03-04T10:16:16+00:00","dateModified":"2022-03-04T10:16:17+00:00","mainEntityOfPage":{"@id":"https:\/\/radioljubuski.ba\/index.php\/2022\/03\/04\/novinarka-krv-djevojcice-je-na-vasim-rukama-lavrov-sjetite-se-kako-ste-se-ponasali-kad-je-kijevski-rezim-ubijao-djevojcice-i-zene-u-donbasu\/"},"wordCount":304,"publisher":{"@id":"https:\/\/radioljubuski.ba\/#organization"},"image":{"@id":"https:\/\/radioljubuski.ba\/index.php\/2022\/03\/04\/novinarka-krv-djevojcice-je-na-vasim-rukama-lavrov-sjetite-se-kako-ste-se-ponasali-kad-je-kijevski-rezim-ubijao-djevojcice-i-zene-u-donbasu\/#primaryimage"},"thumbnailUrl":"https:\/\/radioljubuski.ba\/wp-content\/uploads\/2022\/03\/lavrov.jpg","articleSection":["BIH i regija"],"inLanguage":"hr"},{"@type":"WebPage","@id":"https:\/\/radioljubuski.ba\/index.php\/2022\/03\/04\/novinarka-krv-djevojcice-je-na-vasim-rukama-lavrov-sjetite-se-kako-ste-se-ponasali-kad-je-kijevski-rezim-ubijao-djevojcice-i-zene-u-donbasu\/","url":"https:\/\/radioljubuski.ba\/index.php\/2022\/03\/04\/novinarka-krv-djevojcice-je-na-vasim-rukama-lavrov-sjetite-se-kako-ste-se-ponasali-kad-je-kijevski-rezim-ubijao-djevojcice-i-zene-u-donbasu\/","name":"Novinarka: Krv djevoj\u010dice je na va\u0161im rukama; Lavrov: Sjetite se kako ste se pona\u0161ali kad je kijevski re\u017eim ubijao djevoj\u010dice i \u017eene u Donbasu - RADIO LJUBU\u0160KI","isPartOf":{"@id":"https:\/\/radioljubuski.ba\/#website"},"primaryImageOfPage":{"@id":"https:\/\/radioljubuski.ba\/index.php\/2022\/03\/04\/novinarka-krv-djevojcice-je-na-vasim-rukama-lavrov-sjetite-se-kako-ste-se-ponasali-kad-je-kijevski-rezim-ubijao-djevojcice-i-zene-u-donbasu\/#primaryimage"},"image":{"@id":"https:\/\/radioljubuski.ba\/index.php\/2022\/03\/04\/novinarka-krv-djevojcice-je-na-vasim-rukama-lavrov-sjetite-se-kako-ste-se-ponasali-kad-je-kijevski-rezim-ubijao-djevojcice-i-zene-u-donbasu\/#primaryimage"},"thumbnailUrl":"https:\/\/radioljubuski.ba\/wp-content\/uploads\/2022\/03\/lavrov.jpg","datePublished":"2022-03-04T10:16:16+00:00","dateModified":"2022-03-04T10:16:17+00:00","breadcrumb":{"@id":"https:\/\/radioljubuski.ba\/index.php\/2022\/03\/04\/novinarka-krv-djevojcice-je-na-vasim-rukama-lavrov-sjetite-se-kako-ste-se-ponasali-kad-je-kijevski-rezim-ubijao-djevojcice-i-zene-u-donbasu\/#breadcrumb"},"inLanguage":"hr","potentialAction":[{"@type":"ReadAction","target":["https:\/\/radioljubuski.ba\/index.php\/2022\/03\/04\/novinarka-krv-djevojcice-je-na-vasim-rukama-lavrov-sjetite-se-kako-ste-se-ponasali-kad-je-kijevski-rezim-ubijao-djevojcice-i-zene-u-donbasu\/"]}]},{"@type":"ImageObject","inLanguage":"hr","@id":"https:\/\/radioljubuski.ba\/index.php\/2022\/03\/04\/novinarka-krv-djevojcice-je-na-vasim-rukama-lavrov-sjetite-se-kako-ste-se-ponasali-kad-je-kijevski-rezim-ubijao-djevojcice-i-zene-u-donbasu\/#primaryimage","url":"https:\/\/radioljubuski.ba\/wp-content\/uploads\/2022\/03\/lavrov.jpg","contentUrl":"https:\/\/radioljubuski.ba\/wp-content\/uploads\/2022\/03\/lavrov.jpg","width":830,"height":620},{"@type":"BreadcrumbList","@id":"https:\/\/radioljubuski.ba\/index.php\/2022\/03\/04\/novinarka-krv-djevojcice-je-na-vasim-rukama-lavrov-sjetite-se-kako-ste-se-ponasali-kad-je-kijevski-rezim-ubijao-djevojcice-i-zene-u-donbasu\/#breadcrumb","itemListElement":[{"@type":"ListItem","position":1,"name":"Po\u010detna stranica","item":"https:\/\/radioljubuski.ba\/"},{"@type":"ListItem","position":2,"name":"Novinarka: Krv djevoj\u010dice je na va\u0161im rukama; Lavrov: Sjetite se kako ste se pona\u0161ali kad je kijevski re\u017eim ubijao djevoj\u010dice i \u017eene u Donbasu"}]},{"@type":"WebSite","@id":"https:\/\/radioljubuski.ba\/#website","url":"https:\/\/radioljubuski.ba\/","name":"Radio Ljubu\u0161ki","description":"Sun\u010dana frekvencija Hercegovine","publisher":{"@id":"https:\/\/radioljubuski.ba\/#organization"},"potentialAction":[{"@type":"SearchAction","target":{"@type":"EntryPoint","urlTemplate":"https:\/\/radioljubuski.ba\/?s={search_term_string}"},"query-input":{"@type":"PropertyValueSpecification","valueRequired":true,"valueName":"search_term_string"}}],"inLanguage":"hr"},{"@type":"Organization","@id":"https:\/\/radioljubuski.ba\/#organization","name":"Radio Ljubu\u0161ki","url":"https:\/\/radioljubuski.ba\/","logo":{"@type":"ImageObject","inLanguage":"hr","@id":"https:\/\/radioljubuski.ba\/#\/schema\/logo\/image\/","url":"https:\/\/radioljubuski.ba\/wp-content\/uploads\/2021\/02\/cropped-Radio_Ljubuski_logo1.jpg","contentUrl":"https:\/\/radioljubuski.ba\/wp-content\/uploads\/2021\/02\/cropped-Radio_Ljubuski_logo1.jpg","width":512,"height":512,"caption":"Radio Ljubu\u0161ki"},"image":{"@id":"https:\/\/radioljubuski.ba\/#\/schema\/logo\/image\/"},"sameAs":["https:\/\/www.facebook.com\/Radiio-Ljubuski-1490835324566332","https:\/\/x.com\/radioljubuski","https:\/\/hr.linkedin.com\/company\/radio-ljubuski","https:\/\/www.youtube.com\/channel\/UCHYaeO_n0Db3tjNGudGpXyw"]},{"@type":"Person","@id":"https:\/\/radioljubuski.ba\/#\/schema\/person\/19fc700381a780f69665d7956c469e3b","name":"Radio Ljubu\u0161ki"}]}},"_links":{"self":[{"href":"https:\/\/radioljubuski.ba\/index.php\/wp-json\/wp\/v2\/posts\/118057","targetHints":{"allow":["GET"]}}],"collection":[{"href":"https:\/\/radioljubuski.ba\/index.php\/wp-json\/wp\/v2\/posts"}],"about":[{"href":"https:\/\/radioljubuski.ba\/index.php\/wp-json\/wp\/v2\/types\/post"}],"author":[{"embeddable":true,"href":"https:\/\/radioljubuski.ba\/index.php\/wp-json\/wp\/v2\/users\/2"}],"replies":[{"embeddable":true,"href":"https:\/\/radioljubuski.ba\/index.php\/wp-json\/wp\/v2\/comments?post=118057"}],"version-history":[{"count":1,"href":"https:\/\/radioljubuski.ba\/index.php\/wp-json\/wp\/v2\/posts\/118057\/revisions"}],"predecessor-version":[{"id":118062,"href":"https:\/\/radioljubuski.ba\/index.php\/wp-json\/wp\/v2\/posts\/118057\/revisions\/118062"}],"wp:featuredmedia":[{"embeddable":true,"href":"https:\/\/radioljubuski.ba\/index.php\/wp-json\/wp\/v2\/media\/118061"}],"wp:attachment":[{"href":"https:\/\/radioljubuski.ba\/index.php\/wp-json\/wp\/v2\/media?parent=118057"}],"wp:term":[{"taxonomy":"category","embeddable":true,"href":"https:\/\/radioljubuski.ba\/index.php\/wp-json\/wp\/v2\/categories?post=118057"},{"taxonomy":"post_tag","embeddable":true,"href":"https:\/\/radioljubuski.ba\/index.php\/wp-json\/wp\/v2\/tags?post=118057"}],"curies":[{"name":"wp","href":"https:\/\/api.w.org\/{rel}","templated":true}]}}