{"id":118068,"date":"2022-03-04T11:19:28","date_gmt":"2022-03-04T10:19:28","guid":{"rendered":"https:\/\/radioljubuski.ba\/?p=118068"},"modified":"2022-03-04T11:19:29","modified_gmt":"2022-03-04T10:19:29","slug":"rusi-bjeze-iz-rusije-ne-planiram-se-boriti-u-ovom-ratu-koji-ionako-nije-bio-moja-odluka","status":"publish","type":"post","link":"https:\/\/radioljubuski.ba\/index.php\/2022\/03\/04\/rusi-bjeze-iz-rusije-ne-planiram-se-boriti-u-ovom-ratu-koji-ionako-nije-bio-moja-odluka\/","title":{"rendered":"Rusi bje\u017ee iz Rusije: Ne planiram se boriti u ovom ratu koji ionako nije bio moja odluka"},"content":{"rendered":"\n<p>Raste broj ruskih gra\u0111ana koji su odlu\u010dili napustiti svoju zemlju nakon odluke predsjednika Rusije Vladimira Putina da napadne Ukrajinu, u strahu od ekonomskih i politi\u010dkih posljedica takvog poteza.<\/p>\n\n\n\n<p>\u201cNadam se da \u0107u se vratiti u zemlju koju volim, ali potpuno je nejasno \u0161to \u0107e se sljede\u0107e dogoditi. Moja budu\u0107nost mi je oduzeta, ova zemlja vi\u0161e nikad ne\u0107e biti ista\u201d, rekao je Aleksej Trubetski, voditelj \u0161kole engleskog jezika u Moskvi. Kartu za \u0160ri Lanku kupio je istog dana, prenosi Guardian.<\/p>\n\n\n\n<p>U Rusiji vlasti ve\u0107 naveliko rade na represiji prosvjeda protiv invazije.<\/p>\n\n\n\n<p>Preko 7.500 ljudi je dosad uhi\u0107eno na prosvjedima protiv rata \u0161irom Rusije, prema podacima neovisne stranice za nadzor OVD-info. Nekoliko neovisnih medija je tako\u0111er prisilno uga\u0161eno.<\/p>\n\n\n\n<p>Oni koji iz Rusije odlaze tako\u0111er se boje i ekonomske nesigurnosti koja Rusiji slijedi: ruska valuta i financijska tr\u017ei\u0161ta drasti\u010dno su pala ovoga tjedna nakon \u0161to je Zapad uveo paraliziraju\u0107e sankcije, a iz Moskve masovno odlaze zapadne tvrtke, uklju\u010duju\u0107i Ikeu, Apple i Nike.<\/p>\n\n\n\n<p>Google analitika pokazuje da Rusi od pro\u0161log tjedna sve \u010de\u0161\u0107e u tra\u017eilicu upisuju rije\u010d \u201cemigracija\u201c, a otvoreni su i brojni Telegram kanali na kojima zabrinuti gra\u0111ani raspravljaju o na\u010dinima kako napustiti zemlju.<\/p>\n\n\n\n<p>Andrei Kole\u0161nikov, vi\u0161i suradnik na Carnegie Endowment think-tanku, ka\u017ee da je ovakav egzodus \u201ckvalitetne radne snage\u201c o\u010dekivan, jer oni osje\u0107aju da \u201cnemaju budu\u0107nost u Rusiji\u201d.<\/p>\n\n\n\n<p>\u201cOvaj egzodus zna\u010dit \u0107e propadanje nacije. Zemlja nema veliki bazen talentiranih ljudi. Bez njih, Rusija se ne mo\u017ee razvijati\u201d, rekao je Kole\u0161nikov.<\/p>\n\n\n\n<p>Masovnu emigraciju poja\u010davaju glasine da bi vlasti mogle proglasiti izvanredno stanje ve\u0107 ovog petka, kada bi Vije\u0107e federacije, gornji dom ruskog parlamenta, trebao odr\u017eati izvanredni sastanak.<\/p>\n\n\n\n<p>Takav potez bio bi bez presedana u modernoj ruskoj povijesti i mogao bi uklju\u010divati masovnu mobilizaciju mu\u0161ke populacije, kao i zatvaranje granica, prema slu\u017ebenom dokumentu koji opisuje ovaj zakon.<\/p>\n\n\n\n<p>\u201cOkupio sam obitelj nakon \u0161to mi je prijatelj \u2018na vrhu\u2019 rekao o izvanrednom stanju. Rezervirali smo prvi zrakoplov za utorak i oti\u0161li u prvu zemlju u kojoj nikad prije nisam bio. Ne planiram se boriti u ovom ratu koji ionako nije bio moja odluka\u201d, rekao je Anton, vi\u0161i menad\u017eer u velikoj ruskoj tvrtki za plin i naftu.<\/p>\n\n\n\n<p>Tatiana Stanovaja, poznata ruska politi\u010dka analiti\u010darka, napisala je na Twitteru u srijedu da bi progla\u0161avanje izvanrednog stanja bio \u201clogi\u010dan scenarij\u201d.<\/p>\n\n\n\n<p>\u201cUvo\u0111enje izvanrednog stanja dat \u0107e ovlasti vlastima da uvedu vojnu cenzuru i pove\u0107aju tajnost aktivnosti dr\u017eave i lokalnih tijela\u201d, kazala je Stanovaja.<\/p>\n\n\n\n<p>Posljednji put je vije\u0107e odr\u017ealo vanredni sastanak 22. velja\u010de, kada je tijelo potvrdilo zahtjev Vladimira Putina za kori\u0161tenje vojne sile izvan granica dr\u017eave, dva dana prije invazije na Ukrajinu. Vije\u0107e je izjavilo da se slu\u017ebeno sastaju da rasprave paket kriznih mjera kao odgovor na zapadne sankcije.<\/p>\n\n\n\n<p>Tijekom brifinga s reporterima u utorak, glasnogovornik Kremlja Dmitrij Peskov odbacio je spekulacije o uvo\u0111enju izvanrednog stanja. Visoki izvor iz jedne od tri velika aerodroma u Moskvi tako\u0111er je rekao da ne vjeruje da je zatvaranje granica vjerovatno.<\/p>\n\n\n\n<p>\u201cNitko nas nije informirao ni o \u010demu. Mislim da to nije vjerovatno. Istovremeno, u ratu smo, vidjet \u0107emo\u201d, rekao je izvor.<\/p>\n\n\n\n<p>Ali, kako su se glasine \u0161irile, u Moskvi se u \u010detvrtak mogla osjetiti panika.<\/p>\n\n\n\n<p>Oni koji su \u017eeljeli oti\u0107i suo\u010dili su se s ozbiljnom oskudicom letova nakon \u0161to su zapadne zemlje zatvorile svoje zra\u010dne prostore ruskim aviokompanijama. Moskva je odgovorila zatvaranjem svog zra\u010dnog prostora ve\u0107ini Zapada.<\/p>\n\n\n\n<p>Letovi za Erevan, Istanbul i Beograd potpuno su rasprodani za sljede\u0107ih nekoliko dana, a jednosmjerna karta za Dubai sada stoji ne\u0161to vi\u0161e od 4.000 dolara, u pore\u0111enju sa 334 dolara u normalnim okolnostima, vidi se iz podataka Skyscannera. Karte za voz iz Sankt Petersburga za Helsinki su tako\u0111er rasprodane za \u010detvrtak i petak.<\/p>\n\n\n\n<p>Neki mu\u0161karci koji su oti\u0161li ranije ovoga tjedna govore kako su pro\u0161li intenzivno ispitivanje na ruskim granicama.<\/p>\n\n\n\n<p>Andrej, direktor kina iz Moskve, rekao je da je bio zadr\u017ean u moskovskom aerodromu \u0160eremetjevo, odakle je htio sjesti na let za Baku.<\/p>\n\n\n\n<p>Pretra\u017een mu je kofer, a slu\u017ebenik aerodroma pregledao je sve privatne razgovore u aplikacijama na njegovom mobitelu.<\/p>\n\n\n\n<p>\u201cUzeo mi je telefon i dobrih sat vremena sve pregledavao. Na svu sre\u0107u, izbrisao sam sve razgovore u kojima sam izra\u017eavao svoje kritike na ovaj rat. Pitali su me volim li \u2018zaista\u2019 svoju zemlju ako sam protiv rata, za\u0161to \u017eelim \u2018bje\u017eati\u2019 i za\u0161to sam \u010ditao neovisne medije kao \u0161to je Meduza. To je bio jedan od najstra\u0161nijih trenutaka u mom \u017eivotu\u201d, rekao je Andrej, koji je ipak dobio dozvolu za let.<\/p>\n\n\n\n<p>I dok nesigurnost raste, \u010delnica centralne banke Elvira Nabiulina, tra\u017ei od Rusa da ostanu mirni.<\/p>\n\n\n\n<p>\u201cDefinitivno \u0107emo izdr\u017eati sve ovo. Prijatelji, moramo zapamtiti, mnogo toga ovisi o nama, moramo zaboraviti svoje nesuglasice i pomo\u0107i svojim kolegama\u201d, rekla je Nabiulina u jednom od rijetkih pojavljivanja na ruskoj dr\u017eavnoj televiziji.<\/p>\n\n\n\n<p>Izvor.pogled.ba<\/p>\n","protected":false},"excerpt":{"rendered":"<p>Raste broj ruskih gra\u0111ana koji su odlu\u010dili napustiti svoju zemlju nakon odluke predsjednika Rusije Vladimira Putina da napadne Ukrajinu, u strahu od ekonomskih i politi\u010dkih posljedica takvog poteza. \u201cNadam se da \u0107u se vratiti u zemlju koju volim, ali potpuno je nejasno \u0161to \u0107e se sljede\u0107e dogoditi. Moja budu\u0107nost mi je oduzeta, ova zemlja vi\u0161e [&hellip;]<\/p>\n","protected":false},"author":2,"featured_media":118069,"comment_status":"closed","ping_status":"closed","sticky":false,"template":"","format":"standard","meta":{"h5ap_radio_sources":[],"footnotes":""},"categories":[1],"tags":[],"class_list":["post-118068","post","type-post","status-publish","format-standard","has-post-thumbnail","hentry","category-bihiregija"],"yoast_head":"<!-- This site is optimized with the Yoast SEO plugin v27.5 - https:\/\/yoast.com\/product\/yoast-seo-wordpress\/ -->\n<title>Rusi bje\u017ee iz Rusije: Ne planiram se boriti u ovom ratu koji ionako nije bio moja odluka - RADIO LJUBU\u0160KI<\/title>\n<meta name=\"robots\" content=\"index, follow, max-snippet:-1, max-image-preview:large, max-video-preview:-1\" \/>\n<link rel=\"canonical\" href=\"https:\/\/radioljubuski.ba\/index.php\/2022\/03\/04\/rusi-bjeze-iz-rusije-ne-planiram-se-boriti-u-ovom-ratu-koji-ionako-nije-bio-moja-odluka\/\" \/>\n<meta property=\"og:locale\" content=\"hr_HR\" \/>\n<meta property=\"og:type\" content=\"article\" \/>\n<meta property=\"og:title\" content=\"Rusi bje\u017ee iz Rusije: Ne planiram se boriti u ovom ratu koji ionako nije bio moja odluka - RADIO LJUBU\u0160KI\" \/>\n<meta property=\"og:description\" content=\"Raste broj ruskih gra\u0111ana koji su odlu\u010dili napustiti svoju zemlju nakon odluke predsjednika Rusije Vladimira Putina da napadne Ukrajinu, u strahu od ekonomskih i politi\u010dkih posljedica takvog poteza. \u201cNadam se da \u0107u se vratiti u zemlju koju volim, ali potpuno je nejasno \u0161to \u0107e se sljede\u0107e dogoditi. Moja budu\u0107nost mi je oduzeta, ova zemlja vi\u0161e [&hellip;]\" \/>\n<meta property=\"og:url\" content=\"https:\/\/radioljubuski.ba\/index.php\/2022\/03\/04\/rusi-bjeze-iz-rusije-ne-planiram-se-boriti-u-ovom-ratu-koji-ionako-nije-bio-moja-odluka\/\" \/>\n<meta property=\"og:site_name\" content=\"RADIO LJUBU\u0160KI\" \/>\n<meta property=\"article:publisher\" content=\"https:\/\/www.facebook.com\/Radiio-Ljubuski-1490835324566332\" \/>\n<meta property=\"article:published_time\" content=\"2022-03-04T10:19:28+00:00\" \/>\n<meta property=\"article:modified_time\" content=\"2022-03-04T10:19:29+00:00\" \/>\n<meta property=\"og:image\" content=\"https:\/\/radioljubuski.ba\/wp-content\/uploads\/2022\/03\/2-2022-03-04-09-50-19-zracna.jpg\" \/>\n\t<meta property=\"og:image:width\" content=\"1000\" \/>\n\t<meta property=\"og:image:height\" content=\"625\" \/>\n\t<meta property=\"og:image:type\" content=\"image\/jpeg\" \/>\n<meta name=\"author\" content=\"Radio Ljubu\u0161ki\" \/>\n<meta name=\"twitter:card\" content=\"summary_large_image\" \/>\n<meta name=\"twitter:creator\" content=\"@radioljubuski\" \/>\n<meta name=\"twitter:site\" content=\"@radioljubuski\" \/>\n<meta name=\"twitter:label1\" content=\"Napisao\/la\" \/>\n\t<meta name=\"twitter:data1\" content=\"Radio Ljubu\u0161ki\" \/>\n\t<meta name=\"twitter:label2\" content=\"Procijenjeno vrijeme \u010ditanja\" \/>\n\t<meta name=\"twitter:data2\" content=\"4 minute\" \/>\n<script type=\"application\/ld+json\" class=\"yoast-schema-graph\">{\"@context\":\"https:\\\/\\\/schema.org\",\"@graph\":[{\"@type\":\"Article\",\"@id\":\"https:\\\/\\\/radioljubuski.ba\\\/index.php\\\/2022\\\/03\\\/04\\\/rusi-bjeze-iz-rusije-ne-planiram-se-boriti-u-ovom-ratu-koji-ionako-nije-bio-moja-odluka\\\/#article\",\"isPartOf\":{\"@id\":\"https:\\\/\\\/radioljubuski.ba\\\/index.php\\\/2022\\\/03\\\/04\\\/rusi-bjeze-iz-rusije-ne-planiram-se-boriti-u-ovom-ratu-koji-ionako-nije-bio-moja-odluka\\\/\"},\"author\":{\"name\":\"Radio Ljubu\u0161ki\",\"@id\":\"https:\\\/\\\/radioljubuski.ba\\\/#\\\/schema\\\/person\\\/19fc700381a780f69665d7956c469e3b\"},\"headline\":\"Rusi bje\u017ee iz Rusije: Ne planiram se boriti u ovom ratu koji ionako nije bio moja odluka\",\"datePublished\":\"2022-03-04T10:19:28+00:00\",\"dateModified\":\"2022-03-04T10:19:29+00:00\",\"mainEntityOfPage\":{\"@id\":\"https:\\\/\\\/radioljubuski.ba\\\/index.php\\\/2022\\\/03\\\/04\\\/rusi-bjeze-iz-rusije-ne-planiram-se-boriti-u-ovom-ratu-koji-ionako-nije-bio-moja-odluka\\\/\"},\"wordCount\":871,\"publisher\":{\"@id\":\"https:\\\/\\\/radioljubuski.ba\\\/#organization\"},\"image\":{\"@id\":\"https:\\\/\\\/radioljubuski.ba\\\/index.php\\\/2022\\\/03\\\/04\\\/rusi-bjeze-iz-rusije-ne-planiram-se-boriti-u-ovom-ratu-koji-ionako-nije-bio-moja-odluka\\\/#primaryimage\"},\"thumbnailUrl\":\"https:\\\/\\\/radioljubuski.ba\\\/wp-content\\\/uploads\\\/2022\\\/03\\\/2-2022-03-04-09-50-19-zracna.jpg\",\"articleSection\":[\"BIH i regija\"],\"inLanguage\":\"hr\"},{\"@type\":\"WebPage\",\"@id\":\"https:\\\/\\\/radioljubuski.ba\\\/index.php\\\/2022\\\/03\\\/04\\\/rusi-bjeze-iz-rusije-ne-planiram-se-boriti-u-ovom-ratu-koji-ionako-nije-bio-moja-odluka\\\/\",\"url\":\"https:\\\/\\\/radioljubuski.ba\\\/index.php\\\/2022\\\/03\\\/04\\\/rusi-bjeze-iz-rusije-ne-planiram-se-boriti-u-ovom-ratu-koji-ionako-nije-bio-moja-odluka\\\/\",\"name\":\"Rusi bje\u017ee iz Rusije: Ne planiram se boriti u ovom ratu koji ionako nije bio moja odluka - RADIO LJUBU\u0160KI\",\"isPartOf\":{\"@id\":\"https:\\\/\\\/radioljubuski.ba\\\/#website\"},\"primaryImageOfPage\":{\"@id\":\"https:\\\/\\\/radioljubuski.ba\\\/index.php\\\/2022\\\/03\\\/04\\\/rusi-bjeze-iz-rusije-ne-planiram-se-boriti-u-ovom-ratu-koji-ionako-nije-bio-moja-odluka\\\/#primaryimage\"},\"image\":{\"@id\":\"https:\\\/\\\/radioljubuski.ba\\\/index.php\\\/2022\\\/03\\\/04\\\/rusi-bjeze-iz-rusije-ne-planiram-se-boriti-u-ovom-ratu-koji-ionako-nije-bio-moja-odluka\\\/#primaryimage\"},\"thumbnailUrl\":\"https:\\\/\\\/radioljubuski.ba\\\/wp-content\\\/uploads\\\/2022\\\/03\\\/2-2022-03-04-09-50-19-zracna.jpg\",\"datePublished\":\"2022-03-04T10:19:28+00:00\",\"dateModified\":\"2022-03-04T10:19:29+00:00\",\"breadcrumb\":{\"@id\":\"https:\\\/\\\/radioljubuski.ba\\\/index.php\\\/2022\\\/03\\\/04\\\/rusi-bjeze-iz-rusije-ne-planiram-se-boriti-u-ovom-ratu-koji-ionako-nije-bio-moja-odluka\\\/#breadcrumb\"},\"inLanguage\":\"hr\",\"potentialAction\":[{\"@type\":\"ReadAction\",\"target\":[\"https:\\\/\\\/radioljubuski.ba\\\/index.php\\\/2022\\\/03\\\/04\\\/rusi-bjeze-iz-rusije-ne-planiram-se-boriti-u-ovom-ratu-koji-ionako-nije-bio-moja-odluka\\\/\"]}]},{\"@type\":\"ImageObject\",\"inLanguage\":\"hr\",\"@id\":\"https:\\\/\\\/radioljubuski.ba\\\/index.php\\\/2022\\\/03\\\/04\\\/rusi-bjeze-iz-rusije-ne-planiram-se-boriti-u-ovom-ratu-koji-ionako-nije-bio-moja-odluka\\\/#primaryimage\",\"url\":\"https:\\\/\\\/radioljubuski.ba\\\/wp-content\\\/uploads\\\/2022\\\/03\\\/2-2022-03-04-09-50-19-zracna.jpg\",\"contentUrl\":\"https:\\\/\\\/radioljubuski.ba\\\/wp-content\\\/uploads\\\/2022\\\/03\\\/2-2022-03-04-09-50-19-zracna.jpg\",\"width\":1000,\"height\":625},{\"@type\":\"BreadcrumbList\",\"@id\":\"https:\\\/\\\/radioljubuski.ba\\\/index.php\\\/2022\\\/03\\\/04\\\/rusi-bjeze-iz-rusije-ne-planiram-se-boriti-u-ovom-ratu-koji-ionako-nije-bio-moja-odluka\\\/#breadcrumb\",\"itemListElement\":[{\"@type\":\"ListItem\",\"position\":1,\"name\":\"Po\u010detna stranica\",\"item\":\"https:\\\/\\\/radioljubuski.ba\\\/\"},{\"@type\":\"ListItem\",\"position\":2,\"name\":\"Rusi bje\u017ee iz Rusije: Ne planiram se boriti u ovom ratu koji ionako nije bio moja odluka\"}]},{\"@type\":\"WebSite\",\"@id\":\"https:\\\/\\\/radioljubuski.ba\\\/#website\",\"url\":\"https:\\\/\\\/radioljubuski.ba\\\/\",\"name\":\"Radio Ljubu\u0161ki\",\"description\":\"Sun\u010dana frekvencija Hercegovine\",\"publisher\":{\"@id\":\"https:\\\/\\\/radioljubuski.ba\\\/#organization\"},\"potentialAction\":[{\"@type\":\"SearchAction\",\"target\":{\"@type\":\"EntryPoint\",\"urlTemplate\":\"https:\\\/\\\/radioljubuski.ba\\\/?s={search_term_string}\"},\"query-input\":{\"@type\":\"PropertyValueSpecification\",\"valueRequired\":true,\"valueName\":\"search_term_string\"}}],\"inLanguage\":\"hr\"},{\"@type\":\"Organization\",\"@id\":\"https:\\\/\\\/radioljubuski.ba\\\/#organization\",\"name\":\"Radio Ljubu\u0161ki\",\"url\":\"https:\\\/\\\/radioljubuski.ba\\\/\",\"logo\":{\"@type\":\"ImageObject\",\"inLanguage\":\"hr\",\"@id\":\"https:\\\/\\\/radioljubuski.ba\\\/#\\\/schema\\\/logo\\\/image\\\/\",\"url\":\"https:\\\/\\\/radioljubuski.ba\\\/wp-content\\\/uploads\\\/2021\\\/02\\\/cropped-Radio_Ljubuski_logo1.jpg\",\"contentUrl\":\"https:\\\/\\\/radioljubuski.ba\\\/wp-content\\\/uploads\\\/2021\\\/02\\\/cropped-Radio_Ljubuski_logo1.jpg\",\"width\":512,\"height\":512,\"caption\":\"Radio Ljubu\u0161ki\"},\"image\":{\"@id\":\"https:\\\/\\\/radioljubuski.ba\\\/#\\\/schema\\\/logo\\\/image\\\/\"},\"sameAs\":[\"https:\\\/\\\/www.facebook.com\\\/Radiio-Ljubuski-1490835324566332\",\"https:\\\/\\\/x.com\\\/radioljubuski\",\"https:\\\/\\\/hr.linkedin.com\\\/company\\\/radio-ljubuski\",\"https:\\\/\\\/www.youtube.com\\\/channel\\\/UCHYaeO_n0Db3tjNGudGpXyw\"]},{\"@type\":\"Person\",\"@id\":\"https:\\\/\\\/radioljubuski.ba\\\/#\\\/schema\\\/person\\\/19fc700381a780f69665d7956c469e3b\",\"name\":\"Radio Ljubu\u0161ki\"}]}<\/script>\n<!-- \/ Yoast SEO plugin. -->","yoast_head_json":{"title":"Rusi bje\u017ee iz Rusije: Ne planiram se boriti u ovom ratu koji ionako nije bio moja odluka - RADIO LJUBU\u0160KI","robots":{"index":"index","follow":"follow","max-snippet":"max-snippet:-1","max-image-preview":"max-image-preview:large","max-video-preview":"max-video-preview:-1"},"canonical":"https:\/\/radioljubuski.ba\/index.php\/2022\/03\/04\/rusi-bjeze-iz-rusije-ne-planiram-se-boriti-u-ovom-ratu-koji-ionako-nije-bio-moja-odluka\/","og_locale":"hr_HR","og_type":"article","og_title":"Rusi bje\u017ee iz Rusije: Ne planiram se boriti u ovom ratu koji ionako nije bio moja odluka - RADIO LJUBU\u0160KI","og_description":"Raste broj ruskih gra\u0111ana koji su odlu\u010dili napustiti svoju zemlju nakon odluke predsjednika Rusije Vladimira Putina da napadne Ukrajinu, u strahu od ekonomskih i politi\u010dkih posljedica takvog poteza. \u201cNadam se da \u0107u se vratiti u zemlju koju volim, ali potpuno je nejasno \u0161to \u0107e se sljede\u0107e dogoditi. Moja budu\u0107nost mi je oduzeta, ova zemlja vi\u0161e [&hellip;]","og_url":"https:\/\/radioljubuski.ba\/index.php\/2022\/03\/04\/rusi-bjeze-iz-rusije-ne-planiram-se-boriti-u-ovom-ratu-koji-ionako-nije-bio-moja-odluka\/","og_site_name":"RADIO LJUBU\u0160KI","article_publisher":"https:\/\/www.facebook.com\/Radiio-Ljubuski-1490835324566332","article_published_time":"2022-03-04T10:19:28+00:00","article_modified_time":"2022-03-04T10:19:29+00:00","og_image":[{"width":1000,"height":625,"url":"https:\/\/radioljubuski.ba\/wp-content\/uploads\/2022\/03\/2-2022-03-04-09-50-19-zracna.jpg","type":"image\/jpeg"}],"author":"Radio Ljubu\u0161ki","twitter_card":"summary_large_image","twitter_creator":"@radioljubuski","twitter_site":"@radioljubuski","twitter_misc":{"Napisao\/la":"Radio Ljubu\u0161ki","Procijenjeno vrijeme \u010ditanja":"4 minute"},"schema":{"@context":"https:\/\/schema.org","@graph":[{"@type":"Article","@id":"https:\/\/radioljubuski.ba\/index.php\/2022\/03\/04\/rusi-bjeze-iz-rusije-ne-planiram-se-boriti-u-ovom-ratu-koji-ionako-nije-bio-moja-odluka\/#article","isPartOf":{"@id":"https:\/\/radioljubuski.ba\/index.php\/2022\/03\/04\/rusi-bjeze-iz-rusije-ne-planiram-se-boriti-u-ovom-ratu-koji-ionako-nije-bio-moja-odluka\/"},"author":{"name":"Radio Ljubu\u0161ki","@id":"https:\/\/radioljubuski.ba\/#\/schema\/person\/19fc700381a780f69665d7956c469e3b"},"headline":"Rusi bje\u017ee iz Rusije: Ne planiram se boriti u ovom ratu koji ionako nije bio moja odluka","datePublished":"2022-03-04T10:19:28+00:00","dateModified":"2022-03-04T10:19:29+00:00","mainEntityOfPage":{"@id":"https:\/\/radioljubuski.ba\/index.php\/2022\/03\/04\/rusi-bjeze-iz-rusije-ne-planiram-se-boriti-u-ovom-ratu-koji-ionako-nije-bio-moja-odluka\/"},"wordCount":871,"publisher":{"@id":"https:\/\/radioljubuski.ba\/#organization"},"image":{"@id":"https:\/\/radioljubuski.ba\/index.php\/2022\/03\/04\/rusi-bjeze-iz-rusije-ne-planiram-se-boriti-u-ovom-ratu-koji-ionako-nije-bio-moja-odluka\/#primaryimage"},"thumbnailUrl":"https:\/\/radioljubuski.ba\/wp-content\/uploads\/2022\/03\/2-2022-03-04-09-50-19-zracna.jpg","articleSection":["BIH i regija"],"inLanguage":"hr"},{"@type":"WebPage","@id":"https:\/\/radioljubuski.ba\/index.php\/2022\/03\/04\/rusi-bjeze-iz-rusije-ne-planiram-se-boriti-u-ovom-ratu-koji-ionako-nije-bio-moja-odluka\/","url":"https:\/\/radioljubuski.ba\/index.php\/2022\/03\/04\/rusi-bjeze-iz-rusije-ne-planiram-se-boriti-u-ovom-ratu-koji-ionako-nije-bio-moja-odluka\/","name":"Rusi bje\u017ee iz Rusije: Ne planiram se boriti u ovom ratu koji ionako nije bio moja odluka - RADIO LJUBU\u0160KI","isPartOf":{"@id":"https:\/\/radioljubuski.ba\/#website"},"primaryImageOfPage":{"@id":"https:\/\/radioljubuski.ba\/index.php\/2022\/03\/04\/rusi-bjeze-iz-rusije-ne-planiram-se-boriti-u-ovom-ratu-koji-ionako-nije-bio-moja-odluka\/#primaryimage"},"image":{"@id":"https:\/\/radioljubuski.ba\/index.php\/2022\/03\/04\/rusi-bjeze-iz-rusije-ne-planiram-se-boriti-u-ovom-ratu-koji-ionako-nije-bio-moja-odluka\/#primaryimage"},"thumbnailUrl":"https:\/\/radioljubuski.ba\/wp-content\/uploads\/2022\/03\/2-2022-03-04-09-50-19-zracna.jpg","datePublished":"2022-03-04T10:19:28+00:00","dateModified":"2022-03-04T10:19:29+00:00","breadcrumb":{"@id":"https:\/\/radioljubuski.ba\/index.php\/2022\/03\/04\/rusi-bjeze-iz-rusije-ne-planiram-se-boriti-u-ovom-ratu-koji-ionako-nije-bio-moja-odluka\/#breadcrumb"},"inLanguage":"hr","potentialAction":[{"@type":"ReadAction","target":["https:\/\/radioljubuski.ba\/index.php\/2022\/03\/04\/rusi-bjeze-iz-rusije-ne-planiram-se-boriti-u-ovom-ratu-koji-ionako-nije-bio-moja-odluka\/"]}]},{"@type":"ImageObject","inLanguage":"hr","@id":"https:\/\/radioljubuski.ba\/index.php\/2022\/03\/04\/rusi-bjeze-iz-rusije-ne-planiram-se-boriti-u-ovom-ratu-koji-ionako-nije-bio-moja-odluka\/#primaryimage","url":"https:\/\/radioljubuski.ba\/wp-content\/uploads\/2022\/03\/2-2022-03-04-09-50-19-zracna.jpg","contentUrl":"https:\/\/radioljubuski.ba\/wp-content\/uploads\/2022\/03\/2-2022-03-04-09-50-19-zracna.jpg","width":1000,"height":625},{"@type":"BreadcrumbList","@id":"https:\/\/radioljubuski.ba\/index.php\/2022\/03\/04\/rusi-bjeze-iz-rusije-ne-planiram-se-boriti-u-ovom-ratu-koji-ionako-nije-bio-moja-odluka\/#breadcrumb","itemListElement":[{"@type":"ListItem","position":1,"name":"Po\u010detna stranica","item":"https:\/\/radioljubuski.ba\/"},{"@type":"ListItem","position":2,"name":"Rusi bje\u017ee iz Rusije: Ne planiram se boriti u ovom ratu koji ionako nije bio moja odluka"}]},{"@type":"WebSite","@id":"https:\/\/radioljubuski.ba\/#website","url":"https:\/\/radioljubuski.ba\/","name":"Radio Ljubu\u0161ki","description":"Sun\u010dana frekvencija Hercegovine","publisher":{"@id":"https:\/\/radioljubuski.ba\/#organization"},"potentialAction":[{"@type":"SearchAction","target":{"@type":"EntryPoint","urlTemplate":"https:\/\/radioljubuski.ba\/?s={search_term_string}"},"query-input":{"@type":"PropertyValueSpecification","valueRequired":true,"valueName":"search_term_string"}}],"inLanguage":"hr"},{"@type":"Organization","@id":"https:\/\/radioljubuski.ba\/#organization","name":"Radio Ljubu\u0161ki","url":"https:\/\/radioljubuski.ba\/","logo":{"@type":"ImageObject","inLanguage":"hr","@id":"https:\/\/radioljubuski.ba\/#\/schema\/logo\/image\/","url":"https:\/\/radioljubuski.ba\/wp-content\/uploads\/2021\/02\/cropped-Radio_Ljubuski_logo1.jpg","contentUrl":"https:\/\/radioljubuski.ba\/wp-content\/uploads\/2021\/02\/cropped-Radio_Ljubuski_logo1.jpg","width":512,"height":512,"caption":"Radio Ljubu\u0161ki"},"image":{"@id":"https:\/\/radioljubuski.ba\/#\/schema\/logo\/image\/"},"sameAs":["https:\/\/www.facebook.com\/Radiio-Ljubuski-1490835324566332","https:\/\/x.com\/radioljubuski","https:\/\/hr.linkedin.com\/company\/radio-ljubuski","https:\/\/www.youtube.com\/channel\/UCHYaeO_n0Db3tjNGudGpXyw"]},{"@type":"Person","@id":"https:\/\/radioljubuski.ba\/#\/schema\/person\/19fc700381a780f69665d7956c469e3b","name":"Radio Ljubu\u0161ki"}]}},"_links":{"self":[{"href":"https:\/\/radioljubuski.ba\/index.php\/wp-json\/wp\/v2\/posts\/118068","targetHints":{"allow":["GET"]}}],"collection":[{"href":"https:\/\/radioljubuski.ba\/index.php\/wp-json\/wp\/v2\/posts"}],"about":[{"href":"https:\/\/radioljubuski.ba\/index.php\/wp-json\/wp\/v2\/types\/post"}],"author":[{"embeddable":true,"href":"https:\/\/radioljubuski.ba\/index.php\/wp-json\/wp\/v2\/users\/2"}],"replies":[{"embeddable":true,"href":"https:\/\/radioljubuski.ba\/index.php\/wp-json\/wp\/v2\/comments?post=118068"}],"version-history":[{"count":1,"href":"https:\/\/radioljubuski.ba\/index.php\/wp-json\/wp\/v2\/posts\/118068\/revisions"}],"predecessor-version":[{"id":118070,"href":"https:\/\/radioljubuski.ba\/index.php\/wp-json\/wp\/v2\/posts\/118068\/revisions\/118070"}],"wp:featuredmedia":[{"embeddable":true,"href":"https:\/\/radioljubuski.ba\/index.php\/wp-json\/wp\/v2\/media\/118069"}],"wp:attachment":[{"href":"https:\/\/radioljubuski.ba\/index.php\/wp-json\/wp\/v2\/media?parent=118068"}],"wp:term":[{"taxonomy":"category","embeddable":true,"href":"https:\/\/radioljubuski.ba\/index.php\/wp-json\/wp\/v2\/categories?post=118068"},{"taxonomy":"post_tag","embeddable":true,"href":"https:\/\/radioljubuski.ba\/index.php\/wp-json\/wp\/v2\/tags?post=118068"}],"curies":[{"name":"wp","href":"https:\/\/api.w.org\/{rel}","templated":true}]}}