{"id":118080,"date":"2022-03-04T11:23:18","date_gmt":"2022-03-04T10:23:18","guid":{"rendered":"https:\/\/radioljubuski.ba\/?p=118080"},"modified":"2022-03-04T11:23:19","modified_gmt":"2022-03-04T10:23:19","slug":"zelenski-dozivjeli-smo-noc-koja-je-mogla-zaustaviti-povijest-ukrajine-i-europe","status":"publish","type":"post","link":"https:\/\/radioljubuski.ba\/index.php\/2022\/03\/04\/zelenski-dozivjeli-smo-noc-koja-je-mogla-zaustaviti-povijest-ukrajine-i-europe\/","title":{"rendered":"Zelenski: Do\u017eivjeli smo no\u0107 koja je mogla zaustaviti povijest Ukrajine i Europe"},"content":{"rendered":"\n<p>Predsjednik Ukrajine Volodimir Zelenski oglasio je danas povodom devetog dana ruske invazije na Ukrajinu.<\/p>\n\n\n\n<p>-Borimo se protiv mo\u0107nog neprijatelja koji nas broj\u010dano nadma\u0161uje. \u0160to nas nadma\u0161uje po koli\u010dini opreme, ali koji je tisu\u0107ama svjetlosnih godina udaljen od normalnih ljudi koji imaju dostojanstvo &#8211; poru\u010dio je on.&nbsp;<\/p>\n\n\n\n<p>Dodao je da su do\u017eivjeli no\u0107 koja je mogla zaustaviti povijest Ukrajine i Europe.&nbsp;<\/p>\n\n\n\n<p>-Ruske trupe napale su nuklearnu elektranu Zaporo\u017eje &#8211; poru\u010dio je on.&nbsp;<\/p>\n\n\n\n<p>Jutros je objavljeno kako su Rusi preuzeli kontrolu nad nuklearnom hidroelektranom u kojoj je no\u0107as izbio po\u017ear zbog ruskog granatiranja. Ovo je prvi put u povijesti \u010dovje\u010danstva da je netko granatirao nuklearnu elektranu. Dobro se trebamo zapitati je li \u010dovje\u010danstvo na rubu propasti?<\/p>\n\n\n\n<p>Izvor:pogled.ba<\/p>\n","protected":false},"excerpt":{"rendered":"<p>Predsjednik Ukrajine Volodimir Zelenski oglasio je danas povodom devetog dana ruske invazije na Ukrajinu. -Borimo se protiv mo\u0107nog neprijatelja koji nas broj\u010dano nadma\u0161uje. \u0160to nas nadma\u0161uje po koli\u010dini opreme, ali koji je tisu\u0107ama svjetlosnih godina udaljen od normalnih ljudi koji imaju dostojanstvo &#8211; poru\u010dio je on.&nbsp; Dodao je da su do\u017eivjeli no\u0107 koja je mogla [&hellip;]<\/p>\n","protected":false},"author":2,"featured_media":117403,"comment_status":"closed","ping_status":"closed","sticky":false,"template":"","format":"standard","meta":{"h5ap_radio_sources":[],"footnotes":""},"categories":[1],"tags":[],"class_list":["post-118080","post","type-post","status-publish","format-standard","has-post-thumbnail","hentry","category-bihiregija"],"yoast_head":"<!-- This site is optimized with the Yoast SEO plugin v27.5 - https:\/\/yoast.com\/product\/yoast-seo-wordpress\/ -->\n<title>Zelenski: Do\u017eivjeli smo no\u0107 koja je mogla zaustaviti povijest Ukrajine i Europe - RADIO LJUBU\u0160KI<\/title>\n<meta name=\"robots\" content=\"index, follow, max-snippet:-1, max-image-preview:large, max-video-preview:-1\" \/>\n<link rel=\"canonical\" href=\"https:\/\/radioljubuski.ba\/index.php\/2022\/03\/04\/zelenski-dozivjeli-smo-noc-koja-je-mogla-zaustaviti-povijest-ukrajine-i-europe\/\" \/>\n<meta property=\"og:locale\" content=\"hr_HR\" \/>\n<meta property=\"og:type\" content=\"article\" \/>\n<meta property=\"og:title\" content=\"Zelenski: Do\u017eivjeli smo no\u0107 koja je mogla zaustaviti povijest Ukrajine i Europe - RADIO LJUBU\u0160KI\" \/>\n<meta property=\"og:description\" content=\"Predsjednik Ukrajine Volodimir Zelenski oglasio je danas povodom devetog dana ruske invazije na Ukrajinu. -Borimo se protiv mo\u0107nog neprijatelja koji nas broj\u010dano nadma\u0161uje. \u0160to nas nadma\u0161uje po koli\u010dini opreme, ali koji je tisu\u0107ama svjetlosnih godina udaljen od normalnih ljudi koji imaju dostojanstvo &#8211; poru\u010dio je on.&nbsp; Dodao je da su do\u017eivjeli no\u0107 koja je mogla [&hellip;]\" \/>\n<meta property=\"og:url\" content=\"https:\/\/radioljubuski.ba\/index.php\/2022\/03\/04\/zelenski-dozivjeli-smo-noc-koja-je-mogla-zaustaviti-povijest-ukrajine-i-europe\/\" \/>\n<meta property=\"og:site_name\" content=\"RADIO LJUBU\u0160KI\" \/>\n<meta property=\"article:publisher\" content=\"https:\/\/www.facebook.com\/Radiio-Ljubuski-1490835324566332\" \/>\n<meta property=\"article:published_time\" content=\"2022-03-04T10:23:18+00:00\" \/>\n<meta property=\"article:modified_time\" content=\"2022-03-04T10:23:19+00:00\" \/>\n<meta property=\"og:image\" content=\"https:\/\/radioljubuski.ba\/wp-content\/uploads\/2022\/03\/zelenski.jpg\" \/>\n\t<meta property=\"og:image:width\" content=\"1000\" \/>\n\t<meta property=\"og:image:height\" content=\"625\" \/>\n\t<meta property=\"og:image:type\" content=\"image\/jpeg\" \/>\n<meta name=\"author\" content=\"Radio Ljubu\u0161ki\" \/>\n<meta name=\"twitter:card\" content=\"summary_large_image\" \/>\n<meta name=\"twitter:creator\" content=\"@radioljubuski\" \/>\n<meta name=\"twitter:site\" content=\"@radioljubuski\" \/>\n<meta name=\"twitter:label1\" content=\"Napisao\/la\" \/>\n\t<meta name=\"twitter:data1\" content=\"Radio Ljubu\u0161ki\" \/>\n\t<meta name=\"twitter:label2\" content=\"Procijenjeno vrijeme \u010ditanja\" \/>\n\t<meta name=\"twitter:data2\" content=\"1 minuta\" \/>\n<script type=\"application\/ld+json\" class=\"yoast-schema-graph\">{\"@context\":\"https:\\\/\\\/schema.org\",\"@graph\":[{\"@type\":\"Article\",\"@id\":\"https:\\\/\\\/radioljubuski.ba\\\/index.php\\\/2022\\\/03\\\/04\\\/zelenski-dozivjeli-smo-noc-koja-je-mogla-zaustaviti-povijest-ukrajine-i-europe\\\/#article\",\"isPartOf\":{\"@id\":\"https:\\\/\\\/radioljubuski.ba\\\/index.php\\\/2022\\\/03\\\/04\\\/zelenski-dozivjeli-smo-noc-koja-je-mogla-zaustaviti-povijest-ukrajine-i-europe\\\/\"},\"author\":{\"name\":\"Radio Ljubu\u0161ki\",\"@id\":\"https:\\\/\\\/radioljubuski.ba\\\/#\\\/schema\\\/person\\\/19fc700381a780f69665d7956c469e3b\"},\"headline\":\"Zelenski: Do\u017eivjeli smo no\u0107 koja je mogla zaustaviti povijest Ukrajine i Europe\",\"datePublished\":\"2022-03-04T10:23:18+00:00\",\"dateModified\":\"2022-03-04T10:23:19+00:00\",\"mainEntityOfPage\":{\"@id\":\"https:\\\/\\\/radioljubuski.ba\\\/index.php\\\/2022\\\/03\\\/04\\\/zelenski-dozivjeli-smo-noc-koja-je-mogla-zaustaviti-povijest-ukrajine-i-europe\\\/\"},\"wordCount\":147,\"publisher\":{\"@id\":\"https:\\\/\\\/radioljubuski.ba\\\/#organization\"},\"image\":{\"@id\":\"https:\\\/\\\/radioljubuski.ba\\\/index.php\\\/2022\\\/03\\\/04\\\/zelenski-dozivjeli-smo-noc-koja-je-mogla-zaustaviti-povijest-ukrajine-i-europe\\\/#primaryimage\"},\"thumbnailUrl\":\"https:\\\/\\\/radioljubuski.ba\\\/wp-content\\\/uploads\\\/2022\\\/03\\\/zelenski.jpg\",\"articleSection\":[\"BIH i regija\"],\"inLanguage\":\"hr\"},{\"@type\":\"WebPage\",\"@id\":\"https:\\\/\\\/radioljubuski.ba\\\/index.php\\\/2022\\\/03\\\/04\\\/zelenski-dozivjeli-smo-noc-koja-je-mogla-zaustaviti-povijest-ukrajine-i-europe\\\/\",\"url\":\"https:\\\/\\\/radioljubuski.ba\\\/index.php\\\/2022\\\/03\\\/04\\\/zelenski-dozivjeli-smo-noc-koja-je-mogla-zaustaviti-povijest-ukrajine-i-europe\\\/\",\"name\":\"Zelenski: Do\u017eivjeli smo no\u0107 koja je mogla zaustaviti povijest Ukrajine i Europe - RADIO LJUBU\u0160KI\",\"isPartOf\":{\"@id\":\"https:\\\/\\\/radioljubuski.ba\\\/#website\"},\"primaryImageOfPage\":{\"@id\":\"https:\\\/\\\/radioljubuski.ba\\\/index.php\\\/2022\\\/03\\\/04\\\/zelenski-dozivjeli-smo-noc-koja-je-mogla-zaustaviti-povijest-ukrajine-i-europe\\\/#primaryimage\"},\"image\":{\"@id\":\"https:\\\/\\\/radioljubuski.ba\\\/index.php\\\/2022\\\/03\\\/04\\\/zelenski-dozivjeli-smo-noc-koja-je-mogla-zaustaviti-povijest-ukrajine-i-europe\\\/#primaryimage\"},\"thumbnailUrl\":\"https:\\\/\\\/radioljubuski.ba\\\/wp-content\\\/uploads\\\/2022\\\/03\\\/zelenski.jpg\",\"datePublished\":\"2022-03-04T10:23:18+00:00\",\"dateModified\":\"2022-03-04T10:23:19+00:00\",\"breadcrumb\":{\"@id\":\"https:\\\/\\\/radioljubuski.ba\\\/index.php\\\/2022\\\/03\\\/04\\\/zelenski-dozivjeli-smo-noc-koja-je-mogla-zaustaviti-povijest-ukrajine-i-europe\\\/#breadcrumb\"},\"inLanguage\":\"hr\",\"potentialAction\":[{\"@type\":\"ReadAction\",\"target\":[\"https:\\\/\\\/radioljubuski.ba\\\/index.php\\\/2022\\\/03\\\/04\\\/zelenski-dozivjeli-smo-noc-koja-je-mogla-zaustaviti-povijest-ukrajine-i-europe\\\/\"]}]},{\"@type\":\"ImageObject\",\"inLanguage\":\"hr\",\"@id\":\"https:\\\/\\\/radioljubuski.ba\\\/index.php\\\/2022\\\/03\\\/04\\\/zelenski-dozivjeli-smo-noc-koja-je-mogla-zaustaviti-povijest-ukrajine-i-europe\\\/#primaryimage\",\"url\":\"https:\\\/\\\/radioljubuski.ba\\\/wp-content\\\/uploads\\\/2022\\\/03\\\/zelenski.jpg\",\"contentUrl\":\"https:\\\/\\\/radioljubuski.ba\\\/wp-content\\\/uploads\\\/2022\\\/03\\\/zelenski.jpg\",\"width\":1000,\"height\":625},{\"@type\":\"BreadcrumbList\",\"@id\":\"https:\\\/\\\/radioljubuski.ba\\\/index.php\\\/2022\\\/03\\\/04\\\/zelenski-dozivjeli-smo-noc-koja-je-mogla-zaustaviti-povijest-ukrajine-i-europe\\\/#breadcrumb\",\"itemListElement\":[{\"@type\":\"ListItem\",\"position\":1,\"name\":\"Po\u010detna stranica\",\"item\":\"https:\\\/\\\/radioljubuski.ba\\\/\"},{\"@type\":\"ListItem\",\"position\":2,\"name\":\"Zelenski: Do\u017eivjeli smo no\u0107 koja je mogla zaustaviti povijest Ukrajine i Europe\"}]},{\"@type\":\"WebSite\",\"@id\":\"https:\\\/\\\/radioljubuski.ba\\\/#website\",\"url\":\"https:\\\/\\\/radioljubuski.ba\\\/\",\"name\":\"Radio Ljubu\u0161ki\",\"description\":\"Sun\u010dana frekvencija Hercegovine\",\"publisher\":{\"@id\":\"https:\\\/\\\/radioljubuski.ba\\\/#organization\"},\"potentialAction\":[{\"@type\":\"SearchAction\",\"target\":{\"@type\":\"EntryPoint\",\"urlTemplate\":\"https:\\\/\\\/radioljubuski.ba\\\/?s={search_term_string}\"},\"query-input\":{\"@type\":\"PropertyValueSpecification\",\"valueRequired\":true,\"valueName\":\"search_term_string\"}}],\"inLanguage\":\"hr\"},{\"@type\":\"Organization\",\"@id\":\"https:\\\/\\\/radioljubuski.ba\\\/#organization\",\"name\":\"Radio Ljubu\u0161ki\",\"url\":\"https:\\\/\\\/radioljubuski.ba\\\/\",\"logo\":{\"@type\":\"ImageObject\",\"inLanguage\":\"hr\",\"@id\":\"https:\\\/\\\/radioljubuski.ba\\\/#\\\/schema\\\/logo\\\/image\\\/\",\"url\":\"https:\\\/\\\/radioljubuski.ba\\\/wp-content\\\/uploads\\\/2021\\\/02\\\/cropped-Radio_Ljubuski_logo1.jpg\",\"contentUrl\":\"https:\\\/\\\/radioljubuski.ba\\\/wp-content\\\/uploads\\\/2021\\\/02\\\/cropped-Radio_Ljubuski_logo1.jpg\",\"width\":512,\"height\":512,\"caption\":\"Radio Ljubu\u0161ki\"},\"image\":{\"@id\":\"https:\\\/\\\/radioljubuski.ba\\\/#\\\/schema\\\/logo\\\/image\\\/\"},\"sameAs\":[\"https:\\\/\\\/www.facebook.com\\\/Radiio-Ljubuski-1490835324566332\",\"https:\\\/\\\/x.com\\\/radioljubuski\",\"https:\\\/\\\/hr.linkedin.com\\\/company\\\/radio-ljubuski\",\"https:\\\/\\\/www.youtube.com\\\/channel\\\/UCHYaeO_n0Db3tjNGudGpXyw\"]},{\"@type\":\"Person\",\"@id\":\"https:\\\/\\\/radioljubuski.ba\\\/#\\\/schema\\\/person\\\/19fc700381a780f69665d7956c469e3b\",\"name\":\"Radio Ljubu\u0161ki\"}]}<\/script>\n<!-- \/ Yoast SEO plugin. -->","yoast_head_json":{"title":"Zelenski: Do\u017eivjeli smo no\u0107 koja je mogla zaustaviti povijest Ukrajine i Europe - RADIO LJUBU\u0160KI","robots":{"index":"index","follow":"follow","max-snippet":"max-snippet:-1","max-image-preview":"max-image-preview:large","max-video-preview":"max-video-preview:-1"},"canonical":"https:\/\/radioljubuski.ba\/index.php\/2022\/03\/04\/zelenski-dozivjeli-smo-noc-koja-je-mogla-zaustaviti-povijest-ukrajine-i-europe\/","og_locale":"hr_HR","og_type":"article","og_title":"Zelenski: Do\u017eivjeli smo no\u0107 koja je mogla zaustaviti povijest Ukrajine i Europe - RADIO LJUBU\u0160KI","og_description":"Predsjednik Ukrajine Volodimir Zelenski oglasio je danas povodom devetog dana ruske invazije na Ukrajinu. -Borimo se protiv mo\u0107nog neprijatelja koji nas broj\u010dano nadma\u0161uje. \u0160to nas nadma\u0161uje po koli\u010dini opreme, ali koji je tisu\u0107ama svjetlosnih godina udaljen od normalnih ljudi koji imaju dostojanstvo &#8211; poru\u010dio je on.&nbsp; Dodao je da su do\u017eivjeli no\u0107 koja je mogla [&hellip;]","og_url":"https:\/\/radioljubuski.ba\/index.php\/2022\/03\/04\/zelenski-dozivjeli-smo-noc-koja-je-mogla-zaustaviti-povijest-ukrajine-i-europe\/","og_site_name":"RADIO LJUBU\u0160KI","article_publisher":"https:\/\/www.facebook.com\/Radiio-Ljubuski-1490835324566332","article_published_time":"2022-03-04T10:23:18+00:00","article_modified_time":"2022-03-04T10:23:19+00:00","og_image":[{"width":1000,"height":625,"url":"https:\/\/radioljubuski.ba\/wp-content\/uploads\/2022\/03\/zelenski.jpg","type":"image\/jpeg"}],"author":"Radio Ljubu\u0161ki","twitter_card":"summary_large_image","twitter_creator":"@radioljubuski","twitter_site":"@radioljubuski","twitter_misc":{"Napisao\/la":"Radio Ljubu\u0161ki","Procijenjeno vrijeme \u010ditanja":"1 minuta"},"schema":{"@context":"https:\/\/schema.org","@graph":[{"@type":"Article","@id":"https:\/\/radioljubuski.ba\/index.php\/2022\/03\/04\/zelenski-dozivjeli-smo-noc-koja-je-mogla-zaustaviti-povijest-ukrajine-i-europe\/#article","isPartOf":{"@id":"https:\/\/radioljubuski.ba\/index.php\/2022\/03\/04\/zelenski-dozivjeli-smo-noc-koja-je-mogla-zaustaviti-povijest-ukrajine-i-europe\/"},"author":{"name":"Radio Ljubu\u0161ki","@id":"https:\/\/radioljubuski.ba\/#\/schema\/person\/19fc700381a780f69665d7956c469e3b"},"headline":"Zelenski: Do\u017eivjeli smo no\u0107 koja je mogla zaustaviti povijest Ukrajine i Europe","datePublished":"2022-03-04T10:23:18+00:00","dateModified":"2022-03-04T10:23:19+00:00","mainEntityOfPage":{"@id":"https:\/\/radioljubuski.ba\/index.php\/2022\/03\/04\/zelenski-dozivjeli-smo-noc-koja-je-mogla-zaustaviti-povijest-ukrajine-i-europe\/"},"wordCount":147,"publisher":{"@id":"https:\/\/radioljubuski.ba\/#organization"},"image":{"@id":"https:\/\/radioljubuski.ba\/index.php\/2022\/03\/04\/zelenski-dozivjeli-smo-noc-koja-je-mogla-zaustaviti-povijest-ukrajine-i-europe\/#primaryimage"},"thumbnailUrl":"https:\/\/radioljubuski.ba\/wp-content\/uploads\/2022\/03\/zelenski.jpg","articleSection":["BIH i regija"],"inLanguage":"hr"},{"@type":"WebPage","@id":"https:\/\/radioljubuski.ba\/index.php\/2022\/03\/04\/zelenski-dozivjeli-smo-noc-koja-je-mogla-zaustaviti-povijest-ukrajine-i-europe\/","url":"https:\/\/radioljubuski.ba\/index.php\/2022\/03\/04\/zelenski-dozivjeli-smo-noc-koja-je-mogla-zaustaviti-povijest-ukrajine-i-europe\/","name":"Zelenski: Do\u017eivjeli smo no\u0107 koja je mogla zaustaviti povijest Ukrajine i Europe - RADIO LJUBU\u0160KI","isPartOf":{"@id":"https:\/\/radioljubuski.ba\/#website"},"primaryImageOfPage":{"@id":"https:\/\/radioljubuski.ba\/index.php\/2022\/03\/04\/zelenski-dozivjeli-smo-noc-koja-je-mogla-zaustaviti-povijest-ukrajine-i-europe\/#primaryimage"},"image":{"@id":"https:\/\/radioljubuski.ba\/index.php\/2022\/03\/04\/zelenski-dozivjeli-smo-noc-koja-je-mogla-zaustaviti-povijest-ukrajine-i-europe\/#primaryimage"},"thumbnailUrl":"https:\/\/radioljubuski.ba\/wp-content\/uploads\/2022\/03\/zelenski.jpg","datePublished":"2022-03-04T10:23:18+00:00","dateModified":"2022-03-04T10:23:19+00:00","breadcrumb":{"@id":"https:\/\/radioljubuski.ba\/index.php\/2022\/03\/04\/zelenski-dozivjeli-smo-noc-koja-je-mogla-zaustaviti-povijest-ukrajine-i-europe\/#breadcrumb"},"inLanguage":"hr","potentialAction":[{"@type":"ReadAction","target":["https:\/\/radioljubuski.ba\/index.php\/2022\/03\/04\/zelenski-dozivjeli-smo-noc-koja-je-mogla-zaustaviti-povijest-ukrajine-i-europe\/"]}]},{"@type":"ImageObject","inLanguage":"hr","@id":"https:\/\/radioljubuski.ba\/index.php\/2022\/03\/04\/zelenski-dozivjeli-smo-noc-koja-je-mogla-zaustaviti-povijest-ukrajine-i-europe\/#primaryimage","url":"https:\/\/radioljubuski.ba\/wp-content\/uploads\/2022\/03\/zelenski.jpg","contentUrl":"https:\/\/radioljubuski.ba\/wp-content\/uploads\/2022\/03\/zelenski.jpg","width":1000,"height":625},{"@type":"BreadcrumbList","@id":"https:\/\/radioljubuski.ba\/index.php\/2022\/03\/04\/zelenski-dozivjeli-smo-noc-koja-je-mogla-zaustaviti-povijest-ukrajine-i-europe\/#breadcrumb","itemListElement":[{"@type":"ListItem","position":1,"name":"Po\u010detna stranica","item":"https:\/\/radioljubuski.ba\/"},{"@type":"ListItem","position":2,"name":"Zelenski: Do\u017eivjeli smo no\u0107 koja je mogla zaustaviti povijest Ukrajine i Europe"}]},{"@type":"WebSite","@id":"https:\/\/radioljubuski.ba\/#website","url":"https:\/\/radioljubuski.ba\/","name":"Radio Ljubu\u0161ki","description":"Sun\u010dana frekvencija Hercegovine","publisher":{"@id":"https:\/\/radioljubuski.ba\/#organization"},"potentialAction":[{"@type":"SearchAction","target":{"@type":"EntryPoint","urlTemplate":"https:\/\/radioljubuski.ba\/?s={search_term_string}"},"query-input":{"@type":"PropertyValueSpecification","valueRequired":true,"valueName":"search_term_string"}}],"inLanguage":"hr"},{"@type":"Organization","@id":"https:\/\/radioljubuski.ba\/#organization","name":"Radio Ljubu\u0161ki","url":"https:\/\/radioljubuski.ba\/","logo":{"@type":"ImageObject","inLanguage":"hr","@id":"https:\/\/radioljubuski.ba\/#\/schema\/logo\/image\/","url":"https:\/\/radioljubuski.ba\/wp-content\/uploads\/2021\/02\/cropped-Radio_Ljubuski_logo1.jpg","contentUrl":"https:\/\/radioljubuski.ba\/wp-content\/uploads\/2021\/02\/cropped-Radio_Ljubuski_logo1.jpg","width":512,"height":512,"caption":"Radio Ljubu\u0161ki"},"image":{"@id":"https:\/\/radioljubuski.ba\/#\/schema\/logo\/image\/"},"sameAs":["https:\/\/www.facebook.com\/Radiio-Ljubuski-1490835324566332","https:\/\/x.com\/radioljubuski","https:\/\/hr.linkedin.com\/company\/radio-ljubuski","https:\/\/www.youtube.com\/channel\/UCHYaeO_n0Db3tjNGudGpXyw"]},{"@type":"Person","@id":"https:\/\/radioljubuski.ba\/#\/schema\/person\/19fc700381a780f69665d7956c469e3b","name":"Radio Ljubu\u0161ki"}]}},"_links":{"self":[{"href":"https:\/\/radioljubuski.ba\/index.php\/wp-json\/wp\/v2\/posts\/118080","targetHints":{"allow":["GET"]}}],"collection":[{"href":"https:\/\/radioljubuski.ba\/index.php\/wp-json\/wp\/v2\/posts"}],"about":[{"href":"https:\/\/radioljubuski.ba\/index.php\/wp-json\/wp\/v2\/types\/post"}],"author":[{"embeddable":true,"href":"https:\/\/radioljubuski.ba\/index.php\/wp-json\/wp\/v2\/users\/2"}],"replies":[{"embeddable":true,"href":"https:\/\/radioljubuski.ba\/index.php\/wp-json\/wp\/v2\/comments?post=118080"}],"version-history":[{"count":1,"href":"https:\/\/radioljubuski.ba\/index.php\/wp-json\/wp\/v2\/posts\/118080\/revisions"}],"predecessor-version":[{"id":118081,"href":"https:\/\/radioljubuski.ba\/index.php\/wp-json\/wp\/v2\/posts\/118080\/revisions\/118081"}],"wp:featuredmedia":[{"embeddable":true,"href":"https:\/\/radioljubuski.ba\/index.php\/wp-json\/wp\/v2\/media\/117403"}],"wp:attachment":[{"href":"https:\/\/radioljubuski.ba\/index.php\/wp-json\/wp\/v2\/media?parent=118080"}],"wp:term":[{"taxonomy":"category","embeddable":true,"href":"https:\/\/radioljubuski.ba\/index.php\/wp-json\/wp\/v2\/categories?post=118080"},{"taxonomy":"post_tag","embeddable":true,"href":"https:\/\/radioljubuski.ba\/index.php\/wp-json\/wp\/v2\/tags?post=118080"}],"curies":[{"name":"wp","href":"https:\/\/api.w.org\/{rel}","templated":true}]}}