{"id":118088,"date":"2022-03-04T11:26:28","date_gmt":"2022-03-04T10:26:28","guid":{"rendered":"https:\/\/radioljubuski.ba\/?p=118088"},"modified":"2022-03-04T11:26:30","modified_gmt":"2022-03-04T10:26:30","slug":"maslinovo-ulje-iz-hercegovine-rame-uz-rame-svjetskim-uljima-video","status":"publish","type":"post","link":"https:\/\/radioljubuski.ba\/index.php\/2022\/03\/04\/maslinovo-ulje-iz-hercegovine-rame-uz-rame-svjetskim-uljima-video\/","title":{"rendered":"Maslinovo ulje iz Hercegovine rame uz rame svjetskim uljima &#8211; video"},"content":{"rendered":"\n<p>Maslinova ulja iz Hercegovine dostigla su zavidnu razinu kvalitete \u0161to potvr\u0111uju ocjene na doma\u0107im i me\u0111unarodnim natjecanjima, stabla masline trenutno se prostiru na povr\u0161ini od 350 hektara, a treba napraviti sustav subvencija koji \u0107e potaknuti sadnju novih maslina kako bi se maslinarstvo u Hercegovini nastavilo razvijati i do\u0161lo do 1.000 hektara, \u0161to je na\u0161 cilj, kazao je u razgovoru za Fenu ravnatelj Federalnog agromediteranskog zavoda (FAZ) Mostar Marko Ivankovi\u0107.<\/p>\n\n\n\n<p>&#8211; Uzgoj maslina u Hercegovini datira jo\u0161 od rimskih vremena, postoje ostaci koji svjedo\u010de o proizvodnji ulja u ju\u017enoj regiji \u010capljine i Mogorjela, a maslina se intenzivnije sadi u zadnjih 10 do 15 godina. Prema statisti\u010dkim podacima 1977. godine Hercegovina je imala oko 6.000 stabala masline, a danas, po na\u0161oj procjeni, imamo 87.000 stabala. Trenutno idemo u kompletnu inventarizaciju nasada maslina u Hercegovini, a \u0161to se ti\u010de agroklimatskih uvjeta, mi smo rubno podru\u010dje uzgoja ove biljke. Podru\u010dje uzgoja masline u Hercegovini je od Trebinja do tunela Salakovac, pa tamo preko jednog dijela \u0160irokog Brijega do Sovi\u0107a prema Republici Hrvatskoj (RH), i ovaj ju\u017eni dio prema Neumu &#8211; kazao je Ivankovi\u0107.<\/p>\n\n\n\n<p>Potro\u0161nja maslinova ulja u BiH konstantno raste, no i dalje se radi o skromnim brojkama.<\/p>\n\n\n\n<p>&#8211; Nismo dostigli potro\u0161nju maslinovog ulja kakva je u Hrvatskoj, a to je oko dvije litre. Na\u0161a potro\u0161nja je 0,24 litre po stanovniku, dakle da samo pove\u0107amo za duplo ovu potro\u0161nju treba nam jo\u0161 350 hektara, a da do\u0111emo na jednu litru trebalo bi nam 1.400 hektara. Imamo mi i uvoznih ulja, ali potro\u0161a\u010di vi\u0161e preferiraju na\u0161a doma\u0107a, \u0161to je znak povjerenja u kvalitetu &#8211; naveo je ravnatelj FAZ-a.<\/p>\n\n\n\n<p>\u0160to se ti\u010de kvalitete, Ivankovi\u0107 ka\u017ee kako su maslinova ulja proizvedena u Hercegovini iz godine u godinu sve bolja.<\/p>\n\n\n\n<p>&#8211; Na\u0161a ekstradjevi\u010danska maslinova ulja dostigla su zavidnu razinu kvalitete i drago nam je da to i na\u0161i potro\u0161a\u010di prepoznaju, a kao \u0161to sam rekao i ranije, kvaliteta je potvr\u0111ena na na\u0161im natjecanjima, na\u0161im organolepti\u010dkim ocjenama, Danima masline, ali i na me\u0111unarodnim natjecanjima, prije svega u Hrvatskoj, ali i \u0161ire \u2013 kazao je Ivankovi\u0107.<\/p>\n\n\n\n<p>Po njegovim rije\u010dima, organolepti\u010dke ocjene maslinovog ulja u BiH radi panel za organolepti\u010dku ocjenu koji je u\u0161ao u Slu\u017ebeni glasnik BiH 2017. godine.<\/p>\n\n\n\n<p>&#8211; Na\u0161 panel svoju potvrdu do\u017eivljava na na\u010din da ulja koja ovdje na ocjenjivanju dobiju odre\u0111en broj bodova, samo potvrde taj broj na me\u0111unarodnim natjecanjima, \u0161to je potvrda ispravnosti rada i kvalitete na\u0161eg panela. Mi smo prezadovoljni, ali moramo osigurati da \u0161to vi\u0161e na\u0161ih proizvo\u0111a\u010da izlazi na me\u0111unarodne ocjene i na taj na\u010din \u0161iriti ugled proizvodnje maslina, odnosno ulja u BiH. Sljede\u0107a priprema je vjerojatno za natjecanje u New Yorku, ali vrlo je zahtjevno pripremiti proizvo\u0111a\u010de za svjetsko natjecanje, sama prijava za ovo konkretno natjecanje u New Yorku ko\u0161ta 400 dolara, a to proizvo\u0111a\u010di ne mogu sami. Moramo na\u0107i na\u010dina da im pomognemo i mislim da \u0107emo im pomo\u0107i &#8211; kazao je Ivankovi\u0107.<\/p>\n\n\n\n<p>Federalni agromediteranski zavod, po njegovim rije\u010dima, prati svoje maslinare &#8220;od njive do stola&#8221;.<\/p>\n\n\n\n<p>&#8211; Prilikom podizanja nasada oni su tu, osje\u0107aju i dolaze u Zavod kao u svoju ku\u0107u, a mi smo tu za njih tijekom analize zemlji\u0161ta, poma\u017eemo prilikom izrade projekata, prilikom izbora asortimenta, sadnje, pisanja investicijskih studija, poslovnih planova i sli\u010dno. Tako\u0111er, organiziramo i Dane masline gdje bude promotivna izlo\u017eba, odnosno organolepti\u010dka ocjena, fizikalno-kemijske analize, a prije tri godine po\u010deli smo ispitivati ljekovita svojstva na\u0161ih maslinovih ulja i uskoro bismo trebali objaviti znanstveni rad na tu temu. Tako\u0111er, uz veliku pomo\u0107 FAZ-a osnovana je i Hercegova\u010dka udruga uljara i maslinara &#8211; naveo je Ivankovi\u0107.<\/p>\n\n\n\n<p>Dodao je kako nema podatke koliko se godi\u0161nje izdvaja za podizanje nasada i uzgoj masline na \u017eupanijskoj i federalnoj razini, ali da je u pripremi Strategija ruralnog razvoja FBiH gdje se za ruralni razvoj planiraju zna\u010dajni iznosi.<\/p>\n\n\n\n<p>&#8211; To se, me\u0111u ostalim, odnosi i na ulaganja u vi\u0161egodi\u0161nje nasade pa je tu i maslina, vinova loza, vo\u0107e, dakle ono \u0161to mi ovdje imamo bit \u0107e obuhva\u0107eno nov\u010danim podr\u0161kama. Do sada je nepovratni dio bio nekih 25 posto od ukupne investicije, sada to poku\u0161avamo dignuti i vidjet \u0107emo \u0161to \u0107e biti &#8211; kazao je Ivankovi\u0107.<\/p>\n\n\n\n<p>Mi\u0161ljenja je kako treba napraviti sustav subvencija koji \u0107e potaknuti sadnju novih maslina kako bi se maslinarstvo u Hercegovini nastavilo razvijati.<\/p>\n\n\n\n<p>&#8211; Zajedno s proizvo\u0111a\u010dima uporno radimo na promociji maslinovog ulja kao namirnice s najboljim nutritivnim vrijednostima i mislimo da \u0107e maslinarstvo u narednih desetak godina uspjeti do\u0107i do navedenog cilja od 1.000 hektara, a za\u0161to ne i vi\u0161e &#8211; kazao je Ivankovi\u0107.<\/p>\n\n\n\n<p>\u0160to se ti\u010de planova za budu\u0107nost, naglasio je kako se nada da \u0107e nakon dvije godine ponovno biti organizirani Dani masline.<\/p>\n\n\n\n<p>&#8211; Tako\u0111er, s Vanjskotrgovinskom komorom razgovaramo da ovaj mjeseci napravimo okrugli stol na temu &#8220;stanje maslinarstva\/uljarstva u Hercegovini&#8221;, gdje bi doveli istaknute stru\u010dnjake iz RH zajedno s na\u0161ima, a cilj je naravno, kao i uvijek, na\u0161im uljarima i maslinarima pribli\u017eiti nove tehnologije i znanja &#8211; istaknuo je Ivankovi\u0107.<\/p>\n\n\n\n<iframe loading=\"lazy\" title=\"Maslinovo ulje iz Hercegovine rame uz rame svjetskim uljima\" width=\"640\" height=\"360\" src=\"https:\/\/www.youtube.com\/embed\/iMCUTNzUnQk?feature=oembed\" frameborder=\"0\" allow=\"accelerometer; autoplay; clipboard-write; encrypted-media; gyroscope; picture-in-picture; web-share\" referrerpolicy=\"strict-origin-when-cross-origin\" allowfullscreen><\/iframe>\n\n\n\n<p>Izvor.Pogled.ba<\/p>\n","protected":false},"excerpt":{"rendered":"<p>Maslinova ulja iz Hercegovine dostigla su zavidnu razinu kvalitete \u0161to potvr\u0111uju ocjene na doma\u0107im i me\u0111unarodnim natjecanjima, stabla masline trenutno se prostiru na povr\u0161ini od 350 hektara, a treba napraviti sustav subvencija koji \u0107e potaknuti sadnju novih maslina kako bi se maslinarstvo u Hercegovini nastavilo razvijati i do\u0161lo do 1.000 hektara, \u0161to je na\u0161 cilj, [&hellip;]<\/p>\n","protected":false},"author":2,"featured_media":118090,"comment_status":"closed","ping_status":"closed","sticky":false,"template":"","format":"standard","meta":{"h5ap_radio_sources":[],"footnotes":""},"categories":[1],"tags":[],"class_list":["post-118088","post","type-post","status-publish","format-standard","has-post-thumbnail","hentry","category-bihiregija"],"yoast_head":"<!-- This site is optimized with the Yoast SEO plugin v27.5 - https:\/\/yoast.com\/product\/yoast-seo-wordpress\/ -->\n<title>Maslinovo ulje iz Hercegovine rame uz rame svjetskim uljima - video - RADIO LJUBU\u0160KI<\/title>\n<meta name=\"robots\" content=\"index, follow, max-snippet:-1, max-image-preview:large, max-video-preview:-1\" \/>\n<link rel=\"canonical\" href=\"https:\/\/radioljubuski.ba\/index.php\/2022\/03\/04\/maslinovo-ulje-iz-hercegovine-rame-uz-rame-svjetskim-uljima-video\/\" \/>\n<meta property=\"og:locale\" content=\"hr_HR\" \/>\n<meta property=\"og:type\" content=\"article\" \/>\n<meta property=\"og:title\" content=\"Maslinovo ulje iz Hercegovine rame uz rame svjetskim uljima - video - RADIO LJUBU\u0160KI\" \/>\n<meta property=\"og:description\" content=\"Maslinova ulja iz Hercegovine dostigla su zavidnu razinu kvalitete \u0161to potvr\u0111uju ocjene na doma\u0107im i me\u0111unarodnim natjecanjima, stabla masline trenutno se prostiru na povr\u0161ini od 350 hektara, a treba napraviti sustav subvencija koji \u0107e potaknuti sadnju novih maslina kako bi se maslinarstvo u Hercegovini nastavilo razvijati i do\u0161lo do 1.000 hektara, \u0161to je na\u0161 cilj, [&hellip;]\" \/>\n<meta property=\"og:url\" content=\"https:\/\/radioljubuski.ba\/index.php\/2022\/03\/04\/maslinovo-ulje-iz-hercegovine-rame-uz-rame-svjetskim-uljima-video\/\" \/>\n<meta property=\"og:site_name\" content=\"RADIO LJUBU\u0160KI\" \/>\n<meta property=\"article:publisher\" content=\"https:\/\/www.facebook.com\/Radiio-Ljubuski-1490835324566332\" \/>\n<meta property=\"article:published_time\" content=\"2022-03-04T10:26:28+00:00\" \/>\n<meta property=\"article:modified_time\" content=\"2022-03-04T10:26:30+00:00\" \/>\n<meta property=\"og:image\" content=\"https:\/\/radioljubuski.ba\/wp-content\/uploads\/2022\/03\/eDUOzycN_maslinovo_ulje.jpg\" \/>\n\t<meta property=\"og:image:width\" content=\"1000\" \/>\n\t<meta property=\"og:image:height\" content=\"625\" \/>\n\t<meta property=\"og:image:type\" content=\"image\/jpeg\" \/>\n<meta name=\"author\" content=\"Radio Ljubu\u0161ki\" \/>\n<meta name=\"twitter:card\" content=\"summary_large_image\" \/>\n<meta name=\"twitter:creator\" content=\"@radioljubuski\" \/>\n<meta name=\"twitter:site\" content=\"@radioljubuski\" \/>\n<meta name=\"twitter:label1\" content=\"Napisao\/la\" \/>\n\t<meta name=\"twitter:data1\" content=\"Radio Ljubu\u0161ki\" \/>\n\t<meta name=\"twitter:label2\" content=\"Procijenjeno vrijeme \u010ditanja\" \/>\n\t<meta name=\"twitter:data2\" content=\"4 minute\" \/>\n<script type=\"application\/ld+json\" class=\"yoast-schema-graph\">{\"@context\":\"https:\\\/\\\/schema.org\",\"@graph\":[{\"@type\":\"Article\",\"@id\":\"https:\\\/\\\/radioljubuski.ba\\\/index.php\\\/2022\\\/03\\\/04\\\/maslinovo-ulje-iz-hercegovine-rame-uz-rame-svjetskim-uljima-video\\\/#article\",\"isPartOf\":{\"@id\":\"https:\\\/\\\/radioljubuski.ba\\\/index.php\\\/2022\\\/03\\\/04\\\/maslinovo-ulje-iz-hercegovine-rame-uz-rame-svjetskim-uljima-video\\\/\"},\"author\":{\"name\":\"Radio Ljubu\u0161ki\",\"@id\":\"https:\\\/\\\/radioljubuski.ba\\\/#\\\/schema\\\/person\\\/19fc700381a780f69665d7956c469e3b\"},\"headline\":\"Maslinovo ulje iz Hercegovine rame uz rame svjetskim uljima &#8211; video\",\"datePublished\":\"2022-03-04T10:26:28+00:00\",\"dateModified\":\"2022-03-04T10:26:30+00:00\",\"mainEntityOfPage\":{\"@id\":\"https:\\\/\\\/radioljubuski.ba\\\/index.php\\\/2022\\\/03\\\/04\\\/maslinovo-ulje-iz-hercegovine-rame-uz-rame-svjetskim-uljima-video\\\/\"},\"wordCount\":910,\"publisher\":{\"@id\":\"https:\\\/\\\/radioljubuski.ba\\\/#organization\"},\"image\":{\"@id\":\"https:\\\/\\\/radioljubuski.ba\\\/index.php\\\/2022\\\/03\\\/04\\\/maslinovo-ulje-iz-hercegovine-rame-uz-rame-svjetskim-uljima-video\\\/#primaryimage\"},\"thumbnailUrl\":\"https:\\\/\\\/radioljubuski.ba\\\/wp-content\\\/uploads\\\/2022\\\/03\\\/eDUOzycN_maslinovo_ulje.jpg\",\"articleSection\":[\"BIH i regija\"],\"inLanguage\":\"hr\"},{\"@type\":\"WebPage\",\"@id\":\"https:\\\/\\\/radioljubuski.ba\\\/index.php\\\/2022\\\/03\\\/04\\\/maslinovo-ulje-iz-hercegovine-rame-uz-rame-svjetskim-uljima-video\\\/\",\"url\":\"https:\\\/\\\/radioljubuski.ba\\\/index.php\\\/2022\\\/03\\\/04\\\/maslinovo-ulje-iz-hercegovine-rame-uz-rame-svjetskim-uljima-video\\\/\",\"name\":\"Maslinovo ulje iz Hercegovine rame uz rame svjetskim uljima - video - RADIO LJUBU\u0160KI\",\"isPartOf\":{\"@id\":\"https:\\\/\\\/radioljubuski.ba\\\/#website\"},\"primaryImageOfPage\":{\"@id\":\"https:\\\/\\\/radioljubuski.ba\\\/index.php\\\/2022\\\/03\\\/04\\\/maslinovo-ulje-iz-hercegovine-rame-uz-rame-svjetskim-uljima-video\\\/#primaryimage\"},\"image\":{\"@id\":\"https:\\\/\\\/radioljubuski.ba\\\/index.php\\\/2022\\\/03\\\/04\\\/maslinovo-ulje-iz-hercegovine-rame-uz-rame-svjetskim-uljima-video\\\/#primaryimage\"},\"thumbnailUrl\":\"https:\\\/\\\/radioljubuski.ba\\\/wp-content\\\/uploads\\\/2022\\\/03\\\/eDUOzycN_maslinovo_ulje.jpg\",\"datePublished\":\"2022-03-04T10:26:28+00:00\",\"dateModified\":\"2022-03-04T10:26:30+00:00\",\"breadcrumb\":{\"@id\":\"https:\\\/\\\/radioljubuski.ba\\\/index.php\\\/2022\\\/03\\\/04\\\/maslinovo-ulje-iz-hercegovine-rame-uz-rame-svjetskim-uljima-video\\\/#breadcrumb\"},\"inLanguage\":\"hr\",\"potentialAction\":[{\"@type\":\"ReadAction\",\"target\":[\"https:\\\/\\\/radioljubuski.ba\\\/index.php\\\/2022\\\/03\\\/04\\\/maslinovo-ulje-iz-hercegovine-rame-uz-rame-svjetskim-uljima-video\\\/\"]}]},{\"@type\":\"ImageObject\",\"inLanguage\":\"hr\",\"@id\":\"https:\\\/\\\/radioljubuski.ba\\\/index.php\\\/2022\\\/03\\\/04\\\/maslinovo-ulje-iz-hercegovine-rame-uz-rame-svjetskim-uljima-video\\\/#primaryimage\",\"url\":\"https:\\\/\\\/radioljubuski.ba\\\/wp-content\\\/uploads\\\/2022\\\/03\\\/eDUOzycN_maslinovo_ulje.jpg\",\"contentUrl\":\"https:\\\/\\\/radioljubuski.ba\\\/wp-content\\\/uploads\\\/2022\\\/03\\\/eDUOzycN_maslinovo_ulje.jpg\",\"width\":1000,\"height\":625},{\"@type\":\"BreadcrumbList\",\"@id\":\"https:\\\/\\\/radioljubuski.ba\\\/index.php\\\/2022\\\/03\\\/04\\\/maslinovo-ulje-iz-hercegovine-rame-uz-rame-svjetskim-uljima-video\\\/#breadcrumb\",\"itemListElement\":[{\"@type\":\"ListItem\",\"position\":1,\"name\":\"Po\u010detna stranica\",\"item\":\"https:\\\/\\\/radioljubuski.ba\\\/\"},{\"@type\":\"ListItem\",\"position\":2,\"name\":\"Maslinovo ulje iz Hercegovine rame uz rame svjetskim uljima &#8211; video\"}]},{\"@type\":\"WebSite\",\"@id\":\"https:\\\/\\\/radioljubuski.ba\\\/#website\",\"url\":\"https:\\\/\\\/radioljubuski.ba\\\/\",\"name\":\"Radio Ljubu\u0161ki\",\"description\":\"Sun\u010dana frekvencija Hercegovine\",\"publisher\":{\"@id\":\"https:\\\/\\\/radioljubuski.ba\\\/#organization\"},\"potentialAction\":[{\"@type\":\"SearchAction\",\"target\":{\"@type\":\"EntryPoint\",\"urlTemplate\":\"https:\\\/\\\/radioljubuski.ba\\\/?s={search_term_string}\"},\"query-input\":{\"@type\":\"PropertyValueSpecification\",\"valueRequired\":true,\"valueName\":\"search_term_string\"}}],\"inLanguage\":\"hr\"},{\"@type\":\"Organization\",\"@id\":\"https:\\\/\\\/radioljubuski.ba\\\/#organization\",\"name\":\"Radio Ljubu\u0161ki\",\"url\":\"https:\\\/\\\/radioljubuski.ba\\\/\",\"logo\":{\"@type\":\"ImageObject\",\"inLanguage\":\"hr\",\"@id\":\"https:\\\/\\\/radioljubuski.ba\\\/#\\\/schema\\\/logo\\\/image\\\/\",\"url\":\"https:\\\/\\\/radioljubuski.ba\\\/wp-content\\\/uploads\\\/2021\\\/02\\\/cropped-Radio_Ljubuski_logo1.jpg\",\"contentUrl\":\"https:\\\/\\\/radioljubuski.ba\\\/wp-content\\\/uploads\\\/2021\\\/02\\\/cropped-Radio_Ljubuski_logo1.jpg\",\"width\":512,\"height\":512,\"caption\":\"Radio Ljubu\u0161ki\"},\"image\":{\"@id\":\"https:\\\/\\\/radioljubuski.ba\\\/#\\\/schema\\\/logo\\\/image\\\/\"},\"sameAs\":[\"https:\\\/\\\/www.facebook.com\\\/Radiio-Ljubuski-1490835324566332\",\"https:\\\/\\\/x.com\\\/radioljubuski\",\"https:\\\/\\\/hr.linkedin.com\\\/company\\\/radio-ljubuski\",\"https:\\\/\\\/www.youtube.com\\\/channel\\\/UCHYaeO_n0Db3tjNGudGpXyw\"]},{\"@type\":\"Person\",\"@id\":\"https:\\\/\\\/radioljubuski.ba\\\/#\\\/schema\\\/person\\\/19fc700381a780f69665d7956c469e3b\",\"name\":\"Radio Ljubu\u0161ki\"}]}<\/script>\n<!-- \/ Yoast SEO plugin. -->","yoast_head_json":{"title":"Maslinovo ulje iz Hercegovine rame uz rame svjetskim uljima - video - RADIO LJUBU\u0160KI","robots":{"index":"index","follow":"follow","max-snippet":"max-snippet:-1","max-image-preview":"max-image-preview:large","max-video-preview":"max-video-preview:-1"},"canonical":"https:\/\/radioljubuski.ba\/index.php\/2022\/03\/04\/maslinovo-ulje-iz-hercegovine-rame-uz-rame-svjetskim-uljima-video\/","og_locale":"hr_HR","og_type":"article","og_title":"Maslinovo ulje iz Hercegovine rame uz rame svjetskim uljima - video - RADIO LJUBU\u0160KI","og_description":"Maslinova ulja iz Hercegovine dostigla su zavidnu razinu kvalitete \u0161to potvr\u0111uju ocjene na doma\u0107im i me\u0111unarodnim natjecanjima, stabla masline trenutno se prostiru na povr\u0161ini od 350 hektara, a treba napraviti sustav subvencija koji \u0107e potaknuti sadnju novih maslina kako bi se maslinarstvo u Hercegovini nastavilo razvijati i do\u0161lo do 1.000 hektara, \u0161to je na\u0161 cilj, [&hellip;]","og_url":"https:\/\/radioljubuski.ba\/index.php\/2022\/03\/04\/maslinovo-ulje-iz-hercegovine-rame-uz-rame-svjetskim-uljima-video\/","og_site_name":"RADIO LJUBU\u0160KI","article_publisher":"https:\/\/www.facebook.com\/Radiio-Ljubuski-1490835324566332","article_published_time":"2022-03-04T10:26:28+00:00","article_modified_time":"2022-03-04T10:26:30+00:00","og_image":[{"width":1000,"height":625,"url":"https:\/\/radioljubuski.ba\/wp-content\/uploads\/2022\/03\/eDUOzycN_maslinovo_ulje.jpg","type":"image\/jpeg"}],"author":"Radio Ljubu\u0161ki","twitter_card":"summary_large_image","twitter_creator":"@radioljubuski","twitter_site":"@radioljubuski","twitter_misc":{"Napisao\/la":"Radio Ljubu\u0161ki","Procijenjeno vrijeme \u010ditanja":"4 minute"},"schema":{"@context":"https:\/\/schema.org","@graph":[{"@type":"Article","@id":"https:\/\/radioljubuski.ba\/index.php\/2022\/03\/04\/maslinovo-ulje-iz-hercegovine-rame-uz-rame-svjetskim-uljima-video\/#article","isPartOf":{"@id":"https:\/\/radioljubuski.ba\/index.php\/2022\/03\/04\/maslinovo-ulje-iz-hercegovine-rame-uz-rame-svjetskim-uljima-video\/"},"author":{"name":"Radio Ljubu\u0161ki","@id":"https:\/\/radioljubuski.ba\/#\/schema\/person\/19fc700381a780f69665d7956c469e3b"},"headline":"Maslinovo ulje iz Hercegovine rame uz rame svjetskim uljima &#8211; video","datePublished":"2022-03-04T10:26:28+00:00","dateModified":"2022-03-04T10:26:30+00:00","mainEntityOfPage":{"@id":"https:\/\/radioljubuski.ba\/index.php\/2022\/03\/04\/maslinovo-ulje-iz-hercegovine-rame-uz-rame-svjetskim-uljima-video\/"},"wordCount":910,"publisher":{"@id":"https:\/\/radioljubuski.ba\/#organization"},"image":{"@id":"https:\/\/radioljubuski.ba\/index.php\/2022\/03\/04\/maslinovo-ulje-iz-hercegovine-rame-uz-rame-svjetskim-uljima-video\/#primaryimage"},"thumbnailUrl":"https:\/\/radioljubuski.ba\/wp-content\/uploads\/2022\/03\/eDUOzycN_maslinovo_ulje.jpg","articleSection":["BIH i regija"],"inLanguage":"hr"},{"@type":"WebPage","@id":"https:\/\/radioljubuski.ba\/index.php\/2022\/03\/04\/maslinovo-ulje-iz-hercegovine-rame-uz-rame-svjetskim-uljima-video\/","url":"https:\/\/radioljubuski.ba\/index.php\/2022\/03\/04\/maslinovo-ulje-iz-hercegovine-rame-uz-rame-svjetskim-uljima-video\/","name":"Maslinovo ulje iz Hercegovine rame uz rame svjetskim uljima - video - RADIO LJUBU\u0160KI","isPartOf":{"@id":"https:\/\/radioljubuski.ba\/#website"},"primaryImageOfPage":{"@id":"https:\/\/radioljubuski.ba\/index.php\/2022\/03\/04\/maslinovo-ulje-iz-hercegovine-rame-uz-rame-svjetskim-uljima-video\/#primaryimage"},"image":{"@id":"https:\/\/radioljubuski.ba\/index.php\/2022\/03\/04\/maslinovo-ulje-iz-hercegovine-rame-uz-rame-svjetskim-uljima-video\/#primaryimage"},"thumbnailUrl":"https:\/\/radioljubuski.ba\/wp-content\/uploads\/2022\/03\/eDUOzycN_maslinovo_ulje.jpg","datePublished":"2022-03-04T10:26:28+00:00","dateModified":"2022-03-04T10:26:30+00:00","breadcrumb":{"@id":"https:\/\/radioljubuski.ba\/index.php\/2022\/03\/04\/maslinovo-ulje-iz-hercegovine-rame-uz-rame-svjetskim-uljima-video\/#breadcrumb"},"inLanguage":"hr","potentialAction":[{"@type":"ReadAction","target":["https:\/\/radioljubuski.ba\/index.php\/2022\/03\/04\/maslinovo-ulje-iz-hercegovine-rame-uz-rame-svjetskim-uljima-video\/"]}]},{"@type":"ImageObject","inLanguage":"hr","@id":"https:\/\/radioljubuski.ba\/index.php\/2022\/03\/04\/maslinovo-ulje-iz-hercegovine-rame-uz-rame-svjetskim-uljima-video\/#primaryimage","url":"https:\/\/radioljubuski.ba\/wp-content\/uploads\/2022\/03\/eDUOzycN_maslinovo_ulje.jpg","contentUrl":"https:\/\/radioljubuski.ba\/wp-content\/uploads\/2022\/03\/eDUOzycN_maslinovo_ulje.jpg","width":1000,"height":625},{"@type":"BreadcrumbList","@id":"https:\/\/radioljubuski.ba\/index.php\/2022\/03\/04\/maslinovo-ulje-iz-hercegovine-rame-uz-rame-svjetskim-uljima-video\/#breadcrumb","itemListElement":[{"@type":"ListItem","position":1,"name":"Po\u010detna stranica","item":"https:\/\/radioljubuski.ba\/"},{"@type":"ListItem","position":2,"name":"Maslinovo ulje iz Hercegovine rame uz rame svjetskim uljima &#8211; video"}]},{"@type":"WebSite","@id":"https:\/\/radioljubuski.ba\/#website","url":"https:\/\/radioljubuski.ba\/","name":"Radio Ljubu\u0161ki","description":"Sun\u010dana frekvencija Hercegovine","publisher":{"@id":"https:\/\/radioljubuski.ba\/#organization"},"potentialAction":[{"@type":"SearchAction","target":{"@type":"EntryPoint","urlTemplate":"https:\/\/radioljubuski.ba\/?s={search_term_string}"},"query-input":{"@type":"PropertyValueSpecification","valueRequired":true,"valueName":"search_term_string"}}],"inLanguage":"hr"},{"@type":"Organization","@id":"https:\/\/radioljubuski.ba\/#organization","name":"Radio Ljubu\u0161ki","url":"https:\/\/radioljubuski.ba\/","logo":{"@type":"ImageObject","inLanguage":"hr","@id":"https:\/\/radioljubuski.ba\/#\/schema\/logo\/image\/","url":"https:\/\/radioljubuski.ba\/wp-content\/uploads\/2021\/02\/cropped-Radio_Ljubuski_logo1.jpg","contentUrl":"https:\/\/radioljubuski.ba\/wp-content\/uploads\/2021\/02\/cropped-Radio_Ljubuski_logo1.jpg","width":512,"height":512,"caption":"Radio Ljubu\u0161ki"},"image":{"@id":"https:\/\/radioljubuski.ba\/#\/schema\/logo\/image\/"},"sameAs":["https:\/\/www.facebook.com\/Radiio-Ljubuski-1490835324566332","https:\/\/x.com\/radioljubuski","https:\/\/hr.linkedin.com\/company\/radio-ljubuski","https:\/\/www.youtube.com\/channel\/UCHYaeO_n0Db3tjNGudGpXyw"]},{"@type":"Person","@id":"https:\/\/radioljubuski.ba\/#\/schema\/person\/19fc700381a780f69665d7956c469e3b","name":"Radio Ljubu\u0161ki"}]}},"_links":{"self":[{"href":"https:\/\/radioljubuski.ba\/index.php\/wp-json\/wp\/v2\/posts\/118088","targetHints":{"allow":["GET"]}}],"collection":[{"href":"https:\/\/radioljubuski.ba\/index.php\/wp-json\/wp\/v2\/posts"}],"about":[{"href":"https:\/\/radioljubuski.ba\/index.php\/wp-json\/wp\/v2\/types\/post"}],"author":[{"embeddable":true,"href":"https:\/\/radioljubuski.ba\/index.php\/wp-json\/wp\/v2\/users\/2"}],"replies":[{"embeddable":true,"href":"https:\/\/radioljubuski.ba\/index.php\/wp-json\/wp\/v2\/comments?post=118088"}],"version-history":[{"count":1,"href":"https:\/\/radioljubuski.ba\/index.php\/wp-json\/wp\/v2\/posts\/118088\/revisions"}],"predecessor-version":[{"id":118092,"href":"https:\/\/radioljubuski.ba\/index.php\/wp-json\/wp\/v2\/posts\/118088\/revisions\/118092"}],"wp:featuredmedia":[{"embeddable":true,"href":"https:\/\/radioljubuski.ba\/index.php\/wp-json\/wp\/v2\/media\/118090"}],"wp:attachment":[{"href":"https:\/\/radioljubuski.ba\/index.php\/wp-json\/wp\/v2\/media?parent=118088"}],"wp:term":[{"taxonomy":"category","embeddable":true,"href":"https:\/\/radioljubuski.ba\/index.php\/wp-json\/wp\/v2\/categories?post=118088"},{"taxonomy":"post_tag","embeddable":true,"href":"https:\/\/radioljubuski.ba\/index.php\/wp-json\/wp\/v2\/tags?post=118088"}],"curies":[{"name":"wp","href":"https:\/\/api.w.org\/{rel}","templated":true}]}}