{"id":118104,"date":"2022-03-04T11:32:34","date_gmt":"2022-03-04T10:32:34","guid":{"rendered":"https:\/\/radioljubuski.ba\/?p=118104"},"modified":"2022-03-04T11:32:35","modified_gmt":"2022-03-04T10:32:35","slug":"gradonacelnik-mariupolja-pozvao-nato-da-dode-u-pomoc","status":"publish","type":"post","link":"https:\/\/radioljubuski.ba\/index.php\/2022\/03\/04\/gradonacelnik-mariupolja-pozvao-nato-da-dode-u-pomoc\/","title":{"rendered":"Gradona\u010delnik Mariupolja pozvao NATO da do\u0111e u pomo\u0107"},"content":{"rendered":"\n<p>Zamjenik gradona\u010delnika Mariupolja pozvao je NATO da po\u0161alje vojnike u Ukrajinu te rekao da Rusija ne\u0107e prestati dok cijelu zemlju ne pretvori u pustinju i ubije mnogo civila, prenosi u petak BBC.<\/p>\n\n\n\n<p>Sergej Orlov rekao je za program Today Radija BBC 4: &#8220;Nema na\u010dina da se Putina zaustavi u ubijanju na\u0161ih civila iz zraka dok se NATO ne probudi i shvati da to nije regionalni sukob &#8211; to je rat protiv demokracije, protiv slobode, protiv jedne od najve\u0107ih europskih dr\u017eava&#8221;.<\/p>\n\n\n\n<p>&#8211; Izgleda da (\u010delnici NATO-a) ne shva\u0107aju da Putin ne\u0107e stati, oni se boje, a to je \u0161teta. Mi o\u010dekujemo da \u0107e \u010delnici NATO-a shvatiti da je potpuno nu\u017eno pru\u017eiti izravnu vojnu potporu Ukrajini da se zaustavi Putin ili da se barem zatvori na\u0161e nebo kako bi nas se za\u0161titilo od prijetnje iz zraka, rekao je.<\/p>\n\n\n\n<p>Ministri vanjskih poslova NATO-a sastaju se u petak na izvanrednom sastanku u Bruxellesu.<\/p>\n\n\n\n<p>Orlov je rekao da ruski predsjednik Vladimir Putin \u017eeli stvoriti pustinju da rije\u0161i ukrajinsko pitanje, no ka\u017ee &#8220;nemogu\u0107e je zauzeti na\u0161e gradove, jer grad ne \u010dine zgrade, \u010dine ga ljudi&#8221;.<\/p>\n\n\n\n<p>Dodao je: &#8220;Ve\u0107 smo shvatili da je spreman ubiti toliko civila koliko mu je potrebno&#8221;.<\/p>\n\n\n\n<p>Stanovnici ukrajinskoga lu\u010dkoga grada Mariupolja rekli su za BBC da poku\u0161avaju pre\u017eivjeti nemilosrdno rusko granatiranje koje je razorilo stambene zone i presjeklo opskrbu strujom i vodom.<\/p>\n\n\n\n<p>Mariupolj je najve\u0107a ukrajinska trgova\u010dka luka, grad od oko 450.000 stanovnika koji se nalazi na kopnenom putu izme\u0111u Rusije i Krima.<\/p>\n\n\n\n<p>Izvor:pogled.ba<\/p>\n","protected":false},"excerpt":{"rendered":"<p>Zamjenik gradona\u010delnika Mariupolja pozvao je NATO da po\u0161alje vojnike u Ukrajinu te rekao da Rusija ne\u0107e prestati dok cijelu zemlju ne pretvori u pustinju i ubije mnogo civila, prenosi u petak BBC. Sergej Orlov rekao je za program Today Radija BBC 4: &#8220;Nema na\u010dina da se Putina zaustavi u ubijanju na\u0161ih civila iz zraka dok [&hellip;]<\/p>\n","protected":false},"author":2,"featured_media":118105,"comment_status":"closed","ping_status":"closed","sticky":false,"template":"","format":"standard","meta":{"h5ap_radio_sources":[],"footnotes":""},"categories":[1],"tags":[],"class_list":["post-118104","post","type-post","status-publish","format-standard","has-post-thumbnail","hentry","category-bihiregija"],"yoast_head":"<!-- This site is optimized with the Yoast SEO plugin v27.5 - https:\/\/yoast.com\/product\/yoast-seo-wordpress\/ -->\n<title>Gradona\u010delnik Mariupolja pozvao NATO da do\u0111e u pomo\u0107 - RADIO LJUBU\u0160KI<\/title>\n<meta name=\"robots\" content=\"index, follow, max-snippet:-1, max-image-preview:large, max-video-preview:-1\" \/>\n<link rel=\"canonical\" href=\"https:\/\/radioljubuski.ba\/index.php\/2022\/03\/04\/gradonacelnik-mariupolja-pozvao-nato-da-dode-u-pomoc\/\" \/>\n<meta property=\"og:locale\" content=\"hr_HR\" \/>\n<meta property=\"og:type\" content=\"article\" \/>\n<meta property=\"og:title\" content=\"Gradona\u010delnik Mariupolja pozvao NATO da do\u0111e u pomo\u0107 - RADIO LJUBU\u0160KI\" \/>\n<meta property=\"og:description\" content=\"Zamjenik gradona\u010delnika Mariupolja pozvao je NATO da po\u0161alje vojnike u Ukrajinu te rekao da Rusija ne\u0107e prestati dok cijelu zemlju ne pretvori u pustinju i ubije mnogo civila, prenosi u petak BBC. Sergej Orlov rekao je za program Today Radija BBC 4: &#8220;Nema na\u010dina da se Putina zaustavi u ubijanju na\u0161ih civila iz zraka dok [&hellip;]\" \/>\n<meta property=\"og:url\" content=\"https:\/\/radioljubuski.ba\/index.php\/2022\/03\/04\/gradonacelnik-mariupolja-pozvao-nato-da-dode-u-pomoc\/\" \/>\n<meta property=\"og:site_name\" content=\"RADIO LJUBU\u0160KI\" \/>\n<meta property=\"article:publisher\" content=\"https:\/\/www.facebook.com\/Radiio-Ljubuski-1490835324566332\" \/>\n<meta property=\"article:published_time\" content=\"2022-03-04T10:32:34+00:00\" \/>\n<meta property=\"article:modified_time\" content=\"2022-03-04T10:32:35+00:00\" \/>\n<meta property=\"og:image\" content=\"https:\/\/radioljubuski.ba\/wp-content\/uploads\/2022\/03\/2-2022-03-04-11-09-20-mariupolj.jpg\" \/>\n\t<meta property=\"og:image:width\" content=\"1000\" \/>\n\t<meta property=\"og:image:height\" content=\"625\" \/>\n\t<meta property=\"og:image:type\" content=\"image\/jpeg\" \/>\n<meta name=\"author\" content=\"Radio Ljubu\u0161ki\" \/>\n<meta name=\"twitter:card\" content=\"summary_large_image\" \/>\n<meta name=\"twitter:creator\" content=\"@radioljubuski\" \/>\n<meta name=\"twitter:site\" content=\"@radioljubuski\" \/>\n<meta name=\"twitter:label1\" content=\"Napisao\/la\" \/>\n\t<meta name=\"twitter:data1\" content=\"Radio Ljubu\u0161ki\" \/>\n\t<meta name=\"twitter:label2\" content=\"Procijenjeno vrijeme \u010ditanja\" \/>\n\t<meta name=\"twitter:data2\" content=\"2 minute\" \/>\n<script type=\"application\/ld+json\" class=\"yoast-schema-graph\">{\"@context\":\"https:\\\/\\\/schema.org\",\"@graph\":[{\"@type\":\"Article\",\"@id\":\"https:\\\/\\\/radioljubuski.ba\\\/index.php\\\/2022\\\/03\\\/04\\\/gradonacelnik-mariupolja-pozvao-nato-da-dode-u-pomoc\\\/#article\",\"isPartOf\":{\"@id\":\"https:\\\/\\\/radioljubuski.ba\\\/index.php\\\/2022\\\/03\\\/04\\\/gradonacelnik-mariupolja-pozvao-nato-da-dode-u-pomoc\\\/\"},\"author\":{\"name\":\"Radio Ljubu\u0161ki\",\"@id\":\"https:\\\/\\\/radioljubuski.ba\\\/#\\\/schema\\\/person\\\/19fc700381a780f69665d7956c469e3b\"},\"headline\":\"Gradona\u010delnik Mariupolja pozvao NATO da do\u0111e u pomo\u0107\",\"datePublished\":\"2022-03-04T10:32:34+00:00\",\"dateModified\":\"2022-03-04T10:32:35+00:00\",\"mainEntityOfPage\":{\"@id\":\"https:\\\/\\\/radioljubuski.ba\\\/index.php\\\/2022\\\/03\\\/04\\\/gradonacelnik-mariupolja-pozvao-nato-da-dode-u-pomoc\\\/\"},\"wordCount\":276,\"publisher\":{\"@id\":\"https:\\\/\\\/radioljubuski.ba\\\/#organization\"},\"image\":{\"@id\":\"https:\\\/\\\/radioljubuski.ba\\\/index.php\\\/2022\\\/03\\\/04\\\/gradonacelnik-mariupolja-pozvao-nato-da-dode-u-pomoc\\\/#primaryimage\"},\"thumbnailUrl\":\"https:\\\/\\\/radioljubuski.ba\\\/wp-content\\\/uploads\\\/2022\\\/03\\\/2-2022-03-04-11-09-20-mariupolj.jpg\",\"articleSection\":[\"BIH i regija\"],\"inLanguage\":\"hr\"},{\"@type\":\"WebPage\",\"@id\":\"https:\\\/\\\/radioljubuski.ba\\\/index.php\\\/2022\\\/03\\\/04\\\/gradonacelnik-mariupolja-pozvao-nato-da-dode-u-pomoc\\\/\",\"url\":\"https:\\\/\\\/radioljubuski.ba\\\/index.php\\\/2022\\\/03\\\/04\\\/gradonacelnik-mariupolja-pozvao-nato-da-dode-u-pomoc\\\/\",\"name\":\"Gradona\u010delnik Mariupolja pozvao NATO da do\u0111e u pomo\u0107 - RADIO LJUBU\u0160KI\",\"isPartOf\":{\"@id\":\"https:\\\/\\\/radioljubuski.ba\\\/#website\"},\"primaryImageOfPage\":{\"@id\":\"https:\\\/\\\/radioljubuski.ba\\\/index.php\\\/2022\\\/03\\\/04\\\/gradonacelnik-mariupolja-pozvao-nato-da-dode-u-pomoc\\\/#primaryimage\"},\"image\":{\"@id\":\"https:\\\/\\\/radioljubuski.ba\\\/index.php\\\/2022\\\/03\\\/04\\\/gradonacelnik-mariupolja-pozvao-nato-da-dode-u-pomoc\\\/#primaryimage\"},\"thumbnailUrl\":\"https:\\\/\\\/radioljubuski.ba\\\/wp-content\\\/uploads\\\/2022\\\/03\\\/2-2022-03-04-11-09-20-mariupolj.jpg\",\"datePublished\":\"2022-03-04T10:32:34+00:00\",\"dateModified\":\"2022-03-04T10:32:35+00:00\",\"breadcrumb\":{\"@id\":\"https:\\\/\\\/radioljubuski.ba\\\/index.php\\\/2022\\\/03\\\/04\\\/gradonacelnik-mariupolja-pozvao-nato-da-dode-u-pomoc\\\/#breadcrumb\"},\"inLanguage\":\"hr\",\"potentialAction\":[{\"@type\":\"ReadAction\",\"target\":[\"https:\\\/\\\/radioljubuski.ba\\\/index.php\\\/2022\\\/03\\\/04\\\/gradonacelnik-mariupolja-pozvao-nato-da-dode-u-pomoc\\\/\"]}]},{\"@type\":\"ImageObject\",\"inLanguage\":\"hr\",\"@id\":\"https:\\\/\\\/radioljubuski.ba\\\/index.php\\\/2022\\\/03\\\/04\\\/gradonacelnik-mariupolja-pozvao-nato-da-dode-u-pomoc\\\/#primaryimage\",\"url\":\"https:\\\/\\\/radioljubuski.ba\\\/wp-content\\\/uploads\\\/2022\\\/03\\\/2-2022-03-04-11-09-20-mariupolj.jpg\",\"contentUrl\":\"https:\\\/\\\/radioljubuski.ba\\\/wp-content\\\/uploads\\\/2022\\\/03\\\/2-2022-03-04-11-09-20-mariupolj.jpg\",\"width\":1000,\"height\":625},{\"@type\":\"BreadcrumbList\",\"@id\":\"https:\\\/\\\/radioljubuski.ba\\\/index.php\\\/2022\\\/03\\\/04\\\/gradonacelnik-mariupolja-pozvao-nato-da-dode-u-pomoc\\\/#breadcrumb\",\"itemListElement\":[{\"@type\":\"ListItem\",\"position\":1,\"name\":\"Po\u010detna stranica\",\"item\":\"https:\\\/\\\/radioljubuski.ba\\\/\"},{\"@type\":\"ListItem\",\"position\":2,\"name\":\"Gradona\u010delnik Mariupolja pozvao NATO da do\u0111e u pomo\u0107\"}]},{\"@type\":\"WebSite\",\"@id\":\"https:\\\/\\\/radioljubuski.ba\\\/#website\",\"url\":\"https:\\\/\\\/radioljubuski.ba\\\/\",\"name\":\"Radio Ljubu\u0161ki\",\"description\":\"Sun\u010dana frekvencija Hercegovine\",\"publisher\":{\"@id\":\"https:\\\/\\\/radioljubuski.ba\\\/#organization\"},\"potentialAction\":[{\"@type\":\"SearchAction\",\"target\":{\"@type\":\"EntryPoint\",\"urlTemplate\":\"https:\\\/\\\/radioljubuski.ba\\\/?s={search_term_string}\"},\"query-input\":{\"@type\":\"PropertyValueSpecification\",\"valueRequired\":true,\"valueName\":\"search_term_string\"}}],\"inLanguage\":\"hr\"},{\"@type\":\"Organization\",\"@id\":\"https:\\\/\\\/radioljubuski.ba\\\/#organization\",\"name\":\"Radio Ljubu\u0161ki\",\"url\":\"https:\\\/\\\/radioljubuski.ba\\\/\",\"logo\":{\"@type\":\"ImageObject\",\"inLanguage\":\"hr\",\"@id\":\"https:\\\/\\\/radioljubuski.ba\\\/#\\\/schema\\\/logo\\\/image\\\/\",\"url\":\"https:\\\/\\\/radioljubuski.ba\\\/wp-content\\\/uploads\\\/2021\\\/02\\\/cropped-Radio_Ljubuski_logo1.jpg\",\"contentUrl\":\"https:\\\/\\\/radioljubuski.ba\\\/wp-content\\\/uploads\\\/2021\\\/02\\\/cropped-Radio_Ljubuski_logo1.jpg\",\"width\":512,\"height\":512,\"caption\":\"Radio Ljubu\u0161ki\"},\"image\":{\"@id\":\"https:\\\/\\\/radioljubuski.ba\\\/#\\\/schema\\\/logo\\\/image\\\/\"},\"sameAs\":[\"https:\\\/\\\/www.facebook.com\\\/Radiio-Ljubuski-1490835324566332\",\"https:\\\/\\\/x.com\\\/radioljubuski\",\"https:\\\/\\\/hr.linkedin.com\\\/company\\\/radio-ljubuski\",\"https:\\\/\\\/www.youtube.com\\\/channel\\\/UCHYaeO_n0Db3tjNGudGpXyw\"]},{\"@type\":\"Person\",\"@id\":\"https:\\\/\\\/radioljubuski.ba\\\/#\\\/schema\\\/person\\\/19fc700381a780f69665d7956c469e3b\",\"name\":\"Radio Ljubu\u0161ki\"}]}<\/script>\n<!-- \/ Yoast SEO plugin. -->","yoast_head_json":{"title":"Gradona\u010delnik Mariupolja pozvao NATO da do\u0111e u pomo\u0107 - RADIO LJUBU\u0160KI","robots":{"index":"index","follow":"follow","max-snippet":"max-snippet:-1","max-image-preview":"max-image-preview:large","max-video-preview":"max-video-preview:-1"},"canonical":"https:\/\/radioljubuski.ba\/index.php\/2022\/03\/04\/gradonacelnik-mariupolja-pozvao-nato-da-dode-u-pomoc\/","og_locale":"hr_HR","og_type":"article","og_title":"Gradona\u010delnik Mariupolja pozvao NATO da do\u0111e u pomo\u0107 - RADIO LJUBU\u0160KI","og_description":"Zamjenik gradona\u010delnika Mariupolja pozvao je NATO da po\u0161alje vojnike u Ukrajinu te rekao da Rusija ne\u0107e prestati dok cijelu zemlju ne pretvori u pustinju i ubije mnogo civila, prenosi u petak BBC. Sergej Orlov rekao je za program Today Radija BBC 4: &#8220;Nema na\u010dina da se Putina zaustavi u ubijanju na\u0161ih civila iz zraka dok [&hellip;]","og_url":"https:\/\/radioljubuski.ba\/index.php\/2022\/03\/04\/gradonacelnik-mariupolja-pozvao-nato-da-dode-u-pomoc\/","og_site_name":"RADIO LJUBU\u0160KI","article_publisher":"https:\/\/www.facebook.com\/Radiio-Ljubuski-1490835324566332","article_published_time":"2022-03-04T10:32:34+00:00","article_modified_time":"2022-03-04T10:32:35+00:00","og_image":[{"width":1000,"height":625,"url":"https:\/\/radioljubuski.ba\/wp-content\/uploads\/2022\/03\/2-2022-03-04-11-09-20-mariupolj.jpg","type":"image\/jpeg"}],"author":"Radio Ljubu\u0161ki","twitter_card":"summary_large_image","twitter_creator":"@radioljubuski","twitter_site":"@radioljubuski","twitter_misc":{"Napisao\/la":"Radio Ljubu\u0161ki","Procijenjeno vrijeme \u010ditanja":"2 minute"},"schema":{"@context":"https:\/\/schema.org","@graph":[{"@type":"Article","@id":"https:\/\/radioljubuski.ba\/index.php\/2022\/03\/04\/gradonacelnik-mariupolja-pozvao-nato-da-dode-u-pomoc\/#article","isPartOf":{"@id":"https:\/\/radioljubuski.ba\/index.php\/2022\/03\/04\/gradonacelnik-mariupolja-pozvao-nato-da-dode-u-pomoc\/"},"author":{"name":"Radio Ljubu\u0161ki","@id":"https:\/\/radioljubuski.ba\/#\/schema\/person\/19fc700381a780f69665d7956c469e3b"},"headline":"Gradona\u010delnik Mariupolja pozvao NATO da do\u0111e u pomo\u0107","datePublished":"2022-03-04T10:32:34+00:00","dateModified":"2022-03-04T10:32:35+00:00","mainEntityOfPage":{"@id":"https:\/\/radioljubuski.ba\/index.php\/2022\/03\/04\/gradonacelnik-mariupolja-pozvao-nato-da-dode-u-pomoc\/"},"wordCount":276,"publisher":{"@id":"https:\/\/radioljubuski.ba\/#organization"},"image":{"@id":"https:\/\/radioljubuski.ba\/index.php\/2022\/03\/04\/gradonacelnik-mariupolja-pozvao-nato-da-dode-u-pomoc\/#primaryimage"},"thumbnailUrl":"https:\/\/radioljubuski.ba\/wp-content\/uploads\/2022\/03\/2-2022-03-04-11-09-20-mariupolj.jpg","articleSection":["BIH i regija"],"inLanguage":"hr"},{"@type":"WebPage","@id":"https:\/\/radioljubuski.ba\/index.php\/2022\/03\/04\/gradonacelnik-mariupolja-pozvao-nato-da-dode-u-pomoc\/","url":"https:\/\/radioljubuski.ba\/index.php\/2022\/03\/04\/gradonacelnik-mariupolja-pozvao-nato-da-dode-u-pomoc\/","name":"Gradona\u010delnik Mariupolja pozvao NATO da do\u0111e u pomo\u0107 - RADIO LJUBU\u0160KI","isPartOf":{"@id":"https:\/\/radioljubuski.ba\/#website"},"primaryImageOfPage":{"@id":"https:\/\/radioljubuski.ba\/index.php\/2022\/03\/04\/gradonacelnik-mariupolja-pozvao-nato-da-dode-u-pomoc\/#primaryimage"},"image":{"@id":"https:\/\/radioljubuski.ba\/index.php\/2022\/03\/04\/gradonacelnik-mariupolja-pozvao-nato-da-dode-u-pomoc\/#primaryimage"},"thumbnailUrl":"https:\/\/radioljubuski.ba\/wp-content\/uploads\/2022\/03\/2-2022-03-04-11-09-20-mariupolj.jpg","datePublished":"2022-03-04T10:32:34+00:00","dateModified":"2022-03-04T10:32:35+00:00","breadcrumb":{"@id":"https:\/\/radioljubuski.ba\/index.php\/2022\/03\/04\/gradonacelnik-mariupolja-pozvao-nato-da-dode-u-pomoc\/#breadcrumb"},"inLanguage":"hr","potentialAction":[{"@type":"ReadAction","target":["https:\/\/radioljubuski.ba\/index.php\/2022\/03\/04\/gradonacelnik-mariupolja-pozvao-nato-da-dode-u-pomoc\/"]}]},{"@type":"ImageObject","inLanguage":"hr","@id":"https:\/\/radioljubuski.ba\/index.php\/2022\/03\/04\/gradonacelnik-mariupolja-pozvao-nato-da-dode-u-pomoc\/#primaryimage","url":"https:\/\/radioljubuski.ba\/wp-content\/uploads\/2022\/03\/2-2022-03-04-11-09-20-mariupolj.jpg","contentUrl":"https:\/\/radioljubuski.ba\/wp-content\/uploads\/2022\/03\/2-2022-03-04-11-09-20-mariupolj.jpg","width":1000,"height":625},{"@type":"BreadcrumbList","@id":"https:\/\/radioljubuski.ba\/index.php\/2022\/03\/04\/gradonacelnik-mariupolja-pozvao-nato-da-dode-u-pomoc\/#breadcrumb","itemListElement":[{"@type":"ListItem","position":1,"name":"Po\u010detna stranica","item":"https:\/\/radioljubuski.ba\/"},{"@type":"ListItem","position":2,"name":"Gradona\u010delnik Mariupolja pozvao NATO da do\u0111e u pomo\u0107"}]},{"@type":"WebSite","@id":"https:\/\/radioljubuski.ba\/#website","url":"https:\/\/radioljubuski.ba\/","name":"Radio Ljubu\u0161ki","description":"Sun\u010dana frekvencija Hercegovine","publisher":{"@id":"https:\/\/radioljubuski.ba\/#organization"},"potentialAction":[{"@type":"SearchAction","target":{"@type":"EntryPoint","urlTemplate":"https:\/\/radioljubuski.ba\/?s={search_term_string}"},"query-input":{"@type":"PropertyValueSpecification","valueRequired":true,"valueName":"search_term_string"}}],"inLanguage":"hr"},{"@type":"Organization","@id":"https:\/\/radioljubuski.ba\/#organization","name":"Radio Ljubu\u0161ki","url":"https:\/\/radioljubuski.ba\/","logo":{"@type":"ImageObject","inLanguage":"hr","@id":"https:\/\/radioljubuski.ba\/#\/schema\/logo\/image\/","url":"https:\/\/radioljubuski.ba\/wp-content\/uploads\/2021\/02\/cropped-Radio_Ljubuski_logo1.jpg","contentUrl":"https:\/\/radioljubuski.ba\/wp-content\/uploads\/2021\/02\/cropped-Radio_Ljubuski_logo1.jpg","width":512,"height":512,"caption":"Radio Ljubu\u0161ki"},"image":{"@id":"https:\/\/radioljubuski.ba\/#\/schema\/logo\/image\/"},"sameAs":["https:\/\/www.facebook.com\/Radiio-Ljubuski-1490835324566332","https:\/\/x.com\/radioljubuski","https:\/\/hr.linkedin.com\/company\/radio-ljubuski","https:\/\/www.youtube.com\/channel\/UCHYaeO_n0Db3tjNGudGpXyw"]},{"@type":"Person","@id":"https:\/\/radioljubuski.ba\/#\/schema\/person\/19fc700381a780f69665d7956c469e3b","name":"Radio Ljubu\u0161ki"}]}},"_links":{"self":[{"href":"https:\/\/radioljubuski.ba\/index.php\/wp-json\/wp\/v2\/posts\/118104","targetHints":{"allow":["GET"]}}],"collection":[{"href":"https:\/\/radioljubuski.ba\/index.php\/wp-json\/wp\/v2\/posts"}],"about":[{"href":"https:\/\/radioljubuski.ba\/index.php\/wp-json\/wp\/v2\/types\/post"}],"author":[{"embeddable":true,"href":"https:\/\/radioljubuski.ba\/index.php\/wp-json\/wp\/v2\/users\/2"}],"replies":[{"embeddable":true,"href":"https:\/\/radioljubuski.ba\/index.php\/wp-json\/wp\/v2\/comments?post=118104"}],"version-history":[{"count":1,"href":"https:\/\/radioljubuski.ba\/index.php\/wp-json\/wp\/v2\/posts\/118104\/revisions"}],"predecessor-version":[{"id":118106,"href":"https:\/\/radioljubuski.ba\/index.php\/wp-json\/wp\/v2\/posts\/118104\/revisions\/118106"}],"wp:featuredmedia":[{"embeddable":true,"href":"https:\/\/radioljubuski.ba\/index.php\/wp-json\/wp\/v2\/media\/118105"}],"wp:attachment":[{"href":"https:\/\/radioljubuski.ba\/index.php\/wp-json\/wp\/v2\/media?parent=118104"}],"wp:term":[{"taxonomy":"category","embeddable":true,"href":"https:\/\/radioljubuski.ba\/index.php\/wp-json\/wp\/v2\/categories?post=118104"},{"taxonomy":"post_tag","embeddable":true,"href":"https:\/\/radioljubuski.ba\/index.php\/wp-json\/wp\/v2\/tags?post=118104"}],"curies":[{"name":"wp","href":"https:\/\/api.w.org\/{rel}","templated":true}]}}