{"id":118148,"date":"2022-03-05T12:08:23","date_gmt":"2022-03-05T11:08:23","guid":{"rendered":"https:\/\/radioljubuski.ba\/?p=118148"},"modified":"2022-03-05T12:08:23","modified_gmt":"2022-03-05T11:08:23","slug":"sattler-o-jacanju-snaga-eufor-a-u-bih-mir-nije-ugrozen-ali-smo-na-oprezu","status":"publish","type":"post","link":"https:\/\/radioljubuski.ba\/index.php\/2022\/03\/05\/sattler-o-jacanju-snaga-eufor-a-u-bih-mir-nije-ugrozen-ali-smo-na-oprezu\/","title":{"rendered":"Sattler o ja\u010danju snaga EUFOR-a u BiH: Mir nije ugro\u017een, ali smo na oprezu"},"content":{"rendered":"\n<p>\u0160ef Delegacije EU u BiH Johann Sattler, komentiraju\u0107i da u Bosnu i Hercegovinu dolazi 500 vojnika EUFOR-a, rekao je da su ti dodatni vojnici uduplali snage koje smo do sada imali. Naveo je i da ne zna\u010di da je mir ugro\u017een, me\u0111utim, to zna\u010di &#8220;da se itekako na oprezu.&#8221; &#8220;To je jedna mjera iz predostro\u017eno\u0161\u0107u, \u010disto da se osiguramo&#8221;, istaknuo je Sattler.<\/p>\n\n\n\n<p>U razgovoru za N1 je kazao da vjeruje da \u0107e vojnici biti raspore\u0111eni na mjesta gdje je bilo tenzija ranije, ali svakako \u0107emo imati ve\u0107u vidljivost europskih trupa u zemlji.<\/p>\n\n\n\n<p>\u201cPutin \u0107e platiti visoku cijenu\u201d<br>Mo\u017ee li EUFOR garantirati sigurnost s uduplanim vojnicima, pitali smo.<\/p>\n\n\n\n<p>\u201cNe govorimo samo o EUFOR-u kao garantu stabilnosti ovdje. Prije svega imamo Oru\u017eane snage, a EU podr\u017eava dr\u017eavne snage od njihovog utemeljenja\u201c, rekao je.<\/p>\n\n\n\n<p>Komentiraju\u0107i rat u Ukrajini, rekao je da smo svjedoci jednog masivnog nezapam\u0107enog udara na me\u0111unarodni poredak, ne\u0161to \u0161to se desetlje\u0107ima gradilo.<\/p>\n\n\n\n<p>\u201cReakcija EU je bila brza i do sada nezabilje\u017eena\u201d, dodao je.<\/p>\n\n\n\n<p>Govore\u0107i o rezoluciji kojom se osu\u0111uje ruska invazija na Ukrajinu, kazao je da su sve zemlje u regionu uklju\u010duju\u0107i i BiH i Srbiju ipak bile na pravoj strani i glasale za rezoluciju.<\/p>\n\n\n\n<p>\u201cNiko nije mogao o\u010dekivati jedinstveni istup EU, ovakav odgovor, nezapam\u0107en na invaziju Rusije, doslovno za pet dana mi smo pripremili tri paketa sankcija. Cilj je da agresor plati visoku cijenu. Same mjere ciljaju primarno na financijski sektor, \u010dime se onemogu\u0107ava financiranje vojnih operacija, energetski sektor, zrakoplovstvo, odgovorni pojedinci i privredna dru\u0161tva\u201c, naveo je Sattler, dodaju\u0107i da po prvi put u povijesti, sve zemlje \u010dlanice su se slo\u017eile da &nbsp;osiguraju oru\u017eje financiranjem iz EU bud\u017eeta.<\/p>\n\n\n\n<p>\u201cGovorimo o oko pola milijarde eura za vojnu opremu \u0161to je nezapam\u0107eno. Pokazuje to koliko smo odlu\u010dni. Sve to na\u017ealost blijedi u odnosu onoga \u0161to prolaze gra\u0111ani Ukrajine\u201d, istakao je.<\/p>\n\n\n\n<p>Da li se kriza mo\u017ee preliti na Zapadni Balkan ili BiH, upitao ga je voditelj N1 Dalibor Mrdi\u0107.<\/p>\n\n\n\n<p>\u201cMislim da ne postoji mogu\u0107nost prelijevanja na region, me\u0111utim, ono \u0161to vjerujem, da sve dok postoji i najmanji rizik morate biti pripravni, i moramo poduzimati mjere predostro\u017enosti. Nije nimalo slu\u010dajno da vidite neke od najvi\u0161ih europskih du\u017enosnika EU koji su se pominjali i neke druge lokacije koje bi mogle biti problemati\u010dne. \u010cak i u nekim prigodama direktno je spomenuta i BiH. Zato mi je zadovoljstvo da smo mogli brzo reagirati i dovesti dodatnih 500 vojnike, i jo\u0161 ako bude bilo potrebno\u201d, naglasio je \u0161ef Delegacije EU u BiH.<\/p>\n\n\n\n<p>Je li mogu\u0107e ubrzano \u010dlanstvo BiH u EU?<br>Mo\u017ee li na\u0161a zemlja ra\u010dunati na punu podr\u0161ku Zapada ukoliko ova kriza dalje eskalirala, upitali smo ga.<\/p>\n\n\n\n<p>\u201cMinistri vanjskih poslova 27 zemalja \u010dlanica EU prije 10-ak danas razmatrali su dvije teme, jedna je bila Ukrajina, a jedna BiH i to samo po sebi je pokazatelj opredjeljenja i podr\u0161ke BiH. I visoki predstavnici, Borrell, i najvi\u0161i du\u017enosnici, i ja, radimo kao bismo osigurali da imamo sva potrebna sredstava za podr\u0161ku BiH\u201d, naveo je na\u0161 sugovornik.<\/p>\n\n\n\n<p>Kako je poznato, posljednjih dana mnogi su zatra\u017eili ubrzano \u010dlanstvo u EU. Je li to mogu\u0107e i izvodljivo?<\/p>\n\n\n\n<p>\u201cMislim da je ovo pravi trenutak da se osvrnemo na sve stvari i da se upitamo da li koristimo neke najbolje strategije i imamo li elemente koji \u0107e osigurati onu promjenu kojoj te\u017eimo. Iznad svega ovo je trenutak za doma\u0107e politi\u010dare da naprave korak unazad i promisle \u201c\u0161to mi mo\u017eemo uraditi\u201d, bez da tra\u017ee uvijek ne\u0161to. Sve blijedi kad ste suo\u010deni sa ratom, ovo su vremena kada svjedo\u010dimo tektonskim promjenama u EU. Dogme koje su bile prisutne u zemljama \u010dlanicama EU preko no\u0107i su sru\u0161ene. Ovo je pravi trenutak da se promisli \u0161to mo\u017ee uraditi kako bi ubrzali proces i iza\u0161li iz politi\u010dke krize\u201d, kazao je Sattler.<\/p>\n\n\n\n<p>Izvor:N1<\/p>\n","protected":false},"excerpt":{"rendered":"<p>\u0160ef Delegacije EU u BiH Johann Sattler, komentiraju\u0107i da u Bosnu i Hercegovinu dolazi 500 vojnika EUFOR-a, rekao je da su ti dodatni vojnici uduplali snage koje smo do sada imali. Naveo je i da ne zna\u010di da je mir ugro\u017een, me\u0111utim, to zna\u010di &#8220;da se itekako na oprezu.&#8221; &#8220;To je jedna mjera iz predostro\u017eno\u0161\u0107u, [&hellip;]<\/p>\n","protected":false},"author":2,"featured_media":31644,"comment_status":"closed","ping_status":"closed","sticky":false,"template":"","format":"standard","meta":{"h5ap_radio_sources":[],"footnotes":""},"categories":[1],"tags":[],"class_list":["post-118148","post","type-post","status-publish","format-standard","has-post-thumbnail","hentry","category-bihiregija"],"yoast_head":"<!-- This site is optimized with the Yoast SEO plugin v27.5 - https:\/\/yoast.com\/product\/yoast-seo-wordpress\/ -->\n<title>Sattler o ja\u010danju snaga EUFOR-a u BiH: Mir nije ugro\u017een, ali smo na oprezu - RADIO LJUBU\u0160KI<\/title>\n<meta name=\"robots\" content=\"index, follow, max-snippet:-1, max-image-preview:large, max-video-preview:-1\" \/>\n<link rel=\"canonical\" href=\"https:\/\/radioljubuski.ba\/index.php\/2022\/03\/05\/sattler-o-jacanju-snaga-eufor-a-u-bih-mir-nije-ugrozen-ali-smo-na-oprezu\/\" \/>\n<meta property=\"og:locale\" content=\"hr_HR\" \/>\n<meta property=\"og:type\" content=\"article\" \/>\n<meta property=\"og:title\" content=\"Sattler o ja\u010danju snaga EUFOR-a u BiH: Mir nije ugro\u017een, ali smo na oprezu - RADIO LJUBU\u0160KI\" \/>\n<meta property=\"og:description\" content=\"\u0160ef Delegacije EU u BiH Johann Sattler, komentiraju\u0107i da u Bosnu i Hercegovinu dolazi 500 vojnika EUFOR-a, rekao je da su ti dodatni vojnici uduplali snage koje smo do sada imali. Naveo je i da ne zna\u010di da je mir ugro\u017een, me\u0111utim, to zna\u010di &#8220;da se itekako na oprezu.&#8221; &#8220;To je jedna mjera iz predostro\u017eno\u0161\u0107u, [&hellip;]\" \/>\n<meta property=\"og:url\" content=\"https:\/\/radioljubuski.ba\/index.php\/2022\/03\/05\/sattler-o-jacanju-snaga-eufor-a-u-bih-mir-nije-ugrozen-ali-smo-na-oprezu\/\" \/>\n<meta property=\"og:site_name\" content=\"RADIO LJUBU\u0160KI\" \/>\n<meta property=\"article:publisher\" content=\"https:\/\/www.facebook.com\/Radiio-Ljubuski-1490835324566332\" \/>\n<meta property=\"article:published_time\" content=\"2022-03-05T11:08:23+00:00\" \/>\n<meta property=\"og:image\" content=\"https:\/\/radioljubuski.ba\/wp-content\/uploads\/2021\/06\/FSc7gvmZ_sattler.jpg\" \/>\n\t<meta property=\"og:image:width\" content=\"1000\" \/>\n\t<meta property=\"og:image:height\" content=\"625\" \/>\n\t<meta property=\"og:image:type\" content=\"image\/jpeg\" \/>\n<meta name=\"author\" content=\"Radio Ljubu\u0161ki\" \/>\n<meta name=\"twitter:card\" content=\"summary_large_image\" \/>\n<meta name=\"twitter:creator\" content=\"@radioljubuski\" \/>\n<meta name=\"twitter:site\" content=\"@radioljubuski\" \/>\n<meta name=\"twitter:label1\" content=\"Napisao\/la\" \/>\n\t<meta name=\"twitter:data1\" content=\"Radio Ljubu\u0161ki\" \/>\n\t<meta name=\"twitter:label2\" content=\"Procijenjeno vrijeme \u010ditanja\" \/>\n\t<meta name=\"twitter:data2\" content=\"3 minute\" \/>\n<script type=\"application\/ld+json\" class=\"yoast-schema-graph\">{\"@context\":\"https:\\\/\\\/schema.org\",\"@graph\":[{\"@type\":\"Article\",\"@id\":\"https:\\\/\\\/radioljubuski.ba\\\/index.php\\\/2022\\\/03\\\/05\\\/sattler-o-jacanju-snaga-eufor-a-u-bih-mir-nije-ugrozen-ali-smo-na-oprezu\\\/#article\",\"isPartOf\":{\"@id\":\"https:\\\/\\\/radioljubuski.ba\\\/index.php\\\/2022\\\/03\\\/05\\\/sattler-o-jacanju-snaga-eufor-a-u-bih-mir-nije-ugrozen-ali-smo-na-oprezu\\\/\"},\"author\":{\"name\":\"Radio Ljubu\u0161ki\",\"@id\":\"https:\\\/\\\/radioljubuski.ba\\\/#\\\/schema\\\/person\\\/19fc700381a780f69665d7956c469e3b\"},\"headline\":\"Sattler o ja\u010danju snaga EUFOR-a u BiH: Mir nije ugro\u017een, ali smo na oprezu\",\"datePublished\":\"2022-03-05T11:08:23+00:00\",\"mainEntityOfPage\":{\"@id\":\"https:\\\/\\\/radioljubuski.ba\\\/index.php\\\/2022\\\/03\\\/05\\\/sattler-o-jacanju-snaga-eufor-a-u-bih-mir-nije-ugrozen-ali-smo-na-oprezu\\\/\"},\"wordCount\":695,\"publisher\":{\"@id\":\"https:\\\/\\\/radioljubuski.ba\\\/#organization\"},\"image\":{\"@id\":\"https:\\\/\\\/radioljubuski.ba\\\/index.php\\\/2022\\\/03\\\/05\\\/sattler-o-jacanju-snaga-eufor-a-u-bih-mir-nije-ugrozen-ali-smo-na-oprezu\\\/#primaryimage\"},\"thumbnailUrl\":\"https:\\\/\\\/radioljubuski.ba\\\/wp-content\\\/uploads\\\/2021\\\/06\\\/FSc7gvmZ_sattler.jpg\",\"articleSection\":[\"BIH i regija\"],\"inLanguage\":\"hr\"},{\"@type\":\"WebPage\",\"@id\":\"https:\\\/\\\/radioljubuski.ba\\\/index.php\\\/2022\\\/03\\\/05\\\/sattler-o-jacanju-snaga-eufor-a-u-bih-mir-nije-ugrozen-ali-smo-na-oprezu\\\/\",\"url\":\"https:\\\/\\\/radioljubuski.ba\\\/index.php\\\/2022\\\/03\\\/05\\\/sattler-o-jacanju-snaga-eufor-a-u-bih-mir-nije-ugrozen-ali-smo-na-oprezu\\\/\",\"name\":\"Sattler o ja\u010danju snaga EUFOR-a u BiH: Mir nije ugro\u017een, ali smo na oprezu - RADIO LJUBU\u0160KI\",\"isPartOf\":{\"@id\":\"https:\\\/\\\/radioljubuski.ba\\\/#website\"},\"primaryImageOfPage\":{\"@id\":\"https:\\\/\\\/radioljubuski.ba\\\/index.php\\\/2022\\\/03\\\/05\\\/sattler-o-jacanju-snaga-eufor-a-u-bih-mir-nije-ugrozen-ali-smo-na-oprezu\\\/#primaryimage\"},\"image\":{\"@id\":\"https:\\\/\\\/radioljubuski.ba\\\/index.php\\\/2022\\\/03\\\/05\\\/sattler-o-jacanju-snaga-eufor-a-u-bih-mir-nije-ugrozen-ali-smo-na-oprezu\\\/#primaryimage\"},\"thumbnailUrl\":\"https:\\\/\\\/radioljubuski.ba\\\/wp-content\\\/uploads\\\/2021\\\/06\\\/FSc7gvmZ_sattler.jpg\",\"datePublished\":\"2022-03-05T11:08:23+00:00\",\"breadcrumb\":{\"@id\":\"https:\\\/\\\/radioljubuski.ba\\\/index.php\\\/2022\\\/03\\\/05\\\/sattler-o-jacanju-snaga-eufor-a-u-bih-mir-nije-ugrozen-ali-smo-na-oprezu\\\/#breadcrumb\"},\"inLanguage\":\"hr\",\"potentialAction\":[{\"@type\":\"ReadAction\",\"target\":[\"https:\\\/\\\/radioljubuski.ba\\\/index.php\\\/2022\\\/03\\\/05\\\/sattler-o-jacanju-snaga-eufor-a-u-bih-mir-nije-ugrozen-ali-smo-na-oprezu\\\/\"]}]},{\"@type\":\"ImageObject\",\"inLanguage\":\"hr\",\"@id\":\"https:\\\/\\\/radioljubuski.ba\\\/index.php\\\/2022\\\/03\\\/05\\\/sattler-o-jacanju-snaga-eufor-a-u-bih-mir-nije-ugrozen-ali-smo-na-oprezu\\\/#primaryimage\",\"url\":\"https:\\\/\\\/radioljubuski.ba\\\/wp-content\\\/uploads\\\/2021\\\/06\\\/FSc7gvmZ_sattler.jpg\",\"contentUrl\":\"https:\\\/\\\/radioljubuski.ba\\\/wp-content\\\/uploads\\\/2021\\\/06\\\/FSc7gvmZ_sattler.jpg\",\"width\":1000,\"height\":625},{\"@type\":\"BreadcrumbList\",\"@id\":\"https:\\\/\\\/radioljubuski.ba\\\/index.php\\\/2022\\\/03\\\/05\\\/sattler-o-jacanju-snaga-eufor-a-u-bih-mir-nije-ugrozen-ali-smo-na-oprezu\\\/#breadcrumb\",\"itemListElement\":[{\"@type\":\"ListItem\",\"position\":1,\"name\":\"Po\u010detna stranica\",\"item\":\"https:\\\/\\\/radioljubuski.ba\\\/\"},{\"@type\":\"ListItem\",\"position\":2,\"name\":\"Sattler o ja\u010danju snaga EUFOR-a u BiH: Mir nije ugro\u017een, ali smo na oprezu\"}]},{\"@type\":\"WebSite\",\"@id\":\"https:\\\/\\\/radioljubuski.ba\\\/#website\",\"url\":\"https:\\\/\\\/radioljubuski.ba\\\/\",\"name\":\"Radio Ljubu\u0161ki\",\"description\":\"Sun\u010dana frekvencija Hercegovine\",\"publisher\":{\"@id\":\"https:\\\/\\\/radioljubuski.ba\\\/#organization\"},\"potentialAction\":[{\"@type\":\"SearchAction\",\"target\":{\"@type\":\"EntryPoint\",\"urlTemplate\":\"https:\\\/\\\/radioljubuski.ba\\\/?s={search_term_string}\"},\"query-input\":{\"@type\":\"PropertyValueSpecification\",\"valueRequired\":true,\"valueName\":\"search_term_string\"}}],\"inLanguage\":\"hr\"},{\"@type\":\"Organization\",\"@id\":\"https:\\\/\\\/radioljubuski.ba\\\/#organization\",\"name\":\"Radio Ljubu\u0161ki\",\"url\":\"https:\\\/\\\/radioljubuski.ba\\\/\",\"logo\":{\"@type\":\"ImageObject\",\"inLanguage\":\"hr\",\"@id\":\"https:\\\/\\\/radioljubuski.ba\\\/#\\\/schema\\\/logo\\\/image\\\/\",\"url\":\"https:\\\/\\\/radioljubuski.ba\\\/wp-content\\\/uploads\\\/2021\\\/02\\\/cropped-Radio_Ljubuski_logo1.jpg\",\"contentUrl\":\"https:\\\/\\\/radioljubuski.ba\\\/wp-content\\\/uploads\\\/2021\\\/02\\\/cropped-Radio_Ljubuski_logo1.jpg\",\"width\":512,\"height\":512,\"caption\":\"Radio Ljubu\u0161ki\"},\"image\":{\"@id\":\"https:\\\/\\\/radioljubuski.ba\\\/#\\\/schema\\\/logo\\\/image\\\/\"},\"sameAs\":[\"https:\\\/\\\/www.facebook.com\\\/Radiio-Ljubuski-1490835324566332\",\"https:\\\/\\\/x.com\\\/radioljubuski\",\"https:\\\/\\\/hr.linkedin.com\\\/company\\\/radio-ljubuski\",\"https:\\\/\\\/www.youtube.com\\\/channel\\\/UCHYaeO_n0Db3tjNGudGpXyw\"]},{\"@type\":\"Person\",\"@id\":\"https:\\\/\\\/radioljubuski.ba\\\/#\\\/schema\\\/person\\\/19fc700381a780f69665d7956c469e3b\",\"name\":\"Radio Ljubu\u0161ki\"}]}<\/script>\n<!-- \/ Yoast SEO plugin. -->","yoast_head_json":{"title":"Sattler o ja\u010danju snaga EUFOR-a u BiH: Mir nije ugro\u017een, ali smo na oprezu - RADIO LJUBU\u0160KI","robots":{"index":"index","follow":"follow","max-snippet":"max-snippet:-1","max-image-preview":"max-image-preview:large","max-video-preview":"max-video-preview:-1"},"canonical":"https:\/\/radioljubuski.ba\/index.php\/2022\/03\/05\/sattler-o-jacanju-snaga-eufor-a-u-bih-mir-nije-ugrozen-ali-smo-na-oprezu\/","og_locale":"hr_HR","og_type":"article","og_title":"Sattler o ja\u010danju snaga EUFOR-a u BiH: Mir nije ugro\u017een, ali smo na oprezu - RADIO LJUBU\u0160KI","og_description":"\u0160ef Delegacije EU u BiH Johann Sattler, komentiraju\u0107i da u Bosnu i Hercegovinu dolazi 500 vojnika EUFOR-a, rekao je da su ti dodatni vojnici uduplali snage koje smo do sada imali. Naveo je i da ne zna\u010di da je mir ugro\u017een, me\u0111utim, to zna\u010di &#8220;da se itekako na oprezu.&#8221; &#8220;To je jedna mjera iz predostro\u017eno\u0161\u0107u, [&hellip;]","og_url":"https:\/\/radioljubuski.ba\/index.php\/2022\/03\/05\/sattler-o-jacanju-snaga-eufor-a-u-bih-mir-nije-ugrozen-ali-smo-na-oprezu\/","og_site_name":"RADIO LJUBU\u0160KI","article_publisher":"https:\/\/www.facebook.com\/Radiio-Ljubuski-1490835324566332","article_published_time":"2022-03-05T11:08:23+00:00","og_image":[{"width":1000,"height":625,"url":"https:\/\/radioljubuski.ba\/wp-content\/uploads\/2021\/06\/FSc7gvmZ_sattler.jpg","type":"image\/jpeg"}],"author":"Radio Ljubu\u0161ki","twitter_card":"summary_large_image","twitter_creator":"@radioljubuski","twitter_site":"@radioljubuski","twitter_misc":{"Napisao\/la":"Radio Ljubu\u0161ki","Procijenjeno vrijeme \u010ditanja":"3 minute"},"schema":{"@context":"https:\/\/schema.org","@graph":[{"@type":"Article","@id":"https:\/\/radioljubuski.ba\/index.php\/2022\/03\/05\/sattler-o-jacanju-snaga-eufor-a-u-bih-mir-nije-ugrozen-ali-smo-na-oprezu\/#article","isPartOf":{"@id":"https:\/\/radioljubuski.ba\/index.php\/2022\/03\/05\/sattler-o-jacanju-snaga-eufor-a-u-bih-mir-nije-ugrozen-ali-smo-na-oprezu\/"},"author":{"name":"Radio Ljubu\u0161ki","@id":"https:\/\/radioljubuski.ba\/#\/schema\/person\/19fc700381a780f69665d7956c469e3b"},"headline":"Sattler o ja\u010danju snaga EUFOR-a u BiH: Mir nije ugro\u017een, ali smo na oprezu","datePublished":"2022-03-05T11:08:23+00:00","mainEntityOfPage":{"@id":"https:\/\/radioljubuski.ba\/index.php\/2022\/03\/05\/sattler-o-jacanju-snaga-eufor-a-u-bih-mir-nije-ugrozen-ali-smo-na-oprezu\/"},"wordCount":695,"publisher":{"@id":"https:\/\/radioljubuski.ba\/#organization"},"image":{"@id":"https:\/\/radioljubuski.ba\/index.php\/2022\/03\/05\/sattler-o-jacanju-snaga-eufor-a-u-bih-mir-nije-ugrozen-ali-smo-na-oprezu\/#primaryimage"},"thumbnailUrl":"https:\/\/radioljubuski.ba\/wp-content\/uploads\/2021\/06\/FSc7gvmZ_sattler.jpg","articleSection":["BIH i regija"],"inLanguage":"hr"},{"@type":"WebPage","@id":"https:\/\/radioljubuski.ba\/index.php\/2022\/03\/05\/sattler-o-jacanju-snaga-eufor-a-u-bih-mir-nije-ugrozen-ali-smo-na-oprezu\/","url":"https:\/\/radioljubuski.ba\/index.php\/2022\/03\/05\/sattler-o-jacanju-snaga-eufor-a-u-bih-mir-nije-ugrozen-ali-smo-na-oprezu\/","name":"Sattler o ja\u010danju snaga EUFOR-a u BiH: Mir nije ugro\u017een, ali smo na oprezu - RADIO LJUBU\u0160KI","isPartOf":{"@id":"https:\/\/radioljubuski.ba\/#website"},"primaryImageOfPage":{"@id":"https:\/\/radioljubuski.ba\/index.php\/2022\/03\/05\/sattler-o-jacanju-snaga-eufor-a-u-bih-mir-nije-ugrozen-ali-smo-na-oprezu\/#primaryimage"},"image":{"@id":"https:\/\/radioljubuski.ba\/index.php\/2022\/03\/05\/sattler-o-jacanju-snaga-eufor-a-u-bih-mir-nije-ugrozen-ali-smo-na-oprezu\/#primaryimage"},"thumbnailUrl":"https:\/\/radioljubuski.ba\/wp-content\/uploads\/2021\/06\/FSc7gvmZ_sattler.jpg","datePublished":"2022-03-05T11:08:23+00:00","breadcrumb":{"@id":"https:\/\/radioljubuski.ba\/index.php\/2022\/03\/05\/sattler-o-jacanju-snaga-eufor-a-u-bih-mir-nije-ugrozen-ali-smo-na-oprezu\/#breadcrumb"},"inLanguage":"hr","potentialAction":[{"@type":"ReadAction","target":["https:\/\/radioljubuski.ba\/index.php\/2022\/03\/05\/sattler-o-jacanju-snaga-eufor-a-u-bih-mir-nije-ugrozen-ali-smo-na-oprezu\/"]}]},{"@type":"ImageObject","inLanguage":"hr","@id":"https:\/\/radioljubuski.ba\/index.php\/2022\/03\/05\/sattler-o-jacanju-snaga-eufor-a-u-bih-mir-nije-ugrozen-ali-smo-na-oprezu\/#primaryimage","url":"https:\/\/radioljubuski.ba\/wp-content\/uploads\/2021\/06\/FSc7gvmZ_sattler.jpg","contentUrl":"https:\/\/radioljubuski.ba\/wp-content\/uploads\/2021\/06\/FSc7gvmZ_sattler.jpg","width":1000,"height":625},{"@type":"BreadcrumbList","@id":"https:\/\/radioljubuski.ba\/index.php\/2022\/03\/05\/sattler-o-jacanju-snaga-eufor-a-u-bih-mir-nije-ugrozen-ali-smo-na-oprezu\/#breadcrumb","itemListElement":[{"@type":"ListItem","position":1,"name":"Po\u010detna stranica","item":"https:\/\/radioljubuski.ba\/"},{"@type":"ListItem","position":2,"name":"Sattler o ja\u010danju snaga EUFOR-a u BiH: Mir nije ugro\u017een, ali smo na oprezu"}]},{"@type":"WebSite","@id":"https:\/\/radioljubuski.ba\/#website","url":"https:\/\/radioljubuski.ba\/","name":"Radio Ljubu\u0161ki","description":"Sun\u010dana frekvencija Hercegovine","publisher":{"@id":"https:\/\/radioljubuski.ba\/#organization"},"potentialAction":[{"@type":"SearchAction","target":{"@type":"EntryPoint","urlTemplate":"https:\/\/radioljubuski.ba\/?s={search_term_string}"},"query-input":{"@type":"PropertyValueSpecification","valueRequired":true,"valueName":"search_term_string"}}],"inLanguage":"hr"},{"@type":"Organization","@id":"https:\/\/radioljubuski.ba\/#organization","name":"Radio Ljubu\u0161ki","url":"https:\/\/radioljubuski.ba\/","logo":{"@type":"ImageObject","inLanguage":"hr","@id":"https:\/\/radioljubuski.ba\/#\/schema\/logo\/image\/","url":"https:\/\/radioljubuski.ba\/wp-content\/uploads\/2021\/02\/cropped-Radio_Ljubuski_logo1.jpg","contentUrl":"https:\/\/radioljubuski.ba\/wp-content\/uploads\/2021\/02\/cropped-Radio_Ljubuski_logo1.jpg","width":512,"height":512,"caption":"Radio Ljubu\u0161ki"},"image":{"@id":"https:\/\/radioljubuski.ba\/#\/schema\/logo\/image\/"},"sameAs":["https:\/\/www.facebook.com\/Radiio-Ljubuski-1490835324566332","https:\/\/x.com\/radioljubuski","https:\/\/hr.linkedin.com\/company\/radio-ljubuski","https:\/\/www.youtube.com\/channel\/UCHYaeO_n0Db3tjNGudGpXyw"]},{"@type":"Person","@id":"https:\/\/radioljubuski.ba\/#\/schema\/person\/19fc700381a780f69665d7956c469e3b","name":"Radio Ljubu\u0161ki"}]}},"_links":{"self":[{"href":"https:\/\/radioljubuski.ba\/index.php\/wp-json\/wp\/v2\/posts\/118148","targetHints":{"allow":["GET"]}}],"collection":[{"href":"https:\/\/radioljubuski.ba\/index.php\/wp-json\/wp\/v2\/posts"}],"about":[{"href":"https:\/\/radioljubuski.ba\/index.php\/wp-json\/wp\/v2\/types\/post"}],"author":[{"embeddable":true,"href":"https:\/\/radioljubuski.ba\/index.php\/wp-json\/wp\/v2\/users\/2"}],"replies":[{"embeddable":true,"href":"https:\/\/radioljubuski.ba\/index.php\/wp-json\/wp\/v2\/comments?post=118148"}],"version-history":[{"count":1,"href":"https:\/\/radioljubuski.ba\/index.php\/wp-json\/wp\/v2\/posts\/118148\/revisions"}],"predecessor-version":[{"id":118149,"href":"https:\/\/radioljubuski.ba\/index.php\/wp-json\/wp\/v2\/posts\/118148\/revisions\/118149"}],"wp:featuredmedia":[{"embeddable":true,"href":"https:\/\/radioljubuski.ba\/index.php\/wp-json\/wp\/v2\/media\/31644"}],"wp:attachment":[{"href":"https:\/\/radioljubuski.ba\/index.php\/wp-json\/wp\/v2\/media?parent=118148"}],"wp:term":[{"taxonomy":"category","embeddable":true,"href":"https:\/\/radioljubuski.ba\/index.php\/wp-json\/wp\/v2\/categories?post=118148"},{"taxonomy":"post_tag","embeddable":true,"href":"https:\/\/radioljubuski.ba\/index.php\/wp-json\/wp\/v2\/tags?post=118148"}],"curies":[{"name":"wp","href":"https:\/\/api.w.org\/{rel}","templated":true}]}}