{"id":11815,"date":"2021-04-11T18:20:35","date_gmt":"2021-04-11T17:20:35","guid":{"rendered":"https:\/\/radioljubuski.ba\/?p=11815"},"modified":"2021-04-11T18:20:36","modified_gmt":"2021-04-11T17:20:36","slug":"osijek-kiksom-u-koprivnici-prekinuo-pozitivan-niz","status":"publish","type":"post","link":"https:\/\/radioljubuski.ba\/index.php\/2021\/04\/11\/osijek-kiksom-u-koprivnici-prekinuo-pozitivan-niz\/","title":{"rendered":"Osijek kiksom u Koprivnici prekinuo pozitivan niz"},"content":{"rendered":"\n<p>Zadranka&nbsp;<strong>Barbara Berber<\/strong>&nbsp;pro\u0161log \u010detvrtka je oko 11.30 sati s bijelim psom sjela na put koji vodi na makarsku pla\u017eu Osejava te je na taj na\u010din zaprije\u010dila put dvama punim kamionima, a koji su \u017ealiku od iskopa na gradnji dje\u010djeg vrti\u0107a &#8220;Zelenka&#8221;, trebali istovariti na pla\u017eu.<\/p>\n\n\n\n<p>Za petnaest minuta su na mjesto doga\u0111aja stigli makarski komunalni redari, a nakon njih i policajac kojem je Barbara odbila dati na uvid osobnu iskaznicu. Oko podne je do\u0161lo jo\u0161 pet policajaca, kojima Barbara tako\u0111er nije htjela dati osobnu iskaznicu, da bi nakon svih mogu\u0107ih poku\u0161aja na put prema pla\u017ei stigla i ekipa Hitne pomo\u0107i, koja je samo porazgovarala s Barbarom i oti\u0161la.<\/p>\n\n\n\n<p>Tala\u010dka kriza na pla\u017ei Osejava tada jo\u0161 nije zavr\u0161ila jer su pristigli \u0161efovi Nezavisne liste Osejava \u2013 kandidatkinja za gradona\u010delnicu&nbsp;<strong>Ivana Mio\u010devi\u0107 Frani\u0107<\/strong>&nbsp;i&nbsp;<strong>Mihovil Marinovi\u0107<\/strong>, a oko 13 sati stigla je i policijska &#8220;marica&#8221; pa vi\u0161e nije bilo \u0161ale jer je Barbara legitimirana kao i svi ostali ljudi koji su joj davali podr\u0161ku. Kriza je zavr\u0161ena oko 14 sati kada se aktivistica digla s puta i sa svojim psom oti\u0161la u Policijsku postaju Makarska dati svoju izjavu.<\/p>\n\n\n\n<p>Kako nam je kazala, policiji je prijavila Grad Makarsku za devastiranje pla\u017ee na Osejavi, a prosvjedovala je jer se nadohrana pla\u017ee izvodi materijalom koji ne smije i\u0107i u more.<\/p>\n\n\n\n<p>\u2013 To je zemlja koju su pokupili s gra\u0111evinskog terena na kojem se gradi vrti\u0107, a mogla se iskoristiti u druge svrhe, za nasipanje \u0161ume na Osejavi ili poluotoka Sveti Petar. I sama sam policiji kazala da imam pravo tu sjediti i to mi nitko to ne mo\u017ee zabraniti, pa sam zahtijevala podno\u0161enje prijave protiv Grada \u2013 rekla nam je Barbara.<\/p>\n\n\n\n<p>\u2013 U Makarsku sam do\u0161la krajem kolovoza 2019. godine pa sam upoznata sa svim ekolo\u0161kim devastacijama i problemima grada, a aktivistica sam jo\u0161 od malih nogu. Nasipanje pla\u017ee Osejava sam pratila ve\u0107 par dana i onda sam shvatila da u temeljima zemlje koju donose za nasipanje nema nikakve recikla\u017ee, te sam u jednom trenutku odlu\u010dila oti\u0107i na Osejavu i zaustaviti nasipanje pla\u017ee zemljom. Tako sam prvo stajala ispred dva kamiona koja su i\u0161la prema pla\u017ei, a kasnije sam sjela na put i nisam se htjela maknuti. Rekla sam voza\u010dima kamiona: &#8220;Ako mo\u017eete ubijati morsku floru i faunu, onda mo\u017eete i mene&#8221;, kazala je Barbara kojoj su podr\u0161ku tijekom tri sata prosvjeda dali brojni aktivisti.<\/p>\n\n\n\n<p>\u2013 Zapravo nisam naru\u0161avala javni red i mir jer gradili\u0161te nije ogra\u0111eno niti je privatno vlasni\u0161tvo. Policajcima sam rekla da \u0107u im dati sve dokumente koji im trebaju, ali samo neka mi prije napi\u0161u da ja ovdje ne smijem sjediti \u2013 veli Barbara, dodav\u0161i da je to bio primjer na\u010dina na koji jedna osoba ne\u0161to mo\u017ee poduzeti.<br><br>Zbog svog trosatnog blokiranja kamionima prilazu pla\u017ei Osejava, Barbara nije &#8221;zaradila&#8221; nikakvu prijavu, a to su nam potvrdili i slu\u017ebenici Odjela za odnose s javno\u0161\u0107u PU splitsko-dalmatinske.<\/p>\n\n\n\n<p>Kako su nam kazali, pro\u0161log \u010detvrtka oko 11.20 sati policija je zaprimila dojavu kako \u017eenska osoba ometa radove nasipanja na pla\u017ei Osejava u Makarskoj.<br><br>&#8220;Izlaskom policijskog slu\u017ebenika na mjesto doga\u0111aja nisu utvr\u0111eni elementi prekr\u0161aja niti kaznenog djela, niti je bilo osnove za daljnje policijsko postupanje&#8221;, kazali su iz PU splitsko-dalmatinske.<\/p>\n\n\n\n<p><strong><em>GRADONA\u010cELNIK BRKAN<\/em><\/strong><strong><em><br><\/em><\/strong><strong><em>\u010cudi me pona\u0161anje policije<\/em><\/strong><strong><em><br>Komentar na &#8221;tala\u010dku&#8221; krizu na pla\u017ei Osejava dobili smo od makarskog gradona\u010delnika Jure Brkana koji ka\u017ee da podr\u017eava svaki oblik aktivizma ili demonstracija, me\u0111utim ne na ovakav na\u010din.<br>\u2013 Ovo \u0161to je napravila Zadranka u Makarskoj, uop\u0107e nije aktivizam, ve\u0107 opstrukcija javnog interesa i nije u redu \u0161to ovakvi takozvani aktivisti uzimaju pravdu u svoje ruke. S druge strane, \u010dudi me pona\u0161anje policajaca kojima su trebala tri sata da utvrde identitet Zadranke. Ma sve ovo se koristi u predizborne svrhe i ako makarske aktiviste mu\u010di samo pla\u017ea na Osejavi koja se gradi s gra\u0111evinskom dozvolom, onda je to dobro. Ponavljam, svatko ima prava na aktivizam, ali nema prava zaustaviti javne radove \u2013 kazao je Brkan.<\/em><\/strong><\/p>\n\n\n\n<p><strong><em>IVANA MIO\u010cEVI\u0106 FRANI\u0106<\/em><\/strong><strong><em><br><\/em><\/strong><strong><em>Samovolja gradskih vlasti<\/em><\/strong><strong><em><br>Nakon incidenta, izjavu nam je dala i kandidatkinja za gradona\u010delnicu Nezavisne liste Osejava \u2013 NLO Ivana Mio\u010devi\u0107 Frani\u0107.<br>\u2013 Podr\u017eavamo svaki mirni anga\u017eman gra\u0111ana u cilju za\u0161tite javnog dobra. Upravo su ovakve situacije jedan od razloga zbog kojih smo se politi\u010dki anga\u017eirali. Ogor\u010deni smo samovoljom gradske vlasti koja nepromi\u0161ljenim odlukama uni\u0161tava najdragocjeniji prirodni resurs. Ne mo\u017eemo stati po strani i praviti se da se ni\u0161ta ne doga\u0111a \u2013 kazala je Mio\u010devi\u0107 Frani\u0107.<\/em><\/strong><\/p>\n\n\n\n<p><strong>PI\u0160E&nbsp;<\/strong>DIJANA TURI\u0106\/slobodnadalmacija.hr<strong> Slaven Belupo i Osijek odigrali su bez pobjednika, 2:2 (1:1) u susretu 28. kola HNL-a u Koprivnici.<\/strong><\/p>\n\n\n\n<p>Osje\u010dani su tako uzeli samo bod nakon tri uzastopne pobjede i tri utakmice u nizu bez primljenog gola, a slijede im dva velika izazova, gostovanje kod Hajduka i potom dvoboj s Dinamom u Gradskom vrtu. Koprivni\u010dani su pak tra\u017eili prvu pobjedu jo\u0161 od 29. sije\u010dnja, nisu bili daleko od nje jer su vodili do 71. minute, no na kraju su se morali zadovoljiti bodom protiv favoriziranih gostiju. Zanimljivo je da su do same zavr\u0161nice Koprivni\u010dani vodili 2:1 i prije \u010detiri dana protiv Hajduka u Splitu, a na kraju su, \u010dak i uz igra\u010da vi\u0161e, primili gol u suda\u010dkoj nadoknadi i uzeli samo bod.<br><br><\/p>\n\n\n\n<p>Veliku priliku imao je Slaven ve\u0107 u 10. minuti, no&nbsp;<strong>Knoll<\/strong>&nbsp;je iz blizine pucao pored gola. Doma\u0107in je ipak poveo u 36. minuti golom sa 7-8 metara kapetana&nbsp;<strong>Bogojoevi\u0107a<\/strong>&nbsp;nakon brze akcije i lijepog duplog pasa s Knollom. Izjedna\u010dio je Osijek u prvoj minuti suda\u010dke nadoknade prvog poluvremena preko&nbsp;<strong>\u017dapera<\/strong>, koji je s 15-ak metara prizemnim udarcem svladao vratara&nbsp;<strong>Filipovi\u0107a<\/strong>. Novi vodstvo doma\u0107inu osigurao je Knoll u 52. minuti.&nbsp;<strong>Krstanovi\u0107&nbsp;<\/strong>je naba\u010daj<strong>&nbsp;Glav\u010di\u0107a<\/strong>&nbsp;glavom spustio Knollu, koji je lako\u0107om poslao loptu u mre\u017eu.&nbsp;<strong>Laszlo Kleinheisler<\/strong>&nbsp;je u 71. minuti pro\u0161ao trojicu suparni\u010dkih igra\u010da po lijevoj strani i onda pogodio za izjedna\u010denje na 2:2.<\/p>\n\n\n\n<p>Napadali su Osje\u010dani do kraja, ali obrana Slaven Belupa bila je koncentrirana, \u010dak je doma\u0107in imao u prvoj minuti suda\u010dke nadoknade veliku priliku za pobjedu, ali<strong>&nbsp;Ivica Ivu\u0161i\u0107&nbsp;<\/strong>je obranio udarac&nbsp;<strong>Karla Luli\u0107a<\/strong>&nbsp;i spasio mom\u010dad&nbsp;<strong>Nenada Bjelice<\/strong>.<\/p>\n\n\n\n<p><a href=\"https:\/\/sport.hrt.hr\/hrvatski-nogomet\/hajduk-protiv-slaven-belupa-zeli-nastavak-dobrog-niza-1374592\"><br><\/a><\/p>\n\n\n\n<p>Izvor:hrt.hr<\/p>\n","protected":false},"excerpt":{"rendered":"<p>Zadranka&nbsp;Barbara Berber&nbsp;pro\u0161log \u010detvrtka je oko 11.30 sati s bijelim psom sjela na put koji vodi na makarsku pla\u017eu Osejava te je na taj na\u010din zaprije\u010dila put dvama punim kamionima, a koji su \u017ealiku od iskopa na gradnji dje\u010djeg vrti\u0107a &#8220;Zelenka&#8221;, trebali istovariti na pla\u017eu. Za petnaest minuta su na mjesto doga\u0111aja stigli makarski komunalni redari, [&hellip;]<\/p>\n","protected":false},"author":2,"featured_media":11816,"comment_status":"closed","ping_status":"closed","sticky":false,"template":"","format":"standard","meta":{"h5ap_radio_sources":[],"footnotes":""},"categories":[1],"tags":[],"class_list":["post-11815","post","type-post","status-publish","format-standard","has-post-thumbnail","hentry","category-bihiregija"],"yoast_head":"<!-- This site is optimized with the Yoast SEO plugin v27.4 - https:\/\/yoast.com\/product\/yoast-seo-wordpress\/ -->\n<title>Osijek kiksom u Koprivnici prekinuo pozitivan niz - RADIO LJUBU\u0160KI<\/title>\n<meta name=\"robots\" content=\"index, follow, max-snippet:-1, max-image-preview:large, max-video-preview:-1\" \/>\n<link rel=\"canonical\" href=\"https:\/\/radioljubuski.ba\/index.php\/2021\/04\/11\/osijek-kiksom-u-koprivnici-prekinuo-pozitivan-niz\/\" \/>\n<meta property=\"og:locale\" content=\"hr_HR\" \/>\n<meta property=\"og:type\" content=\"article\" \/>\n<meta property=\"og:title\" content=\"Osijek kiksom u Koprivnici prekinuo pozitivan niz - RADIO LJUBU\u0160KI\" \/>\n<meta property=\"og:description\" content=\"Zadranka&nbsp;Barbara Berber&nbsp;pro\u0161log \u010detvrtka je oko 11.30 sati s bijelim psom sjela na put koji vodi na makarsku pla\u017eu Osejava te je na taj na\u010din zaprije\u010dila put dvama punim kamionima, a koji su \u017ealiku od iskopa na gradnji dje\u010djeg vrti\u0107a &#8220;Zelenka&#8221;, trebali istovariti na pla\u017eu. Za petnaest minuta su na mjesto doga\u0111aja stigli makarski komunalni redari, [&hellip;]\" \/>\n<meta property=\"og:url\" content=\"https:\/\/radioljubuski.ba\/index.php\/2021\/04\/11\/osijek-kiksom-u-koprivnici-prekinuo-pozitivan-niz\/\" \/>\n<meta property=\"og:site_name\" content=\"RADIO LJUBU\u0160KI\" \/>\n<meta property=\"article:publisher\" content=\"https:\/\/www.facebook.com\/Radiio-Ljubuski-1490835324566332\" \/>\n<meta property=\"article:published_time\" content=\"2021-04-11T17:20:35+00:00\" \/>\n<meta property=\"article:modified_time\" content=\"2021-04-11T17:20:36+00:00\" \/>\n<meta property=\"og:image\" content=\"https:\/\/radioljubuski.ba\/wp-content\/uploads\/2021\/04\/1-27.png\" \/>\n\t<meta property=\"og:image:width\" content=\"647\" \/>\n\t<meta property=\"og:image:height\" content=\"365\" \/>\n\t<meta property=\"og:image:type\" content=\"image\/png\" \/>\n<meta name=\"author\" content=\"Radio Ljubu\u0161ki\" \/>\n<meta name=\"twitter:card\" content=\"summary_large_image\" \/>\n<meta name=\"twitter:creator\" content=\"@radioljubuski\" \/>\n<meta name=\"twitter:site\" content=\"@radioljubuski\" \/>\n<meta name=\"twitter:label1\" content=\"Napisao\/la\" \/>\n\t<meta name=\"twitter:data1\" content=\"Radio Ljubu\u0161ki\" \/>\n\t<meta name=\"twitter:label2\" content=\"Procijenjeno vrijeme \u010ditanja\" \/>\n\t<meta name=\"twitter:data2\" content=\"5 minuta\" \/>\n<script type=\"application\/ld+json\" class=\"yoast-schema-graph\">{\"@context\":\"https:\\\/\\\/schema.org\",\"@graph\":[{\"@type\":\"Article\",\"@id\":\"https:\\\/\\\/radioljubuski.ba\\\/index.php\\\/2021\\\/04\\\/11\\\/osijek-kiksom-u-koprivnici-prekinuo-pozitivan-niz\\\/#article\",\"isPartOf\":{\"@id\":\"https:\\\/\\\/radioljubuski.ba\\\/index.php\\\/2021\\\/04\\\/11\\\/osijek-kiksom-u-koprivnici-prekinuo-pozitivan-niz\\\/\"},\"author\":{\"name\":\"Radio Ljubu\u0161ki\",\"@id\":\"https:\\\/\\\/radioljubuski.ba\\\/#\\\/schema\\\/person\\\/19fc700381a780f69665d7956c469e3b\"},\"headline\":\"Osijek kiksom u Koprivnici prekinuo pozitivan niz\",\"datePublished\":\"2021-04-11T17:20:35+00:00\",\"dateModified\":\"2021-04-11T17:20:36+00:00\",\"mainEntityOfPage\":{\"@id\":\"https:\\\/\\\/radioljubuski.ba\\\/index.php\\\/2021\\\/04\\\/11\\\/osijek-kiksom-u-koprivnici-prekinuo-pozitivan-niz\\\/\"},\"wordCount\":1119,\"publisher\":{\"@id\":\"https:\\\/\\\/radioljubuski.ba\\\/#organization\"},\"image\":{\"@id\":\"https:\\\/\\\/radioljubuski.ba\\\/index.php\\\/2021\\\/04\\\/11\\\/osijek-kiksom-u-koprivnici-prekinuo-pozitivan-niz\\\/#primaryimage\"},\"thumbnailUrl\":\"https:\\\/\\\/radioljubuski.ba\\\/wp-content\\\/uploads\\\/2021\\\/04\\\/1-27.png\",\"articleSection\":[\"BIH i regija\"],\"inLanguage\":\"hr\"},{\"@type\":\"WebPage\",\"@id\":\"https:\\\/\\\/radioljubuski.ba\\\/index.php\\\/2021\\\/04\\\/11\\\/osijek-kiksom-u-koprivnici-prekinuo-pozitivan-niz\\\/\",\"url\":\"https:\\\/\\\/radioljubuski.ba\\\/index.php\\\/2021\\\/04\\\/11\\\/osijek-kiksom-u-koprivnici-prekinuo-pozitivan-niz\\\/\",\"name\":\"Osijek kiksom u Koprivnici prekinuo pozitivan niz - RADIO LJUBU\u0160KI\",\"isPartOf\":{\"@id\":\"https:\\\/\\\/radioljubuski.ba\\\/#website\"},\"primaryImageOfPage\":{\"@id\":\"https:\\\/\\\/radioljubuski.ba\\\/index.php\\\/2021\\\/04\\\/11\\\/osijek-kiksom-u-koprivnici-prekinuo-pozitivan-niz\\\/#primaryimage\"},\"image\":{\"@id\":\"https:\\\/\\\/radioljubuski.ba\\\/index.php\\\/2021\\\/04\\\/11\\\/osijek-kiksom-u-koprivnici-prekinuo-pozitivan-niz\\\/#primaryimage\"},\"thumbnailUrl\":\"https:\\\/\\\/radioljubuski.ba\\\/wp-content\\\/uploads\\\/2021\\\/04\\\/1-27.png\",\"datePublished\":\"2021-04-11T17:20:35+00:00\",\"dateModified\":\"2021-04-11T17:20:36+00:00\",\"breadcrumb\":{\"@id\":\"https:\\\/\\\/radioljubuski.ba\\\/index.php\\\/2021\\\/04\\\/11\\\/osijek-kiksom-u-koprivnici-prekinuo-pozitivan-niz\\\/#breadcrumb\"},\"inLanguage\":\"hr\",\"potentialAction\":[{\"@type\":\"ReadAction\",\"target\":[\"https:\\\/\\\/radioljubuski.ba\\\/index.php\\\/2021\\\/04\\\/11\\\/osijek-kiksom-u-koprivnici-prekinuo-pozitivan-niz\\\/\"]}]},{\"@type\":\"ImageObject\",\"inLanguage\":\"hr\",\"@id\":\"https:\\\/\\\/radioljubuski.ba\\\/index.php\\\/2021\\\/04\\\/11\\\/osijek-kiksom-u-koprivnici-prekinuo-pozitivan-niz\\\/#primaryimage\",\"url\":\"https:\\\/\\\/radioljubuski.ba\\\/wp-content\\\/uploads\\\/2021\\\/04\\\/1-27.png\",\"contentUrl\":\"https:\\\/\\\/radioljubuski.ba\\\/wp-content\\\/uploads\\\/2021\\\/04\\\/1-27.png\",\"width\":647,\"height\":365},{\"@type\":\"BreadcrumbList\",\"@id\":\"https:\\\/\\\/radioljubuski.ba\\\/index.php\\\/2021\\\/04\\\/11\\\/osijek-kiksom-u-koprivnici-prekinuo-pozitivan-niz\\\/#breadcrumb\",\"itemListElement\":[{\"@type\":\"ListItem\",\"position\":1,\"name\":\"Po\u010detna stranica\",\"item\":\"https:\\\/\\\/radioljubuski.ba\\\/\"},{\"@type\":\"ListItem\",\"position\":2,\"name\":\"Osijek kiksom u Koprivnici prekinuo pozitivan niz\"}]},{\"@type\":\"WebSite\",\"@id\":\"https:\\\/\\\/radioljubuski.ba\\\/#website\",\"url\":\"https:\\\/\\\/radioljubuski.ba\\\/\",\"name\":\"Radio Ljubu\u0161ki\",\"description\":\"Sun\u010dana frekvencija Hercegovine\",\"publisher\":{\"@id\":\"https:\\\/\\\/radioljubuski.ba\\\/#organization\"},\"potentialAction\":[{\"@type\":\"SearchAction\",\"target\":{\"@type\":\"EntryPoint\",\"urlTemplate\":\"https:\\\/\\\/radioljubuski.ba\\\/?s={search_term_string}\"},\"query-input\":{\"@type\":\"PropertyValueSpecification\",\"valueRequired\":true,\"valueName\":\"search_term_string\"}}],\"inLanguage\":\"hr\"},{\"@type\":\"Organization\",\"@id\":\"https:\\\/\\\/radioljubuski.ba\\\/#organization\",\"name\":\"Radio Ljubu\u0161ki\",\"url\":\"https:\\\/\\\/radioljubuski.ba\\\/\",\"logo\":{\"@type\":\"ImageObject\",\"inLanguage\":\"hr\",\"@id\":\"https:\\\/\\\/radioljubuski.ba\\\/#\\\/schema\\\/logo\\\/image\\\/\",\"url\":\"https:\\\/\\\/radioljubuski.ba\\\/wp-content\\\/uploads\\\/2021\\\/02\\\/cropped-Radio_Ljubuski_logo1.jpg\",\"contentUrl\":\"https:\\\/\\\/radioljubuski.ba\\\/wp-content\\\/uploads\\\/2021\\\/02\\\/cropped-Radio_Ljubuski_logo1.jpg\",\"width\":512,\"height\":512,\"caption\":\"Radio Ljubu\u0161ki\"},\"image\":{\"@id\":\"https:\\\/\\\/radioljubuski.ba\\\/#\\\/schema\\\/logo\\\/image\\\/\"},\"sameAs\":[\"https:\\\/\\\/www.facebook.com\\\/Radiio-Ljubuski-1490835324566332\",\"https:\\\/\\\/x.com\\\/radioljubuski\",\"https:\\\/\\\/hr.linkedin.com\\\/company\\\/radio-ljubuski\",\"https:\\\/\\\/www.youtube.com\\\/channel\\\/UCHYaeO_n0Db3tjNGudGpXyw\"]},{\"@type\":\"Person\",\"@id\":\"https:\\\/\\\/radioljubuski.ba\\\/#\\\/schema\\\/person\\\/19fc700381a780f69665d7956c469e3b\",\"name\":\"Radio Ljubu\u0161ki\"}]}<\/script>\n<!-- \/ Yoast SEO plugin. -->","yoast_head_json":{"title":"Osijek kiksom u Koprivnici prekinuo pozitivan niz - RADIO LJUBU\u0160KI","robots":{"index":"index","follow":"follow","max-snippet":"max-snippet:-1","max-image-preview":"max-image-preview:large","max-video-preview":"max-video-preview:-1"},"canonical":"https:\/\/radioljubuski.ba\/index.php\/2021\/04\/11\/osijek-kiksom-u-koprivnici-prekinuo-pozitivan-niz\/","og_locale":"hr_HR","og_type":"article","og_title":"Osijek kiksom u Koprivnici prekinuo pozitivan niz - RADIO LJUBU\u0160KI","og_description":"Zadranka&nbsp;Barbara Berber&nbsp;pro\u0161log \u010detvrtka je oko 11.30 sati s bijelim psom sjela na put koji vodi na makarsku pla\u017eu Osejava te je na taj na\u010din zaprije\u010dila put dvama punim kamionima, a koji su \u017ealiku od iskopa na gradnji dje\u010djeg vrti\u0107a &#8220;Zelenka&#8221;, trebali istovariti na pla\u017eu. Za petnaest minuta su na mjesto doga\u0111aja stigli makarski komunalni redari, [&hellip;]","og_url":"https:\/\/radioljubuski.ba\/index.php\/2021\/04\/11\/osijek-kiksom-u-koprivnici-prekinuo-pozitivan-niz\/","og_site_name":"RADIO LJUBU\u0160KI","article_publisher":"https:\/\/www.facebook.com\/Radiio-Ljubuski-1490835324566332","article_published_time":"2021-04-11T17:20:35+00:00","article_modified_time":"2021-04-11T17:20:36+00:00","og_image":[{"width":647,"height":365,"url":"https:\/\/radioljubuski.ba\/wp-content\/uploads\/2021\/04\/1-27.png","type":"image\/png"}],"author":"Radio Ljubu\u0161ki","twitter_card":"summary_large_image","twitter_creator":"@radioljubuski","twitter_site":"@radioljubuski","twitter_misc":{"Napisao\/la":"Radio Ljubu\u0161ki","Procijenjeno vrijeme \u010ditanja":"5 minuta"},"schema":{"@context":"https:\/\/schema.org","@graph":[{"@type":"Article","@id":"https:\/\/radioljubuski.ba\/index.php\/2021\/04\/11\/osijek-kiksom-u-koprivnici-prekinuo-pozitivan-niz\/#article","isPartOf":{"@id":"https:\/\/radioljubuski.ba\/index.php\/2021\/04\/11\/osijek-kiksom-u-koprivnici-prekinuo-pozitivan-niz\/"},"author":{"name":"Radio Ljubu\u0161ki","@id":"https:\/\/radioljubuski.ba\/#\/schema\/person\/19fc700381a780f69665d7956c469e3b"},"headline":"Osijek kiksom u Koprivnici prekinuo pozitivan niz","datePublished":"2021-04-11T17:20:35+00:00","dateModified":"2021-04-11T17:20:36+00:00","mainEntityOfPage":{"@id":"https:\/\/radioljubuski.ba\/index.php\/2021\/04\/11\/osijek-kiksom-u-koprivnici-prekinuo-pozitivan-niz\/"},"wordCount":1119,"publisher":{"@id":"https:\/\/radioljubuski.ba\/#organization"},"image":{"@id":"https:\/\/radioljubuski.ba\/index.php\/2021\/04\/11\/osijek-kiksom-u-koprivnici-prekinuo-pozitivan-niz\/#primaryimage"},"thumbnailUrl":"https:\/\/radioljubuski.ba\/wp-content\/uploads\/2021\/04\/1-27.png","articleSection":["BIH i regija"],"inLanguage":"hr"},{"@type":"WebPage","@id":"https:\/\/radioljubuski.ba\/index.php\/2021\/04\/11\/osijek-kiksom-u-koprivnici-prekinuo-pozitivan-niz\/","url":"https:\/\/radioljubuski.ba\/index.php\/2021\/04\/11\/osijek-kiksom-u-koprivnici-prekinuo-pozitivan-niz\/","name":"Osijek kiksom u Koprivnici prekinuo pozitivan niz - RADIO LJUBU\u0160KI","isPartOf":{"@id":"https:\/\/radioljubuski.ba\/#website"},"primaryImageOfPage":{"@id":"https:\/\/radioljubuski.ba\/index.php\/2021\/04\/11\/osijek-kiksom-u-koprivnici-prekinuo-pozitivan-niz\/#primaryimage"},"image":{"@id":"https:\/\/radioljubuski.ba\/index.php\/2021\/04\/11\/osijek-kiksom-u-koprivnici-prekinuo-pozitivan-niz\/#primaryimage"},"thumbnailUrl":"https:\/\/radioljubuski.ba\/wp-content\/uploads\/2021\/04\/1-27.png","datePublished":"2021-04-11T17:20:35+00:00","dateModified":"2021-04-11T17:20:36+00:00","breadcrumb":{"@id":"https:\/\/radioljubuski.ba\/index.php\/2021\/04\/11\/osijek-kiksom-u-koprivnici-prekinuo-pozitivan-niz\/#breadcrumb"},"inLanguage":"hr","potentialAction":[{"@type":"ReadAction","target":["https:\/\/radioljubuski.ba\/index.php\/2021\/04\/11\/osijek-kiksom-u-koprivnici-prekinuo-pozitivan-niz\/"]}]},{"@type":"ImageObject","inLanguage":"hr","@id":"https:\/\/radioljubuski.ba\/index.php\/2021\/04\/11\/osijek-kiksom-u-koprivnici-prekinuo-pozitivan-niz\/#primaryimage","url":"https:\/\/radioljubuski.ba\/wp-content\/uploads\/2021\/04\/1-27.png","contentUrl":"https:\/\/radioljubuski.ba\/wp-content\/uploads\/2021\/04\/1-27.png","width":647,"height":365},{"@type":"BreadcrumbList","@id":"https:\/\/radioljubuski.ba\/index.php\/2021\/04\/11\/osijek-kiksom-u-koprivnici-prekinuo-pozitivan-niz\/#breadcrumb","itemListElement":[{"@type":"ListItem","position":1,"name":"Po\u010detna stranica","item":"https:\/\/radioljubuski.ba\/"},{"@type":"ListItem","position":2,"name":"Osijek kiksom u Koprivnici prekinuo pozitivan niz"}]},{"@type":"WebSite","@id":"https:\/\/radioljubuski.ba\/#website","url":"https:\/\/radioljubuski.ba\/","name":"Radio Ljubu\u0161ki","description":"Sun\u010dana frekvencija Hercegovine","publisher":{"@id":"https:\/\/radioljubuski.ba\/#organization"},"potentialAction":[{"@type":"SearchAction","target":{"@type":"EntryPoint","urlTemplate":"https:\/\/radioljubuski.ba\/?s={search_term_string}"},"query-input":{"@type":"PropertyValueSpecification","valueRequired":true,"valueName":"search_term_string"}}],"inLanguage":"hr"},{"@type":"Organization","@id":"https:\/\/radioljubuski.ba\/#organization","name":"Radio Ljubu\u0161ki","url":"https:\/\/radioljubuski.ba\/","logo":{"@type":"ImageObject","inLanguage":"hr","@id":"https:\/\/radioljubuski.ba\/#\/schema\/logo\/image\/","url":"https:\/\/radioljubuski.ba\/wp-content\/uploads\/2021\/02\/cropped-Radio_Ljubuski_logo1.jpg","contentUrl":"https:\/\/radioljubuski.ba\/wp-content\/uploads\/2021\/02\/cropped-Radio_Ljubuski_logo1.jpg","width":512,"height":512,"caption":"Radio Ljubu\u0161ki"},"image":{"@id":"https:\/\/radioljubuski.ba\/#\/schema\/logo\/image\/"},"sameAs":["https:\/\/www.facebook.com\/Radiio-Ljubuski-1490835324566332","https:\/\/x.com\/radioljubuski","https:\/\/hr.linkedin.com\/company\/radio-ljubuski","https:\/\/www.youtube.com\/channel\/UCHYaeO_n0Db3tjNGudGpXyw"]},{"@type":"Person","@id":"https:\/\/radioljubuski.ba\/#\/schema\/person\/19fc700381a780f69665d7956c469e3b","name":"Radio Ljubu\u0161ki"}]}},"_links":{"self":[{"href":"https:\/\/radioljubuski.ba\/index.php\/wp-json\/wp\/v2\/posts\/11815","targetHints":{"allow":["GET"]}}],"collection":[{"href":"https:\/\/radioljubuski.ba\/index.php\/wp-json\/wp\/v2\/posts"}],"about":[{"href":"https:\/\/radioljubuski.ba\/index.php\/wp-json\/wp\/v2\/types\/post"}],"author":[{"embeddable":true,"href":"https:\/\/radioljubuski.ba\/index.php\/wp-json\/wp\/v2\/users\/2"}],"replies":[{"embeddable":true,"href":"https:\/\/radioljubuski.ba\/index.php\/wp-json\/wp\/v2\/comments?post=11815"}],"version-history":[{"count":1,"href":"https:\/\/radioljubuski.ba\/index.php\/wp-json\/wp\/v2\/posts\/11815\/revisions"}],"predecessor-version":[{"id":11817,"href":"https:\/\/radioljubuski.ba\/index.php\/wp-json\/wp\/v2\/posts\/11815\/revisions\/11817"}],"wp:featuredmedia":[{"embeddable":true,"href":"https:\/\/radioljubuski.ba\/index.php\/wp-json\/wp\/v2\/media\/11816"}],"wp:attachment":[{"href":"https:\/\/radioljubuski.ba\/index.php\/wp-json\/wp\/v2\/media?parent=11815"}],"wp:term":[{"taxonomy":"category","embeddable":true,"href":"https:\/\/radioljubuski.ba\/index.php\/wp-json\/wp\/v2\/categories?post=11815"},{"taxonomy":"post_tag","embeddable":true,"href":"https:\/\/radioljubuski.ba\/index.php\/wp-json\/wp\/v2\/tags?post=11815"}],"curies":[{"name":"wp","href":"https:\/\/api.w.org\/{rel}","templated":true}]}}