{"id":118164,"date":"2022-03-05T12:16:48","date_gmt":"2022-03-05T11:16:48","guid":{"rendered":"https:\/\/radioljubuski.ba\/?p=118164"},"modified":"2022-03-05T12:16:48","modified_gmt":"2022-03-05T11:16:48","slug":"brutalni-cecen-trazi-putinovu-naredbu-bit-ce-brzo-i-efikasno","status":"publish","type":"post","link":"https:\/\/radioljubuski.ba\/index.php\/2022\/03\/05\/brutalni-cecen-trazi-putinovu-naredbu-bit-ce-brzo-i-efikasno\/","title":{"rendered":"Brutalni \u010ce\u010den tra\u017ei Putinovu naredbu: &#8216;Bit \u0107e brzo i efikasno&#8217;"},"content":{"rendered":"\n<p>Lider \u010ce\u010denije Ramzan Kadirov obratio se danas ruskom predsjedniku Vladimiru Putinu sa molbom da naredi vojsci da zauzmu Harkiv, Kijev i druge ukrajinske gradove.<\/p>\n\n\n\n<p>-Bit \u0107e brzo, jasno, efikasno\u2026 Dru\u017ee predsjedni\u010de, vrhovni komandante, vi\u0161e puta sam rekao da sam ja va\u0161 vojnik, spreman sam dati \u017eivot za vas. Ali ne mogu gledati kako ginu moji i na\u0161i vojnici, vojnici ministarstva obrane, Nacionalne garde i drugih struktura. Molim vas da za\u017emirite na sve i dozvolite im da za dan-dva zavr\u0161e ono \u0161to se tamo zbiva. Ovo je moje mi\u0161ljenje &#8211; rekao je Kadirov na svom Telegram kanalu.<\/p>\n\n\n\n<p>Lider \u010ce\u010denije je situaciju u Ukrajini nazvao prijetnjom za cijelu dr\u017eavu. On je istaknuo da su &#8220;dobri pregovori, dobra demokracija, sloboda govora i ljudski \u017eivot&#8221; najbitnije stvari i dodao: &#8220;Ali na\u0161a bra\u0107a, na\u0161i ro\u0111aci i prijatelji tamo ginu, a to nije u redu&#8221;.<\/p>\n\n\n\n<p>&#8211; Molim vas da na\u0161im borcima date priliku da poka\u017eu svoj puni potencijal, da im date priliku da iskoriste svu svoju snagu kako bi jednom zauvijek zavr\u0161ili &#8211; dodao je Kadirov. On je na \u010delu \u010ce\u010denije od 2007. godine, a za rat u Ukrajini je navodno pripremio 40.000 boraca.<\/p>\n\n\n\n<p>Izvor:24sata.hr<\/p>\n","protected":false},"excerpt":{"rendered":"<p>Lider \u010ce\u010denije Ramzan Kadirov obratio se danas ruskom predsjedniku Vladimiru Putinu sa molbom da naredi vojsci da zauzmu Harkiv, Kijev i druge ukrajinske gradove. -Bit \u0107e brzo, jasno, efikasno\u2026 Dru\u017ee predsjedni\u010de, vrhovni komandante, vi\u0161e puta sam rekao da sam ja va\u0161 vojnik, spreman sam dati \u017eivot za vas. Ali ne mogu gledati kako ginu moji [&hellip;]<\/p>\n","protected":false},"author":2,"featured_media":118165,"comment_status":"closed","ping_status":"closed","sticky":false,"template":"","format":"standard","meta":{"h5ap_radio_sources":[],"footnotes":""},"categories":[1],"tags":[],"class_list":["post-118164","post","type-post","status-publish","format-standard","has-post-thumbnail","hentry","category-bihiregija"],"yoast_head":"<!-- This site is optimized with the Yoast SEO plugin v27.5 - https:\/\/yoast.com\/product\/yoast-seo-wordpress\/ -->\n<title>Brutalni \u010ce\u010den tra\u017ei Putinovu naredbu: &#039;Bit \u0107e brzo i efikasno&#039; - RADIO LJUBU\u0160KI<\/title>\n<meta name=\"robots\" content=\"index, follow, max-snippet:-1, max-image-preview:large, max-video-preview:-1\" \/>\n<link rel=\"canonical\" href=\"https:\/\/radioljubuski.ba\/index.php\/2022\/03\/05\/brutalni-cecen-trazi-putinovu-naredbu-bit-ce-brzo-i-efikasno\/\" \/>\n<meta property=\"og:locale\" content=\"hr_HR\" \/>\n<meta property=\"og:type\" content=\"article\" \/>\n<meta property=\"og:title\" content=\"Brutalni \u010ce\u010den tra\u017ei Putinovu naredbu: &#039;Bit \u0107e brzo i efikasno&#039; - RADIO LJUBU\u0160KI\" \/>\n<meta property=\"og:description\" content=\"Lider \u010ce\u010denije Ramzan Kadirov obratio se danas ruskom predsjedniku Vladimiru Putinu sa molbom da naredi vojsci da zauzmu Harkiv, Kijev i druge ukrajinske gradove. -Bit \u0107e brzo, jasno, efikasno\u2026 Dru\u017ee predsjedni\u010de, vrhovni komandante, vi\u0161e puta sam rekao da sam ja va\u0161 vojnik, spreman sam dati \u017eivot za vas. Ali ne mogu gledati kako ginu moji [&hellip;]\" \/>\n<meta property=\"og:url\" content=\"https:\/\/radioljubuski.ba\/index.php\/2022\/03\/05\/brutalni-cecen-trazi-putinovu-naredbu-bit-ce-brzo-i-efikasno\/\" \/>\n<meta property=\"og:site_name\" content=\"RADIO LJUBU\u0160KI\" \/>\n<meta property=\"article:publisher\" content=\"https:\/\/www.facebook.com\/Radiio-Ljubuski-1490835324566332\" \/>\n<meta property=\"article:published_time\" content=\"2022-03-05T11:16:48+00:00\" \/>\n<meta property=\"og:image\" content=\"https:\/\/radioljubuski.ba\/wp-content\/uploads\/2022\/03\/3-2022-03-04-19-44-21-profimedia-0665532457.jpg\" \/>\n\t<meta property=\"og:image:width\" content=\"1000\" \/>\n\t<meta property=\"og:image:height\" content=\"625\" \/>\n\t<meta property=\"og:image:type\" content=\"image\/jpeg\" \/>\n<meta name=\"author\" content=\"Radio Ljubu\u0161ki\" \/>\n<meta name=\"twitter:card\" content=\"summary_large_image\" \/>\n<meta name=\"twitter:creator\" content=\"@radioljubuski\" \/>\n<meta name=\"twitter:site\" content=\"@radioljubuski\" \/>\n<meta name=\"twitter:label1\" content=\"Napisao\/la\" \/>\n\t<meta name=\"twitter:data1\" content=\"Radio Ljubu\u0161ki\" \/>\n\t<meta name=\"twitter:label2\" content=\"Procijenjeno vrijeme \u010ditanja\" \/>\n\t<meta name=\"twitter:data2\" content=\"1 minuta\" \/>\n<script type=\"application\/ld+json\" class=\"yoast-schema-graph\">{\"@context\":\"https:\\\/\\\/schema.org\",\"@graph\":[{\"@type\":\"Article\",\"@id\":\"https:\\\/\\\/radioljubuski.ba\\\/index.php\\\/2022\\\/03\\\/05\\\/brutalni-cecen-trazi-putinovu-naredbu-bit-ce-brzo-i-efikasno\\\/#article\",\"isPartOf\":{\"@id\":\"https:\\\/\\\/radioljubuski.ba\\\/index.php\\\/2022\\\/03\\\/05\\\/brutalni-cecen-trazi-putinovu-naredbu-bit-ce-brzo-i-efikasno\\\/\"},\"author\":{\"name\":\"Radio Ljubu\u0161ki\",\"@id\":\"https:\\\/\\\/radioljubuski.ba\\\/#\\\/schema\\\/person\\\/19fc700381a780f69665d7956c469e3b\"},\"headline\":\"Brutalni \u010ce\u010den tra\u017ei Putinovu naredbu: &#8216;Bit \u0107e brzo i efikasno&#8217;\",\"datePublished\":\"2022-03-05T11:16:48+00:00\",\"mainEntityOfPage\":{\"@id\":\"https:\\\/\\\/radioljubuski.ba\\\/index.php\\\/2022\\\/03\\\/05\\\/brutalni-cecen-trazi-putinovu-naredbu-bit-ce-brzo-i-efikasno\\\/\"},\"wordCount\":219,\"publisher\":{\"@id\":\"https:\\\/\\\/radioljubuski.ba\\\/#organization\"},\"image\":{\"@id\":\"https:\\\/\\\/radioljubuski.ba\\\/index.php\\\/2022\\\/03\\\/05\\\/brutalni-cecen-trazi-putinovu-naredbu-bit-ce-brzo-i-efikasno\\\/#primaryimage\"},\"thumbnailUrl\":\"https:\\\/\\\/radioljubuski.ba\\\/wp-content\\\/uploads\\\/2022\\\/03\\\/3-2022-03-04-19-44-21-profimedia-0665532457.jpg\",\"articleSection\":[\"BIH i regija\"],\"inLanguage\":\"hr\"},{\"@type\":\"WebPage\",\"@id\":\"https:\\\/\\\/radioljubuski.ba\\\/index.php\\\/2022\\\/03\\\/05\\\/brutalni-cecen-trazi-putinovu-naredbu-bit-ce-brzo-i-efikasno\\\/\",\"url\":\"https:\\\/\\\/radioljubuski.ba\\\/index.php\\\/2022\\\/03\\\/05\\\/brutalni-cecen-trazi-putinovu-naredbu-bit-ce-brzo-i-efikasno\\\/\",\"name\":\"Brutalni \u010ce\u010den tra\u017ei Putinovu naredbu: 'Bit \u0107e brzo i efikasno' - RADIO LJUBU\u0160KI\",\"isPartOf\":{\"@id\":\"https:\\\/\\\/radioljubuski.ba\\\/#website\"},\"primaryImageOfPage\":{\"@id\":\"https:\\\/\\\/radioljubuski.ba\\\/index.php\\\/2022\\\/03\\\/05\\\/brutalni-cecen-trazi-putinovu-naredbu-bit-ce-brzo-i-efikasno\\\/#primaryimage\"},\"image\":{\"@id\":\"https:\\\/\\\/radioljubuski.ba\\\/index.php\\\/2022\\\/03\\\/05\\\/brutalni-cecen-trazi-putinovu-naredbu-bit-ce-brzo-i-efikasno\\\/#primaryimage\"},\"thumbnailUrl\":\"https:\\\/\\\/radioljubuski.ba\\\/wp-content\\\/uploads\\\/2022\\\/03\\\/3-2022-03-04-19-44-21-profimedia-0665532457.jpg\",\"datePublished\":\"2022-03-05T11:16:48+00:00\",\"breadcrumb\":{\"@id\":\"https:\\\/\\\/radioljubuski.ba\\\/index.php\\\/2022\\\/03\\\/05\\\/brutalni-cecen-trazi-putinovu-naredbu-bit-ce-brzo-i-efikasno\\\/#breadcrumb\"},\"inLanguage\":\"hr\",\"potentialAction\":[{\"@type\":\"ReadAction\",\"target\":[\"https:\\\/\\\/radioljubuski.ba\\\/index.php\\\/2022\\\/03\\\/05\\\/brutalni-cecen-trazi-putinovu-naredbu-bit-ce-brzo-i-efikasno\\\/\"]}]},{\"@type\":\"ImageObject\",\"inLanguage\":\"hr\",\"@id\":\"https:\\\/\\\/radioljubuski.ba\\\/index.php\\\/2022\\\/03\\\/05\\\/brutalni-cecen-trazi-putinovu-naredbu-bit-ce-brzo-i-efikasno\\\/#primaryimage\",\"url\":\"https:\\\/\\\/radioljubuski.ba\\\/wp-content\\\/uploads\\\/2022\\\/03\\\/3-2022-03-04-19-44-21-profimedia-0665532457.jpg\",\"contentUrl\":\"https:\\\/\\\/radioljubuski.ba\\\/wp-content\\\/uploads\\\/2022\\\/03\\\/3-2022-03-04-19-44-21-profimedia-0665532457.jpg\",\"width\":1000,\"height\":625},{\"@type\":\"BreadcrumbList\",\"@id\":\"https:\\\/\\\/radioljubuski.ba\\\/index.php\\\/2022\\\/03\\\/05\\\/brutalni-cecen-trazi-putinovu-naredbu-bit-ce-brzo-i-efikasno\\\/#breadcrumb\",\"itemListElement\":[{\"@type\":\"ListItem\",\"position\":1,\"name\":\"Po\u010detna stranica\",\"item\":\"https:\\\/\\\/radioljubuski.ba\\\/\"},{\"@type\":\"ListItem\",\"position\":2,\"name\":\"Brutalni \u010ce\u010den tra\u017ei Putinovu naredbu: &#8216;Bit \u0107e brzo i efikasno&#8217;\"}]},{\"@type\":\"WebSite\",\"@id\":\"https:\\\/\\\/radioljubuski.ba\\\/#website\",\"url\":\"https:\\\/\\\/radioljubuski.ba\\\/\",\"name\":\"Radio Ljubu\u0161ki\",\"description\":\"Sun\u010dana frekvencija Hercegovine\",\"publisher\":{\"@id\":\"https:\\\/\\\/radioljubuski.ba\\\/#organization\"},\"potentialAction\":[{\"@type\":\"SearchAction\",\"target\":{\"@type\":\"EntryPoint\",\"urlTemplate\":\"https:\\\/\\\/radioljubuski.ba\\\/?s={search_term_string}\"},\"query-input\":{\"@type\":\"PropertyValueSpecification\",\"valueRequired\":true,\"valueName\":\"search_term_string\"}}],\"inLanguage\":\"hr\"},{\"@type\":\"Organization\",\"@id\":\"https:\\\/\\\/radioljubuski.ba\\\/#organization\",\"name\":\"Radio Ljubu\u0161ki\",\"url\":\"https:\\\/\\\/radioljubuski.ba\\\/\",\"logo\":{\"@type\":\"ImageObject\",\"inLanguage\":\"hr\",\"@id\":\"https:\\\/\\\/radioljubuski.ba\\\/#\\\/schema\\\/logo\\\/image\\\/\",\"url\":\"https:\\\/\\\/radioljubuski.ba\\\/wp-content\\\/uploads\\\/2021\\\/02\\\/cropped-Radio_Ljubuski_logo1.jpg\",\"contentUrl\":\"https:\\\/\\\/radioljubuski.ba\\\/wp-content\\\/uploads\\\/2021\\\/02\\\/cropped-Radio_Ljubuski_logo1.jpg\",\"width\":512,\"height\":512,\"caption\":\"Radio Ljubu\u0161ki\"},\"image\":{\"@id\":\"https:\\\/\\\/radioljubuski.ba\\\/#\\\/schema\\\/logo\\\/image\\\/\"},\"sameAs\":[\"https:\\\/\\\/www.facebook.com\\\/Radiio-Ljubuski-1490835324566332\",\"https:\\\/\\\/x.com\\\/radioljubuski\",\"https:\\\/\\\/hr.linkedin.com\\\/company\\\/radio-ljubuski\",\"https:\\\/\\\/www.youtube.com\\\/channel\\\/UCHYaeO_n0Db3tjNGudGpXyw\"]},{\"@type\":\"Person\",\"@id\":\"https:\\\/\\\/radioljubuski.ba\\\/#\\\/schema\\\/person\\\/19fc700381a780f69665d7956c469e3b\",\"name\":\"Radio Ljubu\u0161ki\"}]}<\/script>\n<!-- \/ Yoast SEO plugin. -->","yoast_head_json":{"title":"Brutalni \u010ce\u010den tra\u017ei Putinovu naredbu: 'Bit \u0107e brzo i efikasno' - RADIO LJUBU\u0160KI","robots":{"index":"index","follow":"follow","max-snippet":"max-snippet:-1","max-image-preview":"max-image-preview:large","max-video-preview":"max-video-preview:-1"},"canonical":"https:\/\/radioljubuski.ba\/index.php\/2022\/03\/05\/brutalni-cecen-trazi-putinovu-naredbu-bit-ce-brzo-i-efikasno\/","og_locale":"hr_HR","og_type":"article","og_title":"Brutalni \u010ce\u010den tra\u017ei Putinovu naredbu: 'Bit \u0107e brzo i efikasno' - RADIO LJUBU\u0160KI","og_description":"Lider \u010ce\u010denije Ramzan Kadirov obratio se danas ruskom predsjedniku Vladimiru Putinu sa molbom da naredi vojsci da zauzmu Harkiv, Kijev i druge ukrajinske gradove. -Bit \u0107e brzo, jasno, efikasno\u2026 Dru\u017ee predsjedni\u010de, vrhovni komandante, vi\u0161e puta sam rekao da sam ja va\u0161 vojnik, spreman sam dati \u017eivot za vas. Ali ne mogu gledati kako ginu moji [&hellip;]","og_url":"https:\/\/radioljubuski.ba\/index.php\/2022\/03\/05\/brutalni-cecen-trazi-putinovu-naredbu-bit-ce-brzo-i-efikasno\/","og_site_name":"RADIO LJUBU\u0160KI","article_publisher":"https:\/\/www.facebook.com\/Radiio-Ljubuski-1490835324566332","article_published_time":"2022-03-05T11:16:48+00:00","og_image":[{"width":1000,"height":625,"url":"https:\/\/radioljubuski.ba\/wp-content\/uploads\/2022\/03\/3-2022-03-04-19-44-21-profimedia-0665532457.jpg","type":"image\/jpeg"}],"author":"Radio Ljubu\u0161ki","twitter_card":"summary_large_image","twitter_creator":"@radioljubuski","twitter_site":"@radioljubuski","twitter_misc":{"Napisao\/la":"Radio Ljubu\u0161ki","Procijenjeno vrijeme \u010ditanja":"1 minuta"},"schema":{"@context":"https:\/\/schema.org","@graph":[{"@type":"Article","@id":"https:\/\/radioljubuski.ba\/index.php\/2022\/03\/05\/brutalni-cecen-trazi-putinovu-naredbu-bit-ce-brzo-i-efikasno\/#article","isPartOf":{"@id":"https:\/\/radioljubuski.ba\/index.php\/2022\/03\/05\/brutalni-cecen-trazi-putinovu-naredbu-bit-ce-brzo-i-efikasno\/"},"author":{"name":"Radio Ljubu\u0161ki","@id":"https:\/\/radioljubuski.ba\/#\/schema\/person\/19fc700381a780f69665d7956c469e3b"},"headline":"Brutalni \u010ce\u010den tra\u017ei Putinovu naredbu: &#8216;Bit \u0107e brzo i efikasno&#8217;","datePublished":"2022-03-05T11:16:48+00:00","mainEntityOfPage":{"@id":"https:\/\/radioljubuski.ba\/index.php\/2022\/03\/05\/brutalni-cecen-trazi-putinovu-naredbu-bit-ce-brzo-i-efikasno\/"},"wordCount":219,"publisher":{"@id":"https:\/\/radioljubuski.ba\/#organization"},"image":{"@id":"https:\/\/radioljubuski.ba\/index.php\/2022\/03\/05\/brutalni-cecen-trazi-putinovu-naredbu-bit-ce-brzo-i-efikasno\/#primaryimage"},"thumbnailUrl":"https:\/\/radioljubuski.ba\/wp-content\/uploads\/2022\/03\/3-2022-03-04-19-44-21-profimedia-0665532457.jpg","articleSection":["BIH i regija"],"inLanguage":"hr"},{"@type":"WebPage","@id":"https:\/\/radioljubuski.ba\/index.php\/2022\/03\/05\/brutalni-cecen-trazi-putinovu-naredbu-bit-ce-brzo-i-efikasno\/","url":"https:\/\/radioljubuski.ba\/index.php\/2022\/03\/05\/brutalni-cecen-trazi-putinovu-naredbu-bit-ce-brzo-i-efikasno\/","name":"Brutalni \u010ce\u010den tra\u017ei Putinovu naredbu: 'Bit \u0107e brzo i efikasno' - RADIO LJUBU\u0160KI","isPartOf":{"@id":"https:\/\/radioljubuski.ba\/#website"},"primaryImageOfPage":{"@id":"https:\/\/radioljubuski.ba\/index.php\/2022\/03\/05\/brutalni-cecen-trazi-putinovu-naredbu-bit-ce-brzo-i-efikasno\/#primaryimage"},"image":{"@id":"https:\/\/radioljubuski.ba\/index.php\/2022\/03\/05\/brutalni-cecen-trazi-putinovu-naredbu-bit-ce-brzo-i-efikasno\/#primaryimage"},"thumbnailUrl":"https:\/\/radioljubuski.ba\/wp-content\/uploads\/2022\/03\/3-2022-03-04-19-44-21-profimedia-0665532457.jpg","datePublished":"2022-03-05T11:16:48+00:00","breadcrumb":{"@id":"https:\/\/radioljubuski.ba\/index.php\/2022\/03\/05\/brutalni-cecen-trazi-putinovu-naredbu-bit-ce-brzo-i-efikasno\/#breadcrumb"},"inLanguage":"hr","potentialAction":[{"@type":"ReadAction","target":["https:\/\/radioljubuski.ba\/index.php\/2022\/03\/05\/brutalni-cecen-trazi-putinovu-naredbu-bit-ce-brzo-i-efikasno\/"]}]},{"@type":"ImageObject","inLanguage":"hr","@id":"https:\/\/radioljubuski.ba\/index.php\/2022\/03\/05\/brutalni-cecen-trazi-putinovu-naredbu-bit-ce-brzo-i-efikasno\/#primaryimage","url":"https:\/\/radioljubuski.ba\/wp-content\/uploads\/2022\/03\/3-2022-03-04-19-44-21-profimedia-0665532457.jpg","contentUrl":"https:\/\/radioljubuski.ba\/wp-content\/uploads\/2022\/03\/3-2022-03-04-19-44-21-profimedia-0665532457.jpg","width":1000,"height":625},{"@type":"BreadcrumbList","@id":"https:\/\/radioljubuski.ba\/index.php\/2022\/03\/05\/brutalni-cecen-trazi-putinovu-naredbu-bit-ce-brzo-i-efikasno\/#breadcrumb","itemListElement":[{"@type":"ListItem","position":1,"name":"Po\u010detna stranica","item":"https:\/\/radioljubuski.ba\/"},{"@type":"ListItem","position":2,"name":"Brutalni \u010ce\u010den tra\u017ei Putinovu naredbu: &#8216;Bit \u0107e brzo i efikasno&#8217;"}]},{"@type":"WebSite","@id":"https:\/\/radioljubuski.ba\/#website","url":"https:\/\/radioljubuski.ba\/","name":"Radio Ljubu\u0161ki","description":"Sun\u010dana frekvencija Hercegovine","publisher":{"@id":"https:\/\/radioljubuski.ba\/#organization"},"potentialAction":[{"@type":"SearchAction","target":{"@type":"EntryPoint","urlTemplate":"https:\/\/radioljubuski.ba\/?s={search_term_string}"},"query-input":{"@type":"PropertyValueSpecification","valueRequired":true,"valueName":"search_term_string"}}],"inLanguage":"hr"},{"@type":"Organization","@id":"https:\/\/radioljubuski.ba\/#organization","name":"Radio Ljubu\u0161ki","url":"https:\/\/radioljubuski.ba\/","logo":{"@type":"ImageObject","inLanguage":"hr","@id":"https:\/\/radioljubuski.ba\/#\/schema\/logo\/image\/","url":"https:\/\/radioljubuski.ba\/wp-content\/uploads\/2021\/02\/cropped-Radio_Ljubuski_logo1.jpg","contentUrl":"https:\/\/radioljubuski.ba\/wp-content\/uploads\/2021\/02\/cropped-Radio_Ljubuski_logo1.jpg","width":512,"height":512,"caption":"Radio Ljubu\u0161ki"},"image":{"@id":"https:\/\/radioljubuski.ba\/#\/schema\/logo\/image\/"},"sameAs":["https:\/\/www.facebook.com\/Radiio-Ljubuski-1490835324566332","https:\/\/x.com\/radioljubuski","https:\/\/hr.linkedin.com\/company\/radio-ljubuski","https:\/\/www.youtube.com\/channel\/UCHYaeO_n0Db3tjNGudGpXyw"]},{"@type":"Person","@id":"https:\/\/radioljubuski.ba\/#\/schema\/person\/19fc700381a780f69665d7956c469e3b","name":"Radio Ljubu\u0161ki"}]}},"_links":{"self":[{"href":"https:\/\/radioljubuski.ba\/index.php\/wp-json\/wp\/v2\/posts\/118164","targetHints":{"allow":["GET"]}}],"collection":[{"href":"https:\/\/radioljubuski.ba\/index.php\/wp-json\/wp\/v2\/posts"}],"about":[{"href":"https:\/\/radioljubuski.ba\/index.php\/wp-json\/wp\/v2\/types\/post"}],"author":[{"embeddable":true,"href":"https:\/\/radioljubuski.ba\/index.php\/wp-json\/wp\/v2\/users\/2"}],"replies":[{"embeddable":true,"href":"https:\/\/radioljubuski.ba\/index.php\/wp-json\/wp\/v2\/comments?post=118164"}],"version-history":[{"count":1,"href":"https:\/\/radioljubuski.ba\/index.php\/wp-json\/wp\/v2\/posts\/118164\/revisions"}],"predecessor-version":[{"id":118166,"href":"https:\/\/radioljubuski.ba\/index.php\/wp-json\/wp\/v2\/posts\/118164\/revisions\/118166"}],"wp:featuredmedia":[{"embeddable":true,"href":"https:\/\/radioljubuski.ba\/index.php\/wp-json\/wp\/v2\/media\/118165"}],"wp:attachment":[{"href":"https:\/\/radioljubuski.ba\/index.php\/wp-json\/wp\/v2\/media?parent=118164"}],"wp:term":[{"taxonomy":"category","embeddable":true,"href":"https:\/\/radioljubuski.ba\/index.php\/wp-json\/wp\/v2\/categories?post=118164"},{"taxonomy":"post_tag","embeddable":true,"href":"https:\/\/radioljubuski.ba\/index.php\/wp-json\/wp\/v2\/tags?post=118164"}],"curies":[{"name":"wp","href":"https:\/\/api.w.org\/{rel}","templated":true}]}}