{"id":118167,"date":"2022-03-05T12:18:00","date_gmt":"2022-03-05T11:18:00","guid":{"rendered":"https:\/\/radioljubuski.ba\/?p=118167"},"modified":"2022-03-05T12:18:01","modified_gmt":"2022-03-05T11:18:01","slug":"escobar-za-hrt-svaki-korak-kojim-bi-se-destabilizirala-bih-sada-bi-bio-katastrofalan","status":"publish","type":"post","link":"https:\/\/radioljubuski.ba\/index.php\/2022\/03\/05\/escobar-za-hrt-svaki-korak-kojim-bi-se-destabilizirala-bih-sada-bi-bio-katastrofalan\/","title":{"rendered":"Escobar za HRT: Svaki korak kojim bi se destabilizirala BiH sada bi bio katastrofalan"},"content":{"rendered":"\n<p>Glavni tajnik NATO-a Jens Stoltenberg danas se u Briselu, na konferenciji za novinare, u kontekstu mogu\u0107eg ukrajinskog scenarija i u nekim drugim zemljama, posebno osvrnuo na stanje u Gruziji, Moldaviji i Bosni i Hercegovini. Te su zemlje, rekao je, ve\u0107 dulje izlo\u017eene razli\u010ditim prijetnjama iz Rusije, a u BiH sna\u017ena je i zapaljiva retorika koja slu\u017ei destabilizaciji zemlje zbog \u010dega NATO mora gledati kako \u0107e oja\u010dati tu dr\u017eavu. O trenuta\u010dnom stanju u BiH za HRT govorio je posebni ameri\u010dki izaslanik za zapadni Balkan, Gabriel Escobar.<\/p>\n\n\n\n<p>Na pitanje je li mogu\u0107e da Rusija sada prizna Republiku Srpsku, Gabriel Escobar u razgovoru s Brankom Slavicom odgovorio je kako nije ni\u0161ta \u010duo o tome i misli kako bi svaki korak kojim bi se destabilizirala Bosna sada bio katastrofalan.<\/p>\n\n\n\n<p>&#8211; U procesu smo u kojem poku\u0161avamo provesti izborne i ograni\u010dene ustavne reforme koje \u0107e omogu\u0107iti BiH da ispuni svoje te\u017enje i jednog dana postane \u010dlanica EU-a. Na\u017ealost, mislim da svi vo\u0111e Bosne i Hercegovine ne dijele tu viziju. Ali mislim da razlozi nisu politi\u010dki ciljevi, to sam ve\u0107 rekao. Tu se prije radi o za\u0161titi korupcije. Mislim da Republika Srpska ne \u017eeli neovisnost. Mislim da Republika Srpska, pogotovo se Milorad Dodik \u017eeli osloboditi svih federalnih sudova, istraga i regulatora koji bi stali na kraj njegovoj korupciji. Mislim da ne \u017eeli neovisnost jer neovisnost tra\u017ei odgovornost prema prora\u010dunu, prema nizu drugih stvari. Zna da ga nitko u regiji ne bi priznao, nitko od susjeda, naglasio je Escobar. &nbsp;<\/p>\n\n\n\n<p>&#8220;Ljudi koji ne vjeruju da sankcije djeluju, moraju samo pogledati Rusiju&#8221;<\/p>\n\n\n\n<p>Dosad sankcije u BiH nisu pomogle u rje\u0161avanju politi\u010dke krize u BiH. Po \u010demu se nove sankcije razlikuju?<\/p>\n\n\n\n<p>&#8211; Trenuta\u010dno sankcijama ciljamo ruske oligarhe. Pogledajte te sankcije, to bi se moglo dogoditi i u toj regiji. Ljudi koji ne vjeruju da sankcije djeluju, moraju samo pogledati Rusiju, rekao je.<\/p>\n\n\n\n<p>BiH odr\u017eat \u0107e izbore u listopadu. Hrvatsko stajali\u0161te je jasno: bez promjene izbornog zakona, izbori ne\u0107e biti po\u0161teni, a Hrvati ne\u0107e imati legitimne predstavnike.Upitan je li mogu\u0107 politi\u010dki kompromis u BiH prije izbora?<\/p>\n\n\n\n<p>&#8211; Ne samo da je mogu\u0107e, nego mislim da je nu\u017eno i hitno. Sve strane uklju\u010dene u pregovore moraju biti brze i pobrinuti se da se izbori ove godine odr\u017ee u najboljim mogu\u0107im uvjetima, naglasio je.<\/p>\n\n\n\n<p><strong>Ameri\u010dko-hrvatski strate\u0161ki dijalog<\/strong><\/p>\n\n\n\n<p>Rekao je kako je sljede\u0107i korak doma\u0107instvo ameri\u010dko-hrvatskog strate\u0161kog dijaloga u Washingtonu.<\/p>\n\n\n\n<p>&#8211; O\u010dekujemo va\u017eno izaslanstvo iz Hrvatske kako bismo razgovarali o produbljivanju strate\u0161kog partnerstva izme\u0111u SAD-a i Hrvatske. Uklju\u010deno je sve: obrana, politika, energija, obrazovanje, trgovina i ulaganje. Tra\u017eimo na\u010din kako produbiti partnerstvo jer je Hrvatska spremna. Dokazala je da je vrlo va\u017ean partner u onome \u0161to radimo u regiji i svijetu. Preuzela je ulogu sna\u017enog vo\u0111e, zaklju\u010dio je Escobar.<\/p>\n\n\n\n<p>Izvor:pogled.ba\/hrt.hr<\/p>\n","protected":false},"excerpt":{"rendered":"<p>Glavni tajnik NATO-a Jens Stoltenberg danas se u Briselu, na konferenciji za novinare, u kontekstu mogu\u0107eg ukrajinskog scenarija i u nekim drugim zemljama, posebno osvrnuo na stanje u Gruziji, Moldaviji i Bosni i Hercegovini. Te su zemlje, rekao je, ve\u0107 dulje izlo\u017eene razli\u010ditim prijetnjama iz Rusije, a u BiH sna\u017ena je i zapaljiva retorika koja [&hellip;]<\/p>\n","protected":false},"author":2,"featured_media":118168,"comment_status":"closed","ping_status":"closed","sticky":false,"template":"","format":"standard","meta":{"h5ap_radio_sources":[],"footnotes":""},"categories":[1],"tags":[],"class_list":["post-118167","post","type-post","status-publish","format-standard","has-post-thumbnail","hentry","category-bihiregija"],"yoast_head":"<!-- This site is optimized with the Yoast SEO plugin v27.5 - https:\/\/yoast.com\/product\/yoast-seo-wordpress\/ -->\n<title>Escobar za HRT: Svaki korak kojim bi se destabilizirala BiH sada bi bio katastrofalan - RADIO LJUBU\u0160KI<\/title>\n<meta name=\"robots\" content=\"index, follow, max-snippet:-1, max-image-preview:large, max-video-preview:-1\" \/>\n<link rel=\"canonical\" href=\"https:\/\/radioljubuski.ba\/index.php\/2022\/03\/05\/escobar-za-hrt-svaki-korak-kojim-bi-se-destabilizirala-bih-sada-bi-bio-katastrofalan\/\" \/>\n<meta property=\"og:locale\" content=\"hr_HR\" \/>\n<meta property=\"og:type\" content=\"article\" \/>\n<meta property=\"og:title\" content=\"Escobar za HRT: Svaki korak kojim bi se destabilizirala BiH sada bi bio katastrofalan - RADIO LJUBU\u0160KI\" \/>\n<meta property=\"og:description\" content=\"Glavni tajnik NATO-a Jens Stoltenberg danas se u Briselu, na konferenciji za novinare, u kontekstu mogu\u0107eg ukrajinskog scenarija i u nekim drugim zemljama, posebno osvrnuo na stanje u Gruziji, Moldaviji i Bosni i Hercegovini. Te su zemlje, rekao je, ve\u0107 dulje izlo\u017eene razli\u010ditim prijetnjama iz Rusije, a u BiH sna\u017ena je i zapaljiva retorika koja [&hellip;]\" \/>\n<meta property=\"og:url\" content=\"https:\/\/radioljubuski.ba\/index.php\/2022\/03\/05\/escobar-za-hrt-svaki-korak-kojim-bi-se-destabilizirala-bih-sada-bi-bio-katastrofalan\/\" \/>\n<meta property=\"og:site_name\" content=\"RADIO LJUBU\u0160KI\" \/>\n<meta property=\"article:publisher\" content=\"https:\/\/www.facebook.com\/Radiio-Ljubuski-1490835324566332\" \/>\n<meta property=\"article:published_time\" content=\"2022-03-05T11:18:00+00:00\" \/>\n<meta property=\"article:modified_time\" content=\"2022-03-05T11:18:01+00:00\" \/>\n<meta property=\"og:image\" content=\"https:\/\/radioljubuski.ba\/wp-content\/uploads\/2022\/03\/escobar.jpg\" \/>\n\t<meta property=\"og:image:width\" content=\"1000\" \/>\n\t<meta property=\"og:image:height\" content=\"625\" \/>\n\t<meta property=\"og:image:type\" content=\"image\/jpeg\" \/>\n<meta name=\"author\" content=\"Radio Ljubu\u0161ki\" \/>\n<meta name=\"twitter:card\" content=\"summary_large_image\" \/>\n<meta name=\"twitter:creator\" content=\"@radioljubuski\" \/>\n<meta name=\"twitter:site\" content=\"@radioljubuski\" \/>\n<meta name=\"twitter:label1\" content=\"Napisao\/la\" \/>\n\t<meta name=\"twitter:data1\" content=\"Radio Ljubu\u0161ki\" \/>\n\t<meta name=\"twitter:label2\" content=\"Procijenjeno vrijeme \u010ditanja\" \/>\n\t<meta name=\"twitter:data2\" content=\"2 minute\" \/>\n<script type=\"application\/ld+json\" class=\"yoast-schema-graph\">{\"@context\":\"https:\\\/\\\/schema.org\",\"@graph\":[{\"@type\":\"Article\",\"@id\":\"https:\\\/\\\/radioljubuski.ba\\\/index.php\\\/2022\\\/03\\\/05\\\/escobar-za-hrt-svaki-korak-kojim-bi-se-destabilizirala-bih-sada-bi-bio-katastrofalan\\\/#article\",\"isPartOf\":{\"@id\":\"https:\\\/\\\/radioljubuski.ba\\\/index.php\\\/2022\\\/03\\\/05\\\/escobar-za-hrt-svaki-korak-kojim-bi-se-destabilizirala-bih-sada-bi-bio-katastrofalan\\\/\"},\"author\":{\"name\":\"Radio Ljubu\u0161ki\",\"@id\":\"https:\\\/\\\/radioljubuski.ba\\\/#\\\/schema\\\/person\\\/19fc700381a780f69665d7956c469e3b\"},\"headline\":\"Escobar za HRT: Svaki korak kojim bi se destabilizirala BiH sada bi bio katastrofalan\",\"datePublished\":\"2022-03-05T11:18:00+00:00\",\"dateModified\":\"2022-03-05T11:18:01+00:00\",\"mainEntityOfPage\":{\"@id\":\"https:\\\/\\\/radioljubuski.ba\\\/index.php\\\/2022\\\/03\\\/05\\\/escobar-za-hrt-svaki-korak-kojim-bi-se-destabilizirala-bih-sada-bi-bio-katastrofalan\\\/\"},\"wordCount\":518,\"publisher\":{\"@id\":\"https:\\\/\\\/radioljubuski.ba\\\/#organization\"},\"image\":{\"@id\":\"https:\\\/\\\/radioljubuski.ba\\\/index.php\\\/2022\\\/03\\\/05\\\/escobar-za-hrt-svaki-korak-kojim-bi-se-destabilizirala-bih-sada-bi-bio-katastrofalan\\\/#primaryimage\"},\"thumbnailUrl\":\"https:\\\/\\\/radioljubuski.ba\\\/wp-content\\\/uploads\\\/2022\\\/03\\\/escobar.jpg\",\"articleSection\":[\"BIH i regija\"],\"inLanguage\":\"hr\"},{\"@type\":\"WebPage\",\"@id\":\"https:\\\/\\\/radioljubuski.ba\\\/index.php\\\/2022\\\/03\\\/05\\\/escobar-za-hrt-svaki-korak-kojim-bi-se-destabilizirala-bih-sada-bi-bio-katastrofalan\\\/\",\"url\":\"https:\\\/\\\/radioljubuski.ba\\\/index.php\\\/2022\\\/03\\\/05\\\/escobar-za-hrt-svaki-korak-kojim-bi-se-destabilizirala-bih-sada-bi-bio-katastrofalan\\\/\",\"name\":\"Escobar za HRT: Svaki korak kojim bi se destabilizirala BiH sada bi bio katastrofalan - RADIO LJUBU\u0160KI\",\"isPartOf\":{\"@id\":\"https:\\\/\\\/radioljubuski.ba\\\/#website\"},\"primaryImageOfPage\":{\"@id\":\"https:\\\/\\\/radioljubuski.ba\\\/index.php\\\/2022\\\/03\\\/05\\\/escobar-za-hrt-svaki-korak-kojim-bi-se-destabilizirala-bih-sada-bi-bio-katastrofalan\\\/#primaryimage\"},\"image\":{\"@id\":\"https:\\\/\\\/radioljubuski.ba\\\/index.php\\\/2022\\\/03\\\/05\\\/escobar-za-hrt-svaki-korak-kojim-bi-se-destabilizirala-bih-sada-bi-bio-katastrofalan\\\/#primaryimage\"},\"thumbnailUrl\":\"https:\\\/\\\/radioljubuski.ba\\\/wp-content\\\/uploads\\\/2022\\\/03\\\/escobar.jpg\",\"datePublished\":\"2022-03-05T11:18:00+00:00\",\"dateModified\":\"2022-03-05T11:18:01+00:00\",\"breadcrumb\":{\"@id\":\"https:\\\/\\\/radioljubuski.ba\\\/index.php\\\/2022\\\/03\\\/05\\\/escobar-za-hrt-svaki-korak-kojim-bi-se-destabilizirala-bih-sada-bi-bio-katastrofalan\\\/#breadcrumb\"},\"inLanguage\":\"hr\",\"potentialAction\":[{\"@type\":\"ReadAction\",\"target\":[\"https:\\\/\\\/radioljubuski.ba\\\/index.php\\\/2022\\\/03\\\/05\\\/escobar-za-hrt-svaki-korak-kojim-bi-se-destabilizirala-bih-sada-bi-bio-katastrofalan\\\/\"]}]},{\"@type\":\"ImageObject\",\"inLanguage\":\"hr\",\"@id\":\"https:\\\/\\\/radioljubuski.ba\\\/index.php\\\/2022\\\/03\\\/05\\\/escobar-za-hrt-svaki-korak-kojim-bi-se-destabilizirala-bih-sada-bi-bio-katastrofalan\\\/#primaryimage\",\"url\":\"https:\\\/\\\/radioljubuski.ba\\\/wp-content\\\/uploads\\\/2022\\\/03\\\/escobar.jpg\",\"contentUrl\":\"https:\\\/\\\/radioljubuski.ba\\\/wp-content\\\/uploads\\\/2022\\\/03\\\/escobar.jpg\",\"width\":1000,\"height\":625},{\"@type\":\"BreadcrumbList\",\"@id\":\"https:\\\/\\\/radioljubuski.ba\\\/index.php\\\/2022\\\/03\\\/05\\\/escobar-za-hrt-svaki-korak-kojim-bi-se-destabilizirala-bih-sada-bi-bio-katastrofalan\\\/#breadcrumb\",\"itemListElement\":[{\"@type\":\"ListItem\",\"position\":1,\"name\":\"Po\u010detna stranica\",\"item\":\"https:\\\/\\\/radioljubuski.ba\\\/\"},{\"@type\":\"ListItem\",\"position\":2,\"name\":\"Escobar za HRT: Svaki korak kojim bi se destabilizirala BiH sada bi bio katastrofalan\"}]},{\"@type\":\"WebSite\",\"@id\":\"https:\\\/\\\/radioljubuski.ba\\\/#website\",\"url\":\"https:\\\/\\\/radioljubuski.ba\\\/\",\"name\":\"Radio Ljubu\u0161ki\",\"description\":\"Sun\u010dana frekvencija Hercegovine\",\"publisher\":{\"@id\":\"https:\\\/\\\/radioljubuski.ba\\\/#organization\"},\"potentialAction\":[{\"@type\":\"SearchAction\",\"target\":{\"@type\":\"EntryPoint\",\"urlTemplate\":\"https:\\\/\\\/radioljubuski.ba\\\/?s={search_term_string}\"},\"query-input\":{\"@type\":\"PropertyValueSpecification\",\"valueRequired\":true,\"valueName\":\"search_term_string\"}}],\"inLanguage\":\"hr\"},{\"@type\":\"Organization\",\"@id\":\"https:\\\/\\\/radioljubuski.ba\\\/#organization\",\"name\":\"Radio Ljubu\u0161ki\",\"url\":\"https:\\\/\\\/radioljubuski.ba\\\/\",\"logo\":{\"@type\":\"ImageObject\",\"inLanguage\":\"hr\",\"@id\":\"https:\\\/\\\/radioljubuski.ba\\\/#\\\/schema\\\/logo\\\/image\\\/\",\"url\":\"https:\\\/\\\/radioljubuski.ba\\\/wp-content\\\/uploads\\\/2021\\\/02\\\/cropped-Radio_Ljubuski_logo1.jpg\",\"contentUrl\":\"https:\\\/\\\/radioljubuski.ba\\\/wp-content\\\/uploads\\\/2021\\\/02\\\/cropped-Radio_Ljubuski_logo1.jpg\",\"width\":512,\"height\":512,\"caption\":\"Radio Ljubu\u0161ki\"},\"image\":{\"@id\":\"https:\\\/\\\/radioljubuski.ba\\\/#\\\/schema\\\/logo\\\/image\\\/\"},\"sameAs\":[\"https:\\\/\\\/www.facebook.com\\\/Radiio-Ljubuski-1490835324566332\",\"https:\\\/\\\/x.com\\\/radioljubuski\",\"https:\\\/\\\/hr.linkedin.com\\\/company\\\/radio-ljubuski\",\"https:\\\/\\\/www.youtube.com\\\/channel\\\/UCHYaeO_n0Db3tjNGudGpXyw\"]},{\"@type\":\"Person\",\"@id\":\"https:\\\/\\\/radioljubuski.ba\\\/#\\\/schema\\\/person\\\/19fc700381a780f69665d7956c469e3b\",\"name\":\"Radio Ljubu\u0161ki\"}]}<\/script>\n<!-- \/ Yoast SEO plugin. -->","yoast_head_json":{"title":"Escobar za HRT: Svaki korak kojim bi se destabilizirala BiH sada bi bio katastrofalan - RADIO LJUBU\u0160KI","robots":{"index":"index","follow":"follow","max-snippet":"max-snippet:-1","max-image-preview":"max-image-preview:large","max-video-preview":"max-video-preview:-1"},"canonical":"https:\/\/radioljubuski.ba\/index.php\/2022\/03\/05\/escobar-za-hrt-svaki-korak-kojim-bi-se-destabilizirala-bih-sada-bi-bio-katastrofalan\/","og_locale":"hr_HR","og_type":"article","og_title":"Escobar za HRT: Svaki korak kojim bi se destabilizirala BiH sada bi bio katastrofalan - RADIO LJUBU\u0160KI","og_description":"Glavni tajnik NATO-a Jens Stoltenberg danas se u Briselu, na konferenciji za novinare, u kontekstu mogu\u0107eg ukrajinskog scenarija i u nekim drugim zemljama, posebno osvrnuo na stanje u Gruziji, Moldaviji i Bosni i Hercegovini. Te su zemlje, rekao je, ve\u0107 dulje izlo\u017eene razli\u010ditim prijetnjama iz Rusije, a u BiH sna\u017ena je i zapaljiva retorika koja [&hellip;]","og_url":"https:\/\/radioljubuski.ba\/index.php\/2022\/03\/05\/escobar-za-hrt-svaki-korak-kojim-bi-se-destabilizirala-bih-sada-bi-bio-katastrofalan\/","og_site_name":"RADIO LJUBU\u0160KI","article_publisher":"https:\/\/www.facebook.com\/Radiio-Ljubuski-1490835324566332","article_published_time":"2022-03-05T11:18:00+00:00","article_modified_time":"2022-03-05T11:18:01+00:00","og_image":[{"width":1000,"height":625,"url":"https:\/\/radioljubuski.ba\/wp-content\/uploads\/2022\/03\/escobar.jpg","type":"image\/jpeg"}],"author":"Radio Ljubu\u0161ki","twitter_card":"summary_large_image","twitter_creator":"@radioljubuski","twitter_site":"@radioljubuski","twitter_misc":{"Napisao\/la":"Radio Ljubu\u0161ki","Procijenjeno vrijeme \u010ditanja":"2 minute"},"schema":{"@context":"https:\/\/schema.org","@graph":[{"@type":"Article","@id":"https:\/\/radioljubuski.ba\/index.php\/2022\/03\/05\/escobar-za-hrt-svaki-korak-kojim-bi-se-destabilizirala-bih-sada-bi-bio-katastrofalan\/#article","isPartOf":{"@id":"https:\/\/radioljubuski.ba\/index.php\/2022\/03\/05\/escobar-za-hrt-svaki-korak-kojim-bi-se-destabilizirala-bih-sada-bi-bio-katastrofalan\/"},"author":{"name":"Radio Ljubu\u0161ki","@id":"https:\/\/radioljubuski.ba\/#\/schema\/person\/19fc700381a780f69665d7956c469e3b"},"headline":"Escobar za HRT: Svaki korak kojim bi se destabilizirala BiH sada bi bio katastrofalan","datePublished":"2022-03-05T11:18:00+00:00","dateModified":"2022-03-05T11:18:01+00:00","mainEntityOfPage":{"@id":"https:\/\/radioljubuski.ba\/index.php\/2022\/03\/05\/escobar-za-hrt-svaki-korak-kojim-bi-se-destabilizirala-bih-sada-bi-bio-katastrofalan\/"},"wordCount":518,"publisher":{"@id":"https:\/\/radioljubuski.ba\/#organization"},"image":{"@id":"https:\/\/radioljubuski.ba\/index.php\/2022\/03\/05\/escobar-za-hrt-svaki-korak-kojim-bi-se-destabilizirala-bih-sada-bi-bio-katastrofalan\/#primaryimage"},"thumbnailUrl":"https:\/\/radioljubuski.ba\/wp-content\/uploads\/2022\/03\/escobar.jpg","articleSection":["BIH i regija"],"inLanguage":"hr"},{"@type":"WebPage","@id":"https:\/\/radioljubuski.ba\/index.php\/2022\/03\/05\/escobar-za-hrt-svaki-korak-kojim-bi-se-destabilizirala-bih-sada-bi-bio-katastrofalan\/","url":"https:\/\/radioljubuski.ba\/index.php\/2022\/03\/05\/escobar-za-hrt-svaki-korak-kojim-bi-se-destabilizirala-bih-sada-bi-bio-katastrofalan\/","name":"Escobar za HRT: Svaki korak kojim bi se destabilizirala BiH sada bi bio katastrofalan - RADIO LJUBU\u0160KI","isPartOf":{"@id":"https:\/\/radioljubuski.ba\/#website"},"primaryImageOfPage":{"@id":"https:\/\/radioljubuski.ba\/index.php\/2022\/03\/05\/escobar-za-hrt-svaki-korak-kojim-bi-se-destabilizirala-bih-sada-bi-bio-katastrofalan\/#primaryimage"},"image":{"@id":"https:\/\/radioljubuski.ba\/index.php\/2022\/03\/05\/escobar-za-hrt-svaki-korak-kojim-bi-se-destabilizirala-bih-sada-bi-bio-katastrofalan\/#primaryimage"},"thumbnailUrl":"https:\/\/radioljubuski.ba\/wp-content\/uploads\/2022\/03\/escobar.jpg","datePublished":"2022-03-05T11:18:00+00:00","dateModified":"2022-03-05T11:18:01+00:00","breadcrumb":{"@id":"https:\/\/radioljubuski.ba\/index.php\/2022\/03\/05\/escobar-za-hrt-svaki-korak-kojim-bi-se-destabilizirala-bih-sada-bi-bio-katastrofalan\/#breadcrumb"},"inLanguage":"hr","potentialAction":[{"@type":"ReadAction","target":["https:\/\/radioljubuski.ba\/index.php\/2022\/03\/05\/escobar-za-hrt-svaki-korak-kojim-bi-se-destabilizirala-bih-sada-bi-bio-katastrofalan\/"]}]},{"@type":"ImageObject","inLanguage":"hr","@id":"https:\/\/radioljubuski.ba\/index.php\/2022\/03\/05\/escobar-za-hrt-svaki-korak-kojim-bi-se-destabilizirala-bih-sada-bi-bio-katastrofalan\/#primaryimage","url":"https:\/\/radioljubuski.ba\/wp-content\/uploads\/2022\/03\/escobar.jpg","contentUrl":"https:\/\/radioljubuski.ba\/wp-content\/uploads\/2022\/03\/escobar.jpg","width":1000,"height":625},{"@type":"BreadcrumbList","@id":"https:\/\/radioljubuski.ba\/index.php\/2022\/03\/05\/escobar-za-hrt-svaki-korak-kojim-bi-se-destabilizirala-bih-sada-bi-bio-katastrofalan\/#breadcrumb","itemListElement":[{"@type":"ListItem","position":1,"name":"Po\u010detna stranica","item":"https:\/\/radioljubuski.ba\/"},{"@type":"ListItem","position":2,"name":"Escobar za HRT: Svaki korak kojim bi se destabilizirala BiH sada bi bio katastrofalan"}]},{"@type":"WebSite","@id":"https:\/\/radioljubuski.ba\/#website","url":"https:\/\/radioljubuski.ba\/","name":"Radio Ljubu\u0161ki","description":"Sun\u010dana frekvencija Hercegovine","publisher":{"@id":"https:\/\/radioljubuski.ba\/#organization"},"potentialAction":[{"@type":"SearchAction","target":{"@type":"EntryPoint","urlTemplate":"https:\/\/radioljubuski.ba\/?s={search_term_string}"},"query-input":{"@type":"PropertyValueSpecification","valueRequired":true,"valueName":"search_term_string"}}],"inLanguage":"hr"},{"@type":"Organization","@id":"https:\/\/radioljubuski.ba\/#organization","name":"Radio Ljubu\u0161ki","url":"https:\/\/radioljubuski.ba\/","logo":{"@type":"ImageObject","inLanguage":"hr","@id":"https:\/\/radioljubuski.ba\/#\/schema\/logo\/image\/","url":"https:\/\/radioljubuski.ba\/wp-content\/uploads\/2021\/02\/cropped-Radio_Ljubuski_logo1.jpg","contentUrl":"https:\/\/radioljubuski.ba\/wp-content\/uploads\/2021\/02\/cropped-Radio_Ljubuski_logo1.jpg","width":512,"height":512,"caption":"Radio Ljubu\u0161ki"},"image":{"@id":"https:\/\/radioljubuski.ba\/#\/schema\/logo\/image\/"},"sameAs":["https:\/\/www.facebook.com\/Radiio-Ljubuski-1490835324566332","https:\/\/x.com\/radioljubuski","https:\/\/hr.linkedin.com\/company\/radio-ljubuski","https:\/\/www.youtube.com\/channel\/UCHYaeO_n0Db3tjNGudGpXyw"]},{"@type":"Person","@id":"https:\/\/radioljubuski.ba\/#\/schema\/person\/19fc700381a780f69665d7956c469e3b","name":"Radio Ljubu\u0161ki"}]}},"_links":{"self":[{"href":"https:\/\/radioljubuski.ba\/index.php\/wp-json\/wp\/v2\/posts\/118167","targetHints":{"allow":["GET"]}}],"collection":[{"href":"https:\/\/radioljubuski.ba\/index.php\/wp-json\/wp\/v2\/posts"}],"about":[{"href":"https:\/\/radioljubuski.ba\/index.php\/wp-json\/wp\/v2\/types\/post"}],"author":[{"embeddable":true,"href":"https:\/\/radioljubuski.ba\/index.php\/wp-json\/wp\/v2\/users\/2"}],"replies":[{"embeddable":true,"href":"https:\/\/radioljubuski.ba\/index.php\/wp-json\/wp\/v2\/comments?post=118167"}],"version-history":[{"count":1,"href":"https:\/\/radioljubuski.ba\/index.php\/wp-json\/wp\/v2\/posts\/118167\/revisions"}],"predecessor-version":[{"id":118169,"href":"https:\/\/radioljubuski.ba\/index.php\/wp-json\/wp\/v2\/posts\/118167\/revisions\/118169"}],"wp:featuredmedia":[{"embeddable":true,"href":"https:\/\/radioljubuski.ba\/index.php\/wp-json\/wp\/v2\/media\/118168"}],"wp:attachment":[{"href":"https:\/\/radioljubuski.ba\/index.php\/wp-json\/wp\/v2\/media?parent=118167"}],"wp:term":[{"taxonomy":"category","embeddable":true,"href":"https:\/\/radioljubuski.ba\/index.php\/wp-json\/wp\/v2\/categories?post=118167"},{"taxonomy":"post_tag","embeddable":true,"href":"https:\/\/radioljubuski.ba\/index.php\/wp-json\/wp\/v2\/tags?post=118167"}],"curies":[{"name":"wp","href":"https:\/\/api.w.org\/{rel}","templated":true}]}}