{"id":118174,"date":"2022-03-05T12:20:57","date_gmt":"2022-03-05T11:20:57","guid":{"rendered":"https:\/\/radioljubuski.ba\/?p=118174"},"modified":"2022-03-05T12:20:58","modified_gmt":"2022-03-05T11:20:58","slug":"kremlj-tvrdi-da-u-ukrajinu-dolazi-sve-vise-hrvatskih-placenika","status":"publish","type":"post","link":"https:\/\/radioljubuski.ba\/index.php\/2022\/03\/05\/kremlj-tvrdi-da-u-ukrajinu-dolazi-sve-vise-hrvatskih-placenika\/","title":{"rendered":"Kremlj tvrdi da u Ukrajinu dolazi sve vi\u0161e hrvatskih &#8220;pla\u0107enika&#8221;"},"content":{"rendered":"\n<p>Kremlj tvrdi da se za Ukrajinu dolazi boriti sve vi\u0161e pla\u0107enika iz tre\u0107ih zemalja, posebice iz Hrvatske, Albanije i s Kosova, prenijela je u petak ruska novinska agencija TASS.<\/p>\n\n\n\n<p>&#8220;Sve \u010de\u0161\u0107e bilje\u017eimo dolazak pla\u0107enika iz tre\u0107ih zemalja, posebice iz Albanije i Hrvatske, kosovskih militanata pa \u010dak i d\u017eihadista s borbenim iskustvom iz Sirije&#8221;, priop\u0107io je Kremlj u petak nakon telefonskog razgovora ruskog predsjednika Vladimira Putina s njema\u010dkim kancelarom Olafom Scholzom.&nbsp;<\/p>\n\n\n\n<p>Glasnogovornik ruskog ministarstva obrane Igor Kona\u0161enkov ranije je rekao za TASS da se oko 200 pla\u0107enika iz Hrvatske bori na ukrajinskoj strani. Zbog toga je na razgovor pozvan hrvatski vojni ata\u0161e u Rusiji brigadir \u017deljko Akrap koji je u \u010detvrtak odbio primiti rusku prosvjednu notu zbog, kako tvrdi Moskva, prisustva ve\u0107eg broja hrvatskih &#8220;pla\u0107enika&#8221; u Ukrajini.<\/p>\n\n\n\n<p>&#8220;To je privatna inicijativa. Nema tu nikakvog upliva dr\u017eave&#8221;, rekao je ministar unutarnjih poslova Davor Bo\u017einovi\u0107 novinarima u petak, dodav\u0161i da mu se \u010dini da je iznesena brojka preuveli\u010dana.&nbsp;<\/p>\n\n\n\n<p>Dr\u017eavni tajnik u ministarstvu vanjskih poslova Frano Mato\u0161i\u0107 rekao je u petak da je nota vojnom ata\u0161eu bila &#8220;apsolutno neprihvatljiva&#8221; i da je u Ukrajini tek nekoliko hrvatskih dobrovoljaca.&nbsp;<\/p>\n\n\n\n<p>Izvor:pogled.ba<\/p>\n","protected":false},"excerpt":{"rendered":"<p>Kremlj tvrdi da se za Ukrajinu dolazi boriti sve vi\u0161e pla\u0107enika iz tre\u0107ih zemalja, posebice iz Hrvatske, Albanije i s Kosova, prenijela je u petak ruska novinska agencija TASS. &#8220;Sve \u010de\u0161\u0107e bilje\u017eimo dolazak pla\u0107enika iz tre\u0107ih zemalja, posebice iz Albanije i Hrvatske, kosovskih militanata pa \u010dak i d\u017eihadista s borbenim iskustvom iz Sirije&#8221;, priop\u0107io je [&hellip;]<\/p>\n","protected":false},"author":2,"featured_media":118175,"comment_status":"closed","ping_status":"closed","sticky":false,"template":"","format":"standard","meta":{"h5ap_radio_sources":[],"footnotes":""},"categories":[1],"tags":[],"class_list":["post-118174","post","type-post","status-publish","format-standard","has-post-thumbnail","hentry","category-bihiregija"],"yoast_head":"<!-- This site is optimized with the Yoast SEO plugin v27.5 - https:\/\/yoast.com\/product\/yoast-seo-wordpress\/ -->\n<title>Kremlj tvrdi da u Ukrajinu dolazi sve vi\u0161e hrvatskih &quot;pla\u0107enika&quot; - RADIO LJUBU\u0160KI<\/title>\n<meta name=\"robots\" content=\"index, follow, max-snippet:-1, max-image-preview:large, max-video-preview:-1\" \/>\n<link rel=\"canonical\" href=\"https:\/\/radioljubuski.ba\/index.php\/2022\/03\/05\/kremlj-tvrdi-da-u-ukrajinu-dolazi-sve-vise-hrvatskih-placenika\/\" \/>\n<meta property=\"og:locale\" content=\"hr_HR\" \/>\n<meta property=\"og:type\" content=\"article\" \/>\n<meta property=\"og:title\" content=\"Kremlj tvrdi da u Ukrajinu dolazi sve vi\u0161e hrvatskih &quot;pla\u0107enika&quot; - RADIO LJUBU\u0160KI\" \/>\n<meta property=\"og:description\" content=\"Kremlj tvrdi da se za Ukrajinu dolazi boriti sve vi\u0161e pla\u0107enika iz tre\u0107ih zemalja, posebice iz Hrvatske, Albanije i s Kosova, prenijela je u petak ruska novinska agencija TASS. &#8220;Sve \u010de\u0161\u0107e bilje\u017eimo dolazak pla\u0107enika iz tre\u0107ih zemalja, posebice iz Albanije i Hrvatske, kosovskih militanata pa \u010dak i d\u017eihadista s borbenim iskustvom iz Sirije&#8221;, priop\u0107io je [&hellip;]\" \/>\n<meta property=\"og:url\" content=\"https:\/\/radioljubuski.ba\/index.php\/2022\/03\/05\/kremlj-tvrdi-da-u-ukrajinu-dolazi-sve-vise-hrvatskih-placenika\/\" \/>\n<meta property=\"og:site_name\" content=\"RADIO LJUBU\u0160KI\" \/>\n<meta property=\"article:publisher\" content=\"https:\/\/www.facebook.com\/Radiio-Ljubuski-1490835324566332\" \/>\n<meta property=\"article:published_time\" content=\"2022-03-05T11:20:57+00:00\" \/>\n<meta property=\"article:modified_time\" content=\"2022-03-05T11:20:58+00:00\" \/>\n<meta property=\"og:image\" content=\"https:\/\/radioljubuski.ba\/wp-content\/uploads\/2022\/03\/3-2022-03-04-20-11-24-321414.jpg\" \/>\n\t<meta property=\"og:image:width\" content=\"1000\" \/>\n\t<meta property=\"og:image:height\" content=\"625\" \/>\n\t<meta property=\"og:image:type\" content=\"image\/jpeg\" \/>\n<meta name=\"author\" content=\"Radio Ljubu\u0161ki\" \/>\n<meta name=\"twitter:card\" content=\"summary_large_image\" \/>\n<meta name=\"twitter:creator\" content=\"@radioljubuski\" \/>\n<meta name=\"twitter:site\" content=\"@radioljubuski\" \/>\n<meta name=\"twitter:label1\" content=\"Napisao\/la\" \/>\n\t<meta name=\"twitter:data1\" content=\"Radio Ljubu\u0161ki\" \/>\n\t<meta name=\"twitter:label2\" content=\"Procijenjeno vrijeme \u010ditanja\" \/>\n\t<meta name=\"twitter:data2\" content=\"1 minuta\" \/>\n<script type=\"application\/ld+json\" class=\"yoast-schema-graph\">{\"@context\":\"https:\\\/\\\/schema.org\",\"@graph\":[{\"@type\":\"Article\",\"@id\":\"https:\\\/\\\/radioljubuski.ba\\\/index.php\\\/2022\\\/03\\\/05\\\/kremlj-tvrdi-da-u-ukrajinu-dolazi-sve-vise-hrvatskih-placenika\\\/#article\",\"isPartOf\":{\"@id\":\"https:\\\/\\\/radioljubuski.ba\\\/index.php\\\/2022\\\/03\\\/05\\\/kremlj-tvrdi-da-u-ukrajinu-dolazi-sve-vise-hrvatskih-placenika\\\/\"},\"author\":{\"name\":\"Radio Ljubu\u0161ki\",\"@id\":\"https:\\\/\\\/radioljubuski.ba\\\/#\\\/schema\\\/person\\\/19fc700381a780f69665d7956c469e3b\"},\"headline\":\"Kremlj tvrdi da u Ukrajinu dolazi sve vi\u0161e hrvatskih &#8220;pla\u0107enika&#8221;\",\"datePublished\":\"2022-03-05T11:20:57+00:00\",\"dateModified\":\"2022-03-05T11:20:58+00:00\",\"mainEntityOfPage\":{\"@id\":\"https:\\\/\\\/radioljubuski.ba\\\/index.php\\\/2022\\\/03\\\/05\\\/kremlj-tvrdi-da-u-ukrajinu-dolazi-sve-vise-hrvatskih-placenika\\\/\"},\"wordCount\":223,\"publisher\":{\"@id\":\"https:\\\/\\\/radioljubuski.ba\\\/#organization\"},\"image\":{\"@id\":\"https:\\\/\\\/radioljubuski.ba\\\/index.php\\\/2022\\\/03\\\/05\\\/kremlj-tvrdi-da-u-ukrajinu-dolazi-sve-vise-hrvatskih-placenika\\\/#primaryimage\"},\"thumbnailUrl\":\"https:\\\/\\\/radioljubuski.ba\\\/wp-content\\\/uploads\\\/2022\\\/03\\\/3-2022-03-04-20-11-24-321414.jpg\",\"articleSection\":[\"BIH i regija\"],\"inLanguage\":\"hr\"},{\"@type\":\"WebPage\",\"@id\":\"https:\\\/\\\/radioljubuski.ba\\\/index.php\\\/2022\\\/03\\\/05\\\/kremlj-tvrdi-da-u-ukrajinu-dolazi-sve-vise-hrvatskih-placenika\\\/\",\"url\":\"https:\\\/\\\/radioljubuski.ba\\\/index.php\\\/2022\\\/03\\\/05\\\/kremlj-tvrdi-da-u-ukrajinu-dolazi-sve-vise-hrvatskih-placenika\\\/\",\"name\":\"Kremlj tvrdi da u Ukrajinu dolazi sve vi\u0161e hrvatskih \\\"pla\u0107enika\\\" - RADIO LJUBU\u0160KI\",\"isPartOf\":{\"@id\":\"https:\\\/\\\/radioljubuski.ba\\\/#website\"},\"primaryImageOfPage\":{\"@id\":\"https:\\\/\\\/radioljubuski.ba\\\/index.php\\\/2022\\\/03\\\/05\\\/kremlj-tvrdi-da-u-ukrajinu-dolazi-sve-vise-hrvatskih-placenika\\\/#primaryimage\"},\"image\":{\"@id\":\"https:\\\/\\\/radioljubuski.ba\\\/index.php\\\/2022\\\/03\\\/05\\\/kremlj-tvrdi-da-u-ukrajinu-dolazi-sve-vise-hrvatskih-placenika\\\/#primaryimage\"},\"thumbnailUrl\":\"https:\\\/\\\/radioljubuski.ba\\\/wp-content\\\/uploads\\\/2022\\\/03\\\/3-2022-03-04-20-11-24-321414.jpg\",\"datePublished\":\"2022-03-05T11:20:57+00:00\",\"dateModified\":\"2022-03-05T11:20:58+00:00\",\"breadcrumb\":{\"@id\":\"https:\\\/\\\/radioljubuski.ba\\\/index.php\\\/2022\\\/03\\\/05\\\/kremlj-tvrdi-da-u-ukrajinu-dolazi-sve-vise-hrvatskih-placenika\\\/#breadcrumb\"},\"inLanguage\":\"hr\",\"potentialAction\":[{\"@type\":\"ReadAction\",\"target\":[\"https:\\\/\\\/radioljubuski.ba\\\/index.php\\\/2022\\\/03\\\/05\\\/kremlj-tvrdi-da-u-ukrajinu-dolazi-sve-vise-hrvatskih-placenika\\\/\"]}]},{\"@type\":\"ImageObject\",\"inLanguage\":\"hr\",\"@id\":\"https:\\\/\\\/radioljubuski.ba\\\/index.php\\\/2022\\\/03\\\/05\\\/kremlj-tvrdi-da-u-ukrajinu-dolazi-sve-vise-hrvatskih-placenika\\\/#primaryimage\",\"url\":\"https:\\\/\\\/radioljubuski.ba\\\/wp-content\\\/uploads\\\/2022\\\/03\\\/3-2022-03-04-20-11-24-321414.jpg\",\"contentUrl\":\"https:\\\/\\\/radioljubuski.ba\\\/wp-content\\\/uploads\\\/2022\\\/03\\\/3-2022-03-04-20-11-24-321414.jpg\",\"width\":1000,\"height\":625},{\"@type\":\"BreadcrumbList\",\"@id\":\"https:\\\/\\\/radioljubuski.ba\\\/index.php\\\/2022\\\/03\\\/05\\\/kremlj-tvrdi-da-u-ukrajinu-dolazi-sve-vise-hrvatskih-placenika\\\/#breadcrumb\",\"itemListElement\":[{\"@type\":\"ListItem\",\"position\":1,\"name\":\"Po\u010detna stranica\",\"item\":\"https:\\\/\\\/radioljubuski.ba\\\/\"},{\"@type\":\"ListItem\",\"position\":2,\"name\":\"Kremlj tvrdi da u Ukrajinu dolazi sve vi\u0161e hrvatskih &#8220;pla\u0107enika&#8221;\"}]},{\"@type\":\"WebSite\",\"@id\":\"https:\\\/\\\/radioljubuski.ba\\\/#website\",\"url\":\"https:\\\/\\\/radioljubuski.ba\\\/\",\"name\":\"Radio Ljubu\u0161ki\",\"description\":\"Sun\u010dana frekvencija Hercegovine\",\"publisher\":{\"@id\":\"https:\\\/\\\/radioljubuski.ba\\\/#organization\"},\"potentialAction\":[{\"@type\":\"SearchAction\",\"target\":{\"@type\":\"EntryPoint\",\"urlTemplate\":\"https:\\\/\\\/radioljubuski.ba\\\/?s={search_term_string}\"},\"query-input\":{\"@type\":\"PropertyValueSpecification\",\"valueRequired\":true,\"valueName\":\"search_term_string\"}}],\"inLanguage\":\"hr\"},{\"@type\":\"Organization\",\"@id\":\"https:\\\/\\\/radioljubuski.ba\\\/#organization\",\"name\":\"Radio Ljubu\u0161ki\",\"url\":\"https:\\\/\\\/radioljubuski.ba\\\/\",\"logo\":{\"@type\":\"ImageObject\",\"inLanguage\":\"hr\",\"@id\":\"https:\\\/\\\/radioljubuski.ba\\\/#\\\/schema\\\/logo\\\/image\\\/\",\"url\":\"https:\\\/\\\/radioljubuski.ba\\\/wp-content\\\/uploads\\\/2021\\\/02\\\/cropped-Radio_Ljubuski_logo1.jpg\",\"contentUrl\":\"https:\\\/\\\/radioljubuski.ba\\\/wp-content\\\/uploads\\\/2021\\\/02\\\/cropped-Radio_Ljubuski_logo1.jpg\",\"width\":512,\"height\":512,\"caption\":\"Radio Ljubu\u0161ki\"},\"image\":{\"@id\":\"https:\\\/\\\/radioljubuski.ba\\\/#\\\/schema\\\/logo\\\/image\\\/\"},\"sameAs\":[\"https:\\\/\\\/www.facebook.com\\\/Radiio-Ljubuski-1490835324566332\",\"https:\\\/\\\/x.com\\\/radioljubuski\",\"https:\\\/\\\/hr.linkedin.com\\\/company\\\/radio-ljubuski\",\"https:\\\/\\\/www.youtube.com\\\/channel\\\/UCHYaeO_n0Db3tjNGudGpXyw\"]},{\"@type\":\"Person\",\"@id\":\"https:\\\/\\\/radioljubuski.ba\\\/#\\\/schema\\\/person\\\/19fc700381a780f69665d7956c469e3b\",\"name\":\"Radio Ljubu\u0161ki\"}]}<\/script>\n<!-- \/ Yoast SEO plugin. -->","yoast_head_json":{"title":"Kremlj tvrdi da u Ukrajinu dolazi sve vi\u0161e hrvatskih \"pla\u0107enika\" - RADIO LJUBU\u0160KI","robots":{"index":"index","follow":"follow","max-snippet":"max-snippet:-1","max-image-preview":"max-image-preview:large","max-video-preview":"max-video-preview:-1"},"canonical":"https:\/\/radioljubuski.ba\/index.php\/2022\/03\/05\/kremlj-tvrdi-da-u-ukrajinu-dolazi-sve-vise-hrvatskih-placenika\/","og_locale":"hr_HR","og_type":"article","og_title":"Kremlj tvrdi da u Ukrajinu dolazi sve vi\u0161e hrvatskih \"pla\u0107enika\" - RADIO LJUBU\u0160KI","og_description":"Kremlj tvrdi da se za Ukrajinu dolazi boriti sve vi\u0161e pla\u0107enika iz tre\u0107ih zemalja, posebice iz Hrvatske, Albanije i s Kosova, prenijela je u petak ruska novinska agencija TASS. &#8220;Sve \u010de\u0161\u0107e bilje\u017eimo dolazak pla\u0107enika iz tre\u0107ih zemalja, posebice iz Albanije i Hrvatske, kosovskih militanata pa \u010dak i d\u017eihadista s borbenim iskustvom iz Sirije&#8221;, priop\u0107io je [&hellip;]","og_url":"https:\/\/radioljubuski.ba\/index.php\/2022\/03\/05\/kremlj-tvrdi-da-u-ukrajinu-dolazi-sve-vise-hrvatskih-placenika\/","og_site_name":"RADIO LJUBU\u0160KI","article_publisher":"https:\/\/www.facebook.com\/Radiio-Ljubuski-1490835324566332","article_published_time":"2022-03-05T11:20:57+00:00","article_modified_time":"2022-03-05T11:20:58+00:00","og_image":[{"width":1000,"height":625,"url":"https:\/\/radioljubuski.ba\/wp-content\/uploads\/2022\/03\/3-2022-03-04-20-11-24-321414.jpg","type":"image\/jpeg"}],"author":"Radio Ljubu\u0161ki","twitter_card":"summary_large_image","twitter_creator":"@radioljubuski","twitter_site":"@radioljubuski","twitter_misc":{"Napisao\/la":"Radio Ljubu\u0161ki","Procijenjeno vrijeme \u010ditanja":"1 minuta"},"schema":{"@context":"https:\/\/schema.org","@graph":[{"@type":"Article","@id":"https:\/\/radioljubuski.ba\/index.php\/2022\/03\/05\/kremlj-tvrdi-da-u-ukrajinu-dolazi-sve-vise-hrvatskih-placenika\/#article","isPartOf":{"@id":"https:\/\/radioljubuski.ba\/index.php\/2022\/03\/05\/kremlj-tvrdi-da-u-ukrajinu-dolazi-sve-vise-hrvatskih-placenika\/"},"author":{"name":"Radio Ljubu\u0161ki","@id":"https:\/\/radioljubuski.ba\/#\/schema\/person\/19fc700381a780f69665d7956c469e3b"},"headline":"Kremlj tvrdi da u Ukrajinu dolazi sve vi\u0161e hrvatskih &#8220;pla\u0107enika&#8221;","datePublished":"2022-03-05T11:20:57+00:00","dateModified":"2022-03-05T11:20:58+00:00","mainEntityOfPage":{"@id":"https:\/\/radioljubuski.ba\/index.php\/2022\/03\/05\/kremlj-tvrdi-da-u-ukrajinu-dolazi-sve-vise-hrvatskih-placenika\/"},"wordCount":223,"publisher":{"@id":"https:\/\/radioljubuski.ba\/#organization"},"image":{"@id":"https:\/\/radioljubuski.ba\/index.php\/2022\/03\/05\/kremlj-tvrdi-da-u-ukrajinu-dolazi-sve-vise-hrvatskih-placenika\/#primaryimage"},"thumbnailUrl":"https:\/\/radioljubuski.ba\/wp-content\/uploads\/2022\/03\/3-2022-03-04-20-11-24-321414.jpg","articleSection":["BIH i regija"],"inLanguage":"hr"},{"@type":"WebPage","@id":"https:\/\/radioljubuski.ba\/index.php\/2022\/03\/05\/kremlj-tvrdi-da-u-ukrajinu-dolazi-sve-vise-hrvatskih-placenika\/","url":"https:\/\/radioljubuski.ba\/index.php\/2022\/03\/05\/kremlj-tvrdi-da-u-ukrajinu-dolazi-sve-vise-hrvatskih-placenika\/","name":"Kremlj tvrdi da u Ukrajinu dolazi sve vi\u0161e hrvatskih \"pla\u0107enika\" - RADIO LJUBU\u0160KI","isPartOf":{"@id":"https:\/\/radioljubuski.ba\/#website"},"primaryImageOfPage":{"@id":"https:\/\/radioljubuski.ba\/index.php\/2022\/03\/05\/kremlj-tvrdi-da-u-ukrajinu-dolazi-sve-vise-hrvatskih-placenika\/#primaryimage"},"image":{"@id":"https:\/\/radioljubuski.ba\/index.php\/2022\/03\/05\/kremlj-tvrdi-da-u-ukrajinu-dolazi-sve-vise-hrvatskih-placenika\/#primaryimage"},"thumbnailUrl":"https:\/\/radioljubuski.ba\/wp-content\/uploads\/2022\/03\/3-2022-03-04-20-11-24-321414.jpg","datePublished":"2022-03-05T11:20:57+00:00","dateModified":"2022-03-05T11:20:58+00:00","breadcrumb":{"@id":"https:\/\/radioljubuski.ba\/index.php\/2022\/03\/05\/kremlj-tvrdi-da-u-ukrajinu-dolazi-sve-vise-hrvatskih-placenika\/#breadcrumb"},"inLanguage":"hr","potentialAction":[{"@type":"ReadAction","target":["https:\/\/radioljubuski.ba\/index.php\/2022\/03\/05\/kremlj-tvrdi-da-u-ukrajinu-dolazi-sve-vise-hrvatskih-placenika\/"]}]},{"@type":"ImageObject","inLanguage":"hr","@id":"https:\/\/radioljubuski.ba\/index.php\/2022\/03\/05\/kremlj-tvrdi-da-u-ukrajinu-dolazi-sve-vise-hrvatskih-placenika\/#primaryimage","url":"https:\/\/radioljubuski.ba\/wp-content\/uploads\/2022\/03\/3-2022-03-04-20-11-24-321414.jpg","contentUrl":"https:\/\/radioljubuski.ba\/wp-content\/uploads\/2022\/03\/3-2022-03-04-20-11-24-321414.jpg","width":1000,"height":625},{"@type":"BreadcrumbList","@id":"https:\/\/radioljubuski.ba\/index.php\/2022\/03\/05\/kremlj-tvrdi-da-u-ukrajinu-dolazi-sve-vise-hrvatskih-placenika\/#breadcrumb","itemListElement":[{"@type":"ListItem","position":1,"name":"Po\u010detna stranica","item":"https:\/\/radioljubuski.ba\/"},{"@type":"ListItem","position":2,"name":"Kremlj tvrdi da u Ukrajinu dolazi sve vi\u0161e hrvatskih &#8220;pla\u0107enika&#8221;"}]},{"@type":"WebSite","@id":"https:\/\/radioljubuski.ba\/#website","url":"https:\/\/radioljubuski.ba\/","name":"Radio Ljubu\u0161ki","description":"Sun\u010dana frekvencija Hercegovine","publisher":{"@id":"https:\/\/radioljubuski.ba\/#organization"},"potentialAction":[{"@type":"SearchAction","target":{"@type":"EntryPoint","urlTemplate":"https:\/\/radioljubuski.ba\/?s={search_term_string}"},"query-input":{"@type":"PropertyValueSpecification","valueRequired":true,"valueName":"search_term_string"}}],"inLanguage":"hr"},{"@type":"Organization","@id":"https:\/\/radioljubuski.ba\/#organization","name":"Radio Ljubu\u0161ki","url":"https:\/\/radioljubuski.ba\/","logo":{"@type":"ImageObject","inLanguage":"hr","@id":"https:\/\/radioljubuski.ba\/#\/schema\/logo\/image\/","url":"https:\/\/radioljubuski.ba\/wp-content\/uploads\/2021\/02\/cropped-Radio_Ljubuski_logo1.jpg","contentUrl":"https:\/\/radioljubuski.ba\/wp-content\/uploads\/2021\/02\/cropped-Radio_Ljubuski_logo1.jpg","width":512,"height":512,"caption":"Radio Ljubu\u0161ki"},"image":{"@id":"https:\/\/radioljubuski.ba\/#\/schema\/logo\/image\/"},"sameAs":["https:\/\/www.facebook.com\/Radiio-Ljubuski-1490835324566332","https:\/\/x.com\/radioljubuski","https:\/\/hr.linkedin.com\/company\/radio-ljubuski","https:\/\/www.youtube.com\/channel\/UCHYaeO_n0Db3tjNGudGpXyw"]},{"@type":"Person","@id":"https:\/\/radioljubuski.ba\/#\/schema\/person\/19fc700381a780f69665d7956c469e3b","name":"Radio Ljubu\u0161ki"}]}},"_links":{"self":[{"href":"https:\/\/radioljubuski.ba\/index.php\/wp-json\/wp\/v2\/posts\/118174","targetHints":{"allow":["GET"]}}],"collection":[{"href":"https:\/\/radioljubuski.ba\/index.php\/wp-json\/wp\/v2\/posts"}],"about":[{"href":"https:\/\/radioljubuski.ba\/index.php\/wp-json\/wp\/v2\/types\/post"}],"author":[{"embeddable":true,"href":"https:\/\/radioljubuski.ba\/index.php\/wp-json\/wp\/v2\/users\/2"}],"replies":[{"embeddable":true,"href":"https:\/\/radioljubuski.ba\/index.php\/wp-json\/wp\/v2\/comments?post=118174"}],"version-history":[{"count":1,"href":"https:\/\/radioljubuski.ba\/index.php\/wp-json\/wp\/v2\/posts\/118174\/revisions"}],"predecessor-version":[{"id":118176,"href":"https:\/\/radioljubuski.ba\/index.php\/wp-json\/wp\/v2\/posts\/118174\/revisions\/118176"}],"wp:featuredmedia":[{"embeddable":true,"href":"https:\/\/radioljubuski.ba\/index.php\/wp-json\/wp\/v2\/media\/118175"}],"wp:attachment":[{"href":"https:\/\/radioljubuski.ba\/index.php\/wp-json\/wp\/v2\/media?parent=118174"}],"wp:term":[{"taxonomy":"category","embeddable":true,"href":"https:\/\/radioljubuski.ba\/index.php\/wp-json\/wp\/v2\/categories?post=118174"},{"taxonomy":"post_tag","embeddable":true,"href":"https:\/\/radioljubuski.ba\/index.php\/wp-json\/wp\/v2\/tags?post=118174"}],"curies":[{"name":"wp","href":"https:\/\/api.w.org\/{rel}","templated":true}]}}