{"id":118177,"date":"2022-03-05T12:22:14","date_gmt":"2022-03-05T11:22:14","guid":{"rendered":"https:\/\/radioljubuski.ba\/?p=118177"},"modified":"2022-03-05T12:22:15","modified_gmt":"2022-03-05T11:22:15","slug":"zelenski-putinu-direktno-jesmo-li-u-nato-u-cega-se-bojis-koliko-jos-treba-mrtvih-sjedi-sa-mnom-razgovarajmo","status":"publish","type":"post","link":"https:\/\/radioljubuski.ba\/index.php\/2022\/03\/05\/zelenski-putinu-direktno-jesmo-li-u-nato-u-cega-se-bojis-koliko-jos-treba-mrtvih-sjedi-sa-mnom-razgovarajmo\/","title":{"rendered":"Zelenski Putinu direktno: &#8216;Jesmo li u NATO-u? \u010cega se boji\u0161? Koliko jo\u0161 treba mrtvih? Sjedi sa mnom! Razgovarajmo!&#8217;"},"content":{"rendered":"\n<p>Drugi krug ukrajinsko-ruskih pregovora ipak je rezultirao dogovorom da se osigura humanitarni koridor za evakuaciju civila. Najavljen je i tre\u0107i sastanak, jer Ukrajinci nisu zadovoljni rezultatom pregovora, odnosno &#8211; ruski se napad nastavlja.<\/p>\n\n\n\n<p>Iz Kremlja danas poruka &#8211; potpisivanja bilo kakvog konkretnog dokumenta zasad ne\u0107e biti. Predsjednik Volodimir Zelenski pozvao je Vladimira Putina da razgovaraju jedan na jedan jer je to, kako je rekao, jedini na\u010din da se rat okon\u010da.<\/p>\n\n\n\n<p>&#8221;Koliko ljudi mora biti bombardirano? Koliko ruku, nogu, glava treba raznijeti da to do\u0111e do vas i da prestanete napadati iz zraka? Koliko vam treba? Recite mi!&#8221;, kazao je ukrajinski predsjednik Volodimir Zelenski.<\/p>\n\n\n\n<p>&#8221;Ne napadamo Rusiju i ne\u0107emo je napadati. Kakva sigurnosna jamstva trebaju? Jesmo li u NATO-u? Ne. Imamo li nuklearno oru\u017eje? Ne. \u0160to moram re\u0107i? \u0160to trebam dati nekome? \u0160to \u017eelite od nas? Odlazite iz na\u0161e zemlje. Ne \u017eelite sada oti\u0107i? Sjednite sa mnom za pregovara\u010dki stol. Ja sam na raspolaganju. Sjednite sa mnom, ali ne na trideset metara, kao \u0161to si do\u010dekao Macrona i Scholtza i ostale. Ja sam tvoj susjed. Ne treba\u0161 me dr\u017eati na trideset metara. Ne grizem. Ja sam normalan \u010dovjek. Sjedi sa mnom! Razgovarajmo! \u010cega se boji\u0161?&#8221;, izjavio je Zelenski.<\/p>\n\n\n\n<p>Izvor:rtl.hr<\/p>\n","protected":false},"excerpt":{"rendered":"<p>Drugi krug ukrajinsko-ruskih pregovora ipak je rezultirao dogovorom da se osigura humanitarni koridor za evakuaciju civila. Najavljen je i tre\u0107i sastanak, jer Ukrajinci nisu zadovoljni rezultatom pregovora, odnosno &#8211; ruski se napad nastavlja. Iz Kremlja danas poruka &#8211; potpisivanja bilo kakvog konkretnog dokumenta zasad ne\u0107e biti. Predsjednik Volodimir Zelenski pozvao je Vladimira Putina da razgovaraju [&hellip;]<\/p>\n","protected":false},"author":2,"featured_media":116973,"comment_status":"closed","ping_status":"closed","sticky":false,"template":"","format":"standard","meta":{"h5ap_radio_sources":[],"footnotes":""},"categories":[1],"tags":[],"class_list":["post-118177","post","type-post","status-publish","format-standard","has-post-thumbnail","hentry","category-bihiregija"],"yoast_head":"<!-- This site is optimized with the Yoast SEO plugin v27.5 - https:\/\/yoast.com\/product\/yoast-seo-wordpress\/ -->\n<title>Zelenski Putinu direktno: &#039;Jesmo li u NATO-u? \u010cega se boji\u0161? Koliko jo\u0161 treba mrtvih? Sjedi sa mnom! Razgovarajmo!&#039; - RADIO LJUBU\u0160KI<\/title>\n<meta name=\"robots\" content=\"index, follow, max-snippet:-1, max-image-preview:large, max-video-preview:-1\" \/>\n<link rel=\"canonical\" href=\"https:\/\/radioljubuski.ba\/index.php\/2022\/03\/05\/zelenski-putinu-direktno-jesmo-li-u-nato-u-cega-se-bojis-koliko-jos-treba-mrtvih-sjedi-sa-mnom-razgovarajmo\/\" \/>\n<meta property=\"og:locale\" content=\"hr_HR\" \/>\n<meta property=\"og:type\" content=\"article\" \/>\n<meta property=\"og:title\" content=\"Zelenski Putinu direktno: &#039;Jesmo li u NATO-u? \u010cega se boji\u0161? Koliko jo\u0161 treba mrtvih? Sjedi sa mnom! Razgovarajmo!&#039; - RADIO LJUBU\u0160KI\" \/>\n<meta property=\"og:description\" content=\"Drugi krug ukrajinsko-ruskih pregovora ipak je rezultirao dogovorom da se osigura humanitarni koridor za evakuaciju civila. Najavljen je i tre\u0107i sastanak, jer Ukrajinci nisu zadovoljni rezultatom pregovora, odnosno &#8211; ruski se napad nastavlja. Iz Kremlja danas poruka &#8211; potpisivanja bilo kakvog konkretnog dokumenta zasad ne\u0107e biti. Predsjednik Volodimir Zelenski pozvao je Vladimira Putina da razgovaraju [&hellip;]\" \/>\n<meta property=\"og:url\" content=\"https:\/\/radioljubuski.ba\/index.php\/2022\/03\/05\/zelenski-putinu-direktno-jesmo-li-u-nato-u-cega-se-bojis-koliko-jos-treba-mrtvih-sjedi-sa-mnom-razgovarajmo\/\" \/>\n<meta property=\"og:site_name\" content=\"RADIO LJUBU\u0160KI\" \/>\n<meta property=\"article:publisher\" content=\"https:\/\/www.facebook.com\/Radiio-Ljubuski-1490835324566332\" \/>\n<meta property=\"article:published_time\" content=\"2022-03-05T11:22:14+00:00\" \/>\n<meta property=\"article:modified_time\" content=\"2022-03-05T11:22:15+00:00\" \/>\n<meta property=\"og:image\" content=\"https:\/\/radioljubuski.ba\/wp-content\/uploads\/2022\/02\/8-2022-02-27-08-55-02-putin-zelenskij.jpg\" \/>\n\t<meta property=\"og:image:width\" content=\"1000\" \/>\n\t<meta property=\"og:image:height\" content=\"625\" \/>\n\t<meta property=\"og:image:type\" content=\"image\/jpeg\" \/>\n<meta name=\"author\" content=\"Radio Ljubu\u0161ki\" \/>\n<meta name=\"twitter:card\" content=\"summary_large_image\" \/>\n<meta name=\"twitter:creator\" content=\"@radioljubuski\" \/>\n<meta name=\"twitter:site\" content=\"@radioljubuski\" \/>\n<meta name=\"twitter:label1\" content=\"Napisao\/la\" \/>\n\t<meta name=\"twitter:data1\" content=\"Radio Ljubu\u0161ki\" \/>\n\t<meta name=\"twitter:label2\" content=\"Procijenjeno vrijeme \u010ditanja\" \/>\n\t<meta name=\"twitter:data2\" content=\"1 minuta\" \/>\n<script type=\"application\/ld+json\" class=\"yoast-schema-graph\">{\"@context\":\"https:\\\/\\\/schema.org\",\"@graph\":[{\"@type\":\"Article\",\"@id\":\"https:\\\/\\\/radioljubuski.ba\\\/index.php\\\/2022\\\/03\\\/05\\\/zelenski-putinu-direktno-jesmo-li-u-nato-u-cega-se-bojis-koliko-jos-treba-mrtvih-sjedi-sa-mnom-razgovarajmo\\\/#article\",\"isPartOf\":{\"@id\":\"https:\\\/\\\/radioljubuski.ba\\\/index.php\\\/2022\\\/03\\\/05\\\/zelenski-putinu-direktno-jesmo-li-u-nato-u-cega-se-bojis-koliko-jos-treba-mrtvih-sjedi-sa-mnom-razgovarajmo\\\/\"},\"author\":{\"name\":\"Radio Ljubu\u0161ki\",\"@id\":\"https:\\\/\\\/radioljubuski.ba\\\/#\\\/schema\\\/person\\\/19fc700381a780f69665d7956c469e3b\"},\"headline\":\"Zelenski Putinu direktno: &#8216;Jesmo li u NATO-u? \u010cega se boji\u0161? Koliko jo\u0161 treba mrtvih? Sjedi sa mnom! Razgovarajmo!&#8217;\",\"datePublished\":\"2022-03-05T11:22:14+00:00\",\"dateModified\":\"2022-03-05T11:22:15+00:00\",\"mainEntityOfPage\":{\"@id\":\"https:\\\/\\\/radioljubuski.ba\\\/index.php\\\/2022\\\/03\\\/05\\\/zelenski-putinu-direktno-jesmo-li-u-nato-u-cega-se-bojis-koliko-jos-treba-mrtvih-sjedi-sa-mnom-razgovarajmo\\\/\"},\"wordCount\":231,\"publisher\":{\"@id\":\"https:\\\/\\\/radioljubuski.ba\\\/#organization\"},\"image\":{\"@id\":\"https:\\\/\\\/radioljubuski.ba\\\/index.php\\\/2022\\\/03\\\/05\\\/zelenski-putinu-direktno-jesmo-li-u-nato-u-cega-se-bojis-koliko-jos-treba-mrtvih-sjedi-sa-mnom-razgovarajmo\\\/#primaryimage\"},\"thumbnailUrl\":\"https:\\\/\\\/radioljubuski.ba\\\/wp-content\\\/uploads\\\/2022\\\/02\\\/8-2022-02-27-08-55-02-putin-zelenskij.jpg\",\"articleSection\":[\"BIH i regija\"],\"inLanguage\":\"hr\"},{\"@type\":\"WebPage\",\"@id\":\"https:\\\/\\\/radioljubuski.ba\\\/index.php\\\/2022\\\/03\\\/05\\\/zelenski-putinu-direktno-jesmo-li-u-nato-u-cega-se-bojis-koliko-jos-treba-mrtvih-sjedi-sa-mnom-razgovarajmo\\\/\",\"url\":\"https:\\\/\\\/radioljubuski.ba\\\/index.php\\\/2022\\\/03\\\/05\\\/zelenski-putinu-direktno-jesmo-li-u-nato-u-cega-se-bojis-koliko-jos-treba-mrtvih-sjedi-sa-mnom-razgovarajmo\\\/\",\"name\":\"Zelenski Putinu direktno: 'Jesmo li u NATO-u? \u010cega se boji\u0161? Koliko jo\u0161 treba mrtvih? Sjedi sa mnom! Razgovarajmo!' - RADIO LJUBU\u0160KI\",\"isPartOf\":{\"@id\":\"https:\\\/\\\/radioljubuski.ba\\\/#website\"},\"primaryImageOfPage\":{\"@id\":\"https:\\\/\\\/radioljubuski.ba\\\/index.php\\\/2022\\\/03\\\/05\\\/zelenski-putinu-direktno-jesmo-li-u-nato-u-cega-se-bojis-koliko-jos-treba-mrtvih-sjedi-sa-mnom-razgovarajmo\\\/#primaryimage\"},\"image\":{\"@id\":\"https:\\\/\\\/radioljubuski.ba\\\/index.php\\\/2022\\\/03\\\/05\\\/zelenski-putinu-direktno-jesmo-li-u-nato-u-cega-se-bojis-koliko-jos-treba-mrtvih-sjedi-sa-mnom-razgovarajmo\\\/#primaryimage\"},\"thumbnailUrl\":\"https:\\\/\\\/radioljubuski.ba\\\/wp-content\\\/uploads\\\/2022\\\/02\\\/8-2022-02-27-08-55-02-putin-zelenskij.jpg\",\"datePublished\":\"2022-03-05T11:22:14+00:00\",\"dateModified\":\"2022-03-05T11:22:15+00:00\",\"breadcrumb\":{\"@id\":\"https:\\\/\\\/radioljubuski.ba\\\/index.php\\\/2022\\\/03\\\/05\\\/zelenski-putinu-direktno-jesmo-li-u-nato-u-cega-se-bojis-koliko-jos-treba-mrtvih-sjedi-sa-mnom-razgovarajmo\\\/#breadcrumb\"},\"inLanguage\":\"hr\",\"potentialAction\":[{\"@type\":\"ReadAction\",\"target\":[\"https:\\\/\\\/radioljubuski.ba\\\/index.php\\\/2022\\\/03\\\/05\\\/zelenski-putinu-direktno-jesmo-li-u-nato-u-cega-se-bojis-koliko-jos-treba-mrtvih-sjedi-sa-mnom-razgovarajmo\\\/\"]}]},{\"@type\":\"ImageObject\",\"inLanguage\":\"hr\",\"@id\":\"https:\\\/\\\/radioljubuski.ba\\\/index.php\\\/2022\\\/03\\\/05\\\/zelenski-putinu-direktno-jesmo-li-u-nato-u-cega-se-bojis-koliko-jos-treba-mrtvih-sjedi-sa-mnom-razgovarajmo\\\/#primaryimage\",\"url\":\"https:\\\/\\\/radioljubuski.ba\\\/wp-content\\\/uploads\\\/2022\\\/02\\\/8-2022-02-27-08-55-02-putin-zelenskij.jpg\",\"contentUrl\":\"https:\\\/\\\/radioljubuski.ba\\\/wp-content\\\/uploads\\\/2022\\\/02\\\/8-2022-02-27-08-55-02-putin-zelenskij.jpg\",\"width\":1000,\"height\":625},{\"@type\":\"BreadcrumbList\",\"@id\":\"https:\\\/\\\/radioljubuski.ba\\\/index.php\\\/2022\\\/03\\\/05\\\/zelenski-putinu-direktno-jesmo-li-u-nato-u-cega-se-bojis-koliko-jos-treba-mrtvih-sjedi-sa-mnom-razgovarajmo\\\/#breadcrumb\",\"itemListElement\":[{\"@type\":\"ListItem\",\"position\":1,\"name\":\"Po\u010detna stranica\",\"item\":\"https:\\\/\\\/radioljubuski.ba\\\/\"},{\"@type\":\"ListItem\",\"position\":2,\"name\":\"Zelenski Putinu direktno: &#8216;Jesmo li u NATO-u? \u010cega se boji\u0161? Koliko jo\u0161 treba mrtvih? Sjedi sa mnom! Razgovarajmo!&#8217;\"}]},{\"@type\":\"WebSite\",\"@id\":\"https:\\\/\\\/radioljubuski.ba\\\/#website\",\"url\":\"https:\\\/\\\/radioljubuski.ba\\\/\",\"name\":\"Radio Ljubu\u0161ki\",\"description\":\"Sun\u010dana frekvencija Hercegovine\",\"publisher\":{\"@id\":\"https:\\\/\\\/radioljubuski.ba\\\/#organization\"},\"potentialAction\":[{\"@type\":\"SearchAction\",\"target\":{\"@type\":\"EntryPoint\",\"urlTemplate\":\"https:\\\/\\\/radioljubuski.ba\\\/?s={search_term_string}\"},\"query-input\":{\"@type\":\"PropertyValueSpecification\",\"valueRequired\":true,\"valueName\":\"search_term_string\"}}],\"inLanguage\":\"hr\"},{\"@type\":\"Organization\",\"@id\":\"https:\\\/\\\/radioljubuski.ba\\\/#organization\",\"name\":\"Radio Ljubu\u0161ki\",\"url\":\"https:\\\/\\\/radioljubuski.ba\\\/\",\"logo\":{\"@type\":\"ImageObject\",\"inLanguage\":\"hr\",\"@id\":\"https:\\\/\\\/radioljubuski.ba\\\/#\\\/schema\\\/logo\\\/image\\\/\",\"url\":\"https:\\\/\\\/radioljubuski.ba\\\/wp-content\\\/uploads\\\/2021\\\/02\\\/cropped-Radio_Ljubuski_logo1.jpg\",\"contentUrl\":\"https:\\\/\\\/radioljubuski.ba\\\/wp-content\\\/uploads\\\/2021\\\/02\\\/cropped-Radio_Ljubuski_logo1.jpg\",\"width\":512,\"height\":512,\"caption\":\"Radio Ljubu\u0161ki\"},\"image\":{\"@id\":\"https:\\\/\\\/radioljubuski.ba\\\/#\\\/schema\\\/logo\\\/image\\\/\"},\"sameAs\":[\"https:\\\/\\\/www.facebook.com\\\/Radiio-Ljubuski-1490835324566332\",\"https:\\\/\\\/x.com\\\/radioljubuski\",\"https:\\\/\\\/hr.linkedin.com\\\/company\\\/radio-ljubuski\",\"https:\\\/\\\/www.youtube.com\\\/channel\\\/UCHYaeO_n0Db3tjNGudGpXyw\"]},{\"@type\":\"Person\",\"@id\":\"https:\\\/\\\/radioljubuski.ba\\\/#\\\/schema\\\/person\\\/19fc700381a780f69665d7956c469e3b\",\"name\":\"Radio Ljubu\u0161ki\"}]}<\/script>\n<!-- \/ Yoast SEO plugin. -->","yoast_head_json":{"title":"Zelenski Putinu direktno: 'Jesmo li u NATO-u? \u010cega se boji\u0161? Koliko jo\u0161 treba mrtvih? Sjedi sa mnom! Razgovarajmo!' - RADIO LJUBU\u0160KI","robots":{"index":"index","follow":"follow","max-snippet":"max-snippet:-1","max-image-preview":"max-image-preview:large","max-video-preview":"max-video-preview:-1"},"canonical":"https:\/\/radioljubuski.ba\/index.php\/2022\/03\/05\/zelenski-putinu-direktno-jesmo-li-u-nato-u-cega-se-bojis-koliko-jos-treba-mrtvih-sjedi-sa-mnom-razgovarajmo\/","og_locale":"hr_HR","og_type":"article","og_title":"Zelenski Putinu direktno: 'Jesmo li u NATO-u? \u010cega se boji\u0161? Koliko jo\u0161 treba mrtvih? Sjedi sa mnom! Razgovarajmo!' - RADIO LJUBU\u0160KI","og_description":"Drugi krug ukrajinsko-ruskih pregovora ipak je rezultirao dogovorom da se osigura humanitarni koridor za evakuaciju civila. Najavljen je i tre\u0107i sastanak, jer Ukrajinci nisu zadovoljni rezultatom pregovora, odnosno &#8211; ruski se napad nastavlja. Iz Kremlja danas poruka &#8211; potpisivanja bilo kakvog konkretnog dokumenta zasad ne\u0107e biti. Predsjednik Volodimir Zelenski pozvao je Vladimira Putina da razgovaraju [&hellip;]","og_url":"https:\/\/radioljubuski.ba\/index.php\/2022\/03\/05\/zelenski-putinu-direktno-jesmo-li-u-nato-u-cega-se-bojis-koliko-jos-treba-mrtvih-sjedi-sa-mnom-razgovarajmo\/","og_site_name":"RADIO LJUBU\u0160KI","article_publisher":"https:\/\/www.facebook.com\/Radiio-Ljubuski-1490835324566332","article_published_time":"2022-03-05T11:22:14+00:00","article_modified_time":"2022-03-05T11:22:15+00:00","og_image":[{"width":1000,"height":625,"url":"https:\/\/radioljubuski.ba\/wp-content\/uploads\/2022\/02\/8-2022-02-27-08-55-02-putin-zelenskij.jpg","type":"image\/jpeg"}],"author":"Radio Ljubu\u0161ki","twitter_card":"summary_large_image","twitter_creator":"@radioljubuski","twitter_site":"@radioljubuski","twitter_misc":{"Napisao\/la":"Radio Ljubu\u0161ki","Procijenjeno vrijeme \u010ditanja":"1 minuta"},"schema":{"@context":"https:\/\/schema.org","@graph":[{"@type":"Article","@id":"https:\/\/radioljubuski.ba\/index.php\/2022\/03\/05\/zelenski-putinu-direktno-jesmo-li-u-nato-u-cega-se-bojis-koliko-jos-treba-mrtvih-sjedi-sa-mnom-razgovarajmo\/#article","isPartOf":{"@id":"https:\/\/radioljubuski.ba\/index.php\/2022\/03\/05\/zelenski-putinu-direktno-jesmo-li-u-nato-u-cega-se-bojis-koliko-jos-treba-mrtvih-sjedi-sa-mnom-razgovarajmo\/"},"author":{"name":"Radio Ljubu\u0161ki","@id":"https:\/\/radioljubuski.ba\/#\/schema\/person\/19fc700381a780f69665d7956c469e3b"},"headline":"Zelenski Putinu direktno: &#8216;Jesmo li u NATO-u? \u010cega se boji\u0161? Koliko jo\u0161 treba mrtvih? Sjedi sa mnom! Razgovarajmo!&#8217;","datePublished":"2022-03-05T11:22:14+00:00","dateModified":"2022-03-05T11:22:15+00:00","mainEntityOfPage":{"@id":"https:\/\/radioljubuski.ba\/index.php\/2022\/03\/05\/zelenski-putinu-direktno-jesmo-li-u-nato-u-cega-se-bojis-koliko-jos-treba-mrtvih-sjedi-sa-mnom-razgovarajmo\/"},"wordCount":231,"publisher":{"@id":"https:\/\/radioljubuski.ba\/#organization"},"image":{"@id":"https:\/\/radioljubuski.ba\/index.php\/2022\/03\/05\/zelenski-putinu-direktno-jesmo-li-u-nato-u-cega-se-bojis-koliko-jos-treba-mrtvih-sjedi-sa-mnom-razgovarajmo\/#primaryimage"},"thumbnailUrl":"https:\/\/radioljubuski.ba\/wp-content\/uploads\/2022\/02\/8-2022-02-27-08-55-02-putin-zelenskij.jpg","articleSection":["BIH i regija"],"inLanguage":"hr"},{"@type":"WebPage","@id":"https:\/\/radioljubuski.ba\/index.php\/2022\/03\/05\/zelenski-putinu-direktno-jesmo-li-u-nato-u-cega-se-bojis-koliko-jos-treba-mrtvih-sjedi-sa-mnom-razgovarajmo\/","url":"https:\/\/radioljubuski.ba\/index.php\/2022\/03\/05\/zelenski-putinu-direktno-jesmo-li-u-nato-u-cega-se-bojis-koliko-jos-treba-mrtvih-sjedi-sa-mnom-razgovarajmo\/","name":"Zelenski Putinu direktno: 'Jesmo li u NATO-u? \u010cega se boji\u0161? Koliko jo\u0161 treba mrtvih? Sjedi sa mnom! Razgovarajmo!' - RADIO LJUBU\u0160KI","isPartOf":{"@id":"https:\/\/radioljubuski.ba\/#website"},"primaryImageOfPage":{"@id":"https:\/\/radioljubuski.ba\/index.php\/2022\/03\/05\/zelenski-putinu-direktno-jesmo-li-u-nato-u-cega-se-bojis-koliko-jos-treba-mrtvih-sjedi-sa-mnom-razgovarajmo\/#primaryimage"},"image":{"@id":"https:\/\/radioljubuski.ba\/index.php\/2022\/03\/05\/zelenski-putinu-direktno-jesmo-li-u-nato-u-cega-se-bojis-koliko-jos-treba-mrtvih-sjedi-sa-mnom-razgovarajmo\/#primaryimage"},"thumbnailUrl":"https:\/\/radioljubuski.ba\/wp-content\/uploads\/2022\/02\/8-2022-02-27-08-55-02-putin-zelenskij.jpg","datePublished":"2022-03-05T11:22:14+00:00","dateModified":"2022-03-05T11:22:15+00:00","breadcrumb":{"@id":"https:\/\/radioljubuski.ba\/index.php\/2022\/03\/05\/zelenski-putinu-direktno-jesmo-li-u-nato-u-cega-se-bojis-koliko-jos-treba-mrtvih-sjedi-sa-mnom-razgovarajmo\/#breadcrumb"},"inLanguage":"hr","potentialAction":[{"@type":"ReadAction","target":["https:\/\/radioljubuski.ba\/index.php\/2022\/03\/05\/zelenski-putinu-direktno-jesmo-li-u-nato-u-cega-se-bojis-koliko-jos-treba-mrtvih-sjedi-sa-mnom-razgovarajmo\/"]}]},{"@type":"ImageObject","inLanguage":"hr","@id":"https:\/\/radioljubuski.ba\/index.php\/2022\/03\/05\/zelenski-putinu-direktno-jesmo-li-u-nato-u-cega-se-bojis-koliko-jos-treba-mrtvih-sjedi-sa-mnom-razgovarajmo\/#primaryimage","url":"https:\/\/radioljubuski.ba\/wp-content\/uploads\/2022\/02\/8-2022-02-27-08-55-02-putin-zelenskij.jpg","contentUrl":"https:\/\/radioljubuski.ba\/wp-content\/uploads\/2022\/02\/8-2022-02-27-08-55-02-putin-zelenskij.jpg","width":1000,"height":625},{"@type":"BreadcrumbList","@id":"https:\/\/radioljubuski.ba\/index.php\/2022\/03\/05\/zelenski-putinu-direktno-jesmo-li-u-nato-u-cega-se-bojis-koliko-jos-treba-mrtvih-sjedi-sa-mnom-razgovarajmo\/#breadcrumb","itemListElement":[{"@type":"ListItem","position":1,"name":"Po\u010detna stranica","item":"https:\/\/radioljubuski.ba\/"},{"@type":"ListItem","position":2,"name":"Zelenski Putinu direktno: &#8216;Jesmo li u NATO-u? \u010cega se boji\u0161? Koliko jo\u0161 treba mrtvih? Sjedi sa mnom! Razgovarajmo!&#8217;"}]},{"@type":"WebSite","@id":"https:\/\/radioljubuski.ba\/#website","url":"https:\/\/radioljubuski.ba\/","name":"Radio Ljubu\u0161ki","description":"Sun\u010dana frekvencija Hercegovine","publisher":{"@id":"https:\/\/radioljubuski.ba\/#organization"},"potentialAction":[{"@type":"SearchAction","target":{"@type":"EntryPoint","urlTemplate":"https:\/\/radioljubuski.ba\/?s={search_term_string}"},"query-input":{"@type":"PropertyValueSpecification","valueRequired":true,"valueName":"search_term_string"}}],"inLanguage":"hr"},{"@type":"Organization","@id":"https:\/\/radioljubuski.ba\/#organization","name":"Radio Ljubu\u0161ki","url":"https:\/\/radioljubuski.ba\/","logo":{"@type":"ImageObject","inLanguage":"hr","@id":"https:\/\/radioljubuski.ba\/#\/schema\/logo\/image\/","url":"https:\/\/radioljubuski.ba\/wp-content\/uploads\/2021\/02\/cropped-Radio_Ljubuski_logo1.jpg","contentUrl":"https:\/\/radioljubuski.ba\/wp-content\/uploads\/2021\/02\/cropped-Radio_Ljubuski_logo1.jpg","width":512,"height":512,"caption":"Radio Ljubu\u0161ki"},"image":{"@id":"https:\/\/radioljubuski.ba\/#\/schema\/logo\/image\/"},"sameAs":["https:\/\/www.facebook.com\/Radiio-Ljubuski-1490835324566332","https:\/\/x.com\/radioljubuski","https:\/\/hr.linkedin.com\/company\/radio-ljubuski","https:\/\/www.youtube.com\/channel\/UCHYaeO_n0Db3tjNGudGpXyw"]},{"@type":"Person","@id":"https:\/\/radioljubuski.ba\/#\/schema\/person\/19fc700381a780f69665d7956c469e3b","name":"Radio Ljubu\u0161ki"}]}},"_links":{"self":[{"href":"https:\/\/radioljubuski.ba\/index.php\/wp-json\/wp\/v2\/posts\/118177","targetHints":{"allow":["GET"]}}],"collection":[{"href":"https:\/\/radioljubuski.ba\/index.php\/wp-json\/wp\/v2\/posts"}],"about":[{"href":"https:\/\/radioljubuski.ba\/index.php\/wp-json\/wp\/v2\/types\/post"}],"author":[{"embeddable":true,"href":"https:\/\/radioljubuski.ba\/index.php\/wp-json\/wp\/v2\/users\/2"}],"replies":[{"embeddable":true,"href":"https:\/\/radioljubuski.ba\/index.php\/wp-json\/wp\/v2\/comments?post=118177"}],"version-history":[{"count":1,"href":"https:\/\/radioljubuski.ba\/index.php\/wp-json\/wp\/v2\/posts\/118177\/revisions"}],"predecessor-version":[{"id":118178,"href":"https:\/\/radioljubuski.ba\/index.php\/wp-json\/wp\/v2\/posts\/118177\/revisions\/118178"}],"wp:featuredmedia":[{"embeddable":true,"href":"https:\/\/radioljubuski.ba\/index.php\/wp-json\/wp\/v2\/media\/116973"}],"wp:attachment":[{"href":"https:\/\/radioljubuski.ba\/index.php\/wp-json\/wp\/v2\/media?parent=118177"}],"wp:term":[{"taxonomy":"category","embeddable":true,"href":"https:\/\/radioljubuski.ba\/index.php\/wp-json\/wp\/v2\/categories?post=118177"},{"taxonomy":"post_tag","embeddable":true,"href":"https:\/\/radioljubuski.ba\/index.php\/wp-json\/wp\/v2\/tags?post=118177"}],"curies":[{"name":"wp","href":"https:\/\/api.w.org\/{rel}","templated":true}]}}