{"id":118179,"date":"2022-03-05T12:23:06","date_gmt":"2022-03-05T11:23:06","guid":{"rendered":"https:\/\/radioljubuski.ba\/?p=118179"},"modified":"2022-03-05T12:23:06","modified_gmt":"2022-03-05T11:23:06","slug":"gradani-uzurbano-kupuju-trgovacke-police-se-prazne","status":"publish","type":"post","link":"https:\/\/radioljubuski.ba\/index.php\/2022\/03\/05\/gradani-uzurbano-kupuju-trgovacke-police-se-prazne\/","title":{"rendered":"Gra\u0111ani u\u017eurbano kupuju, trgova\u010dke police se prazne"},"content":{"rendered":"\n<p>Ponovno ista slika kao od prije dvije godine. Ovaj put ne zbog korone, nego rata u Ukrajini. Zbog straha od nesta\u0161ice gra\u0111ani BiH pani\u010dno prave zalihe osnovnih \u017eivotnih namirnica.<\/p>\n\n\n\n<p>Dok se u\u017eurbano kupuje, a trgova\u010dke police prazne, nadle\u017eni poru\u010duju da mjesta panici nema, te da u rezervi ima dovoljno p\u0161enice i bra\u0161na. A prazne police su, ka\u017eu, posljedica nedostatka ljudi u trgova\u010dkim centrima koji bi u trenutku napunili ono \u0161to nedostaje.<\/p>\n\n\n\n<p>Razina cijena u prvom mjesecu ove godine ve\u0107a je za 7% u odnosu na isti mjesec prethodne godine, podaci su dr\u017eavne Agencije za statistiku.<\/p>\n\n\n\n<p>Rat u Ukrajini, donio je i novu nestabilnost na globalnom tr\u017ei\u0161tu, a prazne police u pojedinim trgova\u010dkim centrima u glavnom gradu svjedo\u010de panici gra\u0111ana. Gra\u0111ani u\u017eurbano kupuju, u prvom redu, bra\u0161no. U Mostaru, ka\u017eu, i ne ba\u0161: \u2018\u0160to mi treba to i kupim\u2019, ka\u017ee jedan gra\u0111anina za N1. &nbsp;Nadle\u017eni u FBiH uvjeravaju da mjesta za paniku nema, te da, u skladi\u0161tu robnih rezervi ima desetine tisu\u0107a tona zaliha, posebno, p\u0161enice i bra\u0161na. A prazne police u trgovinama posljedica su, ka\u017eu, nedostatka zaposlenih. \u201cTrgovinski lanci i trgovine nemaju dovoljan broj ljudi da odgovore na veliku potra\u017enju na\u0161ih gra\u0111ana za tim proizvodima. Da se iz skladi\u0161ta donesu te namirnice, odnosno, ta koli\u010dina robe i da se ponovno te police popune\u201d, izjavio je Anis Ajdinovi\u0107, direktor Federalne uprave za inspekcijske poslove. Zaliha p\u0161enice, tvrde nadle\u017eni, ima i u Republici Srpskoj.<\/p>\n\n\n\n<p>U silosima je 15 tona, \u0161to je dovoljno za \u010ditava dva mjeseca. Pa ipak, aktiviraju se interventne nabavke. Situacija u Ukrajini, suglasni su, nije po\u0161tedila nijedan sektor. Vlada blagovremeno djeluje, ka\u017ee premijer RS, a spremna je da zamrzne i cijene bra\u0161na, ali se o toj opciji jo\u0161 razmatra, kako ne bi bila zlouporabljena.<\/p>\n\n\n\n<p>Izvor:N1<\/p>\n","protected":false},"excerpt":{"rendered":"<p>Ponovno ista slika kao od prije dvije godine. Ovaj put ne zbog korone, nego rata u Ukrajini. Zbog straha od nesta\u0161ice gra\u0111ani BiH pani\u010dno prave zalihe osnovnih \u017eivotnih namirnica. Dok se u\u017eurbano kupuje, a trgova\u010dke police prazne, nadle\u017eni poru\u010duju da mjesta panici nema, te da u rezervi ima dovoljno p\u0161enice i bra\u0161na. A prazne police [&hellip;]<\/p>\n","protected":false},"author":2,"featured_media":110855,"comment_status":"closed","ping_status":"closed","sticky":false,"template":"","format":"standard","meta":{"h5ap_radio_sources":[],"footnotes":""},"categories":[1],"tags":[],"class_list":["post-118179","post","type-post","status-publish","format-standard","has-post-thumbnail","hentry","category-bihiregija"],"yoast_head":"<!-- This site is optimized with the Yoast SEO plugin v27.5 - https:\/\/yoast.com\/product\/yoast-seo-wordpress\/ -->\n<title>Gra\u0111ani u\u017eurbano kupuju, trgova\u010dke police se prazne - RADIO LJUBU\u0160KI<\/title>\n<meta name=\"robots\" content=\"index, follow, max-snippet:-1, max-image-preview:large, max-video-preview:-1\" \/>\n<link rel=\"canonical\" href=\"https:\/\/radioljubuski.ba\/index.php\/2022\/03\/05\/gradani-uzurbano-kupuju-trgovacke-police-se-prazne\/\" \/>\n<meta property=\"og:locale\" content=\"hr_HR\" \/>\n<meta property=\"og:type\" content=\"article\" \/>\n<meta property=\"og:title\" content=\"Gra\u0111ani u\u017eurbano kupuju, trgova\u010dke police se prazne - RADIO LJUBU\u0160KI\" \/>\n<meta property=\"og:description\" content=\"Ponovno ista slika kao od prije dvije godine. Ovaj put ne zbog korone, nego rata u Ukrajini. Zbog straha od nesta\u0161ice gra\u0111ani BiH pani\u010dno prave zalihe osnovnih \u017eivotnih namirnica. Dok se u\u017eurbano kupuje, a trgova\u010dke police prazne, nadle\u017eni poru\u010duju da mjesta panici nema, te da u rezervi ima dovoljno p\u0161enice i bra\u0161na. A prazne police [&hellip;]\" \/>\n<meta property=\"og:url\" content=\"https:\/\/radioljubuski.ba\/index.php\/2022\/03\/05\/gradani-uzurbano-kupuju-trgovacke-police-se-prazne\/\" \/>\n<meta property=\"og:site_name\" content=\"RADIO LJUBU\u0160KI\" \/>\n<meta property=\"article:publisher\" content=\"https:\/\/www.facebook.com\/Radiio-Ljubuski-1490835324566332\" \/>\n<meta property=\"article:published_time\" content=\"2022-03-05T11:23:06+00:00\" \/>\n<meta property=\"og:image\" content=\"https:\/\/radioljubuski.ba\/wp-content\/uploads\/2022\/02\/2-2021-06-16-09-47-04-Radnica_Radnici_Trgovina_Prodavnica_Kasa_Zena_Market.jpg\" \/>\n\t<meta property=\"og:image:width\" content=\"1000\" \/>\n\t<meta property=\"og:image:height\" content=\"625\" \/>\n\t<meta property=\"og:image:type\" content=\"image\/jpeg\" \/>\n<meta name=\"author\" content=\"Radio Ljubu\u0161ki\" \/>\n<meta name=\"twitter:card\" content=\"summary_large_image\" \/>\n<meta name=\"twitter:creator\" content=\"@radioljubuski\" \/>\n<meta name=\"twitter:site\" content=\"@radioljubuski\" \/>\n<meta name=\"twitter:label1\" content=\"Napisao\/la\" \/>\n\t<meta name=\"twitter:data1\" content=\"Radio Ljubu\u0161ki\" \/>\n\t<meta name=\"twitter:label2\" content=\"Procijenjeno vrijeme \u010ditanja\" \/>\n\t<meta name=\"twitter:data2\" content=\"2 minute\" \/>\n<script type=\"application\/ld+json\" class=\"yoast-schema-graph\">{\"@context\":\"https:\\\/\\\/schema.org\",\"@graph\":[{\"@type\":\"Article\",\"@id\":\"https:\\\/\\\/radioljubuski.ba\\\/index.php\\\/2022\\\/03\\\/05\\\/gradani-uzurbano-kupuju-trgovacke-police-se-prazne\\\/#article\",\"isPartOf\":{\"@id\":\"https:\\\/\\\/radioljubuski.ba\\\/index.php\\\/2022\\\/03\\\/05\\\/gradani-uzurbano-kupuju-trgovacke-police-se-prazne\\\/\"},\"author\":{\"name\":\"Radio Ljubu\u0161ki\",\"@id\":\"https:\\\/\\\/radioljubuski.ba\\\/#\\\/schema\\\/person\\\/19fc700381a780f69665d7956c469e3b\"},\"headline\":\"Gra\u0111ani u\u017eurbano kupuju, trgova\u010dke police se prazne\",\"datePublished\":\"2022-03-05T11:23:06+00:00\",\"mainEntityOfPage\":{\"@id\":\"https:\\\/\\\/radioljubuski.ba\\\/index.php\\\/2022\\\/03\\\/05\\\/gradani-uzurbano-kupuju-trgovacke-police-se-prazne\\\/\"},\"wordCount\":336,\"publisher\":{\"@id\":\"https:\\\/\\\/radioljubuski.ba\\\/#organization\"},\"image\":{\"@id\":\"https:\\\/\\\/radioljubuski.ba\\\/index.php\\\/2022\\\/03\\\/05\\\/gradani-uzurbano-kupuju-trgovacke-police-se-prazne\\\/#primaryimage\"},\"thumbnailUrl\":\"https:\\\/\\\/radioljubuski.ba\\\/wp-content\\\/uploads\\\/2022\\\/02\\\/2-2021-06-16-09-47-04-Radnica_Radnici_Trgovina_Prodavnica_Kasa_Zena_Market.jpg\",\"articleSection\":[\"BIH i regija\"],\"inLanguage\":\"hr\"},{\"@type\":\"WebPage\",\"@id\":\"https:\\\/\\\/radioljubuski.ba\\\/index.php\\\/2022\\\/03\\\/05\\\/gradani-uzurbano-kupuju-trgovacke-police-se-prazne\\\/\",\"url\":\"https:\\\/\\\/radioljubuski.ba\\\/index.php\\\/2022\\\/03\\\/05\\\/gradani-uzurbano-kupuju-trgovacke-police-se-prazne\\\/\",\"name\":\"Gra\u0111ani u\u017eurbano kupuju, trgova\u010dke police se prazne - RADIO LJUBU\u0160KI\",\"isPartOf\":{\"@id\":\"https:\\\/\\\/radioljubuski.ba\\\/#website\"},\"primaryImageOfPage\":{\"@id\":\"https:\\\/\\\/radioljubuski.ba\\\/index.php\\\/2022\\\/03\\\/05\\\/gradani-uzurbano-kupuju-trgovacke-police-se-prazne\\\/#primaryimage\"},\"image\":{\"@id\":\"https:\\\/\\\/radioljubuski.ba\\\/index.php\\\/2022\\\/03\\\/05\\\/gradani-uzurbano-kupuju-trgovacke-police-se-prazne\\\/#primaryimage\"},\"thumbnailUrl\":\"https:\\\/\\\/radioljubuski.ba\\\/wp-content\\\/uploads\\\/2022\\\/02\\\/2-2021-06-16-09-47-04-Radnica_Radnici_Trgovina_Prodavnica_Kasa_Zena_Market.jpg\",\"datePublished\":\"2022-03-05T11:23:06+00:00\",\"breadcrumb\":{\"@id\":\"https:\\\/\\\/radioljubuski.ba\\\/index.php\\\/2022\\\/03\\\/05\\\/gradani-uzurbano-kupuju-trgovacke-police-se-prazne\\\/#breadcrumb\"},\"inLanguage\":\"hr\",\"potentialAction\":[{\"@type\":\"ReadAction\",\"target\":[\"https:\\\/\\\/radioljubuski.ba\\\/index.php\\\/2022\\\/03\\\/05\\\/gradani-uzurbano-kupuju-trgovacke-police-se-prazne\\\/\"]}]},{\"@type\":\"ImageObject\",\"inLanguage\":\"hr\",\"@id\":\"https:\\\/\\\/radioljubuski.ba\\\/index.php\\\/2022\\\/03\\\/05\\\/gradani-uzurbano-kupuju-trgovacke-police-se-prazne\\\/#primaryimage\",\"url\":\"https:\\\/\\\/radioljubuski.ba\\\/wp-content\\\/uploads\\\/2022\\\/02\\\/2-2021-06-16-09-47-04-Radnica_Radnici_Trgovina_Prodavnica_Kasa_Zena_Market.jpg\",\"contentUrl\":\"https:\\\/\\\/radioljubuski.ba\\\/wp-content\\\/uploads\\\/2022\\\/02\\\/2-2021-06-16-09-47-04-Radnica_Radnici_Trgovina_Prodavnica_Kasa_Zena_Market.jpg\",\"width\":1000,\"height\":625},{\"@type\":\"BreadcrumbList\",\"@id\":\"https:\\\/\\\/radioljubuski.ba\\\/index.php\\\/2022\\\/03\\\/05\\\/gradani-uzurbano-kupuju-trgovacke-police-se-prazne\\\/#breadcrumb\",\"itemListElement\":[{\"@type\":\"ListItem\",\"position\":1,\"name\":\"Po\u010detna stranica\",\"item\":\"https:\\\/\\\/radioljubuski.ba\\\/\"},{\"@type\":\"ListItem\",\"position\":2,\"name\":\"Gra\u0111ani u\u017eurbano kupuju, trgova\u010dke police se prazne\"}]},{\"@type\":\"WebSite\",\"@id\":\"https:\\\/\\\/radioljubuski.ba\\\/#website\",\"url\":\"https:\\\/\\\/radioljubuski.ba\\\/\",\"name\":\"Radio Ljubu\u0161ki\",\"description\":\"Sun\u010dana frekvencija Hercegovine\",\"publisher\":{\"@id\":\"https:\\\/\\\/radioljubuski.ba\\\/#organization\"},\"potentialAction\":[{\"@type\":\"SearchAction\",\"target\":{\"@type\":\"EntryPoint\",\"urlTemplate\":\"https:\\\/\\\/radioljubuski.ba\\\/?s={search_term_string}\"},\"query-input\":{\"@type\":\"PropertyValueSpecification\",\"valueRequired\":true,\"valueName\":\"search_term_string\"}}],\"inLanguage\":\"hr\"},{\"@type\":\"Organization\",\"@id\":\"https:\\\/\\\/radioljubuski.ba\\\/#organization\",\"name\":\"Radio Ljubu\u0161ki\",\"url\":\"https:\\\/\\\/radioljubuski.ba\\\/\",\"logo\":{\"@type\":\"ImageObject\",\"inLanguage\":\"hr\",\"@id\":\"https:\\\/\\\/radioljubuski.ba\\\/#\\\/schema\\\/logo\\\/image\\\/\",\"url\":\"https:\\\/\\\/radioljubuski.ba\\\/wp-content\\\/uploads\\\/2021\\\/02\\\/cropped-Radio_Ljubuski_logo1.jpg\",\"contentUrl\":\"https:\\\/\\\/radioljubuski.ba\\\/wp-content\\\/uploads\\\/2021\\\/02\\\/cropped-Radio_Ljubuski_logo1.jpg\",\"width\":512,\"height\":512,\"caption\":\"Radio Ljubu\u0161ki\"},\"image\":{\"@id\":\"https:\\\/\\\/radioljubuski.ba\\\/#\\\/schema\\\/logo\\\/image\\\/\"},\"sameAs\":[\"https:\\\/\\\/www.facebook.com\\\/Radiio-Ljubuski-1490835324566332\",\"https:\\\/\\\/x.com\\\/radioljubuski\",\"https:\\\/\\\/hr.linkedin.com\\\/company\\\/radio-ljubuski\",\"https:\\\/\\\/www.youtube.com\\\/channel\\\/UCHYaeO_n0Db3tjNGudGpXyw\"]},{\"@type\":\"Person\",\"@id\":\"https:\\\/\\\/radioljubuski.ba\\\/#\\\/schema\\\/person\\\/19fc700381a780f69665d7956c469e3b\",\"name\":\"Radio Ljubu\u0161ki\"}]}<\/script>\n<!-- \/ Yoast SEO plugin. -->","yoast_head_json":{"title":"Gra\u0111ani u\u017eurbano kupuju, trgova\u010dke police se prazne - RADIO LJUBU\u0160KI","robots":{"index":"index","follow":"follow","max-snippet":"max-snippet:-1","max-image-preview":"max-image-preview:large","max-video-preview":"max-video-preview:-1"},"canonical":"https:\/\/radioljubuski.ba\/index.php\/2022\/03\/05\/gradani-uzurbano-kupuju-trgovacke-police-se-prazne\/","og_locale":"hr_HR","og_type":"article","og_title":"Gra\u0111ani u\u017eurbano kupuju, trgova\u010dke police se prazne - RADIO LJUBU\u0160KI","og_description":"Ponovno ista slika kao od prije dvije godine. Ovaj put ne zbog korone, nego rata u Ukrajini. Zbog straha od nesta\u0161ice gra\u0111ani BiH pani\u010dno prave zalihe osnovnih \u017eivotnih namirnica. Dok se u\u017eurbano kupuje, a trgova\u010dke police prazne, nadle\u017eni poru\u010duju da mjesta panici nema, te da u rezervi ima dovoljno p\u0161enice i bra\u0161na. A prazne police [&hellip;]","og_url":"https:\/\/radioljubuski.ba\/index.php\/2022\/03\/05\/gradani-uzurbano-kupuju-trgovacke-police-se-prazne\/","og_site_name":"RADIO LJUBU\u0160KI","article_publisher":"https:\/\/www.facebook.com\/Radiio-Ljubuski-1490835324566332","article_published_time":"2022-03-05T11:23:06+00:00","og_image":[{"width":1000,"height":625,"url":"https:\/\/radioljubuski.ba\/wp-content\/uploads\/2022\/02\/2-2021-06-16-09-47-04-Radnica_Radnici_Trgovina_Prodavnica_Kasa_Zena_Market.jpg","type":"image\/jpeg"}],"author":"Radio Ljubu\u0161ki","twitter_card":"summary_large_image","twitter_creator":"@radioljubuski","twitter_site":"@radioljubuski","twitter_misc":{"Napisao\/la":"Radio Ljubu\u0161ki","Procijenjeno vrijeme \u010ditanja":"2 minute"},"schema":{"@context":"https:\/\/schema.org","@graph":[{"@type":"Article","@id":"https:\/\/radioljubuski.ba\/index.php\/2022\/03\/05\/gradani-uzurbano-kupuju-trgovacke-police-se-prazne\/#article","isPartOf":{"@id":"https:\/\/radioljubuski.ba\/index.php\/2022\/03\/05\/gradani-uzurbano-kupuju-trgovacke-police-se-prazne\/"},"author":{"name":"Radio Ljubu\u0161ki","@id":"https:\/\/radioljubuski.ba\/#\/schema\/person\/19fc700381a780f69665d7956c469e3b"},"headline":"Gra\u0111ani u\u017eurbano kupuju, trgova\u010dke police se prazne","datePublished":"2022-03-05T11:23:06+00:00","mainEntityOfPage":{"@id":"https:\/\/radioljubuski.ba\/index.php\/2022\/03\/05\/gradani-uzurbano-kupuju-trgovacke-police-se-prazne\/"},"wordCount":336,"publisher":{"@id":"https:\/\/radioljubuski.ba\/#organization"},"image":{"@id":"https:\/\/radioljubuski.ba\/index.php\/2022\/03\/05\/gradani-uzurbano-kupuju-trgovacke-police-se-prazne\/#primaryimage"},"thumbnailUrl":"https:\/\/radioljubuski.ba\/wp-content\/uploads\/2022\/02\/2-2021-06-16-09-47-04-Radnica_Radnici_Trgovina_Prodavnica_Kasa_Zena_Market.jpg","articleSection":["BIH i regija"],"inLanguage":"hr"},{"@type":"WebPage","@id":"https:\/\/radioljubuski.ba\/index.php\/2022\/03\/05\/gradani-uzurbano-kupuju-trgovacke-police-se-prazne\/","url":"https:\/\/radioljubuski.ba\/index.php\/2022\/03\/05\/gradani-uzurbano-kupuju-trgovacke-police-se-prazne\/","name":"Gra\u0111ani u\u017eurbano kupuju, trgova\u010dke police se prazne - RADIO LJUBU\u0160KI","isPartOf":{"@id":"https:\/\/radioljubuski.ba\/#website"},"primaryImageOfPage":{"@id":"https:\/\/radioljubuski.ba\/index.php\/2022\/03\/05\/gradani-uzurbano-kupuju-trgovacke-police-se-prazne\/#primaryimage"},"image":{"@id":"https:\/\/radioljubuski.ba\/index.php\/2022\/03\/05\/gradani-uzurbano-kupuju-trgovacke-police-se-prazne\/#primaryimage"},"thumbnailUrl":"https:\/\/radioljubuski.ba\/wp-content\/uploads\/2022\/02\/2-2021-06-16-09-47-04-Radnica_Radnici_Trgovina_Prodavnica_Kasa_Zena_Market.jpg","datePublished":"2022-03-05T11:23:06+00:00","breadcrumb":{"@id":"https:\/\/radioljubuski.ba\/index.php\/2022\/03\/05\/gradani-uzurbano-kupuju-trgovacke-police-se-prazne\/#breadcrumb"},"inLanguage":"hr","potentialAction":[{"@type":"ReadAction","target":["https:\/\/radioljubuski.ba\/index.php\/2022\/03\/05\/gradani-uzurbano-kupuju-trgovacke-police-se-prazne\/"]}]},{"@type":"ImageObject","inLanguage":"hr","@id":"https:\/\/radioljubuski.ba\/index.php\/2022\/03\/05\/gradani-uzurbano-kupuju-trgovacke-police-se-prazne\/#primaryimage","url":"https:\/\/radioljubuski.ba\/wp-content\/uploads\/2022\/02\/2-2021-06-16-09-47-04-Radnica_Radnici_Trgovina_Prodavnica_Kasa_Zena_Market.jpg","contentUrl":"https:\/\/radioljubuski.ba\/wp-content\/uploads\/2022\/02\/2-2021-06-16-09-47-04-Radnica_Radnici_Trgovina_Prodavnica_Kasa_Zena_Market.jpg","width":1000,"height":625},{"@type":"BreadcrumbList","@id":"https:\/\/radioljubuski.ba\/index.php\/2022\/03\/05\/gradani-uzurbano-kupuju-trgovacke-police-se-prazne\/#breadcrumb","itemListElement":[{"@type":"ListItem","position":1,"name":"Po\u010detna stranica","item":"https:\/\/radioljubuski.ba\/"},{"@type":"ListItem","position":2,"name":"Gra\u0111ani u\u017eurbano kupuju, trgova\u010dke police se prazne"}]},{"@type":"WebSite","@id":"https:\/\/radioljubuski.ba\/#website","url":"https:\/\/radioljubuski.ba\/","name":"Radio Ljubu\u0161ki","description":"Sun\u010dana frekvencija Hercegovine","publisher":{"@id":"https:\/\/radioljubuski.ba\/#organization"},"potentialAction":[{"@type":"SearchAction","target":{"@type":"EntryPoint","urlTemplate":"https:\/\/radioljubuski.ba\/?s={search_term_string}"},"query-input":{"@type":"PropertyValueSpecification","valueRequired":true,"valueName":"search_term_string"}}],"inLanguage":"hr"},{"@type":"Organization","@id":"https:\/\/radioljubuski.ba\/#organization","name":"Radio Ljubu\u0161ki","url":"https:\/\/radioljubuski.ba\/","logo":{"@type":"ImageObject","inLanguage":"hr","@id":"https:\/\/radioljubuski.ba\/#\/schema\/logo\/image\/","url":"https:\/\/radioljubuski.ba\/wp-content\/uploads\/2021\/02\/cropped-Radio_Ljubuski_logo1.jpg","contentUrl":"https:\/\/radioljubuski.ba\/wp-content\/uploads\/2021\/02\/cropped-Radio_Ljubuski_logo1.jpg","width":512,"height":512,"caption":"Radio Ljubu\u0161ki"},"image":{"@id":"https:\/\/radioljubuski.ba\/#\/schema\/logo\/image\/"},"sameAs":["https:\/\/www.facebook.com\/Radiio-Ljubuski-1490835324566332","https:\/\/x.com\/radioljubuski","https:\/\/hr.linkedin.com\/company\/radio-ljubuski","https:\/\/www.youtube.com\/channel\/UCHYaeO_n0Db3tjNGudGpXyw"]},{"@type":"Person","@id":"https:\/\/radioljubuski.ba\/#\/schema\/person\/19fc700381a780f69665d7956c469e3b","name":"Radio Ljubu\u0161ki"}]}},"_links":{"self":[{"href":"https:\/\/radioljubuski.ba\/index.php\/wp-json\/wp\/v2\/posts\/118179","targetHints":{"allow":["GET"]}}],"collection":[{"href":"https:\/\/radioljubuski.ba\/index.php\/wp-json\/wp\/v2\/posts"}],"about":[{"href":"https:\/\/radioljubuski.ba\/index.php\/wp-json\/wp\/v2\/types\/post"}],"author":[{"embeddable":true,"href":"https:\/\/radioljubuski.ba\/index.php\/wp-json\/wp\/v2\/users\/2"}],"replies":[{"embeddable":true,"href":"https:\/\/radioljubuski.ba\/index.php\/wp-json\/wp\/v2\/comments?post=118179"}],"version-history":[{"count":1,"href":"https:\/\/radioljubuski.ba\/index.php\/wp-json\/wp\/v2\/posts\/118179\/revisions"}],"predecessor-version":[{"id":118180,"href":"https:\/\/radioljubuski.ba\/index.php\/wp-json\/wp\/v2\/posts\/118179\/revisions\/118180"}],"wp:featuredmedia":[{"embeddable":true,"href":"https:\/\/radioljubuski.ba\/index.php\/wp-json\/wp\/v2\/media\/110855"}],"wp:attachment":[{"href":"https:\/\/radioljubuski.ba\/index.php\/wp-json\/wp\/v2\/media?parent=118179"}],"wp:term":[{"taxonomy":"category","embeddable":true,"href":"https:\/\/radioljubuski.ba\/index.php\/wp-json\/wp\/v2\/categories?post=118179"},{"taxonomy":"post_tag","embeddable":true,"href":"https:\/\/radioljubuski.ba\/index.php\/wp-json\/wp\/v2\/tags?post=118179"}],"curies":[{"name":"wp","href":"https:\/\/api.w.org\/{rel}","templated":true}]}}