{"id":118185,"date":"2022-03-05T12:26:26","date_gmt":"2022-03-05T11:26:26","guid":{"rendered":"https:\/\/radioljubuski.ba\/?p=118185"},"modified":"2022-03-05T12:26:26","modified_gmt":"2022-03-05T11:26:26","slug":"dodik-otkrio-kako-su-ga-preglasali-u-predsjednistvu","status":"publish","type":"post","link":"https:\/\/radioljubuski.ba\/index.php\/2022\/03\/05\/dodik-otkrio-kako-su-ga-preglasali-u-predsjednistvu\/","title":{"rendered":"Dodik otkrio kako su ga \u201cpreglasali u Predsjedni\u0161tvu\u201d"},"content":{"rendered":"\n<p>\u010clan Predsjedni\u0161tva Bosne i Hercegovine Milorad Dodik izjavio je danas da je dosljedan obrani interesa Republike Srpske i da se bori da nitko u BiH ne mo\u017ee dati nikakve suglasnosti ni za \u0161to bez ovog bh. entiteta.<\/p>\n\n\n\n<p>Dodik je rekao da stavovi predsjednika SDS-a Mirka \u0160arovi\u0107a u vezi sa napu\u0161tanjem sjednice Predsjedni\u0161tva BiH predstavljaju \u201cizdajni\u010dki poku\u0161aj da se odr\u017ei pa\u017enja na nekom pitanju dodvorni\u0161tva\u201d \u010dlanovima Predsjedni\u0161tva \u017deljku Kom\u0161i\u0107u i \u0160efiku D\u017eaferovi\u0107u.<\/p>\n\n\n\n<p>\u201c\u0160arovi\u0107 ka\u017ee da oni odlu\u010duju strate\u0161ki, a da sam ja neka vrsta pobjegulje. To je njegova ideja. To mo\u017ee da padne na pamet samo \u010dovjeku koji ima zadatak da na javnoj sceni ote\u017ea jo\u0161 vi\u0161e\u201d, izjavio je Dodik novinarima u Prijedoru.<\/p>\n\n\n\n<p>Rekao je kako je dokazao da se ne boji i da je ostao dosljedan obrani interesa entiteta.<\/p>\n\n\n\n<p>On je ocijenio da je nebitno \u0161to \u0160arovi\u0107 govori i da to narod najbolje vidi.<\/p>\n\n\n\n<p>\u201cNe mo\u017eemo dozvoliti da se isklju\u010di Republika Srpska iz odlu\u010divanja i najmanje \u0161to sam ja u\u010dinio je to da sam napustio tu sjednicu. To je toliko iritiralo \u0160arovi\u0107a. Jedino \u0161to je on trebao da ka\u017ee jeste da je to u redu, jer ne mo\u017ee neko u BiH, a da unutra nema Republike Srpske, dati nijednu suglasnost niza\u0161ta. Ja se oko toga borim, a \u0160arovi\u0107 ka\u017ee \u2013 mo\u017ee, dovoljni su Kom\u0161i\u0107 i D\u017eaferovi\u0107\u201d, naveo je Dodik.<\/p>\n\n\n\n<p>Ovdje je rije\u010d o tome da su ljudi u ime Bosne i Hercegovine sami dostavili EU i UN stav koji nije bio diskutiran, dodao je \u010dlan dr\u017eavnog predsjedni\u0161tva.<\/p>\n\n\n\n<p>\u201cKada sam zatra\u017eio to\u010dku dnevnog reda, oni su me preglasali i nisu htjeli ni da pri\u010daju o tome, a prethodno su ve\u0107 zavr\u0161ili posao\u201d, zaklju\u010dio je Dodik.<\/p>\n\n\n\n<p>\u0160arovi\u0107 je rekao danas da \u010dlan Predsjedni\u0161tva BiH iz Republike Srpske napu\u0161tanjem sjednica u Predsjedni\u0161tvu \u201cne mo\u017ee \u0161titi interese Republike Srpske\u201d.<\/p>\n\n\n\n<p>Izvor:N1<\/p>\n","protected":false},"excerpt":{"rendered":"<p>\u010clan Predsjedni\u0161tva Bosne i Hercegovine Milorad Dodik izjavio je danas da je dosljedan obrani interesa Republike Srpske i da se bori da nitko u BiH ne mo\u017ee dati nikakve suglasnosti ni za \u0161to bez ovog bh. entiteta. Dodik je rekao da stavovi predsjednika SDS-a Mirka \u0160arovi\u0107a u vezi sa napu\u0161tanjem sjednice Predsjedni\u0161tva BiH predstavljaju \u201cizdajni\u010dki [&hellip;]<\/p>\n","protected":false},"author":2,"featured_media":59618,"comment_status":"closed","ping_status":"closed","sticky":false,"template":"","format":"standard","meta":{"h5ap_radio_sources":[],"footnotes":""},"categories":[1],"tags":[],"class_list":["post-118185","post","type-post","status-publish","format-standard","has-post-thumbnail","hentry","category-bihiregija"],"yoast_head":"<!-- This site is optimized with the Yoast SEO plugin v27.5 - https:\/\/yoast.com\/product\/yoast-seo-wordpress\/ -->\n<title>Dodik otkrio kako su ga \u201cpreglasali u Predsjedni\u0161tvu\u201d - RADIO LJUBU\u0160KI<\/title>\n<meta name=\"robots\" content=\"index, follow, max-snippet:-1, max-image-preview:large, max-video-preview:-1\" \/>\n<link rel=\"canonical\" href=\"https:\/\/radioljubuski.ba\/index.php\/2022\/03\/05\/dodik-otkrio-kako-su-ga-preglasali-u-predsjednistvu\/\" \/>\n<meta property=\"og:locale\" content=\"hr_HR\" \/>\n<meta property=\"og:type\" content=\"article\" \/>\n<meta property=\"og:title\" content=\"Dodik otkrio kako su ga \u201cpreglasali u Predsjedni\u0161tvu\u201d - RADIO LJUBU\u0160KI\" \/>\n<meta property=\"og:description\" content=\"\u010clan Predsjedni\u0161tva Bosne i Hercegovine Milorad Dodik izjavio je danas da je dosljedan obrani interesa Republike Srpske i da se bori da nitko u BiH ne mo\u017ee dati nikakve suglasnosti ni za \u0161to bez ovog bh. entiteta. Dodik je rekao da stavovi predsjednika SDS-a Mirka \u0160arovi\u0107a u vezi sa napu\u0161tanjem sjednice Predsjedni\u0161tva BiH predstavljaju \u201cizdajni\u010dki [&hellip;]\" \/>\n<meta property=\"og:url\" content=\"https:\/\/radioljubuski.ba\/index.php\/2022\/03\/05\/dodik-otkrio-kako-su-ga-preglasali-u-predsjednistvu\/\" \/>\n<meta property=\"og:site_name\" content=\"RADIO LJUBU\u0160KI\" \/>\n<meta property=\"article:publisher\" content=\"https:\/\/www.facebook.com\/Radiio-Ljubuski-1490835324566332\" \/>\n<meta property=\"article:published_time\" content=\"2022-03-05T11:26:26+00:00\" \/>\n<meta property=\"og:image\" content=\"https:\/\/radioljubuski.ba\/wp-content\/uploads\/2021\/08\/dodik-ured1.jpg\" \/>\n\t<meta property=\"og:image:width\" content=\"658\" \/>\n\t<meta property=\"og:image:height\" content=\"494\" \/>\n\t<meta property=\"og:image:type\" content=\"image\/jpeg\" \/>\n<meta name=\"author\" content=\"Radio Ljubu\u0161ki\" \/>\n<meta name=\"twitter:card\" content=\"summary_large_image\" \/>\n<meta name=\"twitter:creator\" content=\"@radioljubuski\" \/>\n<meta name=\"twitter:site\" content=\"@radioljubuski\" \/>\n<meta name=\"twitter:label1\" content=\"Napisao\/la\" \/>\n\t<meta name=\"twitter:data1\" content=\"Radio Ljubu\u0161ki\" \/>\n\t<meta name=\"twitter:label2\" content=\"Procijenjeno vrijeme \u010ditanja\" \/>\n\t<meta name=\"twitter:data2\" content=\"2 minute\" \/>\n<script type=\"application\/ld+json\" class=\"yoast-schema-graph\">{\"@context\":\"https:\\\/\\\/schema.org\",\"@graph\":[{\"@type\":\"Article\",\"@id\":\"https:\\\/\\\/radioljubuski.ba\\\/index.php\\\/2022\\\/03\\\/05\\\/dodik-otkrio-kako-su-ga-preglasali-u-predsjednistvu\\\/#article\",\"isPartOf\":{\"@id\":\"https:\\\/\\\/radioljubuski.ba\\\/index.php\\\/2022\\\/03\\\/05\\\/dodik-otkrio-kako-su-ga-preglasali-u-predsjednistvu\\\/\"},\"author\":{\"name\":\"Radio Ljubu\u0161ki\",\"@id\":\"https:\\\/\\\/radioljubuski.ba\\\/#\\\/schema\\\/person\\\/19fc700381a780f69665d7956c469e3b\"},\"headline\":\"Dodik otkrio kako su ga \u201cpreglasali u Predsjedni\u0161tvu\u201d\",\"datePublished\":\"2022-03-05T11:26:26+00:00\",\"mainEntityOfPage\":{\"@id\":\"https:\\\/\\\/radioljubuski.ba\\\/index.php\\\/2022\\\/03\\\/05\\\/dodik-otkrio-kako-su-ga-preglasali-u-predsjednistvu\\\/\"},\"wordCount\":349,\"publisher\":{\"@id\":\"https:\\\/\\\/radioljubuski.ba\\\/#organization\"},\"image\":{\"@id\":\"https:\\\/\\\/radioljubuski.ba\\\/index.php\\\/2022\\\/03\\\/05\\\/dodik-otkrio-kako-su-ga-preglasali-u-predsjednistvu\\\/#primaryimage\"},\"thumbnailUrl\":\"https:\\\/\\\/radioljubuski.ba\\\/wp-content\\\/uploads\\\/2021\\\/08\\\/dodik-ured1.jpg\",\"articleSection\":[\"BIH i regija\"],\"inLanguage\":\"hr\"},{\"@type\":\"WebPage\",\"@id\":\"https:\\\/\\\/radioljubuski.ba\\\/index.php\\\/2022\\\/03\\\/05\\\/dodik-otkrio-kako-su-ga-preglasali-u-predsjednistvu\\\/\",\"url\":\"https:\\\/\\\/radioljubuski.ba\\\/index.php\\\/2022\\\/03\\\/05\\\/dodik-otkrio-kako-su-ga-preglasali-u-predsjednistvu\\\/\",\"name\":\"Dodik otkrio kako su ga \u201cpreglasali u Predsjedni\u0161tvu\u201d - RADIO LJUBU\u0160KI\",\"isPartOf\":{\"@id\":\"https:\\\/\\\/radioljubuski.ba\\\/#website\"},\"primaryImageOfPage\":{\"@id\":\"https:\\\/\\\/radioljubuski.ba\\\/index.php\\\/2022\\\/03\\\/05\\\/dodik-otkrio-kako-su-ga-preglasali-u-predsjednistvu\\\/#primaryimage\"},\"image\":{\"@id\":\"https:\\\/\\\/radioljubuski.ba\\\/index.php\\\/2022\\\/03\\\/05\\\/dodik-otkrio-kako-su-ga-preglasali-u-predsjednistvu\\\/#primaryimage\"},\"thumbnailUrl\":\"https:\\\/\\\/radioljubuski.ba\\\/wp-content\\\/uploads\\\/2021\\\/08\\\/dodik-ured1.jpg\",\"datePublished\":\"2022-03-05T11:26:26+00:00\",\"breadcrumb\":{\"@id\":\"https:\\\/\\\/radioljubuski.ba\\\/index.php\\\/2022\\\/03\\\/05\\\/dodik-otkrio-kako-su-ga-preglasali-u-predsjednistvu\\\/#breadcrumb\"},\"inLanguage\":\"hr\",\"potentialAction\":[{\"@type\":\"ReadAction\",\"target\":[\"https:\\\/\\\/radioljubuski.ba\\\/index.php\\\/2022\\\/03\\\/05\\\/dodik-otkrio-kako-su-ga-preglasali-u-predsjednistvu\\\/\"]}]},{\"@type\":\"ImageObject\",\"inLanguage\":\"hr\",\"@id\":\"https:\\\/\\\/radioljubuski.ba\\\/index.php\\\/2022\\\/03\\\/05\\\/dodik-otkrio-kako-su-ga-preglasali-u-predsjednistvu\\\/#primaryimage\",\"url\":\"https:\\\/\\\/radioljubuski.ba\\\/wp-content\\\/uploads\\\/2021\\\/08\\\/dodik-ured1.jpg\",\"contentUrl\":\"https:\\\/\\\/radioljubuski.ba\\\/wp-content\\\/uploads\\\/2021\\\/08\\\/dodik-ured1.jpg\",\"width\":658,\"height\":494},{\"@type\":\"BreadcrumbList\",\"@id\":\"https:\\\/\\\/radioljubuski.ba\\\/index.php\\\/2022\\\/03\\\/05\\\/dodik-otkrio-kako-su-ga-preglasali-u-predsjednistvu\\\/#breadcrumb\",\"itemListElement\":[{\"@type\":\"ListItem\",\"position\":1,\"name\":\"Po\u010detna stranica\",\"item\":\"https:\\\/\\\/radioljubuski.ba\\\/\"},{\"@type\":\"ListItem\",\"position\":2,\"name\":\"Dodik otkrio kako su ga \u201cpreglasali u Predsjedni\u0161tvu\u201d\"}]},{\"@type\":\"WebSite\",\"@id\":\"https:\\\/\\\/radioljubuski.ba\\\/#website\",\"url\":\"https:\\\/\\\/radioljubuski.ba\\\/\",\"name\":\"Radio Ljubu\u0161ki\",\"description\":\"Sun\u010dana frekvencija Hercegovine\",\"publisher\":{\"@id\":\"https:\\\/\\\/radioljubuski.ba\\\/#organization\"},\"potentialAction\":[{\"@type\":\"SearchAction\",\"target\":{\"@type\":\"EntryPoint\",\"urlTemplate\":\"https:\\\/\\\/radioljubuski.ba\\\/?s={search_term_string}\"},\"query-input\":{\"@type\":\"PropertyValueSpecification\",\"valueRequired\":true,\"valueName\":\"search_term_string\"}}],\"inLanguage\":\"hr\"},{\"@type\":\"Organization\",\"@id\":\"https:\\\/\\\/radioljubuski.ba\\\/#organization\",\"name\":\"Radio Ljubu\u0161ki\",\"url\":\"https:\\\/\\\/radioljubuski.ba\\\/\",\"logo\":{\"@type\":\"ImageObject\",\"inLanguage\":\"hr\",\"@id\":\"https:\\\/\\\/radioljubuski.ba\\\/#\\\/schema\\\/logo\\\/image\\\/\",\"url\":\"https:\\\/\\\/radioljubuski.ba\\\/wp-content\\\/uploads\\\/2021\\\/02\\\/cropped-Radio_Ljubuski_logo1.jpg\",\"contentUrl\":\"https:\\\/\\\/radioljubuski.ba\\\/wp-content\\\/uploads\\\/2021\\\/02\\\/cropped-Radio_Ljubuski_logo1.jpg\",\"width\":512,\"height\":512,\"caption\":\"Radio Ljubu\u0161ki\"},\"image\":{\"@id\":\"https:\\\/\\\/radioljubuski.ba\\\/#\\\/schema\\\/logo\\\/image\\\/\"},\"sameAs\":[\"https:\\\/\\\/www.facebook.com\\\/Radiio-Ljubuski-1490835324566332\",\"https:\\\/\\\/x.com\\\/radioljubuski\",\"https:\\\/\\\/hr.linkedin.com\\\/company\\\/radio-ljubuski\",\"https:\\\/\\\/www.youtube.com\\\/channel\\\/UCHYaeO_n0Db3tjNGudGpXyw\"]},{\"@type\":\"Person\",\"@id\":\"https:\\\/\\\/radioljubuski.ba\\\/#\\\/schema\\\/person\\\/19fc700381a780f69665d7956c469e3b\",\"name\":\"Radio Ljubu\u0161ki\"}]}<\/script>\n<!-- \/ Yoast SEO plugin. -->","yoast_head_json":{"title":"Dodik otkrio kako su ga \u201cpreglasali u Predsjedni\u0161tvu\u201d - RADIO LJUBU\u0160KI","robots":{"index":"index","follow":"follow","max-snippet":"max-snippet:-1","max-image-preview":"max-image-preview:large","max-video-preview":"max-video-preview:-1"},"canonical":"https:\/\/radioljubuski.ba\/index.php\/2022\/03\/05\/dodik-otkrio-kako-su-ga-preglasali-u-predsjednistvu\/","og_locale":"hr_HR","og_type":"article","og_title":"Dodik otkrio kako su ga \u201cpreglasali u Predsjedni\u0161tvu\u201d - RADIO LJUBU\u0160KI","og_description":"\u010clan Predsjedni\u0161tva Bosne i Hercegovine Milorad Dodik izjavio je danas da je dosljedan obrani interesa Republike Srpske i da se bori da nitko u BiH ne mo\u017ee dati nikakve suglasnosti ni za \u0161to bez ovog bh. entiteta. Dodik je rekao da stavovi predsjednika SDS-a Mirka \u0160arovi\u0107a u vezi sa napu\u0161tanjem sjednice Predsjedni\u0161tva BiH predstavljaju \u201cizdajni\u010dki [&hellip;]","og_url":"https:\/\/radioljubuski.ba\/index.php\/2022\/03\/05\/dodik-otkrio-kako-su-ga-preglasali-u-predsjednistvu\/","og_site_name":"RADIO LJUBU\u0160KI","article_publisher":"https:\/\/www.facebook.com\/Radiio-Ljubuski-1490835324566332","article_published_time":"2022-03-05T11:26:26+00:00","og_image":[{"width":658,"height":494,"url":"https:\/\/radioljubuski.ba\/wp-content\/uploads\/2021\/08\/dodik-ured1.jpg","type":"image\/jpeg"}],"author":"Radio Ljubu\u0161ki","twitter_card":"summary_large_image","twitter_creator":"@radioljubuski","twitter_site":"@radioljubuski","twitter_misc":{"Napisao\/la":"Radio Ljubu\u0161ki","Procijenjeno vrijeme \u010ditanja":"2 minute"},"schema":{"@context":"https:\/\/schema.org","@graph":[{"@type":"Article","@id":"https:\/\/radioljubuski.ba\/index.php\/2022\/03\/05\/dodik-otkrio-kako-su-ga-preglasali-u-predsjednistvu\/#article","isPartOf":{"@id":"https:\/\/radioljubuski.ba\/index.php\/2022\/03\/05\/dodik-otkrio-kako-su-ga-preglasali-u-predsjednistvu\/"},"author":{"name":"Radio Ljubu\u0161ki","@id":"https:\/\/radioljubuski.ba\/#\/schema\/person\/19fc700381a780f69665d7956c469e3b"},"headline":"Dodik otkrio kako su ga \u201cpreglasali u Predsjedni\u0161tvu\u201d","datePublished":"2022-03-05T11:26:26+00:00","mainEntityOfPage":{"@id":"https:\/\/radioljubuski.ba\/index.php\/2022\/03\/05\/dodik-otkrio-kako-su-ga-preglasali-u-predsjednistvu\/"},"wordCount":349,"publisher":{"@id":"https:\/\/radioljubuski.ba\/#organization"},"image":{"@id":"https:\/\/radioljubuski.ba\/index.php\/2022\/03\/05\/dodik-otkrio-kako-su-ga-preglasali-u-predsjednistvu\/#primaryimage"},"thumbnailUrl":"https:\/\/radioljubuski.ba\/wp-content\/uploads\/2021\/08\/dodik-ured1.jpg","articleSection":["BIH i regija"],"inLanguage":"hr"},{"@type":"WebPage","@id":"https:\/\/radioljubuski.ba\/index.php\/2022\/03\/05\/dodik-otkrio-kako-su-ga-preglasali-u-predsjednistvu\/","url":"https:\/\/radioljubuski.ba\/index.php\/2022\/03\/05\/dodik-otkrio-kako-su-ga-preglasali-u-predsjednistvu\/","name":"Dodik otkrio kako su ga \u201cpreglasali u Predsjedni\u0161tvu\u201d - RADIO LJUBU\u0160KI","isPartOf":{"@id":"https:\/\/radioljubuski.ba\/#website"},"primaryImageOfPage":{"@id":"https:\/\/radioljubuski.ba\/index.php\/2022\/03\/05\/dodik-otkrio-kako-su-ga-preglasali-u-predsjednistvu\/#primaryimage"},"image":{"@id":"https:\/\/radioljubuski.ba\/index.php\/2022\/03\/05\/dodik-otkrio-kako-su-ga-preglasali-u-predsjednistvu\/#primaryimage"},"thumbnailUrl":"https:\/\/radioljubuski.ba\/wp-content\/uploads\/2021\/08\/dodik-ured1.jpg","datePublished":"2022-03-05T11:26:26+00:00","breadcrumb":{"@id":"https:\/\/radioljubuski.ba\/index.php\/2022\/03\/05\/dodik-otkrio-kako-su-ga-preglasali-u-predsjednistvu\/#breadcrumb"},"inLanguage":"hr","potentialAction":[{"@type":"ReadAction","target":["https:\/\/radioljubuski.ba\/index.php\/2022\/03\/05\/dodik-otkrio-kako-su-ga-preglasali-u-predsjednistvu\/"]}]},{"@type":"ImageObject","inLanguage":"hr","@id":"https:\/\/radioljubuski.ba\/index.php\/2022\/03\/05\/dodik-otkrio-kako-su-ga-preglasali-u-predsjednistvu\/#primaryimage","url":"https:\/\/radioljubuski.ba\/wp-content\/uploads\/2021\/08\/dodik-ured1.jpg","contentUrl":"https:\/\/radioljubuski.ba\/wp-content\/uploads\/2021\/08\/dodik-ured1.jpg","width":658,"height":494},{"@type":"BreadcrumbList","@id":"https:\/\/radioljubuski.ba\/index.php\/2022\/03\/05\/dodik-otkrio-kako-su-ga-preglasali-u-predsjednistvu\/#breadcrumb","itemListElement":[{"@type":"ListItem","position":1,"name":"Po\u010detna stranica","item":"https:\/\/radioljubuski.ba\/"},{"@type":"ListItem","position":2,"name":"Dodik otkrio kako su ga \u201cpreglasali u Predsjedni\u0161tvu\u201d"}]},{"@type":"WebSite","@id":"https:\/\/radioljubuski.ba\/#website","url":"https:\/\/radioljubuski.ba\/","name":"Radio Ljubu\u0161ki","description":"Sun\u010dana frekvencija Hercegovine","publisher":{"@id":"https:\/\/radioljubuski.ba\/#organization"},"potentialAction":[{"@type":"SearchAction","target":{"@type":"EntryPoint","urlTemplate":"https:\/\/radioljubuski.ba\/?s={search_term_string}"},"query-input":{"@type":"PropertyValueSpecification","valueRequired":true,"valueName":"search_term_string"}}],"inLanguage":"hr"},{"@type":"Organization","@id":"https:\/\/radioljubuski.ba\/#organization","name":"Radio Ljubu\u0161ki","url":"https:\/\/radioljubuski.ba\/","logo":{"@type":"ImageObject","inLanguage":"hr","@id":"https:\/\/radioljubuski.ba\/#\/schema\/logo\/image\/","url":"https:\/\/radioljubuski.ba\/wp-content\/uploads\/2021\/02\/cropped-Radio_Ljubuski_logo1.jpg","contentUrl":"https:\/\/radioljubuski.ba\/wp-content\/uploads\/2021\/02\/cropped-Radio_Ljubuski_logo1.jpg","width":512,"height":512,"caption":"Radio Ljubu\u0161ki"},"image":{"@id":"https:\/\/radioljubuski.ba\/#\/schema\/logo\/image\/"},"sameAs":["https:\/\/www.facebook.com\/Radiio-Ljubuski-1490835324566332","https:\/\/x.com\/radioljubuski","https:\/\/hr.linkedin.com\/company\/radio-ljubuski","https:\/\/www.youtube.com\/channel\/UCHYaeO_n0Db3tjNGudGpXyw"]},{"@type":"Person","@id":"https:\/\/radioljubuski.ba\/#\/schema\/person\/19fc700381a780f69665d7956c469e3b","name":"Radio Ljubu\u0161ki"}]}},"_links":{"self":[{"href":"https:\/\/radioljubuski.ba\/index.php\/wp-json\/wp\/v2\/posts\/118185","targetHints":{"allow":["GET"]}}],"collection":[{"href":"https:\/\/radioljubuski.ba\/index.php\/wp-json\/wp\/v2\/posts"}],"about":[{"href":"https:\/\/radioljubuski.ba\/index.php\/wp-json\/wp\/v2\/types\/post"}],"author":[{"embeddable":true,"href":"https:\/\/radioljubuski.ba\/index.php\/wp-json\/wp\/v2\/users\/2"}],"replies":[{"embeddable":true,"href":"https:\/\/radioljubuski.ba\/index.php\/wp-json\/wp\/v2\/comments?post=118185"}],"version-history":[{"count":1,"href":"https:\/\/radioljubuski.ba\/index.php\/wp-json\/wp\/v2\/posts\/118185\/revisions"}],"predecessor-version":[{"id":118186,"href":"https:\/\/radioljubuski.ba\/index.php\/wp-json\/wp\/v2\/posts\/118185\/revisions\/118186"}],"wp:featuredmedia":[{"embeddable":true,"href":"https:\/\/radioljubuski.ba\/index.php\/wp-json\/wp\/v2\/media\/59618"}],"wp:attachment":[{"href":"https:\/\/radioljubuski.ba\/index.php\/wp-json\/wp\/v2\/media?parent=118185"}],"wp:term":[{"taxonomy":"category","embeddable":true,"href":"https:\/\/radioljubuski.ba\/index.php\/wp-json\/wp\/v2\/categories?post=118185"},{"taxonomy":"post_tag","embeddable":true,"href":"https:\/\/radioljubuski.ba\/index.php\/wp-json\/wp\/v2\/tags?post=118185"}],"curies":[{"name":"wp","href":"https:\/\/api.w.org\/{rel}","templated":true}]}}