{"id":118187,"date":"2022-03-05T12:27:34","date_gmt":"2022-03-05T11:27:34","guid":{"rendered":"https:\/\/radioljubuski.ba\/?p=118187"},"modified":"2022-03-05T12:27:35","modified_gmt":"2022-03-05T11:27:35","slug":"zelenskij-se-obratio-europi-ako-mi-padnemo-past-cete-i-vi","status":"publish","type":"post","link":"https:\/\/radioljubuski.ba\/index.php\/2022\/03\/05\/zelenskij-se-obratio-europi-ako-mi-padnemo-past-cete-i-vi\/","title":{"rendered":"Zelenskij se obratio Europi: Ako mi padnemo, past \u0107ete i vi"},"content":{"rendered":"\n<p>Ukrajinski predsjednik Volodimir Zelenskij sino\u0107 se putem Zooma obratio prosvjednicima okupljanima u nizu europskih gradova, koji su iza\u0161li na ulice kako bi dali podr\u0161ku Ukrajini u borbi protiv ruske invazije.<\/p>\n\n\n\n<p>&#8220;Prva minuta ovog obra\u0107anja bit \u0107e minuta \u0161utnje za sve one koji su pali u borbi za svoju zemlju, za na\u0161e vojnike, za sve one koji \u010dine herojska djela brane\u0107i na\u0161u zemlju, za one koji su dali svoje \u017eivote&#8221;, rekao je Zelenskij u obra\u0107anju prosvjednicima u Bratislavi, Frankfurtu, Pragu, Lyonu, Tbilisiju, Be\u010du i Vilniusu.<\/p>\n\n\n\n<p>&#8220;\u017delim po\u017eeljeti sve najbolje narodima Europe. Na\u0161i vojnici, na\u0161i heroji ovih dana \u0161tite na\u0161u Ukrajinu, na\u0161u Europu i va\u0161u Europu&#8221;, dodao je Zelenskij.<\/p>\n\n\n\n<p>Posljednji dio svog obra\u0107anja Zelenskij je iskoristio kako bi obe\u0107ao pobjedu u ratu, koju je nazvao &#8220;pobjedom za Ukrajinu i pobjedom za demokraciju&#8221;.<\/p>\n\n\n\n<p>&#8220;Ako mi padnemo, past \u0107ete i vi&#8221;<br>&#8220;\u017delim vas pozvati da ne \u0161utite. \u017delim da iza\u0111ete na ulice svojih gradova i podr\u017eite Ukrajinu, podr\u017eite na\u0161e napre i na\u0161u borbu jer, ako padne Ukrajina, past \u0107e i Europa. Ako mi padnemo, past \u0107ete i vi i zato vas molim, ne \u0161utite i ne okre\u0107ite glavu&#8221;, rekao je Zelenskij<\/p>\n\n\n\n<p>&#8220;Iza\u0111ite i podr\u017eite Ukrajinu koliko god mo\u017eete. A ako pobijedimo, a siguran sam da ho\u0107emo, to \u0107e biti pobjeda za cijeli demokratski svijet. To \u0107e biti pobjeda za na\u0161u slobodu. To \u0107e biti pobjeda svjetla nad tamom, slobode nad ropstvom. Ako pobijedimo, procvjetat \u0107emo kao i Europa, a Europa \u0107e procvjetati vi\u0161e nego ikad nakon te veli\u010danstvene pobjede. Slava Ukrajini&#8221;, zaklju\u010dio je Zelenskij.<\/p>\n\n\n\n<p>Izvor:index.hr<\/p>\n","protected":false},"excerpt":{"rendered":"<p>Ukrajinski predsjednik Volodimir Zelenskij sino\u0107 se putem Zooma obratio prosvjednicima okupljanima u nizu europskih gradova, koji su iza\u0161li na ulice kako bi dali podr\u0161ku Ukrajini u borbi protiv ruske invazije. &#8220;Prva minuta ovog obra\u0107anja bit \u0107e minuta \u0161utnje za sve one koji su pali u borbi za svoju zemlju, za na\u0161e vojnike, za sve one [&hellip;]<\/p>\n","protected":false},"author":2,"featured_media":118188,"comment_status":"closed","ping_status":"closed","sticky":false,"template":"","format":"standard","meta":{"h5ap_radio_sources":[],"footnotes":""},"categories":[1],"tags":[],"class_list":["post-118187","post","type-post","status-publish","format-standard","has-post-thumbnail","hentry","category-bihiregija"],"yoast_head":"<!-- This site is optimized with the Yoast SEO plugin v27.5 - https:\/\/yoast.com\/product\/yoast-seo-wordpress\/ -->\n<title>Zelenskij se obratio Europi: Ako mi padnemo, past \u0107ete i vi - RADIO LJUBU\u0160KI<\/title>\n<meta name=\"robots\" content=\"index, follow, max-snippet:-1, max-image-preview:large, max-video-preview:-1\" \/>\n<link rel=\"canonical\" href=\"https:\/\/radioljubuski.ba\/index.php\/2022\/03\/05\/zelenskij-se-obratio-europi-ako-mi-padnemo-past-cete-i-vi\/\" \/>\n<meta property=\"og:locale\" content=\"hr_HR\" \/>\n<meta property=\"og:type\" content=\"article\" \/>\n<meta property=\"og:title\" content=\"Zelenskij se obratio Europi: Ako mi padnemo, past \u0107ete i vi - RADIO LJUBU\u0160KI\" \/>\n<meta property=\"og:description\" content=\"Ukrajinski predsjednik Volodimir Zelenskij sino\u0107 se putem Zooma obratio prosvjednicima okupljanima u nizu europskih gradova, koji su iza\u0161li na ulice kako bi dali podr\u0161ku Ukrajini u borbi protiv ruske invazije. &#8220;Prva minuta ovog obra\u0107anja bit \u0107e minuta \u0161utnje za sve one koji su pali u borbi za svoju zemlju, za na\u0161e vojnike, za sve one [&hellip;]\" \/>\n<meta property=\"og:url\" content=\"https:\/\/radioljubuski.ba\/index.php\/2022\/03\/05\/zelenskij-se-obratio-europi-ako-mi-padnemo-past-cete-i-vi\/\" \/>\n<meta property=\"og:site_name\" content=\"RADIO LJUBU\u0160KI\" \/>\n<meta property=\"article:publisher\" content=\"https:\/\/www.facebook.com\/Radiio-Ljubuski-1490835324566332\" \/>\n<meta property=\"article:published_time\" content=\"2022-03-05T11:27:34+00:00\" \/>\n<meta property=\"article:modified_time\" content=\"2022-03-05T11:27:35+00:00\" \/>\n<meta property=\"og:image\" content=\"https:\/\/radioljubuski.ba\/wp-content\/uploads\/2022\/03\/3-2022-03-04-21-19-23-zzelennski.jpeg\" \/>\n\t<meta property=\"og:image:width\" content=\"1000\" \/>\n\t<meta property=\"og:image:height\" content=\"625\" \/>\n\t<meta property=\"og:image:type\" content=\"image\/jpeg\" \/>\n<meta name=\"author\" content=\"Radio Ljubu\u0161ki\" \/>\n<meta name=\"twitter:card\" content=\"summary_large_image\" \/>\n<meta name=\"twitter:creator\" content=\"@radioljubuski\" \/>\n<meta name=\"twitter:site\" content=\"@radioljubuski\" \/>\n<meta name=\"twitter:label1\" content=\"Napisao\/la\" \/>\n\t<meta name=\"twitter:data1\" content=\"Radio Ljubu\u0161ki\" \/>\n\t<meta name=\"twitter:label2\" content=\"Procijenjeno vrijeme \u010ditanja\" \/>\n\t<meta name=\"twitter:data2\" content=\"2 minute\" \/>\n<script type=\"application\/ld+json\" class=\"yoast-schema-graph\">{\"@context\":\"https:\\\/\\\/schema.org\",\"@graph\":[{\"@type\":\"Article\",\"@id\":\"https:\\\/\\\/radioljubuski.ba\\\/index.php\\\/2022\\\/03\\\/05\\\/zelenskij-se-obratio-europi-ako-mi-padnemo-past-cete-i-vi\\\/#article\",\"isPartOf\":{\"@id\":\"https:\\\/\\\/radioljubuski.ba\\\/index.php\\\/2022\\\/03\\\/05\\\/zelenskij-se-obratio-europi-ako-mi-padnemo-past-cete-i-vi\\\/\"},\"author\":{\"name\":\"Radio Ljubu\u0161ki\",\"@id\":\"https:\\\/\\\/radioljubuski.ba\\\/#\\\/schema\\\/person\\\/19fc700381a780f69665d7956c469e3b\"},\"headline\":\"Zelenskij se obratio Europi: Ako mi padnemo, past \u0107ete i vi\",\"datePublished\":\"2022-03-05T11:27:34+00:00\",\"dateModified\":\"2022-03-05T11:27:35+00:00\",\"mainEntityOfPage\":{\"@id\":\"https:\\\/\\\/radioljubuski.ba\\\/index.php\\\/2022\\\/03\\\/05\\\/zelenskij-se-obratio-europi-ako-mi-padnemo-past-cete-i-vi\\\/\"},\"wordCount\":294,\"publisher\":{\"@id\":\"https:\\\/\\\/radioljubuski.ba\\\/#organization\"},\"image\":{\"@id\":\"https:\\\/\\\/radioljubuski.ba\\\/index.php\\\/2022\\\/03\\\/05\\\/zelenskij-se-obratio-europi-ako-mi-padnemo-past-cete-i-vi\\\/#primaryimage\"},\"thumbnailUrl\":\"https:\\\/\\\/radioljubuski.ba\\\/wp-content\\\/uploads\\\/2022\\\/03\\\/3-2022-03-04-21-19-23-zzelennski.jpeg\",\"articleSection\":[\"BIH i regija\"],\"inLanguage\":\"hr\"},{\"@type\":\"WebPage\",\"@id\":\"https:\\\/\\\/radioljubuski.ba\\\/index.php\\\/2022\\\/03\\\/05\\\/zelenskij-se-obratio-europi-ako-mi-padnemo-past-cete-i-vi\\\/\",\"url\":\"https:\\\/\\\/radioljubuski.ba\\\/index.php\\\/2022\\\/03\\\/05\\\/zelenskij-se-obratio-europi-ako-mi-padnemo-past-cete-i-vi\\\/\",\"name\":\"Zelenskij se obratio Europi: Ako mi padnemo, past \u0107ete i vi - RADIO LJUBU\u0160KI\",\"isPartOf\":{\"@id\":\"https:\\\/\\\/radioljubuski.ba\\\/#website\"},\"primaryImageOfPage\":{\"@id\":\"https:\\\/\\\/radioljubuski.ba\\\/index.php\\\/2022\\\/03\\\/05\\\/zelenskij-se-obratio-europi-ako-mi-padnemo-past-cete-i-vi\\\/#primaryimage\"},\"image\":{\"@id\":\"https:\\\/\\\/radioljubuski.ba\\\/index.php\\\/2022\\\/03\\\/05\\\/zelenskij-se-obratio-europi-ako-mi-padnemo-past-cete-i-vi\\\/#primaryimage\"},\"thumbnailUrl\":\"https:\\\/\\\/radioljubuski.ba\\\/wp-content\\\/uploads\\\/2022\\\/03\\\/3-2022-03-04-21-19-23-zzelennski.jpeg\",\"datePublished\":\"2022-03-05T11:27:34+00:00\",\"dateModified\":\"2022-03-05T11:27:35+00:00\",\"breadcrumb\":{\"@id\":\"https:\\\/\\\/radioljubuski.ba\\\/index.php\\\/2022\\\/03\\\/05\\\/zelenskij-se-obratio-europi-ako-mi-padnemo-past-cete-i-vi\\\/#breadcrumb\"},\"inLanguage\":\"hr\",\"potentialAction\":[{\"@type\":\"ReadAction\",\"target\":[\"https:\\\/\\\/radioljubuski.ba\\\/index.php\\\/2022\\\/03\\\/05\\\/zelenskij-se-obratio-europi-ako-mi-padnemo-past-cete-i-vi\\\/\"]}]},{\"@type\":\"ImageObject\",\"inLanguage\":\"hr\",\"@id\":\"https:\\\/\\\/radioljubuski.ba\\\/index.php\\\/2022\\\/03\\\/05\\\/zelenskij-se-obratio-europi-ako-mi-padnemo-past-cete-i-vi\\\/#primaryimage\",\"url\":\"https:\\\/\\\/radioljubuski.ba\\\/wp-content\\\/uploads\\\/2022\\\/03\\\/3-2022-03-04-21-19-23-zzelennski.jpeg\",\"contentUrl\":\"https:\\\/\\\/radioljubuski.ba\\\/wp-content\\\/uploads\\\/2022\\\/03\\\/3-2022-03-04-21-19-23-zzelennski.jpeg\",\"width\":1000,\"height\":625},{\"@type\":\"BreadcrumbList\",\"@id\":\"https:\\\/\\\/radioljubuski.ba\\\/index.php\\\/2022\\\/03\\\/05\\\/zelenskij-se-obratio-europi-ako-mi-padnemo-past-cete-i-vi\\\/#breadcrumb\",\"itemListElement\":[{\"@type\":\"ListItem\",\"position\":1,\"name\":\"Po\u010detna stranica\",\"item\":\"https:\\\/\\\/radioljubuski.ba\\\/\"},{\"@type\":\"ListItem\",\"position\":2,\"name\":\"Zelenskij se obratio Europi: Ako mi padnemo, past \u0107ete i vi\"}]},{\"@type\":\"WebSite\",\"@id\":\"https:\\\/\\\/radioljubuski.ba\\\/#website\",\"url\":\"https:\\\/\\\/radioljubuski.ba\\\/\",\"name\":\"Radio Ljubu\u0161ki\",\"description\":\"Sun\u010dana frekvencija Hercegovine\",\"publisher\":{\"@id\":\"https:\\\/\\\/radioljubuski.ba\\\/#organization\"},\"potentialAction\":[{\"@type\":\"SearchAction\",\"target\":{\"@type\":\"EntryPoint\",\"urlTemplate\":\"https:\\\/\\\/radioljubuski.ba\\\/?s={search_term_string}\"},\"query-input\":{\"@type\":\"PropertyValueSpecification\",\"valueRequired\":true,\"valueName\":\"search_term_string\"}}],\"inLanguage\":\"hr\"},{\"@type\":\"Organization\",\"@id\":\"https:\\\/\\\/radioljubuski.ba\\\/#organization\",\"name\":\"Radio Ljubu\u0161ki\",\"url\":\"https:\\\/\\\/radioljubuski.ba\\\/\",\"logo\":{\"@type\":\"ImageObject\",\"inLanguage\":\"hr\",\"@id\":\"https:\\\/\\\/radioljubuski.ba\\\/#\\\/schema\\\/logo\\\/image\\\/\",\"url\":\"https:\\\/\\\/radioljubuski.ba\\\/wp-content\\\/uploads\\\/2021\\\/02\\\/cropped-Radio_Ljubuski_logo1.jpg\",\"contentUrl\":\"https:\\\/\\\/radioljubuski.ba\\\/wp-content\\\/uploads\\\/2021\\\/02\\\/cropped-Radio_Ljubuski_logo1.jpg\",\"width\":512,\"height\":512,\"caption\":\"Radio Ljubu\u0161ki\"},\"image\":{\"@id\":\"https:\\\/\\\/radioljubuski.ba\\\/#\\\/schema\\\/logo\\\/image\\\/\"},\"sameAs\":[\"https:\\\/\\\/www.facebook.com\\\/Radiio-Ljubuski-1490835324566332\",\"https:\\\/\\\/x.com\\\/radioljubuski\",\"https:\\\/\\\/hr.linkedin.com\\\/company\\\/radio-ljubuski\",\"https:\\\/\\\/www.youtube.com\\\/channel\\\/UCHYaeO_n0Db3tjNGudGpXyw\"]},{\"@type\":\"Person\",\"@id\":\"https:\\\/\\\/radioljubuski.ba\\\/#\\\/schema\\\/person\\\/19fc700381a780f69665d7956c469e3b\",\"name\":\"Radio Ljubu\u0161ki\"}]}<\/script>\n<!-- \/ Yoast SEO plugin. -->","yoast_head_json":{"title":"Zelenskij se obratio Europi: Ako mi padnemo, past \u0107ete i vi - RADIO LJUBU\u0160KI","robots":{"index":"index","follow":"follow","max-snippet":"max-snippet:-1","max-image-preview":"max-image-preview:large","max-video-preview":"max-video-preview:-1"},"canonical":"https:\/\/radioljubuski.ba\/index.php\/2022\/03\/05\/zelenskij-se-obratio-europi-ako-mi-padnemo-past-cete-i-vi\/","og_locale":"hr_HR","og_type":"article","og_title":"Zelenskij se obratio Europi: Ako mi padnemo, past \u0107ete i vi - RADIO LJUBU\u0160KI","og_description":"Ukrajinski predsjednik Volodimir Zelenskij sino\u0107 se putem Zooma obratio prosvjednicima okupljanima u nizu europskih gradova, koji su iza\u0161li na ulice kako bi dali podr\u0161ku Ukrajini u borbi protiv ruske invazije. &#8220;Prva minuta ovog obra\u0107anja bit \u0107e minuta \u0161utnje za sve one koji su pali u borbi za svoju zemlju, za na\u0161e vojnike, za sve one [&hellip;]","og_url":"https:\/\/radioljubuski.ba\/index.php\/2022\/03\/05\/zelenskij-se-obratio-europi-ako-mi-padnemo-past-cete-i-vi\/","og_site_name":"RADIO LJUBU\u0160KI","article_publisher":"https:\/\/www.facebook.com\/Radiio-Ljubuski-1490835324566332","article_published_time":"2022-03-05T11:27:34+00:00","article_modified_time":"2022-03-05T11:27:35+00:00","og_image":[{"width":1000,"height":625,"url":"https:\/\/radioljubuski.ba\/wp-content\/uploads\/2022\/03\/3-2022-03-04-21-19-23-zzelennski.jpeg","type":"image\/jpeg"}],"author":"Radio Ljubu\u0161ki","twitter_card":"summary_large_image","twitter_creator":"@radioljubuski","twitter_site":"@radioljubuski","twitter_misc":{"Napisao\/la":"Radio Ljubu\u0161ki","Procijenjeno vrijeme \u010ditanja":"2 minute"},"schema":{"@context":"https:\/\/schema.org","@graph":[{"@type":"Article","@id":"https:\/\/radioljubuski.ba\/index.php\/2022\/03\/05\/zelenskij-se-obratio-europi-ako-mi-padnemo-past-cete-i-vi\/#article","isPartOf":{"@id":"https:\/\/radioljubuski.ba\/index.php\/2022\/03\/05\/zelenskij-se-obratio-europi-ako-mi-padnemo-past-cete-i-vi\/"},"author":{"name":"Radio Ljubu\u0161ki","@id":"https:\/\/radioljubuski.ba\/#\/schema\/person\/19fc700381a780f69665d7956c469e3b"},"headline":"Zelenskij se obratio Europi: Ako mi padnemo, past \u0107ete i vi","datePublished":"2022-03-05T11:27:34+00:00","dateModified":"2022-03-05T11:27:35+00:00","mainEntityOfPage":{"@id":"https:\/\/radioljubuski.ba\/index.php\/2022\/03\/05\/zelenskij-se-obratio-europi-ako-mi-padnemo-past-cete-i-vi\/"},"wordCount":294,"publisher":{"@id":"https:\/\/radioljubuski.ba\/#organization"},"image":{"@id":"https:\/\/radioljubuski.ba\/index.php\/2022\/03\/05\/zelenskij-se-obratio-europi-ako-mi-padnemo-past-cete-i-vi\/#primaryimage"},"thumbnailUrl":"https:\/\/radioljubuski.ba\/wp-content\/uploads\/2022\/03\/3-2022-03-04-21-19-23-zzelennski.jpeg","articleSection":["BIH i regija"],"inLanguage":"hr"},{"@type":"WebPage","@id":"https:\/\/radioljubuski.ba\/index.php\/2022\/03\/05\/zelenskij-se-obratio-europi-ako-mi-padnemo-past-cete-i-vi\/","url":"https:\/\/radioljubuski.ba\/index.php\/2022\/03\/05\/zelenskij-se-obratio-europi-ako-mi-padnemo-past-cete-i-vi\/","name":"Zelenskij se obratio Europi: Ako mi padnemo, past \u0107ete i vi - RADIO LJUBU\u0160KI","isPartOf":{"@id":"https:\/\/radioljubuski.ba\/#website"},"primaryImageOfPage":{"@id":"https:\/\/radioljubuski.ba\/index.php\/2022\/03\/05\/zelenskij-se-obratio-europi-ako-mi-padnemo-past-cete-i-vi\/#primaryimage"},"image":{"@id":"https:\/\/radioljubuski.ba\/index.php\/2022\/03\/05\/zelenskij-se-obratio-europi-ako-mi-padnemo-past-cete-i-vi\/#primaryimage"},"thumbnailUrl":"https:\/\/radioljubuski.ba\/wp-content\/uploads\/2022\/03\/3-2022-03-04-21-19-23-zzelennski.jpeg","datePublished":"2022-03-05T11:27:34+00:00","dateModified":"2022-03-05T11:27:35+00:00","breadcrumb":{"@id":"https:\/\/radioljubuski.ba\/index.php\/2022\/03\/05\/zelenskij-se-obratio-europi-ako-mi-padnemo-past-cete-i-vi\/#breadcrumb"},"inLanguage":"hr","potentialAction":[{"@type":"ReadAction","target":["https:\/\/radioljubuski.ba\/index.php\/2022\/03\/05\/zelenskij-se-obratio-europi-ako-mi-padnemo-past-cete-i-vi\/"]}]},{"@type":"ImageObject","inLanguage":"hr","@id":"https:\/\/radioljubuski.ba\/index.php\/2022\/03\/05\/zelenskij-se-obratio-europi-ako-mi-padnemo-past-cete-i-vi\/#primaryimage","url":"https:\/\/radioljubuski.ba\/wp-content\/uploads\/2022\/03\/3-2022-03-04-21-19-23-zzelennski.jpeg","contentUrl":"https:\/\/radioljubuski.ba\/wp-content\/uploads\/2022\/03\/3-2022-03-04-21-19-23-zzelennski.jpeg","width":1000,"height":625},{"@type":"BreadcrumbList","@id":"https:\/\/radioljubuski.ba\/index.php\/2022\/03\/05\/zelenskij-se-obratio-europi-ako-mi-padnemo-past-cete-i-vi\/#breadcrumb","itemListElement":[{"@type":"ListItem","position":1,"name":"Po\u010detna stranica","item":"https:\/\/radioljubuski.ba\/"},{"@type":"ListItem","position":2,"name":"Zelenskij se obratio Europi: Ako mi padnemo, past \u0107ete i vi"}]},{"@type":"WebSite","@id":"https:\/\/radioljubuski.ba\/#website","url":"https:\/\/radioljubuski.ba\/","name":"Radio Ljubu\u0161ki","description":"Sun\u010dana frekvencija Hercegovine","publisher":{"@id":"https:\/\/radioljubuski.ba\/#organization"},"potentialAction":[{"@type":"SearchAction","target":{"@type":"EntryPoint","urlTemplate":"https:\/\/radioljubuski.ba\/?s={search_term_string}"},"query-input":{"@type":"PropertyValueSpecification","valueRequired":true,"valueName":"search_term_string"}}],"inLanguage":"hr"},{"@type":"Organization","@id":"https:\/\/radioljubuski.ba\/#organization","name":"Radio Ljubu\u0161ki","url":"https:\/\/radioljubuski.ba\/","logo":{"@type":"ImageObject","inLanguage":"hr","@id":"https:\/\/radioljubuski.ba\/#\/schema\/logo\/image\/","url":"https:\/\/radioljubuski.ba\/wp-content\/uploads\/2021\/02\/cropped-Radio_Ljubuski_logo1.jpg","contentUrl":"https:\/\/radioljubuski.ba\/wp-content\/uploads\/2021\/02\/cropped-Radio_Ljubuski_logo1.jpg","width":512,"height":512,"caption":"Radio Ljubu\u0161ki"},"image":{"@id":"https:\/\/radioljubuski.ba\/#\/schema\/logo\/image\/"},"sameAs":["https:\/\/www.facebook.com\/Radiio-Ljubuski-1490835324566332","https:\/\/x.com\/radioljubuski","https:\/\/hr.linkedin.com\/company\/radio-ljubuski","https:\/\/www.youtube.com\/channel\/UCHYaeO_n0Db3tjNGudGpXyw"]},{"@type":"Person","@id":"https:\/\/radioljubuski.ba\/#\/schema\/person\/19fc700381a780f69665d7956c469e3b","name":"Radio Ljubu\u0161ki"}]}},"_links":{"self":[{"href":"https:\/\/radioljubuski.ba\/index.php\/wp-json\/wp\/v2\/posts\/118187","targetHints":{"allow":["GET"]}}],"collection":[{"href":"https:\/\/radioljubuski.ba\/index.php\/wp-json\/wp\/v2\/posts"}],"about":[{"href":"https:\/\/radioljubuski.ba\/index.php\/wp-json\/wp\/v2\/types\/post"}],"author":[{"embeddable":true,"href":"https:\/\/radioljubuski.ba\/index.php\/wp-json\/wp\/v2\/users\/2"}],"replies":[{"embeddable":true,"href":"https:\/\/radioljubuski.ba\/index.php\/wp-json\/wp\/v2\/comments?post=118187"}],"version-history":[{"count":1,"href":"https:\/\/radioljubuski.ba\/index.php\/wp-json\/wp\/v2\/posts\/118187\/revisions"}],"predecessor-version":[{"id":118189,"href":"https:\/\/radioljubuski.ba\/index.php\/wp-json\/wp\/v2\/posts\/118187\/revisions\/118189"}],"wp:featuredmedia":[{"embeddable":true,"href":"https:\/\/radioljubuski.ba\/index.php\/wp-json\/wp\/v2\/media\/118188"}],"wp:attachment":[{"href":"https:\/\/radioljubuski.ba\/index.php\/wp-json\/wp\/v2\/media?parent=118187"}],"wp:term":[{"taxonomy":"category","embeddable":true,"href":"https:\/\/radioljubuski.ba\/index.php\/wp-json\/wp\/v2\/categories?post=118187"},{"taxonomy":"post_tag","embeddable":true,"href":"https:\/\/radioljubuski.ba\/index.php\/wp-json\/wp\/v2\/tags?post=118187"}],"curies":[{"name":"wp","href":"https:\/\/api.w.org\/{rel}","templated":true}]}}