{"id":118201,"date":"2022-03-05T12:35:57","date_gmt":"2022-03-05T11:35:57","guid":{"rendered":"https:\/\/radioljubuski.ba\/?p=118201"},"modified":"2022-03-05T12:35:58","modified_gmt":"2022-03-05T11:35:58","slug":"je-li-politika-spremna-odreci-se-znacajnog-priliva-novca","status":"publish","type":"post","link":"https:\/\/radioljubuski.ba\/index.php\/2022\/03\/05\/je-li-politika-spremna-odreci-se-znacajnog-priliva-novca\/","title":{"rendered":"Je li politika spremna odre\u0107i se zna\u010dajnog priliva novca?"},"content":{"rendered":"\n<p>Gorivo je poskupjelo. Litar nije dostigao 4 marke, kako su kru\u017eile glasine da \u0107e biti cijena, ali \u0107e gra\u0111ani u prosjeku za oko 10 feninga gorivo pla\u0107ati skuplje. U ovom momentu ne bi trebalo biti novog rapidnog rasta cijena. Prometnici koji budu enormno pove\u0107avali cijene goriva bit \u0107e sankcionirani, tvrde nadle\u017eni.<\/p>\n\n\n\n<iframe loading=\"lazy\" src=\"https:\/\/www.facebook.com\/plugins\/video.php?height=314&#038;href=https%3A%2F%2Fwww.facebook.com%2Ffederalna%2Fvideos%2F382149926626816%2F&#038;show_text=false&#038;width=560&#038;t=0\" width=\"560\" height=\"314\" style=\"border:none;overflow:hidden\" scrolling=\"no\" frameborder=\"0\" allowfullscreen=\"true\" allow=\"autoplay; clipboard-write; encrypted-media; picture-in-picture; web-share\" allowFullScreen=\"true\"><\/iframe>\n\n\n\n<p><strong>&#8216;Svako neosnovano pove\u0107anje cijena smatrat \u0107e se grubim kr\u0161enjem zakona&#8217;<\/strong><br>Gospodarskim dru\u0161tvima koja obavljaju djelatnost trgovine na veliko naftnim derivatima propisuje se maksimalna visina mar\u017ee u apsolutnom iznosu od 0,06 KM po litru derivata, a trgovine na malo u iznosu od 0,25 KM. Odluka je to Vlade Federacije Bosne i Hercegovine o formiranju cijena i mar\u017ei.<\/p>\n\n\n\n<p><strong>Gu\u017evi nema, ali evidentnog pove\u0107anja na pojedinim crpkama ima<\/strong><\/p>\n\n\n\n<p>Enormne gu\u017eve zabilje\u017eene su sino\u0107 na benzinskim crpkama diljem BiH, a nakon spekulacija da bi cijena naftnih derivata za krajnjeg korisnika mogla dosti\u0107i 4 marke po litru. Danas gu\u017evi nema, ali evidentnog pove\u0107anja na pojedinim crpkama ima, i to u prosjeku od 10 do 30 feninga.&nbsp;<\/p>\n\n\n\n<p><strong>Vi\u0161kovi\u0107: Tro\u0161arine na naftu i naftne derivate treba suspendirati na razini BiH<\/strong><\/p>\n\n\n\n<p>Tro\u0161arine na naftu i naftne derivate treba suspendirati na razini BiH s ciljem zaustavljanja rasta cijena, kazao je premijer Republike Srpske Radovan Vi\u0161kovi\u0107 nakon sastanka s gospodarstvenicima.&nbsp;<\/p>\n\n\n\n<p>Ukidanje akciza na gorivo moglo bi gra\u0111anima u d\u017eepu ostaviti oko 40 feninga po litru goriva. No, je li politika spremna odre\u0107i se zna\u010dajnog priliva novca?<\/p>\n\n\n\n<p>Izvor:federalna.ba<\/p>\n","protected":false},"excerpt":{"rendered":"<p>Gorivo je poskupjelo. Litar nije dostigao 4 marke, kako su kru\u017eile glasine da \u0107e biti cijena, ali \u0107e gra\u0111ani u prosjeku za oko 10 feninga gorivo pla\u0107ati skuplje. U ovom momentu ne bi trebalo biti novog rapidnog rasta cijena. Prometnici koji budu enormno pove\u0107avali cijene goriva bit \u0107e sankcionirani, tvrde nadle\u017eni. &#8216;Svako neosnovano pove\u0107anje cijena [&hellip;]<\/p>\n","protected":false},"author":2,"featured_media":0,"comment_status":"closed","ping_status":"closed","sticky":false,"template":"","format":"standard","meta":{"h5ap_radio_sources":[],"footnotes":""},"categories":[1],"tags":[],"class_list":["post-118201","post","type-post","status-publish","format-standard","hentry","category-bihiregija"],"yoast_head":"<!-- This site is optimized with the Yoast SEO plugin v27.5 - https:\/\/yoast.com\/product\/yoast-seo-wordpress\/ -->\n<title>Je li politika spremna odre\u0107i se zna\u010dajnog priliva novca? - RADIO LJUBU\u0160KI<\/title>\n<meta name=\"robots\" content=\"index, follow, max-snippet:-1, max-image-preview:large, max-video-preview:-1\" \/>\n<link rel=\"canonical\" href=\"https:\/\/radioljubuski.ba\/index.php\/2022\/03\/05\/je-li-politika-spremna-odreci-se-znacajnog-priliva-novca\/\" \/>\n<meta property=\"og:locale\" content=\"hr_HR\" \/>\n<meta property=\"og:type\" content=\"article\" \/>\n<meta property=\"og:title\" content=\"Je li politika spremna odre\u0107i se zna\u010dajnog priliva novca? - RADIO LJUBU\u0160KI\" \/>\n<meta property=\"og:description\" content=\"Gorivo je poskupjelo. Litar nije dostigao 4 marke, kako su kru\u017eile glasine da \u0107e biti cijena, ali \u0107e gra\u0111ani u prosjeku za oko 10 feninga gorivo pla\u0107ati skuplje. U ovom momentu ne bi trebalo biti novog rapidnog rasta cijena. Prometnici koji budu enormno pove\u0107avali cijene goriva bit \u0107e sankcionirani, tvrde nadle\u017eni. &#8216;Svako neosnovano pove\u0107anje cijena [&hellip;]\" \/>\n<meta property=\"og:url\" content=\"https:\/\/radioljubuski.ba\/index.php\/2022\/03\/05\/je-li-politika-spremna-odreci-se-znacajnog-priliva-novca\/\" \/>\n<meta property=\"og:site_name\" content=\"RADIO LJUBU\u0160KI\" \/>\n<meta property=\"article:publisher\" content=\"https:\/\/www.facebook.com\/Radiio-Ljubuski-1490835324566332\" \/>\n<meta property=\"article:published_time\" content=\"2022-03-05T11:35:57+00:00\" \/>\n<meta property=\"article:modified_time\" content=\"2022-03-05T11:35:58+00:00\" \/>\n<meta property=\"og:image\" content=\"https:\/\/radioljubuski.ba\/wp-content\/uploads\/2021\/08\/benzin-gorivo-b9932213e540aac11c9454f05eb49da6_view_article_new.jpg\" \/>\n\t<meta property=\"og:image:width\" content=\"860\" \/>\n\t<meta property=\"og:image:height\" content=\"430\" \/>\n\t<meta property=\"og:image:type\" content=\"image\/jpeg\" \/>\n<meta name=\"author\" content=\"Radio Ljubu\u0161ki\" \/>\n<meta name=\"twitter:card\" content=\"summary_large_image\" \/>\n<meta name=\"twitter:creator\" content=\"@radioljubuski\" \/>\n<meta name=\"twitter:site\" content=\"@radioljubuski\" \/>\n<meta name=\"twitter:label1\" content=\"Napisao\/la\" \/>\n\t<meta name=\"twitter:data1\" content=\"Radio Ljubu\u0161ki\" \/>\n\t<meta name=\"twitter:label2\" content=\"Procijenjeno vrijeme \u010ditanja\" \/>\n\t<meta name=\"twitter:data2\" content=\"1 minuta\" \/>\n<script type=\"application\/ld+json\" class=\"yoast-schema-graph\">{\"@context\":\"https:\\\/\\\/schema.org\",\"@graph\":[{\"@type\":\"Article\",\"@id\":\"https:\\\/\\\/radioljubuski.ba\\\/index.php\\\/2022\\\/03\\\/05\\\/je-li-politika-spremna-odreci-se-znacajnog-priliva-novca\\\/#article\",\"isPartOf\":{\"@id\":\"https:\\\/\\\/radioljubuski.ba\\\/index.php\\\/2022\\\/03\\\/05\\\/je-li-politika-spremna-odreci-se-znacajnog-priliva-novca\\\/\"},\"author\":{\"name\":\"Radio Ljubu\u0161ki\",\"@id\":\"https:\\\/\\\/radioljubuski.ba\\\/#\\\/schema\\\/person\\\/19fc700381a780f69665d7956c469e3b\"},\"headline\":\"Je li politika spremna odre\u0107i se zna\u010dajnog priliva novca?\",\"datePublished\":\"2022-03-05T11:35:57+00:00\",\"dateModified\":\"2022-03-05T11:35:58+00:00\",\"mainEntityOfPage\":{\"@id\":\"https:\\\/\\\/radioljubuski.ba\\\/index.php\\\/2022\\\/03\\\/05\\\/je-li-politika-spremna-odreci-se-znacajnog-priliva-novca\\\/\"},\"wordCount\":260,\"publisher\":{\"@id\":\"https:\\\/\\\/radioljubuski.ba\\\/#organization\"},\"articleSection\":[\"BIH i regija\"],\"inLanguage\":\"hr\"},{\"@type\":\"WebPage\",\"@id\":\"https:\\\/\\\/radioljubuski.ba\\\/index.php\\\/2022\\\/03\\\/05\\\/je-li-politika-spremna-odreci-se-znacajnog-priliva-novca\\\/\",\"url\":\"https:\\\/\\\/radioljubuski.ba\\\/index.php\\\/2022\\\/03\\\/05\\\/je-li-politika-spremna-odreci-se-znacajnog-priliva-novca\\\/\",\"name\":\"Je li politika spremna odre\u0107i se zna\u010dajnog priliva novca? - RADIO LJUBU\u0160KI\",\"isPartOf\":{\"@id\":\"https:\\\/\\\/radioljubuski.ba\\\/#website\"},\"datePublished\":\"2022-03-05T11:35:57+00:00\",\"dateModified\":\"2022-03-05T11:35:58+00:00\",\"breadcrumb\":{\"@id\":\"https:\\\/\\\/radioljubuski.ba\\\/index.php\\\/2022\\\/03\\\/05\\\/je-li-politika-spremna-odreci-se-znacajnog-priliva-novca\\\/#breadcrumb\"},\"inLanguage\":\"hr\",\"potentialAction\":[{\"@type\":\"ReadAction\",\"target\":[\"https:\\\/\\\/radioljubuski.ba\\\/index.php\\\/2022\\\/03\\\/05\\\/je-li-politika-spremna-odreci-se-znacajnog-priliva-novca\\\/\"]}]},{\"@type\":\"BreadcrumbList\",\"@id\":\"https:\\\/\\\/radioljubuski.ba\\\/index.php\\\/2022\\\/03\\\/05\\\/je-li-politika-spremna-odreci-se-znacajnog-priliva-novca\\\/#breadcrumb\",\"itemListElement\":[{\"@type\":\"ListItem\",\"position\":1,\"name\":\"Po\u010detna stranica\",\"item\":\"https:\\\/\\\/radioljubuski.ba\\\/\"},{\"@type\":\"ListItem\",\"position\":2,\"name\":\"Je li politika spremna odre\u0107i se zna\u010dajnog priliva novca?\"}]},{\"@type\":\"WebSite\",\"@id\":\"https:\\\/\\\/radioljubuski.ba\\\/#website\",\"url\":\"https:\\\/\\\/radioljubuski.ba\\\/\",\"name\":\"Radio Ljubu\u0161ki\",\"description\":\"Sun\u010dana frekvencija Hercegovine\",\"publisher\":{\"@id\":\"https:\\\/\\\/radioljubuski.ba\\\/#organization\"},\"potentialAction\":[{\"@type\":\"SearchAction\",\"target\":{\"@type\":\"EntryPoint\",\"urlTemplate\":\"https:\\\/\\\/radioljubuski.ba\\\/?s={search_term_string}\"},\"query-input\":{\"@type\":\"PropertyValueSpecification\",\"valueRequired\":true,\"valueName\":\"search_term_string\"}}],\"inLanguage\":\"hr\"},{\"@type\":\"Organization\",\"@id\":\"https:\\\/\\\/radioljubuski.ba\\\/#organization\",\"name\":\"Radio Ljubu\u0161ki\",\"url\":\"https:\\\/\\\/radioljubuski.ba\\\/\",\"logo\":{\"@type\":\"ImageObject\",\"inLanguage\":\"hr\",\"@id\":\"https:\\\/\\\/radioljubuski.ba\\\/#\\\/schema\\\/logo\\\/image\\\/\",\"url\":\"https:\\\/\\\/radioljubuski.ba\\\/wp-content\\\/uploads\\\/2021\\\/02\\\/cropped-Radio_Ljubuski_logo1.jpg\",\"contentUrl\":\"https:\\\/\\\/radioljubuski.ba\\\/wp-content\\\/uploads\\\/2021\\\/02\\\/cropped-Radio_Ljubuski_logo1.jpg\",\"width\":512,\"height\":512,\"caption\":\"Radio Ljubu\u0161ki\"},\"image\":{\"@id\":\"https:\\\/\\\/radioljubuski.ba\\\/#\\\/schema\\\/logo\\\/image\\\/\"},\"sameAs\":[\"https:\\\/\\\/www.facebook.com\\\/Radiio-Ljubuski-1490835324566332\",\"https:\\\/\\\/x.com\\\/radioljubuski\",\"https:\\\/\\\/hr.linkedin.com\\\/company\\\/radio-ljubuski\",\"https:\\\/\\\/www.youtube.com\\\/channel\\\/UCHYaeO_n0Db3tjNGudGpXyw\"]},{\"@type\":\"Person\",\"@id\":\"https:\\\/\\\/radioljubuski.ba\\\/#\\\/schema\\\/person\\\/19fc700381a780f69665d7956c469e3b\",\"name\":\"Radio Ljubu\u0161ki\"}]}<\/script>\n<!-- \/ Yoast SEO plugin. -->","yoast_head_json":{"title":"Je li politika spremna odre\u0107i se zna\u010dajnog priliva novca? - RADIO LJUBU\u0160KI","robots":{"index":"index","follow":"follow","max-snippet":"max-snippet:-1","max-image-preview":"max-image-preview:large","max-video-preview":"max-video-preview:-1"},"canonical":"https:\/\/radioljubuski.ba\/index.php\/2022\/03\/05\/je-li-politika-spremna-odreci-se-znacajnog-priliva-novca\/","og_locale":"hr_HR","og_type":"article","og_title":"Je li politika spremna odre\u0107i se zna\u010dajnog priliva novca? - RADIO LJUBU\u0160KI","og_description":"Gorivo je poskupjelo. Litar nije dostigao 4 marke, kako su kru\u017eile glasine da \u0107e biti cijena, ali \u0107e gra\u0111ani u prosjeku za oko 10 feninga gorivo pla\u0107ati skuplje. U ovom momentu ne bi trebalo biti novog rapidnog rasta cijena. Prometnici koji budu enormno pove\u0107avali cijene goriva bit \u0107e sankcionirani, tvrde nadle\u017eni. &#8216;Svako neosnovano pove\u0107anje cijena [&hellip;]","og_url":"https:\/\/radioljubuski.ba\/index.php\/2022\/03\/05\/je-li-politika-spremna-odreci-se-znacajnog-priliva-novca\/","og_site_name":"RADIO LJUBU\u0160KI","article_publisher":"https:\/\/www.facebook.com\/Radiio-Ljubuski-1490835324566332","article_published_time":"2022-03-05T11:35:57+00:00","article_modified_time":"2022-03-05T11:35:58+00:00","og_image":[{"width":860,"height":430,"url":"https:\/\/radioljubuski.ba\/wp-content\/uploads\/2021\/08\/benzin-gorivo-b9932213e540aac11c9454f05eb49da6_view_article_new.jpg","type":"image\/jpeg"}],"author":"Radio Ljubu\u0161ki","twitter_card":"summary_large_image","twitter_creator":"@radioljubuski","twitter_site":"@radioljubuski","twitter_misc":{"Napisao\/la":"Radio Ljubu\u0161ki","Procijenjeno vrijeme \u010ditanja":"1 minuta"},"schema":{"@context":"https:\/\/schema.org","@graph":[{"@type":"Article","@id":"https:\/\/radioljubuski.ba\/index.php\/2022\/03\/05\/je-li-politika-spremna-odreci-se-znacajnog-priliva-novca\/#article","isPartOf":{"@id":"https:\/\/radioljubuski.ba\/index.php\/2022\/03\/05\/je-li-politika-spremna-odreci-se-znacajnog-priliva-novca\/"},"author":{"name":"Radio Ljubu\u0161ki","@id":"https:\/\/radioljubuski.ba\/#\/schema\/person\/19fc700381a780f69665d7956c469e3b"},"headline":"Je li politika spremna odre\u0107i se zna\u010dajnog priliva novca?","datePublished":"2022-03-05T11:35:57+00:00","dateModified":"2022-03-05T11:35:58+00:00","mainEntityOfPage":{"@id":"https:\/\/radioljubuski.ba\/index.php\/2022\/03\/05\/je-li-politika-spremna-odreci-se-znacajnog-priliva-novca\/"},"wordCount":260,"publisher":{"@id":"https:\/\/radioljubuski.ba\/#organization"},"articleSection":["BIH i regija"],"inLanguage":"hr"},{"@type":"WebPage","@id":"https:\/\/radioljubuski.ba\/index.php\/2022\/03\/05\/je-li-politika-spremna-odreci-se-znacajnog-priliva-novca\/","url":"https:\/\/radioljubuski.ba\/index.php\/2022\/03\/05\/je-li-politika-spremna-odreci-se-znacajnog-priliva-novca\/","name":"Je li politika spremna odre\u0107i se zna\u010dajnog priliva novca? - RADIO LJUBU\u0160KI","isPartOf":{"@id":"https:\/\/radioljubuski.ba\/#website"},"datePublished":"2022-03-05T11:35:57+00:00","dateModified":"2022-03-05T11:35:58+00:00","breadcrumb":{"@id":"https:\/\/radioljubuski.ba\/index.php\/2022\/03\/05\/je-li-politika-spremna-odreci-se-znacajnog-priliva-novca\/#breadcrumb"},"inLanguage":"hr","potentialAction":[{"@type":"ReadAction","target":["https:\/\/radioljubuski.ba\/index.php\/2022\/03\/05\/je-li-politika-spremna-odreci-se-znacajnog-priliva-novca\/"]}]},{"@type":"BreadcrumbList","@id":"https:\/\/radioljubuski.ba\/index.php\/2022\/03\/05\/je-li-politika-spremna-odreci-se-znacajnog-priliva-novca\/#breadcrumb","itemListElement":[{"@type":"ListItem","position":1,"name":"Po\u010detna stranica","item":"https:\/\/radioljubuski.ba\/"},{"@type":"ListItem","position":2,"name":"Je li politika spremna odre\u0107i se zna\u010dajnog priliva novca?"}]},{"@type":"WebSite","@id":"https:\/\/radioljubuski.ba\/#website","url":"https:\/\/radioljubuski.ba\/","name":"Radio Ljubu\u0161ki","description":"Sun\u010dana frekvencija Hercegovine","publisher":{"@id":"https:\/\/radioljubuski.ba\/#organization"},"potentialAction":[{"@type":"SearchAction","target":{"@type":"EntryPoint","urlTemplate":"https:\/\/radioljubuski.ba\/?s={search_term_string}"},"query-input":{"@type":"PropertyValueSpecification","valueRequired":true,"valueName":"search_term_string"}}],"inLanguage":"hr"},{"@type":"Organization","@id":"https:\/\/radioljubuski.ba\/#organization","name":"Radio Ljubu\u0161ki","url":"https:\/\/radioljubuski.ba\/","logo":{"@type":"ImageObject","inLanguage":"hr","@id":"https:\/\/radioljubuski.ba\/#\/schema\/logo\/image\/","url":"https:\/\/radioljubuski.ba\/wp-content\/uploads\/2021\/02\/cropped-Radio_Ljubuski_logo1.jpg","contentUrl":"https:\/\/radioljubuski.ba\/wp-content\/uploads\/2021\/02\/cropped-Radio_Ljubuski_logo1.jpg","width":512,"height":512,"caption":"Radio Ljubu\u0161ki"},"image":{"@id":"https:\/\/radioljubuski.ba\/#\/schema\/logo\/image\/"},"sameAs":["https:\/\/www.facebook.com\/Radiio-Ljubuski-1490835324566332","https:\/\/x.com\/radioljubuski","https:\/\/hr.linkedin.com\/company\/radio-ljubuski","https:\/\/www.youtube.com\/channel\/UCHYaeO_n0Db3tjNGudGpXyw"]},{"@type":"Person","@id":"https:\/\/radioljubuski.ba\/#\/schema\/person\/19fc700381a780f69665d7956c469e3b","name":"Radio Ljubu\u0161ki"}]}},"_links":{"self":[{"href":"https:\/\/radioljubuski.ba\/index.php\/wp-json\/wp\/v2\/posts\/118201","targetHints":{"allow":["GET"]}}],"collection":[{"href":"https:\/\/radioljubuski.ba\/index.php\/wp-json\/wp\/v2\/posts"}],"about":[{"href":"https:\/\/radioljubuski.ba\/index.php\/wp-json\/wp\/v2\/types\/post"}],"author":[{"embeddable":true,"href":"https:\/\/radioljubuski.ba\/index.php\/wp-json\/wp\/v2\/users\/2"}],"replies":[{"embeddable":true,"href":"https:\/\/radioljubuski.ba\/index.php\/wp-json\/wp\/v2\/comments?post=118201"}],"version-history":[{"count":1,"href":"https:\/\/radioljubuski.ba\/index.php\/wp-json\/wp\/v2\/posts\/118201\/revisions"}],"predecessor-version":[{"id":118202,"href":"https:\/\/radioljubuski.ba\/index.php\/wp-json\/wp\/v2\/posts\/118201\/revisions\/118202"}],"wp:attachment":[{"href":"https:\/\/radioljubuski.ba\/index.php\/wp-json\/wp\/v2\/media?parent=118201"}],"wp:term":[{"taxonomy":"category","embeddable":true,"href":"https:\/\/radioljubuski.ba\/index.php\/wp-json\/wp\/v2\/categories?post=118201"},{"taxonomy":"post_tag","embeddable":true,"href":"https:\/\/radioljubuski.ba\/index.php\/wp-json\/wp\/v2\/tags?post=118201"}],"curies":[{"name":"wp","href":"https:\/\/api.w.org\/{rel}","templated":true}]}}