{"id":118209,"date":"2022-03-05T12:40:27","date_gmt":"2022-03-05T11:40:27","guid":{"rendered":"https:\/\/radioljubuski.ba\/?p=118209"},"modified":"2022-03-05T12:40:28","modified_gmt":"2022-03-05T11:40:28","slug":"je-li-5g-stvarno-zelena-tehnologija-ili-ce-trositi-vise-resursa","status":"publish","type":"post","link":"https:\/\/radioljubuski.ba\/index.php\/2022\/03\/05\/je-li-5g-stvarno-zelena-tehnologija-ili-ce-trositi-vise-resursa\/","title":{"rendered":"Je li 5G stvarno zelena tehnologija ili \u0107e tro\u0161iti vi\u0161e resursa?"},"content":{"rendered":"\n<p>Tehnolo\u0161ka industrija dugo se poku\u0161ava uskladiti sa zelenim pokretom, iako su njezini \u010delnici \u010desto optu\u017eeni za maglovite slogane i daju te\u0161ko provjerljiva obe\u0107anja, pi\u0161e francuska novinska agencija Afp.<\/p>\n\n\n\n<p>Mobile World Congress, industrijsko okupljanje u Barceloni, svakako je vidjelo neke slogane. No Huawei, Orange i industrijska organizacija GSMA koja predstavlja operatore mobilnih mre\u017ea poku\u0161ali su razjasniti neke od zelenih tvrdnji o 5G.<\/p>\n\n\n\n<p>Nova generacija mobilne mre\u017ee uvodi se diljem svijeta, a obe\u0107anja o super brzom internetu idu ruku pod ruku s tvrdnjama o golemim prednostima za okoli\u0161.<\/p>\n\n\n\n<p>Laurence Williams sa sveu\u010dili\u0161ta Sussex u Velikoj Britaniji nedavno je vodio istra\u017eivanje procjenjuju\u0107i dostupne dokaze o navodnim &#8216;zelenim&#8217; prednostima 5G.<\/p>\n\n\n\n<p>Za AFP je rekao kako tvrdnje te industrije imaju smisla.<\/p>\n\n\n\n<p>Ho\u0107e li 5G biti energetski u\u010dinkovitiji?<\/p>\n\n\n\n<p>Jean-Marie Chaufray iz Orangea pozdravio je rje\u0161enja koja \u0161tede energiju kao \u0161to su &#8220;opcije mirovanja&#8221;, pri \u010demu se komponente isklju\u010duju kada se ne koriste, te energetski u\u010dinkovitije antene i drugi hardver.<\/p>\n\n\n\n<p>Rekao je za MWC da \u0107e 5G biti &#8220;10 puta u\u010dinkovitiji&#8221; od 4G do 2025. godine.<\/p>\n\n\n\n<p>&#8220;Mobilni podatkovni promet \u0107e nastaviti dramati\u010dno rasti u nadolaze\u0107im godinama. Sve se vi\u0161e priznaje da \u0107e 5G barem djelomi\u010dno biti uzrok tog rasta podatkovnog prometa.<\/p>\n\n\n\n<p>&#8220;Industrija je objavila razli\u010dite procjene &#8211; neke sugeriraju da \u0107e potro\u0161nja energije mre\u017ee pasti, druge da bi mogla ostati ista, a barem jedna procjena sugerira da \u0107e potro\u0161nja energije mre\u017ee porasti zbog 5G.<\/p>\n\n\n\n<p>&#8220;Nedavna studija iz Finske procijenila je da je potro\u0161nja elektri\u010dne energije u glavnim mobilnim mre\u017eama u 2017. bila otprilike 10 posto ve\u0107a nego u 2010.<\/p>\n\n\n\n<p>Autori tvrde da je to bilo zbog brzo rastu\u0107eg volumena podataka i novih funkcija, posebno video streaminga.<\/p>\n\n\n\n<p>&#8220;Iako se ova studija odnosi na razdoblje neposredno prije nego \u0161to se 5G po\u010deo uvoditi u cijelom svijetu, ona ipak pokazuje da pobolj\u0161anja energetske u\u010dinkovitosti mre\u017ea ne jam\u010de smanjenje potro\u0161nje energije u mre\u017eama&#8221;.<\/p>\n\n\n\n<p>Ho\u0107e li 5G pomo\u0107i u postizanju ciljeva o neto nula ugljika?<\/p>\n\n\n\n<p>Emanuel Kolta iz GSMA-e pohvalio se da su telekomunikacijske tvrtke bile &#8220;me\u0111u vode\u0107im tvrtkama u privatnom sektoru&#8221; po obvezivanju na ciljeve o postizanju neto nula emisije ugljika.<\/p>\n\n\n\n<p>I kazao je da je put do postizanja tih ciljeva kori\u0161tenje obnovljive energije, u\u010dinkovitijih baterija i kori\u0161tenja umjetne inteligencije kako bi se omogu\u0107ilo ga\u0161enje komponenti u manje prometnim razdobljima.<\/p>\n\n\n\n<p>\u201eDok neki operatori ve\u0107 napajaju svoje mre\u017ee 100-postotnom obnovljivom energijom, GSMA-ova studija iz 2021. sugerira da se, analiziraju\u0107i 31 mre\u017eu u 28 razli\u010ditih zemalja, prosje\u010dno 46 posto potro\u0161nje energije odnosi na obnovljive izvore sa zna\u010dajnim varijacijama izme\u0111u zemalja.<\/p>\n\n\n\n<p>\u201eOperativna energija potrebna za napajanje mobilnih mre\u017ea je va\u017ena, ali je va\u017ena i &nbsp;energija potrebna za proizvodnju mre\u017ene infrastrukture.<\/p>\n\n\n\n<p>\u201eMnoga istra\u017eivanja koja se bave implikacijama 5G na potro\u0161nju energije gledaju samo na operativnu energiju&#8221;.<\/p>\n\n\n\n<p>&#8220;U najmanju ruku, trebali bismo biti skepti\u010dni u pogledu tvrdnji o u\u0161tedama energije u strategijama koje zahtijevaju opse\u017eno uvo\u0111enje nove infrastrukture&#8221;, ka\u017ee Kolta o procjenama koje ne uzimaju u obzir energetsku potro\u0161nju stvaranja te infrastrukture.<\/p>\n\n\n\n<p>Donosi li 5G u\u0161tedu energije ve\u0107ih razmjera?<\/p>\n\n\n\n<p>Duan Hao iz Huaweija istaknuo je va\u017enost takozvanog efekta omogu\u0107avanja, za koji je rekao da bi &#8220;ubrzao digitalizaciju i dekarbonizaciju u svim industrijama&#8221;.<\/p>\n\n\n\n<p>Ideja je da \u0107e bolja povezanost omogu\u0107iti da vi\u0161e usluga i aktivnosti prije\u0111e na internet, smanjuju\u0107i potro\u0161nju energije transporta i drugih industrija.<\/p>\n\n\n\n<p>Neke industrijske procjene ukazuju na u\u0161tedu energije u omjeru 10 prema jedan \u2013 svaka jedinica energije ulo\u017eena u 5G u\u0161tedjet \u0107e jo\u0161 10.<\/p>\n\n\n\n<p>&#8220;Me\u0111utim, drugi su upozorili da pobolj\u0161anja u\u010dinkovitosti omogu\u0107ena mre\u017eom 5G mogu jednostavno dovesti do ve\u0107e potro\u0161nje odre\u0111enih dobara ili usluga ili mogu samo djelomi\u010dno zamijeniti stariju robu ili usluge &#8211; ljudi i dalje mogu prisustvovati osobnim sastancima i kupovati glazbu na plo\u010dama i drugim medijima u fizi\u010dkom obliku uz telekonferencije i streaming glazbe.<\/p>\n\n\n\n<p>\u201e\u010cak i ako 5G proizvodi u\u010dinke koji prema\u0161uju njegove vlastite emisije, to ne zna\u010di nu\u017eno da bi mre\u017enim operaterima moglo biti dopu\u0161teno posti\u0107i ni\u017ee razine smanjenja emisija.<\/p>\n\n\n\n<p>&#8220;U\u010dinke omogu\u0107avanja te\u0161ko je procijeniti ili izmjeriti, a morali bi se uspostaviti jasni ra\u010dunovodstveni mehanizmi i na\u010dela kako bi se osigurala dosljednost s prora\u010dunima za stvaranje ugljika i klimatske u\u010dinke i politike&#8221;.<\/p>\n\n\n\n<p>Izvor:pogled.ba<\/p>\n","protected":false},"excerpt":{"rendered":"<p>Tehnolo\u0161ka industrija dugo se poku\u0161ava uskladiti sa zelenim pokretom, iako su njezini \u010delnici \u010desto optu\u017eeni za maglovite slogane i daju te\u0161ko provjerljiva obe\u0107anja, pi\u0161e francuska novinska agencija Afp. Mobile World Congress, industrijsko okupljanje u Barceloni, svakako je vidjelo neke slogane. No Huawei, Orange i industrijska organizacija GSMA koja predstavlja operatore mobilnih mre\u017ea poku\u0161ali su razjasniti [&hellip;]<\/p>\n","protected":false},"author":2,"featured_media":118210,"comment_status":"closed","ping_status":"closed","sticky":false,"template":"","format":"standard","meta":{"h5ap_radio_sources":[],"footnotes":""},"categories":[1],"tags":[],"class_list":["post-118209","post","type-post","status-publish","format-standard","has-post-thumbnail","hentry","category-bihiregija"],"yoast_head":"<!-- This site is optimized with the Yoast SEO plugin v27.5 - https:\/\/yoast.com\/product\/yoast-seo-wordpress\/ -->\n<title>Je li 5G stvarno zelena tehnologija ili \u0107e tro\u0161iti vi\u0161e resursa? - RADIO LJUBU\u0160KI<\/title>\n<meta name=\"robots\" content=\"index, follow, max-snippet:-1, max-image-preview:large, max-video-preview:-1\" \/>\n<link rel=\"canonical\" href=\"https:\/\/radioljubuski.ba\/index.php\/2022\/03\/05\/je-li-5g-stvarno-zelena-tehnologija-ili-ce-trositi-vise-resursa\/\" \/>\n<meta property=\"og:locale\" content=\"hr_HR\" \/>\n<meta property=\"og:type\" content=\"article\" \/>\n<meta property=\"og:title\" content=\"Je li 5G stvarno zelena tehnologija ili \u0107e tro\u0161iti vi\u0161e resursa? - RADIO LJUBU\u0160KI\" \/>\n<meta property=\"og:description\" content=\"Tehnolo\u0161ka industrija dugo se poku\u0161ava uskladiti sa zelenim pokretom, iako su njezini \u010delnici \u010desto optu\u017eeni za maglovite slogane i daju te\u0161ko provjerljiva obe\u0107anja, pi\u0161e francuska novinska agencija Afp. Mobile World Congress, industrijsko okupljanje u Barceloni, svakako je vidjelo neke slogane. No Huawei, Orange i industrijska organizacija GSMA koja predstavlja operatore mobilnih mre\u017ea poku\u0161ali su razjasniti [&hellip;]\" \/>\n<meta property=\"og:url\" content=\"https:\/\/radioljubuski.ba\/index.php\/2022\/03\/05\/je-li-5g-stvarno-zelena-tehnologija-ili-ce-trositi-vise-resursa\/\" \/>\n<meta property=\"og:site_name\" content=\"RADIO LJUBU\u0160KI\" \/>\n<meta property=\"article:publisher\" content=\"https:\/\/www.facebook.com\/Radiio-Ljubuski-1490835324566332\" \/>\n<meta property=\"article:published_time\" content=\"2022-03-05T11:40:27+00:00\" \/>\n<meta property=\"article:modified_time\" content=\"2022-03-05T11:40:28+00:00\" \/>\n<meta property=\"og:image\" content=\"https:\/\/radioljubuski.ba\/wp-content\/uploads\/2022\/03\/2-2022-03-05-08-09-42-321502.jpg\" \/>\n\t<meta property=\"og:image:width\" content=\"1000\" \/>\n\t<meta property=\"og:image:height\" content=\"625\" \/>\n\t<meta property=\"og:image:type\" content=\"image\/jpeg\" \/>\n<meta name=\"author\" content=\"Radio Ljubu\u0161ki\" \/>\n<meta name=\"twitter:card\" content=\"summary_large_image\" \/>\n<meta name=\"twitter:creator\" content=\"@radioljubuski\" \/>\n<meta name=\"twitter:site\" content=\"@radioljubuski\" \/>\n<meta name=\"twitter:label1\" content=\"Napisao\/la\" \/>\n\t<meta name=\"twitter:data1\" content=\"Radio Ljubu\u0161ki\" \/>\n\t<meta name=\"twitter:label2\" content=\"Procijenjeno vrijeme \u010ditanja\" \/>\n\t<meta name=\"twitter:data2\" content=\"3 minute\" \/>\n<script type=\"application\/ld+json\" class=\"yoast-schema-graph\">{\"@context\":\"https:\\\/\\\/schema.org\",\"@graph\":[{\"@type\":\"Article\",\"@id\":\"https:\\\/\\\/radioljubuski.ba\\\/index.php\\\/2022\\\/03\\\/05\\\/je-li-5g-stvarno-zelena-tehnologija-ili-ce-trositi-vise-resursa\\\/#article\",\"isPartOf\":{\"@id\":\"https:\\\/\\\/radioljubuski.ba\\\/index.php\\\/2022\\\/03\\\/05\\\/je-li-5g-stvarno-zelena-tehnologija-ili-ce-trositi-vise-resursa\\\/\"},\"author\":{\"name\":\"Radio Ljubu\u0161ki\",\"@id\":\"https:\\\/\\\/radioljubuski.ba\\\/#\\\/schema\\\/person\\\/19fc700381a780f69665d7956c469e3b\"},\"headline\":\"Je li 5G stvarno zelena tehnologija ili \u0107e tro\u0161iti vi\u0161e resursa?\",\"datePublished\":\"2022-03-05T11:40:27+00:00\",\"dateModified\":\"2022-03-05T11:40:28+00:00\",\"mainEntityOfPage\":{\"@id\":\"https:\\\/\\\/radioljubuski.ba\\\/index.php\\\/2022\\\/03\\\/05\\\/je-li-5g-stvarno-zelena-tehnologija-ili-ce-trositi-vise-resursa\\\/\"},\"wordCount\":776,\"publisher\":{\"@id\":\"https:\\\/\\\/radioljubuski.ba\\\/#organization\"},\"image\":{\"@id\":\"https:\\\/\\\/radioljubuski.ba\\\/index.php\\\/2022\\\/03\\\/05\\\/je-li-5g-stvarno-zelena-tehnologija-ili-ce-trositi-vise-resursa\\\/#primaryimage\"},\"thumbnailUrl\":\"https:\\\/\\\/radioljubuski.ba\\\/wp-content\\\/uploads\\\/2022\\\/03\\\/2-2022-03-05-08-09-42-321502.jpg\",\"articleSection\":[\"BIH i regija\"],\"inLanguage\":\"hr\"},{\"@type\":\"WebPage\",\"@id\":\"https:\\\/\\\/radioljubuski.ba\\\/index.php\\\/2022\\\/03\\\/05\\\/je-li-5g-stvarno-zelena-tehnologija-ili-ce-trositi-vise-resursa\\\/\",\"url\":\"https:\\\/\\\/radioljubuski.ba\\\/index.php\\\/2022\\\/03\\\/05\\\/je-li-5g-stvarno-zelena-tehnologija-ili-ce-trositi-vise-resursa\\\/\",\"name\":\"Je li 5G stvarno zelena tehnologija ili \u0107e tro\u0161iti vi\u0161e resursa? - RADIO LJUBU\u0160KI\",\"isPartOf\":{\"@id\":\"https:\\\/\\\/radioljubuski.ba\\\/#website\"},\"primaryImageOfPage\":{\"@id\":\"https:\\\/\\\/radioljubuski.ba\\\/index.php\\\/2022\\\/03\\\/05\\\/je-li-5g-stvarno-zelena-tehnologija-ili-ce-trositi-vise-resursa\\\/#primaryimage\"},\"image\":{\"@id\":\"https:\\\/\\\/radioljubuski.ba\\\/index.php\\\/2022\\\/03\\\/05\\\/je-li-5g-stvarno-zelena-tehnologija-ili-ce-trositi-vise-resursa\\\/#primaryimage\"},\"thumbnailUrl\":\"https:\\\/\\\/radioljubuski.ba\\\/wp-content\\\/uploads\\\/2022\\\/03\\\/2-2022-03-05-08-09-42-321502.jpg\",\"datePublished\":\"2022-03-05T11:40:27+00:00\",\"dateModified\":\"2022-03-05T11:40:28+00:00\",\"breadcrumb\":{\"@id\":\"https:\\\/\\\/radioljubuski.ba\\\/index.php\\\/2022\\\/03\\\/05\\\/je-li-5g-stvarno-zelena-tehnologija-ili-ce-trositi-vise-resursa\\\/#breadcrumb\"},\"inLanguage\":\"hr\",\"potentialAction\":[{\"@type\":\"ReadAction\",\"target\":[\"https:\\\/\\\/radioljubuski.ba\\\/index.php\\\/2022\\\/03\\\/05\\\/je-li-5g-stvarno-zelena-tehnologija-ili-ce-trositi-vise-resursa\\\/\"]}]},{\"@type\":\"ImageObject\",\"inLanguage\":\"hr\",\"@id\":\"https:\\\/\\\/radioljubuski.ba\\\/index.php\\\/2022\\\/03\\\/05\\\/je-li-5g-stvarno-zelena-tehnologija-ili-ce-trositi-vise-resursa\\\/#primaryimage\",\"url\":\"https:\\\/\\\/radioljubuski.ba\\\/wp-content\\\/uploads\\\/2022\\\/03\\\/2-2022-03-05-08-09-42-321502.jpg\",\"contentUrl\":\"https:\\\/\\\/radioljubuski.ba\\\/wp-content\\\/uploads\\\/2022\\\/03\\\/2-2022-03-05-08-09-42-321502.jpg\",\"width\":1000,\"height\":625},{\"@type\":\"BreadcrumbList\",\"@id\":\"https:\\\/\\\/radioljubuski.ba\\\/index.php\\\/2022\\\/03\\\/05\\\/je-li-5g-stvarno-zelena-tehnologija-ili-ce-trositi-vise-resursa\\\/#breadcrumb\",\"itemListElement\":[{\"@type\":\"ListItem\",\"position\":1,\"name\":\"Po\u010detna stranica\",\"item\":\"https:\\\/\\\/radioljubuski.ba\\\/\"},{\"@type\":\"ListItem\",\"position\":2,\"name\":\"Je li 5G stvarno zelena tehnologija ili \u0107e tro\u0161iti vi\u0161e resursa?\"}]},{\"@type\":\"WebSite\",\"@id\":\"https:\\\/\\\/radioljubuski.ba\\\/#website\",\"url\":\"https:\\\/\\\/radioljubuski.ba\\\/\",\"name\":\"Radio Ljubu\u0161ki\",\"description\":\"Sun\u010dana frekvencija Hercegovine\",\"publisher\":{\"@id\":\"https:\\\/\\\/radioljubuski.ba\\\/#organization\"},\"potentialAction\":[{\"@type\":\"SearchAction\",\"target\":{\"@type\":\"EntryPoint\",\"urlTemplate\":\"https:\\\/\\\/radioljubuski.ba\\\/?s={search_term_string}\"},\"query-input\":{\"@type\":\"PropertyValueSpecification\",\"valueRequired\":true,\"valueName\":\"search_term_string\"}}],\"inLanguage\":\"hr\"},{\"@type\":\"Organization\",\"@id\":\"https:\\\/\\\/radioljubuski.ba\\\/#organization\",\"name\":\"Radio Ljubu\u0161ki\",\"url\":\"https:\\\/\\\/radioljubuski.ba\\\/\",\"logo\":{\"@type\":\"ImageObject\",\"inLanguage\":\"hr\",\"@id\":\"https:\\\/\\\/radioljubuski.ba\\\/#\\\/schema\\\/logo\\\/image\\\/\",\"url\":\"https:\\\/\\\/radioljubuski.ba\\\/wp-content\\\/uploads\\\/2021\\\/02\\\/cropped-Radio_Ljubuski_logo1.jpg\",\"contentUrl\":\"https:\\\/\\\/radioljubuski.ba\\\/wp-content\\\/uploads\\\/2021\\\/02\\\/cropped-Radio_Ljubuski_logo1.jpg\",\"width\":512,\"height\":512,\"caption\":\"Radio Ljubu\u0161ki\"},\"image\":{\"@id\":\"https:\\\/\\\/radioljubuski.ba\\\/#\\\/schema\\\/logo\\\/image\\\/\"},\"sameAs\":[\"https:\\\/\\\/www.facebook.com\\\/Radiio-Ljubuski-1490835324566332\",\"https:\\\/\\\/x.com\\\/radioljubuski\",\"https:\\\/\\\/hr.linkedin.com\\\/company\\\/radio-ljubuski\",\"https:\\\/\\\/www.youtube.com\\\/channel\\\/UCHYaeO_n0Db3tjNGudGpXyw\"]},{\"@type\":\"Person\",\"@id\":\"https:\\\/\\\/radioljubuski.ba\\\/#\\\/schema\\\/person\\\/19fc700381a780f69665d7956c469e3b\",\"name\":\"Radio Ljubu\u0161ki\"}]}<\/script>\n<!-- \/ Yoast SEO plugin. -->","yoast_head_json":{"title":"Je li 5G stvarno zelena tehnologija ili \u0107e tro\u0161iti vi\u0161e resursa? - RADIO LJUBU\u0160KI","robots":{"index":"index","follow":"follow","max-snippet":"max-snippet:-1","max-image-preview":"max-image-preview:large","max-video-preview":"max-video-preview:-1"},"canonical":"https:\/\/radioljubuski.ba\/index.php\/2022\/03\/05\/je-li-5g-stvarno-zelena-tehnologija-ili-ce-trositi-vise-resursa\/","og_locale":"hr_HR","og_type":"article","og_title":"Je li 5G stvarno zelena tehnologija ili \u0107e tro\u0161iti vi\u0161e resursa? - RADIO LJUBU\u0160KI","og_description":"Tehnolo\u0161ka industrija dugo se poku\u0161ava uskladiti sa zelenim pokretom, iako su njezini \u010delnici \u010desto optu\u017eeni za maglovite slogane i daju te\u0161ko provjerljiva obe\u0107anja, pi\u0161e francuska novinska agencija Afp. Mobile World Congress, industrijsko okupljanje u Barceloni, svakako je vidjelo neke slogane. No Huawei, Orange i industrijska organizacija GSMA koja predstavlja operatore mobilnih mre\u017ea poku\u0161ali su razjasniti [&hellip;]","og_url":"https:\/\/radioljubuski.ba\/index.php\/2022\/03\/05\/je-li-5g-stvarno-zelena-tehnologija-ili-ce-trositi-vise-resursa\/","og_site_name":"RADIO LJUBU\u0160KI","article_publisher":"https:\/\/www.facebook.com\/Radiio-Ljubuski-1490835324566332","article_published_time":"2022-03-05T11:40:27+00:00","article_modified_time":"2022-03-05T11:40:28+00:00","og_image":[{"width":1000,"height":625,"url":"https:\/\/radioljubuski.ba\/wp-content\/uploads\/2022\/03\/2-2022-03-05-08-09-42-321502.jpg","type":"image\/jpeg"}],"author":"Radio Ljubu\u0161ki","twitter_card":"summary_large_image","twitter_creator":"@radioljubuski","twitter_site":"@radioljubuski","twitter_misc":{"Napisao\/la":"Radio Ljubu\u0161ki","Procijenjeno vrijeme \u010ditanja":"3 minute"},"schema":{"@context":"https:\/\/schema.org","@graph":[{"@type":"Article","@id":"https:\/\/radioljubuski.ba\/index.php\/2022\/03\/05\/je-li-5g-stvarno-zelena-tehnologija-ili-ce-trositi-vise-resursa\/#article","isPartOf":{"@id":"https:\/\/radioljubuski.ba\/index.php\/2022\/03\/05\/je-li-5g-stvarno-zelena-tehnologija-ili-ce-trositi-vise-resursa\/"},"author":{"name":"Radio Ljubu\u0161ki","@id":"https:\/\/radioljubuski.ba\/#\/schema\/person\/19fc700381a780f69665d7956c469e3b"},"headline":"Je li 5G stvarno zelena tehnologija ili \u0107e tro\u0161iti vi\u0161e resursa?","datePublished":"2022-03-05T11:40:27+00:00","dateModified":"2022-03-05T11:40:28+00:00","mainEntityOfPage":{"@id":"https:\/\/radioljubuski.ba\/index.php\/2022\/03\/05\/je-li-5g-stvarno-zelena-tehnologija-ili-ce-trositi-vise-resursa\/"},"wordCount":776,"publisher":{"@id":"https:\/\/radioljubuski.ba\/#organization"},"image":{"@id":"https:\/\/radioljubuski.ba\/index.php\/2022\/03\/05\/je-li-5g-stvarno-zelena-tehnologija-ili-ce-trositi-vise-resursa\/#primaryimage"},"thumbnailUrl":"https:\/\/radioljubuski.ba\/wp-content\/uploads\/2022\/03\/2-2022-03-05-08-09-42-321502.jpg","articleSection":["BIH i regija"],"inLanguage":"hr"},{"@type":"WebPage","@id":"https:\/\/radioljubuski.ba\/index.php\/2022\/03\/05\/je-li-5g-stvarno-zelena-tehnologija-ili-ce-trositi-vise-resursa\/","url":"https:\/\/radioljubuski.ba\/index.php\/2022\/03\/05\/je-li-5g-stvarno-zelena-tehnologija-ili-ce-trositi-vise-resursa\/","name":"Je li 5G stvarno zelena tehnologija ili \u0107e tro\u0161iti vi\u0161e resursa? - RADIO LJUBU\u0160KI","isPartOf":{"@id":"https:\/\/radioljubuski.ba\/#website"},"primaryImageOfPage":{"@id":"https:\/\/radioljubuski.ba\/index.php\/2022\/03\/05\/je-li-5g-stvarno-zelena-tehnologija-ili-ce-trositi-vise-resursa\/#primaryimage"},"image":{"@id":"https:\/\/radioljubuski.ba\/index.php\/2022\/03\/05\/je-li-5g-stvarno-zelena-tehnologija-ili-ce-trositi-vise-resursa\/#primaryimage"},"thumbnailUrl":"https:\/\/radioljubuski.ba\/wp-content\/uploads\/2022\/03\/2-2022-03-05-08-09-42-321502.jpg","datePublished":"2022-03-05T11:40:27+00:00","dateModified":"2022-03-05T11:40:28+00:00","breadcrumb":{"@id":"https:\/\/radioljubuski.ba\/index.php\/2022\/03\/05\/je-li-5g-stvarno-zelena-tehnologija-ili-ce-trositi-vise-resursa\/#breadcrumb"},"inLanguage":"hr","potentialAction":[{"@type":"ReadAction","target":["https:\/\/radioljubuski.ba\/index.php\/2022\/03\/05\/je-li-5g-stvarno-zelena-tehnologija-ili-ce-trositi-vise-resursa\/"]}]},{"@type":"ImageObject","inLanguage":"hr","@id":"https:\/\/radioljubuski.ba\/index.php\/2022\/03\/05\/je-li-5g-stvarno-zelena-tehnologija-ili-ce-trositi-vise-resursa\/#primaryimage","url":"https:\/\/radioljubuski.ba\/wp-content\/uploads\/2022\/03\/2-2022-03-05-08-09-42-321502.jpg","contentUrl":"https:\/\/radioljubuski.ba\/wp-content\/uploads\/2022\/03\/2-2022-03-05-08-09-42-321502.jpg","width":1000,"height":625},{"@type":"BreadcrumbList","@id":"https:\/\/radioljubuski.ba\/index.php\/2022\/03\/05\/je-li-5g-stvarno-zelena-tehnologija-ili-ce-trositi-vise-resursa\/#breadcrumb","itemListElement":[{"@type":"ListItem","position":1,"name":"Po\u010detna stranica","item":"https:\/\/radioljubuski.ba\/"},{"@type":"ListItem","position":2,"name":"Je li 5G stvarno zelena tehnologija ili \u0107e tro\u0161iti vi\u0161e resursa?"}]},{"@type":"WebSite","@id":"https:\/\/radioljubuski.ba\/#website","url":"https:\/\/radioljubuski.ba\/","name":"Radio Ljubu\u0161ki","description":"Sun\u010dana frekvencija Hercegovine","publisher":{"@id":"https:\/\/radioljubuski.ba\/#organization"},"potentialAction":[{"@type":"SearchAction","target":{"@type":"EntryPoint","urlTemplate":"https:\/\/radioljubuski.ba\/?s={search_term_string}"},"query-input":{"@type":"PropertyValueSpecification","valueRequired":true,"valueName":"search_term_string"}}],"inLanguage":"hr"},{"@type":"Organization","@id":"https:\/\/radioljubuski.ba\/#organization","name":"Radio Ljubu\u0161ki","url":"https:\/\/radioljubuski.ba\/","logo":{"@type":"ImageObject","inLanguage":"hr","@id":"https:\/\/radioljubuski.ba\/#\/schema\/logo\/image\/","url":"https:\/\/radioljubuski.ba\/wp-content\/uploads\/2021\/02\/cropped-Radio_Ljubuski_logo1.jpg","contentUrl":"https:\/\/radioljubuski.ba\/wp-content\/uploads\/2021\/02\/cropped-Radio_Ljubuski_logo1.jpg","width":512,"height":512,"caption":"Radio Ljubu\u0161ki"},"image":{"@id":"https:\/\/radioljubuski.ba\/#\/schema\/logo\/image\/"},"sameAs":["https:\/\/www.facebook.com\/Radiio-Ljubuski-1490835324566332","https:\/\/x.com\/radioljubuski","https:\/\/hr.linkedin.com\/company\/radio-ljubuski","https:\/\/www.youtube.com\/channel\/UCHYaeO_n0Db3tjNGudGpXyw"]},{"@type":"Person","@id":"https:\/\/radioljubuski.ba\/#\/schema\/person\/19fc700381a780f69665d7956c469e3b","name":"Radio Ljubu\u0161ki"}]}},"_links":{"self":[{"href":"https:\/\/radioljubuski.ba\/index.php\/wp-json\/wp\/v2\/posts\/118209","targetHints":{"allow":["GET"]}}],"collection":[{"href":"https:\/\/radioljubuski.ba\/index.php\/wp-json\/wp\/v2\/posts"}],"about":[{"href":"https:\/\/radioljubuski.ba\/index.php\/wp-json\/wp\/v2\/types\/post"}],"author":[{"embeddable":true,"href":"https:\/\/radioljubuski.ba\/index.php\/wp-json\/wp\/v2\/users\/2"}],"replies":[{"embeddable":true,"href":"https:\/\/radioljubuski.ba\/index.php\/wp-json\/wp\/v2\/comments?post=118209"}],"version-history":[{"count":1,"href":"https:\/\/radioljubuski.ba\/index.php\/wp-json\/wp\/v2\/posts\/118209\/revisions"}],"predecessor-version":[{"id":118211,"href":"https:\/\/radioljubuski.ba\/index.php\/wp-json\/wp\/v2\/posts\/118209\/revisions\/118211"}],"wp:featuredmedia":[{"embeddable":true,"href":"https:\/\/radioljubuski.ba\/index.php\/wp-json\/wp\/v2\/media\/118210"}],"wp:attachment":[{"href":"https:\/\/radioljubuski.ba\/index.php\/wp-json\/wp\/v2\/media?parent=118209"}],"wp:term":[{"taxonomy":"category","embeddable":true,"href":"https:\/\/radioljubuski.ba\/index.php\/wp-json\/wp\/v2\/categories?post=118209"},{"taxonomy":"post_tag","embeddable":true,"href":"https:\/\/radioljubuski.ba\/index.php\/wp-json\/wp\/v2\/tags?post=118209"}],"curies":[{"name":"wp","href":"https:\/\/api.w.org\/{rel}","templated":true}]}}