{"id":11821,"date":"2021-04-11T18:28:07","date_gmt":"2021-04-11T17:28:07","guid":{"rendered":"https:\/\/radioljubuski.ba\/?p=11821"},"modified":"2021-04-11T18:28:08","modified_gmt":"2021-04-11T17:28:08","slug":"ep-martin-i-sestre-jurkovic-zauzeli-peta-mjesta","status":"publish","type":"post","link":"https:\/\/radioljubuski.ba\/index.php\/2021\/04\/11\/ep-martin-i-sestre-jurkovic-zauzeli-peta-mjesta\/","title":{"rendered":"EP: Martin i sestre Jurkovi\u0107 zauzeli peta mjesta"},"content":{"rendered":"\n<p><strong>Hrvatski vesla\u010d Damir Martin zauzeo je s vremenom 6:57.35 peto mjesto u samcu na Europskom prvenstvu u Vareseu.<\/strong><\/p>\n\n\n\n<p>Europski prvak je njema\u010dki predstavnik&nbsp;<strong>Oliver Zeidler<\/strong>&nbsp;(6.48.86), a medalje su uzeli jo\u0161 Danac<strong>&nbsp;Sverri Nielsen<\/strong>&nbsp;te Poljak&nbsp;<strong>Natan Wegrzycki-Szymczyk<\/strong>.<\/p>\n\n\n\n<p>Martin je vi\u0161estruki osvaja\u010d medalja sa svjetskih i europskih prvenstva, osvojio je i dva olimpijska srebra 2012. u Londonu kao \u010dlan \u010detverca, a 2016. kao samac. Posljednjih godina imao je problema s ozljedama, a 2019. bio je operaciji kuka. &nbsp;<br><br>Ranije su bra\u0107a Marin i Valent Sinkovi\u0107 osvojili zlato, a u \u017eenskom dvojcu bez kormilara sestre&nbsp;<strong>Josipa&nbsp;<\/strong>i&nbsp;<strong>Ivana Jurkovi\u0107&nbsp;<\/strong>bile su u finalu pete. U B finalu je nastupio hrvatski \u010detverac bez kormilara, koji su \u010dinili&nbsp;<strong>Marko Ukropina<\/strong>,&nbsp;<strong>Anton&nbsp;<\/strong>i&nbsp;<strong>Patrik<\/strong>&nbsp;<strong>Lon\u010dari\u0107&nbsp;<\/strong>te&nbsp;<strong>Ivan Piton<\/strong>, i osvojio posljednje, \u0161esto mjesto s vremenom 6:16.18 minuta. Najbr\u017ea posada u B finalu bila je Francuska (6:06.45).<\/p>\n\n\n\n<p>Izvor:hrt.hr<\/p>\n","protected":false},"excerpt":{"rendered":"<p>Hrvatski vesla\u010d Damir Martin zauzeo je s vremenom 6:57.35 peto mjesto u samcu na Europskom prvenstvu u Vareseu. Europski prvak je njema\u010dki predstavnik&nbsp;Oliver Zeidler&nbsp;(6.48.86), a medalje su uzeli jo\u0161 Danac&nbsp;Sverri Nielsen&nbsp;te Poljak&nbsp;Natan Wegrzycki-Szymczyk. Martin je vi\u0161estruki osvaja\u010d medalja sa svjetskih i europskih prvenstva, osvojio je i dva olimpijska srebra 2012. u Londonu kao \u010dlan \u010detverca, [&hellip;]<\/p>\n","protected":false},"author":2,"featured_media":11822,"comment_status":"closed","ping_status":"closed","sticky":false,"template":"","format":"standard","meta":{"h5ap_radio_sources":[],"footnotes":""},"categories":[1],"tags":[],"class_list":["post-11821","post","type-post","status-publish","format-standard","has-post-thumbnail","hentry","category-bihiregija"],"yoast_head":"<!-- This site is optimized with the Yoast SEO plugin v27.4 - https:\/\/yoast.com\/product\/yoast-seo-wordpress\/ -->\n<title>EP: Martin i sestre Jurkovi\u0107 zauzeli peta mjesta - RADIO LJUBU\u0160KI<\/title>\n<meta name=\"robots\" content=\"index, follow, max-snippet:-1, max-image-preview:large, max-video-preview:-1\" \/>\n<link rel=\"canonical\" href=\"https:\/\/radioljubuski.ba\/index.php\/2021\/04\/11\/ep-martin-i-sestre-jurkovic-zauzeli-peta-mjesta\/\" \/>\n<meta property=\"og:locale\" content=\"hr_HR\" \/>\n<meta property=\"og:type\" content=\"article\" \/>\n<meta property=\"og:title\" content=\"EP: Martin i sestre Jurkovi\u0107 zauzeli peta mjesta - RADIO LJUBU\u0160KI\" \/>\n<meta property=\"og:description\" content=\"Hrvatski vesla\u010d Damir Martin zauzeo je s vremenom 6:57.35 peto mjesto u samcu na Europskom prvenstvu u Vareseu. Europski prvak je njema\u010dki predstavnik&nbsp;Oliver Zeidler&nbsp;(6.48.86), a medalje su uzeli jo\u0161 Danac&nbsp;Sverri Nielsen&nbsp;te Poljak&nbsp;Natan Wegrzycki-Szymczyk. Martin je vi\u0161estruki osvaja\u010d medalja sa svjetskih i europskih prvenstva, osvojio je i dva olimpijska srebra 2012. u Londonu kao \u010dlan \u010detverca, [&hellip;]\" \/>\n<meta property=\"og:url\" content=\"https:\/\/radioljubuski.ba\/index.php\/2021\/04\/11\/ep-martin-i-sestre-jurkovic-zauzeli-peta-mjesta\/\" \/>\n<meta property=\"og:site_name\" content=\"RADIO LJUBU\u0160KI\" \/>\n<meta property=\"article:publisher\" content=\"https:\/\/www.facebook.com\/Radiio-Ljubuski-1490835324566332\" \/>\n<meta property=\"article:published_time\" content=\"2021-04-11T17:28:07+00:00\" \/>\n<meta property=\"article:modified_time\" content=\"2021-04-11T17:28:08+00:00\" \/>\n<meta property=\"og:image\" content=\"https:\/\/radioljubuski.ba\/wp-content\/uploads\/2021\/04\/111-7.png\" \/>\n\t<meta property=\"og:image:width\" content=\"645\" \/>\n\t<meta property=\"og:image:height\" content=\"363\" \/>\n\t<meta property=\"og:image:type\" content=\"image\/png\" \/>\n<meta name=\"author\" content=\"Radio Ljubu\u0161ki\" \/>\n<meta name=\"twitter:card\" content=\"summary_large_image\" \/>\n<meta name=\"twitter:creator\" content=\"@radioljubuski\" \/>\n<meta name=\"twitter:site\" content=\"@radioljubuski\" \/>\n<meta name=\"twitter:label1\" content=\"Napisao\/la\" \/>\n\t<meta name=\"twitter:data1\" content=\"Radio Ljubu\u0161ki\" \/>\n\t<meta name=\"twitter:label2\" content=\"Procijenjeno vrijeme \u010ditanja\" \/>\n\t<meta name=\"twitter:data2\" content=\"1 minuta\" \/>\n<script type=\"application\/ld+json\" class=\"yoast-schema-graph\">{\"@context\":\"https:\\\/\\\/schema.org\",\"@graph\":[{\"@type\":\"Article\",\"@id\":\"https:\\\/\\\/radioljubuski.ba\\\/index.php\\\/2021\\\/04\\\/11\\\/ep-martin-i-sestre-jurkovic-zauzeli-peta-mjesta\\\/#article\",\"isPartOf\":{\"@id\":\"https:\\\/\\\/radioljubuski.ba\\\/index.php\\\/2021\\\/04\\\/11\\\/ep-martin-i-sestre-jurkovic-zauzeli-peta-mjesta\\\/\"},\"author\":{\"name\":\"Radio Ljubu\u0161ki\",\"@id\":\"https:\\\/\\\/radioljubuski.ba\\\/#\\\/schema\\\/person\\\/19fc700381a780f69665d7956c469e3b\"},\"headline\":\"EP: Martin i sestre Jurkovi\u0107 zauzeli peta mjesta\",\"datePublished\":\"2021-04-11T17:28:07+00:00\",\"dateModified\":\"2021-04-11T17:28:08+00:00\",\"mainEntityOfPage\":{\"@id\":\"https:\\\/\\\/radioljubuski.ba\\\/index.php\\\/2021\\\/04\\\/11\\\/ep-martin-i-sestre-jurkovic-zauzeli-peta-mjesta\\\/\"},\"wordCount\":167,\"publisher\":{\"@id\":\"https:\\\/\\\/radioljubuski.ba\\\/#organization\"},\"image\":{\"@id\":\"https:\\\/\\\/radioljubuski.ba\\\/index.php\\\/2021\\\/04\\\/11\\\/ep-martin-i-sestre-jurkovic-zauzeli-peta-mjesta\\\/#primaryimage\"},\"thumbnailUrl\":\"https:\\\/\\\/radioljubuski.ba\\\/wp-content\\\/uploads\\\/2021\\\/04\\\/111-7.png\",\"articleSection\":[\"BIH i regija\"],\"inLanguage\":\"hr\"},{\"@type\":\"WebPage\",\"@id\":\"https:\\\/\\\/radioljubuski.ba\\\/index.php\\\/2021\\\/04\\\/11\\\/ep-martin-i-sestre-jurkovic-zauzeli-peta-mjesta\\\/\",\"url\":\"https:\\\/\\\/radioljubuski.ba\\\/index.php\\\/2021\\\/04\\\/11\\\/ep-martin-i-sestre-jurkovic-zauzeli-peta-mjesta\\\/\",\"name\":\"EP: Martin i sestre Jurkovi\u0107 zauzeli peta mjesta - RADIO LJUBU\u0160KI\",\"isPartOf\":{\"@id\":\"https:\\\/\\\/radioljubuski.ba\\\/#website\"},\"primaryImageOfPage\":{\"@id\":\"https:\\\/\\\/radioljubuski.ba\\\/index.php\\\/2021\\\/04\\\/11\\\/ep-martin-i-sestre-jurkovic-zauzeli-peta-mjesta\\\/#primaryimage\"},\"image\":{\"@id\":\"https:\\\/\\\/radioljubuski.ba\\\/index.php\\\/2021\\\/04\\\/11\\\/ep-martin-i-sestre-jurkovic-zauzeli-peta-mjesta\\\/#primaryimage\"},\"thumbnailUrl\":\"https:\\\/\\\/radioljubuski.ba\\\/wp-content\\\/uploads\\\/2021\\\/04\\\/111-7.png\",\"datePublished\":\"2021-04-11T17:28:07+00:00\",\"dateModified\":\"2021-04-11T17:28:08+00:00\",\"breadcrumb\":{\"@id\":\"https:\\\/\\\/radioljubuski.ba\\\/index.php\\\/2021\\\/04\\\/11\\\/ep-martin-i-sestre-jurkovic-zauzeli-peta-mjesta\\\/#breadcrumb\"},\"inLanguage\":\"hr\",\"potentialAction\":[{\"@type\":\"ReadAction\",\"target\":[\"https:\\\/\\\/radioljubuski.ba\\\/index.php\\\/2021\\\/04\\\/11\\\/ep-martin-i-sestre-jurkovic-zauzeli-peta-mjesta\\\/\"]}]},{\"@type\":\"ImageObject\",\"inLanguage\":\"hr\",\"@id\":\"https:\\\/\\\/radioljubuski.ba\\\/index.php\\\/2021\\\/04\\\/11\\\/ep-martin-i-sestre-jurkovic-zauzeli-peta-mjesta\\\/#primaryimage\",\"url\":\"https:\\\/\\\/radioljubuski.ba\\\/wp-content\\\/uploads\\\/2021\\\/04\\\/111-7.png\",\"contentUrl\":\"https:\\\/\\\/radioljubuski.ba\\\/wp-content\\\/uploads\\\/2021\\\/04\\\/111-7.png\",\"width\":645,\"height\":363},{\"@type\":\"BreadcrumbList\",\"@id\":\"https:\\\/\\\/radioljubuski.ba\\\/index.php\\\/2021\\\/04\\\/11\\\/ep-martin-i-sestre-jurkovic-zauzeli-peta-mjesta\\\/#breadcrumb\",\"itemListElement\":[{\"@type\":\"ListItem\",\"position\":1,\"name\":\"Po\u010detna stranica\",\"item\":\"https:\\\/\\\/radioljubuski.ba\\\/\"},{\"@type\":\"ListItem\",\"position\":2,\"name\":\"EP: Martin i sestre Jurkovi\u0107 zauzeli peta mjesta\"}]},{\"@type\":\"WebSite\",\"@id\":\"https:\\\/\\\/radioljubuski.ba\\\/#website\",\"url\":\"https:\\\/\\\/radioljubuski.ba\\\/\",\"name\":\"Radio Ljubu\u0161ki\",\"description\":\"Sun\u010dana frekvencija Hercegovine\",\"publisher\":{\"@id\":\"https:\\\/\\\/radioljubuski.ba\\\/#organization\"},\"potentialAction\":[{\"@type\":\"SearchAction\",\"target\":{\"@type\":\"EntryPoint\",\"urlTemplate\":\"https:\\\/\\\/radioljubuski.ba\\\/?s={search_term_string}\"},\"query-input\":{\"@type\":\"PropertyValueSpecification\",\"valueRequired\":true,\"valueName\":\"search_term_string\"}}],\"inLanguage\":\"hr\"},{\"@type\":\"Organization\",\"@id\":\"https:\\\/\\\/radioljubuski.ba\\\/#organization\",\"name\":\"Radio Ljubu\u0161ki\",\"url\":\"https:\\\/\\\/radioljubuski.ba\\\/\",\"logo\":{\"@type\":\"ImageObject\",\"inLanguage\":\"hr\",\"@id\":\"https:\\\/\\\/radioljubuski.ba\\\/#\\\/schema\\\/logo\\\/image\\\/\",\"url\":\"https:\\\/\\\/radioljubuski.ba\\\/wp-content\\\/uploads\\\/2021\\\/02\\\/cropped-Radio_Ljubuski_logo1.jpg\",\"contentUrl\":\"https:\\\/\\\/radioljubuski.ba\\\/wp-content\\\/uploads\\\/2021\\\/02\\\/cropped-Radio_Ljubuski_logo1.jpg\",\"width\":512,\"height\":512,\"caption\":\"Radio Ljubu\u0161ki\"},\"image\":{\"@id\":\"https:\\\/\\\/radioljubuski.ba\\\/#\\\/schema\\\/logo\\\/image\\\/\"},\"sameAs\":[\"https:\\\/\\\/www.facebook.com\\\/Radiio-Ljubuski-1490835324566332\",\"https:\\\/\\\/x.com\\\/radioljubuski\",\"https:\\\/\\\/hr.linkedin.com\\\/company\\\/radio-ljubuski\",\"https:\\\/\\\/www.youtube.com\\\/channel\\\/UCHYaeO_n0Db3tjNGudGpXyw\"]},{\"@type\":\"Person\",\"@id\":\"https:\\\/\\\/radioljubuski.ba\\\/#\\\/schema\\\/person\\\/19fc700381a780f69665d7956c469e3b\",\"name\":\"Radio Ljubu\u0161ki\"}]}<\/script>\n<!-- \/ Yoast SEO plugin. -->","yoast_head_json":{"title":"EP: Martin i sestre Jurkovi\u0107 zauzeli peta mjesta - RADIO LJUBU\u0160KI","robots":{"index":"index","follow":"follow","max-snippet":"max-snippet:-1","max-image-preview":"max-image-preview:large","max-video-preview":"max-video-preview:-1"},"canonical":"https:\/\/radioljubuski.ba\/index.php\/2021\/04\/11\/ep-martin-i-sestre-jurkovic-zauzeli-peta-mjesta\/","og_locale":"hr_HR","og_type":"article","og_title":"EP: Martin i sestre Jurkovi\u0107 zauzeli peta mjesta - RADIO LJUBU\u0160KI","og_description":"Hrvatski vesla\u010d Damir Martin zauzeo je s vremenom 6:57.35 peto mjesto u samcu na Europskom prvenstvu u Vareseu. Europski prvak je njema\u010dki predstavnik&nbsp;Oliver Zeidler&nbsp;(6.48.86), a medalje su uzeli jo\u0161 Danac&nbsp;Sverri Nielsen&nbsp;te Poljak&nbsp;Natan Wegrzycki-Szymczyk. Martin je vi\u0161estruki osvaja\u010d medalja sa svjetskih i europskih prvenstva, osvojio je i dva olimpijska srebra 2012. u Londonu kao \u010dlan \u010detverca, [&hellip;]","og_url":"https:\/\/radioljubuski.ba\/index.php\/2021\/04\/11\/ep-martin-i-sestre-jurkovic-zauzeli-peta-mjesta\/","og_site_name":"RADIO LJUBU\u0160KI","article_publisher":"https:\/\/www.facebook.com\/Radiio-Ljubuski-1490835324566332","article_published_time":"2021-04-11T17:28:07+00:00","article_modified_time":"2021-04-11T17:28:08+00:00","og_image":[{"width":645,"height":363,"url":"https:\/\/radioljubuski.ba\/wp-content\/uploads\/2021\/04\/111-7.png","type":"image\/png"}],"author":"Radio Ljubu\u0161ki","twitter_card":"summary_large_image","twitter_creator":"@radioljubuski","twitter_site":"@radioljubuski","twitter_misc":{"Napisao\/la":"Radio Ljubu\u0161ki","Procijenjeno vrijeme \u010ditanja":"1 minuta"},"schema":{"@context":"https:\/\/schema.org","@graph":[{"@type":"Article","@id":"https:\/\/radioljubuski.ba\/index.php\/2021\/04\/11\/ep-martin-i-sestre-jurkovic-zauzeli-peta-mjesta\/#article","isPartOf":{"@id":"https:\/\/radioljubuski.ba\/index.php\/2021\/04\/11\/ep-martin-i-sestre-jurkovic-zauzeli-peta-mjesta\/"},"author":{"name":"Radio Ljubu\u0161ki","@id":"https:\/\/radioljubuski.ba\/#\/schema\/person\/19fc700381a780f69665d7956c469e3b"},"headline":"EP: Martin i sestre Jurkovi\u0107 zauzeli peta mjesta","datePublished":"2021-04-11T17:28:07+00:00","dateModified":"2021-04-11T17:28:08+00:00","mainEntityOfPage":{"@id":"https:\/\/radioljubuski.ba\/index.php\/2021\/04\/11\/ep-martin-i-sestre-jurkovic-zauzeli-peta-mjesta\/"},"wordCount":167,"publisher":{"@id":"https:\/\/radioljubuski.ba\/#organization"},"image":{"@id":"https:\/\/radioljubuski.ba\/index.php\/2021\/04\/11\/ep-martin-i-sestre-jurkovic-zauzeli-peta-mjesta\/#primaryimage"},"thumbnailUrl":"https:\/\/radioljubuski.ba\/wp-content\/uploads\/2021\/04\/111-7.png","articleSection":["BIH i regija"],"inLanguage":"hr"},{"@type":"WebPage","@id":"https:\/\/radioljubuski.ba\/index.php\/2021\/04\/11\/ep-martin-i-sestre-jurkovic-zauzeli-peta-mjesta\/","url":"https:\/\/radioljubuski.ba\/index.php\/2021\/04\/11\/ep-martin-i-sestre-jurkovic-zauzeli-peta-mjesta\/","name":"EP: Martin i sestre Jurkovi\u0107 zauzeli peta mjesta - RADIO LJUBU\u0160KI","isPartOf":{"@id":"https:\/\/radioljubuski.ba\/#website"},"primaryImageOfPage":{"@id":"https:\/\/radioljubuski.ba\/index.php\/2021\/04\/11\/ep-martin-i-sestre-jurkovic-zauzeli-peta-mjesta\/#primaryimage"},"image":{"@id":"https:\/\/radioljubuski.ba\/index.php\/2021\/04\/11\/ep-martin-i-sestre-jurkovic-zauzeli-peta-mjesta\/#primaryimage"},"thumbnailUrl":"https:\/\/radioljubuski.ba\/wp-content\/uploads\/2021\/04\/111-7.png","datePublished":"2021-04-11T17:28:07+00:00","dateModified":"2021-04-11T17:28:08+00:00","breadcrumb":{"@id":"https:\/\/radioljubuski.ba\/index.php\/2021\/04\/11\/ep-martin-i-sestre-jurkovic-zauzeli-peta-mjesta\/#breadcrumb"},"inLanguage":"hr","potentialAction":[{"@type":"ReadAction","target":["https:\/\/radioljubuski.ba\/index.php\/2021\/04\/11\/ep-martin-i-sestre-jurkovic-zauzeli-peta-mjesta\/"]}]},{"@type":"ImageObject","inLanguage":"hr","@id":"https:\/\/radioljubuski.ba\/index.php\/2021\/04\/11\/ep-martin-i-sestre-jurkovic-zauzeli-peta-mjesta\/#primaryimage","url":"https:\/\/radioljubuski.ba\/wp-content\/uploads\/2021\/04\/111-7.png","contentUrl":"https:\/\/radioljubuski.ba\/wp-content\/uploads\/2021\/04\/111-7.png","width":645,"height":363},{"@type":"BreadcrumbList","@id":"https:\/\/radioljubuski.ba\/index.php\/2021\/04\/11\/ep-martin-i-sestre-jurkovic-zauzeli-peta-mjesta\/#breadcrumb","itemListElement":[{"@type":"ListItem","position":1,"name":"Po\u010detna stranica","item":"https:\/\/radioljubuski.ba\/"},{"@type":"ListItem","position":2,"name":"EP: Martin i sestre Jurkovi\u0107 zauzeli peta mjesta"}]},{"@type":"WebSite","@id":"https:\/\/radioljubuski.ba\/#website","url":"https:\/\/radioljubuski.ba\/","name":"Radio Ljubu\u0161ki","description":"Sun\u010dana frekvencija Hercegovine","publisher":{"@id":"https:\/\/radioljubuski.ba\/#organization"},"potentialAction":[{"@type":"SearchAction","target":{"@type":"EntryPoint","urlTemplate":"https:\/\/radioljubuski.ba\/?s={search_term_string}"},"query-input":{"@type":"PropertyValueSpecification","valueRequired":true,"valueName":"search_term_string"}}],"inLanguage":"hr"},{"@type":"Organization","@id":"https:\/\/radioljubuski.ba\/#organization","name":"Radio Ljubu\u0161ki","url":"https:\/\/radioljubuski.ba\/","logo":{"@type":"ImageObject","inLanguage":"hr","@id":"https:\/\/radioljubuski.ba\/#\/schema\/logo\/image\/","url":"https:\/\/radioljubuski.ba\/wp-content\/uploads\/2021\/02\/cropped-Radio_Ljubuski_logo1.jpg","contentUrl":"https:\/\/radioljubuski.ba\/wp-content\/uploads\/2021\/02\/cropped-Radio_Ljubuski_logo1.jpg","width":512,"height":512,"caption":"Radio Ljubu\u0161ki"},"image":{"@id":"https:\/\/radioljubuski.ba\/#\/schema\/logo\/image\/"},"sameAs":["https:\/\/www.facebook.com\/Radiio-Ljubuski-1490835324566332","https:\/\/x.com\/radioljubuski","https:\/\/hr.linkedin.com\/company\/radio-ljubuski","https:\/\/www.youtube.com\/channel\/UCHYaeO_n0Db3tjNGudGpXyw"]},{"@type":"Person","@id":"https:\/\/radioljubuski.ba\/#\/schema\/person\/19fc700381a780f69665d7956c469e3b","name":"Radio Ljubu\u0161ki"}]}},"_links":{"self":[{"href":"https:\/\/radioljubuski.ba\/index.php\/wp-json\/wp\/v2\/posts\/11821","targetHints":{"allow":["GET"]}}],"collection":[{"href":"https:\/\/radioljubuski.ba\/index.php\/wp-json\/wp\/v2\/posts"}],"about":[{"href":"https:\/\/radioljubuski.ba\/index.php\/wp-json\/wp\/v2\/types\/post"}],"author":[{"embeddable":true,"href":"https:\/\/radioljubuski.ba\/index.php\/wp-json\/wp\/v2\/users\/2"}],"replies":[{"embeddable":true,"href":"https:\/\/radioljubuski.ba\/index.php\/wp-json\/wp\/v2\/comments?post=11821"}],"version-history":[{"count":1,"href":"https:\/\/radioljubuski.ba\/index.php\/wp-json\/wp\/v2\/posts\/11821\/revisions"}],"predecessor-version":[{"id":11823,"href":"https:\/\/radioljubuski.ba\/index.php\/wp-json\/wp\/v2\/posts\/11821\/revisions\/11823"}],"wp:featuredmedia":[{"embeddable":true,"href":"https:\/\/radioljubuski.ba\/index.php\/wp-json\/wp\/v2\/media\/11822"}],"wp:attachment":[{"href":"https:\/\/radioljubuski.ba\/index.php\/wp-json\/wp\/v2\/media?parent=11821"}],"wp:term":[{"taxonomy":"category","embeddable":true,"href":"https:\/\/radioljubuski.ba\/index.php\/wp-json\/wp\/v2\/categories?post=11821"},{"taxonomy":"post_tag","embeddable":true,"href":"https:\/\/radioljubuski.ba\/index.php\/wp-json\/wp\/v2\/tags?post=11821"}],"curies":[{"name":"wp","href":"https:\/\/api.w.org\/{rel}","templated":true}]}}