{"id":118227,"date":"2022-03-05T12:48:43","date_gmt":"2022-03-05T11:48:43","guid":{"rendered":"https:\/\/radioljubuski.ba\/?p=118227"},"modified":"2022-03-05T12:48:45","modified_gmt":"2022-03-05T11:48:45","slug":"ukrajinci-se-uspjesno-brane-kao-hvo-u-sredisnjoj-bosni","status":"publish","type":"post","link":"https:\/\/radioljubuski.ba\/index.php\/2022\/03\/05\/ukrajinci-se-uspjesno-brane-kao-hvo-u-sredisnjoj-bosni\/","title":{"rendered":"Ukrajinci se uspje\u0161no brane kao HVO u sredi\u0161njoj Bosni"},"content":{"rendered":"\n<p>Ruska invazija na Ukrajinu, zemlju \u010diji branitelji uspje\u0161no odolijevaju mnogo sna\u017enijem, uvje\u017ebanijem i opremljenijem neprijatelju, uvelike podsje\u0107a na zbivanja u posljednjem ratu u sredi\u0161njoj Bosni gdje su postrojbe Hrvatskoga vije\u0107a obrane uspjele obraniti enklavu u gotovo nemogu\u0107im uvjetima, posve okru\u017eenu, od vi\u0161estruko brojnijih snaga bo\u0161nja\u010dke Armije BiH, pi\u0161e <a href=\"https:\/\/www.vecernji.ba\/vijesti\/ukrajinci-se-uspjesno-brane-kao-hvo-u-sredisnjoj-bosni-1568459\">Ve\u010dernji list BiH<\/a>.<\/p>\n\n\n\n<p>Takvo herojstvo u La\u0161vanskoj dolini vjerojatno je i mnogo ve\u0107e s obzirom na to da je mjesecima bila posve prometno izolirana i povezana sa slobodnim teritorijem tek zra\u010dnim mostom. Ukrajinu napada oko 150.000 ruskih vojnika s kopna, mora i iz zraka s desetak puta vi\u0161e oklopa, zrakoplova, plovila. Istodobno, sredi\u0161nju Bosnu mjesecima je branilo samo oko 15.000 hrabrih vojnika, a napadalo ih je stalno 70.000 pripadnika bo\u0161nja\u010dkih snaga, me\u0111u kojima je bilo i oko 2000 mud\u017eahedina.<\/p>\n\n\n\n<p><strong>Vance-Owenov plan<\/strong><\/p>\n\n\n\n<p>Rat za sredi\u0161nju Bosnu uslijedio je u jeku mirovnih pregovora o preustroju zemlje sukladno Vance-Owenovu planu. Hrvatska strana smatra kako je bo\u0161nja\u010dka strana potpuno odsijecanje sredi\u0161nje Bosne zapo\u010dela ve\u0107 u sije\u010dnju 1993. godine, kada je zauzela prometnice na podru\u010dju Uskoplja. Sve \u010de\u0161\u0107i incidenti prerastali su u zlo\u010dine, a plan etni\u010dkog \u010di\u0161\u0107enja poku\u0161alo se provesti u svakoj srednjobosanskoj op\u0107ini, od Bugojna i Uskoplja, preko La\u0161vanske i Lepeni\u010dke doline, Zenice, Vare\u0161a, Kaknja do \u017dep\u010da i Usore. Glavninu svojih snaga Armija RBiH preusmjerila je u sredi\u0161nju Bosnu koju je s vi\u0161e svojih korpusa, u \u010dijem su sastavu bili i mnogobrojni borci iz islamskih zemalja mud\u017eahedini, dr\u017eala pod opsadom vi\u0161e od godinu dana.<\/p>\n\n\n\n<p><br>Od prolje\u0107a do kraja 1993. godine Armija BiH pokrenula je naj\u017ee\u0161\u0107e ofenzive u vi\u0161e strate\u0161kih pravaca u dolinama La\u0161ve i Lepenice te dolinom rijeke Bosne, dijele\u0107i prostor Operativne zone HVO-a Sredi\u0161nja Bosna na nekoliko enklava, koje su dodatno bile rascjepkane kako je rat odmicao. Gdje god su to uspjeli, pripadnici Armije RBiH i mud\u017eahedini, koji su bili u njezinu sastavu, ostavljali su krvave tragove svojih zlo\u010dina nad civilnim pu\u010danstvom, kao i nad pripadnicima HVO-a. Prema podacima hrvatske strane, s prostora sredi\u0161nje Bosne protjerano je 110.000 Hrvata, od 331 logora i mjesta zato\u010denja Armije BiH, njih 238 bilo je u sredi\u0161njoj Bosni, a kroz njih je pro\u0161lo 10.000 Hrvata.<\/p>\n\n\n\n<p>Oplja\u010dkano je i spaljeno 12.000 hrvatskih ku\u0107a i druge imovine, devastirano i uni\u0161teno 67 crkava, 74 katoli\u010dke kapele, 41 prate\u0107i crkveni objekt, devastirana su dva franjeva\u010dka samostana, a minirano \u010dak 71 katoli\u010dko groblje. Ubijena su i dvojica sve\u0107enika u Fojnici. Oko 140.000 Hrvata u enklavama La\u0161va, Lepenica i \u017dep\u010de branilo je 15 tisu\u0107a vojnika Zbornog podru\u010dja Vitez HVO-a protiv 70 tisu\u0107a vojnika i mud\u017eahedina. Brojni su zlo\u010dini po\u010dinjeni nad Hrvatima sredi\u0161nje Bosne. I dok je Haa\u0161ki sud u presudi \u0161estorici nekada\u0161njih du\u017enosnika Herceg Bosne, ali i u predmetu protiv jo\u0161 nekolicine hrvatskih du\u017enosnika presudio da su po\u010dinjeni ratni zlo\u010dini nad bo\u0161nja\u010dkim civilima i vojnicima, dotle su brojni zlo\u010dini nad Hrvatima ostali posve neprocesuirani pred tim Haa\u0161kim sudom.<\/p>\n\n\n\n<p><strong>Zlo\u010dini mud\u017eahedina pre\u0161u\u0107eni<\/strong><\/p>\n\n\n\n<p>Vjerojatno i zbog \u010dinjenice \u0161to su brojni mud\u017eahedini stigli u BiH upravo pod krinkom dijela me\u0111unarodnih mirovnih snaga. Dusina, \u0160u\u0161anj, Ovnak, Gusti Grab, Maljine, Biko\u0161i, Gu\u010da Gora, Kri\u017ean\u010devo Selo, Buhine Ku\u0107e, Kiseljak, \u017deljezno Polje, Vi\u0161njica Gaj, Borovica, Bugojno, Zenica, Travnik, Vitez, \u017dep\u010de, Busova\u010da, Fojnica, Vare\u0161, Kakanj &#8211; samo su neka od mjesta u kojima je zlo\u010dine po\u010dinila Armija BiH, navode hrvatski izvori. Jednako tako vrlo mali broj po\u010dinitelja ratnih zlo\u010dina osu\u0111en je pred doma\u0107im sudovima u BiH. Ugledni ameri\u010dki \u010dasnik Charles Schrader \u010dak je napisao knjigu o hrvatsko-bo\u0161nja\u010dkom sukobu u sredi\u0161njoj Bosni. On tvrdi da su Bo\u0161njaci napali Hrvate planirano &#8211; o \u010demu je bo\u0161nja\u010dko vodstvo u Sarajevu donijelo odluku ve\u0107 u jesen 1992. godine. Po njemu, apsolutna je nepravda odgovornost za rat u sredi\u0161njoj Bosni pripisivati Hrvatima koji su se nalazili u stupici te bili svakodnevno izlo\u017eeni agresiji i zlo\u010dinima. Schrader je pak zaklju\u010dio kako je bo\u0161nja\u010dka strana uspjela dobiti propagandni rat stje\u010du\u0107i status \u017ertve, dok je u isto vrijeme pre\u0161u\u0107ivala i prikrivala sve \u0161to je za nju moglo biti nepovoljno.&nbsp;<\/p>\n\n\n\n<p>Izvor:vecernji.ba<\/p>\n","protected":false},"excerpt":{"rendered":"<p>Ruska invazija na Ukrajinu, zemlju \u010diji branitelji uspje\u0161no odolijevaju mnogo sna\u017enijem, uvje\u017ebanijem i opremljenijem neprijatelju, uvelike podsje\u0107a na zbivanja u posljednjem ratu u sredi\u0161njoj Bosni gdje su postrojbe Hrvatskoga vije\u0107a obrane uspjele obraniti enklavu u gotovo nemogu\u0107im uvjetima, posve okru\u017eenu, od vi\u0161estruko brojnijih snaga bo\u0161nja\u010dke Armije BiH, pi\u0161e Ve\u010dernji list BiH. Takvo herojstvo u La\u0161vanskoj [&hellip;]<\/p>\n","protected":false},"author":2,"featured_media":118228,"comment_status":"closed","ping_status":"closed","sticky":false,"template":"","format":"standard","meta":{"h5ap_radio_sources":[],"footnotes":""},"categories":[1],"tags":[],"class_list":["post-118227","post","type-post","status-publish","format-standard","has-post-thumbnail","hentry","category-bihiregija"],"yoast_head":"<!-- This site is optimized with the Yoast SEO plugin v27.5 - https:\/\/yoast.com\/product\/yoast-seo-wordpress\/ -->\n<title>Ukrajinci se uspje\u0161no brane kao HVO u sredi\u0161njoj Bosni - RADIO LJUBU\u0160KI<\/title>\n<meta name=\"robots\" content=\"index, follow, max-snippet:-1, max-image-preview:large, max-video-preview:-1\" \/>\n<link rel=\"canonical\" href=\"https:\/\/radioljubuski.ba\/index.php\/2022\/03\/05\/ukrajinci-se-uspjesno-brane-kao-hvo-u-sredisnjoj-bosni\/\" \/>\n<meta property=\"og:locale\" content=\"hr_HR\" \/>\n<meta property=\"og:type\" content=\"article\" \/>\n<meta property=\"og:title\" content=\"Ukrajinci se uspje\u0161no brane kao HVO u sredi\u0161njoj Bosni - RADIO LJUBU\u0160KI\" \/>\n<meta property=\"og:description\" content=\"Ruska invazija na Ukrajinu, zemlju \u010diji branitelji uspje\u0161no odolijevaju mnogo sna\u017enijem, uvje\u017ebanijem i opremljenijem neprijatelju, uvelike podsje\u0107a na zbivanja u posljednjem ratu u sredi\u0161njoj Bosni gdje su postrojbe Hrvatskoga vije\u0107a obrane uspjele obraniti enklavu u gotovo nemogu\u0107im uvjetima, posve okru\u017eenu, od vi\u0161estruko brojnijih snaga bo\u0161nja\u010dke Armije BiH, pi\u0161e Ve\u010dernji list BiH. Takvo herojstvo u La\u0161vanskoj [&hellip;]\" \/>\n<meta property=\"og:url\" content=\"https:\/\/radioljubuski.ba\/index.php\/2022\/03\/05\/ukrajinci-se-uspjesno-brane-kao-hvo-u-sredisnjoj-bosni\/\" \/>\n<meta property=\"og:site_name\" content=\"RADIO LJUBU\u0160KI\" \/>\n<meta property=\"article:publisher\" content=\"https:\/\/www.facebook.com\/Radiio-Ljubuski-1490835324566332\" \/>\n<meta property=\"article:published_time\" content=\"2022-03-05T11:48:43+00:00\" \/>\n<meta property=\"article:modified_time\" content=\"2022-03-05T11:48:45+00:00\" \/>\n<meta property=\"og:image\" content=\"https:\/\/radioljubuski.ba\/wp-content\/uploads\/2022\/03\/2-2022-03-05-09-03-08-HH.png\" \/>\n\t<meta property=\"og:image:width\" content=\"1000\" \/>\n\t<meta property=\"og:image:height\" content=\"625\" \/>\n\t<meta property=\"og:image:type\" content=\"image\/png\" \/>\n<meta name=\"author\" content=\"Radio Ljubu\u0161ki\" \/>\n<meta name=\"twitter:card\" content=\"summary_large_image\" \/>\n<meta name=\"twitter:creator\" content=\"@radioljubuski\" \/>\n<meta name=\"twitter:site\" content=\"@radioljubuski\" \/>\n<meta name=\"twitter:label1\" content=\"Napisao\/la\" \/>\n\t<meta name=\"twitter:data1\" content=\"Radio Ljubu\u0161ki\" \/>\n\t<meta name=\"twitter:label2\" content=\"Procijenjeno vrijeme \u010ditanja\" \/>\n\t<meta name=\"twitter:data2\" content=\"3 minute\" \/>\n<script type=\"application\/ld+json\" class=\"yoast-schema-graph\">{\"@context\":\"https:\\\/\\\/schema.org\",\"@graph\":[{\"@type\":\"Article\",\"@id\":\"https:\\\/\\\/radioljubuski.ba\\\/index.php\\\/2022\\\/03\\\/05\\\/ukrajinci-se-uspjesno-brane-kao-hvo-u-sredisnjoj-bosni\\\/#article\",\"isPartOf\":{\"@id\":\"https:\\\/\\\/radioljubuski.ba\\\/index.php\\\/2022\\\/03\\\/05\\\/ukrajinci-se-uspjesno-brane-kao-hvo-u-sredisnjoj-bosni\\\/\"},\"author\":{\"name\":\"Radio Ljubu\u0161ki\",\"@id\":\"https:\\\/\\\/radioljubuski.ba\\\/#\\\/schema\\\/person\\\/19fc700381a780f69665d7956c469e3b\"},\"headline\":\"Ukrajinci se uspje\u0161no brane kao HVO u sredi\u0161njoj Bosni\",\"datePublished\":\"2022-03-05T11:48:43+00:00\",\"dateModified\":\"2022-03-05T11:48:45+00:00\",\"mainEntityOfPage\":{\"@id\":\"https:\\\/\\\/radioljubuski.ba\\\/index.php\\\/2022\\\/03\\\/05\\\/ukrajinci-se-uspjesno-brane-kao-hvo-u-sredisnjoj-bosni\\\/\"},\"wordCount\":758,\"publisher\":{\"@id\":\"https:\\\/\\\/radioljubuski.ba\\\/#organization\"},\"image\":{\"@id\":\"https:\\\/\\\/radioljubuski.ba\\\/index.php\\\/2022\\\/03\\\/05\\\/ukrajinci-se-uspjesno-brane-kao-hvo-u-sredisnjoj-bosni\\\/#primaryimage\"},\"thumbnailUrl\":\"https:\\\/\\\/radioljubuski.ba\\\/wp-content\\\/uploads\\\/2022\\\/03\\\/2-2022-03-05-09-03-08-HH.png\",\"articleSection\":[\"BIH i regija\"],\"inLanguage\":\"hr\"},{\"@type\":\"WebPage\",\"@id\":\"https:\\\/\\\/radioljubuski.ba\\\/index.php\\\/2022\\\/03\\\/05\\\/ukrajinci-se-uspjesno-brane-kao-hvo-u-sredisnjoj-bosni\\\/\",\"url\":\"https:\\\/\\\/radioljubuski.ba\\\/index.php\\\/2022\\\/03\\\/05\\\/ukrajinci-se-uspjesno-brane-kao-hvo-u-sredisnjoj-bosni\\\/\",\"name\":\"Ukrajinci se uspje\u0161no brane kao HVO u sredi\u0161njoj Bosni - RADIO LJUBU\u0160KI\",\"isPartOf\":{\"@id\":\"https:\\\/\\\/radioljubuski.ba\\\/#website\"},\"primaryImageOfPage\":{\"@id\":\"https:\\\/\\\/radioljubuski.ba\\\/index.php\\\/2022\\\/03\\\/05\\\/ukrajinci-se-uspjesno-brane-kao-hvo-u-sredisnjoj-bosni\\\/#primaryimage\"},\"image\":{\"@id\":\"https:\\\/\\\/radioljubuski.ba\\\/index.php\\\/2022\\\/03\\\/05\\\/ukrajinci-se-uspjesno-brane-kao-hvo-u-sredisnjoj-bosni\\\/#primaryimage\"},\"thumbnailUrl\":\"https:\\\/\\\/radioljubuski.ba\\\/wp-content\\\/uploads\\\/2022\\\/03\\\/2-2022-03-05-09-03-08-HH.png\",\"datePublished\":\"2022-03-05T11:48:43+00:00\",\"dateModified\":\"2022-03-05T11:48:45+00:00\",\"breadcrumb\":{\"@id\":\"https:\\\/\\\/radioljubuski.ba\\\/index.php\\\/2022\\\/03\\\/05\\\/ukrajinci-se-uspjesno-brane-kao-hvo-u-sredisnjoj-bosni\\\/#breadcrumb\"},\"inLanguage\":\"hr\",\"potentialAction\":[{\"@type\":\"ReadAction\",\"target\":[\"https:\\\/\\\/radioljubuski.ba\\\/index.php\\\/2022\\\/03\\\/05\\\/ukrajinci-se-uspjesno-brane-kao-hvo-u-sredisnjoj-bosni\\\/\"]}]},{\"@type\":\"ImageObject\",\"inLanguage\":\"hr\",\"@id\":\"https:\\\/\\\/radioljubuski.ba\\\/index.php\\\/2022\\\/03\\\/05\\\/ukrajinci-se-uspjesno-brane-kao-hvo-u-sredisnjoj-bosni\\\/#primaryimage\",\"url\":\"https:\\\/\\\/radioljubuski.ba\\\/wp-content\\\/uploads\\\/2022\\\/03\\\/2-2022-03-05-09-03-08-HH.png\",\"contentUrl\":\"https:\\\/\\\/radioljubuski.ba\\\/wp-content\\\/uploads\\\/2022\\\/03\\\/2-2022-03-05-09-03-08-HH.png\",\"width\":1000,\"height\":625},{\"@type\":\"BreadcrumbList\",\"@id\":\"https:\\\/\\\/radioljubuski.ba\\\/index.php\\\/2022\\\/03\\\/05\\\/ukrajinci-se-uspjesno-brane-kao-hvo-u-sredisnjoj-bosni\\\/#breadcrumb\",\"itemListElement\":[{\"@type\":\"ListItem\",\"position\":1,\"name\":\"Po\u010detna stranica\",\"item\":\"https:\\\/\\\/radioljubuski.ba\\\/\"},{\"@type\":\"ListItem\",\"position\":2,\"name\":\"Ukrajinci se uspje\u0161no brane kao HVO u sredi\u0161njoj Bosni\"}]},{\"@type\":\"WebSite\",\"@id\":\"https:\\\/\\\/radioljubuski.ba\\\/#website\",\"url\":\"https:\\\/\\\/radioljubuski.ba\\\/\",\"name\":\"Radio Ljubu\u0161ki\",\"description\":\"Sun\u010dana frekvencija Hercegovine\",\"publisher\":{\"@id\":\"https:\\\/\\\/radioljubuski.ba\\\/#organization\"},\"potentialAction\":[{\"@type\":\"SearchAction\",\"target\":{\"@type\":\"EntryPoint\",\"urlTemplate\":\"https:\\\/\\\/radioljubuski.ba\\\/?s={search_term_string}\"},\"query-input\":{\"@type\":\"PropertyValueSpecification\",\"valueRequired\":true,\"valueName\":\"search_term_string\"}}],\"inLanguage\":\"hr\"},{\"@type\":\"Organization\",\"@id\":\"https:\\\/\\\/radioljubuski.ba\\\/#organization\",\"name\":\"Radio Ljubu\u0161ki\",\"url\":\"https:\\\/\\\/radioljubuski.ba\\\/\",\"logo\":{\"@type\":\"ImageObject\",\"inLanguage\":\"hr\",\"@id\":\"https:\\\/\\\/radioljubuski.ba\\\/#\\\/schema\\\/logo\\\/image\\\/\",\"url\":\"https:\\\/\\\/radioljubuski.ba\\\/wp-content\\\/uploads\\\/2021\\\/02\\\/cropped-Radio_Ljubuski_logo1.jpg\",\"contentUrl\":\"https:\\\/\\\/radioljubuski.ba\\\/wp-content\\\/uploads\\\/2021\\\/02\\\/cropped-Radio_Ljubuski_logo1.jpg\",\"width\":512,\"height\":512,\"caption\":\"Radio Ljubu\u0161ki\"},\"image\":{\"@id\":\"https:\\\/\\\/radioljubuski.ba\\\/#\\\/schema\\\/logo\\\/image\\\/\"},\"sameAs\":[\"https:\\\/\\\/www.facebook.com\\\/Radiio-Ljubuski-1490835324566332\",\"https:\\\/\\\/x.com\\\/radioljubuski\",\"https:\\\/\\\/hr.linkedin.com\\\/company\\\/radio-ljubuski\",\"https:\\\/\\\/www.youtube.com\\\/channel\\\/UCHYaeO_n0Db3tjNGudGpXyw\"]},{\"@type\":\"Person\",\"@id\":\"https:\\\/\\\/radioljubuski.ba\\\/#\\\/schema\\\/person\\\/19fc700381a780f69665d7956c469e3b\",\"name\":\"Radio Ljubu\u0161ki\"}]}<\/script>\n<!-- \/ Yoast SEO plugin. -->","yoast_head_json":{"title":"Ukrajinci se uspje\u0161no brane kao HVO u sredi\u0161njoj Bosni - RADIO LJUBU\u0160KI","robots":{"index":"index","follow":"follow","max-snippet":"max-snippet:-1","max-image-preview":"max-image-preview:large","max-video-preview":"max-video-preview:-1"},"canonical":"https:\/\/radioljubuski.ba\/index.php\/2022\/03\/05\/ukrajinci-se-uspjesno-brane-kao-hvo-u-sredisnjoj-bosni\/","og_locale":"hr_HR","og_type":"article","og_title":"Ukrajinci se uspje\u0161no brane kao HVO u sredi\u0161njoj Bosni - RADIO LJUBU\u0160KI","og_description":"Ruska invazija na Ukrajinu, zemlju \u010diji branitelji uspje\u0161no odolijevaju mnogo sna\u017enijem, uvje\u017ebanijem i opremljenijem neprijatelju, uvelike podsje\u0107a na zbivanja u posljednjem ratu u sredi\u0161njoj Bosni gdje su postrojbe Hrvatskoga vije\u0107a obrane uspjele obraniti enklavu u gotovo nemogu\u0107im uvjetima, posve okru\u017eenu, od vi\u0161estruko brojnijih snaga bo\u0161nja\u010dke Armije BiH, pi\u0161e Ve\u010dernji list BiH. Takvo herojstvo u La\u0161vanskoj [&hellip;]","og_url":"https:\/\/radioljubuski.ba\/index.php\/2022\/03\/05\/ukrajinci-se-uspjesno-brane-kao-hvo-u-sredisnjoj-bosni\/","og_site_name":"RADIO LJUBU\u0160KI","article_publisher":"https:\/\/www.facebook.com\/Radiio-Ljubuski-1490835324566332","article_published_time":"2022-03-05T11:48:43+00:00","article_modified_time":"2022-03-05T11:48:45+00:00","og_image":[{"width":1000,"height":625,"url":"https:\/\/radioljubuski.ba\/wp-content\/uploads\/2022\/03\/2-2022-03-05-09-03-08-HH.png","type":"image\/png"}],"author":"Radio Ljubu\u0161ki","twitter_card":"summary_large_image","twitter_creator":"@radioljubuski","twitter_site":"@radioljubuski","twitter_misc":{"Napisao\/la":"Radio Ljubu\u0161ki","Procijenjeno vrijeme \u010ditanja":"3 minute"},"schema":{"@context":"https:\/\/schema.org","@graph":[{"@type":"Article","@id":"https:\/\/radioljubuski.ba\/index.php\/2022\/03\/05\/ukrajinci-se-uspjesno-brane-kao-hvo-u-sredisnjoj-bosni\/#article","isPartOf":{"@id":"https:\/\/radioljubuski.ba\/index.php\/2022\/03\/05\/ukrajinci-se-uspjesno-brane-kao-hvo-u-sredisnjoj-bosni\/"},"author":{"name":"Radio Ljubu\u0161ki","@id":"https:\/\/radioljubuski.ba\/#\/schema\/person\/19fc700381a780f69665d7956c469e3b"},"headline":"Ukrajinci se uspje\u0161no brane kao HVO u sredi\u0161njoj Bosni","datePublished":"2022-03-05T11:48:43+00:00","dateModified":"2022-03-05T11:48:45+00:00","mainEntityOfPage":{"@id":"https:\/\/radioljubuski.ba\/index.php\/2022\/03\/05\/ukrajinci-se-uspjesno-brane-kao-hvo-u-sredisnjoj-bosni\/"},"wordCount":758,"publisher":{"@id":"https:\/\/radioljubuski.ba\/#organization"},"image":{"@id":"https:\/\/radioljubuski.ba\/index.php\/2022\/03\/05\/ukrajinci-se-uspjesno-brane-kao-hvo-u-sredisnjoj-bosni\/#primaryimage"},"thumbnailUrl":"https:\/\/radioljubuski.ba\/wp-content\/uploads\/2022\/03\/2-2022-03-05-09-03-08-HH.png","articleSection":["BIH i regija"],"inLanguage":"hr"},{"@type":"WebPage","@id":"https:\/\/radioljubuski.ba\/index.php\/2022\/03\/05\/ukrajinci-se-uspjesno-brane-kao-hvo-u-sredisnjoj-bosni\/","url":"https:\/\/radioljubuski.ba\/index.php\/2022\/03\/05\/ukrajinci-se-uspjesno-brane-kao-hvo-u-sredisnjoj-bosni\/","name":"Ukrajinci se uspje\u0161no brane kao HVO u sredi\u0161njoj Bosni - RADIO LJUBU\u0160KI","isPartOf":{"@id":"https:\/\/radioljubuski.ba\/#website"},"primaryImageOfPage":{"@id":"https:\/\/radioljubuski.ba\/index.php\/2022\/03\/05\/ukrajinci-se-uspjesno-brane-kao-hvo-u-sredisnjoj-bosni\/#primaryimage"},"image":{"@id":"https:\/\/radioljubuski.ba\/index.php\/2022\/03\/05\/ukrajinci-se-uspjesno-brane-kao-hvo-u-sredisnjoj-bosni\/#primaryimage"},"thumbnailUrl":"https:\/\/radioljubuski.ba\/wp-content\/uploads\/2022\/03\/2-2022-03-05-09-03-08-HH.png","datePublished":"2022-03-05T11:48:43+00:00","dateModified":"2022-03-05T11:48:45+00:00","breadcrumb":{"@id":"https:\/\/radioljubuski.ba\/index.php\/2022\/03\/05\/ukrajinci-se-uspjesno-brane-kao-hvo-u-sredisnjoj-bosni\/#breadcrumb"},"inLanguage":"hr","potentialAction":[{"@type":"ReadAction","target":["https:\/\/radioljubuski.ba\/index.php\/2022\/03\/05\/ukrajinci-se-uspjesno-brane-kao-hvo-u-sredisnjoj-bosni\/"]}]},{"@type":"ImageObject","inLanguage":"hr","@id":"https:\/\/radioljubuski.ba\/index.php\/2022\/03\/05\/ukrajinci-se-uspjesno-brane-kao-hvo-u-sredisnjoj-bosni\/#primaryimage","url":"https:\/\/radioljubuski.ba\/wp-content\/uploads\/2022\/03\/2-2022-03-05-09-03-08-HH.png","contentUrl":"https:\/\/radioljubuski.ba\/wp-content\/uploads\/2022\/03\/2-2022-03-05-09-03-08-HH.png","width":1000,"height":625},{"@type":"BreadcrumbList","@id":"https:\/\/radioljubuski.ba\/index.php\/2022\/03\/05\/ukrajinci-se-uspjesno-brane-kao-hvo-u-sredisnjoj-bosni\/#breadcrumb","itemListElement":[{"@type":"ListItem","position":1,"name":"Po\u010detna stranica","item":"https:\/\/radioljubuski.ba\/"},{"@type":"ListItem","position":2,"name":"Ukrajinci se uspje\u0161no brane kao HVO u sredi\u0161njoj Bosni"}]},{"@type":"WebSite","@id":"https:\/\/radioljubuski.ba\/#website","url":"https:\/\/radioljubuski.ba\/","name":"Radio Ljubu\u0161ki","description":"Sun\u010dana frekvencija Hercegovine","publisher":{"@id":"https:\/\/radioljubuski.ba\/#organization"},"potentialAction":[{"@type":"SearchAction","target":{"@type":"EntryPoint","urlTemplate":"https:\/\/radioljubuski.ba\/?s={search_term_string}"},"query-input":{"@type":"PropertyValueSpecification","valueRequired":true,"valueName":"search_term_string"}}],"inLanguage":"hr"},{"@type":"Organization","@id":"https:\/\/radioljubuski.ba\/#organization","name":"Radio Ljubu\u0161ki","url":"https:\/\/radioljubuski.ba\/","logo":{"@type":"ImageObject","inLanguage":"hr","@id":"https:\/\/radioljubuski.ba\/#\/schema\/logo\/image\/","url":"https:\/\/radioljubuski.ba\/wp-content\/uploads\/2021\/02\/cropped-Radio_Ljubuski_logo1.jpg","contentUrl":"https:\/\/radioljubuski.ba\/wp-content\/uploads\/2021\/02\/cropped-Radio_Ljubuski_logo1.jpg","width":512,"height":512,"caption":"Radio Ljubu\u0161ki"},"image":{"@id":"https:\/\/radioljubuski.ba\/#\/schema\/logo\/image\/"},"sameAs":["https:\/\/www.facebook.com\/Radiio-Ljubuski-1490835324566332","https:\/\/x.com\/radioljubuski","https:\/\/hr.linkedin.com\/company\/radio-ljubuski","https:\/\/www.youtube.com\/channel\/UCHYaeO_n0Db3tjNGudGpXyw"]},{"@type":"Person","@id":"https:\/\/radioljubuski.ba\/#\/schema\/person\/19fc700381a780f69665d7956c469e3b","name":"Radio Ljubu\u0161ki"}]}},"_links":{"self":[{"href":"https:\/\/radioljubuski.ba\/index.php\/wp-json\/wp\/v2\/posts\/118227","targetHints":{"allow":["GET"]}}],"collection":[{"href":"https:\/\/radioljubuski.ba\/index.php\/wp-json\/wp\/v2\/posts"}],"about":[{"href":"https:\/\/radioljubuski.ba\/index.php\/wp-json\/wp\/v2\/types\/post"}],"author":[{"embeddable":true,"href":"https:\/\/radioljubuski.ba\/index.php\/wp-json\/wp\/v2\/users\/2"}],"replies":[{"embeddable":true,"href":"https:\/\/radioljubuski.ba\/index.php\/wp-json\/wp\/v2\/comments?post=118227"}],"version-history":[{"count":1,"href":"https:\/\/radioljubuski.ba\/index.php\/wp-json\/wp\/v2\/posts\/118227\/revisions"}],"predecessor-version":[{"id":118229,"href":"https:\/\/radioljubuski.ba\/index.php\/wp-json\/wp\/v2\/posts\/118227\/revisions\/118229"}],"wp:featuredmedia":[{"embeddable":true,"href":"https:\/\/radioljubuski.ba\/index.php\/wp-json\/wp\/v2\/media\/118228"}],"wp:attachment":[{"href":"https:\/\/radioljubuski.ba\/index.php\/wp-json\/wp\/v2\/media?parent=118227"}],"wp:term":[{"taxonomy":"category","embeddable":true,"href":"https:\/\/radioljubuski.ba\/index.php\/wp-json\/wp\/v2\/categories?post=118227"},{"taxonomy":"post_tag","embeddable":true,"href":"https:\/\/radioljubuski.ba\/index.php\/wp-json\/wp\/v2\/tags?post=118227"}],"curies":[{"name":"wp","href":"https:\/\/api.w.org\/{rel}","templated":true}]}}