{"id":118230,"date":"2022-03-05T13:34:09","date_gmt":"2022-03-05T12:34:09","guid":{"rendered":"https:\/\/radioljubuski.ba\/?p=118230"},"modified":"2022-03-05T13:34:09","modified_gmt":"2022-03-05T12:34:09","slug":"agencija-za-radijacijsku-i-nuklearnu-sigurnost-bih-formirala-tim-za-pracenje-i-koordinaciju","status":"publish","type":"post","link":"https:\/\/radioljubuski.ba\/index.php\/2022\/03\/05\/agencija-za-radijacijsku-i-nuklearnu-sigurnost-bih-formirala-tim-za-pracenje-i-koordinaciju\/","title":{"rendered":"Agencija za radijacijsku i nuklearnu sigurnost BiH formirala tim za pra\u0107enje i koordinaciju"},"content":{"rendered":"\n<p><strong>Nakon napada ruske vojske na nuklearnu elektranu Zaporo\u017eje, najve\u0107u u Europi, nije registrirana pove\u0107ana razina zra\u010denja i stanje je redovno, potvrdili su za Avaz u Agenciji za nuklearnu sigurnost BiH.<\/strong><\/p>\n\n\n\n<p>Prema rije\u010dima zamjenika ravnatelja Agencije, Zorana Te\u0161anovi\u0107a, ove informacije potvr\u0111ene su i iz Me\u0111unarodne agencije za atomsku energiju (IAEA).<\/p>\n\n\n\n<p>\u2013 Od samog po\u010detka rata u Ukrajini, s obzirom na to da se tamo nalaze \u010detiri nuklearne centrale i 15 reaktora, kao i objekti za skladi\u0161tenje nuklearnog goriva, dr\u017eavna Agencija je pove\u0107ala svoju pozornost. Danas je ravnatelj formirao i tim za pra\u0107enje i koordinaciju svih doga\u0111aja u skladu s na\u0161im dr\u017eavnim Akcijskim planom za\u0161tite stanovni\u0161tva od ioniziraju\u0107eg zra\u010denja u slu\u010daju izvanrednog doga\u0111aja, nuklearnog udesa i nastanka nuklearne \u0161tete \u2013 kazao je Te\u0161anovi\u0107.<\/p>\n\n\n\n<p>Zbog incidenta u Zaporo\u017eju ravnatelj Me\u0111unarodne agencije za atomsku energiju najavio je odlazak u Ukrajinu.<\/p>\n\n\n\n<p>\u2013 I mi pratimo \u0161to se doga\u0111a. Oslonjeni smo dijelom na na\u0161e entitetske zavode za javno zdravstvo i njihove Centre za za\u0161titu od zra\u010denja i u stalnoj smo komunikaciji s njima. O formiranju ovog tima obavijestit \u0107emo Ministarstvo sigurnosti BiH \u2013 dodaje Te\u0161anovi\u0107.<\/p>\n\n\n\n<p>Podaci s oko 3.500 stanica<\/p>\n\n\n\n<p>U periodu globalne nuklearne prijetnje, te borbi u blizini nuklearnih postrojenja, prate se podaci s oko 3.500 stanica na isto toliko lokacija u regiji, me\u0111u kojima je i desetak u BiH.<\/p>\n\n\n\n<p>\u2013 Jako je va\u017eno da je i monitoring sustav u Ukrajini u funkciji i to nam je danas potvr\u0111eno \u2013 dodaje Te\u0161anovi\u0107.<\/p>\n\n\n\n<p>Agencija nema funkciju donositi preporuke stanovni\u0161tvu, koje ovih dana masovno kupuje jod. U slu\u010daju bilo kakvog izvanrednog doga\u0111aja, ka\u017ee Te\u0161anovi\u0107, uklju\u010dile bi se Vije\u0107e ministara i Ministarstvo sigurnosti, zajedno sa ostalim institucijama.<\/p>\n\n\n\n<p>\u2013 Kao dr\u017eavno regulatorno tijelo mo\u017eemo dati podr\u0161ku institucijama pri dono\u0161enju odluka, naravno u koordinaciji s dr\u017eavama u okru\u017eenju, Me\u0111unarodnom agencijom za atomsku energiju u Be\u010du i EURODEP-om u Bruxellesu \u2013 isti\u010de Te\u0161anovi\u0107.<\/p>\n\n\n\n<p>\/HMS\/<\/p>\n","protected":false},"excerpt":{"rendered":"<p>Nakon napada ruske vojske na nuklearnu elektranu Zaporo\u017eje, najve\u0107u u Europi, nije registrirana pove\u0107ana razina zra\u010denja i stanje je redovno, potvrdili su za Avaz u Agenciji za nuklearnu sigurnost BiH. Prema rije\u010dima zamjenika ravnatelja Agencije, Zorana Te\u0161anovi\u0107a, ove informacije potvr\u0111ene su i iz Me\u0111unarodne agencije za atomsku energiju (IAEA). \u2013 Od samog po\u010detka rata u [&hellip;]<\/p>\n","protected":false},"author":2,"featured_media":118231,"comment_status":"closed","ping_status":"closed","sticky":false,"template":"","format":"standard","meta":{"h5ap_radio_sources":[],"footnotes":""},"categories":[1],"tags":[],"class_list":["post-118230","post","type-post","status-publish","format-standard","has-post-thumbnail","hentry","category-bihiregija"],"yoast_head":"<!-- This site is optimized with the Yoast SEO plugin v27.5 - https:\/\/yoast.com\/product\/yoast-seo-wordpress\/ -->\n<title>Agencija za radijacijsku i nuklearnu sigurnost BiH formirala tim za pra\u0107enje i koordinaciju - RADIO LJUBU\u0160KI<\/title>\n<meta name=\"robots\" content=\"index, follow, max-snippet:-1, max-image-preview:large, max-video-preview:-1\" \/>\n<link rel=\"canonical\" href=\"https:\/\/radioljubuski.ba\/index.php\/2022\/03\/05\/agencija-za-radijacijsku-i-nuklearnu-sigurnost-bih-formirala-tim-za-pracenje-i-koordinaciju\/\" \/>\n<meta property=\"og:locale\" content=\"hr_HR\" \/>\n<meta property=\"og:type\" content=\"article\" \/>\n<meta property=\"og:title\" content=\"Agencija za radijacijsku i nuklearnu sigurnost BiH formirala tim za pra\u0107enje i koordinaciju - RADIO LJUBU\u0160KI\" \/>\n<meta property=\"og:description\" content=\"Nakon napada ruske vojske na nuklearnu elektranu Zaporo\u017eje, najve\u0107u u Europi, nije registrirana pove\u0107ana razina zra\u010denja i stanje je redovno, potvrdili su za Avaz u Agenciji za nuklearnu sigurnost BiH. Prema rije\u010dima zamjenika ravnatelja Agencije, Zorana Te\u0161anovi\u0107a, ove informacije potvr\u0111ene su i iz Me\u0111unarodne agencije za atomsku energiju (IAEA). \u2013 Od samog po\u010detka rata u [&hellip;]\" \/>\n<meta property=\"og:url\" content=\"https:\/\/radioljubuski.ba\/index.php\/2022\/03\/05\/agencija-za-radijacijsku-i-nuklearnu-sigurnost-bih-formirala-tim-za-pracenje-i-koordinaciju\/\" \/>\n<meta property=\"og:site_name\" content=\"RADIO LJUBU\u0160KI\" \/>\n<meta property=\"article:publisher\" content=\"https:\/\/www.facebook.com\/Radiio-Ljubuski-1490835324566332\" \/>\n<meta property=\"article:published_time\" content=\"2022-03-05T12:34:09+00:00\" \/>\n<meta property=\"og:image\" content=\"https:\/\/radioljubuski.ba\/wp-content\/uploads\/2022\/03\/873x400-2-1.jpg\" \/>\n\t<meta property=\"og:image:width\" content=\"750\" \/>\n\t<meta property=\"og:image:height\" content=\"465\" \/>\n\t<meta property=\"og:image:type\" content=\"image\/jpeg\" \/>\n<meta name=\"author\" content=\"Radio Ljubu\u0161ki\" \/>\n<meta name=\"twitter:card\" content=\"summary_large_image\" \/>\n<meta name=\"twitter:creator\" content=\"@radioljubuski\" \/>\n<meta name=\"twitter:site\" content=\"@radioljubuski\" \/>\n<meta name=\"twitter:label1\" content=\"Napisao\/la\" \/>\n\t<meta name=\"twitter:data1\" content=\"Radio Ljubu\u0161ki\" \/>\n\t<meta name=\"twitter:label2\" content=\"Procijenjeno vrijeme \u010ditanja\" \/>\n\t<meta name=\"twitter:data2\" content=\"2 minute\" \/>\n<script type=\"application\/ld+json\" class=\"yoast-schema-graph\">{\"@context\":\"https:\\\/\\\/schema.org\",\"@graph\":[{\"@type\":\"Article\",\"@id\":\"https:\\\/\\\/radioljubuski.ba\\\/index.php\\\/2022\\\/03\\\/05\\\/agencija-za-radijacijsku-i-nuklearnu-sigurnost-bih-formirala-tim-za-pracenje-i-koordinaciju\\\/#article\",\"isPartOf\":{\"@id\":\"https:\\\/\\\/radioljubuski.ba\\\/index.php\\\/2022\\\/03\\\/05\\\/agencija-za-radijacijsku-i-nuklearnu-sigurnost-bih-formirala-tim-za-pracenje-i-koordinaciju\\\/\"},\"author\":{\"name\":\"Radio Ljubu\u0161ki\",\"@id\":\"https:\\\/\\\/radioljubuski.ba\\\/#\\\/schema\\\/person\\\/19fc700381a780f69665d7956c469e3b\"},\"headline\":\"Agencija za radijacijsku i nuklearnu sigurnost BiH formirala tim za pra\u0107enje i koordinaciju\",\"datePublished\":\"2022-03-05T12:34:09+00:00\",\"mainEntityOfPage\":{\"@id\":\"https:\\\/\\\/radioljubuski.ba\\\/index.php\\\/2022\\\/03\\\/05\\\/agencija-za-radijacijsku-i-nuklearnu-sigurnost-bih-formirala-tim-za-pracenje-i-koordinaciju\\\/\"},\"wordCount\":358,\"publisher\":{\"@id\":\"https:\\\/\\\/radioljubuski.ba\\\/#organization\"},\"image\":{\"@id\":\"https:\\\/\\\/radioljubuski.ba\\\/index.php\\\/2022\\\/03\\\/05\\\/agencija-za-radijacijsku-i-nuklearnu-sigurnost-bih-formirala-tim-za-pracenje-i-koordinaciju\\\/#primaryimage\"},\"thumbnailUrl\":\"https:\\\/\\\/radioljubuski.ba\\\/wp-content\\\/uploads\\\/2022\\\/03\\\/873x400-2-1.jpg\",\"articleSection\":[\"BIH i regija\"],\"inLanguage\":\"hr\"},{\"@type\":\"WebPage\",\"@id\":\"https:\\\/\\\/radioljubuski.ba\\\/index.php\\\/2022\\\/03\\\/05\\\/agencija-za-radijacijsku-i-nuklearnu-sigurnost-bih-formirala-tim-za-pracenje-i-koordinaciju\\\/\",\"url\":\"https:\\\/\\\/radioljubuski.ba\\\/index.php\\\/2022\\\/03\\\/05\\\/agencija-za-radijacijsku-i-nuklearnu-sigurnost-bih-formirala-tim-za-pracenje-i-koordinaciju\\\/\",\"name\":\"Agencija za radijacijsku i nuklearnu sigurnost BiH formirala tim za pra\u0107enje i koordinaciju - RADIO LJUBU\u0160KI\",\"isPartOf\":{\"@id\":\"https:\\\/\\\/radioljubuski.ba\\\/#website\"},\"primaryImageOfPage\":{\"@id\":\"https:\\\/\\\/radioljubuski.ba\\\/index.php\\\/2022\\\/03\\\/05\\\/agencija-za-radijacijsku-i-nuklearnu-sigurnost-bih-formirala-tim-za-pracenje-i-koordinaciju\\\/#primaryimage\"},\"image\":{\"@id\":\"https:\\\/\\\/radioljubuski.ba\\\/index.php\\\/2022\\\/03\\\/05\\\/agencija-za-radijacijsku-i-nuklearnu-sigurnost-bih-formirala-tim-za-pracenje-i-koordinaciju\\\/#primaryimage\"},\"thumbnailUrl\":\"https:\\\/\\\/radioljubuski.ba\\\/wp-content\\\/uploads\\\/2022\\\/03\\\/873x400-2-1.jpg\",\"datePublished\":\"2022-03-05T12:34:09+00:00\",\"breadcrumb\":{\"@id\":\"https:\\\/\\\/radioljubuski.ba\\\/index.php\\\/2022\\\/03\\\/05\\\/agencija-za-radijacijsku-i-nuklearnu-sigurnost-bih-formirala-tim-za-pracenje-i-koordinaciju\\\/#breadcrumb\"},\"inLanguage\":\"hr\",\"potentialAction\":[{\"@type\":\"ReadAction\",\"target\":[\"https:\\\/\\\/radioljubuski.ba\\\/index.php\\\/2022\\\/03\\\/05\\\/agencija-za-radijacijsku-i-nuklearnu-sigurnost-bih-formirala-tim-za-pracenje-i-koordinaciju\\\/\"]}]},{\"@type\":\"ImageObject\",\"inLanguage\":\"hr\",\"@id\":\"https:\\\/\\\/radioljubuski.ba\\\/index.php\\\/2022\\\/03\\\/05\\\/agencija-za-radijacijsku-i-nuklearnu-sigurnost-bih-formirala-tim-za-pracenje-i-koordinaciju\\\/#primaryimage\",\"url\":\"https:\\\/\\\/radioljubuski.ba\\\/wp-content\\\/uploads\\\/2022\\\/03\\\/873x400-2-1.jpg\",\"contentUrl\":\"https:\\\/\\\/radioljubuski.ba\\\/wp-content\\\/uploads\\\/2022\\\/03\\\/873x400-2-1.jpg\",\"width\":750,\"height\":465},{\"@type\":\"BreadcrumbList\",\"@id\":\"https:\\\/\\\/radioljubuski.ba\\\/index.php\\\/2022\\\/03\\\/05\\\/agencija-za-radijacijsku-i-nuklearnu-sigurnost-bih-formirala-tim-za-pracenje-i-koordinaciju\\\/#breadcrumb\",\"itemListElement\":[{\"@type\":\"ListItem\",\"position\":1,\"name\":\"Po\u010detna stranica\",\"item\":\"https:\\\/\\\/radioljubuski.ba\\\/\"},{\"@type\":\"ListItem\",\"position\":2,\"name\":\"Agencija za radijacijsku i nuklearnu sigurnost BiH formirala tim za pra\u0107enje i koordinaciju\"}]},{\"@type\":\"WebSite\",\"@id\":\"https:\\\/\\\/radioljubuski.ba\\\/#website\",\"url\":\"https:\\\/\\\/radioljubuski.ba\\\/\",\"name\":\"Radio Ljubu\u0161ki\",\"description\":\"Sun\u010dana frekvencija Hercegovine\",\"publisher\":{\"@id\":\"https:\\\/\\\/radioljubuski.ba\\\/#organization\"},\"potentialAction\":[{\"@type\":\"SearchAction\",\"target\":{\"@type\":\"EntryPoint\",\"urlTemplate\":\"https:\\\/\\\/radioljubuski.ba\\\/?s={search_term_string}\"},\"query-input\":{\"@type\":\"PropertyValueSpecification\",\"valueRequired\":true,\"valueName\":\"search_term_string\"}}],\"inLanguage\":\"hr\"},{\"@type\":\"Organization\",\"@id\":\"https:\\\/\\\/radioljubuski.ba\\\/#organization\",\"name\":\"Radio Ljubu\u0161ki\",\"url\":\"https:\\\/\\\/radioljubuski.ba\\\/\",\"logo\":{\"@type\":\"ImageObject\",\"inLanguage\":\"hr\",\"@id\":\"https:\\\/\\\/radioljubuski.ba\\\/#\\\/schema\\\/logo\\\/image\\\/\",\"url\":\"https:\\\/\\\/radioljubuski.ba\\\/wp-content\\\/uploads\\\/2021\\\/02\\\/cropped-Radio_Ljubuski_logo1.jpg\",\"contentUrl\":\"https:\\\/\\\/radioljubuski.ba\\\/wp-content\\\/uploads\\\/2021\\\/02\\\/cropped-Radio_Ljubuski_logo1.jpg\",\"width\":512,\"height\":512,\"caption\":\"Radio Ljubu\u0161ki\"},\"image\":{\"@id\":\"https:\\\/\\\/radioljubuski.ba\\\/#\\\/schema\\\/logo\\\/image\\\/\"},\"sameAs\":[\"https:\\\/\\\/www.facebook.com\\\/Radiio-Ljubuski-1490835324566332\",\"https:\\\/\\\/x.com\\\/radioljubuski\",\"https:\\\/\\\/hr.linkedin.com\\\/company\\\/radio-ljubuski\",\"https:\\\/\\\/www.youtube.com\\\/channel\\\/UCHYaeO_n0Db3tjNGudGpXyw\"]},{\"@type\":\"Person\",\"@id\":\"https:\\\/\\\/radioljubuski.ba\\\/#\\\/schema\\\/person\\\/19fc700381a780f69665d7956c469e3b\",\"name\":\"Radio Ljubu\u0161ki\"}]}<\/script>\n<!-- \/ Yoast SEO plugin. -->","yoast_head_json":{"title":"Agencija za radijacijsku i nuklearnu sigurnost BiH formirala tim za pra\u0107enje i koordinaciju - RADIO LJUBU\u0160KI","robots":{"index":"index","follow":"follow","max-snippet":"max-snippet:-1","max-image-preview":"max-image-preview:large","max-video-preview":"max-video-preview:-1"},"canonical":"https:\/\/radioljubuski.ba\/index.php\/2022\/03\/05\/agencija-za-radijacijsku-i-nuklearnu-sigurnost-bih-formirala-tim-za-pracenje-i-koordinaciju\/","og_locale":"hr_HR","og_type":"article","og_title":"Agencija za radijacijsku i nuklearnu sigurnost BiH formirala tim za pra\u0107enje i koordinaciju - RADIO LJUBU\u0160KI","og_description":"Nakon napada ruske vojske na nuklearnu elektranu Zaporo\u017eje, najve\u0107u u Europi, nije registrirana pove\u0107ana razina zra\u010denja i stanje je redovno, potvrdili su za Avaz u Agenciji za nuklearnu sigurnost BiH. Prema rije\u010dima zamjenika ravnatelja Agencije, Zorana Te\u0161anovi\u0107a, ove informacije potvr\u0111ene su i iz Me\u0111unarodne agencije za atomsku energiju (IAEA). \u2013 Od samog po\u010detka rata u [&hellip;]","og_url":"https:\/\/radioljubuski.ba\/index.php\/2022\/03\/05\/agencija-za-radijacijsku-i-nuklearnu-sigurnost-bih-formirala-tim-za-pracenje-i-koordinaciju\/","og_site_name":"RADIO LJUBU\u0160KI","article_publisher":"https:\/\/www.facebook.com\/Radiio-Ljubuski-1490835324566332","article_published_time":"2022-03-05T12:34:09+00:00","og_image":[{"width":750,"height":465,"url":"https:\/\/radioljubuski.ba\/wp-content\/uploads\/2022\/03\/873x400-2-1.jpg","type":"image\/jpeg"}],"author":"Radio Ljubu\u0161ki","twitter_card":"summary_large_image","twitter_creator":"@radioljubuski","twitter_site":"@radioljubuski","twitter_misc":{"Napisao\/la":"Radio Ljubu\u0161ki","Procijenjeno vrijeme \u010ditanja":"2 minute"},"schema":{"@context":"https:\/\/schema.org","@graph":[{"@type":"Article","@id":"https:\/\/radioljubuski.ba\/index.php\/2022\/03\/05\/agencija-za-radijacijsku-i-nuklearnu-sigurnost-bih-formirala-tim-za-pracenje-i-koordinaciju\/#article","isPartOf":{"@id":"https:\/\/radioljubuski.ba\/index.php\/2022\/03\/05\/agencija-za-radijacijsku-i-nuklearnu-sigurnost-bih-formirala-tim-za-pracenje-i-koordinaciju\/"},"author":{"name":"Radio Ljubu\u0161ki","@id":"https:\/\/radioljubuski.ba\/#\/schema\/person\/19fc700381a780f69665d7956c469e3b"},"headline":"Agencija za radijacijsku i nuklearnu sigurnost BiH formirala tim za pra\u0107enje i koordinaciju","datePublished":"2022-03-05T12:34:09+00:00","mainEntityOfPage":{"@id":"https:\/\/radioljubuski.ba\/index.php\/2022\/03\/05\/agencija-za-radijacijsku-i-nuklearnu-sigurnost-bih-formirala-tim-za-pracenje-i-koordinaciju\/"},"wordCount":358,"publisher":{"@id":"https:\/\/radioljubuski.ba\/#organization"},"image":{"@id":"https:\/\/radioljubuski.ba\/index.php\/2022\/03\/05\/agencija-za-radijacijsku-i-nuklearnu-sigurnost-bih-formirala-tim-za-pracenje-i-koordinaciju\/#primaryimage"},"thumbnailUrl":"https:\/\/radioljubuski.ba\/wp-content\/uploads\/2022\/03\/873x400-2-1.jpg","articleSection":["BIH i regija"],"inLanguage":"hr"},{"@type":"WebPage","@id":"https:\/\/radioljubuski.ba\/index.php\/2022\/03\/05\/agencija-za-radijacijsku-i-nuklearnu-sigurnost-bih-formirala-tim-za-pracenje-i-koordinaciju\/","url":"https:\/\/radioljubuski.ba\/index.php\/2022\/03\/05\/agencija-za-radijacijsku-i-nuklearnu-sigurnost-bih-formirala-tim-za-pracenje-i-koordinaciju\/","name":"Agencija za radijacijsku i nuklearnu sigurnost BiH formirala tim za pra\u0107enje i koordinaciju - RADIO LJUBU\u0160KI","isPartOf":{"@id":"https:\/\/radioljubuski.ba\/#website"},"primaryImageOfPage":{"@id":"https:\/\/radioljubuski.ba\/index.php\/2022\/03\/05\/agencija-za-radijacijsku-i-nuklearnu-sigurnost-bih-formirala-tim-za-pracenje-i-koordinaciju\/#primaryimage"},"image":{"@id":"https:\/\/radioljubuski.ba\/index.php\/2022\/03\/05\/agencija-za-radijacijsku-i-nuklearnu-sigurnost-bih-formirala-tim-za-pracenje-i-koordinaciju\/#primaryimage"},"thumbnailUrl":"https:\/\/radioljubuski.ba\/wp-content\/uploads\/2022\/03\/873x400-2-1.jpg","datePublished":"2022-03-05T12:34:09+00:00","breadcrumb":{"@id":"https:\/\/radioljubuski.ba\/index.php\/2022\/03\/05\/agencija-za-radijacijsku-i-nuklearnu-sigurnost-bih-formirala-tim-za-pracenje-i-koordinaciju\/#breadcrumb"},"inLanguage":"hr","potentialAction":[{"@type":"ReadAction","target":["https:\/\/radioljubuski.ba\/index.php\/2022\/03\/05\/agencija-za-radijacijsku-i-nuklearnu-sigurnost-bih-formirala-tim-za-pracenje-i-koordinaciju\/"]}]},{"@type":"ImageObject","inLanguage":"hr","@id":"https:\/\/radioljubuski.ba\/index.php\/2022\/03\/05\/agencija-za-radijacijsku-i-nuklearnu-sigurnost-bih-formirala-tim-za-pracenje-i-koordinaciju\/#primaryimage","url":"https:\/\/radioljubuski.ba\/wp-content\/uploads\/2022\/03\/873x400-2-1.jpg","contentUrl":"https:\/\/radioljubuski.ba\/wp-content\/uploads\/2022\/03\/873x400-2-1.jpg","width":750,"height":465},{"@type":"BreadcrumbList","@id":"https:\/\/radioljubuski.ba\/index.php\/2022\/03\/05\/agencija-za-radijacijsku-i-nuklearnu-sigurnost-bih-formirala-tim-za-pracenje-i-koordinaciju\/#breadcrumb","itemListElement":[{"@type":"ListItem","position":1,"name":"Po\u010detna stranica","item":"https:\/\/radioljubuski.ba\/"},{"@type":"ListItem","position":2,"name":"Agencija za radijacijsku i nuklearnu sigurnost BiH formirala tim za pra\u0107enje i koordinaciju"}]},{"@type":"WebSite","@id":"https:\/\/radioljubuski.ba\/#website","url":"https:\/\/radioljubuski.ba\/","name":"Radio Ljubu\u0161ki","description":"Sun\u010dana frekvencija Hercegovine","publisher":{"@id":"https:\/\/radioljubuski.ba\/#organization"},"potentialAction":[{"@type":"SearchAction","target":{"@type":"EntryPoint","urlTemplate":"https:\/\/radioljubuski.ba\/?s={search_term_string}"},"query-input":{"@type":"PropertyValueSpecification","valueRequired":true,"valueName":"search_term_string"}}],"inLanguage":"hr"},{"@type":"Organization","@id":"https:\/\/radioljubuski.ba\/#organization","name":"Radio Ljubu\u0161ki","url":"https:\/\/radioljubuski.ba\/","logo":{"@type":"ImageObject","inLanguage":"hr","@id":"https:\/\/radioljubuski.ba\/#\/schema\/logo\/image\/","url":"https:\/\/radioljubuski.ba\/wp-content\/uploads\/2021\/02\/cropped-Radio_Ljubuski_logo1.jpg","contentUrl":"https:\/\/radioljubuski.ba\/wp-content\/uploads\/2021\/02\/cropped-Radio_Ljubuski_logo1.jpg","width":512,"height":512,"caption":"Radio Ljubu\u0161ki"},"image":{"@id":"https:\/\/radioljubuski.ba\/#\/schema\/logo\/image\/"},"sameAs":["https:\/\/www.facebook.com\/Radiio-Ljubuski-1490835324566332","https:\/\/x.com\/radioljubuski","https:\/\/hr.linkedin.com\/company\/radio-ljubuski","https:\/\/www.youtube.com\/channel\/UCHYaeO_n0Db3tjNGudGpXyw"]},{"@type":"Person","@id":"https:\/\/radioljubuski.ba\/#\/schema\/person\/19fc700381a780f69665d7956c469e3b","name":"Radio Ljubu\u0161ki"}]}},"_links":{"self":[{"href":"https:\/\/radioljubuski.ba\/index.php\/wp-json\/wp\/v2\/posts\/118230","targetHints":{"allow":["GET"]}}],"collection":[{"href":"https:\/\/radioljubuski.ba\/index.php\/wp-json\/wp\/v2\/posts"}],"about":[{"href":"https:\/\/radioljubuski.ba\/index.php\/wp-json\/wp\/v2\/types\/post"}],"author":[{"embeddable":true,"href":"https:\/\/radioljubuski.ba\/index.php\/wp-json\/wp\/v2\/users\/2"}],"replies":[{"embeddable":true,"href":"https:\/\/radioljubuski.ba\/index.php\/wp-json\/wp\/v2\/comments?post=118230"}],"version-history":[{"count":1,"href":"https:\/\/radioljubuski.ba\/index.php\/wp-json\/wp\/v2\/posts\/118230\/revisions"}],"predecessor-version":[{"id":118232,"href":"https:\/\/radioljubuski.ba\/index.php\/wp-json\/wp\/v2\/posts\/118230\/revisions\/118232"}],"wp:featuredmedia":[{"embeddable":true,"href":"https:\/\/radioljubuski.ba\/index.php\/wp-json\/wp\/v2\/media\/118231"}],"wp:attachment":[{"href":"https:\/\/radioljubuski.ba\/index.php\/wp-json\/wp\/v2\/media?parent=118230"}],"wp:term":[{"taxonomy":"category","embeddable":true,"href":"https:\/\/radioljubuski.ba\/index.php\/wp-json\/wp\/v2\/categories?post=118230"},{"taxonomy":"post_tag","embeddable":true,"href":"https:\/\/radioljubuski.ba\/index.php\/wp-json\/wp\/v2\/tags?post=118230"}],"curies":[{"name":"wp","href":"https:\/\/api.w.org\/{rel}","templated":true}]}}