{"id":118233,"date":"2022-03-05T13:35:16","date_gmt":"2022-03-05T12:35:16","guid":{"rendered":"https:\/\/radioljubuski.ba\/?p=118233"},"modified":"2022-03-05T13:35:17","modified_gmt":"2022-03-05T12:35:17","slug":"kordic-izborni-zakon-u-mostaru-omogucio-je-svim-narodima-jednakopravnost","status":"publish","type":"post","link":"https:\/\/radioljubuski.ba\/index.php\/2022\/03\/05\/kordic-izborni-zakon-u-mostaru-omogucio-je-svim-narodima-jednakopravnost\/","title":{"rendered":"Kordi\u0107: Izborni zakon u Mostaru omogu\u0107io je svim narodima jednakopravnost"},"content":{"rendered":"\n<p><strong>Gradona\u010delnik Mostara Mario Kordi\u0107 uprili\u010dio je prijem za Voditeljicu Misije OESS-a u BiH, veleposlanicu Kathleen Kavalec. Tom prilikom gradona\u010delnik Kordi\u0107 upoznao je veleposlanicu Kavalec o projektima koje je pokrenuo Grad Mostar u prethodnom razdoblju, prenosi Hrvatski Medijski Servis.&nbsp;<\/strong><\/p>\n\n\n\n<p>Iz mostarske gradske uprave priop\u0107eno je da je gradona\u010delnik Kordi\u0107 objasnio&nbsp; veleposlanici Kavalec razloge dobrog funkcioniranja gradske vlasti u Mostaru.<\/p>\n\n\n\n<p>-Novi Izborni zakon u Mostaru omogu\u0107io je svim narodima jednakopravnost i stvorio uvjete za me\u0111usobnu suradnju, rekao je Korsi\u0107.<\/p>\n\n\n\n<p>Tako\u0111er je naglasio va\u017enost promjena Izbornog zakona na federalnoj razini kako bi se pozornost mogla posvetiti pitanjima koja su va\u017ena za svakodnevni \u017eivot gra\u0111ana.<\/p>\n\n\n\n<p>Kada su u pitanju komunalni problemi prona\u0111eno je rje\u0161enje, odnosno Plan prilagodbe Federalnog ministarstva okoli\u0161a i turizma koji se odnosi na sanaciju deponije \u201eUborak\u201c.<\/p>\n\n\n\n<p>U prijedlogu Federalnog prora\u010duna planirano je financiranje tri izuzetno va\u017ena projekta za sve gra\u0111ane Mostara. Prema istome predvi\u0111ana su sredstava za Olimpijski bazen, sportsku dvoranu i HNK Mostar.<\/p>\n\n\n\n<p>Veleposlanica Kavalec je izrazila svoj optimizam u uspje\u0161an zavr\u0161etak razgovora o izbornom zakonodavstvu i \u010destitala gradona\u010delniku na prvoj godini mandata.<\/p>\n\n\n\n<p>\/HMS\/<\/p>\n","protected":false},"excerpt":{"rendered":"<p>Gradona\u010delnik Mostara Mario Kordi\u0107 uprili\u010dio je prijem za Voditeljicu Misije OESS-a u BiH, veleposlanicu Kathleen Kavalec. Tom prilikom gradona\u010delnik Kordi\u0107 upoznao je veleposlanicu Kavalec o projektima koje je pokrenuo Grad Mostar u prethodnom razdoblju, prenosi Hrvatski Medijski Servis.&nbsp; Iz mostarske gradske uprave priop\u0107eno je da je gradona\u010delnik Kordi\u0107 objasnio&nbsp; veleposlanici Kavalec razloge dobrog funkcioniranja gradske [&hellip;]<\/p>\n","protected":false},"author":2,"featured_media":118234,"comment_status":"closed","ping_status":"closed","sticky":false,"template":"","format":"standard","meta":{"h5ap_radio_sources":[],"footnotes":""},"categories":[1],"tags":[],"class_list":["post-118233","post","type-post","status-publish","format-standard","has-post-thumbnail","hentry","category-bihiregija"],"yoast_head":"<!-- This site is optimized with the Yoast SEO plugin v27.5 - https:\/\/yoast.com\/product\/yoast-seo-wordpress\/ -->\n<title>Kordi\u0107: Izborni zakon u Mostaru omogu\u0107io je svim narodima jednakopravnost - RADIO LJUBU\u0160KI<\/title>\n<meta name=\"robots\" content=\"index, follow, max-snippet:-1, max-image-preview:large, max-video-preview:-1\" \/>\n<link rel=\"canonical\" href=\"https:\/\/radioljubuski.ba\/index.php\/2022\/03\/05\/kordic-izborni-zakon-u-mostaru-omogucio-je-svim-narodima-jednakopravnost\/\" \/>\n<meta property=\"og:locale\" content=\"hr_HR\" \/>\n<meta property=\"og:type\" content=\"article\" \/>\n<meta property=\"og:title\" content=\"Kordi\u0107: Izborni zakon u Mostaru omogu\u0107io je svim narodima jednakopravnost - RADIO LJUBU\u0160KI\" \/>\n<meta property=\"og:description\" content=\"Gradona\u010delnik Mostara Mario Kordi\u0107 uprili\u010dio je prijem za Voditeljicu Misije OESS-a u BiH, veleposlanicu Kathleen Kavalec. Tom prilikom gradona\u010delnik Kordi\u0107 upoznao je veleposlanicu Kavalec o projektima koje je pokrenuo Grad Mostar u prethodnom razdoblju, prenosi Hrvatski Medijski Servis.&nbsp; Iz mostarske gradske uprave priop\u0107eno je da je gradona\u010delnik Kordi\u0107 objasnio&nbsp; veleposlanici Kavalec razloge dobrog funkcioniranja gradske [&hellip;]\" \/>\n<meta property=\"og:url\" content=\"https:\/\/radioljubuski.ba\/index.php\/2022\/03\/05\/kordic-izborni-zakon-u-mostaru-omogucio-je-svim-narodima-jednakopravnost\/\" \/>\n<meta property=\"og:site_name\" content=\"RADIO LJUBU\u0160KI\" \/>\n<meta property=\"article:publisher\" content=\"https:\/\/www.facebook.com\/Radiio-Ljubuski-1490835324566332\" \/>\n<meta property=\"article:published_time\" content=\"2022-03-05T12:35:16+00:00\" \/>\n<meta property=\"article:modified_time\" content=\"2022-03-05T12:35:17+00:00\" \/>\n<meta property=\"og:image\" content=\"https:\/\/radioljubuski.ba\/wp-content\/uploads\/2022\/03\/Gradonacelnik-Kordic-i-Kavalec-scaled-e1646404478336-1068x777-1.jpg\" \/>\n\t<meta property=\"og:image:width\" content=\"1068\" \/>\n\t<meta property=\"og:image:height\" content=\"777\" \/>\n\t<meta property=\"og:image:type\" content=\"image\/jpeg\" \/>\n<meta name=\"author\" content=\"Radio Ljubu\u0161ki\" \/>\n<meta name=\"twitter:card\" content=\"summary_large_image\" \/>\n<meta name=\"twitter:creator\" content=\"@radioljubuski\" \/>\n<meta name=\"twitter:site\" content=\"@radioljubuski\" \/>\n<meta name=\"twitter:label1\" content=\"Napisao\/la\" \/>\n\t<meta name=\"twitter:data1\" content=\"Radio Ljubu\u0161ki\" \/>\n\t<meta name=\"twitter:label2\" content=\"Procijenjeno vrijeme \u010ditanja\" \/>\n\t<meta name=\"twitter:data2\" content=\"1 minuta\" \/>\n<script type=\"application\/ld+json\" class=\"yoast-schema-graph\">{\"@context\":\"https:\\\/\\\/schema.org\",\"@graph\":[{\"@type\":\"Article\",\"@id\":\"https:\\\/\\\/radioljubuski.ba\\\/index.php\\\/2022\\\/03\\\/05\\\/kordic-izborni-zakon-u-mostaru-omogucio-je-svim-narodima-jednakopravnost\\\/#article\",\"isPartOf\":{\"@id\":\"https:\\\/\\\/radioljubuski.ba\\\/index.php\\\/2022\\\/03\\\/05\\\/kordic-izborni-zakon-u-mostaru-omogucio-je-svim-narodima-jednakopravnost\\\/\"},\"author\":{\"name\":\"Radio Ljubu\u0161ki\",\"@id\":\"https:\\\/\\\/radioljubuski.ba\\\/#\\\/schema\\\/person\\\/19fc700381a780f69665d7956c469e3b\"},\"headline\":\"Kordi\u0107: Izborni zakon u Mostaru omogu\u0107io je svim narodima jednakopravnost\",\"datePublished\":\"2022-03-05T12:35:16+00:00\",\"dateModified\":\"2022-03-05T12:35:17+00:00\",\"mainEntityOfPage\":{\"@id\":\"https:\\\/\\\/radioljubuski.ba\\\/index.php\\\/2022\\\/03\\\/05\\\/kordic-izborni-zakon-u-mostaru-omogucio-je-svim-narodima-jednakopravnost\\\/\"},\"wordCount\":208,\"publisher\":{\"@id\":\"https:\\\/\\\/radioljubuski.ba\\\/#organization\"},\"image\":{\"@id\":\"https:\\\/\\\/radioljubuski.ba\\\/index.php\\\/2022\\\/03\\\/05\\\/kordic-izborni-zakon-u-mostaru-omogucio-je-svim-narodima-jednakopravnost\\\/#primaryimage\"},\"thumbnailUrl\":\"https:\\\/\\\/radioljubuski.ba\\\/wp-content\\\/uploads\\\/2022\\\/03\\\/Gradonacelnik-Kordic-i-Kavalec-scaled-e1646404478336-1068x777-1.jpg\",\"articleSection\":[\"BIH i regija\"],\"inLanguage\":\"hr\"},{\"@type\":\"WebPage\",\"@id\":\"https:\\\/\\\/radioljubuski.ba\\\/index.php\\\/2022\\\/03\\\/05\\\/kordic-izborni-zakon-u-mostaru-omogucio-je-svim-narodima-jednakopravnost\\\/\",\"url\":\"https:\\\/\\\/radioljubuski.ba\\\/index.php\\\/2022\\\/03\\\/05\\\/kordic-izborni-zakon-u-mostaru-omogucio-je-svim-narodima-jednakopravnost\\\/\",\"name\":\"Kordi\u0107: Izborni zakon u Mostaru omogu\u0107io je svim narodima jednakopravnost - RADIO LJUBU\u0160KI\",\"isPartOf\":{\"@id\":\"https:\\\/\\\/radioljubuski.ba\\\/#website\"},\"primaryImageOfPage\":{\"@id\":\"https:\\\/\\\/radioljubuski.ba\\\/index.php\\\/2022\\\/03\\\/05\\\/kordic-izborni-zakon-u-mostaru-omogucio-je-svim-narodima-jednakopravnost\\\/#primaryimage\"},\"image\":{\"@id\":\"https:\\\/\\\/radioljubuski.ba\\\/index.php\\\/2022\\\/03\\\/05\\\/kordic-izborni-zakon-u-mostaru-omogucio-je-svim-narodima-jednakopravnost\\\/#primaryimage\"},\"thumbnailUrl\":\"https:\\\/\\\/radioljubuski.ba\\\/wp-content\\\/uploads\\\/2022\\\/03\\\/Gradonacelnik-Kordic-i-Kavalec-scaled-e1646404478336-1068x777-1.jpg\",\"datePublished\":\"2022-03-05T12:35:16+00:00\",\"dateModified\":\"2022-03-05T12:35:17+00:00\",\"breadcrumb\":{\"@id\":\"https:\\\/\\\/radioljubuski.ba\\\/index.php\\\/2022\\\/03\\\/05\\\/kordic-izborni-zakon-u-mostaru-omogucio-je-svim-narodima-jednakopravnost\\\/#breadcrumb\"},\"inLanguage\":\"hr\",\"potentialAction\":[{\"@type\":\"ReadAction\",\"target\":[\"https:\\\/\\\/radioljubuski.ba\\\/index.php\\\/2022\\\/03\\\/05\\\/kordic-izborni-zakon-u-mostaru-omogucio-je-svim-narodima-jednakopravnost\\\/\"]}]},{\"@type\":\"ImageObject\",\"inLanguage\":\"hr\",\"@id\":\"https:\\\/\\\/radioljubuski.ba\\\/index.php\\\/2022\\\/03\\\/05\\\/kordic-izborni-zakon-u-mostaru-omogucio-je-svim-narodima-jednakopravnost\\\/#primaryimage\",\"url\":\"https:\\\/\\\/radioljubuski.ba\\\/wp-content\\\/uploads\\\/2022\\\/03\\\/Gradonacelnik-Kordic-i-Kavalec-scaled-e1646404478336-1068x777-1.jpg\",\"contentUrl\":\"https:\\\/\\\/radioljubuski.ba\\\/wp-content\\\/uploads\\\/2022\\\/03\\\/Gradonacelnik-Kordic-i-Kavalec-scaled-e1646404478336-1068x777-1.jpg\",\"width\":1068,\"height\":777},{\"@type\":\"BreadcrumbList\",\"@id\":\"https:\\\/\\\/radioljubuski.ba\\\/index.php\\\/2022\\\/03\\\/05\\\/kordic-izborni-zakon-u-mostaru-omogucio-je-svim-narodima-jednakopravnost\\\/#breadcrumb\",\"itemListElement\":[{\"@type\":\"ListItem\",\"position\":1,\"name\":\"Po\u010detna stranica\",\"item\":\"https:\\\/\\\/radioljubuski.ba\\\/\"},{\"@type\":\"ListItem\",\"position\":2,\"name\":\"Kordi\u0107: Izborni zakon u Mostaru omogu\u0107io je svim narodima jednakopravnost\"}]},{\"@type\":\"WebSite\",\"@id\":\"https:\\\/\\\/radioljubuski.ba\\\/#website\",\"url\":\"https:\\\/\\\/radioljubuski.ba\\\/\",\"name\":\"Radio Ljubu\u0161ki\",\"description\":\"Sun\u010dana frekvencija Hercegovine\",\"publisher\":{\"@id\":\"https:\\\/\\\/radioljubuski.ba\\\/#organization\"},\"potentialAction\":[{\"@type\":\"SearchAction\",\"target\":{\"@type\":\"EntryPoint\",\"urlTemplate\":\"https:\\\/\\\/radioljubuski.ba\\\/?s={search_term_string}\"},\"query-input\":{\"@type\":\"PropertyValueSpecification\",\"valueRequired\":true,\"valueName\":\"search_term_string\"}}],\"inLanguage\":\"hr\"},{\"@type\":\"Organization\",\"@id\":\"https:\\\/\\\/radioljubuski.ba\\\/#organization\",\"name\":\"Radio Ljubu\u0161ki\",\"url\":\"https:\\\/\\\/radioljubuski.ba\\\/\",\"logo\":{\"@type\":\"ImageObject\",\"inLanguage\":\"hr\",\"@id\":\"https:\\\/\\\/radioljubuski.ba\\\/#\\\/schema\\\/logo\\\/image\\\/\",\"url\":\"https:\\\/\\\/radioljubuski.ba\\\/wp-content\\\/uploads\\\/2021\\\/02\\\/cropped-Radio_Ljubuski_logo1.jpg\",\"contentUrl\":\"https:\\\/\\\/radioljubuski.ba\\\/wp-content\\\/uploads\\\/2021\\\/02\\\/cropped-Radio_Ljubuski_logo1.jpg\",\"width\":512,\"height\":512,\"caption\":\"Radio Ljubu\u0161ki\"},\"image\":{\"@id\":\"https:\\\/\\\/radioljubuski.ba\\\/#\\\/schema\\\/logo\\\/image\\\/\"},\"sameAs\":[\"https:\\\/\\\/www.facebook.com\\\/Radiio-Ljubuski-1490835324566332\",\"https:\\\/\\\/x.com\\\/radioljubuski\",\"https:\\\/\\\/hr.linkedin.com\\\/company\\\/radio-ljubuski\",\"https:\\\/\\\/www.youtube.com\\\/channel\\\/UCHYaeO_n0Db3tjNGudGpXyw\"]},{\"@type\":\"Person\",\"@id\":\"https:\\\/\\\/radioljubuski.ba\\\/#\\\/schema\\\/person\\\/19fc700381a780f69665d7956c469e3b\",\"name\":\"Radio Ljubu\u0161ki\"}]}<\/script>\n<!-- \/ Yoast SEO plugin. -->","yoast_head_json":{"title":"Kordi\u0107: Izborni zakon u Mostaru omogu\u0107io je svim narodima jednakopravnost - RADIO LJUBU\u0160KI","robots":{"index":"index","follow":"follow","max-snippet":"max-snippet:-1","max-image-preview":"max-image-preview:large","max-video-preview":"max-video-preview:-1"},"canonical":"https:\/\/radioljubuski.ba\/index.php\/2022\/03\/05\/kordic-izborni-zakon-u-mostaru-omogucio-je-svim-narodima-jednakopravnost\/","og_locale":"hr_HR","og_type":"article","og_title":"Kordi\u0107: Izborni zakon u Mostaru omogu\u0107io je svim narodima jednakopravnost - RADIO LJUBU\u0160KI","og_description":"Gradona\u010delnik Mostara Mario Kordi\u0107 uprili\u010dio je prijem za Voditeljicu Misije OESS-a u BiH, veleposlanicu Kathleen Kavalec. Tom prilikom gradona\u010delnik Kordi\u0107 upoznao je veleposlanicu Kavalec o projektima koje je pokrenuo Grad Mostar u prethodnom razdoblju, prenosi Hrvatski Medijski Servis.&nbsp; Iz mostarske gradske uprave priop\u0107eno je da je gradona\u010delnik Kordi\u0107 objasnio&nbsp; veleposlanici Kavalec razloge dobrog funkcioniranja gradske [&hellip;]","og_url":"https:\/\/radioljubuski.ba\/index.php\/2022\/03\/05\/kordic-izborni-zakon-u-mostaru-omogucio-je-svim-narodima-jednakopravnost\/","og_site_name":"RADIO LJUBU\u0160KI","article_publisher":"https:\/\/www.facebook.com\/Radiio-Ljubuski-1490835324566332","article_published_time":"2022-03-05T12:35:16+00:00","article_modified_time":"2022-03-05T12:35:17+00:00","og_image":[{"width":1068,"height":777,"url":"https:\/\/radioljubuski.ba\/wp-content\/uploads\/2022\/03\/Gradonacelnik-Kordic-i-Kavalec-scaled-e1646404478336-1068x777-1.jpg","type":"image\/jpeg"}],"author":"Radio Ljubu\u0161ki","twitter_card":"summary_large_image","twitter_creator":"@radioljubuski","twitter_site":"@radioljubuski","twitter_misc":{"Napisao\/la":"Radio Ljubu\u0161ki","Procijenjeno vrijeme \u010ditanja":"1 minuta"},"schema":{"@context":"https:\/\/schema.org","@graph":[{"@type":"Article","@id":"https:\/\/radioljubuski.ba\/index.php\/2022\/03\/05\/kordic-izborni-zakon-u-mostaru-omogucio-je-svim-narodima-jednakopravnost\/#article","isPartOf":{"@id":"https:\/\/radioljubuski.ba\/index.php\/2022\/03\/05\/kordic-izborni-zakon-u-mostaru-omogucio-je-svim-narodima-jednakopravnost\/"},"author":{"name":"Radio Ljubu\u0161ki","@id":"https:\/\/radioljubuski.ba\/#\/schema\/person\/19fc700381a780f69665d7956c469e3b"},"headline":"Kordi\u0107: Izborni zakon u Mostaru omogu\u0107io je svim narodima jednakopravnost","datePublished":"2022-03-05T12:35:16+00:00","dateModified":"2022-03-05T12:35:17+00:00","mainEntityOfPage":{"@id":"https:\/\/radioljubuski.ba\/index.php\/2022\/03\/05\/kordic-izborni-zakon-u-mostaru-omogucio-je-svim-narodima-jednakopravnost\/"},"wordCount":208,"publisher":{"@id":"https:\/\/radioljubuski.ba\/#organization"},"image":{"@id":"https:\/\/radioljubuski.ba\/index.php\/2022\/03\/05\/kordic-izborni-zakon-u-mostaru-omogucio-je-svim-narodima-jednakopravnost\/#primaryimage"},"thumbnailUrl":"https:\/\/radioljubuski.ba\/wp-content\/uploads\/2022\/03\/Gradonacelnik-Kordic-i-Kavalec-scaled-e1646404478336-1068x777-1.jpg","articleSection":["BIH i regija"],"inLanguage":"hr"},{"@type":"WebPage","@id":"https:\/\/radioljubuski.ba\/index.php\/2022\/03\/05\/kordic-izborni-zakon-u-mostaru-omogucio-je-svim-narodima-jednakopravnost\/","url":"https:\/\/radioljubuski.ba\/index.php\/2022\/03\/05\/kordic-izborni-zakon-u-mostaru-omogucio-je-svim-narodima-jednakopravnost\/","name":"Kordi\u0107: Izborni zakon u Mostaru omogu\u0107io je svim narodima jednakopravnost - RADIO LJUBU\u0160KI","isPartOf":{"@id":"https:\/\/radioljubuski.ba\/#website"},"primaryImageOfPage":{"@id":"https:\/\/radioljubuski.ba\/index.php\/2022\/03\/05\/kordic-izborni-zakon-u-mostaru-omogucio-je-svim-narodima-jednakopravnost\/#primaryimage"},"image":{"@id":"https:\/\/radioljubuski.ba\/index.php\/2022\/03\/05\/kordic-izborni-zakon-u-mostaru-omogucio-je-svim-narodima-jednakopravnost\/#primaryimage"},"thumbnailUrl":"https:\/\/radioljubuski.ba\/wp-content\/uploads\/2022\/03\/Gradonacelnik-Kordic-i-Kavalec-scaled-e1646404478336-1068x777-1.jpg","datePublished":"2022-03-05T12:35:16+00:00","dateModified":"2022-03-05T12:35:17+00:00","breadcrumb":{"@id":"https:\/\/radioljubuski.ba\/index.php\/2022\/03\/05\/kordic-izborni-zakon-u-mostaru-omogucio-je-svim-narodima-jednakopravnost\/#breadcrumb"},"inLanguage":"hr","potentialAction":[{"@type":"ReadAction","target":["https:\/\/radioljubuski.ba\/index.php\/2022\/03\/05\/kordic-izborni-zakon-u-mostaru-omogucio-je-svim-narodima-jednakopravnost\/"]}]},{"@type":"ImageObject","inLanguage":"hr","@id":"https:\/\/radioljubuski.ba\/index.php\/2022\/03\/05\/kordic-izborni-zakon-u-mostaru-omogucio-je-svim-narodima-jednakopravnost\/#primaryimage","url":"https:\/\/radioljubuski.ba\/wp-content\/uploads\/2022\/03\/Gradonacelnik-Kordic-i-Kavalec-scaled-e1646404478336-1068x777-1.jpg","contentUrl":"https:\/\/radioljubuski.ba\/wp-content\/uploads\/2022\/03\/Gradonacelnik-Kordic-i-Kavalec-scaled-e1646404478336-1068x777-1.jpg","width":1068,"height":777},{"@type":"BreadcrumbList","@id":"https:\/\/radioljubuski.ba\/index.php\/2022\/03\/05\/kordic-izborni-zakon-u-mostaru-omogucio-je-svim-narodima-jednakopravnost\/#breadcrumb","itemListElement":[{"@type":"ListItem","position":1,"name":"Po\u010detna stranica","item":"https:\/\/radioljubuski.ba\/"},{"@type":"ListItem","position":2,"name":"Kordi\u0107: Izborni zakon u Mostaru omogu\u0107io je svim narodima jednakopravnost"}]},{"@type":"WebSite","@id":"https:\/\/radioljubuski.ba\/#website","url":"https:\/\/radioljubuski.ba\/","name":"Radio Ljubu\u0161ki","description":"Sun\u010dana frekvencija Hercegovine","publisher":{"@id":"https:\/\/radioljubuski.ba\/#organization"},"potentialAction":[{"@type":"SearchAction","target":{"@type":"EntryPoint","urlTemplate":"https:\/\/radioljubuski.ba\/?s={search_term_string}"},"query-input":{"@type":"PropertyValueSpecification","valueRequired":true,"valueName":"search_term_string"}}],"inLanguage":"hr"},{"@type":"Organization","@id":"https:\/\/radioljubuski.ba\/#organization","name":"Radio Ljubu\u0161ki","url":"https:\/\/radioljubuski.ba\/","logo":{"@type":"ImageObject","inLanguage":"hr","@id":"https:\/\/radioljubuski.ba\/#\/schema\/logo\/image\/","url":"https:\/\/radioljubuski.ba\/wp-content\/uploads\/2021\/02\/cropped-Radio_Ljubuski_logo1.jpg","contentUrl":"https:\/\/radioljubuski.ba\/wp-content\/uploads\/2021\/02\/cropped-Radio_Ljubuski_logo1.jpg","width":512,"height":512,"caption":"Radio Ljubu\u0161ki"},"image":{"@id":"https:\/\/radioljubuski.ba\/#\/schema\/logo\/image\/"},"sameAs":["https:\/\/www.facebook.com\/Radiio-Ljubuski-1490835324566332","https:\/\/x.com\/radioljubuski","https:\/\/hr.linkedin.com\/company\/radio-ljubuski","https:\/\/www.youtube.com\/channel\/UCHYaeO_n0Db3tjNGudGpXyw"]},{"@type":"Person","@id":"https:\/\/radioljubuski.ba\/#\/schema\/person\/19fc700381a780f69665d7956c469e3b","name":"Radio Ljubu\u0161ki"}]}},"_links":{"self":[{"href":"https:\/\/radioljubuski.ba\/index.php\/wp-json\/wp\/v2\/posts\/118233","targetHints":{"allow":["GET"]}}],"collection":[{"href":"https:\/\/radioljubuski.ba\/index.php\/wp-json\/wp\/v2\/posts"}],"about":[{"href":"https:\/\/radioljubuski.ba\/index.php\/wp-json\/wp\/v2\/types\/post"}],"author":[{"embeddable":true,"href":"https:\/\/radioljubuski.ba\/index.php\/wp-json\/wp\/v2\/users\/2"}],"replies":[{"embeddable":true,"href":"https:\/\/radioljubuski.ba\/index.php\/wp-json\/wp\/v2\/comments?post=118233"}],"version-history":[{"count":1,"href":"https:\/\/radioljubuski.ba\/index.php\/wp-json\/wp\/v2\/posts\/118233\/revisions"}],"predecessor-version":[{"id":118235,"href":"https:\/\/radioljubuski.ba\/index.php\/wp-json\/wp\/v2\/posts\/118233\/revisions\/118235"}],"wp:featuredmedia":[{"embeddable":true,"href":"https:\/\/radioljubuski.ba\/index.php\/wp-json\/wp\/v2\/media\/118234"}],"wp:attachment":[{"href":"https:\/\/radioljubuski.ba\/index.php\/wp-json\/wp\/v2\/media?parent=118233"}],"wp:term":[{"taxonomy":"category","embeddable":true,"href":"https:\/\/radioljubuski.ba\/index.php\/wp-json\/wp\/v2\/categories?post=118233"},{"taxonomy":"post_tag","embeddable":true,"href":"https:\/\/radioljubuski.ba\/index.php\/wp-json\/wp\/v2\/tags?post=118233"}],"curies":[{"name":"wp","href":"https:\/\/api.w.org\/{rel}","templated":true}]}}