{"id":11824,"date":"2021-04-11T18:29:18","date_gmt":"2021-04-11T17:29:18","guid":{"rendered":"https:\/\/radioljubuski.ba\/?p=11824"},"modified":"2021-04-11T18:29:19","modified_gmt":"2021-04-11T17:29:19","slug":"jos-dvije-medalje-za-hrvatsku-na-ep-u-u-taekwondou","status":"publish","type":"post","link":"https:\/\/radioljubuski.ba\/index.php\/2021\/04\/11\/jos-dvije-medalje-za-hrvatsku-na-ep-u-u-taekwondou\/","title":{"rendered":"Jo\u0161 dvije medalje za Hrvatsku na EP-u u taekwondou"},"content":{"rendered":"\n<p><strong>Posljednjeg dana Europskog prvenstva u taekwondou u Sofiji hrvatski reprezentativci Doris Pole i Ivan \u0160apina osvojili su bron\u010dane medalje u kategorijama do 73 kg, odnosno do 87 kg.<\/strong><\/p>\n\n\n\n<p>\u010clanica Dubrave Doris Pole u prvom kolu je prekidom kod rezultata 30-9 svladala Grkinju<strong>&nbsp;Mouke<\/strong>&nbsp;da bi u \u010detvrtfinalu na dramati\u010dan na\u010din na zlatni bod deset sekundi prije kraja ekstra runde pobijedila Nizozemku&nbsp;<strong>Oogink<\/strong>. U polufinalu je Pole izgubila od&nbsp;<strong>Milice Mandi\u0107<\/strong>&nbsp;iz Srbije, olimpijske pobjednice iz Londona 2012.<br><br><\/p>\n\n\n\n<p>Ivan \u0160apina iz splitskog Marjana krenio je bez ve\u0107ih problema u turnir, na prekid je presko\u010dio reprezentativca Kosova&nbsp;<strong>Bajru<\/strong>&nbsp;rezultatom 25-5. U \u010detvrtfinalu je u borbi za medalju pobijedio reprezentativca Azerbajd\u017eana&nbsp;<strong>Ghobadija<\/strong>&nbsp;14-13 i osvojio petu medalju za Hrvatsku, a \u010detvrtu za Marjan. Ujedno je to i jedina mu\u0161ka medalja za Hrvatsku na europskom prvenstvu. Rus&nbsp;<strong>Kiri\u010denko<\/strong>&nbsp;bio je u polufinalu bolji od \u0160apine sa 14-10.<br><br><\/p>\n\n\n\n<p>U nedjelju je nastupila i&nbsp;<strong>Iva Rado\u0161<\/strong>&nbsp;iz zagreba\u010dkog Osvita koja je u prvom kolu te\u0161ke kategorije pobijedila Grkinju<strong>&nbsp;Christidou<\/strong>&nbsp;11-6 i plasirala se u \u010detvrtfinalni me\u010d za jo\u0161 jedno odli\u010dje. U neizvjesnoj borbi koja je oti\u0161la na zlatni bod Rado\u0161 je na kraju nesretno i nespretno ostala bez medalje deset sekundi prije kraja ekstra runde. Iako je u \u010detvrtoj rundi imala prednost od dva napada i pola boda zbog opomene protivnice pred sami kraj borbe je primila udarac u glavu te prvenstvo zavr\u0161ila na petom mjestu.<br><br><\/p>\n\n\n\n<p>U prvom kolu te\u0161ke kategorije \u010dlan splitskog Marjana<strong>&nbsp;Ivan Vrgo\u010d&nbsp;<\/strong>slavio je prekidom protiv Grka&nbsp;<strong>Diamanditisa<\/strong>&nbsp;rezultatom 32-1. U osmini finala ga je \u010dekao prvi nositelj, aktualni svjetski prvak i dvostruki europski prvak te osvaja\u010d jo\u0161 dvije svjetske medalje, Rus<strong>&nbsp;Vladislav Larin<\/strong>. Iako se u prvoj rundi dobro dr\u017eao i gubio tek 1-0 u drugoj je Larin pokazao zbog \u010dega je uvjerljivi broj jedan na svjetskim i olimpijskim rang listama te oti\u0161ao na 12-0 nakon \u010dega je Vrgo\u010dev trener predao borbu.<br><br><\/p>\n\n\n\n<p>Hrvatska je tako u Sofiji osvojila ukupno pet medalja, tri zlata i dvije bronce. Zlata su ranije osvojile&nbsp;<strong>Matea Jeli\u0107<\/strong>,&nbsp;<strong>Bruna Vuleti\u0107<\/strong>&nbsp;i&nbsp;<strong>Lena Stojkovi\u0107<\/strong>.<\/p>\n\n\n\n<p>Izvor:hrt.hr<\/p>\n","protected":false},"excerpt":{"rendered":"<p>Posljednjeg dana Europskog prvenstva u taekwondou u Sofiji hrvatski reprezentativci Doris Pole i Ivan \u0160apina osvojili su bron\u010dane medalje u kategorijama do 73 kg, odnosno do 87 kg. \u010clanica Dubrave Doris Pole u prvom kolu je prekidom kod rezultata 30-9 svladala Grkinju&nbsp;Mouke&nbsp;da bi u \u010detvrtfinalu na dramati\u010dan na\u010din na zlatni bod deset sekundi prije kraja [&hellip;]<\/p>\n","protected":false},"author":2,"featured_media":11825,"comment_status":"closed","ping_status":"closed","sticky":false,"template":"","format":"standard","meta":{"h5ap_radio_sources":[],"footnotes":""},"categories":[1],"tags":[],"class_list":["post-11824","post","type-post","status-publish","format-standard","has-post-thumbnail","hentry","category-bihiregija"],"yoast_head":"<!-- This site is optimized with the Yoast SEO plugin v27.4 - https:\/\/yoast.com\/product\/yoast-seo-wordpress\/ -->\n<title>Jo\u0161 dvije medalje za Hrvatsku na EP-u u taekwondou - RADIO LJUBU\u0160KI<\/title>\n<meta name=\"robots\" content=\"index, follow, max-snippet:-1, max-image-preview:large, max-video-preview:-1\" \/>\n<link rel=\"canonical\" href=\"https:\/\/radioljubuski.ba\/index.php\/2021\/04\/11\/jos-dvije-medalje-za-hrvatsku-na-ep-u-u-taekwondou\/\" \/>\n<meta property=\"og:locale\" content=\"hr_HR\" \/>\n<meta property=\"og:type\" content=\"article\" \/>\n<meta property=\"og:title\" content=\"Jo\u0161 dvije medalje za Hrvatsku na EP-u u taekwondou - RADIO LJUBU\u0160KI\" \/>\n<meta property=\"og:description\" content=\"Posljednjeg dana Europskog prvenstva u taekwondou u Sofiji hrvatski reprezentativci Doris Pole i Ivan \u0160apina osvojili su bron\u010dane medalje u kategorijama do 73 kg, odnosno do 87 kg. \u010clanica Dubrave Doris Pole u prvom kolu je prekidom kod rezultata 30-9 svladala Grkinju&nbsp;Mouke&nbsp;da bi u \u010detvrtfinalu na dramati\u010dan na\u010din na zlatni bod deset sekundi prije kraja [&hellip;]\" \/>\n<meta property=\"og:url\" content=\"https:\/\/radioljubuski.ba\/index.php\/2021\/04\/11\/jos-dvije-medalje-za-hrvatsku-na-ep-u-u-taekwondou\/\" \/>\n<meta property=\"og:site_name\" content=\"RADIO LJUBU\u0160KI\" \/>\n<meta property=\"article:publisher\" content=\"https:\/\/www.facebook.com\/Radiio-Ljubuski-1490835324566332\" \/>\n<meta property=\"article:published_time\" content=\"2021-04-11T17:29:18+00:00\" \/>\n<meta property=\"article:modified_time\" content=\"2021-04-11T17:29:19+00:00\" \/>\n<meta property=\"og:image\" content=\"https:\/\/radioljubuski.ba\/wp-content\/uploads\/2021\/04\/222-8.png\" \/>\n\t<meta property=\"og:image:width\" content=\"646\" \/>\n\t<meta property=\"og:image:height\" content=\"360\" \/>\n\t<meta property=\"og:image:type\" content=\"image\/png\" \/>\n<meta name=\"author\" content=\"Radio Ljubu\u0161ki\" \/>\n<meta name=\"twitter:card\" content=\"summary_large_image\" \/>\n<meta name=\"twitter:creator\" content=\"@radioljubuski\" \/>\n<meta name=\"twitter:site\" content=\"@radioljubuski\" \/>\n<meta name=\"twitter:label1\" content=\"Napisao\/la\" \/>\n\t<meta name=\"twitter:data1\" content=\"Radio Ljubu\u0161ki\" \/>\n\t<meta name=\"twitter:label2\" content=\"Procijenjeno vrijeme \u010ditanja\" \/>\n\t<meta name=\"twitter:data2\" content=\"2 minute\" \/>\n<script type=\"application\/ld+json\" class=\"yoast-schema-graph\">{\"@context\":\"https:\\\/\\\/schema.org\",\"@graph\":[{\"@type\":\"Article\",\"@id\":\"https:\\\/\\\/radioljubuski.ba\\\/index.php\\\/2021\\\/04\\\/11\\\/jos-dvije-medalje-za-hrvatsku-na-ep-u-u-taekwondou\\\/#article\",\"isPartOf\":{\"@id\":\"https:\\\/\\\/radioljubuski.ba\\\/index.php\\\/2021\\\/04\\\/11\\\/jos-dvije-medalje-za-hrvatsku-na-ep-u-u-taekwondou\\\/\"},\"author\":{\"name\":\"Radio Ljubu\u0161ki\",\"@id\":\"https:\\\/\\\/radioljubuski.ba\\\/#\\\/schema\\\/person\\\/19fc700381a780f69665d7956c469e3b\"},\"headline\":\"Jo\u0161 dvije medalje za Hrvatsku na EP-u u taekwondou\",\"datePublished\":\"2021-04-11T17:29:18+00:00\",\"dateModified\":\"2021-04-11T17:29:19+00:00\",\"mainEntityOfPage\":{\"@id\":\"https:\\\/\\\/radioljubuski.ba\\\/index.php\\\/2021\\\/04\\\/11\\\/jos-dvije-medalje-za-hrvatsku-na-ep-u-u-taekwondou\\\/\"},\"wordCount\":386,\"publisher\":{\"@id\":\"https:\\\/\\\/radioljubuski.ba\\\/#organization\"},\"image\":{\"@id\":\"https:\\\/\\\/radioljubuski.ba\\\/index.php\\\/2021\\\/04\\\/11\\\/jos-dvije-medalje-za-hrvatsku-na-ep-u-u-taekwondou\\\/#primaryimage\"},\"thumbnailUrl\":\"https:\\\/\\\/radioljubuski.ba\\\/wp-content\\\/uploads\\\/2021\\\/04\\\/222-8.png\",\"articleSection\":[\"BIH i regija\"],\"inLanguage\":\"hr\"},{\"@type\":\"WebPage\",\"@id\":\"https:\\\/\\\/radioljubuski.ba\\\/index.php\\\/2021\\\/04\\\/11\\\/jos-dvije-medalje-za-hrvatsku-na-ep-u-u-taekwondou\\\/\",\"url\":\"https:\\\/\\\/radioljubuski.ba\\\/index.php\\\/2021\\\/04\\\/11\\\/jos-dvije-medalje-za-hrvatsku-na-ep-u-u-taekwondou\\\/\",\"name\":\"Jo\u0161 dvije medalje za Hrvatsku na EP-u u taekwondou - RADIO LJUBU\u0160KI\",\"isPartOf\":{\"@id\":\"https:\\\/\\\/radioljubuski.ba\\\/#website\"},\"primaryImageOfPage\":{\"@id\":\"https:\\\/\\\/radioljubuski.ba\\\/index.php\\\/2021\\\/04\\\/11\\\/jos-dvije-medalje-za-hrvatsku-na-ep-u-u-taekwondou\\\/#primaryimage\"},\"image\":{\"@id\":\"https:\\\/\\\/radioljubuski.ba\\\/index.php\\\/2021\\\/04\\\/11\\\/jos-dvije-medalje-za-hrvatsku-na-ep-u-u-taekwondou\\\/#primaryimage\"},\"thumbnailUrl\":\"https:\\\/\\\/radioljubuski.ba\\\/wp-content\\\/uploads\\\/2021\\\/04\\\/222-8.png\",\"datePublished\":\"2021-04-11T17:29:18+00:00\",\"dateModified\":\"2021-04-11T17:29:19+00:00\",\"breadcrumb\":{\"@id\":\"https:\\\/\\\/radioljubuski.ba\\\/index.php\\\/2021\\\/04\\\/11\\\/jos-dvije-medalje-za-hrvatsku-na-ep-u-u-taekwondou\\\/#breadcrumb\"},\"inLanguage\":\"hr\",\"potentialAction\":[{\"@type\":\"ReadAction\",\"target\":[\"https:\\\/\\\/radioljubuski.ba\\\/index.php\\\/2021\\\/04\\\/11\\\/jos-dvije-medalje-za-hrvatsku-na-ep-u-u-taekwondou\\\/\"]}]},{\"@type\":\"ImageObject\",\"inLanguage\":\"hr\",\"@id\":\"https:\\\/\\\/radioljubuski.ba\\\/index.php\\\/2021\\\/04\\\/11\\\/jos-dvije-medalje-za-hrvatsku-na-ep-u-u-taekwondou\\\/#primaryimage\",\"url\":\"https:\\\/\\\/radioljubuski.ba\\\/wp-content\\\/uploads\\\/2021\\\/04\\\/222-8.png\",\"contentUrl\":\"https:\\\/\\\/radioljubuski.ba\\\/wp-content\\\/uploads\\\/2021\\\/04\\\/222-8.png\",\"width\":646,\"height\":360},{\"@type\":\"BreadcrumbList\",\"@id\":\"https:\\\/\\\/radioljubuski.ba\\\/index.php\\\/2021\\\/04\\\/11\\\/jos-dvije-medalje-za-hrvatsku-na-ep-u-u-taekwondou\\\/#breadcrumb\",\"itemListElement\":[{\"@type\":\"ListItem\",\"position\":1,\"name\":\"Po\u010detna stranica\",\"item\":\"https:\\\/\\\/radioljubuski.ba\\\/\"},{\"@type\":\"ListItem\",\"position\":2,\"name\":\"Jo\u0161 dvije medalje za Hrvatsku na EP-u u taekwondou\"}]},{\"@type\":\"WebSite\",\"@id\":\"https:\\\/\\\/radioljubuski.ba\\\/#website\",\"url\":\"https:\\\/\\\/radioljubuski.ba\\\/\",\"name\":\"Radio Ljubu\u0161ki\",\"description\":\"Sun\u010dana frekvencija Hercegovine\",\"publisher\":{\"@id\":\"https:\\\/\\\/radioljubuski.ba\\\/#organization\"},\"potentialAction\":[{\"@type\":\"SearchAction\",\"target\":{\"@type\":\"EntryPoint\",\"urlTemplate\":\"https:\\\/\\\/radioljubuski.ba\\\/?s={search_term_string}\"},\"query-input\":{\"@type\":\"PropertyValueSpecification\",\"valueRequired\":true,\"valueName\":\"search_term_string\"}}],\"inLanguage\":\"hr\"},{\"@type\":\"Organization\",\"@id\":\"https:\\\/\\\/radioljubuski.ba\\\/#organization\",\"name\":\"Radio Ljubu\u0161ki\",\"url\":\"https:\\\/\\\/radioljubuski.ba\\\/\",\"logo\":{\"@type\":\"ImageObject\",\"inLanguage\":\"hr\",\"@id\":\"https:\\\/\\\/radioljubuski.ba\\\/#\\\/schema\\\/logo\\\/image\\\/\",\"url\":\"https:\\\/\\\/radioljubuski.ba\\\/wp-content\\\/uploads\\\/2021\\\/02\\\/cropped-Radio_Ljubuski_logo1.jpg\",\"contentUrl\":\"https:\\\/\\\/radioljubuski.ba\\\/wp-content\\\/uploads\\\/2021\\\/02\\\/cropped-Radio_Ljubuski_logo1.jpg\",\"width\":512,\"height\":512,\"caption\":\"Radio Ljubu\u0161ki\"},\"image\":{\"@id\":\"https:\\\/\\\/radioljubuski.ba\\\/#\\\/schema\\\/logo\\\/image\\\/\"},\"sameAs\":[\"https:\\\/\\\/www.facebook.com\\\/Radiio-Ljubuski-1490835324566332\",\"https:\\\/\\\/x.com\\\/radioljubuski\",\"https:\\\/\\\/hr.linkedin.com\\\/company\\\/radio-ljubuski\",\"https:\\\/\\\/www.youtube.com\\\/channel\\\/UCHYaeO_n0Db3tjNGudGpXyw\"]},{\"@type\":\"Person\",\"@id\":\"https:\\\/\\\/radioljubuski.ba\\\/#\\\/schema\\\/person\\\/19fc700381a780f69665d7956c469e3b\",\"name\":\"Radio Ljubu\u0161ki\"}]}<\/script>\n<!-- \/ Yoast SEO plugin. -->","yoast_head_json":{"title":"Jo\u0161 dvije medalje za Hrvatsku na EP-u u taekwondou - RADIO LJUBU\u0160KI","robots":{"index":"index","follow":"follow","max-snippet":"max-snippet:-1","max-image-preview":"max-image-preview:large","max-video-preview":"max-video-preview:-1"},"canonical":"https:\/\/radioljubuski.ba\/index.php\/2021\/04\/11\/jos-dvije-medalje-za-hrvatsku-na-ep-u-u-taekwondou\/","og_locale":"hr_HR","og_type":"article","og_title":"Jo\u0161 dvije medalje za Hrvatsku na EP-u u taekwondou - RADIO LJUBU\u0160KI","og_description":"Posljednjeg dana Europskog prvenstva u taekwondou u Sofiji hrvatski reprezentativci Doris Pole i Ivan \u0160apina osvojili su bron\u010dane medalje u kategorijama do 73 kg, odnosno do 87 kg. \u010clanica Dubrave Doris Pole u prvom kolu je prekidom kod rezultata 30-9 svladala Grkinju&nbsp;Mouke&nbsp;da bi u \u010detvrtfinalu na dramati\u010dan na\u010din na zlatni bod deset sekundi prije kraja [&hellip;]","og_url":"https:\/\/radioljubuski.ba\/index.php\/2021\/04\/11\/jos-dvije-medalje-za-hrvatsku-na-ep-u-u-taekwondou\/","og_site_name":"RADIO LJUBU\u0160KI","article_publisher":"https:\/\/www.facebook.com\/Radiio-Ljubuski-1490835324566332","article_published_time":"2021-04-11T17:29:18+00:00","article_modified_time":"2021-04-11T17:29:19+00:00","og_image":[{"width":646,"height":360,"url":"https:\/\/radioljubuski.ba\/wp-content\/uploads\/2021\/04\/222-8.png","type":"image\/png"}],"author":"Radio Ljubu\u0161ki","twitter_card":"summary_large_image","twitter_creator":"@radioljubuski","twitter_site":"@radioljubuski","twitter_misc":{"Napisao\/la":"Radio Ljubu\u0161ki","Procijenjeno vrijeme \u010ditanja":"2 minute"},"schema":{"@context":"https:\/\/schema.org","@graph":[{"@type":"Article","@id":"https:\/\/radioljubuski.ba\/index.php\/2021\/04\/11\/jos-dvije-medalje-za-hrvatsku-na-ep-u-u-taekwondou\/#article","isPartOf":{"@id":"https:\/\/radioljubuski.ba\/index.php\/2021\/04\/11\/jos-dvije-medalje-za-hrvatsku-na-ep-u-u-taekwondou\/"},"author":{"name":"Radio Ljubu\u0161ki","@id":"https:\/\/radioljubuski.ba\/#\/schema\/person\/19fc700381a780f69665d7956c469e3b"},"headline":"Jo\u0161 dvije medalje za Hrvatsku na EP-u u taekwondou","datePublished":"2021-04-11T17:29:18+00:00","dateModified":"2021-04-11T17:29:19+00:00","mainEntityOfPage":{"@id":"https:\/\/radioljubuski.ba\/index.php\/2021\/04\/11\/jos-dvije-medalje-za-hrvatsku-na-ep-u-u-taekwondou\/"},"wordCount":386,"publisher":{"@id":"https:\/\/radioljubuski.ba\/#organization"},"image":{"@id":"https:\/\/radioljubuski.ba\/index.php\/2021\/04\/11\/jos-dvije-medalje-za-hrvatsku-na-ep-u-u-taekwondou\/#primaryimage"},"thumbnailUrl":"https:\/\/radioljubuski.ba\/wp-content\/uploads\/2021\/04\/222-8.png","articleSection":["BIH i regija"],"inLanguage":"hr"},{"@type":"WebPage","@id":"https:\/\/radioljubuski.ba\/index.php\/2021\/04\/11\/jos-dvije-medalje-za-hrvatsku-na-ep-u-u-taekwondou\/","url":"https:\/\/radioljubuski.ba\/index.php\/2021\/04\/11\/jos-dvije-medalje-za-hrvatsku-na-ep-u-u-taekwondou\/","name":"Jo\u0161 dvije medalje za Hrvatsku na EP-u u taekwondou - RADIO LJUBU\u0160KI","isPartOf":{"@id":"https:\/\/radioljubuski.ba\/#website"},"primaryImageOfPage":{"@id":"https:\/\/radioljubuski.ba\/index.php\/2021\/04\/11\/jos-dvije-medalje-za-hrvatsku-na-ep-u-u-taekwondou\/#primaryimage"},"image":{"@id":"https:\/\/radioljubuski.ba\/index.php\/2021\/04\/11\/jos-dvije-medalje-za-hrvatsku-na-ep-u-u-taekwondou\/#primaryimage"},"thumbnailUrl":"https:\/\/radioljubuski.ba\/wp-content\/uploads\/2021\/04\/222-8.png","datePublished":"2021-04-11T17:29:18+00:00","dateModified":"2021-04-11T17:29:19+00:00","breadcrumb":{"@id":"https:\/\/radioljubuski.ba\/index.php\/2021\/04\/11\/jos-dvije-medalje-za-hrvatsku-na-ep-u-u-taekwondou\/#breadcrumb"},"inLanguage":"hr","potentialAction":[{"@type":"ReadAction","target":["https:\/\/radioljubuski.ba\/index.php\/2021\/04\/11\/jos-dvije-medalje-za-hrvatsku-na-ep-u-u-taekwondou\/"]}]},{"@type":"ImageObject","inLanguage":"hr","@id":"https:\/\/radioljubuski.ba\/index.php\/2021\/04\/11\/jos-dvije-medalje-za-hrvatsku-na-ep-u-u-taekwondou\/#primaryimage","url":"https:\/\/radioljubuski.ba\/wp-content\/uploads\/2021\/04\/222-8.png","contentUrl":"https:\/\/radioljubuski.ba\/wp-content\/uploads\/2021\/04\/222-8.png","width":646,"height":360},{"@type":"BreadcrumbList","@id":"https:\/\/radioljubuski.ba\/index.php\/2021\/04\/11\/jos-dvije-medalje-za-hrvatsku-na-ep-u-u-taekwondou\/#breadcrumb","itemListElement":[{"@type":"ListItem","position":1,"name":"Po\u010detna stranica","item":"https:\/\/radioljubuski.ba\/"},{"@type":"ListItem","position":2,"name":"Jo\u0161 dvije medalje za Hrvatsku na EP-u u taekwondou"}]},{"@type":"WebSite","@id":"https:\/\/radioljubuski.ba\/#website","url":"https:\/\/radioljubuski.ba\/","name":"Radio Ljubu\u0161ki","description":"Sun\u010dana frekvencija Hercegovine","publisher":{"@id":"https:\/\/radioljubuski.ba\/#organization"},"potentialAction":[{"@type":"SearchAction","target":{"@type":"EntryPoint","urlTemplate":"https:\/\/radioljubuski.ba\/?s={search_term_string}"},"query-input":{"@type":"PropertyValueSpecification","valueRequired":true,"valueName":"search_term_string"}}],"inLanguage":"hr"},{"@type":"Organization","@id":"https:\/\/radioljubuski.ba\/#organization","name":"Radio Ljubu\u0161ki","url":"https:\/\/radioljubuski.ba\/","logo":{"@type":"ImageObject","inLanguage":"hr","@id":"https:\/\/radioljubuski.ba\/#\/schema\/logo\/image\/","url":"https:\/\/radioljubuski.ba\/wp-content\/uploads\/2021\/02\/cropped-Radio_Ljubuski_logo1.jpg","contentUrl":"https:\/\/radioljubuski.ba\/wp-content\/uploads\/2021\/02\/cropped-Radio_Ljubuski_logo1.jpg","width":512,"height":512,"caption":"Radio Ljubu\u0161ki"},"image":{"@id":"https:\/\/radioljubuski.ba\/#\/schema\/logo\/image\/"},"sameAs":["https:\/\/www.facebook.com\/Radiio-Ljubuski-1490835324566332","https:\/\/x.com\/radioljubuski","https:\/\/hr.linkedin.com\/company\/radio-ljubuski","https:\/\/www.youtube.com\/channel\/UCHYaeO_n0Db3tjNGudGpXyw"]},{"@type":"Person","@id":"https:\/\/radioljubuski.ba\/#\/schema\/person\/19fc700381a780f69665d7956c469e3b","name":"Radio Ljubu\u0161ki"}]}},"_links":{"self":[{"href":"https:\/\/radioljubuski.ba\/index.php\/wp-json\/wp\/v2\/posts\/11824","targetHints":{"allow":["GET"]}}],"collection":[{"href":"https:\/\/radioljubuski.ba\/index.php\/wp-json\/wp\/v2\/posts"}],"about":[{"href":"https:\/\/radioljubuski.ba\/index.php\/wp-json\/wp\/v2\/types\/post"}],"author":[{"embeddable":true,"href":"https:\/\/radioljubuski.ba\/index.php\/wp-json\/wp\/v2\/users\/2"}],"replies":[{"embeddable":true,"href":"https:\/\/radioljubuski.ba\/index.php\/wp-json\/wp\/v2\/comments?post=11824"}],"version-history":[{"count":1,"href":"https:\/\/radioljubuski.ba\/index.php\/wp-json\/wp\/v2\/posts\/11824\/revisions"}],"predecessor-version":[{"id":11826,"href":"https:\/\/radioljubuski.ba\/index.php\/wp-json\/wp\/v2\/posts\/11824\/revisions\/11826"}],"wp:featuredmedia":[{"embeddable":true,"href":"https:\/\/radioljubuski.ba\/index.php\/wp-json\/wp\/v2\/media\/11825"}],"wp:attachment":[{"href":"https:\/\/radioljubuski.ba\/index.php\/wp-json\/wp\/v2\/media?parent=11824"}],"wp:term":[{"taxonomy":"category","embeddable":true,"href":"https:\/\/radioljubuski.ba\/index.php\/wp-json\/wp\/v2\/categories?post=11824"},{"taxonomy":"post_tag","embeddable":true,"href":"https:\/\/radioljubuski.ba\/index.php\/wp-json\/wp\/v2\/tags?post=11824"}],"curies":[{"name":"wp","href":"https:\/\/api.w.org\/{rel}","templated":true}]}}