{"id":118244,"date":"2022-03-05T13:42:11","date_gmt":"2022-03-05T12:42:11","guid":{"rendered":"https:\/\/radioljubuski.ba\/?p=118244"},"modified":"2022-03-05T13:42:12","modified_gmt":"2022-03-05T12:42:12","slug":"sarovic-ne-smije-se-dopustiti-dzaferovicu-i-komsicu-da-donose-odluke-u-ime-cijele-bih","status":"publish","type":"post","link":"https:\/\/radioljubuski.ba\/index.php\/2022\/03\/05\/sarovic-ne-smije-se-dopustiti-dzaferovicu-i-komsicu-da-donose-odluke-u-ime-cijele-bih\/","title":{"rendered":"\u0160arovi\u0107: \u201cNe smije se dopustiti D\u017eaferovi\u0107u i Kom\u0161i\u0107u da donose odluke u ime cijele BiH\u201d"},"content":{"rendered":"\n<p><strong>Predsjednik SDS-a Mirko \u0160arovi\u0107 izjavio je danas da srpski \u010dlan Predsjedni\u0161tva BiH ne smije prepustiti da druga dva \u010dlana Predsjedni\u0161tva iz Federacije BiH bez njega donose odluke u toj instituciji, nego bi trebao da u odlukama sudjeluje i utje\u010de na njihov karakter.<\/strong><\/p>\n\n\n\n<p>\u0160arovi\u0107 navodi da Milorad Dodik napu\u0161tanjem sjednica u Predsjedni\u0161tvu BiH ne mo\u017ee \u0161titi interese Republike Srpske.<\/p>\n\n\n\n<p>\u2013 Njegova odgovornost je najve\u0107a. On je dozvolio da se naljuti na neke stvari i napusti sjednicu i prepusti da \u0160efik D\u017eaferovi\u0107 i \u017deljko Kom\u0161i\u0107 donose odluke u ime cijele BiH \u2013 dodao je \u0160arovi\u0107.<\/p>\n\n\n\n<p>Istaknuo je da se su\u0161tina kritike SDS-a i opozicije prema posljednjim doga\u0111anjima u Predsjedni\u0161tvu BiH odnosi na to da ne podr\u017eavaju bilo \u0161to \u0161to donosi jedan ili dva \u010dlana Predsjedni\u0161tva.<\/p>\n\n\n\n<p>\u2013 Odluke koje donosi Predsjedni\u0161tvo su su\u0161tinski va\u017ene za cijelu zemlju. Mi ne \u017eelimo da se one donose bez \u010dlana Predsjedni\u0161tva iz Republike Srpske. To o\u010dekujemo od njega i kada se razmatraju najte\u017ea pitanja poput situacije vezane za Ukrajinu, Rusiju, ali stanja u BiH \u2013 napominje \u0160arovi\u0107.<\/p>\n\n\n\n<p>Smatra da je o\u010digledno da se Dodik pogubio, a da za svoje propuste poku\u0161ava da okrivi opoziciju.<\/p>\n\n\n\n<p>\u2013 Njemu je o\u010digledno u glavi pravi kaos. Njegove odluke nemaju konzistentnosti, niti se dr\u017ei nekog principa i pona\u0161a se potpuno iracionalno. Odluke koje donosi su lo\u0161e i mogu imati opasne posljedice za interese ljudi koje predstavlja \u2013 kazao je \u0160arovi\u0107.<\/p>\n\n\n\n<p>Pozvao je Dodika da radi ono \u0161to se o\u010dekuje od \u010dovjeka na njegovoj du\u017enosti.<\/p>\n\n\n\n<p>\u2013 Do\u0111i u Predsjedni\u0161tvo, ne daj da se donese neke odluke, nametni svoj stav koji je u interesu RS-a. Ako te preglasaju ima\u0161 mogu\u0107nost da se pozove\u0161 na vitalni nacionalni interes \u2013 poru\u010dio je \u0160arovi\u0107 \u010dlanu Predsjedni\u0161tva BiH iz Republike Srpske, priop\u0107eno je iz SDS-a.<\/p>\n\n\n\n<p>\/HMS\/<\/p>\n","protected":false},"excerpt":{"rendered":"<p>Predsjednik SDS-a Mirko \u0160arovi\u0107 izjavio je danas da srpski \u010dlan Predsjedni\u0161tva BiH ne smije prepustiti da druga dva \u010dlana Predsjedni\u0161tva iz Federacije BiH bez njega donose odluke u toj instituciji, nego bi trebao da u odlukama sudjeluje i utje\u010de na njihov karakter. \u0160arovi\u0107 navodi da Milorad Dodik napu\u0161tanjem sjednica u Predsjedni\u0161tvu BiH ne mo\u017ee \u0161titi [&hellip;]<\/p>\n","protected":false},"author":2,"featured_media":118245,"comment_status":"closed","ping_status":"closed","sticky":false,"template":"","format":"standard","meta":{"h5ap_radio_sources":[],"footnotes":""},"categories":[1],"tags":[],"class_list":["post-118244","post","type-post","status-publish","format-standard","has-post-thumbnail","hentry","category-bihiregija"],"yoast_head":"<!-- This site is optimized with the Yoast SEO plugin v27.5 - https:\/\/yoast.com\/product\/yoast-seo-wordpress\/ -->\n<title>\u0160arovi\u0107: \u201cNe smije se dopustiti D\u017eaferovi\u0107u i Kom\u0161i\u0107u da donose odluke u ime cijele BiH\u201d - RADIO LJUBU\u0160KI<\/title>\n<meta name=\"robots\" content=\"index, follow, max-snippet:-1, max-image-preview:large, max-video-preview:-1\" \/>\n<link rel=\"canonical\" href=\"https:\/\/radioljubuski.ba\/index.php\/2022\/03\/05\/sarovic-ne-smije-se-dopustiti-dzaferovicu-i-komsicu-da-donose-odluke-u-ime-cijele-bih\/\" \/>\n<meta property=\"og:locale\" content=\"hr_HR\" \/>\n<meta property=\"og:type\" content=\"article\" \/>\n<meta property=\"og:title\" content=\"\u0160arovi\u0107: \u201cNe smije se dopustiti D\u017eaferovi\u0107u i Kom\u0161i\u0107u da donose odluke u ime cijele BiH\u201d - RADIO LJUBU\u0160KI\" \/>\n<meta property=\"og:description\" content=\"Predsjednik SDS-a Mirko \u0160arovi\u0107 izjavio je danas da srpski \u010dlan Predsjedni\u0161tva BiH ne smije prepustiti da druga dva \u010dlana Predsjedni\u0161tva iz Federacije BiH bez njega donose odluke u toj instituciji, nego bi trebao da u odlukama sudjeluje i utje\u010de na njihov karakter. \u0160arovi\u0107 navodi da Milorad Dodik napu\u0161tanjem sjednica u Predsjedni\u0161tvu BiH ne mo\u017ee \u0161titi [&hellip;]\" \/>\n<meta property=\"og:url\" content=\"https:\/\/radioljubuski.ba\/index.php\/2022\/03\/05\/sarovic-ne-smije-se-dopustiti-dzaferovicu-i-komsicu-da-donose-odluke-u-ime-cijele-bih\/\" \/>\n<meta property=\"og:site_name\" content=\"RADIO LJUBU\u0160KI\" \/>\n<meta property=\"article:publisher\" content=\"https:\/\/www.facebook.com\/Radiio-Ljubuski-1490835324566332\" \/>\n<meta property=\"article:published_time\" content=\"2022-03-05T12:42:11+00:00\" \/>\n<meta property=\"article:modified_time\" content=\"2022-03-05T12:42:12+00:00\" \/>\n<meta property=\"og:image\" content=\"https:\/\/radioljubuski.ba\/wp-content\/uploads\/2022\/03\/sarovic-111-1.jpg\" \/>\n\t<meta property=\"og:image:width\" content=\"750\" \/>\n\t<meta property=\"og:image:height\" content=\"500\" \/>\n\t<meta property=\"og:image:type\" content=\"image\/jpeg\" \/>\n<meta name=\"author\" content=\"Radio Ljubu\u0161ki\" \/>\n<meta name=\"twitter:card\" content=\"summary_large_image\" \/>\n<meta name=\"twitter:creator\" content=\"@radioljubuski\" \/>\n<meta name=\"twitter:site\" content=\"@radioljubuski\" \/>\n<meta name=\"twitter:label1\" content=\"Napisao\/la\" \/>\n\t<meta name=\"twitter:data1\" content=\"Radio Ljubu\u0161ki\" \/>\n\t<meta name=\"twitter:label2\" content=\"Procijenjeno vrijeme \u010ditanja\" \/>\n\t<meta name=\"twitter:data2\" content=\"2 minute\" \/>\n<script type=\"application\/ld+json\" class=\"yoast-schema-graph\">{\"@context\":\"https:\\\/\\\/schema.org\",\"@graph\":[{\"@type\":\"Article\",\"@id\":\"https:\\\/\\\/radioljubuski.ba\\\/index.php\\\/2022\\\/03\\\/05\\\/sarovic-ne-smije-se-dopustiti-dzaferovicu-i-komsicu-da-donose-odluke-u-ime-cijele-bih\\\/#article\",\"isPartOf\":{\"@id\":\"https:\\\/\\\/radioljubuski.ba\\\/index.php\\\/2022\\\/03\\\/05\\\/sarovic-ne-smije-se-dopustiti-dzaferovicu-i-komsicu-da-donose-odluke-u-ime-cijele-bih\\\/\"},\"author\":{\"name\":\"Radio Ljubu\u0161ki\",\"@id\":\"https:\\\/\\\/radioljubuski.ba\\\/#\\\/schema\\\/person\\\/19fc700381a780f69665d7956c469e3b\"},\"headline\":\"\u0160arovi\u0107: \u201cNe smije se dopustiti D\u017eaferovi\u0107u i Kom\u0161i\u0107u da donose odluke u ime cijele BiH\u201d\",\"datePublished\":\"2022-03-05T12:42:11+00:00\",\"dateModified\":\"2022-03-05T12:42:12+00:00\",\"mainEntityOfPage\":{\"@id\":\"https:\\\/\\\/radioljubuski.ba\\\/index.php\\\/2022\\\/03\\\/05\\\/sarovic-ne-smije-se-dopustiti-dzaferovicu-i-komsicu-da-donose-odluke-u-ime-cijele-bih\\\/\"},\"wordCount\":333,\"publisher\":{\"@id\":\"https:\\\/\\\/radioljubuski.ba\\\/#organization\"},\"image\":{\"@id\":\"https:\\\/\\\/radioljubuski.ba\\\/index.php\\\/2022\\\/03\\\/05\\\/sarovic-ne-smije-se-dopustiti-dzaferovicu-i-komsicu-da-donose-odluke-u-ime-cijele-bih\\\/#primaryimage\"},\"thumbnailUrl\":\"https:\\\/\\\/radioljubuski.ba\\\/wp-content\\\/uploads\\\/2022\\\/03\\\/sarovic-111-1.jpg\",\"articleSection\":[\"BIH i regija\"],\"inLanguage\":\"hr\"},{\"@type\":\"WebPage\",\"@id\":\"https:\\\/\\\/radioljubuski.ba\\\/index.php\\\/2022\\\/03\\\/05\\\/sarovic-ne-smije-se-dopustiti-dzaferovicu-i-komsicu-da-donose-odluke-u-ime-cijele-bih\\\/\",\"url\":\"https:\\\/\\\/radioljubuski.ba\\\/index.php\\\/2022\\\/03\\\/05\\\/sarovic-ne-smije-se-dopustiti-dzaferovicu-i-komsicu-da-donose-odluke-u-ime-cijele-bih\\\/\",\"name\":\"\u0160arovi\u0107: \u201cNe smije se dopustiti D\u017eaferovi\u0107u i Kom\u0161i\u0107u da donose odluke u ime cijele BiH\u201d - RADIO LJUBU\u0160KI\",\"isPartOf\":{\"@id\":\"https:\\\/\\\/radioljubuski.ba\\\/#website\"},\"primaryImageOfPage\":{\"@id\":\"https:\\\/\\\/radioljubuski.ba\\\/index.php\\\/2022\\\/03\\\/05\\\/sarovic-ne-smije-se-dopustiti-dzaferovicu-i-komsicu-da-donose-odluke-u-ime-cijele-bih\\\/#primaryimage\"},\"image\":{\"@id\":\"https:\\\/\\\/radioljubuski.ba\\\/index.php\\\/2022\\\/03\\\/05\\\/sarovic-ne-smije-se-dopustiti-dzaferovicu-i-komsicu-da-donose-odluke-u-ime-cijele-bih\\\/#primaryimage\"},\"thumbnailUrl\":\"https:\\\/\\\/radioljubuski.ba\\\/wp-content\\\/uploads\\\/2022\\\/03\\\/sarovic-111-1.jpg\",\"datePublished\":\"2022-03-05T12:42:11+00:00\",\"dateModified\":\"2022-03-05T12:42:12+00:00\",\"breadcrumb\":{\"@id\":\"https:\\\/\\\/radioljubuski.ba\\\/index.php\\\/2022\\\/03\\\/05\\\/sarovic-ne-smije-se-dopustiti-dzaferovicu-i-komsicu-da-donose-odluke-u-ime-cijele-bih\\\/#breadcrumb\"},\"inLanguage\":\"hr\",\"potentialAction\":[{\"@type\":\"ReadAction\",\"target\":[\"https:\\\/\\\/radioljubuski.ba\\\/index.php\\\/2022\\\/03\\\/05\\\/sarovic-ne-smije-se-dopustiti-dzaferovicu-i-komsicu-da-donose-odluke-u-ime-cijele-bih\\\/\"]}]},{\"@type\":\"ImageObject\",\"inLanguage\":\"hr\",\"@id\":\"https:\\\/\\\/radioljubuski.ba\\\/index.php\\\/2022\\\/03\\\/05\\\/sarovic-ne-smije-se-dopustiti-dzaferovicu-i-komsicu-da-donose-odluke-u-ime-cijele-bih\\\/#primaryimage\",\"url\":\"https:\\\/\\\/radioljubuski.ba\\\/wp-content\\\/uploads\\\/2022\\\/03\\\/sarovic-111-1.jpg\",\"contentUrl\":\"https:\\\/\\\/radioljubuski.ba\\\/wp-content\\\/uploads\\\/2022\\\/03\\\/sarovic-111-1.jpg\",\"width\":750,\"height\":500},{\"@type\":\"BreadcrumbList\",\"@id\":\"https:\\\/\\\/radioljubuski.ba\\\/index.php\\\/2022\\\/03\\\/05\\\/sarovic-ne-smije-se-dopustiti-dzaferovicu-i-komsicu-da-donose-odluke-u-ime-cijele-bih\\\/#breadcrumb\",\"itemListElement\":[{\"@type\":\"ListItem\",\"position\":1,\"name\":\"Po\u010detna stranica\",\"item\":\"https:\\\/\\\/radioljubuski.ba\\\/\"},{\"@type\":\"ListItem\",\"position\":2,\"name\":\"\u0160arovi\u0107: \u201cNe smije se dopustiti D\u017eaferovi\u0107u i Kom\u0161i\u0107u da donose odluke u ime cijele BiH\u201d\"}]},{\"@type\":\"WebSite\",\"@id\":\"https:\\\/\\\/radioljubuski.ba\\\/#website\",\"url\":\"https:\\\/\\\/radioljubuski.ba\\\/\",\"name\":\"Radio Ljubu\u0161ki\",\"description\":\"Sun\u010dana frekvencija Hercegovine\",\"publisher\":{\"@id\":\"https:\\\/\\\/radioljubuski.ba\\\/#organization\"},\"potentialAction\":[{\"@type\":\"SearchAction\",\"target\":{\"@type\":\"EntryPoint\",\"urlTemplate\":\"https:\\\/\\\/radioljubuski.ba\\\/?s={search_term_string}\"},\"query-input\":{\"@type\":\"PropertyValueSpecification\",\"valueRequired\":true,\"valueName\":\"search_term_string\"}}],\"inLanguage\":\"hr\"},{\"@type\":\"Organization\",\"@id\":\"https:\\\/\\\/radioljubuski.ba\\\/#organization\",\"name\":\"Radio Ljubu\u0161ki\",\"url\":\"https:\\\/\\\/radioljubuski.ba\\\/\",\"logo\":{\"@type\":\"ImageObject\",\"inLanguage\":\"hr\",\"@id\":\"https:\\\/\\\/radioljubuski.ba\\\/#\\\/schema\\\/logo\\\/image\\\/\",\"url\":\"https:\\\/\\\/radioljubuski.ba\\\/wp-content\\\/uploads\\\/2021\\\/02\\\/cropped-Radio_Ljubuski_logo1.jpg\",\"contentUrl\":\"https:\\\/\\\/radioljubuski.ba\\\/wp-content\\\/uploads\\\/2021\\\/02\\\/cropped-Radio_Ljubuski_logo1.jpg\",\"width\":512,\"height\":512,\"caption\":\"Radio Ljubu\u0161ki\"},\"image\":{\"@id\":\"https:\\\/\\\/radioljubuski.ba\\\/#\\\/schema\\\/logo\\\/image\\\/\"},\"sameAs\":[\"https:\\\/\\\/www.facebook.com\\\/Radiio-Ljubuski-1490835324566332\",\"https:\\\/\\\/x.com\\\/radioljubuski\",\"https:\\\/\\\/hr.linkedin.com\\\/company\\\/radio-ljubuski\",\"https:\\\/\\\/www.youtube.com\\\/channel\\\/UCHYaeO_n0Db3tjNGudGpXyw\"]},{\"@type\":\"Person\",\"@id\":\"https:\\\/\\\/radioljubuski.ba\\\/#\\\/schema\\\/person\\\/19fc700381a780f69665d7956c469e3b\",\"name\":\"Radio Ljubu\u0161ki\"}]}<\/script>\n<!-- \/ Yoast SEO plugin. -->","yoast_head_json":{"title":"\u0160arovi\u0107: \u201cNe smije se dopustiti D\u017eaferovi\u0107u i Kom\u0161i\u0107u da donose odluke u ime cijele BiH\u201d - RADIO LJUBU\u0160KI","robots":{"index":"index","follow":"follow","max-snippet":"max-snippet:-1","max-image-preview":"max-image-preview:large","max-video-preview":"max-video-preview:-1"},"canonical":"https:\/\/radioljubuski.ba\/index.php\/2022\/03\/05\/sarovic-ne-smije-se-dopustiti-dzaferovicu-i-komsicu-da-donose-odluke-u-ime-cijele-bih\/","og_locale":"hr_HR","og_type":"article","og_title":"\u0160arovi\u0107: \u201cNe smije se dopustiti D\u017eaferovi\u0107u i Kom\u0161i\u0107u da donose odluke u ime cijele BiH\u201d - RADIO LJUBU\u0160KI","og_description":"Predsjednik SDS-a Mirko \u0160arovi\u0107 izjavio je danas da srpski \u010dlan Predsjedni\u0161tva BiH ne smije prepustiti da druga dva \u010dlana Predsjedni\u0161tva iz Federacije BiH bez njega donose odluke u toj instituciji, nego bi trebao da u odlukama sudjeluje i utje\u010de na njihov karakter. \u0160arovi\u0107 navodi da Milorad Dodik napu\u0161tanjem sjednica u Predsjedni\u0161tvu BiH ne mo\u017ee \u0161titi [&hellip;]","og_url":"https:\/\/radioljubuski.ba\/index.php\/2022\/03\/05\/sarovic-ne-smije-se-dopustiti-dzaferovicu-i-komsicu-da-donose-odluke-u-ime-cijele-bih\/","og_site_name":"RADIO LJUBU\u0160KI","article_publisher":"https:\/\/www.facebook.com\/Radiio-Ljubuski-1490835324566332","article_published_time":"2022-03-05T12:42:11+00:00","article_modified_time":"2022-03-05T12:42:12+00:00","og_image":[{"width":750,"height":500,"url":"https:\/\/radioljubuski.ba\/wp-content\/uploads\/2022\/03\/sarovic-111-1.jpg","type":"image\/jpeg"}],"author":"Radio Ljubu\u0161ki","twitter_card":"summary_large_image","twitter_creator":"@radioljubuski","twitter_site":"@radioljubuski","twitter_misc":{"Napisao\/la":"Radio Ljubu\u0161ki","Procijenjeno vrijeme \u010ditanja":"2 minute"},"schema":{"@context":"https:\/\/schema.org","@graph":[{"@type":"Article","@id":"https:\/\/radioljubuski.ba\/index.php\/2022\/03\/05\/sarovic-ne-smije-se-dopustiti-dzaferovicu-i-komsicu-da-donose-odluke-u-ime-cijele-bih\/#article","isPartOf":{"@id":"https:\/\/radioljubuski.ba\/index.php\/2022\/03\/05\/sarovic-ne-smije-se-dopustiti-dzaferovicu-i-komsicu-da-donose-odluke-u-ime-cijele-bih\/"},"author":{"name":"Radio Ljubu\u0161ki","@id":"https:\/\/radioljubuski.ba\/#\/schema\/person\/19fc700381a780f69665d7956c469e3b"},"headline":"\u0160arovi\u0107: \u201cNe smije se dopustiti D\u017eaferovi\u0107u i Kom\u0161i\u0107u da donose odluke u ime cijele BiH\u201d","datePublished":"2022-03-05T12:42:11+00:00","dateModified":"2022-03-05T12:42:12+00:00","mainEntityOfPage":{"@id":"https:\/\/radioljubuski.ba\/index.php\/2022\/03\/05\/sarovic-ne-smije-se-dopustiti-dzaferovicu-i-komsicu-da-donose-odluke-u-ime-cijele-bih\/"},"wordCount":333,"publisher":{"@id":"https:\/\/radioljubuski.ba\/#organization"},"image":{"@id":"https:\/\/radioljubuski.ba\/index.php\/2022\/03\/05\/sarovic-ne-smije-se-dopustiti-dzaferovicu-i-komsicu-da-donose-odluke-u-ime-cijele-bih\/#primaryimage"},"thumbnailUrl":"https:\/\/radioljubuski.ba\/wp-content\/uploads\/2022\/03\/sarovic-111-1.jpg","articleSection":["BIH i regija"],"inLanguage":"hr"},{"@type":"WebPage","@id":"https:\/\/radioljubuski.ba\/index.php\/2022\/03\/05\/sarovic-ne-smije-se-dopustiti-dzaferovicu-i-komsicu-da-donose-odluke-u-ime-cijele-bih\/","url":"https:\/\/radioljubuski.ba\/index.php\/2022\/03\/05\/sarovic-ne-smije-se-dopustiti-dzaferovicu-i-komsicu-da-donose-odluke-u-ime-cijele-bih\/","name":"\u0160arovi\u0107: \u201cNe smije se dopustiti D\u017eaferovi\u0107u i Kom\u0161i\u0107u da donose odluke u ime cijele BiH\u201d - RADIO LJUBU\u0160KI","isPartOf":{"@id":"https:\/\/radioljubuski.ba\/#website"},"primaryImageOfPage":{"@id":"https:\/\/radioljubuski.ba\/index.php\/2022\/03\/05\/sarovic-ne-smije-se-dopustiti-dzaferovicu-i-komsicu-da-donose-odluke-u-ime-cijele-bih\/#primaryimage"},"image":{"@id":"https:\/\/radioljubuski.ba\/index.php\/2022\/03\/05\/sarovic-ne-smije-se-dopustiti-dzaferovicu-i-komsicu-da-donose-odluke-u-ime-cijele-bih\/#primaryimage"},"thumbnailUrl":"https:\/\/radioljubuski.ba\/wp-content\/uploads\/2022\/03\/sarovic-111-1.jpg","datePublished":"2022-03-05T12:42:11+00:00","dateModified":"2022-03-05T12:42:12+00:00","breadcrumb":{"@id":"https:\/\/radioljubuski.ba\/index.php\/2022\/03\/05\/sarovic-ne-smije-se-dopustiti-dzaferovicu-i-komsicu-da-donose-odluke-u-ime-cijele-bih\/#breadcrumb"},"inLanguage":"hr","potentialAction":[{"@type":"ReadAction","target":["https:\/\/radioljubuski.ba\/index.php\/2022\/03\/05\/sarovic-ne-smije-se-dopustiti-dzaferovicu-i-komsicu-da-donose-odluke-u-ime-cijele-bih\/"]}]},{"@type":"ImageObject","inLanguage":"hr","@id":"https:\/\/radioljubuski.ba\/index.php\/2022\/03\/05\/sarovic-ne-smije-se-dopustiti-dzaferovicu-i-komsicu-da-donose-odluke-u-ime-cijele-bih\/#primaryimage","url":"https:\/\/radioljubuski.ba\/wp-content\/uploads\/2022\/03\/sarovic-111-1.jpg","contentUrl":"https:\/\/radioljubuski.ba\/wp-content\/uploads\/2022\/03\/sarovic-111-1.jpg","width":750,"height":500},{"@type":"BreadcrumbList","@id":"https:\/\/radioljubuski.ba\/index.php\/2022\/03\/05\/sarovic-ne-smije-se-dopustiti-dzaferovicu-i-komsicu-da-donose-odluke-u-ime-cijele-bih\/#breadcrumb","itemListElement":[{"@type":"ListItem","position":1,"name":"Po\u010detna stranica","item":"https:\/\/radioljubuski.ba\/"},{"@type":"ListItem","position":2,"name":"\u0160arovi\u0107: \u201cNe smije se dopustiti D\u017eaferovi\u0107u i Kom\u0161i\u0107u da donose odluke u ime cijele BiH\u201d"}]},{"@type":"WebSite","@id":"https:\/\/radioljubuski.ba\/#website","url":"https:\/\/radioljubuski.ba\/","name":"Radio Ljubu\u0161ki","description":"Sun\u010dana frekvencija Hercegovine","publisher":{"@id":"https:\/\/radioljubuski.ba\/#organization"},"potentialAction":[{"@type":"SearchAction","target":{"@type":"EntryPoint","urlTemplate":"https:\/\/radioljubuski.ba\/?s={search_term_string}"},"query-input":{"@type":"PropertyValueSpecification","valueRequired":true,"valueName":"search_term_string"}}],"inLanguage":"hr"},{"@type":"Organization","@id":"https:\/\/radioljubuski.ba\/#organization","name":"Radio Ljubu\u0161ki","url":"https:\/\/radioljubuski.ba\/","logo":{"@type":"ImageObject","inLanguage":"hr","@id":"https:\/\/radioljubuski.ba\/#\/schema\/logo\/image\/","url":"https:\/\/radioljubuski.ba\/wp-content\/uploads\/2021\/02\/cropped-Radio_Ljubuski_logo1.jpg","contentUrl":"https:\/\/radioljubuski.ba\/wp-content\/uploads\/2021\/02\/cropped-Radio_Ljubuski_logo1.jpg","width":512,"height":512,"caption":"Radio Ljubu\u0161ki"},"image":{"@id":"https:\/\/radioljubuski.ba\/#\/schema\/logo\/image\/"},"sameAs":["https:\/\/www.facebook.com\/Radiio-Ljubuski-1490835324566332","https:\/\/x.com\/radioljubuski","https:\/\/hr.linkedin.com\/company\/radio-ljubuski","https:\/\/www.youtube.com\/channel\/UCHYaeO_n0Db3tjNGudGpXyw"]},{"@type":"Person","@id":"https:\/\/radioljubuski.ba\/#\/schema\/person\/19fc700381a780f69665d7956c469e3b","name":"Radio Ljubu\u0161ki"}]}},"_links":{"self":[{"href":"https:\/\/radioljubuski.ba\/index.php\/wp-json\/wp\/v2\/posts\/118244","targetHints":{"allow":["GET"]}}],"collection":[{"href":"https:\/\/radioljubuski.ba\/index.php\/wp-json\/wp\/v2\/posts"}],"about":[{"href":"https:\/\/radioljubuski.ba\/index.php\/wp-json\/wp\/v2\/types\/post"}],"author":[{"embeddable":true,"href":"https:\/\/radioljubuski.ba\/index.php\/wp-json\/wp\/v2\/users\/2"}],"replies":[{"embeddable":true,"href":"https:\/\/radioljubuski.ba\/index.php\/wp-json\/wp\/v2\/comments?post=118244"}],"version-history":[{"count":1,"href":"https:\/\/radioljubuski.ba\/index.php\/wp-json\/wp\/v2\/posts\/118244\/revisions"}],"predecessor-version":[{"id":118246,"href":"https:\/\/radioljubuski.ba\/index.php\/wp-json\/wp\/v2\/posts\/118244\/revisions\/118246"}],"wp:featuredmedia":[{"embeddable":true,"href":"https:\/\/radioljubuski.ba\/index.php\/wp-json\/wp\/v2\/media\/118245"}],"wp:attachment":[{"href":"https:\/\/radioljubuski.ba\/index.php\/wp-json\/wp\/v2\/media?parent=118244"}],"wp:term":[{"taxonomy":"category","embeddable":true,"href":"https:\/\/radioljubuski.ba\/index.php\/wp-json\/wp\/v2\/categories?post=118244"},{"taxonomy":"post_tag","embeddable":true,"href":"https:\/\/radioljubuski.ba\/index.php\/wp-json\/wp\/v2\/tags?post=118244"}],"curies":[{"name":"wp","href":"https:\/\/api.w.org\/{rel}","templated":true}]}}