{"id":118250,"date":"2022-03-05T13:47:13","date_gmt":"2022-03-05T12:47:13","guid":{"rendered":"https:\/\/radioljubuski.ba\/?p=118250"},"modified":"2022-03-05T13:47:14","modified_gmt":"2022-03-05T12:47:14","slug":"covic-za-novu-tv-gospoda-bosnjaci-moraju-razumjeti-da-hrvati-moraju-birati-svoje-predstavnike","status":"publish","type":"post","link":"https:\/\/radioljubuski.ba\/index.php\/2022\/03\/05\/covic-za-novu-tv-gospoda-bosnjaci-moraju-razumjeti-da-hrvati-moraju-birati-svoje-predstavnike\/","title":{"rendered":"\u010covi\u0107 za Novu TV: Gospoda Bo\u0161njaci moraju razumjeti da Hrvati moraju birati svoje predstavnike"},"content":{"rendered":"\n<p><strong>Predsjednik HDZ-a BiH Dragan \u010covi\u0107 bio je gost Dnevnika <a href=\"https:\/\/dnevnik.hr\/vijesti\/svijet\/dragan-covic-u-dnevniku-nove-tv-o-stanju-bih---698646.html\" target=\"_blank\" rel=\"noreferrer noopener\">Nove TV<\/a> u kojem je govorio o stanju u BiH<\/strong><\/p>\n\n\n\n<p>\u201cKa\u017ee Izetbegovi\u0107 da ste odbili model po kojem on ne bi bio \u010dlan Predsjedni\u0161tva BiH. Je li to to\u010dno\u201d, pitao je \u010covi\u0107a reporter Nove tv Mario Juri\u010d.<\/p>\n\n\n\n<p>\u201cNe znam na koji prijedlog misli s obzirom na to da on prijedlog nije dao 8 mjeseci\u201d, kazao je \u010covi\u0107.<\/p>\n\n\n\n<p>Juri\u010d je podsjetio da Izetbegovi\u0107 ka\u017ee kako \u0107e do dogovora do\u0107i samo ako popusti hrvatska strana.<\/p>\n\n\n\n<p>\u010covi\u0107 ka\u017ee kako hrvatska strana sudjeluje u razgovorima ve\u0107 dvije godine, otkad su potpisali suporazum za Mostar. \u201cHrvatska strana \u010dini sve da usuglasimo standarde s EU standardima\u201d, rekao je i istaknuo da \u201cgospoda Bo\u0161njaci moraju razumjeti da Hrvati moraju birati svoje predstavnike\u201d.<\/p>\n\n\n\n<p>Je li realno o\u010dekivati BiH u NATO-u, pitao je reporter.<\/p>\n\n\n\n<p>\u201cHrvatski narod \u017eeli EU put i NATO savez. Mi slijedimo politiku Europske pu\u010dke stranke, Europske unije i Republike Hrvatske, kazao je.<\/p>\n\n\n\n<p>Podru\u010dje Br\u010dkog je Izetbegovi\u0107 je ocijenio kao potencijalno mjesto nestabilnosti. Trebaju li se Hrvati tamo bojati, pitao je reporter Dnevnika Nove TV.<\/p>\n\n\n\n<p>\u201cApsolutno ne. Ne smijemo tako razmi\u0161ljati. BiH je cjelovita, jednaka je ugoroza od Posavine, sredi\u0161nje Bosne do Hercegovine. Na taj na\u010din razmi\u0161ljati je pogre\u0161no i trebamo stvarati ambijent da nema ni iskrice, a ne nekog ozbiljnijeg sigurnosnog problema\u201d, kazao je \u010covi\u0107 te dodao kako sve rje\u0161avaju isklju\u010divo mirnim putem \u2013 razgovorima. \u201cLjudi su zabrinuti kad vide slike iz Ukrajine\u201d, kazao je.<\/p>\n\n\n\n<p>Dodik je htio da BiH ostane neutralna, a vi ste osudili rusku invaziju. Je li to naru\u0161ilo va\u0161 odnos s Dodikom, pitao je Juri\u010d, a \u010covi\u0107 odgovorio: \u201cNikad nisam podr\u017eavao Dodika u svemu. Vi\u0161e podr\u017eavam Izetbegovi\u0107a, to govore na\u0161e susreti, na\u0161i razgovori. To \u0161to zagovara Dodik stvar je politike srpskog naroda u BiH\u201d.<\/p>\n\n\n\n<p>Reportera je zanimalo i je li \u010covi\u0107u sada \u017eao \u0161to je rekao \u201c\u010duvajte mi Republiku Srpsku\u201d?<\/p>\n\n\n\n<p>\u201cNe. Za\u0161to bi mi bilo \u017eao, time \u010duvamo ustav BiH. Bez ustava imamo anarhiju\u201d, kazao je.<\/p>\n\n\n\n<p>\u0160to se ti\u010de prisutnosti me\u0111unarodnih oru\u017eanih snaga u BiH, gost \u010covi\u0107 smatra da trebaju biti tamo. Vidi ih kako jamac da BiH \u017eeli biti u NATO savezu, ali i kao psiholo\u0161ki element sigurnosti.<\/p>\n\n\n\n<p>\u201cTu su da imaju rutial, da obilaze prostorom, sagledavaju situaciju. Nismo mi samo izvori\u0161te potencijalnih problema\u201d, kazao je i dodao kako je netko iz bilo kojeg dijela svijeta mogao do\u0107i i napraviti incident.<\/p>\n\n\n\n<p>\/HMS\/<\/p>\n","protected":false},"excerpt":{"rendered":"<p>Predsjednik HDZ-a BiH Dragan \u010covi\u0107 bio je gost Dnevnika Nove TV u kojem je govorio o stanju u BiH \u201cKa\u017ee Izetbegovi\u0107 da ste odbili model po kojem on ne bi bio \u010dlan Predsjedni\u0161tva BiH. Je li to to\u010dno\u201d, pitao je \u010covi\u0107a reporter Nove tv Mario Juri\u010d. \u201cNe znam na koji prijedlog misli s obzirom na [&hellip;]<\/p>\n","protected":false},"author":2,"featured_media":118251,"comment_status":"closed","ping_status":"closed","sticky":false,"template":"","format":"standard","meta":{"h5ap_radio_sources":[],"footnotes":""},"categories":[1],"tags":[],"class_list":["post-118250","post","type-post","status-publish","format-standard","has-post-thumbnail","hentry","category-bihiregija"],"yoast_head":"<!-- This site is optimized with the Yoast SEO plugin v27.5 - https:\/\/yoast.com\/product\/yoast-seo-wordpress\/ -->\n<title>\u010covi\u0107 za Novu TV: Gospoda Bo\u0161njaci moraju razumjeti da Hrvati moraju birati svoje predstavnike - RADIO LJUBU\u0160KI<\/title>\n<meta name=\"robots\" content=\"index, follow, max-snippet:-1, max-image-preview:large, max-video-preview:-1\" \/>\n<link rel=\"canonical\" href=\"https:\/\/radioljubuski.ba\/index.php\/2022\/03\/05\/covic-za-novu-tv-gospoda-bosnjaci-moraju-razumjeti-da-hrvati-moraju-birati-svoje-predstavnike\/\" \/>\n<meta property=\"og:locale\" content=\"hr_HR\" \/>\n<meta property=\"og:type\" content=\"article\" \/>\n<meta property=\"og:title\" content=\"\u010covi\u0107 za Novu TV: Gospoda Bo\u0161njaci moraju razumjeti da Hrvati moraju birati svoje predstavnike - RADIO LJUBU\u0160KI\" \/>\n<meta property=\"og:description\" content=\"Predsjednik HDZ-a BiH Dragan \u010covi\u0107 bio je gost Dnevnika Nove TV u kojem je govorio o stanju u BiH \u201cKa\u017ee Izetbegovi\u0107 da ste odbili model po kojem on ne bi bio \u010dlan Predsjedni\u0161tva BiH. Je li to to\u010dno\u201d, pitao je \u010covi\u0107a reporter Nove tv Mario Juri\u010d. \u201cNe znam na koji prijedlog misli s obzirom na [&hellip;]\" \/>\n<meta property=\"og:url\" content=\"https:\/\/radioljubuski.ba\/index.php\/2022\/03\/05\/covic-za-novu-tv-gospoda-bosnjaci-moraju-razumjeti-da-hrvati-moraju-birati-svoje-predstavnike\/\" \/>\n<meta property=\"og:site_name\" content=\"RADIO LJUBU\u0160KI\" \/>\n<meta property=\"article:publisher\" content=\"https:\/\/www.facebook.com\/Radiio-Ljubuski-1490835324566332\" \/>\n<meta property=\"article:published_time\" content=\"2022-03-05T12:47:13+00:00\" \/>\n<meta property=\"article:modified_time\" content=\"2022-03-05T12:47:14+00:00\" \/>\n<meta property=\"og:image\" content=\"https:\/\/radioljubuski.ba\/wp-content\/uploads\/2022\/03\/covic.jpg\" \/>\n\t<meta property=\"og:image:width\" content=\"744\" \/>\n\t<meta property=\"og:image:height\" content=\"421\" \/>\n\t<meta property=\"og:image:type\" content=\"image\/jpeg\" \/>\n<meta name=\"author\" content=\"Radio Ljubu\u0161ki\" \/>\n<meta name=\"twitter:card\" content=\"summary_large_image\" \/>\n<meta name=\"twitter:creator\" content=\"@radioljubuski\" \/>\n<meta name=\"twitter:site\" content=\"@radioljubuski\" \/>\n<meta name=\"twitter:label1\" content=\"Napisao\/la\" \/>\n\t<meta name=\"twitter:data1\" content=\"Radio Ljubu\u0161ki\" \/>\n\t<meta name=\"twitter:label2\" content=\"Procijenjeno vrijeme \u010ditanja\" \/>\n\t<meta name=\"twitter:data2\" content=\"2 minute\" \/>\n<script type=\"application\/ld+json\" class=\"yoast-schema-graph\">{\"@context\":\"https:\\\/\\\/schema.org\",\"@graph\":[{\"@type\":\"Article\",\"@id\":\"https:\\\/\\\/radioljubuski.ba\\\/index.php\\\/2022\\\/03\\\/05\\\/covic-za-novu-tv-gospoda-bosnjaci-moraju-razumjeti-da-hrvati-moraju-birati-svoje-predstavnike\\\/#article\",\"isPartOf\":{\"@id\":\"https:\\\/\\\/radioljubuski.ba\\\/index.php\\\/2022\\\/03\\\/05\\\/covic-za-novu-tv-gospoda-bosnjaci-moraju-razumjeti-da-hrvati-moraju-birati-svoje-predstavnike\\\/\"},\"author\":{\"name\":\"Radio Ljubu\u0161ki\",\"@id\":\"https:\\\/\\\/radioljubuski.ba\\\/#\\\/schema\\\/person\\\/19fc700381a780f69665d7956c469e3b\"},\"headline\":\"\u010covi\u0107 za Novu TV: Gospoda Bo\u0161njaci moraju razumjeti da Hrvati moraju birati svoje predstavnike\",\"datePublished\":\"2022-03-05T12:47:13+00:00\",\"dateModified\":\"2022-03-05T12:47:14+00:00\",\"mainEntityOfPage\":{\"@id\":\"https:\\\/\\\/radioljubuski.ba\\\/index.php\\\/2022\\\/03\\\/05\\\/covic-za-novu-tv-gospoda-bosnjaci-moraju-razumjeti-da-hrvati-moraju-birati-svoje-predstavnike\\\/\"},\"wordCount\":437,\"publisher\":{\"@id\":\"https:\\\/\\\/radioljubuski.ba\\\/#organization\"},\"image\":{\"@id\":\"https:\\\/\\\/radioljubuski.ba\\\/index.php\\\/2022\\\/03\\\/05\\\/covic-za-novu-tv-gospoda-bosnjaci-moraju-razumjeti-da-hrvati-moraju-birati-svoje-predstavnike\\\/#primaryimage\"},\"thumbnailUrl\":\"https:\\\/\\\/radioljubuski.ba\\\/wp-content\\\/uploads\\\/2022\\\/03\\\/covic.jpg\",\"articleSection\":[\"BIH i regija\"],\"inLanguage\":\"hr\"},{\"@type\":\"WebPage\",\"@id\":\"https:\\\/\\\/radioljubuski.ba\\\/index.php\\\/2022\\\/03\\\/05\\\/covic-za-novu-tv-gospoda-bosnjaci-moraju-razumjeti-da-hrvati-moraju-birati-svoje-predstavnike\\\/\",\"url\":\"https:\\\/\\\/radioljubuski.ba\\\/index.php\\\/2022\\\/03\\\/05\\\/covic-za-novu-tv-gospoda-bosnjaci-moraju-razumjeti-da-hrvati-moraju-birati-svoje-predstavnike\\\/\",\"name\":\"\u010covi\u0107 za Novu TV: Gospoda Bo\u0161njaci moraju razumjeti da Hrvati moraju birati svoje predstavnike - RADIO LJUBU\u0160KI\",\"isPartOf\":{\"@id\":\"https:\\\/\\\/radioljubuski.ba\\\/#website\"},\"primaryImageOfPage\":{\"@id\":\"https:\\\/\\\/radioljubuski.ba\\\/index.php\\\/2022\\\/03\\\/05\\\/covic-za-novu-tv-gospoda-bosnjaci-moraju-razumjeti-da-hrvati-moraju-birati-svoje-predstavnike\\\/#primaryimage\"},\"image\":{\"@id\":\"https:\\\/\\\/radioljubuski.ba\\\/index.php\\\/2022\\\/03\\\/05\\\/covic-za-novu-tv-gospoda-bosnjaci-moraju-razumjeti-da-hrvati-moraju-birati-svoje-predstavnike\\\/#primaryimage\"},\"thumbnailUrl\":\"https:\\\/\\\/radioljubuski.ba\\\/wp-content\\\/uploads\\\/2022\\\/03\\\/covic.jpg\",\"datePublished\":\"2022-03-05T12:47:13+00:00\",\"dateModified\":\"2022-03-05T12:47:14+00:00\",\"breadcrumb\":{\"@id\":\"https:\\\/\\\/radioljubuski.ba\\\/index.php\\\/2022\\\/03\\\/05\\\/covic-za-novu-tv-gospoda-bosnjaci-moraju-razumjeti-da-hrvati-moraju-birati-svoje-predstavnike\\\/#breadcrumb\"},\"inLanguage\":\"hr\",\"potentialAction\":[{\"@type\":\"ReadAction\",\"target\":[\"https:\\\/\\\/radioljubuski.ba\\\/index.php\\\/2022\\\/03\\\/05\\\/covic-za-novu-tv-gospoda-bosnjaci-moraju-razumjeti-da-hrvati-moraju-birati-svoje-predstavnike\\\/\"]}]},{\"@type\":\"ImageObject\",\"inLanguage\":\"hr\",\"@id\":\"https:\\\/\\\/radioljubuski.ba\\\/index.php\\\/2022\\\/03\\\/05\\\/covic-za-novu-tv-gospoda-bosnjaci-moraju-razumjeti-da-hrvati-moraju-birati-svoje-predstavnike\\\/#primaryimage\",\"url\":\"https:\\\/\\\/radioljubuski.ba\\\/wp-content\\\/uploads\\\/2022\\\/03\\\/covic.jpg\",\"contentUrl\":\"https:\\\/\\\/radioljubuski.ba\\\/wp-content\\\/uploads\\\/2022\\\/03\\\/covic.jpg\",\"width\":744,\"height\":421},{\"@type\":\"BreadcrumbList\",\"@id\":\"https:\\\/\\\/radioljubuski.ba\\\/index.php\\\/2022\\\/03\\\/05\\\/covic-za-novu-tv-gospoda-bosnjaci-moraju-razumjeti-da-hrvati-moraju-birati-svoje-predstavnike\\\/#breadcrumb\",\"itemListElement\":[{\"@type\":\"ListItem\",\"position\":1,\"name\":\"Po\u010detna stranica\",\"item\":\"https:\\\/\\\/radioljubuski.ba\\\/\"},{\"@type\":\"ListItem\",\"position\":2,\"name\":\"\u010covi\u0107 za Novu TV: Gospoda Bo\u0161njaci moraju razumjeti da Hrvati moraju birati svoje predstavnike\"}]},{\"@type\":\"WebSite\",\"@id\":\"https:\\\/\\\/radioljubuski.ba\\\/#website\",\"url\":\"https:\\\/\\\/radioljubuski.ba\\\/\",\"name\":\"Radio Ljubu\u0161ki\",\"description\":\"Sun\u010dana frekvencija Hercegovine\",\"publisher\":{\"@id\":\"https:\\\/\\\/radioljubuski.ba\\\/#organization\"},\"potentialAction\":[{\"@type\":\"SearchAction\",\"target\":{\"@type\":\"EntryPoint\",\"urlTemplate\":\"https:\\\/\\\/radioljubuski.ba\\\/?s={search_term_string}\"},\"query-input\":{\"@type\":\"PropertyValueSpecification\",\"valueRequired\":true,\"valueName\":\"search_term_string\"}}],\"inLanguage\":\"hr\"},{\"@type\":\"Organization\",\"@id\":\"https:\\\/\\\/radioljubuski.ba\\\/#organization\",\"name\":\"Radio Ljubu\u0161ki\",\"url\":\"https:\\\/\\\/radioljubuski.ba\\\/\",\"logo\":{\"@type\":\"ImageObject\",\"inLanguage\":\"hr\",\"@id\":\"https:\\\/\\\/radioljubuski.ba\\\/#\\\/schema\\\/logo\\\/image\\\/\",\"url\":\"https:\\\/\\\/radioljubuski.ba\\\/wp-content\\\/uploads\\\/2021\\\/02\\\/cropped-Radio_Ljubuski_logo1.jpg\",\"contentUrl\":\"https:\\\/\\\/radioljubuski.ba\\\/wp-content\\\/uploads\\\/2021\\\/02\\\/cropped-Radio_Ljubuski_logo1.jpg\",\"width\":512,\"height\":512,\"caption\":\"Radio Ljubu\u0161ki\"},\"image\":{\"@id\":\"https:\\\/\\\/radioljubuski.ba\\\/#\\\/schema\\\/logo\\\/image\\\/\"},\"sameAs\":[\"https:\\\/\\\/www.facebook.com\\\/Radiio-Ljubuski-1490835324566332\",\"https:\\\/\\\/x.com\\\/radioljubuski\",\"https:\\\/\\\/hr.linkedin.com\\\/company\\\/radio-ljubuski\",\"https:\\\/\\\/www.youtube.com\\\/channel\\\/UCHYaeO_n0Db3tjNGudGpXyw\"]},{\"@type\":\"Person\",\"@id\":\"https:\\\/\\\/radioljubuski.ba\\\/#\\\/schema\\\/person\\\/19fc700381a780f69665d7956c469e3b\",\"name\":\"Radio Ljubu\u0161ki\"}]}<\/script>\n<!-- \/ Yoast SEO plugin. -->","yoast_head_json":{"title":"\u010covi\u0107 za Novu TV: Gospoda Bo\u0161njaci moraju razumjeti da Hrvati moraju birati svoje predstavnike - RADIO LJUBU\u0160KI","robots":{"index":"index","follow":"follow","max-snippet":"max-snippet:-1","max-image-preview":"max-image-preview:large","max-video-preview":"max-video-preview:-1"},"canonical":"https:\/\/radioljubuski.ba\/index.php\/2022\/03\/05\/covic-za-novu-tv-gospoda-bosnjaci-moraju-razumjeti-da-hrvati-moraju-birati-svoje-predstavnike\/","og_locale":"hr_HR","og_type":"article","og_title":"\u010covi\u0107 za Novu TV: Gospoda Bo\u0161njaci moraju razumjeti da Hrvati moraju birati svoje predstavnike - RADIO LJUBU\u0160KI","og_description":"Predsjednik HDZ-a BiH Dragan \u010covi\u0107 bio je gost Dnevnika Nove TV u kojem je govorio o stanju u BiH \u201cKa\u017ee Izetbegovi\u0107 da ste odbili model po kojem on ne bi bio \u010dlan Predsjedni\u0161tva BiH. Je li to to\u010dno\u201d, pitao je \u010covi\u0107a reporter Nove tv Mario Juri\u010d. \u201cNe znam na koji prijedlog misli s obzirom na [&hellip;]","og_url":"https:\/\/radioljubuski.ba\/index.php\/2022\/03\/05\/covic-za-novu-tv-gospoda-bosnjaci-moraju-razumjeti-da-hrvati-moraju-birati-svoje-predstavnike\/","og_site_name":"RADIO LJUBU\u0160KI","article_publisher":"https:\/\/www.facebook.com\/Radiio-Ljubuski-1490835324566332","article_published_time":"2022-03-05T12:47:13+00:00","article_modified_time":"2022-03-05T12:47:14+00:00","og_image":[{"width":744,"height":421,"url":"https:\/\/radioljubuski.ba\/wp-content\/uploads\/2022\/03\/covic.jpg","type":"image\/jpeg"}],"author":"Radio Ljubu\u0161ki","twitter_card":"summary_large_image","twitter_creator":"@radioljubuski","twitter_site":"@radioljubuski","twitter_misc":{"Napisao\/la":"Radio Ljubu\u0161ki","Procijenjeno vrijeme \u010ditanja":"2 minute"},"schema":{"@context":"https:\/\/schema.org","@graph":[{"@type":"Article","@id":"https:\/\/radioljubuski.ba\/index.php\/2022\/03\/05\/covic-za-novu-tv-gospoda-bosnjaci-moraju-razumjeti-da-hrvati-moraju-birati-svoje-predstavnike\/#article","isPartOf":{"@id":"https:\/\/radioljubuski.ba\/index.php\/2022\/03\/05\/covic-za-novu-tv-gospoda-bosnjaci-moraju-razumjeti-da-hrvati-moraju-birati-svoje-predstavnike\/"},"author":{"name":"Radio Ljubu\u0161ki","@id":"https:\/\/radioljubuski.ba\/#\/schema\/person\/19fc700381a780f69665d7956c469e3b"},"headline":"\u010covi\u0107 za Novu TV: Gospoda Bo\u0161njaci moraju razumjeti da Hrvati moraju birati svoje predstavnike","datePublished":"2022-03-05T12:47:13+00:00","dateModified":"2022-03-05T12:47:14+00:00","mainEntityOfPage":{"@id":"https:\/\/radioljubuski.ba\/index.php\/2022\/03\/05\/covic-za-novu-tv-gospoda-bosnjaci-moraju-razumjeti-da-hrvati-moraju-birati-svoje-predstavnike\/"},"wordCount":437,"publisher":{"@id":"https:\/\/radioljubuski.ba\/#organization"},"image":{"@id":"https:\/\/radioljubuski.ba\/index.php\/2022\/03\/05\/covic-za-novu-tv-gospoda-bosnjaci-moraju-razumjeti-da-hrvati-moraju-birati-svoje-predstavnike\/#primaryimage"},"thumbnailUrl":"https:\/\/radioljubuski.ba\/wp-content\/uploads\/2022\/03\/covic.jpg","articleSection":["BIH i regija"],"inLanguage":"hr"},{"@type":"WebPage","@id":"https:\/\/radioljubuski.ba\/index.php\/2022\/03\/05\/covic-za-novu-tv-gospoda-bosnjaci-moraju-razumjeti-da-hrvati-moraju-birati-svoje-predstavnike\/","url":"https:\/\/radioljubuski.ba\/index.php\/2022\/03\/05\/covic-za-novu-tv-gospoda-bosnjaci-moraju-razumjeti-da-hrvati-moraju-birati-svoje-predstavnike\/","name":"\u010covi\u0107 za Novu TV: Gospoda Bo\u0161njaci moraju razumjeti da Hrvati moraju birati svoje predstavnike - RADIO LJUBU\u0160KI","isPartOf":{"@id":"https:\/\/radioljubuski.ba\/#website"},"primaryImageOfPage":{"@id":"https:\/\/radioljubuski.ba\/index.php\/2022\/03\/05\/covic-za-novu-tv-gospoda-bosnjaci-moraju-razumjeti-da-hrvati-moraju-birati-svoje-predstavnike\/#primaryimage"},"image":{"@id":"https:\/\/radioljubuski.ba\/index.php\/2022\/03\/05\/covic-za-novu-tv-gospoda-bosnjaci-moraju-razumjeti-da-hrvati-moraju-birati-svoje-predstavnike\/#primaryimage"},"thumbnailUrl":"https:\/\/radioljubuski.ba\/wp-content\/uploads\/2022\/03\/covic.jpg","datePublished":"2022-03-05T12:47:13+00:00","dateModified":"2022-03-05T12:47:14+00:00","breadcrumb":{"@id":"https:\/\/radioljubuski.ba\/index.php\/2022\/03\/05\/covic-za-novu-tv-gospoda-bosnjaci-moraju-razumjeti-da-hrvati-moraju-birati-svoje-predstavnike\/#breadcrumb"},"inLanguage":"hr","potentialAction":[{"@type":"ReadAction","target":["https:\/\/radioljubuski.ba\/index.php\/2022\/03\/05\/covic-za-novu-tv-gospoda-bosnjaci-moraju-razumjeti-da-hrvati-moraju-birati-svoje-predstavnike\/"]}]},{"@type":"ImageObject","inLanguage":"hr","@id":"https:\/\/radioljubuski.ba\/index.php\/2022\/03\/05\/covic-za-novu-tv-gospoda-bosnjaci-moraju-razumjeti-da-hrvati-moraju-birati-svoje-predstavnike\/#primaryimage","url":"https:\/\/radioljubuski.ba\/wp-content\/uploads\/2022\/03\/covic.jpg","contentUrl":"https:\/\/radioljubuski.ba\/wp-content\/uploads\/2022\/03\/covic.jpg","width":744,"height":421},{"@type":"BreadcrumbList","@id":"https:\/\/radioljubuski.ba\/index.php\/2022\/03\/05\/covic-za-novu-tv-gospoda-bosnjaci-moraju-razumjeti-da-hrvati-moraju-birati-svoje-predstavnike\/#breadcrumb","itemListElement":[{"@type":"ListItem","position":1,"name":"Po\u010detna stranica","item":"https:\/\/radioljubuski.ba\/"},{"@type":"ListItem","position":2,"name":"\u010covi\u0107 za Novu TV: Gospoda Bo\u0161njaci moraju razumjeti da Hrvati moraju birati svoje predstavnike"}]},{"@type":"WebSite","@id":"https:\/\/radioljubuski.ba\/#website","url":"https:\/\/radioljubuski.ba\/","name":"Radio Ljubu\u0161ki","description":"Sun\u010dana frekvencija Hercegovine","publisher":{"@id":"https:\/\/radioljubuski.ba\/#organization"},"potentialAction":[{"@type":"SearchAction","target":{"@type":"EntryPoint","urlTemplate":"https:\/\/radioljubuski.ba\/?s={search_term_string}"},"query-input":{"@type":"PropertyValueSpecification","valueRequired":true,"valueName":"search_term_string"}}],"inLanguage":"hr"},{"@type":"Organization","@id":"https:\/\/radioljubuski.ba\/#organization","name":"Radio Ljubu\u0161ki","url":"https:\/\/radioljubuski.ba\/","logo":{"@type":"ImageObject","inLanguage":"hr","@id":"https:\/\/radioljubuski.ba\/#\/schema\/logo\/image\/","url":"https:\/\/radioljubuski.ba\/wp-content\/uploads\/2021\/02\/cropped-Radio_Ljubuski_logo1.jpg","contentUrl":"https:\/\/radioljubuski.ba\/wp-content\/uploads\/2021\/02\/cropped-Radio_Ljubuski_logo1.jpg","width":512,"height":512,"caption":"Radio Ljubu\u0161ki"},"image":{"@id":"https:\/\/radioljubuski.ba\/#\/schema\/logo\/image\/"},"sameAs":["https:\/\/www.facebook.com\/Radiio-Ljubuski-1490835324566332","https:\/\/x.com\/radioljubuski","https:\/\/hr.linkedin.com\/company\/radio-ljubuski","https:\/\/www.youtube.com\/channel\/UCHYaeO_n0Db3tjNGudGpXyw"]},{"@type":"Person","@id":"https:\/\/radioljubuski.ba\/#\/schema\/person\/19fc700381a780f69665d7956c469e3b","name":"Radio Ljubu\u0161ki"}]}},"_links":{"self":[{"href":"https:\/\/radioljubuski.ba\/index.php\/wp-json\/wp\/v2\/posts\/118250","targetHints":{"allow":["GET"]}}],"collection":[{"href":"https:\/\/radioljubuski.ba\/index.php\/wp-json\/wp\/v2\/posts"}],"about":[{"href":"https:\/\/radioljubuski.ba\/index.php\/wp-json\/wp\/v2\/types\/post"}],"author":[{"embeddable":true,"href":"https:\/\/radioljubuski.ba\/index.php\/wp-json\/wp\/v2\/users\/2"}],"replies":[{"embeddable":true,"href":"https:\/\/radioljubuski.ba\/index.php\/wp-json\/wp\/v2\/comments?post=118250"}],"version-history":[{"count":1,"href":"https:\/\/radioljubuski.ba\/index.php\/wp-json\/wp\/v2\/posts\/118250\/revisions"}],"predecessor-version":[{"id":118252,"href":"https:\/\/radioljubuski.ba\/index.php\/wp-json\/wp\/v2\/posts\/118250\/revisions\/118252"}],"wp:featuredmedia":[{"embeddable":true,"href":"https:\/\/radioljubuski.ba\/index.php\/wp-json\/wp\/v2\/media\/118251"}],"wp:attachment":[{"href":"https:\/\/radioljubuski.ba\/index.php\/wp-json\/wp\/v2\/media?parent=118250"}],"wp:term":[{"taxonomy":"category","embeddable":true,"href":"https:\/\/radioljubuski.ba\/index.php\/wp-json\/wp\/v2\/categories?post=118250"},{"taxonomy":"post_tag","embeddable":true,"href":"https:\/\/radioljubuski.ba\/index.php\/wp-json\/wp\/v2\/tags?post=118250"}],"curies":[{"name":"wp","href":"https:\/\/api.w.org\/{rel}","templated":true}]}}