{"id":118262,"date":"2022-03-05T13:54:04","date_gmt":"2022-03-05T12:54:04","guid":{"rendered":"https:\/\/radioljubuski.ba\/?p=118262"},"modified":"2022-03-05T13:54:05","modified_gmt":"2022-03-05T12:54:05","slug":"greska-na-aplikaciji-cijene-goriva-ipak-nepromijenjene","status":"publish","type":"post","link":"https:\/\/radioljubuski.ba\/index.php\/2022\/03\/05\/greska-na-aplikaciji-cijene-goriva-ipak-nepromijenjene\/","title":{"rendered":"Gre\u0161ka na aplikaciji: Cijene goriva ipak nepromijenjene"},"content":{"rendered":"\n<p>Jutros je prema podatcima aplikacije za provjeru cijena goriva stajalo da su cijene narasle iznad 3 KM.<\/p>\n\n\n\n<figure class=\"wp-block-image\"><img decoding=\"async\" src=\"https:\/\/storage.pogled.ba\/images\/7494\/6431\/223336\/original\/2-2022-03-05-09-22-18-274989413_484383986525647_2421018717422699451_n.jpg\" alt=\"2-2022-03-05-09-22-18-274989413_484383986525647_2421018717422699451_n.jpg\"\/><\/figure>\n\n\n\n<p>Naime prema svemu sude\u0107i, do\u0161lo je do pogre\u0161nih informacija na samoj aplikaciji.<\/p>\n\n\n\n<p>Iz nekoliko benzinskih crpki za na\u0161 portal su potvrdili da se cijene nisu mijenjale te da gorivo iznosi oko 2,76 KM.<\/p>\n\n\n\n<p>Izvor:pogled.ba<\/p>\n","protected":false},"excerpt":{"rendered":"<p>Jutros je prema podatcima aplikacije za provjeru cijena goriva stajalo da su cijene narasle iznad 3 KM. Naime prema svemu sude\u0107i, do\u0161lo je do pogre\u0161nih informacija na samoj aplikaciji. Iz nekoliko benzinskih crpki za na\u0161 portal su potvrdili da se cijene nisu mijenjale te da gorivo iznosi oko 2,76 KM. Izvor:pogled.ba<\/p>\n","protected":false},"author":2,"featured_media":0,"comment_status":"closed","ping_status":"closed","sticky":false,"template":"","format":"standard","meta":{"h5ap_radio_sources":[],"footnotes":""},"categories":[1],"tags":[],"class_list":["post-118262","post","type-post","status-publish","format-standard","hentry","category-bihiregija"],"yoast_head":"<!-- This site is optimized with the Yoast SEO plugin v27.5 - https:\/\/yoast.com\/product\/yoast-seo-wordpress\/ -->\n<title>Gre\u0161ka na aplikaciji: Cijene goriva ipak nepromijenjene - RADIO LJUBU\u0160KI<\/title>\n<meta name=\"robots\" content=\"index, follow, max-snippet:-1, max-image-preview:large, max-video-preview:-1\" \/>\n<link rel=\"canonical\" href=\"https:\/\/radioljubuski.ba\/index.php\/2022\/03\/05\/greska-na-aplikaciji-cijene-goriva-ipak-nepromijenjene\/\" \/>\n<meta property=\"og:locale\" content=\"hr_HR\" \/>\n<meta property=\"og:type\" content=\"article\" \/>\n<meta property=\"og:title\" content=\"Gre\u0161ka na aplikaciji: Cijene goriva ipak nepromijenjene - RADIO LJUBU\u0160KI\" \/>\n<meta property=\"og:description\" content=\"Jutros je prema podatcima aplikacije za provjeru cijena goriva stajalo da su cijene narasle iznad 3 KM. Naime prema svemu sude\u0107i, do\u0161lo je do pogre\u0161nih informacija na samoj aplikaciji. Iz nekoliko benzinskih crpki za na\u0161 portal su potvrdili da se cijene nisu mijenjale te da gorivo iznosi oko 2,76 KM. Izvor:pogled.ba\" \/>\n<meta property=\"og:url\" content=\"https:\/\/radioljubuski.ba\/index.php\/2022\/03\/05\/greska-na-aplikaciji-cijene-goriva-ipak-nepromijenjene\/\" \/>\n<meta property=\"og:site_name\" content=\"RADIO LJUBU\u0160KI\" \/>\n<meta property=\"article:publisher\" content=\"https:\/\/www.facebook.com\/Radiio-Ljubuski-1490835324566332\" \/>\n<meta property=\"article:published_time\" content=\"2022-03-05T12:54:04+00:00\" \/>\n<meta property=\"article:modified_time\" content=\"2022-03-05T12:54:05+00:00\" \/>\n<meta property=\"og:image\" content=\"https:\/\/radioljubuski.ba\/wp-content\/uploads\/2021\/05\/MZhj3O5L_gorivo.jpg\" \/>\n\t<meta property=\"og:image:width\" content=\"1000\" \/>\n\t<meta property=\"og:image:height\" content=\"625\" \/>\n\t<meta property=\"og:image:type\" content=\"image\/jpeg\" \/>\n<meta name=\"author\" content=\"Radio Ljubu\u0161ki\" \/>\n<meta name=\"twitter:card\" content=\"summary_large_image\" \/>\n<meta name=\"twitter:creator\" content=\"@radioljubuski\" \/>\n<meta name=\"twitter:site\" content=\"@radioljubuski\" \/>\n<meta name=\"twitter:label1\" content=\"Napisao\/la\" \/>\n\t<meta name=\"twitter:data1\" content=\"Radio Ljubu\u0161ki\" \/>\n\t<meta name=\"twitter:label2\" content=\"Procijenjeno vrijeme \u010ditanja\" \/>\n\t<meta name=\"twitter:data2\" content=\"1 minuta\" \/>\n<script type=\"application\/ld+json\" class=\"yoast-schema-graph\">{\"@context\":\"https:\\\/\\\/schema.org\",\"@graph\":[{\"@type\":\"Article\",\"@id\":\"https:\\\/\\\/radioljubuski.ba\\\/index.php\\\/2022\\\/03\\\/05\\\/greska-na-aplikaciji-cijene-goriva-ipak-nepromijenjene\\\/#article\",\"isPartOf\":{\"@id\":\"https:\\\/\\\/radioljubuski.ba\\\/index.php\\\/2022\\\/03\\\/05\\\/greska-na-aplikaciji-cijene-goriva-ipak-nepromijenjene\\\/\"},\"author\":{\"name\":\"Radio Ljubu\u0161ki\",\"@id\":\"https:\\\/\\\/radioljubuski.ba\\\/#\\\/schema\\\/person\\\/19fc700381a780f69665d7956c469e3b\"},\"headline\":\"Gre\u0161ka na aplikaciji: Cijene goriva ipak nepromijenjene\",\"datePublished\":\"2022-03-05T12:54:04+00:00\",\"dateModified\":\"2022-03-05T12:54:05+00:00\",\"mainEntityOfPage\":{\"@id\":\"https:\\\/\\\/radioljubuski.ba\\\/index.php\\\/2022\\\/03\\\/05\\\/greska-na-aplikaciji-cijene-goriva-ipak-nepromijenjene\\\/\"},\"wordCount\":62,\"publisher\":{\"@id\":\"https:\\\/\\\/radioljubuski.ba\\\/#organization\"},\"image\":{\"@id\":\"https:\\\/\\\/radioljubuski.ba\\\/index.php\\\/2022\\\/03\\\/05\\\/greska-na-aplikaciji-cijene-goriva-ipak-nepromijenjene\\\/#primaryimage\"},\"thumbnailUrl\":\"https:\\\/\\\/storage.pogled.ba\\\/images\\\/7494\\\/6431\\\/223336\\\/original\\\/2-2022-03-05-09-22-18-274989413_484383986525647_2421018717422699451_n.jpg\",\"articleSection\":[\"BIH i regija\"],\"inLanguage\":\"hr\"},{\"@type\":\"WebPage\",\"@id\":\"https:\\\/\\\/radioljubuski.ba\\\/index.php\\\/2022\\\/03\\\/05\\\/greska-na-aplikaciji-cijene-goriva-ipak-nepromijenjene\\\/\",\"url\":\"https:\\\/\\\/radioljubuski.ba\\\/index.php\\\/2022\\\/03\\\/05\\\/greska-na-aplikaciji-cijene-goriva-ipak-nepromijenjene\\\/\",\"name\":\"Gre\u0161ka na aplikaciji: Cijene goriva ipak nepromijenjene - RADIO LJUBU\u0160KI\",\"isPartOf\":{\"@id\":\"https:\\\/\\\/radioljubuski.ba\\\/#website\"},\"primaryImageOfPage\":{\"@id\":\"https:\\\/\\\/radioljubuski.ba\\\/index.php\\\/2022\\\/03\\\/05\\\/greska-na-aplikaciji-cijene-goriva-ipak-nepromijenjene\\\/#primaryimage\"},\"image\":{\"@id\":\"https:\\\/\\\/radioljubuski.ba\\\/index.php\\\/2022\\\/03\\\/05\\\/greska-na-aplikaciji-cijene-goriva-ipak-nepromijenjene\\\/#primaryimage\"},\"thumbnailUrl\":\"https:\\\/\\\/storage.pogled.ba\\\/images\\\/7494\\\/6431\\\/223336\\\/original\\\/2-2022-03-05-09-22-18-274989413_484383986525647_2421018717422699451_n.jpg\",\"datePublished\":\"2022-03-05T12:54:04+00:00\",\"dateModified\":\"2022-03-05T12:54:05+00:00\",\"breadcrumb\":{\"@id\":\"https:\\\/\\\/radioljubuski.ba\\\/index.php\\\/2022\\\/03\\\/05\\\/greska-na-aplikaciji-cijene-goriva-ipak-nepromijenjene\\\/#breadcrumb\"},\"inLanguage\":\"hr\",\"potentialAction\":[{\"@type\":\"ReadAction\",\"target\":[\"https:\\\/\\\/radioljubuski.ba\\\/index.php\\\/2022\\\/03\\\/05\\\/greska-na-aplikaciji-cijene-goriva-ipak-nepromijenjene\\\/\"]}]},{\"@type\":\"ImageObject\",\"inLanguage\":\"hr\",\"@id\":\"https:\\\/\\\/radioljubuski.ba\\\/index.php\\\/2022\\\/03\\\/05\\\/greska-na-aplikaciji-cijene-goriva-ipak-nepromijenjene\\\/#primaryimage\",\"url\":\"https:\\\/\\\/storage.pogled.ba\\\/images\\\/7494\\\/6431\\\/223336\\\/original\\\/2-2022-03-05-09-22-18-274989413_484383986525647_2421018717422699451_n.jpg\",\"contentUrl\":\"https:\\\/\\\/storage.pogled.ba\\\/images\\\/7494\\\/6431\\\/223336\\\/original\\\/2-2022-03-05-09-22-18-274989413_484383986525647_2421018717422699451_n.jpg\"},{\"@type\":\"BreadcrumbList\",\"@id\":\"https:\\\/\\\/radioljubuski.ba\\\/index.php\\\/2022\\\/03\\\/05\\\/greska-na-aplikaciji-cijene-goriva-ipak-nepromijenjene\\\/#breadcrumb\",\"itemListElement\":[{\"@type\":\"ListItem\",\"position\":1,\"name\":\"Po\u010detna stranica\",\"item\":\"https:\\\/\\\/radioljubuski.ba\\\/\"},{\"@type\":\"ListItem\",\"position\":2,\"name\":\"Gre\u0161ka na aplikaciji: Cijene goriva ipak nepromijenjene\"}]},{\"@type\":\"WebSite\",\"@id\":\"https:\\\/\\\/radioljubuski.ba\\\/#website\",\"url\":\"https:\\\/\\\/radioljubuski.ba\\\/\",\"name\":\"Radio Ljubu\u0161ki\",\"description\":\"Sun\u010dana frekvencija Hercegovine\",\"publisher\":{\"@id\":\"https:\\\/\\\/radioljubuski.ba\\\/#organization\"},\"potentialAction\":[{\"@type\":\"SearchAction\",\"target\":{\"@type\":\"EntryPoint\",\"urlTemplate\":\"https:\\\/\\\/radioljubuski.ba\\\/?s={search_term_string}\"},\"query-input\":{\"@type\":\"PropertyValueSpecification\",\"valueRequired\":true,\"valueName\":\"search_term_string\"}}],\"inLanguage\":\"hr\"},{\"@type\":\"Organization\",\"@id\":\"https:\\\/\\\/radioljubuski.ba\\\/#organization\",\"name\":\"Radio Ljubu\u0161ki\",\"url\":\"https:\\\/\\\/radioljubuski.ba\\\/\",\"logo\":{\"@type\":\"ImageObject\",\"inLanguage\":\"hr\",\"@id\":\"https:\\\/\\\/radioljubuski.ba\\\/#\\\/schema\\\/logo\\\/image\\\/\",\"url\":\"https:\\\/\\\/radioljubuski.ba\\\/wp-content\\\/uploads\\\/2021\\\/02\\\/cropped-Radio_Ljubuski_logo1.jpg\",\"contentUrl\":\"https:\\\/\\\/radioljubuski.ba\\\/wp-content\\\/uploads\\\/2021\\\/02\\\/cropped-Radio_Ljubuski_logo1.jpg\",\"width\":512,\"height\":512,\"caption\":\"Radio Ljubu\u0161ki\"},\"image\":{\"@id\":\"https:\\\/\\\/radioljubuski.ba\\\/#\\\/schema\\\/logo\\\/image\\\/\"},\"sameAs\":[\"https:\\\/\\\/www.facebook.com\\\/Radiio-Ljubuski-1490835324566332\",\"https:\\\/\\\/x.com\\\/radioljubuski\",\"https:\\\/\\\/hr.linkedin.com\\\/company\\\/radio-ljubuski\",\"https:\\\/\\\/www.youtube.com\\\/channel\\\/UCHYaeO_n0Db3tjNGudGpXyw\"]},{\"@type\":\"Person\",\"@id\":\"https:\\\/\\\/radioljubuski.ba\\\/#\\\/schema\\\/person\\\/19fc700381a780f69665d7956c469e3b\",\"name\":\"Radio Ljubu\u0161ki\"}]}<\/script>\n<!-- \/ Yoast SEO plugin. -->","yoast_head_json":{"title":"Gre\u0161ka na aplikaciji: Cijene goriva ipak nepromijenjene - RADIO LJUBU\u0160KI","robots":{"index":"index","follow":"follow","max-snippet":"max-snippet:-1","max-image-preview":"max-image-preview:large","max-video-preview":"max-video-preview:-1"},"canonical":"https:\/\/radioljubuski.ba\/index.php\/2022\/03\/05\/greska-na-aplikaciji-cijene-goriva-ipak-nepromijenjene\/","og_locale":"hr_HR","og_type":"article","og_title":"Gre\u0161ka na aplikaciji: Cijene goriva ipak nepromijenjene - RADIO LJUBU\u0160KI","og_description":"Jutros je prema podatcima aplikacije za provjeru cijena goriva stajalo da su cijene narasle iznad 3 KM. Naime prema svemu sude\u0107i, do\u0161lo je do pogre\u0161nih informacija na samoj aplikaciji. Iz nekoliko benzinskih crpki za na\u0161 portal su potvrdili da se cijene nisu mijenjale te da gorivo iznosi oko 2,76 KM. Izvor:pogled.ba","og_url":"https:\/\/radioljubuski.ba\/index.php\/2022\/03\/05\/greska-na-aplikaciji-cijene-goriva-ipak-nepromijenjene\/","og_site_name":"RADIO LJUBU\u0160KI","article_publisher":"https:\/\/www.facebook.com\/Radiio-Ljubuski-1490835324566332","article_published_time":"2022-03-05T12:54:04+00:00","article_modified_time":"2022-03-05T12:54:05+00:00","og_image":[{"width":1000,"height":625,"url":"https:\/\/radioljubuski.ba\/wp-content\/uploads\/2021\/05\/MZhj3O5L_gorivo.jpg","type":"image\/jpeg"}],"author":"Radio Ljubu\u0161ki","twitter_card":"summary_large_image","twitter_creator":"@radioljubuski","twitter_site":"@radioljubuski","twitter_misc":{"Napisao\/la":"Radio Ljubu\u0161ki","Procijenjeno vrijeme \u010ditanja":"1 minuta"},"schema":{"@context":"https:\/\/schema.org","@graph":[{"@type":"Article","@id":"https:\/\/radioljubuski.ba\/index.php\/2022\/03\/05\/greska-na-aplikaciji-cijene-goriva-ipak-nepromijenjene\/#article","isPartOf":{"@id":"https:\/\/radioljubuski.ba\/index.php\/2022\/03\/05\/greska-na-aplikaciji-cijene-goriva-ipak-nepromijenjene\/"},"author":{"name":"Radio Ljubu\u0161ki","@id":"https:\/\/radioljubuski.ba\/#\/schema\/person\/19fc700381a780f69665d7956c469e3b"},"headline":"Gre\u0161ka na aplikaciji: Cijene goriva ipak nepromijenjene","datePublished":"2022-03-05T12:54:04+00:00","dateModified":"2022-03-05T12:54:05+00:00","mainEntityOfPage":{"@id":"https:\/\/radioljubuski.ba\/index.php\/2022\/03\/05\/greska-na-aplikaciji-cijene-goriva-ipak-nepromijenjene\/"},"wordCount":62,"publisher":{"@id":"https:\/\/radioljubuski.ba\/#organization"},"image":{"@id":"https:\/\/radioljubuski.ba\/index.php\/2022\/03\/05\/greska-na-aplikaciji-cijene-goriva-ipak-nepromijenjene\/#primaryimage"},"thumbnailUrl":"https:\/\/storage.pogled.ba\/images\/7494\/6431\/223336\/original\/2-2022-03-05-09-22-18-274989413_484383986525647_2421018717422699451_n.jpg","articleSection":["BIH i regija"],"inLanguage":"hr"},{"@type":"WebPage","@id":"https:\/\/radioljubuski.ba\/index.php\/2022\/03\/05\/greska-na-aplikaciji-cijene-goriva-ipak-nepromijenjene\/","url":"https:\/\/radioljubuski.ba\/index.php\/2022\/03\/05\/greska-na-aplikaciji-cijene-goriva-ipak-nepromijenjene\/","name":"Gre\u0161ka na aplikaciji: Cijene goriva ipak nepromijenjene - RADIO LJUBU\u0160KI","isPartOf":{"@id":"https:\/\/radioljubuski.ba\/#website"},"primaryImageOfPage":{"@id":"https:\/\/radioljubuski.ba\/index.php\/2022\/03\/05\/greska-na-aplikaciji-cijene-goriva-ipak-nepromijenjene\/#primaryimage"},"image":{"@id":"https:\/\/radioljubuski.ba\/index.php\/2022\/03\/05\/greska-na-aplikaciji-cijene-goriva-ipak-nepromijenjene\/#primaryimage"},"thumbnailUrl":"https:\/\/storage.pogled.ba\/images\/7494\/6431\/223336\/original\/2-2022-03-05-09-22-18-274989413_484383986525647_2421018717422699451_n.jpg","datePublished":"2022-03-05T12:54:04+00:00","dateModified":"2022-03-05T12:54:05+00:00","breadcrumb":{"@id":"https:\/\/radioljubuski.ba\/index.php\/2022\/03\/05\/greska-na-aplikaciji-cijene-goriva-ipak-nepromijenjene\/#breadcrumb"},"inLanguage":"hr","potentialAction":[{"@type":"ReadAction","target":["https:\/\/radioljubuski.ba\/index.php\/2022\/03\/05\/greska-na-aplikaciji-cijene-goriva-ipak-nepromijenjene\/"]}]},{"@type":"ImageObject","inLanguage":"hr","@id":"https:\/\/radioljubuski.ba\/index.php\/2022\/03\/05\/greska-na-aplikaciji-cijene-goriva-ipak-nepromijenjene\/#primaryimage","url":"https:\/\/storage.pogled.ba\/images\/7494\/6431\/223336\/original\/2-2022-03-05-09-22-18-274989413_484383986525647_2421018717422699451_n.jpg","contentUrl":"https:\/\/storage.pogled.ba\/images\/7494\/6431\/223336\/original\/2-2022-03-05-09-22-18-274989413_484383986525647_2421018717422699451_n.jpg"},{"@type":"BreadcrumbList","@id":"https:\/\/radioljubuski.ba\/index.php\/2022\/03\/05\/greska-na-aplikaciji-cijene-goriva-ipak-nepromijenjene\/#breadcrumb","itemListElement":[{"@type":"ListItem","position":1,"name":"Po\u010detna stranica","item":"https:\/\/radioljubuski.ba\/"},{"@type":"ListItem","position":2,"name":"Gre\u0161ka na aplikaciji: Cijene goriva ipak nepromijenjene"}]},{"@type":"WebSite","@id":"https:\/\/radioljubuski.ba\/#website","url":"https:\/\/radioljubuski.ba\/","name":"Radio Ljubu\u0161ki","description":"Sun\u010dana frekvencija Hercegovine","publisher":{"@id":"https:\/\/radioljubuski.ba\/#organization"},"potentialAction":[{"@type":"SearchAction","target":{"@type":"EntryPoint","urlTemplate":"https:\/\/radioljubuski.ba\/?s={search_term_string}"},"query-input":{"@type":"PropertyValueSpecification","valueRequired":true,"valueName":"search_term_string"}}],"inLanguage":"hr"},{"@type":"Organization","@id":"https:\/\/radioljubuski.ba\/#organization","name":"Radio Ljubu\u0161ki","url":"https:\/\/radioljubuski.ba\/","logo":{"@type":"ImageObject","inLanguage":"hr","@id":"https:\/\/radioljubuski.ba\/#\/schema\/logo\/image\/","url":"https:\/\/radioljubuski.ba\/wp-content\/uploads\/2021\/02\/cropped-Radio_Ljubuski_logo1.jpg","contentUrl":"https:\/\/radioljubuski.ba\/wp-content\/uploads\/2021\/02\/cropped-Radio_Ljubuski_logo1.jpg","width":512,"height":512,"caption":"Radio Ljubu\u0161ki"},"image":{"@id":"https:\/\/radioljubuski.ba\/#\/schema\/logo\/image\/"},"sameAs":["https:\/\/www.facebook.com\/Radiio-Ljubuski-1490835324566332","https:\/\/x.com\/radioljubuski","https:\/\/hr.linkedin.com\/company\/radio-ljubuski","https:\/\/www.youtube.com\/channel\/UCHYaeO_n0Db3tjNGudGpXyw"]},{"@type":"Person","@id":"https:\/\/radioljubuski.ba\/#\/schema\/person\/19fc700381a780f69665d7956c469e3b","name":"Radio Ljubu\u0161ki"}]}},"_links":{"self":[{"href":"https:\/\/radioljubuski.ba\/index.php\/wp-json\/wp\/v2\/posts\/118262","targetHints":{"allow":["GET"]}}],"collection":[{"href":"https:\/\/radioljubuski.ba\/index.php\/wp-json\/wp\/v2\/posts"}],"about":[{"href":"https:\/\/radioljubuski.ba\/index.php\/wp-json\/wp\/v2\/types\/post"}],"author":[{"embeddable":true,"href":"https:\/\/radioljubuski.ba\/index.php\/wp-json\/wp\/v2\/users\/2"}],"replies":[{"embeddable":true,"href":"https:\/\/radioljubuski.ba\/index.php\/wp-json\/wp\/v2\/comments?post=118262"}],"version-history":[{"count":1,"href":"https:\/\/radioljubuski.ba\/index.php\/wp-json\/wp\/v2\/posts\/118262\/revisions"}],"predecessor-version":[{"id":118263,"href":"https:\/\/radioljubuski.ba\/index.php\/wp-json\/wp\/v2\/posts\/118262\/revisions\/118263"}],"wp:attachment":[{"href":"https:\/\/radioljubuski.ba\/index.php\/wp-json\/wp\/v2\/media?parent=118262"}],"wp:term":[{"taxonomy":"category","embeddable":true,"href":"https:\/\/radioljubuski.ba\/index.php\/wp-json\/wp\/v2\/categories?post=118262"},{"taxonomy":"post_tag","embeddable":true,"href":"https:\/\/radioljubuski.ba\/index.php\/wp-json\/wp\/v2\/tags?post=118262"}],"curies":[{"name":"wp","href":"https:\/\/api.w.org\/{rel}","templated":true}]}}