{"id":118275,"date":"2022-03-05T14:00:36","date_gmt":"2022-03-05T13:00:36","guid":{"rendered":"https:\/\/radioljubuski.ba\/?p=118275"},"modified":"2022-03-05T14:00:37","modified_gmt":"2022-03-05T13:00:37","slug":"vise-od-66-200-ukrajinaca-vratilo-se-iz-inozemstva-braniti-zemlju","status":"publish","type":"post","link":"https:\/\/radioljubuski.ba\/index.php\/2022\/03\/05\/vise-od-66-200-ukrajinaca-vratilo-se-iz-inozemstva-braniti-zemlju\/","title":{"rendered":"Vi\u0161e od 66.200 Ukrajinaca vratilo se iz inozemstva braniti zemlju"},"content":{"rendered":"\n<p>Ukrajinski ministar obrane Oleksij Reznikov rekao je u subotu da su se 66.224 Ukrajinca vratila iz inozemstva da se priklju\u010de borbi protiv ruske invazije koja je sada usredoto\u010dena na potpuno opkoljavanje prijestolnice Kijeva te drugog najve\u0107eg grada Harkiva. &nbsp;<\/p>\n\n\n\n<p>&#8220;Toliko se ljudi vratilo iz inozemstva u ovom trenutku da brani svoju zemlju od horde. To je jo\u0161 12 borbenih i motiviranih brigada! Ukrajinci, nepobjedivi smo!&#8221;, poru\u010dio je Reznikov u online poruci.<\/p>\n\n\n\n<p>Moskovska ofenziva ulazi u&nbsp;deseti dan uz zra\u010dnu potporu i rusku upotrebu visokopreciznog oru\u017eja, rekle su ukrajinske snage u izvje\u0161\u0107u objavljenom u subotu ujutro, prenosi dpa.<\/p>\n\n\n\n<p>Rusija nastavlja&nbsp; napore da potpuno opkoli ukrajinski grad Kijev te isto\u010dni Harkiv, drugi najve\u0107i u zemlji, navele su ukrajinske oru\u017eane snage.&nbsp;<\/p>\n\n\n\n<p>Ruski vojnici i dalje poku\u0161avaju do\u0107i do administrativnih granica regija Lugansk&nbsp;i Doneck&nbsp;kako bi uspostavili kopneni koridor iz anektiranog Krima do separatisti\u010dkih podru\u010dja.<\/p>\n\n\n\n<p>Obrana u Kijevu nastavlja odbijati &#8220;neprijateljsku ofenzivu&#8221; i nanositi gubitke napada\u010dkim snagama, prema izvje\u0161\u0107u.<\/p>\n\n\n\n<p>Ruske snage i dalje nastavljaju identificirati slabosti obrane ju\u017enoga lu\u010dkog grada Mariupolja, re\u010deno je.<\/p>\n\n\n\n<p>O\u010dekuje se da \u0107e tre\u0107i krug pregovora izme\u0111u Ukrajine i Rusije u Bjelorusiji biti ovaj vikend.<\/p>\n\n\n\n<p>Savjetnik ukrajinskog predsjednika Mihajlo Podoljak rekao je da, premda su zadnji pregovori bili iznena\u0111uju\u0107e konstruktivni, Ukrajina ne\u0107e ispuniti te\u0161ke zahtjeve Rusije.<\/p>\n\n\n\n<p>Predsjednik Volodimir Zelenskij ne\u0107e &#8220;napraviti ustupke&nbsp; koji bi na bilo koji na\u010din degradirali na\u0161u borbu koja se danas vodi u Ukrajini za teritorijalni integritet i slobodu&#8221;, istaknuo je.<\/p>\n\n\n\n<p>&nbsp;U me\u0111uvremenu u Ukrajinu susjedne zemlje i druge zemlje Europske unije stalno sti\u017eu izbjeglice tra\u017ee\u0107i sigurnost od rata.<\/p>\n\n\n\n<p>Prema procjenama UNHCR-A do petka je od rata pobjeglo vi\u0161e od 1, 25 milijuna ljudi.<\/p>\n\n\n\n<p>Izvor:pogled.ba<\/p>\n","protected":false},"excerpt":{"rendered":"<p>Ukrajinski ministar obrane Oleksij Reznikov rekao je u subotu da su se 66.224 Ukrajinca vratila iz inozemstva da se priklju\u010de borbi protiv ruske invazije koja je sada usredoto\u010dena na potpuno opkoljavanje prijestolnice Kijeva te drugog najve\u0107eg grada Harkiva. &nbsp; &#8220;Toliko se ljudi vratilo iz inozemstva u ovom trenutku da brani svoju zemlju od horde. To [&hellip;]<\/p>\n","protected":false},"author":2,"featured_media":0,"comment_status":"closed","ping_status":"closed","sticky":false,"template":"","format":"standard","meta":{"h5ap_radio_sources":[],"footnotes":""},"categories":[1],"tags":[],"class_list":["post-118275","post","type-post","status-publish","format-standard","hentry","category-bihiregija"],"yoast_head":"<!-- This site is optimized with the Yoast SEO plugin v27.5 - https:\/\/yoast.com\/product\/yoast-seo-wordpress\/ -->\n<title>Vi\u0161e od 66.200 Ukrajinaca vratilo se iz inozemstva braniti zemlju - RADIO LJUBU\u0160KI<\/title>\n<meta name=\"robots\" content=\"index, follow, max-snippet:-1, max-image-preview:large, max-video-preview:-1\" \/>\n<link rel=\"canonical\" href=\"https:\/\/radioljubuski.ba\/index.php\/2022\/03\/05\/vise-od-66-200-ukrajinaca-vratilo-se-iz-inozemstva-braniti-zemlju\/\" \/>\n<meta property=\"og:locale\" content=\"hr_HR\" \/>\n<meta property=\"og:type\" content=\"article\" \/>\n<meta property=\"og:title\" content=\"Vi\u0161e od 66.200 Ukrajinaca vratilo se iz inozemstva braniti zemlju - RADIO LJUBU\u0160KI\" \/>\n<meta property=\"og:description\" content=\"Ukrajinski ministar obrane Oleksij Reznikov rekao je u subotu da su se 66.224 Ukrajinca vratila iz inozemstva da se priklju\u010de borbi protiv ruske invazije koja je sada usredoto\u010dena na potpuno opkoljavanje prijestolnice Kijeva te drugog najve\u0107eg grada Harkiva. &nbsp; &#8220;Toliko se ljudi vratilo iz inozemstva u ovom trenutku da brani svoju zemlju od horde. To [&hellip;]\" \/>\n<meta property=\"og:url\" content=\"https:\/\/radioljubuski.ba\/index.php\/2022\/03\/05\/vise-od-66-200-ukrajinaca-vratilo-se-iz-inozemstva-braniti-zemlju\/\" \/>\n<meta property=\"og:site_name\" content=\"RADIO LJUBU\u0160KI\" \/>\n<meta property=\"article:publisher\" content=\"https:\/\/www.facebook.com\/Radiio-Ljubuski-1490835324566332\" \/>\n<meta property=\"article:published_time\" content=\"2022-03-05T13:00:36+00:00\" \/>\n<meta property=\"article:modified_time\" content=\"2022-03-05T13:00:37+00:00\" \/>\n<meta property=\"og:image\" content=\"https:\/\/radioljubuski.ba\/wp-content\/uploads\/2022\/03\/7-2022-03-03-18-41-22-8-2022-03-01-10-52-06-TENKOVI-RUSIJA-UKRAJINA-2.jpeg\" \/>\n\t<meta property=\"og:image:width\" content=\"1000\" \/>\n\t<meta property=\"og:image:height\" content=\"625\" \/>\n\t<meta property=\"og:image:type\" content=\"image\/jpeg\" \/>\n<meta name=\"author\" content=\"Radio Ljubu\u0161ki\" \/>\n<meta name=\"twitter:card\" content=\"summary_large_image\" \/>\n<meta name=\"twitter:creator\" content=\"@radioljubuski\" \/>\n<meta name=\"twitter:site\" content=\"@radioljubuski\" \/>\n<meta name=\"twitter:label1\" content=\"Napisao\/la\" \/>\n\t<meta name=\"twitter:data1\" content=\"Radio Ljubu\u0161ki\" \/>\n\t<meta name=\"twitter:label2\" content=\"Procijenjeno vrijeme \u010ditanja\" \/>\n\t<meta name=\"twitter:data2\" content=\"2 minute\" \/>\n<script type=\"application\/ld+json\" class=\"yoast-schema-graph\">{\"@context\":\"https:\\\/\\\/schema.org\",\"@graph\":[{\"@type\":\"Article\",\"@id\":\"https:\\\/\\\/radioljubuski.ba\\\/index.php\\\/2022\\\/03\\\/05\\\/vise-od-66-200-ukrajinaca-vratilo-se-iz-inozemstva-braniti-zemlju\\\/#article\",\"isPartOf\":{\"@id\":\"https:\\\/\\\/radioljubuski.ba\\\/index.php\\\/2022\\\/03\\\/05\\\/vise-od-66-200-ukrajinaca-vratilo-se-iz-inozemstva-braniti-zemlju\\\/\"},\"author\":{\"name\":\"Radio Ljubu\u0161ki\",\"@id\":\"https:\\\/\\\/radioljubuski.ba\\\/#\\\/schema\\\/person\\\/19fc700381a780f69665d7956c469e3b\"},\"headline\":\"Vi\u0161e od 66.200 Ukrajinaca vratilo se iz inozemstva braniti zemlju\",\"datePublished\":\"2022-03-05T13:00:36+00:00\",\"dateModified\":\"2022-03-05T13:00:37+00:00\",\"mainEntityOfPage\":{\"@id\":\"https:\\\/\\\/radioljubuski.ba\\\/index.php\\\/2022\\\/03\\\/05\\\/vise-od-66-200-ukrajinaca-vratilo-se-iz-inozemstva-braniti-zemlju\\\/\"},\"wordCount\":318,\"publisher\":{\"@id\":\"https:\\\/\\\/radioljubuski.ba\\\/#organization\"},\"articleSection\":[\"BIH i regija\"],\"inLanguage\":\"hr\"},{\"@type\":\"WebPage\",\"@id\":\"https:\\\/\\\/radioljubuski.ba\\\/index.php\\\/2022\\\/03\\\/05\\\/vise-od-66-200-ukrajinaca-vratilo-se-iz-inozemstva-braniti-zemlju\\\/\",\"url\":\"https:\\\/\\\/radioljubuski.ba\\\/index.php\\\/2022\\\/03\\\/05\\\/vise-od-66-200-ukrajinaca-vratilo-se-iz-inozemstva-braniti-zemlju\\\/\",\"name\":\"Vi\u0161e od 66.200 Ukrajinaca vratilo se iz inozemstva braniti zemlju - RADIO LJUBU\u0160KI\",\"isPartOf\":{\"@id\":\"https:\\\/\\\/radioljubuski.ba\\\/#website\"},\"datePublished\":\"2022-03-05T13:00:36+00:00\",\"dateModified\":\"2022-03-05T13:00:37+00:00\",\"breadcrumb\":{\"@id\":\"https:\\\/\\\/radioljubuski.ba\\\/index.php\\\/2022\\\/03\\\/05\\\/vise-od-66-200-ukrajinaca-vratilo-se-iz-inozemstva-braniti-zemlju\\\/#breadcrumb\"},\"inLanguage\":\"hr\",\"potentialAction\":[{\"@type\":\"ReadAction\",\"target\":[\"https:\\\/\\\/radioljubuski.ba\\\/index.php\\\/2022\\\/03\\\/05\\\/vise-od-66-200-ukrajinaca-vratilo-se-iz-inozemstva-braniti-zemlju\\\/\"]}]},{\"@type\":\"BreadcrumbList\",\"@id\":\"https:\\\/\\\/radioljubuski.ba\\\/index.php\\\/2022\\\/03\\\/05\\\/vise-od-66-200-ukrajinaca-vratilo-se-iz-inozemstva-braniti-zemlju\\\/#breadcrumb\",\"itemListElement\":[{\"@type\":\"ListItem\",\"position\":1,\"name\":\"Po\u010detna stranica\",\"item\":\"https:\\\/\\\/radioljubuski.ba\\\/\"},{\"@type\":\"ListItem\",\"position\":2,\"name\":\"Vi\u0161e od 66.200 Ukrajinaca vratilo se iz inozemstva braniti zemlju\"}]},{\"@type\":\"WebSite\",\"@id\":\"https:\\\/\\\/radioljubuski.ba\\\/#website\",\"url\":\"https:\\\/\\\/radioljubuski.ba\\\/\",\"name\":\"Radio Ljubu\u0161ki\",\"description\":\"Sun\u010dana frekvencija Hercegovine\",\"publisher\":{\"@id\":\"https:\\\/\\\/radioljubuski.ba\\\/#organization\"},\"potentialAction\":[{\"@type\":\"SearchAction\",\"target\":{\"@type\":\"EntryPoint\",\"urlTemplate\":\"https:\\\/\\\/radioljubuski.ba\\\/?s={search_term_string}\"},\"query-input\":{\"@type\":\"PropertyValueSpecification\",\"valueRequired\":true,\"valueName\":\"search_term_string\"}}],\"inLanguage\":\"hr\"},{\"@type\":\"Organization\",\"@id\":\"https:\\\/\\\/radioljubuski.ba\\\/#organization\",\"name\":\"Radio Ljubu\u0161ki\",\"url\":\"https:\\\/\\\/radioljubuski.ba\\\/\",\"logo\":{\"@type\":\"ImageObject\",\"inLanguage\":\"hr\",\"@id\":\"https:\\\/\\\/radioljubuski.ba\\\/#\\\/schema\\\/logo\\\/image\\\/\",\"url\":\"https:\\\/\\\/radioljubuski.ba\\\/wp-content\\\/uploads\\\/2021\\\/02\\\/cropped-Radio_Ljubuski_logo1.jpg\",\"contentUrl\":\"https:\\\/\\\/radioljubuski.ba\\\/wp-content\\\/uploads\\\/2021\\\/02\\\/cropped-Radio_Ljubuski_logo1.jpg\",\"width\":512,\"height\":512,\"caption\":\"Radio Ljubu\u0161ki\"},\"image\":{\"@id\":\"https:\\\/\\\/radioljubuski.ba\\\/#\\\/schema\\\/logo\\\/image\\\/\"},\"sameAs\":[\"https:\\\/\\\/www.facebook.com\\\/Radiio-Ljubuski-1490835324566332\",\"https:\\\/\\\/x.com\\\/radioljubuski\",\"https:\\\/\\\/hr.linkedin.com\\\/company\\\/radio-ljubuski\",\"https:\\\/\\\/www.youtube.com\\\/channel\\\/UCHYaeO_n0Db3tjNGudGpXyw\"]},{\"@type\":\"Person\",\"@id\":\"https:\\\/\\\/radioljubuski.ba\\\/#\\\/schema\\\/person\\\/19fc700381a780f69665d7956c469e3b\",\"name\":\"Radio Ljubu\u0161ki\"}]}<\/script>\n<!-- \/ Yoast SEO plugin. -->","yoast_head_json":{"title":"Vi\u0161e od 66.200 Ukrajinaca vratilo se iz inozemstva braniti zemlju - RADIO LJUBU\u0160KI","robots":{"index":"index","follow":"follow","max-snippet":"max-snippet:-1","max-image-preview":"max-image-preview:large","max-video-preview":"max-video-preview:-1"},"canonical":"https:\/\/radioljubuski.ba\/index.php\/2022\/03\/05\/vise-od-66-200-ukrajinaca-vratilo-se-iz-inozemstva-braniti-zemlju\/","og_locale":"hr_HR","og_type":"article","og_title":"Vi\u0161e od 66.200 Ukrajinaca vratilo se iz inozemstva braniti zemlju - RADIO LJUBU\u0160KI","og_description":"Ukrajinski ministar obrane Oleksij Reznikov rekao je u subotu da su se 66.224 Ukrajinca vratila iz inozemstva da se priklju\u010de borbi protiv ruske invazije koja je sada usredoto\u010dena na potpuno opkoljavanje prijestolnice Kijeva te drugog najve\u0107eg grada Harkiva. &nbsp; &#8220;Toliko se ljudi vratilo iz inozemstva u ovom trenutku da brani svoju zemlju od horde. To [&hellip;]","og_url":"https:\/\/radioljubuski.ba\/index.php\/2022\/03\/05\/vise-od-66-200-ukrajinaca-vratilo-se-iz-inozemstva-braniti-zemlju\/","og_site_name":"RADIO LJUBU\u0160KI","article_publisher":"https:\/\/www.facebook.com\/Radiio-Ljubuski-1490835324566332","article_published_time":"2022-03-05T13:00:36+00:00","article_modified_time":"2022-03-05T13:00:37+00:00","og_image":[{"width":1000,"height":625,"url":"https:\/\/radioljubuski.ba\/wp-content\/uploads\/2022\/03\/7-2022-03-03-18-41-22-8-2022-03-01-10-52-06-TENKOVI-RUSIJA-UKRAJINA-2.jpeg","type":"image\/jpeg"}],"author":"Radio Ljubu\u0161ki","twitter_card":"summary_large_image","twitter_creator":"@radioljubuski","twitter_site":"@radioljubuski","twitter_misc":{"Napisao\/la":"Radio Ljubu\u0161ki","Procijenjeno vrijeme \u010ditanja":"2 minute"},"schema":{"@context":"https:\/\/schema.org","@graph":[{"@type":"Article","@id":"https:\/\/radioljubuski.ba\/index.php\/2022\/03\/05\/vise-od-66-200-ukrajinaca-vratilo-se-iz-inozemstva-braniti-zemlju\/#article","isPartOf":{"@id":"https:\/\/radioljubuski.ba\/index.php\/2022\/03\/05\/vise-od-66-200-ukrajinaca-vratilo-se-iz-inozemstva-braniti-zemlju\/"},"author":{"name":"Radio Ljubu\u0161ki","@id":"https:\/\/radioljubuski.ba\/#\/schema\/person\/19fc700381a780f69665d7956c469e3b"},"headline":"Vi\u0161e od 66.200 Ukrajinaca vratilo se iz inozemstva braniti zemlju","datePublished":"2022-03-05T13:00:36+00:00","dateModified":"2022-03-05T13:00:37+00:00","mainEntityOfPage":{"@id":"https:\/\/radioljubuski.ba\/index.php\/2022\/03\/05\/vise-od-66-200-ukrajinaca-vratilo-se-iz-inozemstva-braniti-zemlju\/"},"wordCount":318,"publisher":{"@id":"https:\/\/radioljubuski.ba\/#organization"},"articleSection":["BIH i regija"],"inLanguage":"hr"},{"@type":"WebPage","@id":"https:\/\/radioljubuski.ba\/index.php\/2022\/03\/05\/vise-od-66-200-ukrajinaca-vratilo-se-iz-inozemstva-braniti-zemlju\/","url":"https:\/\/radioljubuski.ba\/index.php\/2022\/03\/05\/vise-od-66-200-ukrajinaca-vratilo-se-iz-inozemstva-braniti-zemlju\/","name":"Vi\u0161e od 66.200 Ukrajinaca vratilo se iz inozemstva braniti zemlju - RADIO LJUBU\u0160KI","isPartOf":{"@id":"https:\/\/radioljubuski.ba\/#website"},"datePublished":"2022-03-05T13:00:36+00:00","dateModified":"2022-03-05T13:00:37+00:00","breadcrumb":{"@id":"https:\/\/radioljubuski.ba\/index.php\/2022\/03\/05\/vise-od-66-200-ukrajinaca-vratilo-se-iz-inozemstva-braniti-zemlju\/#breadcrumb"},"inLanguage":"hr","potentialAction":[{"@type":"ReadAction","target":["https:\/\/radioljubuski.ba\/index.php\/2022\/03\/05\/vise-od-66-200-ukrajinaca-vratilo-se-iz-inozemstva-braniti-zemlju\/"]}]},{"@type":"BreadcrumbList","@id":"https:\/\/radioljubuski.ba\/index.php\/2022\/03\/05\/vise-od-66-200-ukrajinaca-vratilo-se-iz-inozemstva-braniti-zemlju\/#breadcrumb","itemListElement":[{"@type":"ListItem","position":1,"name":"Po\u010detna stranica","item":"https:\/\/radioljubuski.ba\/"},{"@type":"ListItem","position":2,"name":"Vi\u0161e od 66.200 Ukrajinaca vratilo se iz inozemstva braniti zemlju"}]},{"@type":"WebSite","@id":"https:\/\/radioljubuski.ba\/#website","url":"https:\/\/radioljubuski.ba\/","name":"Radio Ljubu\u0161ki","description":"Sun\u010dana frekvencija Hercegovine","publisher":{"@id":"https:\/\/radioljubuski.ba\/#organization"},"potentialAction":[{"@type":"SearchAction","target":{"@type":"EntryPoint","urlTemplate":"https:\/\/radioljubuski.ba\/?s={search_term_string}"},"query-input":{"@type":"PropertyValueSpecification","valueRequired":true,"valueName":"search_term_string"}}],"inLanguage":"hr"},{"@type":"Organization","@id":"https:\/\/radioljubuski.ba\/#organization","name":"Radio Ljubu\u0161ki","url":"https:\/\/radioljubuski.ba\/","logo":{"@type":"ImageObject","inLanguage":"hr","@id":"https:\/\/radioljubuski.ba\/#\/schema\/logo\/image\/","url":"https:\/\/radioljubuski.ba\/wp-content\/uploads\/2021\/02\/cropped-Radio_Ljubuski_logo1.jpg","contentUrl":"https:\/\/radioljubuski.ba\/wp-content\/uploads\/2021\/02\/cropped-Radio_Ljubuski_logo1.jpg","width":512,"height":512,"caption":"Radio Ljubu\u0161ki"},"image":{"@id":"https:\/\/radioljubuski.ba\/#\/schema\/logo\/image\/"},"sameAs":["https:\/\/www.facebook.com\/Radiio-Ljubuski-1490835324566332","https:\/\/x.com\/radioljubuski","https:\/\/hr.linkedin.com\/company\/radio-ljubuski","https:\/\/www.youtube.com\/channel\/UCHYaeO_n0Db3tjNGudGpXyw"]},{"@type":"Person","@id":"https:\/\/radioljubuski.ba\/#\/schema\/person\/19fc700381a780f69665d7956c469e3b","name":"Radio Ljubu\u0161ki"}]}},"_links":{"self":[{"href":"https:\/\/radioljubuski.ba\/index.php\/wp-json\/wp\/v2\/posts\/118275","targetHints":{"allow":["GET"]}}],"collection":[{"href":"https:\/\/radioljubuski.ba\/index.php\/wp-json\/wp\/v2\/posts"}],"about":[{"href":"https:\/\/radioljubuski.ba\/index.php\/wp-json\/wp\/v2\/types\/post"}],"author":[{"embeddable":true,"href":"https:\/\/radioljubuski.ba\/index.php\/wp-json\/wp\/v2\/users\/2"}],"replies":[{"embeddable":true,"href":"https:\/\/radioljubuski.ba\/index.php\/wp-json\/wp\/v2\/comments?post=118275"}],"version-history":[{"count":1,"href":"https:\/\/radioljubuski.ba\/index.php\/wp-json\/wp\/v2\/posts\/118275\/revisions"}],"predecessor-version":[{"id":118277,"href":"https:\/\/radioljubuski.ba\/index.php\/wp-json\/wp\/v2\/posts\/118275\/revisions\/118277"}],"wp:attachment":[{"href":"https:\/\/radioljubuski.ba\/index.php\/wp-json\/wp\/v2\/media?parent=118275"}],"wp:term":[{"taxonomy":"category","embeddable":true,"href":"https:\/\/radioljubuski.ba\/index.php\/wp-json\/wp\/v2\/categories?post=118275"},{"taxonomy":"post_tag","embeddable":true,"href":"https:\/\/radioljubuski.ba\/index.php\/wp-json\/wp\/v2\/tags?post=118275"}],"curies":[{"name":"wp","href":"https:\/\/api.w.org\/{rel}","templated":true}]}}