{"id":118278,"date":"2022-03-05T14:02:01","date_gmt":"2022-03-05T13:02:01","guid":{"rendered":"https:\/\/radioljubuski.ba\/?p=118278"},"modified":"2022-03-05T14:02:02","modified_gmt":"2022-03-05T13:02:02","slug":"galic-tiric-preventivni-pregledi-za-rano-otkrivanje-raka-sansa-za-prezivljenje","status":"publish","type":"post","link":"https:\/\/radioljubuski.ba\/index.php\/2022\/03\/05\/galic-tiric-preventivni-pregledi-za-rano-otkrivanje-raka-sansa-za-prezivljenje\/","title":{"rendered":"Gali\u0107 Tiri\u0107: Preventivni pregledi za rano otkrivanje raka \u0161ansa za pre\u017eivljenje"},"content":{"rendered":"\n<p>Dr. Bo\u017eenka Gali\u0107 Tiri\u0107, spec. medicine rada i sporta, ocijenila je kako Bosna i Hercegovina nema nijednog nacionalnog plana borbe protiv raka, upozoriv\u0161i istodobno na porast broja novooboljelih \u017eena od karcinoma dojke, vrata maternice ali i debelog crijeva.<\/p>\n\n\n\n<p>Navodi kako u BiH nema jedinstvenog registra malignih oboljenja.<\/p>\n\n\n\n<p>Po podacima s kojima raspola\u017ee za jednu privatnu polikliniku u Mostaru, na tri tisu\u0107e preventivnih sistematskih pregleda otkriveno je 25 karcinoma, me\u0111u kojima je vode\u0107i bio karcinom dojke, zatim kolorektalni karcinom te karcinom bubrega i plu\u0107a. &nbsp;<\/p>\n\n\n\n<p>Dr. Gali\u0107 Tiri\u0107, koja je u organizaciji &#8220;\u017dena \u017deni&#8221; jedna od nositeljica inicijative redovitih preventivnih pregleda za rano otkrivanje raka, odnosno dono\u0161enje Nacionalnog plana protiv raka, ka\u017ee kako \u017eene trebaju redovito voditi brigu o svom zdravlju i tzv. \u017eenskim bolestima.<\/p>\n\n\n\n<p>&#8211; Mi smo u organizaciji &#8216;\u017dena \u017deni&#8217; pokrenule inicijativu za redovite preventivne preglede za rano otkrivanje karcinomom dojke, vrata maternice, ali i raka debelog crijeva, od kojega tako\u0111er obolijeva velik broj \u017eena, a koji zauzima drugo mjesto prema smrtnosti od karcinoma u razvijenim zemljama &#8211; navodi ona. &nbsp;<\/p>\n\n\n\n<p>Napominje kako bi briga o zdravlju \u017eene trebala po\u010deti od \u0161kolske, odnosno adolescentske dobi. &nbsp;<\/p>\n\n\n\n<p>Po njezinim rije\u010dima, u na\u0161oj zemlji postoje jako dobri screening testovi (probir testovi) koji za \u017eenu osobno, a posebno javno zdravstveni sustav ne ko\u0161ta puno i ne oduzima previ\u0161e vremena.<\/p>\n\n\n\n<p>&#8211; Ti screening testovi su papa test kod ranog otkrivanje raka grli\u0107a maternice, mamografija kao probir test za rano otkrivanje raka dojke, a potom test na okultno krvarenje koji je idealan za otkrivanje kolorektalnog karcinoma &#8211; obja\u0161njava dr. Gali\u0107 Tiri\u0107.<\/p>\n\n\n\n<p>Moj cilj je, ka\u017ee ona, &#8220;da probudimo svijest svake \u017eene, ne samo moderne i one koja brine o svom zdravlju te po\u0161aljemo poruku vlastima i cjelokupnom javno zdravstvenom sustavu da se kona\u010dno probudi&#8221;.<\/p>\n\n\n\n<p>&#8211; &nbsp;Strategija prevencije u BiH za maligne bolesti poput raka grli\u0107a maternice ili dojke, koje su naju\u010destalije bolesti u BiH, pa i Europi, je potpuno izostala. A protekle dvije godine, covid nas je sve &#8216;progutao&#8217;, odnosno puno smo se bazirali na tu bolest, a jako malo se provodilo preventivnih pregleda &#8211; dodaje dr. Gali\u0107 Tiri\u0107.<\/p>\n\n\n\n<p>Po njezinim navodima, jedine zdravstvene ustanove koje su radile i preventivne preglede su privatne zdravstvene ustanove \u010dije su usluge pacijenti morali pla\u0107ati, a cilj je inicijative da ti pregledi budu besplatni bez obzira na materijalni status.<\/p>\n\n\n\n<p>Podsjetila je da je Hercegova\u010dko-neretvanske \u017eupanija pokrenula preventivni program ranog otkrivanja dojke prije par godina ali da se, po njezinim informacijama, malo \u017eena odazvalo na njih.<\/p>\n\n\n\n<p>&#8211; Mislim da je razlog malog odazva \u017eena na preventivne besplatne mamografske preglede, prije svega, neinformiranost te da informacije uslijed pandemije koronavirusa nisu doprle do \u017eenske populacije \u2013 nagla\u0161ava Gali\u0107 Tiri\u0107.<\/p>\n\n\n\n<p>Pohvalila je najavu da bi se u Zapadnohercegova\u010dkoj \u017eupaniji od 1. travnja trebao, uz preventivne redovite preglede protiv raka dojke, odnosno mamografiju, uvesti i redoviti preventivni pregledi za rano otkrivanje raka grli\u0107a maternice i kolorektalni karcinom.<\/p>\n\n\n\n<p>&#8211; Na vlastima na\u0161e \u017eupanije (HN\u017d) ali i cijele BiH je da to isto sprovedu i pru\u017ee \u0161ansu za bolje pre\u017eivljenje &#8211; zaklju\u010dila je dr. Gali\u0107 Tiri\u0107.<\/p>\n\n\n\n<p>Izvor:pogled.ba<\/p>\n","protected":false},"excerpt":{"rendered":"<p>Dr. Bo\u017eenka Gali\u0107 Tiri\u0107, spec. medicine rada i sporta, ocijenila je kako Bosna i Hercegovina nema nijednog nacionalnog plana borbe protiv raka, upozoriv\u0161i istodobno na porast broja novooboljelih \u017eena od karcinoma dojke, vrata maternice ali i debelog crijeva. Navodi kako u BiH nema jedinstvenog registra malignih oboljenja. Po podacima s kojima raspola\u017ee za jednu privatnu [&hellip;]<\/p>\n","protected":false},"author":2,"featured_media":118279,"comment_status":"closed","ping_status":"closed","sticky":false,"template":"","format":"standard","meta":{"h5ap_radio_sources":[],"footnotes":""},"categories":[1],"tags":[],"class_list":["post-118278","post","type-post","status-publish","format-standard","has-post-thumbnail","hentry","category-bihiregija"],"yoast_head":"<!-- This site is optimized with the Yoast SEO plugin v27.5 - https:\/\/yoast.com\/product\/yoast-seo-wordpress\/ -->\n<title>Gali\u0107 Tiri\u0107: Preventivni pregledi za rano otkrivanje raka \u0161ansa za pre\u017eivljenje - RADIO LJUBU\u0160KI<\/title>\n<meta name=\"robots\" content=\"index, follow, max-snippet:-1, max-image-preview:large, max-video-preview:-1\" \/>\n<link rel=\"canonical\" href=\"https:\/\/radioljubuski.ba\/index.php\/2022\/03\/05\/galic-tiric-preventivni-pregledi-za-rano-otkrivanje-raka-sansa-za-prezivljenje\/\" \/>\n<meta property=\"og:locale\" content=\"hr_HR\" \/>\n<meta property=\"og:type\" content=\"article\" \/>\n<meta property=\"og:title\" content=\"Gali\u0107 Tiri\u0107: Preventivni pregledi za rano otkrivanje raka \u0161ansa za pre\u017eivljenje - RADIO LJUBU\u0160KI\" \/>\n<meta property=\"og:description\" content=\"Dr. Bo\u017eenka Gali\u0107 Tiri\u0107, spec. medicine rada i sporta, ocijenila je kako Bosna i Hercegovina nema nijednog nacionalnog plana borbe protiv raka, upozoriv\u0161i istodobno na porast broja novooboljelih \u017eena od karcinoma dojke, vrata maternice ali i debelog crijeva. Navodi kako u BiH nema jedinstvenog registra malignih oboljenja. Po podacima s kojima raspola\u017ee za jednu privatnu [&hellip;]\" \/>\n<meta property=\"og:url\" content=\"https:\/\/radioljubuski.ba\/index.php\/2022\/03\/05\/galic-tiric-preventivni-pregledi-za-rano-otkrivanje-raka-sansa-za-prezivljenje\/\" \/>\n<meta property=\"og:site_name\" content=\"RADIO LJUBU\u0160KI\" \/>\n<meta property=\"article:publisher\" content=\"https:\/\/www.facebook.com\/Radiio-Ljubuski-1490835324566332\" \/>\n<meta property=\"article:published_time\" content=\"2022-03-05T13:02:01+00:00\" \/>\n<meta property=\"article:modified_time\" content=\"2022-03-05T13:02:02+00:00\" \/>\n<meta property=\"og:image\" content=\"https:\/\/radioljubuski.ba\/wp-content\/uploads\/2022\/03\/2-2022-03-05-10-37-54-220305_mostar_dr_bozenka_galic_tiric_29976.jpg\" \/>\n\t<meta property=\"og:image:width\" content=\"1000\" \/>\n\t<meta property=\"og:image:height\" content=\"625\" \/>\n\t<meta property=\"og:image:type\" content=\"image\/jpeg\" \/>\n<meta name=\"author\" content=\"Radio Ljubu\u0161ki\" \/>\n<meta name=\"twitter:card\" content=\"summary_large_image\" \/>\n<meta name=\"twitter:creator\" content=\"@radioljubuski\" \/>\n<meta name=\"twitter:site\" content=\"@radioljubuski\" \/>\n<meta name=\"twitter:label1\" content=\"Napisao\/la\" \/>\n\t<meta name=\"twitter:data1\" content=\"Radio Ljubu\u0161ki\" \/>\n\t<meta name=\"twitter:label2\" content=\"Procijenjeno vrijeme \u010ditanja\" \/>\n\t<meta name=\"twitter:data2\" content=\"3 minute\" \/>\n<script type=\"application\/ld+json\" class=\"yoast-schema-graph\">{\"@context\":\"https:\\\/\\\/schema.org\",\"@graph\":[{\"@type\":\"Article\",\"@id\":\"https:\\\/\\\/radioljubuski.ba\\\/index.php\\\/2022\\\/03\\\/05\\\/galic-tiric-preventivni-pregledi-za-rano-otkrivanje-raka-sansa-za-prezivljenje\\\/#article\",\"isPartOf\":{\"@id\":\"https:\\\/\\\/radioljubuski.ba\\\/index.php\\\/2022\\\/03\\\/05\\\/galic-tiric-preventivni-pregledi-za-rano-otkrivanje-raka-sansa-za-prezivljenje\\\/\"},\"author\":{\"name\":\"Radio Ljubu\u0161ki\",\"@id\":\"https:\\\/\\\/radioljubuski.ba\\\/#\\\/schema\\\/person\\\/19fc700381a780f69665d7956c469e3b\"},\"headline\":\"Gali\u0107 Tiri\u0107: Preventivni pregledi za rano otkrivanje raka \u0161ansa za pre\u017eivljenje\",\"datePublished\":\"2022-03-05T13:02:01+00:00\",\"dateModified\":\"2022-03-05T13:02:02+00:00\",\"mainEntityOfPage\":{\"@id\":\"https:\\\/\\\/radioljubuski.ba\\\/index.php\\\/2022\\\/03\\\/05\\\/galic-tiric-preventivni-pregledi-za-rano-otkrivanje-raka-sansa-za-prezivljenje\\\/\"},\"wordCount\":545,\"publisher\":{\"@id\":\"https:\\\/\\\/radioljubuski.ba\\\/#organization\"},\"image\":{\"@id\":\"https:\\\/\\\/radioljubuski.ba\\\/index.php\\\/2022\\\/03\\\/05\\\/galic-tiric-preventivni-pregledi-za-rano-otkrivanje-raka-sansa-za-prezivljenje\\\/#primaryimage\"},\"thumbnailUrl\":\"https:\\\/\\\/radioljubuski.ba\\\/wp-content\\\/uploads\\\/2022\\\/03\\\/2-2022-03-05-10-37-54-220305_mostar_dr_bozenka_galic_tiric_29976.jpg\",\"articleSection\":[\"BIH i regija\"],\"inLanguage\":\"hr\"},{\"@type\":\"WebPage\",\"@id\":\"https:\\\/\\\/radioljubuski.ba\\\/index.php\\\/2022\\\/03\\\/05\\\/galic-tiric-preventivni-pregledi-za-rano-otkrivanje-raka-sansa-za-prezivljenje\\\/\",\"url\":\"https:\\\/\\\/radioljubuski.ba\\\/index.php\\\/2022\\\/03\\\/05\\\/galic-tiric-preventivni-pregledi-za-rano-otkrivanje-raka-sansa-za-prezivljenje\\\/\",\"name\":\"Gali\u0107 Tiri\u0107: Preventivni pregledi za rano otkrivanje raka \u0161ansa za pre\u017eivljenje - RADIO LJUBU\u0160KI\",\"isPartOf\":{\"@id\":\"https:\\\/\\\/radioljubuski.ba\\\/#website\"},\"primaryImageOfPage\":{\"@id\":\"https:\\\/\\\/radioljubuski.ba\\\/index.php\\\/2022\\\/03\\\/05\\\/galic-tiric-preventivni-pregledi-za-rano-otkrivanje-raka-sansa-za-prezivljenje\\\/#primaryimage\"},\"image\":{\"@id\":\"https:\\\/\\\/radioljubuski.ba\\\/index.php\\\/2022\\\/03\\\/05\\\/galic-tiric-preventivni-pregledi-za-rano-otkrivanje-raka-sansa-za-prezivljenje\\\/#primaryimage\"},\"thumbnailUrl\":\"https:\\\/\\\/radioljubuski.ba\\\/wp-content\\\/uploads\\\/2022\\\/03\\\/2-2022-03-05-10-37-54-220305_mostar_dr_bozenka_galic_tiric_29976.jpg\",\"datePublished\":\"2022-03-05T13:02:01+00:00\",\"dateModified\":\"2022-03-05T13:02:02+00:00\",\"breadcrumb\":{\"@id\":\"https:\\\/\\\/radioljubuski.ba\\\/index.php\\\/2022\\\/03\\\/05\\\/galic-tiric-preventivni-pregledi-za-rano-otkrivanje-raka-sansa-za-prezivljenje\\\/#breadcrumb\"},\"inLanguage\":\"hr\",\"potentialAction\":[{\"@type\":\"ReadAction\",\"target\":[\"https:\\\/\\\/radioljubuski.ba\\\/index.php\\\/2022\\\/03\\\/05\\\/galic-tiric-preventivni-pregledi-za-rano-otkrivanje-raka-sansa-za-prezivljenje\\\/\"]}]},{\"@type\":\"ImageObject\",\"inLanguage\":\"hr\",\"@id\":\"https:\\\/\\\/radioljubuski.ba\\\/index.php\\\/2022\\\/03\\\/05\\\/galic-tiric-preventivni-pregledi-za-rano-otkrivanje-raka-sansa-za-prezivljenje\\\/#primaryimage\",\"url\":\"https:\\\/\\\/radioljubuski.ba\\\/wp-content\\\/uploads\\\/2022\\\/03\\\/2-2022-03-05-10-37-54-220305_mostar_dr_bozenka_galic_tiric_29976.jpg\",\"contentUrl\":\"https:\\\/\\\/radioljubuski.ba\\\/wp-content\\\/uploads\\\/2022\\\/03\\\/2-2022-03-05-10-37-54-220305_mostar_dr_bozenka_galic_tiric_29976.jpg\",\"width\":1000,\"height\":625},{\"@type\":\"BreadcrumbList\",\"@id\":\"https:\\\/\\\/radioljubuski.ba\\\/index.php\\\/2022\\\/03\\\/05\\\/galic-tiric-preventivni-pregledi-za-rano-otkrivanje-raka-sansa-za-prezivljenje\\\/#breadcrumb\",\"itemListElement\":[{\"@type\":\"ListItem\",\"position\":1,\"name\":\"Po\u010detna stranica\",\"item\":\"https:\\\/\\\/radioljubuski.ba\\\/\"},{\"@type\":\"ListItem\",\"position\":2,\"name\":\"Gali\u0107 Tiri\u0107: Preventivni pregledi za rano otkrivanje raka \u0161ansa za pre\u017eivljenje\"}]},{\"@type\":\"WebSite\",\"@id\":\"https:\\\/\\\/radioljubuski.ba\\\/#website\",\"url\":\"https:\\\/\\\/radioljubuski.ba\\\/\",\"name\":\"Radio Ljubu\u0161ki\",\"description\":\"Sun\u010dana frekvencija Hercegovine\",\"publisher\":{\"@id\":\"https:\\\/\\\/radioljubuski.ba\\\/#organization\"},\"potentialAction\":[{\"@type\":\"SearchAction\",\"target\":{\"@type\":\"EntryPoint\",\"urlTemplate\":\"https:\\\/\\\/radioljubuski.ba\\\/?s={search_term_string}\"},\"query-input\":{\"@type\":\"PropertyValueSpecification\",\"valueRequired\":true,\"valueName\":\"search_term_string\"}}],\"inLanguage\":\"hr\"},{\"@type\":\"Organization\",\"@id\":\"https:\\\/\\\/radioljubuski.ba\\\/#organization\",\"name\":\"Radio Ljubu\u0161ki\",\"url\":\"https:\\\/\\\/radioljubuski.ba\\\/\",\"logo\":{\"@type\":\"ImageObject\",\"inLanguage\":\"hr\",\"@id\":\"https:\\\/\\\/radioljubuski.ba\\\/#\\\/schema\\\/logo\\\/image\\\/\",\"url\":\"https:\\\/\\\/radioljubuski.ba\\\/wp-content\\\/uploads\\\/2021\\\/02\\\/cropped-Radio_Ljubuski_logo1.jpg\",\"contentUrl\":\"https:\\\/\\\/radioljubuski.ba\\\/wp-content\\\/uploads\\\/2021\\\/02\\\/cropped-Radio_Ljubuski_logo1.jpg\",\"width\":512,\"height\":512,\"caption\":\"Radio Ljubu\u0161ki\"},\"image\":{\"@id\":\"https:\\\/\\\/radioljubuski.ba\\\/#\\\/schema\\\/logo\\\/image\\\/\"},\"sameAs\":[\"https:\\\/\\\/www.facebook.com\\\/Radiio-Ljubuski-1490835324566332\",\"https:\\\/\\\/x.com\\\/radioljubuski\",\"https:\\\/\\\/hr.linkedin.com\\\/company\\\/radio-ljubuski\",\"https:\\\/\\\/www.youtube.com\\\/channel\\\/UCHYaeO_n0Db3tjNGudGpXyw\"]},{\"@type\":\"Person\",\"@id\":\"https:\\\/\\\/radioljubuski.ba\\\/#\\\/schema\\\/person\\\/19fc700381a780f69665d7956c469e3b\",\"name\":\"Radio Ljubu\u0161ki\"}]}<\/script>\n<!-- \/ Yoast SEO plugin. -->","yoast_head_json":{"title":"Gali\u0107 Tiri\u0107: Preventivni pregledi za rano otkrivanje raka \u0161ansa za pre\u017eivljenje - RADIO LJUBU\u0160KI","robots":{"index":"index","follow":"follow","max-snippet":"max-snippet:-1","max-image-preview":"max-image-preview:large","max-video-preview":"max-video-preview:-1"},"canonical":"https:\/\/radioljubuski.ba\/index.php\/2022\/03\/05\/galic-tiric-preventivni-pregledi-za-rano-otkrivanje-raka-sansa-za-prezivljenje\/","og_locale":"hr_HR","og_type":"article","og_title":"Gali\u0107 Tiri\u0107: Preventivni pregledi za rano otkrivanje raka \u0161ansa za pre\u017eivljenje - RADIO LJUBU\u0160KI","og_description":"Dr. Bo\u017eenka Gali\u0107 Tiri\u0107, spec. medicine rada i sporta, ocijenila je kako Bosna i Hercegovina nema nijednog nacionalnog plana borbe protiv raka, upozoriv\u0161i istodobno na porast broja novooboljelih \u017eena od karcinoma dojke, vrata maternice ali i debelog crijeva. Navodi kako u BiH nema jedinstvenog registra malignih oboljenja. Po podacima s kojima raspola\u017ee za jednu privatnu [&hellip;]","og_url":"https:\/\/radioljubuski.ba\/index.php\/2022\/03\/05\/galic-tiric-preventivni-pregledi-za-rano-otkrivanje-raka-sansa-za-prezivljenje\/","og_site_name":"RADIO LJUBU\u0160KI","article_publisher":"https:\/\/www.facebook.com\/Radiio-Ljubuski-1490835324566332","article_published_time":"2022-03-05T13:02:01+00:00","article_modified_time":"2022-03-05T13:02:02+00:00","og_image":[{"width":1000,"height":625,"url":"https:\/\/radioljubuski.ba\/wp-content\/uploads\/2022\/03\/2-2022-03-05-10-37-54-220305_mostar_dr_bozenka_galic_tiric_29976.jpg","type":"image\/jpeg"}],"author":"Radio Ljubu\u0161ki","twitter_card":"summary_large_image","twitter_creator":"@radioljubuski","twitter_site":"@radioljubuski","twitter_misc":{"Napisao\/la":"Radio Ljubu\u0161ki","Procijenjeno vrijeme \u010ditanja":"3 minute"},"schema":{"@context":"https:\/\/schema.org","@graph":[{"@type":"Article","@id":"https:\/\/radioljubuski.ba\/index.php\/2022\/03\/05\/galic-tiric-preventivni-pregledi-za-rano-otkrivanje-raka-sansa-za-prezivljenje\/#article","isPartOf":{"@id":"https:\/\/radioljubuski.ba\/index.php\/2022\/03\/05\/galic-tiric-preventivni-pregledi-za-rano-otkrivanje-raka-sansa-za-prezivljenje\/"},"author":{"name":"Radio Ljubu\u0161ki","@id":"https:\/\/radioljubuski.ba\/#\/schema\/person\/19fc700381a780f69665d7956c469e3b"},"headline":"Gali\u0107 Tiri\u0107: Preventivni pregledi za rano otkrivanje raka \u0161ansa za pre\u017eivljenje","datePublished":"2022-03-05T13:02:01+00:00","dateModified":"2022-03-05T13:02:02+00:00","mainEntityOfPage":{"@id":"https:\/\/radioljubuski.ba\/index.php\/2022\/03\/05\/galic-tiric-preventivni-pregledi-za-rano-otkrivanje-raka-sansa-za-prezivljenje\/"},"wordCount":545,"publisher":{"@id":"https:\/\/radioljubuski.ba\/#organization"},"image":{"@id":"https:\/\/radioljubuski.ba\/index.php\/2022\/03\/05\/galic-tiric-preventivni-pregledi-za-rano-otkrivanje-raka-sansa-za-prezivljenje\/#primaryimage"},"thumbnailUrl":"https:\/\/radioljubuski.ba\/wp-content\/uploads\/2022\/03\/2-2022-03-05-10-37-54-220305_mostar_dr_bozenka_galic_tiric_29976.jpg","articleSection":["BIH i regija"],"inLanguage":"hr"},{"@type":"WebPage","@id":"https:\/\/radioljubuski.ba\/index.php\/2022\/03\/05\/galic-tiric-preventivni-pregledi-za-rano-otkrivanje-raka-sansa-za-prezivljenje\/","url":"https:\/\/radioljubuski.ba\/index.php\/2022\/03\/05\/galic-tiric-preventivni-pregledi-za-rano-otkrivanje-raka-sansa-za-prezivljenje\/","name":"Gali\u0107 Tiri\u0107: Preventivni pregledi za rano otkrivanje raka \u0161ansa za pre\u017eivljenje - RADIO LJUBU\u0160KI","isPartOf":{"@id":"https:\/\/radioljubuski.ba\/#website"},"primaryImageOfPage":{"@id":"https:\/\/radioljubuski.ba\/index.php\/2022\/03\/05\/galic-tiric-preventivni-pregledi-za-rano-otkrivanje-raka-sansa-za-prezivljenje\/#primaryimage"},"image":{"@id":"https:\/\/radioljubuski.ba\/index.php\/2022\/03\/05\/galic-tiric-preventivni-pregledi-za-rano-otkrivanje-raka-sansa-za-prezivljenje\/#primaryimage"},"thumbnailUrl":"https:\/\/radioljubuski.ba\/wp-content\/uploads\/2022\/03\/2-2022-03-05-10-37-54-220305_mostar_dr_bozenka_galic_tiric_29976.jpg","datePublished":"2022-03-05T13:02:01+00:00","dateModified":"2022-03-05T13:02:02+00:00","breadcrumb":{"@id":"https:\/\/radioljubuski.ba\/index.php\/2022\/03\/05\/galic-tiric-preventivni-pregledi-za-rano-otkrivanje-raka-sansa-za-prezivljenje\/#breadcrumb"},"inLanguage":"hr","potentialAction":[{"@type":"ReadAction","target":["https:\/\/radioljubuski.ba\/index.php\/2022\/03\/05\/galic-tiric-preventivni-pregledi-za-rano-otkrivanje-raka-sansa-za-prezivljenje\/"]}]},{"@type":"ImageObject","inLanguage":"hr","@id":"https:\/\/radioljubuski.ba\/index.php\/2022\/03\/05\/galic-tiric-preventivni-pregledi-za-rano-otkrivanje-raka-sansa-za-prezivljenje\/#primaryimage","url":"https:\/\/radioljubuski.ba\/wp-content\/uploads\/2022\/03\/2-2022-03-05-10-37-54-220305_mostar_dr_bozenka_galic_tiric_29976.jpg","contentUrl":"https:\/\/radioljubuski.ba\/wp-content\/uploads\/2022\/03\/2-2022-03-05-10-37-54-220305_mostar_dr_bozenka_galic_tiric_29976.jpg","width":1000,"height":625},{"@type":"BreadcrumbList","@id":"https:\/\/radioljubuski.ba\/index.php\/2022\/03\/05\/galic-tiric-preventivni-pregledi-za-rano-otkrivanje-raka-sansa-za-prezivljenje\/#breadcrumb","itemListElement":[{"@type":"ListItem","position":1,"name":"Po\u010detna stranica","item":"https:\/\/radioljubuski.ba\/"},{"@type":"ListItem","position":2,"name":"Gali\u0107 Tiri\u0107: Preventivni pregledi za rano otkrivanje raka \u0161ansa za pre\u017eivljenje"}]},{"@type":"WebSite","@id":"https:\/\/radioljubuski.ba\/#website","url":"https:\/\/radioljubuski.ba\/","name":"Radio Ljubu\u0161ki","description":"Sun\u010dana frekvencija Hercegovine","publisher":{"@id":"https:\/\/radioljubuski.ba\/#organization"},"potentialAction":[{"@type":"SearchAction","target":{"@type":"EntryPoint","urlTemplate":"https:\/\/radioljubuski.ba\/?s={search_term_string}"},"query-input":{"@type":"PropertyValueSpecification","valueRequired":true,"valueName":"search_term_string"}}],"inLanguage":"hr"},{"@type":"Organization","@id":"https:\/\/radioljubuski.ba\/#organization","name":"Radio Ljubu\u0161ki","url":"https:\/\/radioljubuski.ba\/","logo":{"@type":"ImageObject","inLanguage":"hr","@id":"https:\/\/radioljubuski.ba\/#\/schema\/logo\/image\/","url":"https:\/\/radioljubuski.ba\/wp-content\/uploads\/2021\/02\/cropped-Radio_Ljubuski_logo1.jpg","contentUrl":"https:\/\/radioljubuski.ba\/wp-content\/uploads\/2021\/02\/cropped-Radio_Ljubuski_logo1.jpg","width":512,"height":512,"caption":"Radio Ljubu\u0161ki"},"image":{"@id":"https:\/\/radioljubuski.ba\/#\/schema\/logo\/image\/"},"sameAs":["https:\/\/www.facebook.com\/Radiio-Ljubuski-1490835324566332","https:\/\/x.com\/radioljubuski","https:\/\/hr.linkedin.com\/company\/radio-ljubuski","https:\/\/www.youtube.com\/channel\/UCHYaeO_n0Db3tjNGudGpXyw"]},{"@type":"Person","@id":"https:\/\/radioljubuski.ba\/#\/schema\/person\/19fc700381a780f69665d7956c469e3b","name":"Radio Ljubu\u0161ki"}]}},"_links":{"self":[{"href":"https:\/\/radioljubuski.ba\/index.php\/wp-json\/wp\/v2\/posts\/118278","targetHints":{"allow":["GET"]}}],"collection":[{"href":"https:\/\/radioljubuski.ba\/index.php\/wp-json\/wp\/v2\/posts"}],"about":[{"href":"https:\/\/radioljubuski.ba\/index.php\/wp-json\/wp\/v2\/types\/post"}],"author":[{"embeddable":true,"href":"https:\/\/radioljubuski.ba\/index.php\/wp-json\/wp\/v2\/users\/2"}],"replies":[{"embeddable":true,"href":"https:\/\/radioljubuski.ba\/index.php\/wp-json\/wp\/v2\/comments?post=118278"}],"version-history":[{"count":1,"href":"https:\/\/radioljubuski.ba\/index.php\/wp-json\/wp\/v2\/posts\/118278\/revisions"}],"predecessor-version":[{"id":118280,"href":"https:\/\/radioljubuski.ba\/index.php\/wp-json\/wp\/v2\/posts\/118278\/revisions\/118280"}],"wp:featuredmedia":[{"embeddable":true,"href":"https:\/\/radioljubuski.ba\/index.php\/wp-json\/wp\/v2\/media\/118279"}],"wp:attachment":[{"href":"https:\/\/radioljubuski.ba\/index.php\/wp-json\/wp\/v2\/media?parent=118278"}],"wp:term":[{"taxonomy":"category","embeddable":true,"href":"https:\/\/radioljubuski.ba\/index.php\/wp-json\/wp\/v2\/categories?post=118278"},{"taxonomy":"post_tag","embeddable":true,"href":"https:\/\/radioljubuski.ba\/index.php\/wp-json\/wp\/v2\/tags?post=118278"}],"curies":[{"name":"wp","href":"https:\/\/api.w.org\/{rel}","templated":true}]}}