{"id":118288,"date":"2022-03-05T14:08:21","date_gmt":"2022-03-05T13:08:21","guid":{"rendered":"https:\/\/radioljubuski.ba\/?p=118288"},"modified":"2022-03-05T14:08:22","modified_gmt":"2022-03-05T13:08:22","slug":"zelenskij-ostro-porucio-nato-u-svi-ljudi-koji-ce-umrijeti-od-ovog-dana-umrijet-ce-i-zbog-vas-zbog-vase-slabosti-nejedinstva","status":"publish","type":"post","link":"https:\/\/radioljubuski.ba\/index.php\/2022\/03\/05\/zelenskij-ostro-porucio-nato-u-svi-ljudi-koji-ce-umrijeti-od-ovog-dana-umrijet-ce-i-zbog-vas-zbog-vase-slabosti-nejedinstva\/","title":{"rendered":"Zelenskij o\u0161tro poru\u010dio NATO-u: &#8216;Svi ljudi koji \u0107e umrijeti od ovog dana, umrijet \u0107e i zbog vas. Zbog va\u0161e slabosti, nejedinstva&#8230;&#8217;"},"content":{"rendered":"\n<p>Ukrajinski predsjednik napao je \u010delnike NATO-a u \u017eestokom govoru zbog njihovog odbijanja da uvedu zonu zabrane letova u zemljama oko Ukrajine.<\/p>\n\n\n\n<p>Govore\u0107i iz Kijeva, Volodimir Zelenskij je rekao da je nevoljkost Zapada da intervenira dala Rusiji &#8220;zeleno svjetlo&#8221; za nastavak bombardiranja gradova i sela, pi\u0161e BBC.<\/p>\n\n\n\n<p>NATO je ustvrdio da \u0107e zona zabrane letova dovesti do sukoba s Moskvom.<\/p>\n\n\n\n<p>No, Zelenskij je rekao da se ne sla\u017ee da bi izravna akcija mogla &#8220;isprovocirati izravnu agresiju Rusije na NATO&#8221;.<\/p>\n\n\n\n<p>U ljutitim komentarima, rekao je da argument odra\u017eava &#8220;samohipnozu onih koji su slabi, nedovoljno samouvjereni iznutra&#8221; i da zapadne rezerve ukazuju da &#8220;ne smatraju svi borbu za slobodu europskim ciljem broj jedan&#8221;.<\/p>\n\n\n\n<p>&#8220;Svi ljudi koji \u0107e umrijeti od ovog dana, tako\u0111er \u0107e umrijeti i zbog vas. Zbog va\u0161e slabosti, zbog va\u0161eg nejedinstva&#8221;, dodao je bijesni Zelenskij.<\/p>\n\n\n\n<p>U petak je glavni tajnik NATO-a Jens Stoltenberg upozorio da bi uvo\u0111enje zone zabranjenog leta moglo dovesti do &#8220;punopravnog rata u Europi koji uklju\u010duje mnogo vi\u0161e zemalja i uzrokuje mnogo vi\u0161e ljudskih patnji&#8221;.<\/p>\n\n\n\n<p>Izvor:rtl.hr<\/p>\n","protected":false},"excerpt":{"rendered":"<p>Ukrajinski predsjednik napao je \u010delnike NATO-a u \u017eestokom govoru zbog njihovog odbijanja da uvedu zonu zabrane letova u zemljama oko Ukrajine. Govore\u0107i iz Kijeva, Volodimir Zelenskij je rekao da je nevoljkost Zapada da intervenira dala Rusiji &#8220;zeleno svjetlo&#8221; za nastavak bombardiranja gradova i sela, pi\u0161e BBC. NATO je ustvrdio da \u0107e zona zabrane letova dovesti [&hellip;]<\/p>\n","protected":false},"author":2,"featured_media":117482,"comment_status":"closed","ping_status":"closed","sticky":false,"template":"","format":"standard","meta":{"h5ap_radio_sources":[],"footnotes":""},"categories":[1],"tags":[],"class_list":["post-118288","post","type-post","status-publish","format-standard","has-post-thumbnail","hentry","category-bihiregija"],"yoast_head":"<!-- This site is optimized with the Yoast SEO plugin v27.5 - https:\/\/yoast.com\/product\/yoast-seo-wordpress\/ -->\n<title>Zelenskij o\u0161tro poru\u010dio NATO-u: &#039;Svi ljudi koji \u0107e umrijeti od ovog dana, umrijet \u0107e i zbog vas. Zbog va\u0161e slabosti, nejedinstva...&#039; - RADIO LJUBU\u0160KI<\/title>\n<meta name=\"robots\" content=\"index, follow, max-snippet:-1, max-image-preview:large, max-video-preview:-1\" \/>\n<link rel=\"canonical\" href=\"https:\/\/radioljubuski.ba\/index.php\/2022\/03\/05\/zelenskij-ostro-porucio-nato-u-svi-ljudi-koji-ce-umrijeti-od-ovog-dana-umrijet-ce-i-zbog-vas-zbog-vase-slabosti-nejedinstva\/\" \/>\n<meta property=\"og:locale\" content=\"hr_HR\" \/>\n<meta property=\"og:type\" content=\"article\" \/>\n<meta property=\"og:title\" content=\"Zelenskij o\u0161tro poru\u010dio NATO-u: &#039;Svi ljudi koji \u0107e umrijeti od ovog dana, umrijet \u0107e i zbog vas. Zbog va\u0161e slabosti, nejedinstva...&#039; - RADIO LJUBU\u0160KI\" \/>\n<meta property=\"og:description\" content=\"Ukrajinski predsjednik napao je \u010delnike NATO-a u \u017eestokom govoru zbog njihovog odbijanja da uvedu zonu zabrane letova u zemljama oko Ukrajine. Govore\u0107i iz Kijeva, Volodimir Zelenskij je rekao da je nevoljkost Zapada da intervenira dala Rusiji &#8220;zeleno svjetlo&#8221; za nastavak bombardiranja gradova i sela, pi\u0161e BBC. NATO je ustvrdio da \u0107e zona zabrane letova dovesti [&hellip;]\" \/>\n<meta property=\"og:url\" content=\"https:\/\/radioljubuski.ba\/index.php\/2022\/03\/05\/zelenskij-ostro-porucio-nato-u-svi-ljudi-koji-ce-umrijeti-od-ovog-dana-umrijet-ce-i-zbog-vas-zbog-vase-slabosti-nejedinstva\/\" \/>\n<meta property=\"og:site_name\" content=\"RADIO LJUBU\u0160KI\" \/>\n<meta property=\"article:publisher\" content=\"https:\/\/www.facebook.com\/Radiio-Ljubuski-1490835324566332\" \/>\n<meta property=\"article:published_time\" content=\"2022-03-05T13:08:21+00:00\" \/>\n<meta property=\"article:modified_time\" content=\"2022-03-05T13:08:22+00:00\" \/>\n<meta property=\"og:image\" content=\"https:\/\/radioljubuski.ba\/wp-content\/uploads\/2022\/03\/zelenski-1.jpg\" \/>\n\t<meta property=\"og:image:width\" content=\"1000\" \/>\n\t<meta property=\"og:image:height\" content=\"625\" \/>\n\t<meta property=\"og:image:type\" content=\"image\/jpeg\" \/>\n<meta name=\"author\" content=\"Radio Ljubu\u0161ki\" \/>\n<meta name=\"twitter:card\" content=\"summary_large_image\" \/>\n<meta name=\"twitter:creator\" content=\"@radioljubuski\" \/>\n<meta name=\"twitter:site\" content=\"@radioljubuski\" \/>\n<meta name=\"twitter:label1\" content=\"Napisao\/la\" \/>\n\t<meta name=\"twitter:data1\" content=\"Radio Ljubu\u0161ki\" \/>\n\t<meta name=\"twitter:label2\" content=\"Procijenjeno vrijeme \u010ditanja\" \/>\n\t<meta name=\"twitter:data2\" content=\"1 minuta\" \/>\n<script type=\"application\/ld+json\" class=\"yoast-schema-graph\">{\"@context\":\"https:\\\/\\\/schema.org\",\"@graph\":[{\"@type\":\"Article\",\"@id\":\"https:\\\/\\\/radioljubuski.ba\\\/index.php\\\/2022\\\/03\\\/05\\\/zelenskij-ostro-porucio-nato-u-svi-ljudi-koji-ce-umrijeti-od-ovog-dana-umrijet-ce-i-zbog-vas-zbog-vase-slabosti-nejedinstva\\\/#article\",\"isPartOf\":{\"@id\":\"https:\\\/\\\/radioljubuski.ba\\\/index.php\\\/2022\\\/03\\\/05\\\/zelenskij-ostro-porucio-nato-u-svi-ljudi-koji-ce-umrijeti-od-ovog-dana-umrijet-ce-i-zbog-vas-zbog-vase-slabosti-nejedinstva\\\/\"},\"author\":{\"name\":\"Radio Ljubu\u0161ki\",\"@id\":\"https:\\\/\\\/radioljubuski.ba\\\/#\\\/schema\\\/person\\\/19fc700381a780f69665d7956c469e3b\"},\"headline\":\"Zelenskij o\u0161tro poru\u010dio NATO-u: &#8216;Svi ljudi koji \u0107e umrijeti od ovog dana, umrijet \u0107e i zbog vas. Zbog va\u0161e slabosti, nejedinstva&#8230;&#8217;\",\"datePublished\":\"2022-03-05T13:08:21+00:00\",\"dateModified\":\"2022-03-05T13:08:22+00:00\",\"mainEntityOfPage\":{\"@id\":\"https:\\\/\\\/radioljubuski.ba\\\/index.php\\\/2022\\\/03\\\/05\\\/zelenskij-ostro-porucio-nato-u-svi-ljudi-koji-ce-umrijeti-od-ovog-dana-umrijet-ce-i-zbog-vas-zbog-vase-slabosti-nejedinstva\\\/\"},\"wordCount\":205,\"publisher\":{\"@id\":\"https:\\\/\\\/radioljubuski.ba\\\/#organization\"},\"image\":{\"@id\":\"https:\\\/\\\/radioljubuski.ba\\\/index.php\\\/2022\\\/03\\\/05\\\/zelenskij-ostro-porucio-nato-u-svi-ljudi-koji-ce-umrijeti-od-ovog-dana-umrijet-ce-i-zbog-vas-zbog-vase-slabosti-nejedinstva\\\/#primaryimage\"},\"thumbnailUrl\":\"https:\\\/\\\/radioljubuski.ba\\\/wp-content\\\/uploads\\\/2022\\\/03\\\/zelenski-1.jpg\",\"articleSection\":[\"BIH i regija\"],\"inLanguage\":\"hr\"},{\"@type\":\"WebPage\",\"@id\":\"https:\\\/\\\/radioljubuski.ba\\\/index.php\\\/2022\\\/03\\\/05\\\/zelenskij-ostro-porucio-nato-u-svi-ljudi-koji-ce-umrijeti-od-ovog-dana-umrijet-ce-i-zbog-vas-zbog-vase-slabosti-nejedinstva\\\/\",\"url\":\"https:\\\/\\\/radioljubuski.ba\\\/index.php\\\/2022\\\/03\\\/05\\\/zelenskij-ostro-porucio-nato-u-svi-ljudi-koji-ce-umrijeti-od-ovog-dana-umrijet-ce-i-zbog-vas-zbog-vase-slabosti-nejedinstva\\\/\",\"name\":\"Zelenskij o\u0161tro poru\u010dio NATO-u: 'Svi ljudi koji \u0107e umrijeti od ovog dana, umrijet \u0107e i zbog vas. Zbog va\u0161e slabosti, nejedinstva...' - RADIO LJUBU\u0160KI\",\"isPartOf\":{\"@id\":\"https:\\\/\\\/radioljubuski.ba\\\/#website\"},\"primaryImageOfPage\":{\"@id\":\"https:\\\/\\\/radioljubuski.ba\\\/index.php\\\/2022\\\/03\\\/05\\\/zelenskij-ostro-porucio-nato-u-svi-ljudi-koji-ce-umrijeti-od-ovog-dana-umrijet-ce-i-zbog-vas-zbog-vase-slabosti-nejedinstva\\\/#primaryimage\"},\"image\":{\"@id\":\"https:\\\/\\\/radioljubuski.ba\\\/index.php\\\/2022\\\/03\\\/05\\\/zelenskij-ostro-porucio-nato-u-svi-ljudi-koji-ce-umrijeti-od-ovog-dana-umrijet-ce-i-zbog-vas-zbog-vase-slabosti-nejedinstva\\\/#primaryimage\"},\"thumbnailUrl\":\"https:\\\/\\\/radioljubuski.ba\\\/wp-content\\\/uploads\\\/2022\\\/03\\\/zelenski-1.jpg\",\"datePublished\":\"2022-03-05T13:08:21+00:00\",\"dateModified\":\"2022-03-05T13:08:22+00:00\",\"breadcrumb\":{\"@id\":\"https:\\\/\\\/radioljubuski.ba\\\/index.php\\\/2022\\\/03\\\/05\\\/zelenskij-ostro-porucio-nato-u-svi-ljudi-koji-ce-umrijeti-od-ovog-dana-umrijet-ce-i-zbog-vas-zbog-vase-slabosti-nejedinstva\\\/#breadcrumb\"},\"inLanguage\":\"hr\",\"potentialAction\":[{\"@type\":\"ReadAction\",\"target\":[\"https:\\\/\\\/radioljubuski.ba\\\/index.php\\\/2022\\\/03\\\/05\\\/zelenskij-ostro-porucio-nato-u-svi-ljudi-koji-ce-umrijeti-od-ovog-dana-umrijet-ce-i-zbog-vas-zbog-vase-slabosti-nejedinstva\\\/\"]}]},{\"@type\":\"ImageObject\",\"inLanguage\":\"hr\",\"@id\":\"https:\\\/\\\/radioljubuski.ba\\\/index.php\\\/2022\\\/03\\\/05\\\/zelenskij-ostro-porucio-nato-u-svi-ljudi-koji-ce-umrijeti-od-ovog-dana-umrijet-ce-i-zbog-vas-zbog-vase-slabosti-nejedinstva\\\/#primaryimage\",\"url\":\"https:\\\/\\\/radioljubuski.ba\\\/wp-content\\\/uploads\\\/2022\\\/03\\\/zelenski-1.jpg\",\"contentUrl\":\"https:\\\/\\\/radioljubuski.ba\\\/wp-content\\\/uploads\\\/2022\\\/03\\\/zelenski-1.jpg\",\"width\":1000,\"height\":625},{\"@type\":\"BreadcrumbList\",\"@id\":\"https:\\\/\\\/radioljubuski.ba\\\/index.php\\\/2022\\\/03\\\/05\\\/zelenskij-ostro-porucio-nato-u-svi-ljudi-koji-ce-umrijeti-od-ovog-dana-umrijet-ce-i-zbog-vas-zbog-vase-slabosti-nejedinstva\\\/#breadcrumb\",\"itemListElement\":[{\"@type\":\"ListItem\",\"position\":1,\"name\":\"Po\u010detna stranica\",\"item\":\"https:\\\/\\\/radioljubuski.ba\\\/\"},{\"@type\":\"ListItem\",\"position\":2,\"name\":\"Zelenskij o\u0161tro poru\u010dio NATO-u: &#8216;Svi ljudi koji \u0107e umrijeti od ovog dana, umrijet \u0107e i zbog vas. Zbog va\u0161e slabosti, nejedinstva&#8230;&#8217;\"}]},{\"@type\":\"WebSite\",\"@id\":\"https:\\\/\\\/radioljubuski.ba\\\/#website\",\"url\":\"https:\\\/\\\/radioljubuski.ba\\\/\",\"name\":\"Radio Ljubu\u0161ki\",\"description\":\"Sun\u010dana frekvencija Hercegovine\",\"publisher\":{\"@id\":\"https:\\\/\\\/radioljubuski.ba\\\/#organization\"},\"potentialAction\":[{\"@type\":\"SearchAction\",\"target\":{\"@type\":\"EntryPoint\",\"urlTemplate\":\"https:\\\/\\\/radioljubuski.ba\\\/?s={search_term_string}\"},\"query-input\":{\"@type\":\"PropertyValueSpecification\",\"valueRequired\":true,\"valueName\":\"search_term_string\"}}],\"inLanguage\":\"hr\"},{\"@type\":\"Organization\",\"@id\":\"https:\\\/\\\/radioljubuski.ba\\\/#organization\",\"name\":\"Radio Ljubu\u0161ki\",\"url\":\"https:\\\/\\\/radioljubuski.ba\\\/\",\"logo\":{\"@type\":\"ImageObject\",\"inLanguage\":\"hr\",\"@id\":\"https:\\\/\\\/radioljubuski.ba\\\/#\\\/schema\\\/logo\\\/image\\\/\",\"url\":\"https:\\\/\\\/radioljubuski.ba\\\/wp-content\\\/uploads\\\/2021\\\/02\\\/cropped-Radio_Ljubuski_logo1.jpg\",\"contentUrl\":\"https:\\\/\\\/radioljubuski.ba\\\/wp-content\\\/uploads\\\/2021\\\/02\\\/cropped-Radio_Ljubuski_logo1.jpg\",\"width\":512,\"height\":512,\"caption\":\"Radio Ljubu\u0161ki\"},\"image\":{\"@id\":\"https:\\\/\\\/radioljubuski.ba\\\/#\\\/schema\\\/logo\\\/image\\\/\"},\"sameAs\":[\"https:\\\/\\\/www.facebook.com\\\/Radiio-Ljubuski-1490835324566332\",\"https:\\\/\\\/x.com\\\/radioljubuski\",\"https:\\\/\\\/hr.linkedin.com\\\/company\\\/radio-ljubuski\",\"https:\\\/\\\/www.youtube.com\\\/channel\\\/UCHYaeO_n0Db3tjNGudGpXyw\"]},{\"@type\":\"Person\",\"@id\":\"https:\\\/\\\/radioljubuski.ba\\\/#\\\/schema\\\/person\\\/19fc700381a780f69665d7956c469e3b\",\"name\":\"Radio Ljubu\u0161ki\"}]}<\/script>\n<!-- \/ Yoast SEO plugin. -->","yoast_head_json":{"title":"Zelenskij o\u0161tro poru\u010dio NATO-u: 'Svi ljudi koji \u0107e umrijeti od ovog dana, umrijet \u0107e i zbog vas. Zbog va\u0161e slabosti, nejedinstva...' - RADIO LJUBU\u0160KI","robots":{"index":"index","follow":"follow","max-snippet":"max-snippet:-1","max-image-preview":"max-image-preview:large","max-video-preview":"max-video-preview:-1"},"canonical":"https:\/\/radioljubuski.ba\/index.php\/2022\/03\/05\/zelenskij-ostro-porucio-nato-u-svi-ljudi-koji-ce-umrijeti-od-ovog-dana-umrijet-ce-i-zbog-vas-zbog-vase-slabosti-nejedinstva\/","og_locale":"hr_HR","og_type":"article","og_title":"Zelenskij o\u0161tro poru\u010dio NATO-u: 'Svi ljudi koji \u0107e umrijeti od ovog dana, umrijet \u0107e i zbog vas. Zbog va\u0161e slabosti, nejedinstva...' - RADIO LJUBU\u0160KI","og_description":"Ukrajinski predsjednik napao je \u010delnike NATO-a u \u017eestokom govoru zbog njihovog odbijanja da uvedu zonu zabrane letova u zemljama oko Ukrajine. Govore\u0107i iz Kijeva, Volodimir Zelenskij je rekao da je nevoljkost Zapada da intervenira dala Rusiji &#8220;zeleno svjetlo&#8221; za nastavak bombardiranja gradova i sela, pi\u0161e BBC. NATO je ustvrdio da \u0107e zona zabrane letova dovesti [&hellip;]","og_url":"https:\/\/radioljubuski.ba\/index.php\/2022\/03\/05\/zelenskij-ostro-porucio-nato-u-svi-ljudi-koji-ce-umrijeti-od-ovog-dana-umrijet-ce-i-zbog-vas-zbog-vase-slabosti-nejedinstva\/","og_site_name":"RADIO LJUBU\u0160KI","article_publisher":"https:\/\/www.facebook.com\/Radiio-Ljubuski-1490835324566332","article_published_time":"2022-03-05T13:08:21+00:00","article_modified_time":"2022-03-05T13:08:22+00:00","og_image":[{"width":1000,"height":625,"url":"https:\/\/radioljubuski.ba\/wp-content\/uploads\/2022\/03\/zelenski-1.jpg","type":"image\/jpeg"}],"author":"Radio Ljubu\u0161ki","twitter_card":"summary_large_image","twitter_creator":"@radioljubuski","twitter_site":"@radioljubuski","twitter_misc":{"Napisao\/la":"Radio Ljubu\u0161ki","Procijenjeno vrijeme \u010ditanja":"1 minuta"},"schema":{"@context":"https:\/\/schema.org","@graph":[{"@type":"Article","@id":"https:\/\/radioljubuski.ba\/index.php\/2022\/03\/05\/zelenskij-ostro-porucio-nato-u-svi-ljudi-koji-ce-umrijeti-od-ovog-dana-umrijet-ce-i-zbog-vas-zbog-vase-slabosti-nejedinstva\/#article","isPartOf":{"@id":"https:\/\/radioljubuski.ba\/index.php\/2022\/03\/05\/zelenskij-ostro-porucio-nato-u-svi-ljudi-koji-ce-umrijeti-od-ovog-dana-umrijet-ce-i-zbog-vas-zbog-vase-slabosti-nejedinstva\/"},"author":{"name":"Radio Ljubu\u0161ki","@id":"https:\/\/radioljubuski.ba\/#\/schema\/person\/19fc700381a780f69665d7956c469e3b"},"headline":"Zelenskij o\u0161tro poru\u010dio NATO-u: &#8216;Svi ljudi koji \u0107e umrijeti od ovog dana, umrijet \u0107e i zbog vas. Zbog va\u0161e slabosti, nejedinstva&#8230;&#8217;","datePublished":"2022-03-05T13:08:21+00:00","dateModified":"2022-03-05T13:08:22+00:00","mainEntityOfPage":{"@id":"https:\/\/radioljubuski.ba\/index.php\/2022\/03\/05\/zelenskij-ostro-porucio-nato-u-svi-ljudi-koji-ce-umrijeti-od-ovog-dana-umrijet-ce-i-zbog-vas-zbog-vase-slabosti-nejedinstva\/"},"wordCount":205,"publisher":{"@id":"https:\/\/radioljubuski.ba\/#organization"},"image":{"@id":"https:\/\/radioljubuski.ba\/index.php\/2022\/03\/05\/zelenskij-ostro-porucio-nato-u-svi-ljudi-koji-ce-umrijeti-od-ovog-dana-umrijet-ce-i-zbog-vas-zbog-vase-slabosti-nejedinstva\/#primaryimage"},"thumbnailUrl":"https:\/\/radioljubuski.ba\/wp-content\/uploads\/2022\/03\/zelenski-1.jpg","articleSection":["BIH i regija"],"inLanguage":"hr"},{"@type":"WebPage","@id":"https:\/\/radioljubuski.ba\/index.php\/2022\/03\/05\/zelenskij-ostro-porucio-nato-u-svi-ljudi-koji-ce-umrijeti-od-ovog-dana-umrijet-ce-i-zbog-vas-zbog-vase-slabosti-nejedinstva\/","url":"https:\/\/radioljubuski.ba\/index.php\/2022\/03\/05\/zelenskij-ostro-porucio-nato-u-svi-ljudi-koji-ce-umrijeti-od-ovog-dana-umrijet-ce-i-zbog-vas-zbog-vase-slabosti-nejedinstva\/","name":"Zelenskij o\u0161tro poru\u010dio NATO-u: 'Svi ljudi koji \u0107e umrijeti od ovog dana, umrijet \u0107e i zbog vas. Zbog va\u0161e slabosti, nejedinstva...' - RADIO LJUBU\u0160KI","isPartOf":{"@id":"https:\/\/radioljubuski.ba\/#website"},"primaryImageOfPage":{"@id":"https:\/\/radioljubuski.ba\/index.php\/2022\/03\/05\/zelenskij-ostro-porucio-nato-u-svi-ljudi-koji-ce-umrijeti-od-ovog-dana-umrijet-ce-i-zbog-vas-zbog-vase-slabosti-nejedinstva\/#primaryimage"},"image":{"@id":"https:\/\/radioljubuski.ba\/index.php\/2022\/03\/05\/zelenskij-ostro-porucio-nato-u-svi-ljudi-koji-ce-umrijeti-od-ovog-dana-umrijet-ce-i-zbog-vas-zbog-vase-slabosti-nejedinstva\/#primaryimage"},"thumbnailUrl":"https:\/\/radioljubuski.ba\/wp-content\/uploads\/2022\/03\/zelenski-1.jpg","datePublished":"2022-03-05T13:08:21+00:00","dateModified":"2022-03-05T13:08:22+00:00","breadcrumb":{"@id":"https:\/\/radioljubuski.ba\/index.php\/2022\/03\/05\/zelenskij-ostro-porucio-nato-u-svi-ljudi-koji-ce-umrijeti-od-ovog-dana-umrijet-ce-i-zbog-vas-zbog-vase-slabosti-nejedinstva\/#breadcrumb"},"inLanguage":"hr","potentialAction":[{"@type":"ReadAction","target":["https:\/\/radioljubuski.ba\/index.php\/2022\/03\/05\/zelenskij-ostro-porucio-nato-u-svi-ljudi-koji-ce-umrijeti-od-ovog-dana-umrijet-ce-i-zbog-vas-zbog-vase-slabosti-nejedinstva\/"]}]},{"@type":"ImageObject","inLanguage":"hr","@id":"https:\/\/radioljubuski.ba\/index.php\/2022\/03\/05\/zelenskij-ostro-porucio-nato-u-svi-ljudi-koji-ce-umrijeti-od-ovog-dana-umrijet-ce-i-zbog-vas-zbog-vase-slabosti-nejedinstva\/#primaryimage","url":"https:\/\/radioljubuski.ba\/wp-content\/uploads\/2022\/03\/zelenski-1.jpg","contentUrl":"https:\/\/radioljubuski.ba\/wp-content\/uploads\/2022\/03\/zelenski-1.jpg","width":1000,"height":625},{"@type":"BreadcrumbList","@id":"https:\/\/radioljubuski.ba\/index.php\/2022\/03\/05\/zelenskij-ostro-porucio-nato-u-svi-ljudi-koji-ce-umrijeti-od-ovog-dana-umrijet-ce-i-zbog-vas-zbog-vase-slabosti-nejedinstva\/#breadcrumb","itemListElement":[{"@type":"ListItem","position":1,"name":"Po\u010detna stranica","item":"https:\/\/radioljubuski.ba\/"},{"@type":"ListItem","position":2,"name":"Zelenskij o\u0161tro poru\u010dio NATO-u: &#8216;Svi ljudi koji \u0107e umrijeti od ovog dana, umrijet \u0107e i zbog vas. Zbog va\u0161e slabosti, nejedinstva&#8230;&#8217;"}]},{"@type":"WebSite","@id":"https:\/\/radioljubuski.ba\/#website","url":"https:\/\/radioljubuski.ba\/","name":"Radio Ljubu\u0161ki","description":"Sun\u010dana frekvencija Hercegovine","publisher":{"@id":"https:\/\/radioljubuski.ba\/#organization"},"potentialAction":[{"@type":"SearchAction","target":{"@type":"EntryPoint","urlTemplate":"https:\/\/radioljubuski.ba\/?s={search_term_string}"},"query-input":{"@type":"PropertyValueSpecification","valueRequired":true,"valueName":"search_term_string"}}],"inLanguage":"hr"},{"@type":"Organization","@id":"https:\/\/radioljubuski.ba\/#organization","name":"Radio Ljubu\u0161ki","url":"https:\/\/radioljubuski.ba\/","logo":{"@type":"ImageObject","inLanguage":"hr","@id":"https:\/\/radioljubuski.ba\/#\/schema\/logo\/image\/","url":"https:\/\/radioljubuski.ba\/wp-content\/uploads\/2021\/02\/cropped-Radio_Ljubuski_logo1.jpg","contentUrl":"https:\/\/radioljubuski.ba\/wp-content\/uploads\/2021\/02\/cropped-Radio_Ljubuski_logo1.jpg","width":512,"height":512,"caption":"Radio Ljubu\u0161ki"},"image":{"@id":"https:\/\/radioljubuski.ba\/#\/schema\/logo\/image\/"},"sameAs":["https:\/\/www.facebook.com\/Radiio-Ljubuski-1490835324566332","https:\/\/x.com\/radioljubuski","https:\/\/hr.linkedin.com\/company\/radio-ljubuski","https:\/\/www.youtube.com\/channel\/UCHYaeO_n0Db3tjNGudGpXyw"]},{"@type":"Person","@id":"https:\/\/radioljubuski.ba\/#\/schema\/person\/19fc700381a780f69665d7956c469e3b","name":"Radio Ljubu\u0161ki"}]}},"_links":{"self":[{"href":"https:\/\/radioljubuski.ba\/index.php\/wp-json\/wp\/v2\/posts\/118288","targetHints":{"allow":["GET"]}}],"collection":[{"href":"https:\/\/radioljubuski.ba\/index.php\/wp-json\/wp\/v2\/posts"}],"about":[{"href":"https:\/\/radioljubuski.ba\/index.php\/wp-json\/wp\/v2\/types\/post"}],"author":[{"embeddable":true,"href":"https:\/\/radioljubuski.ba\/index.php\/wp-json\/wp\/v2\/users\/2"}],"replies":[{"embeddable":true,"href":"https:\/\/radioljubuski.ba\/index.php\/wp-json\/wp\/v2\/comments?post=118288"}],"version-history":[{"count":1,"href":"https:\/\/radioljubuski.ba\/index.php\/wp-json\/wp\/v2\/posts\/118288\/revisions"}],"predecessor-version":[{"id":118289,"href":"https:\/\/radioljubuski.ba\/index.php\/wp-json\/wp\/v2\/posts\/118288\/revisions\/118289"}],"wp:featuredmedia":[{"embeddable":true,"href":"https:\/\/radioljubuski.ba\/index.php\/wp-json\/wp\/v2\/media\/117482"}],"wp:attachment":[{"href":"https:\/\/radioljubuski.ba\/index.php\/wp-json\/wp\/v2\/media?parent=118288"}],"wp:term":[{"taxonomy":"category","embeddable":true,"href":"https:\/\/radioljubuski.ba\/index.php\/wp-json\/wp\/v2\/categories?post=118288"},{"taxonomy":"post_tag","embeddable":true,"href":"https:\/\/radioljubuski.ba\/index.php\/wp-json\/wp\/v2\/tags?post=118288"}],"curies":[{"name":"wp","href":"https:\/\/api.w.org\/{rel}","templated":true}]}}