{"id":118293,"date":"2022-03-05T14:10:25","date_gmt":"2022-03-05T13:10:25","guid":{"rendered":"https:\/\/radioljubuski.ba\/?p=118293"},"modified":"2022-03-05T14:10:26","modified_gmt":"2022-03-05T13:10:26","slug":"dr-cooreman-ako-radimo-svi-zajedno-mozemo-se-nadati-kraju-covid-pandemije-u-ovoj-godini","status":"publish","type":"post","link":"https:\/\/radioljubuski.ba\/index.php\/2022\/03\/05\/dr-cooreman-ako-radimo-svi-zajedno-mozemo-se-nadati-kraju-covid-pandemije-u-ovoj-godini\/","title":{"rendered":"Dr. Cooreman: Ako radimo svi zajedno mo\u017eemo se nadati kraju Covid pandemije u ovoj godini"},"content":{"rendered":"\n<p>Bosna i Hercegovina obilje\u017eava dvije godine od prvog zabilje\u017eenog slu\u010daja zaraze virusom COVID-19.<\/p>\n\n\n\n<p>Do danas je u Bosni i Hercegovini registrirano 398.016 slu\u010daja zaraze i 15.507 umrlih.&nbsp;<\/p>\n\n\n\n<p>&#8211; Iako \u017ealimo za vi\u0161e od 15.000 ljudi u Bosni i Hercegovini koji su podlegli koronavirusu, imamo razloga da slavimo razvoj sigurnih i efikasnih vakcina u rekordnom roku, sa vi\u0161e od 3,3 milijuna doza distribuiranih u Bosni i Hercegovini, \u010dime su sprije\u010deni mnogo te\u017ei oblici bolesti i spa\u0161eni mnogi \u017eivoti &#8211; izjavio je specijalni predstavnik Svjetske zdravstvene organizacije (SZO) u Bosni i Hercegovini dr. Erwin Cooreman.<\/p>\n\n\n\n<p>Nakon izbijanja pandemije COVID -19, Bosna i Hercegovina je brzo reagirala, a odgovor je bio solidan, navode &nbsp;iz Kancelarije Svjetske zdravstvene organizacije &nbsp;u BiH.<\/p>\n\n\n\n<p>SZO za Bosnu i Hercegovinu pru\u017eila je trenutnu podr\u0161ku zemlji, uz kontinuirano stru\u010dno i financijsko pra\u0107enje.<\/p>\n\n\n\n<p>-Kako ulazimo u tre\u0107u godinu ove pandemije, po\u010dinjemo novu fazu u kojoj uglavnom prevladava visoko zarazna varijanta omikron, koja se \u0161iri Evropom od zapada ka istoku. Dok se \u010dini da je omikron manje opasan od svih prethodnih varijanti, sam broj infekcija zna\u010di da je broj ljudi sa te\u0161kim tokom bolesti i smrtnim ishodom neprihvatljivo velik, a posebno me\u0111u necijepljenim.<\/p>\n\n\n\n<p>Ovo nagla\u0161ava zna\u010daj prioritetne vakcinacije najugro\u017eenijih grupa.<\/p>\n\n\n\n<p>Svi kojima se cjepivo preporu\u010duje, posebno najugro\u017eeniji, trebalo bi da iskoriste prednosti potpune vakcinacije koja spa\u0161ava \u017eivot \u2013 uklju\u010duju\u0107i tzv. buster dozu i tako se maksimalno za\u0161tite od te\u0161kog toka bolesti &#8211; navode iz SZO-a.<\/p>\n\n\n\n<p>&#8211; To je klju\u010dno da sprije\u010dimo preoptere\u0107enost bolni\u010dkih kapaciteta i omogu\u0107imo lije\u010denje ne samo pacijenata sa COVID 19, nego i drugih pacijenata u skladu sa potrebama. Suvi\u0161e veliki broj ljudi jo\u0161 uvijek nije cijepljen, \u0161to dovodi do \u0161irenja virusa, produ\u017eava pandemiju i pove\u0107ava vjerovatno\u0107u pojave novih varijanti. Dokazi su jasni, cjepiva ispunjavaju svoju namjeru, sprje\u010davaju te\u0161ke oblike bolesti i smrtni ishod i pru\u017eaju dobru za\u0161titu od svih varijanti koje su do sada otkrivene &#8211; izjavio je dr. Cooreman.<\/p>\n\n\n\n<p>SZO ve\u0107 radi sa Bosnom i Hercegovinom na suzbijanju pandemije kroz pru\u017eanje stru\u010dne podr\u0161ke za poja\u010dani nadzor, cijepljenja, testiranje i izolaciju, klini\u010dko lije\u010denje i primjenu preventivnih mjera. O\u010dekuje se da \u0107e se koristi ove suradnje osjetiti i dugo nakon pandemije kroz ja\u010danje redovnih zdravstvenih usluga u zemlji.<\/p>\n\n\n\n<p>Kako se navodi, danas smo u mnogo boljoj situaciji nego prije dvije godine, kada je novi i smrtonosan respiratorni virus krenuo u dug i razoran pohod kroz Bosnu i Hercegovinu. Zbog izgubljenih \u017eivota, du\u017eni smo da u\u010dimo iz svojih gre\u0161aka, slu\u0161amo znanost i idemo naprijed sa sredstvima za koja znamo da su djelotvorna kako bismo za\u0161titili sebe i druge.<\/p>\n\n\n\n<p>&#8211; Prepoznajemo ogromne te\u0161ko\u0107e koje su podnijeli gra\u0111ani Bosne i Hercegovine i njeni predani zdravstveni radnici koji su izdr\u017eali te\u017einu ove krize i nastavljaju biti u slu\u017ebi svojih pacijenata. Podr\u0161ka pacijentima i mentalnom zdravlju mora imati centralno mjesto u saniranju pandemije i treba biti naro\u010dito istaknuta u svim planovima za period nakon pandemije &#8211; navodi dr. Cooreman.&nbsp;<\/p>\n\n\n\n<p>Dodaje da je neophodan oprez, jer se pokazalo da je virus nepredvidljiv, veoma zarazan i opasan po \u017eivot, posebno kod necijepljenih osoba.<\/p>\n\n\n\n<p>&#8211; Mo\u017eemo se nadati da COVID-19 postaje endemski u Bosni i Hercegovini. Samo ako radimo svi zajedno, politi\u010dari, nau\u010dnici i gra\u0111ani &nbsp;2022. &nbsp;mo\u017ee biti godina u kojoj se pandemija zavr\u0161ava &#8211; zaklju\u010dio je dr. Cooreman.<\/p>\n\n\n\n<p>Izvor:pogled.ba<\/p>\n","protected":false},"excerpt":{"rendered":"<p>Bosna i Hercegovina obilje\u017eava dvije godine od prvog zabilje\u017eenog slu\u010daja zaraze virusom COVID-19. Do danas je u Bosni i Hercegovini registrirano 398.016 slu\u010daja zaraze i 15.507 umrlih.&nbsp; &#8211; Iako \u017ealimo za vi\u0161e od 15.000 ljudi u Bosni i Hercegovini koji su podlegli koronavirusu, imamo razloga da slavimo razvoj sigurnih i efikasnih vakcina u rekordnom roku, [&hellip;]<\/p>\n","protected":false},"author":2,"featured_media":118294,"comment_status":"closed","ping_status":"closed","sticky":false,"template":"","format":"standard","meta":{"h5ap_radio_sources":[],"footnotes":""},"categories":[1],"tags":[],"class_list":["post-118293","post","type-post","status-publish","format-standard","has-post-thumbnail","hentry","category-bihiregija"],"yoast_head":"<!-- This site is optimized with the Yoast SEO plugin v27.5 - https:\/\/yoast.com\/product\/yoast-seo-wordpress\/ -->\n<title>Dr. Cooreman: Ako radimo svi zajedno mo\u017eemo se nadati kraju Covid pandemije u ovoj godini - RADIO LJUBU\u0160KI<\/title>\n<meta name=\"robots\" content=\"index, follow, max-snippet:-1, max-image-preview:large, max-video-preview:-1\" \/>\n<link rel=\"canonical\" href=\"https:\/\/radioljubuski.ba\/index.php\/2022\/03\/05\/dr-cooreman-ako-radimo-svi-zajedno-mozemo-se-nadati-kraju-covid-pandemije-u-ovoj-godini\/\" \/>\n<meta property=\"og:locale\" content=\"hr_HR\" \/>\n<meta property=\"og:type\" content=\"article\" \/>\n<meta property=\"og:title\" content=\"Dr. Cooreman: Ako radimo svi zajedno mo\u017eemo se nadati kraju Covid pandemije u ovoj godini - RADIO LJUBU\u0160KI\" \/>\n<meta property=\"og:description\" content=\"Bosna i Hercegovina obilje\u017eava dvije godine od prvog zabilje\u017eenog slu\u010daja zaraze virusom COVID-19. Do danas je u Bosni i Hercegovini registrirano 398.016 slu\u010daja zaraze i 15.507 umrlih.&nbsp; &#8211; Iako \u017ealimo za vi\u0161e od 15.000 ljudi u Bosni i Hercegovini koji su podlegli koronavirusu, imamo razloga da slavimo razvoj sigurnih i efikasnih vakcina u rekordnom roku, [&hellip;]\" \/>\n<meta property=\"og:url\" content=\"https:\/\/radioljubuski.ba\/index.php\/2022\/03\/05\/dr-cooreman-ako-radimo-svi-zajedno-mozemo-se-nadati-kraju-covid-pandemije-u-ovoj-godini\/\" \/>\n<meta property=\"og:site_name\" content=\"RADIO LJUBU\u0160KI\" \/>\n<meta property=\"article:publisher\" content=\"https:\/\/www.facebook.com\/Radiio-Ljubuski-1490835324566332\" \/>\n<meta property=\"article:published_time\" content=\"2022-03-05T13:10:25+00:00\" \/>\n<meta property=\"article:modified_time\" content=\"2022-03-05T13:10:26+00:00\" \/>\n<meta property=\"og:image\" content=\"https:\/\/radioljubuski.ba\/wp-content\/uploads\/2022\/03\/2-2022-03-05-11-21-22-l_cc568d837456821639be6ea558697cab.jpg\" \/>\n\t<meta property=\"og:image:width\" content=\"1000\" \/>\n\t<meta property=\"og:image:height\" content=\"625\" \/>\n\t<meta property=\"og:image:type\" content=\"image\/jpeg\" \/>\n<meta name=\"author\" content=\"Radio Ljubu\u0161ki\" \/>\n<meta name=\"twitter:card\" content=\"summary_large_image\" \/>\n<meta name=\"twitter:creator\" content=\"@radioljubuski\" \/>\n<meta name=\"twitter:site\" content=\"@radioljubuski\" \/>\n<meta name=\"twitter:label1\" content=\"Napisao\/la\" \/>\n\t<meta name=\"twitter:data1\" content=\"Radio Ljubu\u0161ki\" \/>\n\t<meta name=\"twitter:label2\" content=\"Procijenjeno vrijeme \u010ditanja\" \/>\n\t<meta name=\"twitter:data2\" content=\"3 minute\" \/>\n<script type=\"application\/ld+json\" class=\"yoast-schema-graph\">{\"@context\":\"https:\\\/\\\/schema.org\",\"@graph\":[{\"@type\":\"Article\",\"@id\":\"https:\\\/\\\/radioljubuski.ba\\\/index.php\\\/2022\\\/03\\\/05\\\/dr-cooreman-ako-radimo-svi-zajedno-mozemo-se-nadati-kraju-covid-pandemije-u-ovoj-godini\\\/#article\",\"isPartOf\":{\"@id\":\"https:\\\/\\\/radioljubuski.ba\\\/index.php\\\/2022\\\/03\\\/05\\\/dr-cooreman-ako-radimo-svi-zajedno-mozemo-se-nadati-kraju-covid-pandemije-u-ovoj-godini\\\/\"},\"author\":{\"name\":\"Radio Ljubu\u0161ki\",\"@id\":\"https:\\\/\\\/radioljubuski.ba\\\/#\\\/schema\\\/person\\\/19fc700381a780f69665d7956c469e3b\"},\"headline\":\"Dr. Cooreman: Ako radimo svi zajedno mo\u017eemo se nadati kraju Covid pandemije u ovoj godini\",\"datePublished\":\"2022-03-05T13:10:25+00:00\",\"dateModified\":\"2022-03-05T13:10:26+00:00\",\"mainEntityOfPage\":{\"@id\":\"https:\\\/\\\/radioljubuski.ba\\\/index.php\\\/2022\\\/03\\\/05\\\/dr-cooreman-ako-radimo-svi-zajedno-mozemo-se-nadati-kraju-covid-pandemije-u-ovoj-godini\\\/\"},\"wordCount\":620,\"publisher\":{\"@id\":\"https:\\\/\\\/radioljubuski.ba\\\/#organization\"},\"image\":{\"@id\":\"https:\\\/\\\/radioljubuski.ba\\\/index.php\\\/2022\\\/03\\\/05\\\/dr-cooreman-ako-radimo-svi-zajedno-mozemo-se-nadati-kraju-covid-pandemije-u-ovoj-godini\\\/#primaryimage\"},\"thumbnailUrl\":\"https:\\\/\\\/radioljubuski.ba\\\/wp-content\\\/uploads\\\/2022\\\/03\\\/2-2022-03-05-11-21-22-l_cc568d837456821639be6ea558697cab.jpg\",\"articleSection\":[\"BIH i regija\"],\"inLanguage\":\"hr\"},{\"@type\":\"WebPage\",\"@id\":\"https:\\\/\\\/radioljubuski.ba\\\/index.php\\\/2022\\\/03\\\/05\\\/dr-cooreman-ako-radimo-svi-zajedno-mozemo-se-nadati-kraju-covid-pandemije-u-ovoj-godini\\\/\",\"url\":\"https:\\\/\\\/radioljubuski.ba\\\/index.php\\\/2022\\\/03\\\/05\\\/dr-cooreman-ako-radimo-svi-zajedno-mozemo-se-nadati-kraju-covid-pandemije-u-ovoj-godini\\\/\",\"name\":\"Dr. Cooreman: Ako radimo svi zajedno mo\u017eemo se nadati kraju Covid pandemije u ovoj godini - RADIO LJUBU\u0160KI\",\"isPartOf\":{\"@id\":\"https:\\\/\\\/radioljubuski.ba\\\/#website\"},\"primaryImageOfPage\":{\"@id\":\"https:\\\/\\\/radioljubuski.ba\\\/index.php\\\/2022\\\/03\\\/05\\\/dr-cooreman-ako-radimo-svi-zajedno-mozemo-se-nadati-kraju-covid-pandemije-u-ovoj-godini\\\/#primaryimage\"},\"image\":{\"@id\":\"https:\\\/\\\/radioljubuski.ba\\\/index.php\\\/2022\\\/03\\\/05\\\/dr-cooreman-ako-radimo-svi-zajedno-mozemo-se-nadati-kraju-covid-pandemije-u-ovoj-godini\\\/#primaryimage\"},\"thumbnailUrl\":\"https:\\\/\\\/radioljubuski.ba\\\/wp-content\\\/uploads\\\/2022\\\/03\\\/2-2022-03-05-11-21-22-l_cc568d837456821639be6ea558697cab.jpg\",\"datePublished\":\"2022-03-05T13:10:25+00:00\",\"dateModified\":\"2022-03-05T13:10:26+00:00\",\"breadcrumb\":{\"@id\":\"https:\\\/\\\/radioljubuski.ba\\\/index.php\\\/2022\\\/03\\\/05\\\/dr-cooreman-ako-radimo-svi-zajedno-mozemo-se-nadati-kraju-covid-pandemije-u-ovoj-godini\\\/#breadcrumb\"},\"inLanguage\":\"hr\",\"potentialAction\":[{\"@type\":\"ReadAction\",\"target\":[\"https:\\\/\\\/radioljubuski.ba\\\/index.php\\\/2022\\\/03\\\/05\\\/dr-cooreman-ako-radimo-svi-zajedno-mozemo-se-nadati-kraju-covid-pandemije-u-ovoj-godini\\\/\"]}]},{\"@type\":\"ImageObject\",\"inLanguage\":\"hr\",\"@id\":\"https:\\\/\\\/radioljubuski.ba\\\/index.php\\\/2022\\\/03\\\/05\\\/dr-cooreman-ako-radimo-svi-zajedno-mozemo-se-nadati-kraju-covid-pandemije-u-ovoj-godini\\\/#primaryimage\",\"url\":\"https:\\\/\\\/radioljubuski.ba\\\/wp-content\\\/uploads\\\/2022\\\/03\\\/2-2022-03-05-11-21-22-l_cc568d837456821639be6ea558697cab.jpg\",\"contentUrl\":\"https:\\\/\\\/radioljubuski.ba\\\/wp-content\\\/uploads\\\/2022\\\/03\\\/2-2022-03-05-11-21-22-l_cc568d837456821639be6ea558697cab.jpg\",\"width\":1000,\"height\":625},{\"@type\":\"BreadcrumbList\",\"@id\":\"https:\\\/\\\/radioljubuski.ba\\\/index.php\\\/2022\\\/03\\\/05\\\/dr-cooreman-ako-radimo-svi-zajedno-mozemo-se-nadati-kraju-covid-pandemije-u-ovoj-godini\\\/#breadcrumb\",\"itemListElement\":[{\"@type\":\"ListItem\",\"position\":1,\"name\":\"Po\u010detna stranica\",\"item\":\"https:\\\/\\\/radioljubuski.ba\\\/\"},{\"@type\":\"ListItem\",\"position\":2,\"name\":\"Dr. Cooreman: Ako radimo svi zajedno mo\u017eemo se nadati kraju Covid pandemije u ovoj godini\"}]},{\"@type\":\"WebSite\",\"@id\":\"https:\\\/\\\/radioljubuski.ba\\\/#website\",\"url\":\"https:\\\/\\\/radioljubuski.ba\\\/\",\"name\":\"Radio Ljubu\u0161ki\",\"description\":\"Sun\u010dana frekvencija Hercegovine\",\"publisher\":{\"@id\":\"https:\\\/\\\/radioljubuski.ba\\\/#organization\"},\"potentialAction\":[{\"@type\":\"SearchAction\",\"target\":{\"@type\":\"EntryPoint\",\"urlTemplate\":\"https:\\\/\\\/radioljubuski.ba\\\/?s={search_term_string}\"},\"query-input\":{\"@type\":\"PropertyValueSpecification\",\"valueRequired\":true,\"valueName\":\"search_term_string\"}}],\"inLanguage\":\"hr\"},{\"@type\":\"Organization\",\"@id\":\"https:\\\/\\\/radioljubuski.ba\\\/#organization\",\"name\":\"Radio Ljubu\u0161ki\",\"url\":\"https:\\\/\\\/radioljubuski.ba\\\/\",\"logo\":{\"@type\":\"ImageObject\",\"inLanguage\":\"hr\",\"@id\":\"https:\\\/\\\/radioljubuski.ba\\\/#\\\/schema\\\/logo\\\/image\\\/\",\"url\":\"https:\\\/\\\/radioljubuski.ba\\\/wp-content\\\/uploads\\\/2021\\\/02\\\/cropped-Radio_Ljubuski_logo1.jpg\",\"contentUrl\":\"https:\\\/\\\/radioljubuski.ba\\\/wp-content\\\/uploads\\\/2021\\\/02\\\/cropped-Radio_Ljubuski_logo1.jpg\",\"width\":512,\"height\":512,\"caption\":\"Radio Ljubu\u0161ki\"},\"image\":{\"@id\":\"https:\\\/\\\/radioljubuski.ba\\\/#\\\/schema\\\/logo\\\/image\\\/\"},\"sameAs\":[\"https:\\\/\\\/www.facebook.com\\\/Radiio-Ljubuski-1490835324566332\",\"https:\\\/\\\/x.com\\\/radioljubuski\",\"https:\\\/\\\/hr.linkedin.com\\\/company\\\/radio-ljubuski\",\"https:\\\/\\\/www.youtube.com\\\/channel\\\/UCHYaeO_n0Db3tjNGudGpXyw\"]},{\"@type\":\"Person\",\"@id\":\"https:\\\/\\\/radioljubuski.ba\\\/#\\\/schema\\\/person\\\/19fc700381a780f69665d7956c469e3b\",\"name\":\"Radio Ljubu\u0161ki\"}]}<\/script>\n<!-- \/ Yoast SEO plugin. -->","yoast_head_json":{"title":"Dr. Cooreman: Ako radimo svi zajedno mo\u017eemo se nadati kraju Covid pandemije u ovoj godini - RADIO LJUBU\u0160KI","robots":{"index":"index","follow":"follow","max-snippet":"max-snippet:-1","max-image-preview":"max-image-preview:large","max-video-preview":"max-video-preview:-1"},"canonical":"https:\/\/radioljubuski.ba\/index.php\/2022\/03\/05\/dr-cooreman-ako-radimo-svi-zajedno-mozemo-se-nadati-kraju-covid-pandemije-u-ovoj-godini\/","og_locale":"hr_HR","og_type":"article","og_title":"Dr. Cooreman: Ako radimo svi zajedno mo\u017eemo se nadati kraju Covid pandemije u ovoj godini - RADIO LJUBU\u0160KI","og_description":"Bosna i Hercegovina obilje\u017eava dvije godine od prvog zabilje\u017eenog slu\u010daja zaraze virusom COVID-19. Do danas je u Bosni i Hercegovini registrirano 398.016 slu\u010daja zaraze i 15.507 umrlih.&nbsp; &#8211; Iako \u017ealimo za vi\u0161e od 15.000 ljudi u Bosni i Hercegovini koji su podlegli koronavirusu, imamo razloga da slavimo razvoj sigurnih i efikasnih vakcina u rekordnom roku, [&hellip;]","og_url":"https:\/\/radioljubuski.ba\/index.php\/2022\/03\/05\/dr-cooreman-ako-radimo-svi-zajedno-mozemo-se-nadati-kraju-covid-pandemije-u-ovoj-godini\/","og_site_name":"RADIO LJUBU\u0160KI","article_publisher":"https:\/\/www.facebook.com\/Radiio-Ljubuski-1490835324566332","article_published_time":"2022-03-05T13:10:25+00:00","article_modified_time":"2022-03-05T13:10:26+00:00","og_image":[{"width":1000,"height":625,"url":"https:\/\/radioljubuski.ba\/wp-content\/uploads\/2022\/03\/2-2022-03-05-11-21-22-l_cc568d837456821639be6ea558697cab.jpg","type":"image\/jpeg"}],"author":"Radio Ljubu\u0161ki","twitter_card":"summary_large_image","twitter_creator":"@radioljubuski","twitter_site":"@radioljubuski","twitter_misc":{"Napisao\/la":"Radio Ljubu\u0161ki","Procijenjeno vrijeme \u010ditanja":"3 minute"},"schema":{"@context":"https:\/\/schema.org","@graph":[{"@type":"Article","@id":"https:\/\/radioljubuski.ba\/index.php\/2022\/03\/05\/dr-cooreman-ako-radimo-svi-zajedno-mozemo-se-nadati-kraju-covid-pandemije-u-ovoj-godini\/#article","isPartOf":{"@id":"https:\/\/radioljubuski.ba\/index.php\/2022\/03\/05\/dr-cooreman-ako-radimo-svi-zajedno-mozemo-se-nadati-kraju-covid-pandemije-u-ovoj-godini\/"},"author":{"name":"Radio Ljubu\u0161ki","@id":"https:\/\/radioljubuski.ba\/#\/schema\/person\/19fc700381a780f69665d7956c469e3b"},"headline":"Dr. Cooreman: Ako radimo svi zajedno mo\u017eemo se nadati kraju Covid pandemije u ovoj godini","datePublished":"2022-03-05T13:10:25+00:00","dateModified":"2022-03-05T13:10:26+00:00","mainEntityOfPage":{"@id":"https:\/\/radioljubuski.ba\/index.php\/2022\/03\/05\/dr-cooreman-ako-radimo-svi-zajedno-mozemo-se-nadati-kraju-covid-pandemije-u-ovoj-godini\/"},"wordCount":620,"publisher":{"@id":"https:\/\/radioljubuski.ba\/#organization"},"image":{"@id":"https:\/\/radioljubuski.ba\/index.php\/2022\/03\/05\/dr-cooreman-ako-radimo-svi-zajedno-mozemo-se-nadati-kraju-covid-pandemije-u-ovoj-godini\/#primaryimage"},"thumbnailUrl":"https:\/\/radioljubuski.ba\/wp-content\/uploads\/2022\/03\/2-2022-03-05-11-21-22-l_cc568d837456821639be6ea558697cab.jpg","articleSection":["BIH i regija"],"inLanguage":"hr"},{"@type":"WebPage","@id":"https:\/\/radioljubuski.ba\/index.php\/2022\/03\/05\/dr-cooreman-ako-radimo-svi-zajedno-mozemo-se-nadati-kraju-covid-pandemije-u-ovoj-godini\/","url":"https:\/\/radioljubuski.ba\/index.php\/2022\/03\/05\/dr-cooreman-ako-radimo-svi-zajedno-mozemo-se-nadati-kraju-covid-pandemije-u-ovoj-godini\/","name":"Dr. Cooreman: Ako radimo svi zajedno mo\u017eemo se nadati kraju Covid pandemije u ovoj godini - RADIO LJUBU\u0160KI","isPartOf":{"@id":"https:\/\/radioljubuski.ba\/#website"},"primaryImageOfPage":{"@id":"https:\/\/radioljubuski.ba\/index.php\/2022\/03\/05\/dr-cooreman-ako-radimo-svi-zajedno-mozemo-se-nadati-kraju-covid-pandemije-u-ovoj-godini\/#primaryimage"},"image":{"@id":"https:\/\/radioljubuski.ba\/index.php\/2022\/03\/05\/dr-cooreman-ako-radimo-svi-zajedno-mozemo-se-nadati-kraju-covid-pandemije-u-ovoj-godini\/#primaryimage"},"thumbnailUrl":"https:\/\/radioljubuski.ba\/wp-content\/uploads\/2022\/03\/2-2022-03-05-11-21-22-l_cc568d837456821639be6ea558697cab.jpg","datePublished":"2022-03-05T13:10:25+00:00","dateModified":"2022-03-05T13:10:26+00:00","breadcrumb":{"@id":"https:\/\/radioljubuski.ba\/index.php\/2022\/03\/05\/dr-cooreman-ako-radimo-svi-zajedno-mozemo-se-nadati-kraju-covid-pandemije-u-ovoj-godini\/#breadcrumb"},"inLanguage":"hr","potentialAction":[{"@type":"ReadAction","target":["https:\/\/radioljubuski.ba\/index.php\/2022\/03\/05\/dr-cooreman-ako-radimo-svi-zajedno-mozemo-se-nadati-kraju-covid-pandemije-u-ovoj-godini\/"]}]},{"@type":"ImageObject","inLanguage":"hr","@id":"https:\/\/radioljubuski.ba\/index.php\/2022\/03\/05\/dr-cooreman-ako-radimo-svi-zajedno-mozemo-se-nadati-kraju-covid-pandemije-u-ovoj-godini\/#primaryimage","url":"https:\/\/radioljubuski.ba\/wp-content\/uploads\/2022\/03\/2-2022-03-05-11-21-22-l_cc568d837456821639be6ea558697cab.jpg","contentUrl":"https:\/\/radioljubuski.ba\/wp-content\/uploads\/2022\/03\/2-2022-03-05-11-21-22-l_cc568d837456821639be6ea558697cab.jpg","width":1000,"height":625},{"@type":"BreadcrumbList","@id":"https:\/\/radioljubuski.ba\/index.php\/2022\/03\/05\/dr-cooreman-ako-radimo-svi-zajedno-mozemo-se-nadati-kraju-covid-pandemije-u-ovoj-godini\/#breadcrumb","itemListElement":[{"@type":"ListItem","position":1,"name":"Po\u010detna stranica","item":"https:\/\/radioljubuski.ba\/"},{"@type":"ListItem","position":2,"name":"Dr. Cooreman: Ako radimo svi zajedno mo\u017eemo se nadati kraju Covid pandemije u ovoj godini"}]},{"@type":"WebSite","@id":"https:\/\/radioljubuski.ba\/#website","url":"https:\/\/radioljubuski.ba\/","name":"Radio Ljubu\u0161ki","description":"Sun\u010dana frekvencija Hercegovine","publisher":{"@id":"https:\/\/radioljubuski.ba\/#organization"},"potentialAction":[{"@type":"SearchAction","target":{"@type":"EntryPoint","urlTemplate":"https:\/\/radioljubuski.ba\/?s={search_term_string}"},"query-input":{"@type":"PropertyValueSpecification","valueRequired":true,"valueName":"search_term_string"}}],"inLanguage":"hr"},{"@type":"Organization","@id":"https:\/\/radioljubuski.ba\/#organization","name":"Radio Ljubu\u0161ki","url":"https:\/\/radioljubuski.ba\/","logo":{"@type":"ImageObject","inLanguage":"hr","@id":"https:\/\/radioljubuski.ba\/#\/schema\/logo\/image\/","url":"https:\/\/radioljubuski.ba\/wp-content\/uploads\/2021\/02\/cropped-Radio_Ljubuski_logo1.jpg","contentUrl":"https:\/\/radioljubuski.ba\/wp-content\/uploads\/2021\/02\/cropped-Radio_Ljubuski_logo1.jpg","width":512,"height":512,"caption":"Radio Ljubu\u0161ki"},"image":{"@id":"https:\/\/radioljubuski.ba\/#\/schema\/logo\/image\/"},"sameAs":["https:\/\/www.facebook.com\/Radiio-Ljubuski-1490835324566332","https:\/\/x.com\/radioljubuski","https:\/\/hr.linkedin.com\/company\/radio-ljubuski","https:\/\/www.youtube.com\/channel\/UCHYaeO_n0Db3tjNGudGpXyw"]},{"@type":"Person","@id":"https:\/\/radioljubuski.ba\/#\/schema\/person\/19fc700381a780f69665d7956c469e3b","name":"Radio Ljubu\u0161ki"}]}},"_links":{"self":[{"href":"https:\/\/radioljubuski.ba\/index.php\/wp-json\/wp\/v2\/posts\/118293","targetHints":{"allow":["GET"]}}],"collection":[{"href":"https:\/\/radioljubuski.ba\/index.php\/wp-json\/wp\/v2\/posts"}],"about":[{"href":"https:\/\/radioljubuski.ba\/index.php\/wp-json\/wp\/v2\/types\/post"}],"author":[{"embeddable":true,"href":"https:\/\/radioljubuski.ba\/index.php\/wp-json\/wp\/v2\/users\/2"}],"replies":[{"embeddable":true,"href":"https:\/\/radioljubuski.ba\/index.php\/wp-json\/wp\/v2\/comments?post=118293"}],"version-history":[{"count":1,"href":"https:\/\/radioljubuski.ba\/index.php\/wp-json\/wp\/v2\/posts\/118293\/revisions"}],"predecessor-version":[{"id":118295,"href":"https:\/\/radioljubuski.ba\/index.php\/wp-json\/wp\/v2\/posts\/118293\/revisions\/118295"}],"wp:featuredmedia":[{"embeddable":true,"href":"https:\/\/radioljubuski.ba\/index.php\/wp-json\/wp\/v2\/media\/118294"}],"wp:attachment":[{"href":"https:\/\/radioljubuski.ba\/index.php\/wp-json\/wp\/v2\/media?parent=118293"}],"wp:term":[{"taxonomy":"category","embeddable":true,"href":"https:\/\/radioljubuski.ba\/index.php\/wp-json\/wp\/v2\/categories?post=118293"},{"taxonomy":"post_tag","embeddable":true,"href":"https:\/\/radioljubuski.ba\/index.php\/wp-json\/wp\/v2\/tags?post=118293"}],"curies":[{"name":"wp","href":"https:\/\/api.w.org\/{rel}","templated":true}]}}