{"id":118384,"date":"2022-03-05T20:45:46","date_gmt":"2022-03-05T19:45:46","guid":{"rendered":"https:\/\/radioljubuski.ba\/?p=118384"},"modified":"2022-03-05T20:45:47","modified_gmt":"2022-03-05T19:45:47","slug":"zara-sutra-zatvara-sve-svoje-trgovine-u-rusiji","status":"publish","type":"post","link":"https:\/\/radioljubuski.ba\/index.php\/2022\/03\/05\/zara-sutra-zatvara-sve-svoje-trgovine-u-rusiji\/","title":{"rendered":"Zara sutra zatvara sve svoje trgovine u Rusiji"},"content":{"rendered":"\n<p>\u0160panjolski lanac trgovina odje\u0107om Inditex, vlasnik popularne Zare, od sutra \u0107e zatvoriti sve svoje trgovine u Rusiji, a ondje ih je 502.<\/p>\n\n\n\n<p>Inditex, jedna od najve\u0107ih grupacija za distribuciju mode na svijetu zatvorit \u0107e trgovine svih svojih osam brendova: Zaru, Pull &amp; Bear, Massimo Dutti, Bershku, Stradivarius, Oysho, Zara Home i Uterq\u00fce.<\/p>\n\n\n\n<p>Iz uprave \u0161panjolske tvrtke BBC-ju su rekli da razra\u0111uju plan potpore za svojih 9000 zaposlenika u ruskim trgovinama dok budu &#8220;privremeno&#8221; zatvorene.&nbsp;<\/p>\n\n\n\n<p>U me\u0111uvremenu, Samsung &#8211; vode\u0107i dobavlja\u010d pametnih telefona u Rusiji, ispred Xiaomija i Applea, zbog trenuta\u010dnog geopoliti\u010dkog razvoja situacije obustavlja isporuku u Rusiju.<\/p>\n\n\n\n<p>Jo\u0161 je nepoznato ho\u0107e li Samsung zatvoriti svoje trgovine u Rusiji.<\/p>\n\n\n\n<p>Usluge Rusiji uskra\u0107uje i tvrtka za online pla\u0107anje Paypal, koja je osudila &#8220;nasilnu vojnu agresiju&#8221; na zemlju. Iz Paypala su pojasnili da se iz Rusije povla\u010de &#8220;na odre\u0111eno vrijeme&#8221;.<\/p>\n\n\n\n<p>Ranije su du\u017enosnici ukrajinske vlade pozvali PayPal da napusti Rusiju i pomogne im u prikupljanju novca.<\/p>\n\n\n\n<p>Nabrojene tvrtke tako su se pridru\u017eile nizu brendova koji zadnjih dana napu\u0161taju Rusiju zbog napada na Ukrajinu i uvedenih joj me\u0111unarodnih sankcija.&nbsp;<\/p>\n\n\n\n<p>Francuski divovi luksuznih proizvoda LVMH, Kering, Herm\u00e8s i Chanel u petak su objavili da &#8220;privremeno&#8221; zatvaraju svoje prodavaonice u Rusiji, nakon invazije te zemlje na Ukrajinu.&nbsp;<\/p>\n\n\n\n<p>Jaguar Land Rover (JLR), General Motors, Aston Martin, Rolls-Royce i Volkswagen su proizvo\u0111a\u010di automobila koji su zbog sukoba obustavili isporuke vozila Rusiji.<\/p>\n\n\n\n<p>Ve\u0107 su oti\u0161li i Ikea, H&amp;M, Jysk, Burberry i Apple, a najnoviji Warner Brosov blockbuster &#8216;Batman&#8217; u Rusiji ne\u0107e do\u017eivjeti svjetsku premijeru jer je tvrtka obustavila emitiranje svojih novih filmova u toj zemlji.&nbsp;<\/p>\n\n\n\n<p>Warner Brosu pridru\u017eile su se medijske i produkcijske ku\u0107e Disney i Sony, koje su odlu\u010dile premijerno ne prikazati svoja najnovija filmska ostvarenja, filmove Crvena panda i Marvelovu adaptaciju filma Morbius.<\/p>\n\n\n\n<p>Sve &#8220;budu\u0107e projekte&#8221; u Rusiji je, zbog aktualnih doga\u0111aja odlu\u010dio suspendirati i Netflix.<\/p>\n\n\n\n<p>Izvor:pogled.ba<\/p>\n","protected":false},"excerpt":{"rendered":"<p>\u0160panjolski lanac trgovina odje\u0107om Inditex, vlasnik popularne Zare, od sutra \u0107e zatvoriti sve svoje trgovine u Rusiji, a ondje ih je 502. Inditex, jedna od najve\u0107ih grupacija za distribuciju mode na svijetu zatvorit \u0107e trgovine svih svojih osam brendova: Zaru, Pull &amp; Bear, Massimo Dutti, Bershku, Stradivarius, Oysho, Zara Home i Uterq\u00fce. Iz uprave \u0161panjolske [&hellip;]<\/p>\n","protected":false},"author":2,"featured_media":118385,"comment_status":"closed","ping_status":"closed","sticky":false,"template":"","format":"standard","meta":{"h5ap_radio_sources":[],"footnotes":""},"categories":[1],"tags":[],"class_list":["post-118384","post","type-post","status-publish","format-standard","has-post-thumbnail","hentry","category-bihiregija"],"yoast_head":"<!-- This site is optimized with the Yoast SEO plugin v27.5 - https:\/\/yoast.com\/product\/yoast-seo-wordpress\/ -->\n<title>Zara sutra zatvara sve svoje trgovine u Rusiji - RADIO LJUBU\u0160KI<\/title>\n<meta name=\"robots\" content=\"index, follow, max-snippet:-1, max-image-preview:large, max-video-preview:-1\" \/>\n<link rel=\"canonical\" href=\"https:\/\/radioljubuski.ba\/index.php\/2022\/03\/05\/zara-sutra-zatvara-sve-svoje-trgovine-u-rusiji\/\" \/>\n<meta property=\"og:locale\" content=\"hr_HR\" \/>\n<meta property=\"og:type\" content=\"article\" \/>\n<meta property=\"og:title\" content=\"Zara sutra zatvara sve svoje trgovine u Rusiji - RADIO LJUBU\u0160KI\" \/>\n<meta property=\"og:description\" content=\"\u0160panjolski lanac trgovina odje\u0107om Inditex, vlasnik popularne Zare, od sutra \u0107e zatvoriti sve svoje trgovine u Rusiji, a ondje ih je 502. Inditex, jedna od najve\u0107ih grupacija za distribuciju mode na svijetu zatvorit \u0107e trgovine svih svojih osam brendova: Zaru, Pull &amp; Bear, Massimo Dutti, Bershku, Stradivarius, Oysho, Zara Home i Uterq\u00fce. Iz uprave \u0161panjolske [&hellip;]\" \/>\n<meta property=\"og:url\" content=\"https:\/\/radioljubuski.ba\/index.php\/2022\/03\/05\/zara-sutra-zatvara-sve-svoje-trgovine-u-rusiji\/\" \/>\n<meta property=\"og:site_name\" content=\"RADIO LJUBU\u0160KI\" \/>\n<meta property=\"article:publisher\" content=\"https:\/\/www.facebook.com\/Radiio-Ljubuski-1490835324566332\" \/>\n<meta property=\"article:published_time\" content=\"2022-03-05T19:45:46+00:00\" \/>\n<meta property=\"article:modified_time\" content=\"2022-03-05T19:45:47+00:00\" \/>\n<meta property=\"og:image\" content=\"https:\/\/radioljubuski.ba\/wp-content\/uploads\/2022\/03\/3-2022-03-05-13-30-22-ZARAA.jpg\" \/>\n\t<meta property=\"og:image:width\" content=\"1000\" \/>\n\t<meta property=\"og:image:height\" content=\"625\" \/>\n\t<meta property=\"og:image:type\" content=\"image\/jpeg\" \/>\n<meta name=\"author\" content=\"Radio Ljubu\u0161ki\" \/>\n<meta name=\"twitter:card\" content=\"summary_large_image\" \/>\n<meta name=\"twitter:creator\" content=\"@radioljubuski\" \/>\n<meta name=\"twitter:site\" content=\"@radioljubuski\" \/>\n<meta name=\"twitter:label1\" content=\"Napisao\/la\" \/>\n\t<meta name=\"twitter:data1\" content=\"Radio Ljubu\u0161ki\" \/>\n\t<meta name=\"twitter:label2\" content=\"Procijenjeno vrijeme \u010ditanja\" \/>\n\t<meta name=\"twitter:data2\" content=\"2 minute\" \/>\n<script type=\"application\/ld+json\" class=\"yoast-schema-graph\">{\"@context\":\"https:\\\/\\\/schema.org\",\"@graph\":[{\"@type\":\"Article\",\"@id\":\"https:\\\/\\\/radioljubuski.ba\\\/index.php\\\/2022\\\/03\\\/05\\\/zara-sutra-zatvara-sve-svoje-trgovine-u-rusiji\\\/#article\",\"isPartOf\":{\"@id\":\"https:\\\/\\\/radioljubuski.ba\\\/index.php\\\/2022\\\/03\\\/05\\\/zara-sutra-zatvara-sve-svoje-trgovine-u-rusiji\\\/\"},\"author\":{\"name\":\"Radio Ljubu\u0161ki\",\"@id\":\"https:\\\/\\\/radioljubuski.ba\\\/#\\\/schema\\\/person\\\/19fc700381a780f69665d7956c469e3b\"},\"headline\":\"Zara sutra zatvara sve svoje trgovine u Rusiji\",\"datePublished\":\"2022-03-05T19:45:46+00:00\",\"dateModified\":\"2022-03-05T19:45:47+00:00\",\"mainEntityOfPage\":{\"@id\":\"https:\\\/\\\/radioljubuski.ba\\\/index.php\\\/2022\\\/03\\\/05\\\/zara-sutra-zatvara-sve-svoje-trgovine-u-rusiji\\\/\"},\"wordCount\":343,\"publisher\":{\"@id\":\"https:\\\/\\\/radioljubuski.ba\\\/#organization\"},\"image\":{\"@id\":\"https:\\\/\\\/radioljubuski.ba\\\/index.php\\\/2022\\\/03\\\/05\\\/zara-sutra-zatvara-sve-svoje-trgovine-u-rusiji\\\/#primaryimage\"},\"thumbnailUrl\":\"https:\\\/\\\/radioljubuski.ba\\\/wp-content\\\/uploads\\\/2022\\\/03\\\/3-2022-03-05-13-30-22-ZARAA.jpg\",\"articleSection\":[\"BIH i regija\"],\"inLanguage\":\"hr\"},{\"@type\":\"WebPage\",\"@id\":\"https:\\\/\\\/radioljubuski.ba\\\/index.php\\\/2022\\\/03\\\/05\\\/zara-sutra-zatvara-sve-svoje-trgovine-u-rusiji\\\/\",\"url\":\"https:\\\/\\\/radioljubuski.ba\\\/index.php\\\/2022\\\/03\\\/05\\\/zara-sutra-zatvara-sve-svoje-trgovine-u-rusiji\\\/\",\"name\":\"Zara sutra zatvara sve svoje trgovine u Rusiji - RADIO LJUBU\u0160KI\",\"isPartOf\":{\"@id\":\"https:\\\/\\\/radioljubuski.ba\\\/#website\"},\"primaryImageOfPage\":{\"@id\":\"https:\\\/\\\/radioljubuski.ba\\\/index.php\\\/2022\\\/03\\\/05\\\/zara-sutra-zatvara-sve-svoje-trgovine-u-rusiji\\\/#primaryimage\"},\"image\":{\"@id\":\"https:\\\/\\\/radioljubuski.ba\\\/index.php\\\/2022\\\/03\\\/05\\\/zara-sutra-zatvara-sve-svoje-trgovine-u-rusiji\\\/#primaryimage\"},\"thumbnailUrl\":\"https:\\\/\\\/radioljubuski.ba\\\/wp-content\\\/uploads\\\/2022\\\/03\\\/3-2022-03-05-13-30-22-ZARAA.jpg\",\"datePublished\":\"2022-03-05T19:45:46+00:00\",\"dateModified\":\"2022-03-05T19:45:47+00:00\",\"breadcrumb\":{\"@id\":\"https:\\\/\\\/radioljubuski.ba\\\/index.php\\\/2022\\\/03\\\/05\\\/zara-sutra-zatvara-sve-svoje-trgovine-u-rusiji\\\/#breadcrumb\"},\"inLanguage\":\"hr\",\"potentialAction\":[{\"@type\":\"ReadAction\",\"target\":[\"https:\\\/\\\/radioljubuski.ba\\\/index.php\\\/2022\\\/03\\\/05\\\/zara-sutra-zatvara-sve-svoje-trgovine-u-rusiji\\\/\"]}]},{\"@type\":\"ImageObject\",\"inLanguage\":\"hr\",\"@id\":\"https:\\\/\\\/radioljubuski.ba\\\/index.php\\\/2022\\\/03\\\/05\\\/zara-sutra-zatvara-sve-svoje-trgovine-u-rusiji\\\/#primaryimage\",\"url\":\"https:\\\/\\\/radioljubuski.ba\\\/wp-content\\\/uploads\\\/2022\\\/03\\\/3-2022-03-05-13-30-22-ZARAA.jpg\",\"contentUrl\":\"https:\\\/\\\/radioljubuski.ba\\\/wp-content\\\/uploads\\\/2022\\\/03\\\/3-2022-03-05-13-30-22-ZARAA.jpg\",\"width\":1000,\"height\":625},{\"@type\":\"BreadcrumbList\",\"@id\":\"https:\\\/\\\/radioljubuski.ba\\\/index.php\\\/2022\\\/03\\\/05\\\/zara-sutra-zatvara-sve-svoje-trgovine-u-rusiji\\\/#breadcrumb\",\"itemListElement\":[{\"@type\":\"ListItem\",\"position\":1,\"name\":\"Po\u010detna stranica\",\"item\":\"https:\\\/\\\/radioljubuski.ba\\\/\"},{\"@type\":\"ListItem\",\"position\":2,\"name\":\"Zara sutra zatvara sve svoje trgovine u Rusiji\"}]},{\"@type\":\"WebSite\",\"@id\":\"https:\\\/\\\/radioljubuski.ba\\\/#website\",\"url\":\"https:\\\/\\\/radioljubuski.ba\\\/\",\"name\":\"Radio Ljubu\u0161ki\",\"description\":\"Sun\u010dana frekvencija Hercegovine\",\"publisher\":{\"@id\":\"https:\\\/\\\/radioljubuski.ba\\\/#organization\"},\"potentialAction\":[{\"@type\":\"SearchAction\",\"target\":{\"@type\":\"EntryPoint\",\"urlTemplate\":\"https:\\\/\\\/radioljubuski.ba\\\/?s={search_term_string}\"},\"query-input\":{\"@type\":\"PropertyValueSpecification\",\"valueRequired\":true,\"valueName\":\"search_term_string\"}}],\"inLanguage\":\"hr\"},{\"@type\":\"Organization\",\"@id\":\"https:\\\/\\\/radioljubuski.ba\\\/#organization\",\"name\":\"Radio Ljubu\u0161ki\",\"url\":\"https:\\\/\\\/radioljubuski.ba\\\/\",\"logo\":{\"@type\":\"ImageObject\",\"inLanguage\":\"hr\",\"@id\":\"https:\\\/\\\/radioljubuski.ba\\\/#\\\/schema\\\/logo\\\/image\\\/\",\"url\":\"https:\\\/\\\/radioljubuski.ba\\\/wp-content\\\/uploads\\\/2021\\\/02\\\/cropped-Radio_Ljubuski_logo1.jpg\",\"contentUrl\":\"https:\\\/\\\/radioljubuski.ba\\\/wp-content\\\/uploads\\\/2021\\\/02\\\/cropped-Radio_Ljubuski_logo1.jpg\",\"width\":512,\"height\":512,\"caption\":\"Radio Ljubu\u0161ki\"},\"image\":{\"@id\":\"https:\\\/\\\/radioljubuski.ba\\\/#\\\/schema\\\/logo\\\/image\\\/\"},\"sameAs\":[\"https:\\\/\\\/www.facebook.com\\\/Radiio-Ljubuski-1490835324566332\",\"https:\\\/\\\/x.com\\\/radioljubuski\",\"https:\\\/\\\/hr.linkedin.com\\\/company\\\/radio-ljubuski\",\"https:\\\/\\\/www.youtube.com\\\/channel\\\/UCHYaeO_n0Db3tjNGudGpXyw\"]},{\"@type\":\"Person\",\"@id\":\"https:\\\/\\\/radioljubuski.ba\\\/#\\\/schema\\\/person\\\/19fc700381a780f69665d7956c469e3b\",\"name\":\"Radio Ljubu\u0161ki\"}]}<\/script>\n<!-- \/ Yoast SEO plugin. -->","yoast_head_json":{"title":"Zara sutra zatvara sve svoje trgovine u Rusiji - RADIO LJUBU\u0160KI","robots":{"index":"index","follow":"follow","max-snippet":"max-snippet:-1","max-image-preview":"max-image-preview:large","max-video-preview":"max-video-preview:-1"},"canonical":"https:\/\/radioljubuski.ba\/index.php\/2022\/03\/05\/zara-sutra-zatvara-sve-svoje-trgovine-u-rusiji\/","og_locale":"hr_HR","og_type":"article","og_title":"Zara sutra zatvara sve svoje trgovine u Rusiji - RADIO LJUBU\u0160KI","og_description":"\u0160panjolski lanac trgovina odje\u0107om Inditex, vlasnik popularne Zare, od sutra \u0107e zatvoriti sve svoje trgovine u Rusiji, a ondje ih je 502. Inditex, jedna od najve\u0107ih grupacija za distribuciju mode na svijetu zatvorit \u0107e trgovine svih svojih osam brendova: Zaru, Pull &amp; Bear, Massimo Dutti, Bershku, Stradivarius, Oysho, Zara Home i Uterq\u00fce. Iz uprave \u0161panjolske [&hellip;]","og_url":"https:\/\/radioljubuski.ba\/index.php\/2022\/03\/05\/zara-sutra-zatvara-sve-svoje-trgovine-u-rusiji\/","og_site_name":"RADIO LJUBU\u0160KI","article_publisher":"https:\/\/www.facebook.com\/Radiio-Ljubuski-1490835324566332","article_published_time":"2022-03-05T19:45:46+00:00","article_modified_time":"2022-03-05T19:45:47+00:00","og_image":[{"width":1000,"height":625,"url":"https:\/\/radioljubuski.ba\/wp-content\/uploads\/2022\/03\/3-2022-03-05-13-30-22-ZARAA.jpg","type":"image\/jpeg"}],"author":"Radio Ljubu\u0161ki","twitter_card":"summary_large_image","twitter_creator":"@radioljubuski","twitter_site":"@radioljubuski","twitter_misc":{"Napisao\/la":"Radio Ljubu\u0161ki","Procijenjeno vrijeme \u010ditanja":"2 minute"},"schema":{"@context":"https:\/\/schema.org","@graph":[{"@type":"Article","@id":"https:\/\/radioljubuski.ba\/index.php\/2022\/03\/05\/zara-sutra-zatvara-sve-svoje-trgovine-u-rusiji\/#article","isPartOf":{"@id":"https:\/\/radioljubuski.ba\/index.php\/2022\/03\/05\/zara-sutra-zatvara-sve-svoje-trgovine-u-rusiji\/"},"author":{"name":"Radio Ljubu\u0161ki","@id":"https:\/\/radioljubuski.ba\/#\/schema\/person\/19fc700381a780f69665d7956c469e3b"},"headline":"Zara sutra zatvara sve svoje trgovine u Rusiji","datePublished":"2022-03-05T19:45:46+00:00","dateModified":"2022-03-05T19:45:47+00:00","mainEntityOfPage":{"@id":"https:\/\/radioljubuski.ba\/index.php\/2022\/03\/05\/zara-sutra-zatvara-sve-svoje-trgovine-u-rusiji\/"},"wordCount":343,"publisher":{"@id":"https:\/\/radioljubuski.ba\/#organization"},"image":{"@id":"https:\/\/radioljubuski.ba\/index.php\/2022\/03\/05\/zara-sutra-zatvara-sve-svoje-trgovine-u-rusiji\/#primaryimage"},"thumbnailUrl":"https:\/\/radioljubuski.ba\/wp-content\/uploads\/2022\/03\/3-2022-03-05-13-30-22-ZARAA.jpg","articleSection":["BIH i regija"],"inLanguage":"hr"},{"@type":"WebPage","@id":"https:\/\/radioljubuski.ba\/index.php\/2022\/03\/05\/zara-sutra-zatvara-sve-svoje-trgovine-u-rusiji\/","url":"https:\/\/radioljubuski.ba\/index.php\/2022\/03\/05\/zara-sutra-zatvara-sve-svoje-trgovine-u-rusiji\/","name":"Zara sutra zatvara sve svoje trgovine u Rusiji - RADIO LJUBU\u0160KI","isPartOf":{"@id":"https:\/\/radioljubuski.ba\/#website"},"primaryImageOfPage":{"@id":"https:\/\/radioljubuski.ba\/index.php\/2022\/03\/05\/zara-sutra-zatvara-sve-svoje-trgovine-u-rusiji\/#primaryimage"},"image":{"@id":"https:\/\/radioljubuski.ba\/index.php\/2022\/03\/05\/zara-sutra-zatvara-sve-svoje-trgovine-u-rusiji\/#primaryimage"},"thumbnailUrl":"https:\/\/radioljubuski.ba\/wp-content\/uploads\/2022\/03\/3-2022-03-05-13-30-22-ZARAA.jpg","datePublished":"2022-03-05T19:45:46+00:00","dateModified":"2022-03-05T19:45:47+00:00","breadcrumb":{"@id":"https:\/\/radioljubuski.ba\/index.php\/2022\/03\/05\/zara-sutra-zatvara-sve-svoje-trgovine-u-rusiji\/#breadcrumb"},"inLanguage":"hr","potentialAction":[{"@type":"ReadAction","target":["https:\/\/radioljubuski.ba\/index.php\/2022\/03\/05\/zara-sutra-zatvara-sve-svoje-trgovine-u-rusiji\/"]}]},{"@type":"ImageObject","inLanguage":"hr","@id":"https:\/\/radioljubuski.ba\/index.php\/2022\/03\/05\/zara-sutra-zatvara-sve-svoje-trgovine-u-rusiji\/#primaryimage","url":"https:\/\/radioljubuski.ba\/wp-content\/uploads\/2022\/03\/3-2022-03-05-13-30-22-ZARAA.jpg","contentUrl":"https:\/\/radioljubuski.ba\/wp-content\/uploads\/2022\/03\/3-2022-03-05-13-30-22-ZARAA.jpg","width":1000,"height":625},{"@type":"BreadcrumbList","@id":"https:\/\/radioljubuski.ba\/index.php\/2022\/03\/05\/zara-sutra-zatvara-sve-svoje-trgovine-u-rusiji\/#breadcrumb","itemListElement":[{"@type":"ListItem","position":1,"name":"Po\u010detna stranica","item":"https:\/\/radioljubuski.ba\/"},{"@type":"ListItem","position":2,"name":"Zara sutra zatvara sve svoje trgovine u Rusiji"}]},{"@type":"WebSite","@id":"https:\/\/radioljubuski.ba\/#website","url":"https:\/\/radioljubuski.ba\/","name":"Radio Ljubu\u0161ki","description":"Sun\u010dana frekvencija Hercegovine","publisher":{"@id":"https:\/\/radioljubuski.ba\/#organization"},"potentialAction":[{"@type":"SearchAction","target":{"@type":"EntryPoint","urlTemplate":"https:\/\/radioljubuski.ba\/?s={search_term_string}"},"query-input":{"@type":"PropertyValueSpecification","valueRequired":true,"valueName":"search_term_string"}}],"inLanguage":"hr"},{"@type":"Organization","@id":"https:\/\/radioljubuski.ba\/#organization","name":"Radio Ljubu\u0161ki","url":"https:\/\/radioljubuski.ba\/","logo":{"@type":"ImageObject","inLanguage":"hr","@id":"https:\/\/radioljubuski.ba\/#\/schema\/logo\/image\/","url":"https:\/\/radioljubuski.ba\/wp-content\/uploads\/2021\/02\/cropped-Radio_Ljubuski_logo1.jpg","contentUrl":"https:\/\/radioljubuski.ba\/wp-content\/uploads\/2021\/02\/cropped-Radio_Ljubuski_logo1.jpg","width":512,"height":512,"caption":"Radio Ljubu\u0161ki"},"image":{"@id":"https:\/\/radioljubuski.ba\/#\/schema\/logo\/image\/"},"sameAs":["https:\/\/www.facebook.com\/Radiio-Ljubuski-1490835324566332","https:\/\/x.com\/radioljubuski","https:\/\/hr.linkedin.com\/company\/radio-ljubuski","https:\/\/www.youtube.com\/channel\/UCHYaeO_n0Db3tjNGudGpXyw"]},{"@type":"Person","@id":"https:\/\/radioljubuski.ba\/#\/schema\/person\/19fc700381a780f69665d7956c469e3b","name":"Radio Ljubu\u0161ki"}]}},"_links":{"self":[{"href":"https:\/\/radioljubuski.ba\/index.php\/wp-json\/wp\/v2\/posts\/118384","targetHints":{"allow":["GET"]}}],"collection":[{"href":"https:\/\/radioljubuski.ba\/index.php\/wp-json\/wp\/v2\/posts"}],"about":[{"href":"https:\/\/radioljubuski.ba\/index.php\/wp-json\/wp\/v2\/types\/post"}],"author":[{"embeddable":true,"href":"https:\/\/radioljubuski.ba\/index.php\/wp-json\/wp\/v2\/users\/2"}],"replies":[{"embeddable":true,"href":"https:\/\/radioljubuski.ba\/index.php\/wp-json\/wp\/v2\/comments?post=118384"}],"version-history":[{"count":1,"href":"https:\/\/radioljubuski.ba\/index.php\/wp-json\/wp\/v2\/posts\/118384\/revisions"}],"predecessor-version":[{"id":118386,"href":"https:\/\/radioljubuski.ba\/index.php\/wp-json\/wp\/v2\/posts\/118384\/revisions\/118386"}],"wp:featuredmedia":[{"embeddable":true,"href":"https:\/\/radioljubuski.ba\/index.php\/wp-json\/wp\/v2\/media\/118385"}],"wp:attachment":[{"href":"https:\/\/radioljubuski.ba\/index.php\/wp-json\/wp\/v2\/media?parent=118384"}],"wp:term":[{"taxonomy":"category","embeddable":true,"href":"https:\/\/radioljubuski.ba\/index.php\/wp-json\/wp\/v2\/categories?post=118384"},{"taxonomy":"post_tag","embeddable":true,"href":"https:\/\/radioljubuski.ba\/index.php\/wp-json\/wp\/v2\/tags?post=118384"}],"curies":[{"name":"wp","href":"https:\/\/api.w.org\/{rel}","templated":true}]}}