{"id":118393,"date":"2022-03-05T20:49:05","date_gmt":"2022-03-05T19:49:05","guid":{"rendered":"https:\/\/radioljubuski.ba\/?p=118393"},"modified":"2022-03-05T20:49:06","modified_gmt":"2022-03-05T19:49:06","slug":"oglasio-se-putin-sankcije-su-poput-objave-rata-ali-svi-zadaci-unistavanja-vojne-infrastrukture-u-ukrajini-uskoro-ce-biti-zavrseni","status":"publish","type":"post","link":"https:\/\/radioljubuski.ba\/index.php\/2022\/03\/05\/oglasio-se-putin-sankcije-su-poput-objave-rata-ali-svi-zadaci-unistavanja-vojne-infrastrukture-u-ukrajini-uskoro-ce-biti-zavrseni\/","title":{"rendered":"Oglasio se Putin: \u2018Sankcije su poput objave rata! Ali, svi zadaci uni\u0161tavanja vojne infrastrukture u Ukrajini uskoro \u0107e biti zavr\u0161eni\u2018"},"content":{"rendered":"\n<p>Ruski predsjednik Vladimir Putin u subotu je najavio da \u0107e &#8220;svi zadaci uni\u0161tavanja vojne infrastrukture u Ukrajini uskoro biti zavr\u0161eni&#8221;, ali je istovremeno zapadne sankcije usporedio s objavom rata te je Ukrajini zaprijetio &#8220;gubitkom dr\u017eavnosti&#8221; ako se &#8220;nastavi pona\u0161ati ovako&#8221;.<\/p>\n\n\n\n<p>On je &#8220;te\u0161kom&#8221; nazvao svoju odluku o napadu na Ukrajinu, \u0161to on formalno naziva &#8220;specijalnom vojnom operacijom&#8221;.<\/p>\n\n\n\n<p>Izjavu je dao na sastanku sa \u017eenama koje rade kao \u010dlanice posada u ruskim aviokompanijama, a tijekom tog susreta postavljeno mu je pitanje o ciljevima operacije u Ukrajini.<\/p>\n\n\n\n<p>&#8211; To sam rekao na po\u010detku operacije i govorio i prije nego je ova odluka donesena. Te\u0161ka odluka, bez ikakve sumnje, rekao je Putin.<\/p>\n\n\n\n<p>Ustvrdio je i da postoji &#8220;mnogo raznih varijanti demilitarizacije Ukrajine&#8221;, da su one sve na pregovara\u010dkom stolu s Kijevom i da se nada pozitivnoj reakciji.<\/p>\n\n\n\n<p>&#8211; Rusija je odmah reagirala na poziv iz Kijeva na\u0161im vojnicima u vezi s Mariupoljom, otvorila je humanitarni koridor, ali oni ne pu\u0161taju ljude, rekao je Putin, optu\u017euju\u0107i ukrajinsku stranu za odgodu evakuacije.<\/p>\n\n\n\n<p>Zatim je izjavio da ruska vojska ima &#8220;dovoljno kapaciteta da izvr\u0161i sve zadatke po pitanju specijalne operacije u Ukrajini&#8221;.<\/p>\n\n\n\n<p>&#8211; Imamo dovoljno snage i sredstava da u\u010dinimo sve \u0161to smo sebi zadali, rekao je Putin i zaprijetio Ukrajini.<\/p>\n\n\n\n<p>&#8211; Ako se nastavi pona\u0161ati kako se pona\u0161a, u pitanje \u0107e do\u0107i i njezina dr\u017eavnost. Svi koji to ne \u017eele shvatiti, posebice rukovodstvo Kijeva, moraju shvatiti da, nastave li raditi to \u0161to rade, dovode u pitanje budu\u0107nost ukrajinske dr\u017eavnosti. Ako do toga do\u0111e, to \u0107e biti u potpunosti na njihovoj du\u0161i, naglasio je Putin.<\/p>\n\n\n\n<p>&#8211; U slu\u010daju da Ukrajina u\u0111e u NATO, dok god u toj zemlji traje gra\u0111anski rat, to \u0107e joj dati mogu\u0107nost i da napadne Krim, rekao je dalje Putin.<\/p>\n\n\n\n<p>&#8211; Sve se vi\u0161e govori o tome da \u0107e Ukrajinu primiti u NATO. Shva\u0107ate li vi do \u010dega to mo\u017ee dovesti? Ako oni nastave sa svojom vojnom operacijom u Donbasu, to zna\u010di da \u0107e napasti i Krim. I \u0161to \u0107emo onda? Boriti se protiv cijelog NATO-a? Jeste li svjesni posljedica? Mislim da su svi svjesni toga, upozorio je Putin.<\/p>\n\n\n\n<p>Nakon toga je izjavio da \u0107e ruska vojska &#8220;uskoro zavr\u0161iti sve zadatke po pitanju uni\u0161tenja vojne infrastrukture Ukrajine&#8221;, ali nije precizirao kada i ho\u0107e li se nakon toga ruske trupe eventualno povu\u0107i iz Ukrajine.<\/p>\n\n\n\n<p>&#8211; Banditi i neonacisti u Ukrajini ne \u0161tede ljude i pucaju \u010dak i na vlastite vojnike, izjavio je tako\u0111er.<\/p>\n\n\n\n<p>&#8211; Nacionalisti, ovi banderisti, neonacisti, ne mogu ih druga\u010dije nazvati, pucaju na svoje vojnike. Tamo, u gotovo svakoj jedinici, uvode ove nacionaliste, po nekoliko desetaka ljudi, i pona\u0161aju jako surovo, dodao je i optu\u017eio ukrajinske vlasti da u Harkovu dr\u017ee &#8220;oko 6.000 stranih studenata za taoce&#8221;.<\/p>\n\n\n\n<p>&#8211; Uzeli su strane dr\u017eavljane za taoce, u Harkovu je vi\u0161e od 6.000 mladih, studenata, gurnuto na \u017eeljezni\u010dku stanicu i dr\u017ee ih ve\u0107 tre\u0107i dan, rekao je Putin optu\u017euju\u0107i &#8220;ukrajinske nacionaliste&#8221; da civile uzimaju kao \u017eivi \u0161tit.<\/p>\n\n\n\n<p>Govore\u0107i o sankcijama koje Zapad uvodi protiv Rusije, rekao je da su one &#8220;jednako te\u0161ke kao i objava rata&#8221;. Govore\u0107i pak o ideji uspostavljanja zabrane leta nad Ukrajinom, ustvrdio je da \u0107e svaku dr\u017eavu, &#8220;bez obzira na \u010dlanstvo u bilo kojoj organizaciji&#8221;, smatrati sudionikom sukoba. O uvo\u0111enju izvanrednog stanja u Rusiji, ka\u017ee, ne razmi\u0161lja.<\/p>\n\n\n\n<p>Izvor:pogled.ba<\/p>\n","protected":false},"excerpt":{"rendered":"<p>Ruski predsjednik Vladimir Putin u subotu je najavio da \u0107e &#8220;svi zadaci uni\u0161tavanja vojne infrastrukture u Ukrajini uskoro biti zavr\u0161eni&#8221;, ali je istovremeno zapadne sankcije usporedio s objavom rata te je Ukrajini zaprijetio &#8220;gubitkom dr\u017eavnosti&#8221; ako se &#8220;nastavi pona\u0161ati ovako&#8221;. On je &#8220;te\u0161kom&#8221; nazvao svoju odluku o napadu na Ukrajinu, \u0161to on formalno naziva &#8220;specijalnom [&hellip;]<\/p>\n","protected":false},"author":2,"featured_media":116259,"comment_status":"closed","ping_status":"closed","sticky":false,"template":"","format":"standard","meta":{"h5ap_radio_sources":[],"footnotes":""},"categories":[1],"tags":[],"class_list":["post-118393","post","type-post","status-publish","format-standard","has-post-thumbnail","hentry","category-bihiregija"],"yoast_head":"<!-- This site is optimized with the Yoast SEO plugin v27.5 - https:\/\/yoast.com\/product\/yoast-seo-wordpress\/ -->\n<title>Oglasio se Putin: \u2018Sankcije su poput objave rata! Ali, svi zadaci uni\u0161tavanja vojne infrastrukture u Ukrajini uskoro \u0107e biti zavr\u0161eni\u2018 - RADIO LJUBU\u0160KI<\/title>\n<meta name=\"robots\" content=\"index, follow, max-snippet:-1, max-image-preview:large, max-video-preview:-1\" \/>\n<link rel=\"canonical\" href=\"https:\/\/radioljubuski.ba\/index.php\/2022\/03\/05\/oglasio-se-putin-sankcije-su-poput-objave-rata-ali-svi-zadaci-unistavanja-vojne-infrastrukture-u-ukrajini-uskoro-ce-biti-zavrseni\/\" \/>\n<meta property=\"og:locale\" content=\"hr_HR\" \/>\n<meta property=\"og:type\" content=\"article\" \/>\n<meta property=\"og:title\" content=\"Oglasio se Putin: \u2018Sankcije su poput objave rata! Ali, svi zadaci uni\u0161tavanja vojne infrastrukture u Ukrajini uskoro \u0107e biti zavr\u0161eni\u2018 - RADIO LJUBU\u0160KI\" \/>\n<meta property=\"og:description\" content=\"Ruski predsjednik Vladimir Putin u subotu je najavio da \u0107e &#8220;svi zadaci uni\u0161tavanja vojne infrastrukture u Ukrajini uskoro biti zavr\u0161eni&#8221;, ali je istovremeno zapadne sankcije usporedio s objavom rata te je Ukrajini zaprijetio &#8220;gubitkom dr\u017eavnosti&#8221; ako se &#8220;nastavi pona\u0161ati ovako&#8221;. On je &#8220;te\u0161kom&#8221; nazvao svoju odluku o napadu na Ukrajinu, \u0161to on formalno naziva &#8220;specijalnom [&hellip;]\" \/>\n<meta property=\"og:url\" content=\"https:\/\/radioljubuski.ba\/index.php\/2022\/03\/05\/oglasio-se-putin-sankcije-su-poput-objave-rata-ali-svi-zadaci-unistavanja-vojne-infrastrukture-u-ukrajini-uskoro-ce-biti-zavrseni\/\" \/>\n<meta property=\"og:site_name\" content=\"RADIO LJUBU\u0160KI\" \/>\n<meta property=\"article:publisher\" content=\"https:\/\/www.facebook.com\/Radiio-Ljubuski-1490835324566332\" \/>\n<meta property=\"article:published_time\" content=\"2022-03-05T19:49:05+00:00\" \/>\n<meta property=\"article:modified_time\" content=\"2022-03-05T19:49:06+00:00\" \/>\n<meta property=\"og:image\" content=\"https:\/\/radioljubuski.ba\/wp-content\/uploads\/2022\/02\/putin.jpg\" \/>\n\t<meta property=\"og:image:width\" content=\"1000\" \/>\n\t<meta property=\"og:image:height\" content=\"625\" \/>\n\t<meta property=\"og:image:type\" content=\"image\/jpeg\" \/>\n<meta name=\"author\" content=\"Radio Ljubu\u0161ki\" \/>\n<meta name=\"twitter:card\" content=\"summary_large_image\" \/>\n<meta name=\"twitter:creator\" content=\"@radioljubuski\" \/>\n<meta name=\"twitter:site\" content=\"@radioljubuski\" \/>\n<meta name=\"twitter:label1\" content=\"Napisao\/la\" \/>\n\t<meta name=\"twitter:data1\" content=\"Radio Ljubu\u0161ki\" \/>\n\t<meta name=\"twitter:label2\" content=\"Procijenjeno vrijeme \u010ditanja\" \/>\n\t<meta name=\"twitter:data2\" content=\"3 minute\" \/>\n<script type=\"application\/ld+json\" class=\"yoast-schema-graph\">{\"@context\":\"https:\\\/\\\/schema.org\",\"@graph\":[{\"@type\":\"Article\",\"@id\":\"https:\\\/\\\/radioljubuski.ba\\\/index.php\\\/2022\\\/03\\\/05\\\/oglasio-se-putin-sankcije-su-poput-objave-rata-ali-svi-zadaci-unistavanja-vojne-infrastrukture-u-ukrajini-uskoro-ce-biti-zavrseni\\\/#article\",\"isPartOf\":{\"@id\":\"https:\\\/\\\/radioljubuski.ba\\\/index.php\\\/2022\\\/03\\\/05\\\/oglasio-se-putin-sankcije-su-poput-objave-rata-ali-svi-zadaci-unistavanja-vojne-infrastrukture-u-ukrajini-uskoro-ce-biti-zavrseni\\\/\"},\"author\":{\"name\":\"Radio Ljubu\u0161ki\",\"@id\":\"https:\\\/\\\/radioljubuski.ba\\\/#\\\/schema\\\/person\\\/19fc700381a780f69665d7956c469e3b\"},\"headline\":\"Oglasio se Putin: \u2018Sankcije su poput objave rata! Ali, svi zadaci uni\u0161tavanja vojne infrastrukture u Ukrajini uskoro \u0107e biti zavr\u0161eni\u2018\",\"datePublished\":\"2022-03-05T19:49:05+00:00\",\"dateModified\":\"2022-03-05T19:49:06+00:00\",\"mainEntityOfPage\":{\"@id\":\"https:\\\/\\\/radioljubuski.ba\\\/index.php\\\/2022\\\/03\\\/05\\\/oglasio-se-putin-sankcije-su-poput-objave-rata-ali-svi-zadaci-unistavanja-vojne-infrastrukture-u-ukrajini-uskoro-ce-biti-zavrseni\\\/\"},\"wordCount\":613,\"publisher\":{\"@id\":\"https:\\\/\\\/radioljubuski.ba\\\/#organization\"},\"image\":{\"@id\":\"https:\\\/\\\/radioljubuski.ba\\\/index.php\\\/2022\\\/03\\\/05\\\/oglasio-se-putin-sankcije-su-poput-objave-rata-ali-svi-zadaci-unistavanja-vojne-infrastrukture-u-ukrajini-uskoro-ce-biti-zavrseni\\\/#primaryimage\"},\"thumbnailUrl\":\"https:\\\/\\\/radioljubuski.ba\\\/wp-content\\\/uploads\\\/2022\\\/02\\\/putin.jpg\",\"articleSection\":[\"BIH i regija\"],\"inLanguage\":\"hr\"},{\"@type\":\"WebPage\",\"@id\":\"https:\\\/\\\/radioljubuski.ba\\\/index.php\\\/2022\\\/03\\\/05\\\/oglasio-se-putin-sankcije-su-poput-objave-rata-ali-svi-zadaci-unistavanja-vojne-infrastrukture-u-ukrajini-uskoro-ce-biti-zavrseni\\\/\",\"url\":\"https:\\\/\\\/radioljubuski.ba\\\/index.php\\\/2022\\\/03\\\/05\\\/oglasio-se-putin-sankcije-su-poput-objave-rata-ali-svi-zadaci-unistavanja-vojne-infrastrukture-u-ukrajini-uskoro-ce-biti-zavrseni\\\/\",\"name\":\"Oglasio se Putin: \u2018Sankcije su poput objave rata! Ali, svi zadaci uni\u0161tavanja vojne infrastrukture u Ukrajini uskoro \u0107e biti zavr\u0161eni\u2018 - RADIO LJUBU\u0160KI\",\"isPartOf\":{\"@id\":\"https:\\\/\\\/radioljubuski.ba\\\/#website\"},\"primaryImageOfPage\":{\"@id\":\"https:\\\/\\\/radioljubuski.ba\\\/index.php\\\/2022\\\/03\\\/05\\\/oglasio-se-putin-sankcije-su-poput-objave-rata-ali-svi-zadaci-unistavanja-vojne-infrastrukture-u-ukrajini-uskoro-ce-biti-zavrseni\\\/#primaryimage\"},\"image\":{\"@id\":\"https:\\\/\\\/radioljubuski.ba\\\/index.php\\\/2022\\\/03\\\/05\\\/oglasio-se-putin-sankcije-su-poput-objave-rata-ali-svi-zadaci-unistavanja-vojne-infrastrukture-u-ukrajini-uskoro-ce-biti-zavrseni\\\/#primaryimage\"},\"thumbnailUrl\":\"https:\\\/\\\/radioljubuski.ba\\\/wp-content\\\/uploads\\\/2022\\\/02\\\/putin.jpg\",\"datePublished\":\"2022-03-05T19:49:05+00:00\",\"dateModified\":\"2022-03-05T19:49:06+00:00\",\"breadcrumb\":{\"@id\":\"https:\\\/\\\/radioljubuski.ba\\\/index.php\\\/2022\\\/03\\\/05\\\/oglasio-se-putin-sankcije-su-poput-objave-rata-ali-svi-zadaci-unistavanja-vojne-infrastrukture-u-ukrajini-uskoro-ce-biti-zavrseni\\\/#breadcrumb\"},\"inLanguage\":\"hr\",\"potentialAction\":[{\"@type\":\"ReadAction\",\"target\":[\"https:\\\/\\\/radioljubuski.ba\\\/index.php\\\/2022\\\/03\\\/05\\\/oglasio-se-putin-sankcije-su-poput-objave-rata-ali-svi-zadaci-unistavanja-vojne-infrastrukture-u-ukrajini-uskoro-ce-biti-zavrseni\\\/\"]}]},{\"@type\":\"ImageObject\",\"inLanguage\":\"hr\",\"@id\":\"https:\\\/\\\/radioljubuski.ba\\\/index.php\\\/2022\\\/03\\\/05\\\/oglasio-se-putin-sankcije-su-poput-objave-rata-ali-svi-zadaci-unistavanja-vojne-infrastrukture-u-ukrajini-uskoro-ce-biti-zavrseni\\\/#primaryimage\",\"url\":\"https:\\\/\\\/radioljubuski.ba\\\/wp-content\\\/uploads\\\/2022\\\/02\\\/putin.jpg\",\"contentUrl\":\"https:\\\/\\\/radioljubuski.ba\\\/wp-content\\\/uploads\\\/2022\\\/02\\\/putin.jpg\",\"width\":1000,\"height\":625},{\"@type\":\"BreadcrumbList\",\"@id\":\"https:\\\/\\\/radioljubuski.ba\\\/index.php\\\/2022\\\/03\\\/05\\\/oglasio-se-putin-sankcije-su-poput-objave-rata-ali-svi-zadaci-unistavanja-vojne-infrastrukture-u-ukrajini-uskoro-ce-biti-zavrseni\\\/#breadcrumb\",\"itemListElement\":[{\"@type\":\"ListItem\",\"position\":1,\"name\":\"Po\u010detna stranica\",\"item\":\"https:\\\/\\\/radioljubuski.ba\\\/\"},{\"@type\":\"ListItem\",\"position\":2,\"name\":\"Oglasio se Putin: \u2018Sankcije su poput objave rata! Ali, svi zadaci uni\u0161tavanja vojne infrastrukture u Ukrajini uskoro \u0107e biti zavr\u0161eni\u2018\"}]},{\"@type\":\"WebSite\",\"@id\":\"https:\\\/\\\/radioljubuski.ba\\\/#website\",\"url\":\"https:\\\/\\\/radioljubuski.ba\\\/\",\"name\":\"Radio Ljubu\u0161ki\",\"description\":\"Sun\u010dana frekvencija Hercegovine\",\"publisher\":{\"@id\":\"https:\\\/\\\/radioljubuski.ba\\\/#organization\"},\"potentialAction\":[{\"@type\":\"SearchAction\",\"target\":{\"@type\":\"EntryPoint\",\"urlTemplate\":\"https:\\\/\\\/radioljubuski.ba\\\/?s={search_term_string}\"},\"query-input\":{\"@type\":\"PropertyValueSpecification\",\"valueRequired\":true,\"valueName\":\"search_term_string\"}}],\"inLanguage\":\"hr\"},{\"@type\":\"Organization\",\"@id\":\"https:\\\/\\\/radioljubuski.ba\\\/#organization\",\"name\":\"Radio Ljubu\u0161ki\",\"url\":\"https:\\\/\\\/radioljubuski.ba\\\/\",\"logo\":{\"@type\":\"ImageObject\",\"inLanguage\":\"hr\",\"@id\":\"https:\\\/\\\/radioljubuski.ba\\\/#\\\/schema\\\/logo\\\/image\\\/\",\"url\":\"https:\\\/\\\/radioljubuski.ba\\\/wp-content\\\/uploads\\\/2021\\\/02\\\/cropped-Radio_Ljubuski_logo1.jpg\",\"contentUrl\":\"https:\\\/\\\/radioljubuski.ba\\\/wp-content\\\/uploads\\\/2021\\\/02\\\/cropped-Radio_Ljubuski_logo1.jpg\",\"width\":512,\"height\":512,\"caption\":\"Radio Ljubu\u0161ki\"},\"image\":{\"@id\":\"https:\\\/\\\/radioljubuski.ba\\\/#\\\/schema\\\/logo\\\/image\\\/\"},\"sameAs\":[\"https:\\\/\\\/www.facebook.com\\\/Radiio-Ljubuski-1490835324566332\",\"https:\\\/\\\/x.com\\\/radioljubuski\",\"https:\\\/\\\/hr.linkedin.com\\\/company\\\/radio-ljubuski\",\"https:\\\/\\\/www.youtube.com\\\/channel\\\/UCHYaeO_n0Db3tjNGudGpXyw\"]},{\"@type\":\"Person\",\"@id\":\"https:\\\/\\\/radioljubuski.ba\\\/#\\\/schema\\\/person\\\/19fc700381a780f69665d7956c469e3b\",\"name\":\"Radio Ljubu\u0161ki\"}]}<\/script>\n<!-- \/ Yoast SEO plugin. -->","yoast_head_json":{"title":"Oglasio se Putin: \u2018Sankcije su poput objave rata! Ali, svi zadaci uni\u0161tavanja vojne infrastrukture u Ukrajini uskoro \u0107e biti zavr\u0161eni\u2018 - RADIO LJUBU\u0160KI","robots":{"index":"index","follow":"follow","max-snippet":"max-snippet:-1","max-image-preview":"max-image-preview:large","max-video-preview":"max-video-preview:-1"},"canonical":"https:\/\/radioljubuski.ba\/index.php\/2022\/03\/05\/oglasio-se-putin-sankcije-su-poput-objave-rata-ali-svi-zadaci-unistavanja-vojne-infrastrukture-u-ukrajini-uskoro-ce-biti-zavrseni\/","og_locale":"hr_HR","og_type":"article","og_title":"Oglasio se Putin: \u2018Sankcije su poput objave rata! Ali, svi zadaci uni\u0161tavanja vojne infrastrukture u Ukrajini uskoro \u0107e biti zavr\u0161eni\u2018 - RADIO LJUBU\u0160KI","og_description":"Ruski predsjednik Vladimir Putin u subotu je najavio da \u0107e &#8220;svi zadaci uni\u0161tavanja vojne infrastrukture u Ukrajini uskoro biti zavr\u0161eni&#8221;, ali je istovremeno zapadne sankcije usporedio s objavom rata te je Ukrajini zaprijetio &#8220;gubitkom dr\u017eavnosti&#8221; ako se &#8220;nastavi pona\u0161ati ovako&#8221;. On je &#8220;te\u0161kom&#8221; nazvao svoju odluku o napadu na Ukrajinu, \u0161to on formalno naziva &#8220;specijalnom [&hellip;]","og_url":"https:\/\/radioljubuski.ba\/index.php\/2022\/03\/05\/oglasio-se-putin-sankcije-su-poput-objave-rata-ali-svi-zadaci-unistavanja-vojne-infrastrukture-u-ukrajini-uskoro-ce-biti-zavrseni\/","og_site_name":"RADIO LJUBU\u0160KI","article_publisher":"https:\/\/www.facebook.com\/Radiio-Ljubuski-1490835324566332","article_published_time":"2022-03-05T19:49:05+00:00","article_modified_time":"2022-03-05T19:49:06+00:00","og_image":[{"width":1000,"height":625,"url":"https:\/\/radioljubuski.ba\/wp-content\/uploads\/2022\/02\/putin.jpg","type":"image\/jpeg"}],"author":"Radio Ljubu\u0161ki","twitter_card":"summary_large_image","twitter_creator":"@radioljubuski","twitter_site":"@radioljubuski","twitter_misc":{"Napisao\/la":"Radio Ljubu\u0161ki","Procijenjeno vrijeme \u010ditanja":"3 minute"},"schema":{"@context":"https:\/\/schema.org","@graph":[{"@type":"Article","@id":"https:\/\/radioljubuski.ba\/index.php\/2022\/03\/05\/oglasio-se-putin-sankcije-su-poput-objave-rata-ali-svi-zadaci-unistavanja-vojne-infrastrukture-u-ukrajini-uskoro-ce-biti-zavrseni\/#article","isPartOf":{"@id":"https:\/\/radioljubuski.ba\/index.php\/2022\/03\/05\/oglasio-se-putin-sankcije-su-poput-objave-rata-ali-svi-zadaci-unistavanja-vojne-infrastrukture-u-ukrajini-uskoro-ce-biti-zavrseni\/"},"author":{"name":"Radio Ljubu\u0161ki","@id":"https:\/\/radioljubuski.ba\/#\/schema\/person\/19fc700381a780f69665d7956c469e3b"},"headline":"Oglasio se Putin: \u2018Sankcije su poput objave rata! Ali, svi zadaci uni\u0161tavanja vojne infrastrukture u Ukrajini uskoro \u0107e biti zavr\u0161eni\u2018","datePublished":"2022-03-05T19:49:05+00:00","dateModified":"2022-03-05T19:49:06+00:00","mainEntityOfPage":{"@id":"https:\/\/radioljubuski.ba\/index.php\/2022\/03\/05\/oglasio-se-putin-sankcije-su-poput-objave-rata-ali-svi-zadaci-unistavanja-vojne-infrastrukture-u-ukrajini-uskoro-ce-biti-zavrseni\/"},"wordCount":613,"publisher":{"@id":"https:\/\/radioljubuski.ba\/#organization"},"image":{"@id":"https:\/\/radioljubuski.ba\/index.php\/2022\/03\/05\/oglasio-se-putin-sankcije-su-poput-objave-rata-ali-svi-zadaci-unistavanja-vojne-infrastrukture-u-ukrajini-uskoro-ce-biti-zavrseni\/#primaryimage"},"thumbnailUrl":"https:\/\/radioljubuski.ba\/wp-content\/uploads\/2022\/02\/putin.jpg","articleSection":["BIH i regija"],"inLanguage":"hr"},{"@type":"WebPage","@id":"https:\/\/radioljubuski.ba\/index.php\/2022\/03\/05\/oglasio-se-putin-sankcije-su-poput-objave-rata-ali-svi-zadaci-unistavanja-vojne-infrastrukture-u-ukrajini-uskoro-ce-biti-zavrseni\/","url":"https:\/\/radioljubuski.ba\/index.php\/2022\/03\/05\/oglasio-se-putin-sankcije-su-poput-objave-rata-ali-svi-zadaci-unistavanja-vojne-infrastrukture-u-ukrajini-uskoro-ce-biti-zavrseni\/","name":"Oglasio se Putin: \u2018Sankcije su poput objave rata! Ali, svi zadaci uni\u0161tavanja vojne infrastrukture u Ukrajini uskoro \u0107e biti zavr\u0161eni\u2018 - RADIO LJUBU\u0160KI","isPartOf":{"@id":"https:\/\/radioljubuski.ba\/#website"},"primaryImageOfPage":{"@id":"https:\/\/radioljubuski.ba\/index.php\/2022\/03\/05\/oglasio-se-putin-sankcije-su-poput-objave-rata-ali-svi-zadaci-unistavanja-vojne-infrastrukture-u-ukrajini-uskoro-ce-biti-zavrseni\/#primaryimage"},"image":{"@id":"https:\/\/radioljubuski.ba\/index.php\/2022\/03\/05\/oglasio-se-putin-sankcije-su-poput-objave-rata-ali-svi-zadaci-unistavanja-vojne-infrastrukture-u-ukrajini-uskoro-ce-biti-zavrseni\/#primaryimage"},"thumbnailUrl":"https:\/\/radioljubuski.ba\/wp-content\/uploads\/2022\/02\/putin.jpg","datePublished":"2022-03-05T19:49:05+00:00","dateModified":"2022-03-05T19:49:06+00:00","breadcrumb":{"@id":"https:\/\/radioljubuski.ba\/index.php\/2022\/03\/05\/oglasio-se-putin-sankcije-su-poput-objave-rata-ali-svi-zadaci-unistavanja-vojne-infrastrukture-u-ukrajini-uskoro-ce-biti-zavrseni\/#breadcrumb"},"inLanguage":"hr","potentialAction":[{"@type":"ReadAction","target":["https:\/\/radioljubuski.ba\/index.php\/2022\/03\/05\/oglasio-se-putin-sankcije-su-poput-objave-rata-ali-svi-zadaci-unistavanja-vojne-infrastrukture-u-ukrajini-uskoro-ce-biti-zavrseni\/"]}]},{"@type":"ImageObject","inLanguage":"hr","@id":"https:\/\/radioljubuski.ba\/index.php\/2022\/03\/05\/oglasio-se-putin-sankcije-su-poput-objave-rata-ali-svi-zadaci-unistavanja-vojne-infrastrukture-u-ukrajini-uskoro-ce-biti-zavrseni\/#primaryimage","url":"https:\/\/radioljubuski.ba\/wp-content\/uploads\/2022\/02\/putin.jpg","contentUrl":"https:\/\/radioljubuski.ba\/wp-content\/uploads\/2022\/02\/putin.jpg","width":1000,"height":625},{"@type":"BreadcrumbList","@id":"https:\/\/radioljubuski.ba\/index.php\/2022\/03\/05\/oglasio-se-putin-sankcije-su-poput-objave-rata-ali-svi-zadaci-unistavanja-vojne-infrastrukture-u-ukrajini-uskoro-ce-biti-zavrseni\/#breadcrumb","itemListElement":[{"@type":"ListItem","position":1,"name":"Po\u010detna stranica","item":"https:\/\/radioljubuski.ba\/"},{"@type":"ListItem","position":2,"name":"Oglasio se Putin: \u2018Sankcije su poput objave rata! Ali, svi zadaci uni\u0161tavanja vojne infrastrukture u Ukrajini uskoro \u0107e biti zavr\u0161eni\u2018"}]},{"@type":"WebSite","@id":"https:\/\/radioljubuski.ba\/#website","url":"https:\/\/radioljubuski.ba\/","name":"Radio Ljubu\u0161ki","description":"Sun\u010dana frekvencija Hercegovine","publisher":{"@id":"https:\/\/radioljubuski.ba\/#organization"},"potentialAction":[{"@type":"SearchAction","target":{"@type":"EntryPoint","urlTemplate":"https:\/\/radioljubuski.ba\/?s={search_term_string}"},"query-input":{"@type":"PropertyValueSpecification","valueRequired":true,"valueName":"search_term_string"}}],"inLanguage":"hr"},{"@type":"Organization","@id":"https:\/\/radioljubuski.ba\/#organization","name":"Radio Ljubu\u0161ki","url":"https:\/\/radioljubuski.ba\/","logo":{"@type":"ImageObject","inLanguage":"hr","@id":"https:\/\/radioljubuski.ba\/#\/schema\/logo\/image\/","url":"https:\/\/radioljubuski.ba\/wp-content\/uploads\/2021\/02\/cropped-Radio_Ljubuski_logo1.jpg","contentUrl":"https:\/\/radioljubuski.ba\/wp-content\/uploads\/2021\/02\/cropped-Radio_Ljubuski_logo1.jpg","width":512,"height":512,"caption":"Radio Ljubu\u0161ki"},"image":{"@id":"https:\/\/radioljubuski.ba\/#\/schema\/logo\/image\/"},"sameAs":["https:\/\/www.facebook.com\/Radiio-Ljubuski-1490835324566332","https:\/\/x.com\/radioljubuski","https:\/\/hr.linkedin.com\/company\/radio-ljubuski","https:\/\/www.youtube.com\/channel\/UCHYaeO_n0Db3tjNGudGpXyw"]},{"@type":"Person","@id":"https:\/\/radioljubuski.ba\/#\/schema\/person\/19fc700381a780f69665d7956c469e3b","name":"Radio Ljubu\u0161ki"}]}},"_links":{"self":[{"href":"https:\/\/radioljubuski.ba\/index.php\/wp-json\/wp\/v2\/posts\/118393","targetHints":{"allow":["GET"]}}],"collection":[{"href":"https:\/\/radioljubuski.ba\/index.php\/wp-json\/wp\/v2\/posts"}],"about":[{"href":"https:\/\/radioljubuski.ba\/index.php\/wp-json\/wp\/v2\/types\/post"}],"author":[{"embeddable":true,"href":"https:\/\/radioljubuski.ba\/index.php\/wp-json\/wp\/v2\/users\/2"}],"replies":[{"embeddable":true,"href":"https:\/\/radioljubuski.ba\/index.php\/wp-json\/wp\/v2\/comments?post=118393"}],"version-history":[{"count":1,"href":"https:\/\/radioljubuski.ba\/index.php\/wp-json\/wp\/v2\/posts\/118393\/revisions"}],"predecessor-version":[{"id":118394,"href":"https:\/\/radioljubuski.ba\/index.php\/wp-json\/wp\/v2\/posts\/118393\/revisions\/118394"}],"wp:featuredmedia":[{"embeddable":true,"href":"https:\/\/radioljubuski.ba\/index.php\/wp-json\/wp\/v2\/media\/116259"}],"wp:attachment":[{"href":"https:\/\/radioljubuski.ba\/index.php\/wp-json\/wp\/v2\/media?parent=118393"}],"wp:term":[{"taxonomy":"category","embeddable":true,"href":"https:\/\/radioljubuski.ba\/index.php\/wp-json\/wp\/v2\/categories?post=118393"},{"taxonomy":"post_tag","embeddable":true,"href":"https:\/\/radioljubuski.ba\/index.php\/wp-json\/wp\/v2\/tags?post=118393"}],"curies":[{"name":"wp","href":"https:\/\/api.w.org\/{rel}","templated":true}]}}